{"id":133348,"date":"2022-04-17T18:29:56","date_gmt":"2022-04-17T17:29:56","guid":{"rendered":"https:\/\/radioljubuski.ba\/?p=133348"},"modified":"2022-04-17T18:29:57","modified_gmt":"2022-04-17T17:29:57","slug":"fra-ante-maric-mir-je-konacna-poruka-uskrsa-video","status":"publish","type":"post","link":"https:\/\/radioljubuski.ba\/index.php\/2022\/04\/17\/fra-ante-maric-mir-je-konacna-poruka-uskrsa-video\/","title":{"rendered":"Fra Ante Mari\u0107: Mir je kona\u010dna poruka Uskrsa &#8211; video"},"content":{"rendered":"\n<p>Mir je kona\u010dna poruka Uskrsa, najve\u0107eg blagdana kod kr\u0161\u0107ana \u2013 poru\u010dio je fra Ante Mari\u0107, sve\u0107enik iz Mostara te istaknuo kako je \u010dovje\u010danstvo uvijek u raskoraku izme\u0111u rije\u010di i djela, izme\u0111u onoga \u0161to \u017eeli i onoga \u0161to stvarno u\u010dini.<\/p>\n\n\n\n<p>&#8211; Mir vama. To ne zna\u010di samo trenutni mir, nego mir u du\u0161i, mir u \u017eivotu, mir kao spas \u010dovje\u010danstva \u2013 istaknuo je on u izjavi za Fenu.<\/p>\n\n\n\n<p>Govore\u0107i o porukama Uskrsa naveo je jednu za koju smatra kako upravo nju \u010desto previdimo, poruku o \u017eenama koje su u Isusovo vrijeme bile bezna\u010dajne i bez ikakvih prava.<\/p>\n\n\n\n<p>&#8211; Ali, kako ka\u017ee evan\u0111elist Ivan, Marija Magdalena je rekla da je Isus uskrsnuo. Dakle, Isus daje \u010dast \u017eeni da ona prva prenese radost njegovog uskrsnu\u0107a. Kao da je, u obi\u010dajima svoga vremena, \u017eelio govoriti o ravnopravnosti koja najprije mora djelovati me\u0111u spolovima &#8211; poru\u010dio je on.<\/p>\n\n\n\n<p>\u017divot je pobijedio smrt, to je tako\u0111er, kako navodi fra Ante, jedna od poruka ovoga blagdana.<\/p>\n\n\n\n<p>&#8211; Isus je uskrsnuo. On je svojim u\u010denicima pokazao svoje rane. On je tjelesan, a u isto vrijeme ne podla\u017ee zakonima materije. Prolazi kroz zatvorena vrata i ukazuje se 40 dana do Uza\u0161a\u0161\u0107a \u2013 objasnio je on.<\/p>\n\n\n\n<p>U kontekstu dana\u0161njeg vremena, fra Ante smatra kako je \u010dovje\u010danstvo uvijek u raskoraku izme\u0111u rije\u010di i djela, izme\u0111u onoga \u0161to \u017eeli i onoga \u0161to stvarno u\u010dini.<\/p>\n\n\n\n<p>&#8211; Ako \u0107emo gledati dana\u0161nji trenutak \u010dovje\u010danstva, mo\u017eemo slobodno re\u0107i da je krst na krst udario. U tom Uskrsu, kada gledamo invaziju na Ukrajinu i sve \u0161to se oko nas doga\u0111a, Isus uvijek i iznova, svakoga prolje\u0107a kada se budi novi \u017eivot, ka\u017ee: &#8216;Budimo dobri&#8217; \u2013 poru\u010dio je fra Ante.<\/p>\n\n\n\n<p>Veliki tjedan<\/p>\n\n\n\n<p>Iza katolika je Veliki tjedan, tjedan pripreme za Uskrs. Po\u010deo je Cvjetnicom ili Nedjeljom Muke Gospodnje, a na Veliki \u010detvrtak odr\u017eavale su se mise posvete ulja na kojoj se blagoslivljalo ulje za svetu potvrdu, bolesni\u010dko pomazanje i katekumene.<\/p>\n\n\n\n<p>Fra Ante ka\u017ee kako je Veliki \u010detvrtak bio dan priprave za Pashu kod \u017didova.<\/p>\n\n\n\n<p>&#8211; Isus je rekao svojim u\u010denicima da pripreme dvoranu u kojoj \u0107e proslaviti Pashu, da pripreme jelo i pi\u0107e jer se to\u010dno znalo da se jede gorko zelje, beskvasni kruhovi, janje, vino, za\u010dini i sli\u010dno. Do\u0161ao je trenutak sve\u010dane ve\u010dere na kojoj je Isus kazao: &#8216;Jedan \u0107e me od vas izdati&#8217;. Judi je tada rekao: &#8216;Juda, ono \u0161to \u010dini\u0161, \u010dini brzo&#8217;. Ostali nisu shvatili. Budu\u0107i da je on bio blagajnik, mislili su da treba ne\u0161to brzo nabaviti sirotinji. Juda je iza\u0161ao, a jedna re\u010denica u Evan\u0111elju opisuje taj doga\u0111aj: &#8216;Juda iza\u0111e, bila je no\u0107.&#8217; Juda je oti\u0161ao u no\u0107 i iz te no\u0107i nije iza\u0161ao \u2013 objasnio je on.<\/p>\n\n\n\n<p>Dodaje kako je tada stajao Isus koji se zapravo boji smrti i koji moli Oca da ga zaobi\u0111e ova sudbina.<\/p>\n\n\n\n<p>&#8211; To je toliko ljudski. Toliko puta \u0107emo u svom vlastitom \u017eivotu na\u0107i utjehu u ovom doga\u0111aju iz Isusovog \u017eivota \u2013 smatra on.<\/p>\n\n\n\n<p>Fra Ante ka\u017ee kako je na Veliki petak zasjedao Sinedrij koji nema zakonsku ovlast ubiti Isusa.<\/p>\n\n\n\n<p>&#8211; Zato ga predaju Pilatu, jer su oni okupirani od Rimljana. Pilat je shvatio da je na Pashu do\u0161ao Herod iz Galileje kojemu \u0161alje Isusa, a ovaj ga ponovno vra\u0107a Pilatu. Isus samo \u0161uti. Pilat, oportunisti\u010dki, kako bi se dodvorio svjetini koja urla, daje Isusa bi\u010devati i ubiti \u2013 podsjetio je.<\/p>\n\n\n\n<p>Naglasio je kako se na Veliki petak ne slu\u017ee svete mise, nego samo obredi te da se tada slavi ljubljenje kri\u017ea, pjevanje muke i sveta pri\u010dest.<\/p>\n\n\n\n<p>Govore\u0107i o Velikoj suboti, fra Ante je kazao kako je taj dan bio miran, ali pun napetosti, kao da ljudi ne\u0161to o\u010dekuju.<\/p>\n\n\n\n<p>&#8211; U subotu, stoga, sve miruje do nave\u010der kada po\u010dinju obredi Velike subote koji se prelijevaju u uskrsne obrede \u2013 zaklju\u010dio je on.<\/p>\n\n\n\n<p>Na kraju je svim ljudima koji slave \u010destitao Uskrs i poslao poruku: \u0161alom ili mir!<\/p>\n\n\n\n<iframe loading=\"lazy\" title=\"Fra Ante Mari\u0107: Mir je kona\u010dna poruka Uskrsa\" width=\"640\" height=\"360\" src=\"https:\/\/www.youtube.com\/embed\/gDBFZ3qiIcw?feature=oembed\" frameborder=\"0\" allow=\"accelerometer; autoplay; clipboard-write; encrypted-media; gyroscope; picture-in-picture; web-share\" referrerpolicy=\"strict-origin-when-cross-origin\" allowfullscreen><\/iframe>\n\n\n\n<p>Izvor:pogled.ba<\/p>\n","protected":false},"excerpt":{"rendered":"<p>Mir je kona\u010dna poruka Uskrsa, najve\u0107eg blagdana kod kr\u0161\u0107ana \u2013 poru\u010dio je fra Ante Mari\u0107, sve\u0107enik iz Mostara te istaknuo kako je \u010dovje\u010danstvo uvijek u raskoraku izme\u0111u rije\u010di i djela, izme\u0111u onoga \u0161to \u017eeli i onoga \u0161to stvarno u\u010dini. &#8211; Mir vama. To ne zna\u010di samo trenutni mir, nego mir u du\u0161i, mir u \u017eivotu, [&hellip;]<\/p>\n","protected":false},"author":2,"featured_media":133349,"comment_status":"closed","ping_status":"closed","sticky":false,"template":"","format":"standard","meta":{"h5ap_radio_sources":[],"footnotes":""},"categories":[1],"tags":[],"class_list":["post-133348","post","type-post","status-publish","format-standard","has-post-thumbnail","hentry","category-bihiregija"],"yoast_head":"<!-- This site is optimized with the Yoast SEO plugin v27.5 - https:\/\/yoast.com\/product\/yoast-seo-wordpress\/ -->\n<title>Fra Ante Mari\u0107: Mir je kona\u010dna poruka Uskrsa - video - RADIO LJUBU\u0160KI<\/title>\n<meta name=\"robots\" content=\"index, follow, max-snippet:-1, max-image-preview:large, max-video-preview:-1\" \/>\n<link rel=\"canonical\" href=\"https:\/\/radioljubuski.ba\/index.php\/2022\/04\/17\/fra-ante-maric-mir-je-konacna-poruka-uskrsa-video\/\" \/>\n<meta property=\"og:locale\" content=\"hr_HR\" \/>\n<meta property=\"og:type\" content=\"article\" \/>\n<meta property=\"og:title\" content=\"Fra Ante Mari\u0107: Mir je kona\u010dna poruka Uskrsa - video - RADIO LJUBU\u0160KI\" \/>\n<meta property=\"og:description\" content=\"Mir je kona\u010dna poruka Uskrsa, najve\u0107eg blagdana kod kr\u0161\u0107ana \u2013 poru\u010dio je fra Ante Mari\u0107, sve\u0107enik iz Mostara te istaknuo kako je \u010dovje\u010danstvo uvijek u raskoraku izme\u0111u rije\u010di i djela, izme\u0111u onoga \u0161to \u017eeli i onoga \u0161to stvarno u\u010dini. &#8211; Mir vama. To ne zna\u010di samo trenutni mir, nego mir u du\u0161i, mir u \u017eivotu, [&hellip;]\" \/>\n<meta property=\"og:url\" content=\"https:\/\/radioljubuski.ba\/index.php\/2022\/04\/17\/fra-ante-maric-mir-je-konacna-poruka-uskrsa-video\/\" \/>\n<meta property=\"og:site_name\" content=\"RADIO LJUBU\u0160KI\" \/>\n<meta property=\"article:publisher\" content=\"https:\/\/www.facebook.com\/Radiio-Ljubuski-1490835324566332\" \/>\n<meta property=\"article:published_time\" content=\"2022-04-17T17:29:56+00:00\" \/>\n<meta property=\"article:modified_time\" content=\"2022-04-17T17:29:57+00:00\" \/>\n<meta property=\"og:image\" content=\"https:\/\/radioljubuski.ba\/wp-content\/uploads\/2022\/04\/2-2022-04-17-09-18-06-maric.jpg\" \/>\n\t<meta property=\"og:image:width\" content=\"1000\" \/>\n\t<meta property=\"og:image:height\" content=\"625\" \/>\n\t<meta property=\"og:image:type\" content=\"image\/jpeg\" \/>\n<meta name=\"author\" content=\"Radio Ljubu\u0161ki\" \/>\n<meta name=\"twitter:card\" content=\"summary_large_image\" \/>\n<meta name=\"twitter:creator\" content=\"@radioljubuski\" \/>\n<meta name=\"twitter:site\" content=\"@radioljubuski\" \/>\n<meta name=\"twitter:label1\" content=\"Napisao\/la\" \/>\n\t<meta name=\"twitter:data1\" content=\"Radio Ljubu\u0161ki\" \/>\n\t<meta name=\"twitter:label2\" content=\"Procijenjeno vrijeme \u010ditanja\" \/>\n\t<meta name=\"twitter:data2\" content=\"3 minute\" \/>\n<script type=\"application\/ld+json\" class=\"yoast-schema-graph\">{\"@context\":\"https:\\\/\\\/schema.org\",\"@graph\":[{\"@type\":\"Article\",\"@id\":\"https:\\\/\\\/radioljubuski.ba\\\/index.php\\\/2022\\\/04\\\/17\\\/fra-ante-maric-mir-je-konacna-poruka-uskrsa-video\\\/#article\",\"isPartOf\":{\"@id\":\"https:\\\/\\\/radioljubuski.ba\\\/index.php\\\/2022\\\/04\\\/17\\\/fra-ante-maric-mir-je-konacna-poruka-uskrsa-video\\\/\"},\"author\":{\"name\":\"Radio Ljubu\u0161ki\",\"@id\":\"https:\\\/\\\/radioljubuski.ba\\\/#\\\/schema\\\/person\\\/19fc700381a780f69665d7956c469e3b\"},\"headline\":\"Fra Ante Mari\u0107: Mir je kona\u010dna poruka Uskrsa &#8211; video\",\"datePublished\":\"2022-04-17T17:29:56+00:00\",\"dateModified\":\"2022-04-17T17:29:57+00:00\",\"mainEntityOfPage\":{\"@id\":\"https:\\\/\\\/radioljubuski.ba\\\/index.php\\\/2022\\\/04\\\/17\\\/fra-ante-maric-mir-je-konacna-poruka-uskrsa-video\\\/\"},\"wordCount\":723,\"publisher\":{\"@id\":\"https:\\\/\\\/radioljubuski.ba\\\/#organization\"},\"image\":{\"@id\":\"https:\\\/\\\/radioljubuski.ba\\\/index.php\\\/2022\\\/04\\\/17\\\/fra-ante-maric-mir-je-konacna-poruka-uskrsa-video\\\/#primaryimage\"},\"thumbnailUrl\":\"https:\\\/\\\/radioljubuski.ba\\\/wp-content\\\/uploads\\\/2022\\\/04\\\/2-2022-04-17-09-18-06-maric.jpg\",\"articleSection\":[\"BIH i regija\"],\"inLanguage\":\"hr\"},{\"@type\":\"WebPage\",\"@id\":\"https:\\\/\\\/radioljubuski.ba\\\/index.php\\\/2022\\\/04\\\/17\\\/fra-ante-maric-mir-je-konacna-poruka-uskrsa-video\\\/\",\"url\":\"https:\\\/\\\/radioljubuski.ba\\\/index.php\\\/2022\\\/04\\\/17\\\/fra-ante-maric-mir-je-konacna-poruka-uskrsa-video\\\/\",\"name\":\"Fra Ante Mari\u0107: Mir je kona\u010dna poruka Uskrsa - video - RADIO LJUBU\u0160KI\",\"isPartOf\":{\"@id\":\"https:\\\/\\\/radioljubuski.ba\\\/#website\"},\"primaryImageOfPage\":{\"@id\":\"https:\\\/\\\/radioljubuski.ba\\\/index.php\\\/2022\\\/04\\\/17\\\/fra-ante-maric-mir-je-konacna-poruka-uskrsa-video\\\/#primaryimage\"},\"image\":{\"@id\":\"https:\\\/\\\/radioljubuski.ba\\\/index.php\\\/2022\\\/04\\\/17\\\/fra-ante-maric-mir-je-konacna-poruka-uskrsa-video\\\/#primaryimage\"},\"thumbnailUrl\":\"https:\\\/\\\/radioljubuski.ba\\\/wp-content\\\/uploads\\\/2022\\\/04\\\/2-2022-04-17-09-18-06-maric.jpg\",\"datePublished\":\"2022-04-17T17:29:56+00:00\",\"dateModified\":\"2022-04-17T17:29:57+00:00\",\"breadcrumb\":{\"@id\":\"https:\\\/\\\/radioljubuski.ba\\\/index.php\\\/2022\\\/04\\\/17\\\/fra-ante-maric-mir-je-konacna-poruka-uskrsa-video\\\/#breadcrumb\"},\"inLanguage\":\"hr\",\"potentialAction\":[{\"@type\":\"ReadAction\",\"target\":[\"https:\\\/\\\/radioljubuski.ba\\\/index.php\\\/2022\\\/04\\\/17\\\/fra-ante-maric-mir-je-konacna-poruka-uskrsa-video\\\/\"]}]},{\"@type\":\"ImageObject\",\"inLanguage\":\"hr\",\"@id\":\"https:\\\/\\\/radioljubuski.ba\\\/index.php\\\/2022\\\/04\\\/17\\\/fra-ante-maric-mir-je-konacna-poruka-uskrsa-video\\\/#primaryimage\",\"url\":\"https:\\\/\\\/radioljubuski.ba\\\/wp-content\\\/uploads\\\/2022\\\/04\\\/2-2022-04-17-09-18-06-maric.jpg\",\"contentUrl\":\"https:\\\/\\\/radioljubuski.ba\\\/wp-content\\\/uploads\\\/2022\\\/04\\\/2-2022-04-17-09-18-06-maric.jpg\",\"width\":1000,\"height\":625},{\"@type\":\"BreadcrumbList\",\"@id\":\"https:\\\/\\\/radioljubuski.ba\\\/index.php\\\/2022\\\/04\\\/17\\\/fra-ante-maric-mir-je-konacna-poruka-uskrsa-video\\\/#breadcrumb\",\"itemListElement\":[{\"@type\":\"ListItem\",\"position\":1,\"name\":\"Po\u010detna stranica\",\"item\":\"https:\\\/\\\/radioljubuski.ba\\\/\"},{\"@type\":\"ListItem\",\"position\":2,\"name\":\"Fra Ante Mari\u0107: Mir je kona\u010dna poruka Uskrsa &#8211; video\"}]},{\"@type\":\"WebSite\",\"@id\":\"https:\\\/\\\/radioljubuski.ba\\\/#website\",\"url\":\"https:\\\/\\\/radioljubuski.ba\\\/\",\"name\":\"Radio Ljubu\u0161ki\",\"description\":\"Sun\u010dana frekvencija Hercegovine\",\"publisher\":{\"@id\":\"https:\\\/\\\/radioljubuski.ba\\\/#organization\"},\"potentialAction\":[{\"@type\":\"SearchAction\",\"target\":{\"@type\":\"EntryPoint\",\"urlTemplate\":\"https:\\\/\\\/radioljubuski.ba\\\/?s={search_term_string}\"},\"query-input\":{\"@type\":\"PropertyValueSpecification\",\"valueRequired\":true,\"valueName\":\"search_term_string\"}}],\"inLanguage\":\"hr\"},{\"@type\":\"Organization\",\"@id\":\"https:\\\/\\\/radioljubuski.ba\\\/#organization\",\"name\":\"Radio Ljubu\u0161ki\",\"url\":\"https:\\\/\\\/radioljubuski.ba\\\/\",\"logo\":{\"@type\":\"ImageObject\",\"inLanguage\":\"hr\",\"@id\":\"https:\\\/\\\/radioljubuski.ba\\\/#\\\/schema\\\/logo\\\/image\\\/\",\"url\":\"https:\\\/\\\/radioljubuski.ba\\\/wp-content\\\/uploads\\\/2021\\\/02\\\/cropped-Radio_Ljubuski_logo1.jpg\",\"contentUrl\":\"https:\\\/\\\/radioljubuski.ba\\\/wp-content\\\/uploads\\\/2021\\\/02\\\/cropped-Radio_Ljubuski_logo1.jpg\",\"width\":512,\"height\":512,\"caption\":\"Radio Ljubu\u0161ki\"},\"image\":{\"@id\":\"https:\\\/\\\/radioljubuski.ba\\\/#\\\/schema\\\/logo\\\/image\\\/\"},\"sameAs\":[\"https:\\\/\\\/www.facebook.com\\\/Radiio-Ljubuski-1490835324566332\",\"https:\\\/\\\/x.com\\\/radioljubuski\",\"https:\\\/\\\/hr.linkedin.com\\\/company\\\/radio-ljubuski\",\"https:\\\/\\\/www.youtube.com\\\/channel\\\/UCHYaeO_n0Db3tjNGudGpXyw\"]},{\"@type\":\"Person\",\"@id\":\"https:\\\/\\\/radioljubuski.ba\\\/#\\\/schema\\\/person\\\/19fc700381a780f69665d7956c469e3b\",\"name\":\"Radio Ljubu\u0161ki\"}]}<\/script>\n<!-- \/ Yoast SEO plugin. -->","yoast_head_json":{"title":"Fra Ante Mari\u0107: Mir je kona\u010dna poruka Uskrsa - video - RADIO LJUBU\u0160KI","robots":{"index":"index","follow":"follow","max-snippet":"max-snippet:-1","max-image-preview":"max-image-preview:large","max-video-preview":"max-video-preview:-1"},"canonical":"https:\/\/radioljubuski.ba\/index.php\/2022\/04\/17\/fra-ante-maric-mir-je-konacna-poruka-uskrsa-video\/","og_locale":"hr_HR","og_type":"article","og_title":"Fra Ante Mari\u0107: Mir je kona\u010dna poruka Uskrsa - video - RADIO LJUBU\u0160KI","og_description":"Mir je kona\u010dna poruka Uskrsa, najve\u0107eg blagdana kod kr\u0161\u0107ana \u2013 poru\u010dio je fra Ante Mari\u0107, sve\u0107enik iz Mostara te istaknuo kako je \u010dovje\u010danstvo uvijek u raskoraku izme\u0111u rije\u010di i djela, izme\u0111u onoga \u0161to \u017eeli i onoga \u0161to stvarno u\u010dini. &#8211; Mir vama. To ne zna\u010di samo trenutni mir, nego mir u du\u0161i, mir u \u017eivotu, [&hellip;]","og_url":"https:\/\/radioljubuski.ba\/index.php\/2022\/04\/17\/fra-ante-maric-mir-je-konacna-poruka-uskrsa-video\/","og_site_name":"RADIO LJUBU\u0160KI","article_publisher":"https:\/\/www.facebook.com\/Radiio-Ljubuski-1490835324566332","article_published_time":"2022-04-17T17:29:56+00:00","article_modified_time":"2022-04-17T17:29:57+00:00","og_image":[{"width":1000,"height":625,"url":"https:\/\/radioljubuski.ba\/wp-content\/uploads\/2022\/04\/2-2022-04-17-09-18-06-maric.jpg","type":"image\/jpeg"}],"author":"Radio Ljubu\u0161ki","twitter_card":"summary_large_image","twitter_creator":"@radioljubuski","twitter_site":"@radioljubuski","twitter_misc":{"Napisao\/la":"Radio Ljubu\u0161ki","Procijenjeno vrijeme \u010ditanja":"3 minute"},"schema":{"@context":"https:\/\/schema.org","@graph":[{"@type":"Article","@id":"https:\/\/radioljubuski.ba\/index.php\/2022\/04\/17\/fra-ante-maric-mir-je-konacna-poruka-uskrsa-video\/#article","isPartOf":{"@id":"https:\/\/radioljubuski.ba\/index.php\/2022\/04\/17\/fra-ante-maric-mir-je-konacna-poruka-uskrsa-video\/"},"author":{"name":"Radio Ljubu\u0161ki","@id":"https:\/\/radioljubuski.ba\/#\/schema\/person\/19fc700381a780f69665d7956c469e3b"},"headline":"Fra Ante Mari\u0107: Mir je kona\u010dna poruka Uskrsa &#8211; video","datePublished":"2022-04-17T17:29:56+00:00","dateModified":"2022-04-17T17:29:57+00:00","mainEntityOfPage":{"@id":"https:\/\/radioljubuski.ba\/index.php\/2022\/04\/17\/fra-ante-maric-mir-je-konacna-poruka-uskrsa-video\/"},"wordCount":723,"publisher":{"@id":"https:\/\/radioljubuski.ba\/#organization"},"image":{"@id":"https:\/\/radioljubuski.ba\/index.php\/2022\/04\/17\/fra-ante-maric-mir-je-konacna-poruka-uskrsa-video\/#primaryimage"},"thumbnailUrl":"https:\/\/radioljubuski.ba\/wp-content\/uploads\/2022\/04\/2-2022-04-17-09-18-06-maric.jpg","articleSection":["BIH i regija"],"inLanguage":"hr"},{"@type":"WebPage","@id":"https:\/\/radioljubuski.ba\/index.php\/2022\/04\/17\/fra-ante-maric-mir-je-konacna-poruka-uskrsa-video\/","url":"https:\/\/radioljubuski.ba\/index.php\/2022\/04\/17\/fra-ante-maric-mir-je-konacna-poruka-uskrsa-video\/","name":"Fra Ante Mari\u0107: Mir je kona\u010dna poruka Uskrsa - video - RADIO LJUBU\u0160KI","isPartOf":{"@id":"https:\/\/radioljubuski.ba\/#website"},"primaryImageOfPage":{"@id":"https:\/\/radioljubuski.ba\/index.php\/2022\/04\/17\/fra-ante-maric-mir-je-konacna-poruka-uskrsa-video\/#primaryimage"},"image":{"@id":"https:\/\/radioljubuski.ba\/index.php\/2022\/04\/17\/fra-ante-maric-mir-je-konacna-poruka-uskrsa-video\/#primaryimage"},"thumbnailUrl":"https:\/\/radioljubuski.ba\/wp-content\/uploads\/2022\/04\/2-2022-04-17-09-18-06-maric.jpg","datePublished":"2022-04-17T17:29:56+00:00","dateModified":"2022-04-17T17:29:57+00:00","breadcrumb":{"@id":"https:\/\/radioljubuski.ba\/index.php\/2022\/04\/17\/fra-ante-maric-mir-je-konacna-poruka-uskrsa-video\/#breadcrumb"},"inLanguage":"hr","potentialAction":[{"@type":"ReadAction","target":["https:\/\/radioljubuski.ba\/index.php\/2022\/04\/17\/fra-ante-maric-mir-je-konacna-poruka-uskrsa-video\/"]}]},{"@type":"ImageObject","inLanguage":"hr","@id":"https:\/\/radioljubuski.ba\/index.php\/2022\/04\/17\/fra-ante-maric-mir-je-konacna-poruka-uskrsa-video\/#primaryimage","url":"https:\/\/radioljubuski.ba\/wp-content\/uploads\/2022\/04\/2-2022-04-17-09-18-06-maric.jpg","contentUrl":"https:\/\/radioljubuski.ba\/wp-content\/uploads\/2022\/04\/2-2022-04-17-09-18-06-maric.jpg","width":1000,"height":625},{"@type":"BreadcrumbList","@id":"https:\/\/radioljubuski.ba\/index.php\/2022\/04\/17\/fra-ante-maric-mir-je-konacna-poruka-uskrsa-video\/#breadcrumb","itemListElement":[{"@type":"ListItem","position":1,"name":"Po\u010detna stranica","item":"https:\/\/radioljubuski.ba\/"},{"@type":"ListItem","position":2,"name":"Fra Ante Mari\u0107: Mir je kona\u010dna poruka Uskrsa &#8211; video"}]},{"@type":"WebSite","@id":"https:\/\/radioljubuski.ba\/#website","url":"https:\/\/radioljubuski.ba\/","name":"Radio Ljubu\u0161ki","description":"Sun\u010dana frekvencija Hercegovine","publisher":{"@id":"https:\/\/radioljubuski.ba\/#organization"},"potentialAction":[{"@type":"SearchAction","target":{"@type":"EntryPoint","urlTemplate":"https:\/\/radioljubuski.ba\/?s={search_term_string}"},"query-input":{"@type":"PropertyValueSpecification","valueRequired":true,"valueName":"search_term_string"}}],"inLanguage":"hr"},{"@type":"Organization","@id":"https:\/\/radioljubuski.ba\/#organization","name":"Radio Ljubu\u0161ki","url":"https:\/\/radioljubuski.ba\/","logo":{"@type":"ImageObject","inLanguage":"hr","@id":"https:\/\/radioljubuski.ba\/#\/schema\/logo\/image\/","url":"https:\/\/radioljubuski.ba\/wp-content\/uploads\/2021\/02\/cropped-Radio_Ljubuski_logo1.jpg","contentUrl":"https:\/\/radioljubuski.ba\/wp-content\/uploads\/2021\/02\/cropped-Radio_Ljubuski_logo1.jpg","width":512,"height":512,"caption":"Radio Ljubu\u0161ki"},"image":{"@id":"https:\/\/radioljubuski.ba\/#\/schema\/logo\/image\/"},"sameAs":["https:\/\/www.facebook.com\/Radiio-Ljubuski-1490835324566332","https:\/\/x.com\/radioljubuski","https:\/\/hr.linkedin.com\/company\/radio-ljubuski","https:\/\/www.youtube.com\/channel\/UCHYaeO_n0Db3tjNGudGpXyw"]},{"@type":"Person","@id":"https:\/\/radioljubuski.ba\/#\/schema\/person\/19fc700381a780f69665d7956c469e3b","name":"Radio Ljubu\u0161ki"}]}},"_links":{"self":[{"href":"https:\/\/radioljubuski.ba\/index.php\/wp-json\/wp\/v2\/posts\/133348","targetHints":{"allow":["GET"]}}],"collection":[{"href":"https:\/\/radioljubuski.ba\/index.php\/wp-json\/wp\/v2\/posts"}],"about":[{"href":"https:\/\/radioljubuski.ba\/index.php\/wp-json\/wp\/v2\/types\/post"}],"author":[{"embeddable":true,"href":"https:\/\/radioljubuski.ba\/index.php\/wp-json\/wp\/v2\/users\/2"}],"replies":[{"embeddable":true,"href":"https:\/\/radioljubuski.ba\/index.php\/wp-json\/wp\/v2\/comments?post=133348"}],"version-history":[{"count":1,"href":"https:\/\/radioljubuski.ba\/index.php\/wp-json\/wp\/v2\/posts\/133348\/revisions"}],"predecessor-version":[{"id":133350,"href":"https:\/\/radioljubuski.ba\/index.php\/wp-json\/wp\/v2\/posts\/133348\/revisions\/133350"}],"wp:featuredmedia":[{"embeddable":true,"href":"https:\/\/radioljubuski.ba\/index.php\/wp-json\/wp\/v2\/media\/133349"}],"wp:attachment":[{"href":"https:\/\/radioljubuski.ba\/index.php\/wp-json\/wp\/v2\/media?parent=133348"}],"wp:term":[{"taxonomy":"category","embeddable":true,"href":"https:\/\/radioljubuski.ba\/index.php\/wp-json\/wp\/v2\/categories?post=133348"},{"taxonomy":"post_tag","embeddable":true,"href":"https:\/\/radioljubuski.ba\/index.php\/wp-json\/wp\/v2\/tags?post=133348"}],"curies":[{"name":"wp","href":"https:\/\/api.w.org\/{rel}","templated":true}]}}