{"id":133377,"date":"2022-04-17T21:31:09","date_gmt":"2022-04-17T20:31:09","guid":{"rendered":"https:\/\/radioljubuski.ba\/?p=133377"},"modified":"2022-04-17T21:31:10","modified_gmt":"2022-04-17T20:31:10","slug":"mrsic-s-hrvatskom-mi-je-dva-tjedna-rada-po-sezoni-bilo-premalo","status":"publish","type":"post","link":"https:\/\/radioljubuski.ba\/index.php\/2022\/04\/17\/mrsic-s-hrvatskom-mi-je-dva-tjedna-rada-po-sezoni-bilo-premalo\/","title":{"rendered":"Mr\u0161i\u0107: S Hrvatskom mi je dva tjedna rada po sezoni bilo premalo"},"content":{"rendered":"\n<p><strong>Hrvatski ko\u0161arka\u0161ki trener Veljko Mr\u0161i\u0107 (51), koji je ovaj mjesec produ\u017eio ugovor sa \u0161panjolskim prvoliga\u0161em R\u00edo Breoganom, rekao je da je u sije\u010dnju oti\u0161ao s mjesta izbornika Hrvatske jer je &#8220;do\u0161ao do kraja ciklusa&#8221; s reprezentacijom.<\/strong><\/p>\n\n\n\n<p>Mr\u0161i\u0107 je od svibnja 2019. vodio reprezentaciju Hrvatske no u sije\u010dnju 2022. je ju napustio kako bi postao trener R\u00edo Breogana, kluba koji je tada zauzimao 7. mjesto me\u0111u 18. klubova u prvenstvu.<\/p>\n\n\n\n<p>&#8211; U Hrvatskoj su tako\u0111er govorili &#8220;ostavlja reprezentaciju kako bi oti\u0161ao u skromnu ekipu, ne velikana&#8221;. No dogodile su se stvari koje su ukazivale da je do\u0161ao kraj ciklusa, izjavio je Mr\u0161i\u0107 u intervjuu objavljenom u nedjelju u \u0161panjolskim novinama AS.<\/p>\n\n\n\n<p>&#8211; Bio sam potpisao ugovor (s Hrvatskom) na dvije godine i samo tijekom prve nisam mogao raditi u nekom klubu. Namjera je bila poslo\u017eiti reprezentaciju da igra dobro i da se plasira na Europsko prvenstvo. Dvije godine su se pretvorile u tri, a tijekom druge su mi opet bili rekli da ne mogu raditi u klubu, dodao je.<\/p>\n\n\n\n<p>Mr\u0161i\u0107 je prije tri mjeseca potpisao za R\u00edo Breog\u00e1n, klub iz sjevernog grada Luga, do kraja teku\u0107e sezone.<\/p>\n\n\n\n<p>&#8211; Raditi samo dva tjedna tijekom sezone mi se \u010dinilo premalo pa sam zato odlu\u010dio oti\u0107i u ovaj klub, rekao je.<\/p>\n\n\n\n<p>Na mjestu izbornika Hrvatske zamijenio ga je&nbsp;<strong>Damir Mulaomerovi\u0107<\/strong>, koji \u0107e voditi reprezentaciju u rujnu na Europskom prvenstvu.<\/p>\n\n\n\n<p>Mr\u0161i\u0107 je ovaj mjesec produ\u017eio suradnju sa \u0161panjolskim klubom potpisav\u0161i ugovor do ljeta 2023. godine. R\u00edo Breog\u00e1n je u nedjelju izgubio na gostovanju kod drugoplasirane mom\u010dadi prvenstva Real Madrida sa 65-90 pa zauzima deseto mjesto na ljestvici. Od istog protivnika je bio ispao u \u010detvrtfinalu \u0161panjolskog kupa sa 67-73, na turniru gdje se igrala jedna utakmica.<\/p>\n\n\n\n<p>Susret u nedjelju bila mu je prva bez 22-godi\u0161njeg&nbsp;<strong>D\u017eanana Muse<\/strong>, naju\u010dinkovitijeg igra\u010da mom\u010dadi. Musa je tijekom prethodne utakmice s Manresom primio udarac koji je napravio rupturu \u017edrijela pa je nekada\u0161nji igra\u010d Cedevite pro\u0161ao operacijski zahvat u petak.<\/p>\n\n\n\n<p>&#8211; Kada je zavr\u0161ila utakmica s Manresom mislili smo da je rije\u010d tek o udarcu, ni\u010demu bitnome. No nakon 23 sata su nam javili da ga je potrebno operirati i da \u0107e vjerojatno propustiti ostatak sezone, rekao je Mr\u0161i\u0107.<\/p>\n\n\n\n<p>&#8211; Sve nas je to pogodilo, pvenstveno kao osobe. Nije potrebno niti re\u0107i \u0161to smo sve izgubili na terenu bez njega, ali to je sekundarno. Najbitnije nam je da se oporavi, dodao je Mr\u0161i\u0107.<\/p>\n\n\n\n<p>Izvor:hrt.hr<\/p>\n","protected":false},"excerpt":{"rendered":"<p>Hrvatski ko\u0161arka\u0161ki trener Veljko Mr\u0161i\u0107 (51), koji je ovaj mjesec produ\u017eio ugovor sa \u0161panjolskim prvoliga\u0161em R\u00edo Breoganom, rekao je da je u sije\u010dnju oti\u0161ao s mjesta izbornika Hrvatske jer je &#8220;do\u0161ao do kraja ciklusa&#8221; s reprezentacijom. Mr\u0161i\u0107 je od svibnja 2019. vodio reprezentaciju Hrvatske no u sije\u010dnju 2022. je ju napustio kako bi postao trener [&hellip;]<\/p>\n","protected":false},"author":2,"featured_media":35521,"comment_status":"closed","ping_status":"closed","sticky":false,"template":"","format":"standard","meta":{"h5ap_radio_sources":[],"footnotes":""},"categories":[7],"tags":[],"class_list":["post-133377","post","type-post","status-publish","format-standard","has-post-thumbnail","hentry","category-sport"],"yoast_head":"<!-- This site is optimized with the Yoast SEO plugin v27.5 - https:\/\/yoast.com\/product\/yoast-seo-wordpress\/ -->\n<title>Mr\u0161i\u0107: S Hrvatskom mi je dva tjedna rada po sezoni bilo premalo - RADIO LJUBU\u0160KI<\/title>\n<meta name=\"robots\" content=\"index, follow, max-snippet:-1, max-image-preview:large, max-video-preview:-1\" \/>\n<link rel=\"canonical\" href=\"https:\/\/radioljubuski.ba\/index.php\/2022\/04\/17\/mrsic-s-hrvatskom-mi-je-dva-tjedna-rada-po-sezoni-bilo-premalo\/\" \/>\n<meta property=\"og:locale\" content=\"hr_HR\" \/>\n<meta property=\"og:type\" content=\"article\" \/>\n<meta property=\"og:title\" content=\"Mr\u0161i\u0107: S Hrvatskom mi je dva tjedna rada po sezoni bilo premalo - RADIO LJUBU\u0160KI\" \/>\n<meta property=\"og:description\" content=\"Hrvatski ko\u0161arka\u0161ki trener Veljko Mr\u0161i\u0107 (51), koji je ovaj mjesec produ\u017eio ugovor sa \u0161panjolskim prvoliga\u0161em R\u00edo Breoganom, rekao je da je u sije\u010dnju oti\u0161ao s mjesta izbornika Hrvatske jer je &#8220;do\u0161ao do kraja ciklusa&#8221; s reprezentacijom. Mr\u0161i\u0107 je od svibnja 2019. vodio reprezentaciju Hrvatske no u sije\u010dnju 2022. je ju napustio kako bi postao trener [&hellip;]\" \/>\n<meta property=\"og:url\" content=\"https:\/\/radioljubuski.ba\/index.php\/2022\/04\/17\/mrsic-s-hrvatskom-mi-je-dva-tjedna-rada-po-sezoni-bilo-premalo\/\" \/>\n<meta property=\"og:site_name\" content=\"RADIO LJUBU\u0160KI\" \/>\n<meta property=\"article:publisher\" content=\"https:\/\/www.facebook.com\/Radiio-Ljubuski-1490835324566332\" \/>\n<meta property=\"article:published_time\" content=\"2022-04-17T20:31:09+00:00\" \/>\n<meta property=\"article:modified_time\" content=\"2022-04-17T20:31:10+00:00\" \/>\n<meta property=\"og:image\" content=\"https:\/\/radioljubuski.ba\/wp-content\/uploads\/2021\/06\/t-mrsic-web2406-20210624151834.jpg\" \/>\n\t<meta property=\"og:image:width\" content=\"1253\" \/>\n\t<meta property=\"og:image:height\" content=\"705\" \/>\n\t<meta property=\"og:image:type\" content=\"image\/jpeg\" \/>\n<meta name=\"author\" content=\"Radio Ljubu\u0161ki\" \/>\n<meta name=\"twitter:card\" content=\"summary_large_image\" \/>\n<meta name=\"twitter:creator\" content=\"@radioljubuski\" \/>\n<meta name=\"twitter:site\" content=\"@radioljubuski\" \/>\n<meta name=\"twitter:label1\" content=\"Napisao\/la\" \/>\n\t<meta name=\"twitter:data1\" content=\"Radio Ljubu\u0161ki\" \/>\n\t<meta name=\"twitter:label2\" content=\"Procijenjeno vrijeme \u010ditanja\" \/>\n\t<meta name=\"twitter:data2\" content=\"2 minute\" \/>\n<script type=\"application\/ld+json\" class=\"yoast-schema-graph\">{\"@context\":\"https:\\\/\\\/schema.org\",\"@graph\":[{\"@type\":\"Article\",\"@id\":\"https:\\\/\\\/radioljubuski.ba\\\/index.php\\\/2022\\\/04\\\/17\\\/mrsic-s-hrvatskom-mi-je-dva-tjedna-rada-po-sezoni-bilo-premalo\\\/#article\",\"isPartOf\":{\"@id\":\"https:\\\/\\\/radioljubuski.ba\\\/index.php\\\/2022\\\/04\\\/17\\\/mrsic-s-hrvatskom-mi-je-dva-tjedna-rada-po-sezoni-bilo-premalo\\\/\"},\"author\":{\"name\":\"Radio Ljubu\u0161ki\",\"@id\":\"https:\\\/\\\/radioljubuski.ba\\\/#\\\/schema\\\/person\\\/19fc700381a780f69665d7956c469e3b\"},\"headline\":\"Mr\u0161i\u0107: S Hrvatskom mi je dva tjedna rada po sezoni bilo premalo\",\"datePublished\":\"2022-04-17T20:31:09+00:00\",\"dateModified\":\"2022-04-17T20:31:10+00:00\",\"mainEntityOfPage\":{\"@id\":\"https:\\\/\\\/radioljubuski.ba\\\/index.php\\\/2022\\\/04\\\/17\\\/mrsic-s-hrvatskom-mi-je-dva-tjedna-rada-po-sezoni-bilo-premalo\\\/\"},\"wordCount\":445,\"publisher\":{\"@id\":\"https:\\\/\\\/radioljubuski.ba\\\/#organization\"},\"image\":{\"@id\":\"https:\\\/\\\/radioljubuski.ba\\\/index.php\\\/2022\\\/04\\\/17\\\/mrsic-s-hrvatskom-mi-je-dva-tjedna-rada-po-sezoni-bilo-premalo\\\/#primaryimage\"},\"thumbnailUrl\":\"https:\\\/\\\/radioljubuski.ba\\\/wp-content\\\/uploads\\\/2021\\\/06\\\/t-mrsic-web2406-20210624151834.jpg\",\"articleSection\":[\"\u0160port\"],\"inLanguage\":\"hr\"},{\"@type\":\"WebPage\",\"@id\":\"https:\\\/\\\/radioljubuski.ba\\\/index.php\\\/2022\\\/04\\\/17\\\/mrsic-s-hrvatskom-mi-je-dva-tjedna-rada-po-sezoni-bilo-premalo\\\/\",\"url\":\"https:\\\/\\\/radioljubuski.ba\\\/index.php\\\/2022\\\/04\\\/17\\\/mrsic-s-hrvatskom-mi-je-dva-tjedna-rada-po-sezoni-bilo-premalo\\\/\",\"name\":\"Mr\u0161i\u0107: S Hrvatskom mi je dva tjedna rada po sezoni bilo premalo - RADIO LJUBU\u0160KI\",\"isPartOf\":{\"@id\":\"https:\\\/\\\/radioljubuski.ba\\\/#website\"},\"primaryImageOfPage\":{\"@id\":\"https:\\\/\\\/radioljubuski.ba\\\/index.php\\\/2022\\\/04\\\/17\\\/mrsic-s-hrvatskom-mi-je-dva-tjedna-rada-po-sezoni-bilo-premalo\\\/#primaryimage\"},\"image\":{\"@id\":\"https:\\\/\\\/radioljubuski.ba\\\/index.php\\\/2022\\\/04\\\/17\\\/mrsic-s-hrvatskom-mi-je-dva-tjedna-rada-po-sezoni-bilo-premalo\\\/#primaryimage\"},\"thumbnailUrl\":\"https:\\\/\\\/radioljubuski.ba\\\/wp-content\\\/uploads\\\/2021\\\/06\\\/t-mrsic-web2406-20210624151834.jpg\",\"datePublished\":\"2022-04-17T20:31:09+00:00\",\"dateModified\":\"2022-04-17T20:31:10+00:00\",\"breadcrumb\":{\"@id\":\"https:\\\/\\\/radioljubuski.ba\\\/index.php\\\/2022\\\/04\\\/17\\\/mrsic-s-hrvatskom-mi-je-dva-tjedna-rada-po-sezoni-bilo-premalo\\\/#breadcrumb\"},\"inLanguage\":\"hr\",\"potentialAction\":[{\"@type\":\"ReadAction\",\"target\":[\"https:\\\/\\\/radioljubuski.ba\\\/index.php\\\/2022\\\/04\\\/17\\\/mrsic-s-hrvatskom-mi-je-dva-tjedna-rada-po-sezoni-bilo-premalo\\\/\"]}]},{\"@type\":\"ImageObject\",\"inLanguage\":\"hr\",\"@id\":\"https:\\\/\\\/radioljubuski.ba\\\/index.php\\\/2022\\\/04\\\/17\\\/mrsic-s-hrvatskom-mi-je-dva-tjedna-rada-po-sezoni-bilo-premalo\\\/#primaryimage\",\"url\":\"https:\\\/\\\/radioljubuski.ba\\\/wp-content\\\/uploads\\\/2021\\\/06\\\/t-mrsic-web2406-20210624151834.jpg\",\"contentUrl\":\"https:\\\/\\\/radioljubuski.ba\\\/wp-content\\\/uploads\\\/2021\\\/06\\\/t-mrsic-web2406-20210624151834.jpg\",\"width\":1253,\"height\":705},{\"@type\":\"BreadcrumbList\",\"@id\":\"https:\\\/\\\/radioljubuski.ba\\\/index.php\\\/2022\\\/04\\\/17\\\/mrsic-s-hrvatskom-mi-je-dva-tjedna-rada-po-sezoni-bilo-premalo\\\/#breadcrumb\",\"itemListElement\":[{\"@type\":\"ListItem\",\"position\":1,\"name\":\"Po\u010detna stranica\",\"item\":\"https:\\\/\\\/radioljubuski.ba\\\/\"},{\"@type\":\"ListItem\",\"position\":2,\"name\":\"Mr\u0161i\u0107: S Hrvatskom mi je dva tjedna rada po sezoni bilo premalo\"}]},{\"@type\":\"WebSite\",\"@id\":\"https:\\\/\\\/radioljubuski.ba\\\/#website\",\"url\":\"https:\\\/\\\/radioljubuski.ba\\\/\",\"name\":\"Radio Ljubu\u0161ki\",\"description\":\"Sun\u010dana frekvencija Hercegovine\",\"publisher\":{\"@id\":\"https:\\\/\\\/radioljubuski.ba\\\/#organization\"},\"potentialAction\":[{\"@type\":\"SearchAction\",\"target\":{\"@type\":\"EntryPoint\",\"urlTemplate\":\"https:\\\/\\\/radioljubuski.ba\\\/?s={search_term_string}\"},\"query-input\":{\"@type\":\"PropertyValueSpecification\",\"valueRequired\":true,\"valueName\":\"search_term_string\"}}],\"inLanguage\":\"hr\"},{\"@type\":\"Organization\",\"@id\":\"https:\\\/\\\/radioljubuski.ba\\\/#organization\",\"name\":\"Radio Ljubu\u0161ki\",\"url\":\"https:\\\/\\\/radioljubuski.ba\\\/\",\"logo\":{\"@type\":\"ImageObject\",\"inLanguage\":\"hr\",\"@id\":\"https:\\\/\\\/radioljubuski.ba\\\/#\\\/schema\\\/logo\\\/image\\\/\",\"url\":\"https:\\\/\\\/radioljubuski.ba\\\/wp-content\\\/uploads\\\/2021\\\/02\\\/cropped-Radio_Ljubuski_logo1.jpg\",\"contentUrl\":\"https:\\\/\\\/radioljubuski.ba\\\/wp-content\\\/uploads\\\/2021\\\/02\\\/cropped-Radio_Ljubuski_logo1.jpg\",\"width\":512,\"height\":512,\"caption\":\"Radio Ljubu\u0161ki\"},\"image\":{\"@id\":\"https:\\\/\\\/radioljubuski.ba\\\/#\\\/schema\\\/logo\\\/image\\\/\"},\"sameAs\":[\"https:\\\/\\\/www.facebook.com\\\/Radiio-Ljubuski-1490835324566332\",\"https:\\\/\\\/x.com\\\/radioljubuski\",\"https:\\\/\\\/hr.linkedin.com\\\/company\\\/radio-ljubuski\",\"https:\\\/\\\/www.youtube.com\\\/channel\\\/UCHYaeO_n0Db3tjNGudGpXyw\"]},{\"@type\":\"Person\",\"@id\":\"https:\\\/\\\/radioljubuski.ba\\\/#\\\/schema\\\/person\\\/19fc700381a780f69665d7956c469e3b\",\"name\":\"Radio Ljubu\u0161ki\"}]}<\/script>\n<!-- \/ Yoast SEO plugin. -->","yoast_head_json":{"title":"Mr\u0161i\u0107: S Hrvatskom mi je dva tjedna rada po sezoni bilo premalo - RADIO LJUBU\u0160KI","robots":{"index":"index","follow":"follow","max-snippet":"max-snippet:-1","max-image-preview":"max-image-preview:large","max-video-preview":"max-video-preview:-1"},"canonical":"https:\/\/radioljubuski.ba\/index.php\/2022\/04\/17\/mrsic-s-hrvatskom-mi-je-dva-tjedna-rada-po-sezoni-bilo-premalo\/","og_locale":"hr_HR","og_type":"article","og_title":"Mr\u0161i\u0107: S Hrvatskom mi je dva tjedna rada po sezoni bilo premalo - RADIO LJUBU\u0160KI","og_description":"Hrvatski ko\u0161arka\u0161ki trener Veljko Mr\u0161i\u0107 (51), koji je ovaj mjesec produ\u017eio ugovor sa \u0161panjolskim prvoliga\u0161em R\u00edo Breoganom, rekao je da je u sije\u010dnju oti\u0161ao s mjesta izbornika Hrvatske jer je &#8220;do\u0161ao do kraja ciklusa&#8221; s reprezentacijom. Mr\u0161i\u0107 je od svibnja 2019. vodio reprezentaciju Hrvatske no u sije\u010dnju 2022. je ju napustio kako bi postao trener [&hellip;]","og_url":"https:\/\/radioljubuski.ba\/index.php\/2022\/04\/17\/mrsic-s-hrvatskom-mi-je-dva-tjedna-rada-po-sezoni-bilo-premalo\/","og_site_name":"RADIO LJUBU\u0160KI","article_publisher":"https:\/\/www.facebook.com\/Radiio-Ljubuski-1490835324566332","article_published_time":"2022-04-17T20:31:09+00:00","article_modified_time":"2022-04-17T20:31:10+00:00","og_image":[{"width":1253,"height":705,"url":"https:\/\/radioljubuski.ba\/wp-content\/uploads\/2021\/06\/t-mrsic-web2406-20210624151834.jpg","type":"image\/jpeg"}],"author":"Radio Ljubu\u0161ki","twitter_card":"summary_large_image","twitter_creator":"@radioljubuski","twitter_site":"@radioljubuski","twitter_misc":{"Napisao\/la":"Radio Ljubu\u0161ki","Procijenjeno vrijeme \u010ditanja":"2 minute"},"schema":{"@context":"https:\/\/schema.org","@graph":[{"@type":"Article","@id":"https:\/\/radioljubuski.ba\/index.php\/2022\/04\/17\/mrsic-s-hrvatskom-mi-je-dva-tjedna-rada-po-sezoni-bilo-premalo\/#article","isPartOf":{"@id":"https:\/\/radioljubuski.ba\/index.php\/2022\/04\/17\/mrsic-s-hrvatskom-mi-je-dva-tjedna-rada-po-sezoni-bilo-premalo\/"},"author":{"name":"Radio Ljubu\u0161ki","@id":"https:\/\/radioljubuski.ba\/#\/schema\/person\/19fc700381a780f69665d7956c469e3b"},"headline":"Mr\u0161i\u0107: S Hrvatskom mi je dva tjedna rada po sezoni bilo premalo","datePublished":"2022-04-17T20:31:09+00:00","dateModified":"2022-04-17T20:31:10+00:00","mainEntityOfPage":{"@id":"https:\/\/radioljubuski.ba\/index.php\/2022\/04\/17\/mrsic-s-hrvatskom-mi-je-dva-tjedna-rada-po-sezoni-bilo-premalo\/"},"wordCount":445,"publisher":{"@id":"https:\/\/radioljubuski.ba\/#organization"},"image":{"@id":"https:\/\/radioljubuski.ba\/index.php\/2022\/04\/17\/mrsic-s-hrvatskom-mi-je-dva-tjedna-rada-po-sezoni-bilo-premalo\/#primaryimage"},"thumbnailUrl":"https:\/\/radioljubuski.ba\/wp-content\/uploads\/2021\/06\/t-mrsic-web2406-20210624151834.jpg","articleSection":["\u0160port"],"inLanguage":"hr"},{"@type":"WebPage","@id":"https:\/\/radioljubuski.ba\/index.php\/2022\/04\/17\/mrsic-s-hrvatskom-mi-je-dva-tjedna-rada-po-sezoni-bilo-premalo\/","url":"https:\/\/radioljubuski.ba\/index.php\/2022\/04\/17\/mrsic-s-hrvatskom-mi-je-dva-tjedna-rada-po-sezoni-bilo-premalo\/","name":"Mr\u0161i\u0107: S Hrvatskom mi je dva tjedna rada po sezoni bilo premalo - RADIO LJUBU\u0160KI","isPartOf":{"@id":"https:\/\/radioljubuski.ba\/#website"},"primaryImageOfPage":{"@id":"https:\/\/radioljubuski.ba\/index.php\/2022\/04\/17\/mrsic-s-hrvatskom-mi-je-dva-tjedna-rada-po-sezoni-bilo-premalo\/#primaryimage"},"image":{"@id":"https:\/\/radioljubuski.ba\/index.php\/2022\/04\/17\/mrsic-s-hrvatskom-mi-je-dva-tjedna-rada-po-sezoni-bilo-premalo\/#primaryimage"},"thumbnailUrl":"https:\/\/radioljubuski.ba\/wp-content\/uploads\/2021\/06\/t-mrsic-web2406-20210624151834.jpg","datePublished":"2022-04-17T20:31:09+00:00","dateModified":"2022-04-17T20:31:10+00:00","breadcrumb":{"@id":"https:\/\/radioljubuski.ba\/index.php\/2022\/04\/17\/mrsic-s-hrvatskom-mi-je-dva-tjedna-rada-po-sezoni-bilo-premalo\/#breadcrumb"},"inLanguage":"hr","potentialAction":[{"@type":"ReadAction","target":["https:\/\/radioljubuski.ba\/index.php\/2022\/04\/17\/mrsic-s-hrvatskom-mi-je-dva-tjedna-rada-po-sezoni-bilo-premalo\/"]}]},{"@type":"ImageObject","inLanguage":"hr","@id":"https:\/\/radioljubuski.ba\/index.php\/2022\/04\/17\/mrsic-s-hrvatskom-mi-je-dva-tjedna-rada-po-sezoni-bilo-premalo\/#primaryimage","url":"https:\/\/radioljubuski.ba\/wp-content\/uploads\/2021\/06\/t-mrsic-web2406-20210624151834.jpg","contentUrl":"https:\/\/radioljubuski.ba\/wp-content\/uploads\/2021\/06\/t-mrsic-web2406-20210624151834.jpg","width":1253,"height":705},{"@type":"BreadcrumbList","@id":"https:\/\/radioljubuski.ba\/index.php\/2022\/04\/17\/mrsic-s-hrvatskom-mi-je-dva-tjedna-rada-po-sezoni-bilo-premalo\/#breadcrumb","itemListElement":[{"@type":"ListItem","position":1,"name":"Po\u010detna stranica","item":"https:\/\/radioljubuski.ba\/"},{"@type":"ListItem","position":2,"name":"Mr\u0161i\u0107: S Hrvatskom mi je dva tjedna rada po sezoni bilo premalo"}]},{"@type":"WebSite","@id":"https:\/\/radioljubuski.ba\/#website","url":"https:\/\/radioljubuski.ba\/","name":"Radio Ljubu\u0161ki","description":"Sun\u010dana frekvencija Hercegovine","publisher":{"@id":"https:\/\/radioljubuski.ba\/#organization"},"potentialAction":[{"@type":"SearchAction","target":{"@type":"EntryPoint","urlTemplate":"https:\/\/radioljubuski.ba\/?s={search_term_string}"},"query-input":{"@type":"PropertyValueSpecification","valueRequired":true,"valueName":"search_term_string"}}],"inLanguage":"hr"},{"@type":"Organization","@id":"https:\/\/radioljubuski.ba\/#organization","name":"Radio Ljubu\u0161ki","url":"https:\/\/radioljubuski.ba\/","logo":{"@type":"ImageObject","inLanguage":"hr","@id":"https:\/\/radioljubuski.ba\/#\/schema\/logo\/image\/","url":"https:\/\/radioljubuski.ba\/wp-content\/uploads\/2021\/02\/cropped-Radio_Ljubuski_logo1.jpg","contentUrl":"https:\/\/radioljubuski.ba\/wp-content\/uploads\/2021\/02\/cropped-Radio_Ljubuski_logo1.jpg","width":512,"height":512,"caption":"Radio Ljubu\u0161ki"},"image":{"@id":"https:\/\/radioljubuski.ba\/#\/schema\/logo\/image\/"},"sameAs":["https:\/\/www.facebook.com\/Radiio-Ljubuski-1490835324566332","https:\/\/x.com\/radioljubuski","https:\/\/hr.linkedin.com\/company\/radio-ljubuski","https:\/\/www.youtube.com\/channel\/UCHYaeO_n0Db3tjNGudGpXyw"]},{"@type":"Person","@id":"https:\/\/radioljubuski.ba\/#\/schema\/person\/19fc700381a780f69665d7956c469e3b","name":"Radio Ljubu\u0161ki"}]}},"_links":{"self":[{"href":"https:\/\/radioljubuski.ba\/index.php\/wp-json\/wp\/v2\/posts\/133377","targetHints":{"allow":["GET"]}}],"collection":[{"href":"https:\/\/radioljubuski.ba\/index.php\/wp-json\/wp\/v2\/posts"}],"about":[{"href":"https:\/\/radioljubuski.ba\/index.php\/wp-json\/wp\/v2\/types\/post"}],"author":[{"embeddable":true,"href":"https:\/\/radioljubuski.ba\/index.php\/wp-json\/wp\/v2\/users\/2"}],"replies":[{"embeddable":true,"href":"https:\/\/radioljubuski.ba\/index.php\/wp-json\/wp\/v2\/comments?post=133377"}],"version-history":[{"count":1,"href":"https:\/\/radioljubuski.ba\/index.php\/wp-json\/wp\/v2\/posts\/133377\/revisions"}],"predecessor-version":[{"id":133378,"href":"https:\/\/radioljubuski.ba\/index.php\/wp-json\/wp\/v2\/posts\/133377\/revisions\/133378"}],"wp:featuredmedia":[{"embeddable":true,"href":"https:\/\/radioljubuski.ba\/index.php\/wp-json\/wp\/v2\/media\/35521"}],"wp:attachment":[{"href":"https:\/\/radioljubuski.ba\/index.php\/wp-json\/wp\/v2\/media?parent=133377"}],"wp:term":[{"taxonomy":"category","embeddable":true,"href":"https:\/\/radioljubuski.ba\/index.php\/wp-json\/wp\/v2\/categories?post=133377"},{"taxonomy":"post_tag","embeddable":true,"href":"https:\/\/radioljubuski.ba\/index.php\/wp-json\/wp\/v2\/tags?post=133377"}],"curies":[{"name":"wp","href":"https:\/\/api.w.org\/{rel}","templated":true}]}}