{"id":133407,"date":"2022-04-18T09:37:33","date_gmt":"2022-04-18T08:37:33","guid":{"rendered":"https:\/\/radioljubuski.ba\/?p=133407"},"modified":"2022-04-18T09:37:35","modified_gmt":"2022-04-18T08:37:35","slug":"turizam-se-vraca-u-hercegovinu","status":"publish","type":"post","link":"https:\/\/radioljubuski.ba\/index.php\/2022\/04\/18\/turizam-se-vraca-u-hercegovinu\/","title":{"rendered":"Turizam se vra\u0107a u Hercegovinu"},"content":{"rendered":"\n<p><strong>Turisti se polako vra\u0107aju u Mostar i Hercegovinu, a Turisti\u010dka zajednica HN\u017d-a najavljuje nove projekte kako bi ih \u0161to du\u017ee zadr\u017eala na ovom podru\u010dju te svoje turisti\u010dke destinacije predstavila u \u0161to boljem svjetlu.<\/strong><\/p>\n\n\n\n<p>Zamjenik direktora Turisti\u010dke zajednice HN\u017d-a&nbsp;<strong>Semir Temim<\/strong>&nbsp;ocijenio je kako je predsezona dobro krenula, te da se jo\u0161 od nove godine vidjelo da \u0107e biti bolja od prethodne dvije.<\/p>\n\n\n\n<p><em>Najave za ovu sezonu su bile dosta dobre i ova predsezona je tako\u0111er dobro krenula. Vidjeli smo to i organiziranim do\u010dekom Nove godine u Mostaru kada su<strong>&nbsp;svi kapaciteti bili 100 posto popunjeni<\/strong>, \u0161to nam je dalo novu nadu da \u0107e ova godina biti puno bolja. Predsezona je dosta dobro krenula i lijepo vrijeme je privuklo veliki broj turista u na\u0161u \u017eupaniju. Na prvom mjestu su to bili doma\u0107i turisti iz BiH, a tako\u0111er je bio pove\u0107an broj i turista iz regije<\/em>, ustvrdio je.<\/p>\n\n\n\n<p>Zabilje\u017een je i ve\u0107i broj dolazaka organiziranih skupina koje svakodnevno dolaze u&nbsp;<strong>Mostar<\/strong>,&nbsp;<strong>Me\u0111ugorje<\/strong>&nbsp;i druge destinacije unutar HN\u017d-a tako da i s te strane, ka\u017ee Temim, mo\u017eemo biti izuzetno zadovoljni.<\/p>\n\n\n\n<p><em>Vrlo brzo po\u010dinje i prava ljetna sezona, o\u010dekivanja su jo\u0161 uvijek dobra, me\u0111utim naravno da \u0107e agresija Rusije na Ukrajinu sigurno uvelike utjecati jer jednostavno vi\u0161e ne mo\u017eemo planirati kakav \u0107e razvoj situacije dalje biti.&nbsp;<strong>Nemamo nekih naznaka otkazivanja ve\u0107 dogovorenog<\/strong>, a isto tako nemamo neke informacije da se pove\u0107ava booking, tako da sve ovisi kako \u0107e se ova situacija razvijati \u0161irom Europe<\/em>, naglasio je.<\/p>\n\n\n\n<p>Navodi kako postoji&nbsp;<strong>veliko zanimanje<\/strong>&nbsp;za BiH, za HN\u017d te se nada da rat u Ukrajini ne\u0107e previ\u0161e utjecati na doma\u0107i turizam.<\/p>\n\n\n\n<h4 class=\"wp-block-heading\">Brandiranje Hercegovine<\/h4>\n\n\n\n<p><em>Zadnjih par godina prije pandemije turizam u na\u0161oj \u017eupaniji je bio na vrhuncu, bili smo turisti\u010dka destinacija koja je bila posje\u0107ena tijekom \u010ditave godine i mi u Turisti\u010dkoj zajednici uspjeli smo brandirati Hercegovinu kao jednu<\/em><strong><em>&nbsp;pravu turisti\u010dku regiju<\/em><\/strong>, naglasio je.<\/p>\n\n\n\n<p>Dalje dodaje kako je veliki broj ljudi prepoznao turizam kao granu gospodarstva od koje mo\u017ee dobro \u017eivjeti te da je \u0161irom \u017eupanije bio i\u00a0<strong>veliki broj manifestacija i doga\u0111anja<\/strong>\u00a0tako da je sve to na neki na\u010din bio magnet ne samo da turisti do\u0111u nego da se i \u0161to du\u017ee zadr\u017ee na ovim prostorima.<\/p>\n\n\n\n<iframe loading=\"lazy\" width=\"560\" height=\"315\" src=\"https:\/\/www.youtube.com\/embed\/CrHfYu4rxzM\" title=\"YouTube video player\" frameborder=\"0\" allow=\"accelerometer; autoplay; clipboard-write; encrypted-media; gyroscope; picture-in-picture\" allowfullscreen><\/iframe>\n\n\n\n<p><em>Dobro smo uspjeli u tome tako da jo\u0161 uvijek mislim da je rano za taj neki puni povratak i oporavak turisti\u010dkog tr\u017ei\u0161ta, ali se<strong>&nbsp;turizam u svakom slu\u010daju vra\u0107a<\/strong><\/em>, poru\u010dio je.<\/p>\n\n\n\n<h4 class=\"wp-block-heading\">Novi turisti\u010dki proizvodi<\/h4>\n\n\n\n<p>Zamjenik direktora Turisti\u010dke zajednice HN\u017d-a najavio je i nove projekte koji bi trebali krenuti od ljeta.<\/p>\n\n\n\n<p><em>Vrijeme pandemije smo iskoristili da radimo na razvoju novih sadr\u017eaja i projekata. Ovog ljeta iza\u0107i \u0107emo i s novim turisti\u010dkim proizvodom, vezano za&nbsp;<strong>ronila\u010dki turizam<\/strong>&nbsp;u ovoj \u017eupaniji, na na\u0161im rijekama i jezerima. To je jedan projekt koji radimo u sklopu prekograni\u010dne suradnje s Dubrovnikom iz Hrvatske i Kotorom iz Crne Gore \u010dija je vrijednost pola milijuna maraka. Drugi projekt u sklopu prekograni\u010dne saradnje uklju\u010duje<strong>&nbsp;obnovu gradske banje u Mostaru<\/strong>&nbsp;koja je tako\u0111er kulturno-povijesni spomenik i nju \u0107emo staviti u funkciju<\/em>, kazao je.<\/p>\n\n\n\n<p>S partnerima iz Hrvatske i Crne Gore najavljuju i&nbsp;<strong>plavu propusnicu<\/strong>&nbsp;koja \u0107e vrijediti za posjete muzejima i odre\u0111enim mjestima u Mostaru, Dubrovniku i Kotoru.<\/p>\n\n\n\n<p><em>Turist gdje god da je kupi mo\u0107i \u0107e njome obi\u0107i sva ta mjesta<\/em>, naglasio je Temim, napominju\u0107i kako \u0107e ona tako\u0111er biti u opticaju od ljeta.<\/p>\n\n\n\n<p>Isti\u010de kako su i Grad Mostar i ostali gradovi i op\u0107ine uvelike krenuli s pripremama za ovu turisti\u010dku sezonu i da je veoma bitno imati<strong>&nbsp;\u0161to vi\u0161e sadr\u017eaja<\/strong>, doga\u0111anja i novih turisti\u010dkih proizvoda koji imaju za cilj zadr\u017eati turiste.<\/p>\n\n\n\n<p><em>Ukoliko je manji broj turista, a pove\u0107amo broj no\u0107enja mislim da \u0107e to biti veliki uspjeh i ja se tome upravo nadam i to najvi\u0161e o\u010dekujem<\/em>, poru\u010dio je Temim.<\/p>\n\n\n\n<p>Govore\u0107i o nedavno usvojenom Zakonu o izmjenama i dopunama Zakona o turisti\u010dkim zajednicama i unapre\u0111enju turizma u HN\u017d-u, kojim \u0107e se omogu\u0107iti&nbsp;<strong>reaktiviranje turisti\u010dkih zajednica<\/strong>&nbsp;u jedinicama lokalne samouprave, kazao je kako nikada nisu bili protiv osnivanja op\u0107inskih turisti\u010dkih zajednica, ali da nije siguran ho\u0107e li op\u0107ine mo\u0107i financirati njihov rad.<\/p>\n\n\n\n<p><em>Mislim da\u00a0<strong>nismo jo\u0161 uvijek toliko razvijena turisti\u010dka destinacija<\/strong>\u00a0koja \u0107e mo\u0107i na neki na\u010din ponijeti toliki broj turisti\u010dkih zajednica, ali za to sam da se formiraju. Nisam siguran ho\u0107e li \u0107e sve op\u0107ine mo\u0107i financirati te turisti\u010dke zajednice, vjerujem mo\u017eda da \u0107e mo\u0107i\u00a0<strong>Mostar<\/strong>,\u00a0<strong>\u010citluk<\/strong>,<strong>\u00a0Neum<\/strong>, dok za ostale nisam siguran<\/em>, ustvrdio je Temim.<\/p>\n\n\n\n<p><strong>Izvor: Fena \/ Jabuka.tv<\/strong><\/p>\n","protected":false},"excerpt":{"rendered":"<p>Turisti se polako vra\u0107aju u Mostar i Hercegovinu, a Turisti\u010dka zajednica HN\u017d-a najavljuje nove projekte kako bi ih \u0161to du\u017ee zadr\u017eala na ovom podru\u010dju te svoje turisti\u010dke destinacije predstavila u \u0161to boljem svjetlu. Zamjenik direktora Turisti\u010dke zajednice HN\u017d-a&nbsp;Semir Temim&nbsp;ocijenio je kako je predsezona dobro krenula, te da se jo\u0161 od nove godine vidjelo da \u0107e [&hellip;]<\/p>\n","protected":false},"author":2,"featured_media":133408,"comment_status":"closed","ping_status":"closed","sticky":false,"template":"","format":"standard","meta":{"h5ap_radio_sources":[],"footnotes":""},"categories":[1],"tags":[],"class_list":["post-133407","post","type-post","status-publish","format-standard","has-post-thumbnail","hentry","category-bihiregija"],"yoast_head":"<!-- This site is optimized with the Yoast SEO plugin v27.5 - https:\/\/yoast.com\/product\/yoast-seo-wordpress\/ -->\n<title>Turizam se vra\u0107a u Hercegovinu - RADIO LJUBU\u0160KI<\/title>\n<meta name=\"robots\" content=\"index, follow, max-snippet:-1, max-image-preview:large, max-video-preview:-1\" \/>\n<link rel=\"canonical\" href=\"https:\/\/radioljubuski.ba\/index.php\/2022\/04\/18\/turizam-se-vraca-u-hercegovinu\/\" \/>\n<meta property=\"og:locale\" content=\"hr_HR\" \/>\n<meta property=\"og:type\" content=\"article\" \/>\n<meta property=\"og:title\" content=\"Turizam se vra\u0107a u Hercegovinu - RADIO LJUBU\u0160KI\" \/>\n<meta property=\"og:description\" content=\"Turisti se polako vra\u0107aju u Mostar i Hercegovinu, a Turisti\u010dka zajednica HN\u017d-a najavljuje nove projekte kako bi ih \u0161to du\u017ee zadr\u017eala na ovom podru\u010dju te svoje turisti\u010dke destinacije predstavila u \u0161to boljem svjetlu. Zamjenik direktora Turisti\u010dke zajednice HN\u017d-a&nbsp;Semir Temim&nbsp;ocijenio je kako je predsezona dobro krenula, te da se jo\u0161 od nove godine vidjelo da \u0107e [&hellip;]\" \/>\n<meta property=\"og:url\" content=\"https:\/\/radioljubuski.ba\/index.php\/2022\/04\/18\/turizam-se-vraca-u-hercegovinu\/\" \/>\n<meta property=\"og:site_name\" content=\"RADIO LJUBU\u0160KI\" \/>\n<meta property=\"article:publisher\" content=\"https:\/\/www.facebook.com\/Radiio-Ljubuski-1490835324566332\" \/>\n<meta property=\"article:published_time\" content=\"2022-04-18T08:37:33+00:00\" \/>\n<meta property=\"article:modified_time\" content=\"2022-04-18T08:37:35+00:00\" \/>\n<meta property=\"og:image\" content=\"https:\/\/radioljubuski.ba\/wp-content\/uploads\/2022\/04\/turisti.jpg\" \/>\n\t<meta property=\"og:image:width\" content=\"810\" \/>\n\t<meta property=\"og:image:height\" content=\"514\" \/>\n\t<meta property=\"og:image:type\" content=\"image\/jpeg\" \/>\n<meta name=\"author\" content=\"Radio Ljubu\u0161ki\" \/>\n<meta name=\"twitter:card\" content=\"summary_large_image\" \/>\n<meta name=\"twitter:creator\" content=\"@radioljubuski\" \/>\n<meta name=\"twitter:site\" content=\"@radioljubuski\" \/>\n<meta name=\"twitter:label1\" content=\"Napisao\/la\" \/>\n\t<meta name=\"twitter:data1\" content=\"Radio Ljubu\u0161ki\" \/>\n\t<meta name=\"twitter:label2\" content=\"Procijenjeno vrijeme \u010ditanja\" \/>\n\t<meta name=\"twitter:data2\" content=\"4 minute\" \/>\n<script type=\"application\/ld+json\" class=\"yoast-schema-graph\">{\"@context\":\"https:\\\/\\\/schema.org\",\"@graph\":[{\"@type\":\"Article\",\"@id\":\"https:\\\/\\\/radioljubuski.ba\\\/index.php\\\/2022\\\/04\\\/18\\\/turizam-se-vraca-u-hercegovinu\\\/#article\",\"isPartOf\":{\"@id\":\"https:\\\/\\\/radioljubuski.ba\\\/index.php\\\/2022\\\/04\\\/18\\\/turizam-se-vraca-u-hercegovinu\\\/\"},\"author\":{\"name\":\"Radio Ljubu\u0161ki\",\"@id\":\"https:\\\/\\\/radioljubuski.ba\\\/#\\\/schema\\\/person\\\/19fc700381a780f69665d7956c469e3b\"},\"headline\":\"Turizam se vra\u0107a u Hercegovinu\",\"datePublished\":\"2022-04-18T08:37:33+00:00\",\"dateModified\":\"2022-04-18T08:37:35+00:00\",\"mainEntityOfPage\":{\"@id\":\"https:\\\/\\\/radioljubuski.ba\\\/index.php\\\/2022\\\/04\\\/18\\\/turizam-se-vraca-u-hercegovinu\\\/\"},\"wordCount\":845,\"publisher\":{\"@id\":\"https:\\\/\\\/radioljubuski.ba\\\/#organization\"},\"image\":{\"@id\":\"https:\\\/\\\/radioljubuski.ba\\\/index.php\\\/2022\\\/04\\\/18\\\/turizam-se-vraca-u-hercegovinu\\\/#primaryimage\"},\"thumbnailUrl\":\"https:\\\/\\\/radioljubuski.ba\\\/wp-content\\\/uploads\\\/2022\\\/04\\\/turisti.jpg\",\"articleSection\":[\"BIH i regija\"],\"inLanguage\":\"hr\"},{\"@type\":\"WebPage\",\"@id\":\"https:\\\/\\\/radioljubuski.ba\\\/index.php\\\/2022\\\/04\\\/18\\\/turizam-se-vraca-u-hercegovinu\\\/\",\"url\":\"https:\\\/\\\/radioljubuski.ba\\\/index.php\\\/2022\\\/04\\\/18\\\/turizam-se-vraca-u-hercegovinu\\\/\",\"name\":\"Turizam se vra\u0107a u Hercegovinu - RADIO LJUBU\u0160KI\",\"isPartOf\":{\"@id\":\"https:\\\/\\\/radioljubuski.ba\\\/#website\"},\"primaryImageOfPage\":{\"@id\":\"https:\\\/\\\/radioljubuski.ba\\\/index.php\\\/2022\\\/04\\\/18\\\/turizam-se-vraca-u-hercegovinu\\\/#primaryimage\"},\"image\":{\"@id\":\"https:\\\/\\\/radioljubuski.ba\\\/index.php\\\/2022\\\/04\\\/18\\\/turizam-se-vraca-u-hercegovinu\\\/#primaryimage\"},\"thumbnailUrl\":\"https:\\\/\\\/radioljubuski.ba\\\/wp-content\\\/uploads\\\/2022\\\/04\\\/turisti.jpg\",\"datePublished\":\"2022-04-18T08:37:33+00:00\",\"dateModified\":\"2022-04-18T08:37:35+00:00\",\"breadcrumb\":{\"@id\":\"https:\\\/\\\/radioljubuski.ba\\\/index.php\\\/2022\\\/04\\\/18\\\/turizam-se-vraca-u-hercegovinu\\\/#breadcrumb\"},\"inLanguage\":\"hr\",\"potentialAction\":[{\"@type\":\"ReadAction\",\"target\":[\"https:\\\/\\\/radioljubuski.ba\\\/index.php\\\/2022\\\/04\\\/18\\\/turizam-se-vraca-u-hercegovinu\\\/\"]}]},{\"@type\":\"ImageObject\",\"inLanguage\":\"hr\",\"@id\":\"https:\\\/\\\/radioljubuski.ba\\\/index.php\\\/2022\\\/04\\\/18\\\/turizam-se-vraca-u-hercegovinu\\\/#primaryimage\",\"url\":\"https:\\\/\\\/radioljubuski.ba\\\/wp-content\\\/uploads\\\/2022\\\/04\\\/turisti.jpg\",\"contentUrl\":\"https:\\\/\\\/radioljubuski.ba\\\/wp-content\\\/uploads\\\/2022\\\/04\\\/turisti.jpg\",\"width\":810,\"height\":514},{\"@type\":\"BreadcrumbList\",\"@id\":\"https:\\\/\\\/radioljubuski.ba\\\/index.php\\\/2022\\\/04\\\/18\\\/turizam-se-vraca-u-hercegovinu\\\/#breadcrumb\",\"itemListElement\":[{\"@type\":\"ListItem\",\"position\":1,\"name\":\"Po\u010detna stranica\",\"item\":\"https:\\\/\\\/radioljubuski.ba\\\/\"},{\"@type\":\"ListItem\",\"position\":2,\"name\":\"Turizam se vra\u0107a u Hercegovinu\"}]},{\"@type\":\"WebSite\",\"@id\":\"https:\\\/\\\/radioljubuski.ba\\\/#website\",\"url\":\"https:\\\/\\\/radioljubuski.ba\\\/\",\"name\":\"Radio Ljubu\u0161ki\",\"description\":\"Sun\u010dana frekvencija Hercegovine\",\"publisher\":{\"@id\":\"https:\\\/\\\/radioljubuski.ba\\\/#organization\"},\"potentialAction\":[{\"@type\":\"SearchAction\",\"target\":{\"@type\":\"EntryPoint\",\"urlTemplate\":\"https:\\\/\\\/radioljubuski.ba\\\/?s={search_term_string}\"},\"query-input\":{\"@type\":\"PropertyValueSpecification\",\"valueRequired\":true,\"valueName\":\"search_term_string\"}}],\"inLanguage\":\"hr\"},{\"@type\":\"Organization\",\"@id\":\"https:\\\/\\\/radioljubuski.ba\\\/#organization\",\"name\":\"Radio Ljubu\u0161ki\",\"url\":\"https:\\\/\\\/radioljubuski.ba\\\/\",\"logo\":{\"@type\":\"ImageObject\",\"inLanguage\":\"hr\",\"@id\":\"https:\\\/\\\/radioljubuski.ba\\\/#\\\/schema\\\/logo\\\/image\\\/\",\"url\":\"https:\\\/\\\/radioljubuski.ba\\\/wp-content\\\/uploads\\\/2021\\\/02\\\/cropped-Radio_Ljubuski_logo1.jpg\",\"contentUrl\":\"https:\\\/\\\/radioljubuski.ba\\\/wp-content\\\/uploads\\\/2021\\\/02\\\/cropped-Radio_Ljubuski_logo1.jpg\",\"width\":512,\"height\":512,\"caption\":\"Radio Ljubu\u0161ki\"},\"image\":{\"@id\":\"https:\\\/\\\/radioljubuski.ba\\\/#\\\/schema\\\/logo\\\/image\\\/\"},\"sameAs\":[\"https:\\\/\\\/www.facebook.com\\\/Radiio-Ljubuski-1490835324566332\",\"https:\\\/\\\/x.com\\\/radioljubuski\",\"https:\\\/\\\/hr.linkedin.com\\\/company\\\/radio-ljubuski\",\"https:\\\/\\\/www.youtube.com\\\/channel\\\/UCHYaeO_n0Db3tjNGudGpXyw\"]},{\"@type\":\"Person\",\"@id\":\"https:\\\/\\\/radioljubuski.ba\\\/#\\\/schema\\\/person\\\/19fc700381a780f69665d7956c469e3b\",\"name\":\"Radio Ljubu\u0161ki\"}]}<\/script>\n<!-- \/ Yoast SEO plugin. -->","yoast_head_json":{"title":"Turizam se vra\u0107a u Hercegovinu - RADIO LJUBU\u0160KI","robots":{"index":"index","follow":"follow","max-snippet":"max-snippet:-1","max-image-preview":"max-image-preview:large","max-video-preview":"max-video-preview:-1"},"canonical":"https:\/\/radioljubuski.ba\/index.php\/2022\/04\/18\/turizam-se-vraca-u-hercegovinu\/","og_locale":"hr_HR","og_type":"article","og_title":"Turizam se vra\u0107a u Hercegovinu - RADIO LJUBU\u0160KI","og_description":"Turisti se polako vra\u0107aju u Mostar i Hercegovinu, a Turisti\u010dka zajednica HN\u017d-a najavljuje nove projekte kako bi ih \u0161to du\u017ee zadr\u017eala na ovom podru\u010dju te svoje turisti\u010dke destinacije predstavila u \u0161to boljem svjetlu. Zamjenik direktora Turisti\u010dke zajednice HN\u017d-a&nbsp;Semir Temim&nbsp;ocijenio je kako je predsezona dobro krenula, te da se jo\u0161 od nove godine vidjelo da \u0107e [&hellip;]","og_url":"https:\/\/radioljubuski.ba\/index.php\/2022\/04\/18\/turizam-se-vraca-u-hercegovinu\/","og_site_name":"RADIO LJUBU\u0160KI","article_publisher":"https:\/\/www.facebook.com\/Radiio-Ljubuski-1490835324566332","article_published_time":"2022-04-18T08:37:33+00:00","article_modified_time":"2022-04-18T08:37:35+00:00","og_image":[{"width":810,"height":514,"url":"https:\/\/radioljubuski.ba\/wp-content\/uploads\/2022\/04\/turisti.jpg","type":"image\/jpeg"}],"author":"Radio Ljubu\u0161ki","twitter_card":"summary_large_image","twitter_creator":"@radioljubuski","twitter_site":"@radioljubuski","twitter_misc":{"Napisao\/la":"Radio Ljubu\u0161ki","Procijenjeno vrijeme \u010ditanja":"4 minute"},"schema":{"@context":"https:\/\/schema.org","@graph":[{"@type":"Article","@id":"https:\/\/radioljubuski.ba\/index.php\/2022\/04\/18\/turizam-se-vraca-u-hercegovinu\/#article","isPartOf":{"@id":"https:\/\/radioljubuski.ba\/index.php\/2022\/04\/18\/turizam-se-vraca-u-hercegovinu\/"},"author":{"name":"Radio Ljubu\u0161ki","@id":"https:\/\/radioljubuski.ba\/#\/schema\/person\/19fc700381a780f69665d7956c469e3b"},"headline":"Turizam se vra\u0107a u Hercegovinu","datePublished":"2022-04-18T08:37:33+00:00","dateModified":"2022-04-18T08:37:35+00:00","mainEntityOfPage":{"@id":"https:\/\/radioljubuski.ba\/index.php\/2022\/04\/18\/turizam-se-vraca-u-hercegovinu\/"},"wordCount":845,"publisher":{"@id":"https:\/\/radioljubuski.ba\/#organization"},"image":{"@id":"https:\/\/radioljubuski.ba\/index.php\/2022\/04\/18\/turizam-se-vraca-u-hercegovinu\/#primaryimage"},"thumbnailUrl":"https:\/\/radioljubuski.ba\/wp-content\/uploads\/2022\/04\/turisti.jpg","articleSection":["BIH i regija"],"inLanguage":"hr"},{"@type":"WebPage","@id":"https:\/\/radioljubuski.ba\/index.php\/2022\/04\/18\/turizam-se-vraca-u-hercegovinu\/","url":"https:\/\/radioljubuski.ba\/index.php\/2022\/04\/18\/turizam-se-vraca-u-hercegovinu\/","name":"Turizam se vra\u0107a u Hercegovinu - RADIO LJUBU\u0160KI","isPartOf":{"@id":"https:\/\/radioljubuski.ba\/#website"},"primaryImageOfPage":{"@id":"https:\/\/radioljubuski.ba\/index.php\/2022\/04\/18\/turizam-se-vraca-u-hercegovinu\/#primaryimage"},"image":{"@id":"https:\/\/radioljubuski.ba\/index.php\/2022\/04\/18\/turizam-se-vraca-u-hercegovinu\/#primaryimage"},"thumbnailUrl":"https:\/\/radioljubuski.ba\/wp-content\/uploads\/2022\/04\/turisti.jpg","datePublished":"2022-04-18T08:37:33+00:00","dateModified":"2022-04-18T08:37:35+00:00","breadcrumb":{"@id":"https:\/\/radioljubuski.ba\/index.php\/2022\/04\/18\/turizam-se-vraca-u-hercegovinu\/#breadcrumb"},"inLanguage":"hr","potentialAction":[{"@type":"ReadAction","target":["https:\/\/radioljubuski.ba\/index.php\/2022\/04\/18\/turizam-se-vraca-u-hercegovinu\/"]}]},{"@type":"ImageObject","inLanguage":"hr","@id":"https:\/\/radioljubuski.ba\/index.php\/2022\/04\/18\/turizam-se-vraca-u-hercegovinu\/#primaryimage","url":"https:\/\/radioljubuski.ba\/wp-content\/uploads\/2022\/04\/turisti.jpg","contentUrl":"https:\/\/radioljubuski.ba\/wp-content\/uploads\/2022\/04\/turisti.jpg","width":810,"height":514},{"@type":"BreadcrumbList","@id":"https:\/\/radioljubuski.ba\/index.php\/2022\/04\/18\/turizam-se-vraca-u-hercegovinu\/#breadcrumb","itemListElement":[{"@type":"ListItem","position":1,"name":"Po\u010detna stranica","item":"https:\/\/radioljubuski.ba\/"},{"@type":"ListItem","position":2,"name":"Turizam se vra\u0107a u Hercegovinu"}]},{"@type":"WebSite","@id":"https:\/\/radioljubuski.ba\/#website","url":"https:\/\/radioljubuski.ba\/","name":"Radio Ljubu\u0161ki","description":"Sun\u010dana frekvencija Hercegovine","publisher":{"@id":"https:\/\/radioljubuski.ba\/#organization"},"potentialAction":[{"@type":"SearchAction","target":{"@type":"EntryPoint","urlTemplate":"https:\/\/radioljubuski.ba\/?s={search_term_string}"},"query-input":{"@type":"PropertyValueSpecification","valueRequired":true,"valueName":"search_term_string"}}],"inLanguage":"hr"},{"@type":"Organization","@id":"https:\/\/radioljubuski.ba\/#organization","name":"Radio Ljubu\u0161ki","url":"https:\/\/radioljubuski.ba\/","logo":{"@type":"ImageObject","inLanguage":"hr","@id":"https:\/\/radioljubuski.ba\/#\/schema\/logo\/image\/","url":"https:\/\/radioljubuski.ba\/wp-content\/uploads\/2021\/02\/cropped-Radio_Ljubuski_logo1.jpg","contentUrl":"https:\/\/radioljubuski.ba\/wp-content\/uploads\/2021\/02\/cropped-Radio_Ljubuski_logo1.jpg","width":512,"height":512,"caption":"Radio Ljubu\u0161ki"},"image":{"@id":"https:\/\/radioljubuski.ba\/#\/schema\/logo\/image\/"},"sameAs":["https:\/\/www.facebook.com\/Radiio-Ljubuski-1490835324566332","https:\/\/x.com\/radioljubuski","https:\/\/hr.linkedin.com\/company\/radio-ljubuski","https:\/\/www.youtube.com\/channel\/UCHYaeO_n0Db3tjNGudGpXyw"]},{"@type":"Person","@id":"https:\/\/radioljubuski.ba\/#\/schema\/person\/19fc700381a780f69665d7956c469e3b","name":"Radio Ljubu\u0161ki"}]}},"_links":{"self":[{"href":"https:\/\/radioljubuski.ba\/index.php\/wp-json\/wp\/v2\/posts\/133407","targetHints":{"allow":["GET"]}}],"collection":[{"href":"https:\/\/radioljubuski.ba\/index.php\/wp-json\/wp\/v2\/posts"}],"about":[{"href":"https:\/\/radioljubuski.ba\/index.php\/wp-json\/wp\/v2\/types\/post"}],"author":[{"embeddable":true,"href":"https:\/\/radioljubuski.ba\/index.php\/wp-json\/wp\/v2\/users\/2"}],"replies":[{"embeddable":true,"href":"https:\/\/radioljubuski.ba\/index.php\/wp-json\/wp\/v2\/comments?post=133407"}],"version-history":[{"count":1,"href":"https:\/\/radioljubuski.ba\/index.php\/wp-json\/wp\/v2\/posts\/133407\/revisions"}],"predecessor-version":[{"id":133409,"href":"https:\/\/radioljubuski.ba\/index.php\/wp-json\/wp\/v2\/posts\/133407\/revisions\/133409"}],"wp:featuredmedia":[{"embeddable":true,"href":"https:\/\/radioljubuski.ba\/index.php\/wp-json\/wp\/v2\/media\/133408"}],"wp:attachment":[{"href":"https:\/\/radioljubuski.ba\/index.php\/wp-json\/wp\/v2\/media?parent=133407"}],"wp:term":[{"taxonomy":"category","embeddable":true,"href":"https:\/\/radioljubuski.ba\/index.php\/wp-json\/wp\/v2\/categories?post=133407"},{"taxonomy":"post_tag","embeddable":true,"href":"https:\/\/radioljubuski.ba\/index.php\/wp-json\/wp\/v2\/tags?post=133407"}],"curies":[{"name":"wp","href":"https:\/\/api.w.org\/{rel}","templated":true}]}}