{"id":133410,"date":"2022-04-18T09:39:30","date_gmt":"2022-04-18T08:39:30","guid":{"rendered":"https:\/\/radioljubuski.ba\/?p=133410"},"modified":"2022-04-18T09:39:31","modified_gmt":"2022-04-18T08:39:31","slug":"ovo-je-popis-imena-hrvata-s-titanica-njihove-godine-i-zanimanja","status":"publish","type":"post","link":"https:\/\/radioljubuski.ba\/index.php\/2022\/04\/18\/ovo-je-popis-imena-hrvata-s-titanica-njihove-godine-i-zanimanja\/","title":{"rendered":"Ovo je popis imena Hrvata s Titanica, njihove godine i zanimanja"},"content":{"rendered":"\n<p>Prije tri dana obilje\u017eena je 110. obljetnica potonu\u0107a Titanica, najve\u0107eg putni\u010dkog parobroda s po\u010detka 20. stolje\u0107a.<\/p>\n\n\n\n<p>Titanic je u to vrijeme bio predstavljen kao najmoderniji i najbolji putni\u010dki brod na svijetu, a potonuo je na svom prvom putovanju kad je na putu za New York iz Southamptona udario u santu leda.<\/p>\n\n\n\n<p>Kad je 10. travnja 1912. isplovio na svoju prvu plovidbu, bio najve\u0107i brod ikada stavljen u slu\u017ebu, drugi od triju brodova tzv. olimpijske klase prekooceanskih brodova koje je naru\u010dila tvrtka White Star Line. Od 2224 putnik\u00e2 i \u010dlanova posade, me\u0111u kojima su bili neki od najimu\u0107nijih ljudi svijeta, brod je prevozio i brojne iseljenike iz svih europskih zemalja koji su svoju sre\u0107u i bolji \u017eivot htjeli potra\u017eiti u Novom svijetu. U nesre\u0107i \u0107e poginuti preko 1500 osoba.<\/p>\n\n\n\n<p>Na Titanicu je bilo i 30 Hrvata, podsjetio je Hrvatski dr\u017eavni arhiv prije tri dana, na obljetnicu potonu\u0107a broda.<\/p>\n\n\n\n<p>Rije\u010d je bila ve\u0107inom o zemljoradnicima izme\u0111u 17 i 38 godina.<\/p>\n\n\n\n<figure class=\"wp-block-image\"><img decoding=\"async\" src=\"https:\/\/storage.pogled.ba\/images\/6129\/c96a\/225867\/original\/8-2022-04-18-10-05-19-popis-titanic.jpg\" alt=\"8-2022-04-18-10-05-19-popis-titanic.jpg\"\/><\/figure>\n\n\n\n<p>&#8220;Spa\u0161ena su samo dva mu\u0161karca i jedna \u017eena, a nasljednicima stradalih ispla\u0107ena je od\u0161teta od kompanije White Star Line te pomo\u0107 iz raznih fondova. Jedina pre\u017eivjela putnica iz Hrvatske, Mara Osman-Banski, koja je u vrijeme tragedije imala 31 godinu, svoj je \u017eivot nakon potonu\u0107a broda koji ju je trebao odvesti suprugu, nastavila u Americi gdje je i umrla 1930.<\/p>\n\n\n\n<p>Dvojica pre\u017eivjelih mu\u0161kih putnika svoj san o boljoj budu\u0107nosti ipak nisu uspjela ostvariti u Americi. Ivan Jal\u0161evac iz Topolovca kraj Siska tako se u domovinu vratio nakon samo \u010detiri tjedna, dok se Nikola Luli\u0107 s Konjskog Brda (op\u0107ina Peru\u0161i\u0107 u Lici) na povratak odlu\u010dio nakon Prvog svjetskog rata&#8221;, pi\u0161e HDA.<\/p>\n\n\n\n<p>&#8220;U Hrvatskom dr\u017eavnom arhivu, u fondu Zemaljska vlada, Odjel za unutarnje poslove, \u010duva se op\u0161irni predmet s od\u0161tetnim zahtjevima obitelji stradalih putnik\u00e2.<\/p>\n\n\n\n<p>Povodom stote obljetnice potonu\u0107a, 2012. godine, u Hrvatskom dr\u017eavnom arhivu prire\u0111ena je izlo\u017eba Hrvati na Titaniku na koju se ovom prigodom podsje\u0107amo plakatom koji donosi imena svih tridesetero putnik\u00e2, njihovu dob, zavi\u010dajnost, zanimanje i status (spa\u0161en\/stradao)&#8221;, pi\u0161e <a href=\"https:\/\/www.facebook.com\/permalink.php?story_fbid=359617822876763&amp;id=100064856431420\" target=\"_blank\" rel=\"noreferrer noopener\">HDA<\/a>.<\/p>\n\n\n\n<p>Izvor.index.hr<\/p>\n","protected":false},"excerpt":{"rendered":"<p>Prije tri dana obilje\u017eena je 110. obljetnica potonu\u0107a Titanica, najve\u0107eg putni\u010dkog parobroda s po\u010detka 20. stolje\u0107a. Titanic je u to vrijeme bio predstavljen kao najmoderniji i najbolji putni\u010dki brod na svijetu, a potonuo je na svom prvom putovanju kad je na putu za New York iz Southamptona udario u santu leda. Kad je 10. travnja [&hellip;]<\/p>\n","protected":false},"author":2,"featured_media":133411,"comment_status":"closed","ping_status":"closed","sticky":false,"template":"","format":"standard","meta":{"h5ap_radio_sources":[],"footnotes":""},"categories":[1],"tags":[],"class_list":["post-133410","post","type-post","status-publish","format-standard","has-post-thumbnail","hentry","category-bihiregija"],"yoast_head":"<!-- This site is optimized with the Yoast SEO plugin v27.5 - https:\/\/yoast.com\/product\/yoast-seo-wordpress\/ -->\n<title>Ovo je popis imena Hrvata s Titanica, njihove godine i zanimanja - RADIO LJUBU\u0160KI<\/title>\n<meta name=\"robots\" content=\"index, follow, max-snippet:-1, max-image-preview:large, max-video-preview:-1\" \/>\n<link rel=\"canonical\" href=\"https:\/\/radioljubuski.ba\/index.php\/2022\/04\/18\/ovo-je-popis-imena-hrvata-s-titanica-njihove-godine-i-zanimanja\/\" \/>\n<meta property=\"og:locale\" content=\"hr_HR\" \/>\n<meta property=\"og:type\" content=\"article\" \/>\n<meta property=\"og:title\" content=\"Ovo je popis imena Hrvata s Titanica, njihove godine i zanimanja - RADIO LJUBU\u0160KI\" \/>\n<meta property=\"og:description\" content=\"Prije tri dana obilje\u017eena je 110. obljetnica potonu\u0107a Titanica, najve\u0107eg putni\u010dkog parobroda s po\u010detka 20. stolje\u0107a. Titanic je u to vrijeme bio predstavljen kao najmoderniji i najbolji putni\u010dki brod na svijetu, a potonuo je na svom prvom putovanju kad je na putu za New York iz Southamptona udario u santu leda. Kad je 10. travnja [&hellip;]\" \/>\n<meta property=\"og:url\" content=\"https:\/\/radioljubuski.ba\/index.php\/2022\/04\/18\/ovo-je-popis-imena-hrvata-s-titanica-njihove-godine-i-zanimanja\/\" \/>\n<meta property=\"og:site_name\" content=\"RADIO LJUBU\u0160KI\" \/>\n<meta property=\"article:publisher\" content=\"https:\/\/www.facebook.com\/Radiio-Ljubuski-1490835324566332\" \/>\n<meta property=\"article:published_time\" content=\"2022-04-18T08:39:30+00:00\" \/>\n<meta property=\"article:modified_time\" content=\"2022-04-18T08:39:31+00:00\" \/>\n<meta property=\"og:image\" content=\"https:\/\/radioljubuski.ba\/wp-content\/uploads\/2022\/04\/8-2022-04-18-10-05-22-titanic.jpg\" \/>\n\t<meta property=\"og:image:width\" content=\"1000\" \/>\n\t<meta property=\"og:image:height\" content=\"625\" \/>\n\t<meta property=\"og:image:type\" content=\"image\/jpeg\" \/>\n<meta name=\"author\" content=\"Radio Ljubu\u0161ki\" \/>\n<meta name=\"twitter:card\" content=\"summary_large_image\" \/>\n<meta name=\"twitter:creator\" content=\"@radioljubuski\" \/>\n<meta name=\"twitter:site\" content=\"@radioljubuski\" \/>\n<meta name=\"twitter:label1\" content=\"Napisao\/la\" \/>\n\t<meta name=\"twitter:data1\" content=\"Radio Ljubu\u0161ki\" \/>\n\t<meta name=\"twitter:label2\" content=\"Procijenjeno vrijeme \u010ditanja\" \/>\n\t<meta name=\"twitter:data2\" content=\"2 minute\" \/>\n<script type=\"application\/ld+json\" class=\"yoast-schema-graph\">{\"@context\":\"https:\\\/\\\/schema.org\",\"@graph\":[{\"@type\":\"Article\",\"@id\":\"https:\\\/\\\/radioljubuski.ba\\\/index.php\\\/2022\\\/04\\\/18\\\/ovo-je-popis-imena-hrvata-s-titanica-njihove-godine-i-zanimanja\\\/#article\",\"isPartOf\":{\"@id\":\"https:\\\/\\\/radioljubuski.ba\\\/index.php\\\/2022\\\/04\\\/18\\\/ovo-je-popis-imena-hrvata-s-titanica-njihove-godine-i-zanimanja\\\/\"},\"author\":{\"name\":\"Radio Ljubu\u0161ki\",\"@id\":\"https:\\\/\\\/radioljubuski.ba\\\/#\\\/schema\\\/person\\\/19fc700381a780f69665d7956c469e3b\"},\"headline\":\"Ovo je popis imena Hrvata s Titanica, njihove godine i zanimanja\",\"datePublished\":\"2022-04-18T08:39:30+00:00\",\"dateModified\":\"2022-04-18T08:39:31+00:00\",\"mainEntityOfPage\":{\"@id\":\"https:\\\/\\\/radioljubuski.ba\\\/index.php\\\/2022\\\/04\\\/18\\\/ovo-je-popis-imena-hrvata-s-titanica-njihove-godine-i-zanimanja\\\/\"},\"wordCount\":374,\"publisher\":{\"@id\":\"https:\\\/\\\/radioljubuski.ba\\\/#organization\"},\"image\":{\"@id\":\"https:\\\/\\\/radioljubuski.ba\\\/index.php\\\/2022\\\/04\\\/18\\\/ovo-je-popis-imena-hrvata-s-titanica-njihove-godine-i-zanimanja\\\/#primaryimage\"},\"thumbnailUrl\":\"https:\\\/\\\/radioljubuski.ba\\\/wp-content\\\/uploads\\\/2022\\\/04\\\/8-2022-04-18-10-05-22-titanic.jpg\",\"articleSection\":[\"BIH i regija\"],\"inLanguage\":\"hr\"},{\"@type\":\"WebPage\",\"@id\":\"https:\\\/\\\/radioljubuski.ba\\\/index.php\\\/2022\\\/04\\\/18\\\/ovo-je-popis-imena-hrvata-s-titanica-njihove-godine-i-zanimanja\\\/\",\"url\":\"https:\\\/\\\/radioljubuski.ba\\\/index.php\\\/2022\\\/04\\\/18\\\/ovo-je-popis-imena-hrvata-s-titanica-njihove-godine-i-zanimanja\\\/\",\"name\":\"Ovo je popis imena Hrvata s Titanica, njihove godine i zanimanja - RADIO LJUBU\u0160KI\",\"isPartOf\":{\"@id\":\"https:\\\/\\\/radioljubuski.ba\\\/#website\"},\"primaryImageOfPage\":{\"@id\":\"https:\\\/\\\/radioljubuski.ba\\\/index.php\\\/2022\\\/04\\\/18\\\/ovo-je-popis-imena-hrvata-s-titanica-njihove-godine-i-zanimanja\\\/#primaryimage\"},\"image\":{\"@id\":\"https:\\\/\\\/radioljubuski.ba\\\/index.php\\\/2022\\\/04\\\/18\\\/ovo-je-popis-imena-hrvata-s-titanica-njihove-godine-i-zanimanja\\\/#primaryimage\"},\"thumbnailUrl\":\"https:\\\/\\\/radioljubuski.ba\\\/wp-content\\\/uploads\\\/2022\\\/04\\\/8-2022-04-18-10-05-22-titanic.jpg\",\"datePublished\":\"2022-04-18T08:39:30+00:00\",\"dateModified\":\"2022-04-18T08:39:31+00:00\",\"breadcrumb\":{\"@id\":\"https:\\\/\\\/radioljubuski.ba\\\/index.php\\\/2022\\\/04\\\/18\\\/ovo-je-popis-imena-hrvata-s-titanica-njihove-godine-i-zanimanja\\\/#breadcrumb\"},\"inLanguage\":\"hr\",\"potentialAction\":[{\"@type\":\"ReadAction\",\"target\":[\"https:\\\/\\\/radioljubuski.ba\\\/index.php\\\/2022\\\/04\\\/18\\\/ovo-je-popis-imena-hrvata-s-titanica-njihove-godine-i-zanimanja\\\/\"]}]},{\"@type\":\"ImageObject\",\"inLanguage\":\"hr\",\"@id\":\"https:\\\/\\\/radioljubuski.ba\\\/index.php\\\/2022\\\/04\\\/18\\\/ovo-je-popis-imena-hrvata-s-titanica-njihove-godine-i-zanimanja\\\/#primaryimage\",\"url\":\"https:\\\/\\\/radioljubuski.ba\\\/wp-content\\\/uploads\\\/2022\\\/04\\\/8-2022-04-18-10-05-22-titanic.jpg\",\"contentUrl\":\"https:\\\/\\\/radioljubuski.ba\\\/wp-content\\\/uploads\\\/2022\\\/04\\\/8-2022-04-18-10-05-22-titanic.jpg\",\"width\":1000,\"height\":625},{\"@type\":\"BreadcrumbList\",\"@id\":\"https:\\\/\\\/radioljubuski.ba\\\/index.php\\\/2022\\\/04\\\/18\\\/ovo-je-popis-imena-hrvata-s-titanica-njihove-godine-i-zanimanja\\\/#breadcrumb\",\"itemListElement\":[{\"@type\":\"ListItem\",\"position\":1,\"name\":\"Po\u010detna stranica\",\"item\":\"https:\\\/\\\/radioljubuski.ba\\\/\"},{\"@type\":\"ListItem\",\"position\":2,\"name\":\"Ovo je popis imena Hrvata s Titanica, njihove godine i zanimanja\"}]},{\"@type\":\"WebSite\",\"@id\":\"https:\\\/\\\/radioljubuski.ba\\\/#website\",\"url\":\"https:\\\/\\\/radioljubuski.ba\\\/\",\"name\":\"Radio Ljubu\u0161ki\",\"description\":\"Sun\u010dana frekvencija Hercegovine\",\"publisher\":{\"@id\":\"https:\\\/\\\/radioljubuski.ba\\\/#organization\"},\"potentialAction\":[{\"@type\":\"SearchAction\",\"target\":{\"@type\":\"EntryPoint\",\"urlTemplate\":\"https:\\\/\\\/radioljubuski.ba\\\/?s={search_term_string}\"},\"query-input\":{\"@type\":\"PropertyValueSpecification\",\"valueRequired\":true,\"valueName\":\"search_term_string\"}}],\"inLanguage\":\"hr\"},{\"@type\":\"Organization\",\"@id\":\"https:\\\/\\\/radioljubuski.ba\\\/#organization\",\"name\":\"Radio Ljubu\u0161ki\",\"url\":\"https:\\\/\\\/radioljubuski.ba\\\/\",\"logo\":{\"@type\":\"ImageObject\",\"inLanguage\":\"hr\",\"@id\":\"https:\\\/\\\/radioljubuski.ba\\\/#\\\/schema\\\/logo\\\/image\\\/\",\"url\":\"https:\\\/\\\/radioljubuski.ba\\\/wp-content\\\/uploads\\\/2021\\\/02\\\/cropped-Radio_Ljubuski_logo1.jpg\",\"contentUrl\":\"https:\\\/\\\/radioljubuski.ba\\\/wp-content\\\/uploads\\\/2021\\\/02\\\/cropped-Radio_Ljubuski_logo1.jpg\",\"width\":512,\"height\":512,\"caption\":\"Radio Ljubu\u0161ki\"},\"image\":{\"@id\":\"https:\\\/\\\/radioljubuski.ba\\\/#\\\/schema\\\/logo\\\/image\\\/\"},\"sameAs\":[\"https:\\\/\\\/www.facebook.com\\\/Radiio-Ljubuski-1490835324566332\",\"https:\\\/\\\/x.com\\\/radioljubuski\",\"https:\\\/\\\/hr.linkedin.com\\\/company\\\/radio-ljubuski\",\"https:\\\/\\\/www.youtube.com\\\/channel\\\/UCHYaeO_n0Db3tjNGudGpXyw\"]},{\"@type\":\"Person\",\"@id\":\"https:\\\/\\\/radioljubuski.ba\\\/#\\\/schema\\\/person\\\/19fc700381a780f69665d7956c469e3b\",\"name\":\"Radio Ljubu\u0161ki\"}]}<\/script>\n<!-- \/ Yoast SEO plugin. -->","yoast_head_json":{"title":"Ovo je popis imena Hrvata s Titanica, njihove godine i zanimanja - RADIO LJUBU\u0160KI","robots":{"index":"index","follow":"follow","max-snippet":"max-snippet:-1","max-image-preview":"max-image-preview:large","max-video-preview":"max-video-preview:-1"},"canonical":"https:\/\/radioljubuski.ba\/index.php\/2022\/04\/18\/ovo-je-popis-imena-hrvata-s-titanica-njihove-godine-i-zanimanja\/","og_locale":"hr_HR","og_type":"article","og_title":"Ovo je popis imena Hrvata s Titanica, njihove godine i zanimanja - RADIO LJUBU\u0160KI","og_description":"Prije tri dana obilje\u017eena je 110. obljetnica potonu\u0107a Titanica, najve\u0107eg putni\u010dkog parobroda s po\u010detka 20. stolje\u0107a. Titanic je u to vrijeme bio predstavljen kao najmoderniji i najbolji putni\u010dki brod na svijetu, a potonuo je na svom prvom putovanju kad je na putu za New York iz Southamptona udario u santu leda. Kad je 10. travnja [&hellip;]","og_url":"https:\/\/radioljubuski.ba\/index.php\/2022\/04\/18\/ovo-je-popis-imena-hrvata-s-titanica-njihove-godine-i-zanimanja\/","og_site_name":"RADIO LJUBU\u0160KI","article_publisher":"https:\/\/www.facebook.com\/Radiio-Ljubuski-1490835324566332","article_published_time":"2022-04-18T08:39:30+00:00","article_modified_time":"2022-04-18T08:39:31+00:00","og_image":[{"width":1000,"height":625,"url":"https:\/\/radioljubuski.ba\/wp-content\/uploads\/2022\/04\/8-2022-04-18-10-05-22-titanic.jpg","type":"image\/jpeg"}],"author":"Radio Ljubu\u0161ki","twitter_card":"summary_large_image","twitter_creator":"@radioljubuski","twitter_site":"@radioljubuski","twitter_misc":{"Napisao\/la":"Radio Ljubu\u0161ki","Procijenjeno vrijeme \u010ditanja":"2 minute"},"schema":{"@context":"https:\/\/schema.org","@graph":[{"@type":"Article","@id":"https:\/\/radioljubuski.ba\/index.php\/2022\/04\/18\/ovo-je-popis-imena-hrvata-s-titanica-njihove-godine-i-zanimanja\/#article","isPartOf":{"@id":"https:\/\/radioljubuski.ba\/index.php\/2022\/04\/18\/ovo-je-popis-imena-hrvata-s-titanica-njihove-godine-i-zanimanja\/"},"author":{"name":"Radio Ljubu\u0161ki","@id":"https:\/\/radioljubuski.ba\/#\/schema\/person\/19fc700381a780f69665d7956c469e3b"},"headline":"Ovo je popis imena Hrvata s Titanica, njihove godine i zanimanja","datePublished":"2022-04-18T08:39:30+00:00","dateModified":"2022-04-18T08:39:31+00:00","mainEntityOfPage":{"@id":"https:\/\/radioljubuski.ba\/index.php\/2022\/04\/18\/ovo-je-popis-imena-hrvata-s-titanica-njihove-godine-i-zanimanja\/"},"wordCount":374,"publisher":{"@id":"https:\/\/radioljubuski.ba\/#organization"},"image":{"@id":"https:\/\/radioljubuski.ba\/index.php\/2022\/04\/18\/ovo-je-popis-imena-hrvata-s-titanica-njihove-godine-i-zanimanja\/#primaryimage"},"thumbnailUrl":"https:\/\/radioljubuski.ba\/wp-content\/uploads\/2022\/04\/8-2022-04-18-10-05-22-titanic.jpg","articleSection":["BIH i regija"],"inLanguage":"hr"},{"@type":"WebPage","@id":"https:\/\/radioljubuski.ba\/index.php\/2022\/04\/18\/ovo-je-popis-imena-hrvata-s-titanica-njihove-godine-i-zanimanja\/","url":"https:\/\/radioljubuski.ba\/index.php\/2022\/04\/18\/ovo-je-popis-imena-hrvata-s-titanica-njihove-godine-i-zanimanja\/","name":"Ovo je popis imena Hrvata s Titanica, njihove godine i zanimanja - RADIO LJUBU\u0160KI","isPartOf":{"@id":"https:\/\/radioljubuski.ba\/#website"},"primaryImageOfPage":{"@id":"https:\/\/radioljubuski.ba\/index.php\/2022\/04\/18\/ovo-je-popis-imena-hrvata-s-titanica-njihove-godine-i-zanimanja\/#primaryimage"},"image":{"@id":"https:\/\/radioljubuski.ba\/index.php\/2022\/04\/18\/ovo-je-popis-imena-hrvata-s-titanica-njihove-godine-i-zanimanja\/#primaryimage"},"thumbnailUrl":"https:\/\/radioljubuski.ba\/wp-content\/uploads\/2022\/04\/8-2022-04-18-10-05-22-titanic.jpg","datePublished":"2022-04-18T08:39:30+00:00","dateModified":"2022-04-18T08:39:31+00:00","breadcrumb":{"@id":"https:\/\/radioljubuski.ba\/index.php\/2022\/04\/18\/ovo-je-popis-imena-hrvata-s-titanica-njihove-godine-i-zanimanja\/#breadcrumb"},"inLanguage":"hr","potentialAction":[{"@type":"ReadAction","target":["https:\/\/radioljubuski.ba\/index.php\/2022\/04\/18\/ovo-je-popis-imena-hrvata-s-titanica-njihove-godine-i-zanimanja\/"]}]},{"@type":"ImageObject","inLanguage":"hr","@id":"https:\/\/radioljubuski.ba\/index.php\/2022\/04\/18\/ovo-je-popis-imena-hrvata-s-titanica-njihove-godine-i-zanimanja\/#primaryimage","url":"https:\/\/radioljubuski.ba\/wp-content\/uploads\/2022\/04\/8-2022-04-18-10-05-22-titanic.jpg","contentUrl":"https:\/\/radioljubuski.ba\/wp-content\/uploads\/2022\/04\/8-2022-04-18-10-05-22-titanic.jpg","width":1000,"height":625},{"@type":"BreadcrumbList","@id":"https:\/\/radioljubuski.ba\/index.php\/2022\/04\/18\/ovo-je-popis-imena-hrvata-s-titanica-njihove-godine-i-zanimanja\/#breadcrumb","itemListElement":[{"@type":"ListItem","position":1,"name":"Po\u010detna stranica","item":"https:\/\/radioljubuski.ba\/"},{"@type":"ListItem","position":2,"name":"Ovo je popis imena Hrvata s Titanica, njihove godine i zanimanja"}]},{"@type":"WebSite","@id":"https:\/\/radioljubuski.ba\/#website","url":"https:\/\/radioljubuski.ba\/","name":"Radio Ljubu\u0161ki","description":"Sun\u010dana frekvencija Hercegovine","publisher":{"@id":"https:\/\/radioljubuski.ba\/#organization"},"potentialAction":[{"@type":"SearchAction","target":{"@type":"EntryPoint","urlTemplate":"https:\/\/radioljubuski.ba\/?s={search_term_string}"},"query-input":{"@type":"PropertyValueSpecification","valueRequired":true,"valueName":"search_term_string"}}],"inLanguage":"hr"},{"@type":"Organization","@id":"https:\/\/radioljubuski.ba\/#organization","name":"Radio Ljubu\u0161ki","url":"https:\/\/radioljubuski.ba\/","logo":{"@type":"ImageObject","inLanguage":"hr","@id":"https:\/\/radioljubuski.ba\/#\/schema\/logo\/image\/","url":"https:\/\/radioljubuski.ba\/wp-content\/uploads\/2021\/02\/cropped-Radio_Ljubuski_logo1.jpg","contentUrl":"https:\/\/radioljubuski.ba\/wp-content\/uploads\/2021\/02\/cropped-Radio_Ljubuski_logo1.jpg","width":512,"height":512,"caption":"Radio Ljubu\u0161ki"},"image":{"@id":"https:\/\/radioljubuski.ba\/#\/schema\/logo\/image\/"},"sameAs":["https:\/\/www.facebook.com\/Radiio-Ljubuski-1490835324566332","https:\/\/x.com\/radioljubuski","https:\/\/hr.linkedin.com\/company\/radio-ljubuski","https:\/\/www.youtube.com\/channel\/UCHYaeO_n0Db3tjNGudGpXyw"]},{"@type":"Person","@id":"https:\/\/radioljubuski.ba\/#\/schema\/person\/19fc700381a780f69665d7956c469e3b","name":"Radio Ljubu\u0161ki"}]}},"_links":{"self":[{"href":"https:\/\/radioljubuski.ba\/index.php\/wp-json\/wp\/v2\/posts\/133410","targetHints":{"allow":["GET"]}}],"collection":[{"href":"https:\/\/radioljubuski.ba\/index.php\/wp-json\/wp\/v2\/posts"}],"about":[{"href":"https:\/\/radioljubuski.ba\/index.php\/wp-json\/wp\/v2\/types\/post"}],"author":[{"embeddable":true,"href":"https:\/\/radioljubuski.ba\/index.php\/wp-json\/wp\/v2\/users\/2"}],"replies":[{"embeddable":true,"href":"https:\/\/radioljubuski.ba\/index.php\/wp-json\/wp\/v2\/comments?post=133410"}],"version-history":[{"count":1,"href":"https:\/\/radioljubuski.ba\/index.php\/wp-json\/wp\/v2\/posts\/133410\/revisions"}],"predecessor-version":[{"id":133412,"href":"https:\/\/radioljubuski.ba\/index.php\/wp-json\/wp\/v2\/posts\/133410\/revisions\/133412"}],"wp:featuredmedia":[{"embeddable":true,"href":"https:\/\/radioljubuski.ba\/index.php\/wp-json\/wp\/v2\/media\/133411"}],"wp:attachment":[{"href":"https:\/\/radioljubuski.ba\/index.php\/wp-json\/wp\/v2\/media?parent=133410"}],"wp:term":[{"taxonomy":"category","embeddable":true,"href":"https:\/\/radioljubuski.ba\/index.php\/wp-json\/wp\/v2\/categories?post=133410"},{"taxonomy":"post_tag","embeddable":true,"href":"https:\/\/radioljubuski.ba\/index.php\/wp-json\/wp\/v2\/tags?post=133410"}],"curies":[{"name":"wp","href":"https:\/\/api.w.org\/{rel}","templated":true}]}}