{"id":133423,"date":"2022-04-18T09:47:43","date_gmt":"2022-04-18T08:47:43","guid":{"rendered":"https:\/\/radioljubuski.ba\/?p=133423"},"modified":"2022-04-18T09:47:44","modified_gmt":"2022-04-18T08:47:44","slug":"junaci-domovinskog-rata-marijan-kulhavi-foka-nije-htio-pasti-ziv-u-ruke-cetnika-2","status":"publish","type":"post","link":"https:\/\/radioljubuski.ba\/index.php\/2022\/04\/18\/junaci-domovinskog-rata-marijan-kulhavi-foka-nije-htio-pasti-ziv-u-ruke-cetnika-2\/","title":{"rendered":"Junaci Domovinskog rata: Marijan Kulhavi \u2013 Foka nije htio pasti \u017eiv u ruke \u010detnika"},"content":{"rendered":"\n<p><strong>U prosincu 1991., nakon krvavih borbi koje su trajale od o\u017eujka iste godine, Pakrac je utonuo u tugu. Poginuo je njihov junak i zapovjednik, jedan od brojnih nepoznatih junaka Domovinskog rata koji zaslu\u017euje i film i kazali\u0161nu predstavu, jedan od najzaslu\u017enijih ljudi za obranu grada koji je trebao biti centar njihove \u017eeljene \u2018Srpske Zapadne Slavonije\u2019 \u2013 &nbsp;Marijan Kulhavi zvani Foka.<\/strong><\/p>\n\n\n\n<p>Nakon na\u0161ih gubitaka 28. prosinca 1991. u operaciji \u201eAlfa\u201c, osloba\u0111anju velikih teritorija Zapadne Slavonije, sljede\u0107i dan se krenulo u akciju vra\u0107anja prije zaposjednutih polo\u017eaja.<\/p>\n\n\n\n<p>Prva je prema Pakra\u010dkim vinogradima krenula diverzantska satnija iz Bjelovara (80-ak ljudi) koju su predvodili doma\u0107i ljudi. Unato\u010d otporu, oni su preko Ulice sv. Roka do\u0161li do pred vrh Pakra\u010dkih vinograda u Ulici 105. brigade. Foka je trebao do\u0107i s glavninom snaga (oko 200 ljudi 55. samostalnog bataljuna Bjelovar). Oko 14,00 krenuli su s ceste Pakrac \u2013 Po\u017eega. Foka je vodio prethodnicu od 6 izvi\u0111a\u010da, a 100-tinjak metara iza njih i\u0161la je glavnina snaga. Pred kraj Ulice sv. Roka upali su u neprijateljsku zasjedu (unato\u010d upozorenjima diverzanata koji su primijetili neprijateljsko ukopavanje).<\/p>\n\n\n\n<p>Poginuli su izvi\u0111a\u010di 55. samostalnog bataljuna Bjelovar: Ivan Bedekovi\u0107, Ante \u0106uri\u0107, Franjo Ga\u0161par, Dra\u017een Hudec, \u017deljko Novosel i Darko Pero\u0161. Svi osim Davora \u017dignjara koji se uspio izvu\u0107i iz neprijateljske zamke, pi\u0161e <a href=\"https:\/\/www.facebook.com\/1023288707803462\/posts\/marijan-kulhavi-foka-pao-srbima-u-ruke-pa-presudio-sam-sebi-major-jna-o-branitel\/2219537728178548\/\">Facebook \u2013 Klub branitelja Vara\u017edina&nbsp;<\/a><\/p>\n\n\n\n<p><strong>Ranjen presudio sam sebi \u2013 nije htio pasti u ruke \u010detnika<\/strong><\/p>\n\n\n\n<p>Foka je pogo\u0111en u nogu te se sakrio iza hrpice naslaganih drva i preko motorole zvao u pomo\u0107. Na\u017ealost, nije mu bilo spasa. Marijan Kulhavi \u2013 Foka sam si je oduzeo \u017eivot iz o\u010deve Berete ne \u017eele\u0107i \u017eiv pasti u ruke neprijatelja. Uve\u010der, i pripadnici izvi\u0111a\u010dkog voda i pripadnici 55. samostalnog bataljuna vratili su se u Pakrac. O kakvom se domoljubu i vojniku radilo, govori \u010dinjenica kako je major JNA koji je bio na razmjeni tijela rekao kako bi \u201csvaka vojska na svijetu htjela imati \u010dasnika kakav je bio Foka\u201d.<\/p>\n\n\n\n<p>U\u017eivao je veliki autoritet me\u0111u suborcima:&nbsp;\u201c\u2026Jo\u0161 uvijek \u010dujem onu rije\u010d koju pravi zapovjednik i \u010dovjek mora re\u0107i, a to je: \u201cDe\u010dki, za mnom!\u2026 U \u017eivotu sam imao puno \u0161efova, komandira, zapovjednika, ali tako o\u0161trog, iskrenog, domoljubnog, od naroda i vojnika po\u0161tovanog, nisam imao. To mo\u017ee samo moj zapovjednik Marijan Kulhavi \u2013 Foka\u201d, svjedo\u010di Fokin suborac o nikada pre\u017ealjenom heroju pakra\u010dkih bitaka na \u017eivot i smrt.<\/p>\n\n\n\n<p><strong>Jedan od prvih dragovoljaca Domovinskog rata<\/strong><\/p>\n\n\n\n<p>Nije dao da se na bilo koji na\u010din uznemiravaju civili srpske nacionalnosti koji su ostali u Pakracu i Prekopakri ili pak zarobljeni neprijateljski vojnici. Sudjelovao je u gotovo svim akcijama na podru\u010dju Pakraca, od bitke za Batinjane, osloba\u0111anja predjela Zukve, dijela grada Pilana, \u0160oka\u010dkih Kusonja, Dereze, Kusonja\u2026 Nekoliko puta je i\u0161ao i pomo\u0107i obrani Lipika.<\/p>\n\n\n\n<p>Jedan od prvih dragovoljaca Domovinskog rata. Kao izuzetan \u010dasnik u sve akcije kretao je prvi, ba\u0161 kao i na dan pogibije. Jedan od najboljih ratnih zapovjednika Hrvatske vojske \u0161to potvr\u0111uje &nbsp;kada je major JNA koji je do\u0161ao na zamjenu mrtvih tijela vojnika rekao da bi \u201esvaka vojska na svijetu htjela imati \u010dasnika kakav je bio Foka\u201c.<\/p>\n\n\n\n<p>U\u017eivao je veliki autoritet me\u0111u suborcima:&nbsp;<em>\u201c\u2026Jo\u0161 uvijek \u010dujem onu rije\u010d koju pravi zapovjednik i \u010dovjek mora re\u0107i, a to je: \u201cDe\u010dki, za mnom!\u2026 U \u017eivotu sam imao puno \u0161efova, komandira, zapovjednika, ali tako o\u0161trog, iskrenog, domoljubnog, od naroda i vojnika po\u0161tovanog, nisam imao. To mo\u017ee samo moj zapovjednik Marijan Kulhavi \u2013 Foka.\u201d,&nbsp;<\/em>svjedo\u010di Fokin suborac.<\/p>\n\n\n\n<p>Ina\u010de, u akciji \u201cAlfa\u201d deblokade Pakraca smrtno su stradala 34 hrvatska vojnika, od kojih i jedan dio specijalnih postrojbi. To govori o te\u017eini bitke koja se vodila za Pakrac, hrvatski gradi\u0107 u sredi\u0161tu zapadne Slavonije kojem su Srbi namijenili da bude glavni grad tzv. SAO Zapadne Slavonije.<\/p>\n\n\n\n<p>Danas, mediji i politi\u010dari, nastoje zaboraviti ili umanjiti istine o krvavoj borbi hrvatskih golorukih&nbsp; junaka sa JNA i \u010detnicima. Kao i puno puta u povijesti, hrvatski vojnik se 1991. pokazao kao jedan od najboljih vojnika i pje\u0161aka svijeta. Domovinski rat je rasvijetlio istinu koja se u Jugoslaviji skrivala od 1945. godine \u2013 slavni i nepobjedivi hrvatski vojnik gine na oltaru domovine.<\/p>\n\n\n\n<p>Jedan od njih bio je Foka iz Pakraca.<\/p>\n\n\n\n<p><em>Izvor: narod.hr<\/em><\/p>\n","protected":false},"excerpt":{"rendered":"<p>U prosincu 1991., nakon krvavih borbi koje su trajale od o\u017eujka iste godine, Pakrac je utonuo u tugu. Poginuo je njihov junak i zapovjednik, jedan od brojnih nepoznatih junaka Domovinskog rata koji zaslu\u017euje i film i kazali\u0161nu predstavu, jedan od najzaslu\u017enijih ljudi za obranu grada koji je trebao biti centar njihove \u017eeljene \u2018Srpske Zapadne Slavonije\u2019 [&hellip;]<\/p>\n","protected":false},"author":2,"featured_media":133424,"comment_status":"closed","ping_status":"closed","sticky":false,"template":"","format":"standard","meta":{"h5ap_radio_sources":[],"footnotes":""},"categories":[1],"tags":[],"class_list":["post-133423","post","type-post","status-publish","format-standard","has-post-thumbnail","hentry","category-bihiregija"],"yoast_head":"<!-- This site is optimized with the Yoast SEO plugin v27.5 - https:\/\/yoast.com\/product\/yoast-seo-wordpress\/ -->\n<title>Junaci Domovinskog rata: Marijan Kulhavi \u2013 Foka nije htio pasti \u017eiv u ruke \u010detnika - RADIO LJUBU\u0160KI<\/title>\n<meta name=\"robots\" content=\"index, follow, max-snippet:-1, max-image-preview:large, max-video-preview:-1\" \/>\n<link rel=\"canonical\" href=\"https:\/\/radioljubuski.ba\/index.php\/2022\/04\/18\/junaci-domovinskog-rata-marijan-kulhavi-foka-nije-htio-pasti-ziv-u-ruke-cetnika-2\/\" \/>\n<meta property=\"og:locale\" content=\"hr_HR\" \/>\n<meta property=\"og:type\" content=\"article\" \/>\n<meta property=\"og:title\" content=\"Junaci Domovinskog rata: Marijan Kulhavi \u2013 Foka nije htio pasti \u017eiv u ruke \u010detnika - RADIO LJUBU\u0160KI\" \/>\n<meta property=\"og:description\" content=\"U prosincu 1991., nakon krvavih borbi koje su trajale od o\u017eujka iste godine, Pakrac je utonuo u tugu. Poginuo je njihov junak i zapovjednik, jedan od brojnih nepoznatih junaka Domovinskog rata koji zaslu\u017euje i film i kazali\u0161nu predstavu, jedan od najzaslu\u017enijih ljudi za obranu grada koji je trebao biti centar njihove \u017eeljene \u2018Srpske Zapadne Slavonije\u2019 [&hellip;]\" \/>\n<meta property=\"og:url\" content=\"https:\/\/radioljubuski.ba\/index.php\/2022\/04\/18\/junaci-domovinskog-rata-marijan-kulhavi-foka-nije-htio-pasti-ziv-u-ruke-cetnika-2\/\" \/>\n<meta property=\"og:site_name\" content=\"RADIO LJUBU\u0160KI\" \/>\n<meta property=\"article:publisher\" content=\"https:\/\/www.facebook.com\/Radiio-Ljubuski-1490835324566332\" \/>\n<meta property=\"article:published_time\" content=\"2022-04-18T08:47:43+00:00\" \/>\n<meta property=\"article:modified_time\" content=\"2022-04-18T08:47:44+00:00\" \/>\n<meta property=\"og:image\" content=\"https:\/\/radioljubuski.ba\/wp-content\/uploads\/2022\/04\/pakrac-marijan-KULHAVI-696x464-1.jpg\" \/>\n\t<meta property=\"og:image:width\" content=\"696\" \/>\n\t<meta property=\"og:image:height\" content=\"464\" \/>\n\t<meta property=\"og:image:type\" content=\"image\/jpeg\" \/>\n<meta name=\"author\" content=\"Radio Ljubu\u0161ki\" \/>\n<meta name=\"twitter:card\" content=\"summary_large_image\" \/>\n<meta name=\"twitter:creator\" content=\"@radioljubuski\" \/>\n<meta name=\"twitter:site\" content=\"@radioljubuski\" \/>\n<meta name=\"twitter:label1\" content=\"Napisao\/la\" \/>\n\t<meta name=\"twitter:data1\" content=\"Radio Ljubu\u0161ki\" \/>\n\t<meta name=\"twitter:label2\" content=\"Procijenjeno vrijeme \u010ditanja\" \/>\n\t<meta name=\"twitter:data2\" content=\"3 minute\" \/>\n<script type=\"application\/ld+json\" class=\"yoast-schema-graph\">{\"@context\":\"https:\\\/\\\/schema.org\",\"@graph\":[{\"@type\":\"Article\",\"@id\":\"https:\\\/\\\/radioljubuski.ba\\\/index.php\\\/2022\\\/04\\\/18\\\/junaci-domovinskog-rata-marijan-kulhavi-foka-nije-htio-pasti-ziv-u-ruke-cetnika-2\\\/#article\",\"isPartOf\":{\"@id\":\"https:\\\/\\\/radioljubuski.ba\\\/index.php\\\/2022\\\/04\\\/18\\\/junaci-domovinskog-rata-marijan-kulhavi-foka-nije-htio-pasti-ziv-u-ruke-cetnika-2\\\/\"},\"author\":{\"name\":\"Radio Ljubu\u0161ki\",\"@id\":\"https:\\\/\\\/radioljubuski.ba\\\/#\\\/schema\\\/person\\\/19fc700381a780f69665d7956c469e3b\"},\"headline\":\"Junaci Domovinskog rata: Marijan Kulhavi \u2013 Foka nije htio pasti \u017eiv u ruke \u010detnika\",\"datePublished\":\"2022-04-18T08:47:43+00:00\",\"dateModified\":\"2022-04-18T08:47:44+00:00\",\"mainEntityOfPage\":{\"@id\":\"https:\\\/\\\/radioljubuski.ba\\\/index.php\\\/2022\\\/04\\\/18\\\/junaci-domovinskog-rata-marijan-kulhavi-foka-nije-htio-pasti-ziv-u-ruke-cetnika-2\\\/\"},\"wordCount\":734,\"publisher\":{\"@id\":\"https:\\\/\\\/radioljubuski.ba\\\/#organization\"},\"image\":{\"@id\":\"https:\\\/\\\/radioljubuski.ba\\\/index.php\\\/2022\\\/04\\\/18\\\/junaci-domovinskog-rata-marijan-kulhavi-foka-nije-htio-pasti-ziv-u-ruke-cetnika-2\\\/#primaryimage\"},\"thumbnailUrl\":\"https:\\\/\\\/radioljubuski.ba\\\/wp-content\\\/uploads\\\/2022\\\/04\\\/pakrac-marijan-KULHAVI-696x464-1.jpg\",\"articleSection\":[\"BIH i regija\"],\"inLanguage\":\"hr\"},{\"@type\":\"WebPage\",\"@id\":\"https:\\\/\\\/radioljubuski.ba\\\/index.php\\\/2022\\\/04\\\/18\\\/junaci-domovinskog-rata-marijan-kulhavi-foka-nije-htio-pasti-ziv-u-ruke-cetnika-2\\\/\",\"url\":\"https:\\\/\\\/radioljubuski.ba\\\/index.php\\\/2022\\\/04\\\/18\\\/junaci-domovinskog-rata-marijan-kulhavi-foka-nije-htio-pasti-ziv-u-ruke-cetnika-2\\\/\",\"name\":\"Junaci Domovinskog rata: Marijan Kulhavi \u2013 Foka nije htio pasti \u017eiv u ruke \u010detnika - RADIO LJUBU\u0160KI\",\"isPartOf\":{\"@id\":\"https:\\\/\\\/radioljubuski.ba\\\/#website\"},\"primaryImageOfPage\":{\"@id\":\"https:\\\/\\\/radioljubuski.ba\\\/index.php\\\/2022\\\/04\\\/18\\\/junaci-domovinskog-rata-marijan-kulhavi-foka-nije-htio-pasti-ziv-u-ruke-cetnika-2\\\/#primaryimage\"},\"image\":{\"@id\":\"https:\\\/\\\/radioljubuski.ba\\\/index.php\\\/2022\\\/04\\\/18\\\/junaci-domovinskog-rata-marijan-kulhavi-foka-nije-htio-pasti-ziv-u-ruke-cetnika-2\\\/#primaryimage\"},\"thumbnailUrl\":\"https:\\\/\\\/radioljubuski.ba\\\/wp-content\\\/uploads\\\/2022\\\/04\\\/pakrac-marijan-KULHAVI-696x464-1.jpg\",\"datePublished\":\"2022-04-18T08:47:43+00:00\",\"dateModified\":\"2022-04-18T08:47:44+00:00\",\"breadcrumb\":{\"@id\":\"https:\\\/\\\/radioljubuski.ba\\\/index.php\\\/2022\\\/04\\\/18\\\/junaci-domovinskog-rata-marijan-kulhavi-foka-nije-htio-pasti-ziv-u-ruke-cetnika-2\\\/#breadcrumb\"},\"inLanguage\":\"hr\",\"potentialAction\":[{\"@type\":\"ReadAction\",\"target\":[\"https:\\\/\\\/radioljubuski.ba\\\/index.php\\\/2022\\\/04\\\/18\\\/junaci-domovinskog-rata-marijan-kulhavi-foka-nije-htio-pasti-ziv-u-ruke-cetnika-2\\\/\"]}]},{\"@type\":\"ImageObject\",\"inLanguage\":\"hr\",\"@id\":\"https:\\\/\\\/radioljubuski.ba\\\/index.php\\\/2022\\\/04\\\/18\\\/junaci-domovinskog-rata-marijan-kulhavi-foka-nije-htio-pasti-ziv-u-ruke-cetnika-2\\\/#primaryimage\",\"url\":\"https:\\\/\\\/radioljubuski.ba\\\/wp-content\\\/uploads\\\/2022\\\/04\\\/pakrac-marijan-KULHAVI-696x464-1.jpg\",\"contentUrl\":\"https:\\\/\\\/radioljubuski.ba\\\/wp-content\\\/uploads\\\/2022\\\/04\\\/pakrac-marijan-KULHAVI-696x464-1.jpg\",\"width\":696,\"height\":464},{\"@type\":\"BreadcrumbList\",\"@id\":\"https:\\\/\\\/radioljubuski.ba\\\/index.php\\\/2022\\\/04\\\/18\\\/junaci-domovinskog-rata-marijan-kulhavi-foka-nije-htio-pasti-ziv-u-ruke-cetnika-2\\\/#breadcrumb\",\"itemListElement\":[{\"@type\":\"ListItem\",\"position\":1,\"name\":\"Po\u010detna stranica\",\"item\":\"https:\\\/\\\/radioljubuski.ba\\\/\"},{\"@type\":\"ListItem\",\"position\":2,\"name\":\"Junaci Domovinskog rata: Marijan Kulhavi \u2013 Foka nije htio pasti \u017eiv u ruke \u010detnika\"}]},{\"@type\":\"WebSite\",\"@id\":\"https:\\\/\\\/radioljubuski.ba\\\/#website\",\"url\":\"https:\\\/\\\/radioljubuski.ba\\\/\",\"name\":\"Radio Ljubu\u0161ki\",\"description\":\"Sun\u010dana frekvencija Hercegovine\",\"publisher\":{\"@id\":\"https:\\\/\\\/radioljubuski.ba\\\/#organization\"},\"potentialAction\":[{\"@type\":\"SearchAction\",\"target\":{\"@type\":\"EntryPoint\",\"urlTemplate\":\"https:\\\/\\\/radioljubuski.ba\\\/?s={search_term_string}\"},\"query-input\":{\"@type\":\"PropertyValueSpecification\",\"valueRequired\":true,\"valueName\":\"search_term_string\"}}],\"inLanguage\":\"hr\"},{\"@type\":\"Organization\",\"@id\":\"https:\\\/\\\/radioljubuski.ba\\\/#organization\",\"name\":\"Radio Ljubu\u0161ki\",\"url\":\"https:\\\/\\\/radioljubuski.ba\\\/\",\"logo\":{\"@type\":\"ImageObject\",\"inLanguage\":\"hr\",\"@id\":\"https:\\\/\\\/radioljubuski.ba\\\/#\\\/schema\\\/logo\\\/image\\\/\",\"url\":\"https:\\\/\\\/radioljubuski.ba\\\/wp-content\\\/uploads\\\/2021\\\/02\\\/cropped-Radio_Ljubuski_logo1.jpg\",\"contentUrl\":\"https:\\\/\\\/radioljubuski.ba\\\/wp-content\\\/uploads\\\/2021\\\/02\\\/cropped-Radio_Ljubuski_logo1.jpg\",\"width\":512,\"height\":512,\"caption\":\"Radio Ljubu\u0161ki\"},\"image\":{\"@id\":\"https:\\\/\\\/radioljubuski.ba\\\/#\\\/schema\\\/logo\\\/image\\\/\"},\"sameAs\":[\"https:\\\/\\\/www.facebook.com\\\/Radiio-Ljubuski-1490835324566332\",\"https:\\\/\\\/x.com\\\/radioljubuski\",\"https:\\\/\\\/hr.linkedin.com\\\/company\\\/radio-ljubuski\",\"https:\\\/\\\/www.youtube.com\\\/channel\\\/UCHYaeO_n0Db3tjNGudGpXyw\"]},{\"@type\":\"Person\",\"@id\":\"https:\\\/\\\/radioljubuski.ba\\\/#\\\/schema\\\/person\\\/19fc700381a780f69665d7956c469e3b\",\"name\":\"Radio Ljubu\u0161ki\"}]}<\/script>\n<!-- \/ Yoast SEO plugin. -->","yoast_head_json":{"title":"Junaci Domovinskog rata: Marijan Kulhavi \u2013 Foka nije htio pasti \u017eiv u ruke \u010detnika - RADIO LJUBU\u0160KI","robots":{"index":"index","follow":"follow","max-snippet":"max-snippet:-1","max-image-preview":"max-image-preview:large","max-video-preview":"max-video-preview:-1"},"canonical":"https:\/\/radioljubuski.ba\/index.php\/2022\/04\/18\/junaci-domovinskog-rata-marijan-kulhavi-foka-nije-htio-pasti-ziv-u-ruke-cetnika-2\/","og_locale":"hr_HR","og_type":"article","og_title":"Junaci Domovinskog rata: Marijan Kulhavi \u2013 Foka nije htio pasti \u017eiv u ruke \u010detnika - RADIO LJUBU\u0160KI","og_description":"U prosincu 1991., nakon krvavih borbi koje su trajale od o\u017eujka iste godine, Pakrac je utonuo u tugu. Poginuo je njihov junak i zapovjednik, jedan od brojnih nepoznatih junaka Domovinskog rata koji zaslu\u017euje i film i kazali\u0161nu predstavu, jedan od najzaslu\u017enijih ljudi za obranu grada koji je trebao biti centar njihove \u017eeljene \u2018Srpske Zapadne Slavonije\u2019 [&hellip;]","og_url":"https:\/\/radioljubuski.ba\/index.php\/2022\/04\/18\/junaci-domovinskog-rata-marijan-kulhavi-foka-nije-htio-pasti-ziv-u-ruke-cetnika-2\/","og_site_name":"RADIO LJUBU\u0160KI","article_publisher":"https:\/\/www.facebook.com\/Radiio-Ljubuski-1490835324566332","article_published_time":"2022-04-18T08:47:43+00:00","article_modified_time":"2022-04-18T08:47:44+00:00","og_image":[{"width":696,"height":464,"url":"https:\/\/radioljubuski.ba\/wp-content\/uploads\/2022\/04\/pakrac-marijan-KULHAVI-696x464-1.jpg","type":"image\/jpeg"}],"author":"Radio Ljubu\u0161ki","twitter_card":"summary_large_image","twitter_creator":"@radioljubuski","twitter_site":"@radioljubuski","twitter_misc":{"Napisao\/la":"Radio Ljubu\u0161ki","Procijenjeno vrijeme \u010ditanja":"3 minute"},"schema":{"@context":"https:\/\/schema.org","@graph":[{"@type":"Article","@id":"https:\/\/radioljubuski.ba\/index.php\/2022\/04\/18\/junaci-domovinskog-rata-marijan-kulhavi-foka-nije-htio-pasti-ziv-u-ruke-cetnika-2\/#article","isPartOf":{"@id":"https:\/\/radioljubuski.ba\/index.php\/2022\/04\/18\/junaci-domovinskog-rata-marijan-kulhavi-foka-nije-htio-pasti-ziv-u-ruke-cetnika-2\/"},"author":{"name":"Radio Ljubu\u0161ki","@id":"https:\/\/radioljubuski.ba\/#\/schema\/person\/19fc700381a780f69665d7956c469e3b"},"headline":"Junaci Domovinskog rata: Marijan Kulhavi \u2013 Foka nije htio pasti \u017eiv u ruke \u010detnika","datePublished":"2022-04-18T08:47:43+00:00","dateModified":"2022-04-18T08:47:44+00:00","mainEntityOfPage":{"@id":"https:\/\/radioljubuski.ba\/index.php\/2022\/04\/18\/junaci-domovinskog-rata-marijan-kulhavi-foka-nije-htio-pasti-ziv-u-ruke-cetnika-2\/"},"wordCount":734,"publisher":{"@id":"https:\/\/radioljubuski.ba\/#organization"},"image":{"@id":"https:\/\/radioljubuski.ba\/index.php\/2022\/04\/18\/junaci-domovinskog-rata-marijan-kulhavi-foka-nije-htio-pasti-ziv-u-ruke-cetnika-2\/#primaryimage"},"thumbnailUrl":"https:\/\/radioljubuski.ba\/wp-content\/uploads\/2022\/04\/pakrac-marijan-KULHAVI-696x464-1.jpg","articleSection":["BIH i regija"],"inLanguage":"hr"},{"@type":"WebPage","@id":"https:\/\/radioljubuski.ba\/index.php\/2022\/04\/18\/junaci-domovinskog-rata-marijan-kulhavi-foka-nije-htio-pasti-ziv-u-ruke-cetnika-2\/","url":"https:\/\/radioljubuski.ba\/index.php\/2022\/04\/18\/junaci-domovinskog-rata-marijan-kulhavi-foka-nije-htio-pasti-ziv-u-ruke-cetnika-2\/","name":"Junaci Domovinskog rata: Marijan Kulhavi \u2013 Foka nije htio pasti \u017eiv u ruke \u010detnika - RADIO LJUBU\u0160KI","isPartOf":{"@id":"https:\/\/radioljubuski.ba\/#website"},"primaryImageOfPage":{"@id":"https:\/\/radioljubuski.ba\/index.php\/2022\/04\/18\/junaci-domovinskog-rata-marijan-kulhavi-foka-nije-htio-pasti-ziv-u-ruke-cetnika-2\/#primaryimage"},"image":{"@id":"https:\/\/radioljubuski.ba\/index.php\/2022\/04\/18\/junaci-domovinskog-rata-marijan-kulhavi-foka-nije-htio-pasti-ziv-u-ruke-cetnika-2\/#primaryimage"},"thumbnailUrl":"https:\/\/radioljubuski.ba\/wp-content\/uploads\/2022\/04\/pakrac-marijan-KULHAVI-696x464-1.jpg","datePublished":"2022-04-18T08:47:43+00:00","dateModified":"2022-04-18T08:47:44+00:00","breadcrumb":{"@id":"https:\/\/radioljubuski.ba\/index.php\/2022\/04\/18\/junaci-domovinskog-rata-marijan-kulhavi-foka-nije-htio-pasti-ziv-u-ruke-cetnika-2\/#breadcrumb"},"inLanguage":"hr","potentialAction":[{"@type":"ReadAction","target":["https:\/\/radioljubuski.ba\/index.php\/2022\/04\/18\/junaci-domovinskog-rata-marijan-kulhavi-foka-nije-htio-pasti-ziv-u-ruke-cetnika-2\/"]}]},{"@type":"ImageObject","inLanguage":"hr","@id":"https:\/\/radioljubuski.ba\/index.php\/2022\/04\/18\/junaci-domovinskog-rata-marijan-kulhavi-foka-nije-htio-pasti-ziv-u-ruke-cetnika-2\/#primaryimage","url":"https:\/\/radioljubuski.ba\/wp-content\/uploads\/2022\/04\/pakrac-marijan-KULHAVI-696x464-1.jpg","contentUrl":"https:\/\/radioljubuski.ba\/wp-content\/uploads\/2022\/04\/pakrac-marijan-KULHAVI-696x464-1.jpg","width":696,"height":464},{"@type":"BreadcrumbList","@id":"https:\/\/radioljubuski.ba\/index.php\/2022\/04\/18\/junaci-domovinskog-rata-marijan-kulhavi-foka-nije-htio-pasti-ziv-u-ruke-cetnika-2\/#breadcrumb","itemListElement":[{"@type":"ListItem","position":1,"name":"Po\u010detna stranica","item":"https:\/\/radioljubuski.ba\/"},{"@type":"ListItem","position":2,"name":"Junaci Domovinskog rata: Marijan Kulhavi \u2013 Foka nije htio pasti \u017eiv u ruke \u010detnika"}]},{"@type":"WebSite","@id":"https:\/\/radioljubuski.ba\/#website","url":"https:\/\/radioljubuski.ba\/","name":"Radio Ljubu\u0161ki","description":"Sun\u010dana frekvencija Hercegovine","publisher":{"@id":"https:\/\/radioljubuski.ba\/#organization"},"potentialAction":[{"@type":"SearchAction","target":{"@type":"EntryPoint","urlTemplate":"https:\/\/radioljubuski.ba\/?s={search_term_string}"},"query-input":{"@type":"PropertyValueSpecification","valueRequired":true,"valueName":"search_term_string"}}],"inLanguage":"hr"},{"@type":"Organization","@id":"https:\/\/radioljubuski.ba\/#organization","name":"Radio Ljubu\u0161ki","url":"https:\/\/radioljubuski.ba\/","logo":{"@type":"ImageObject","inLanguage":"hr","@id":"https:\/\/radioljubuski.ba\/#\/schema\/logo\/image\/","url":"https:\/\/radioljubuski.ba\/wp-content\/uploads\/2021\/02\/cropped-Radio_Ljubuski_logo1.jpg","contentUrl":"https:\/\/radioljubuski.ba\/wp-content\/uploads\/2021\/02\/cropped-Radio_Ljubuski_logo1.jpg","width":512,"height":512,"caption":"Radio Ljubu\u0161ki"},"image":{"@id":"https:\/\/radioljubuski.ba\/#\/schema\/logo\/image\/"},"sameAs":["https:\/\/www.facebook.com\/Radiio-Ljubuski-1490835324566332","https:\/\/x.com\/radioljubuski","https:\/\/hr.linkedin.com\/company\/radio-ljubuski","https:\/\/www.youtube.com\/channel\/UCHYaeO_n0Db3tjNGudGpXyw"]},{"@type":"Person","@id":"https:\/\/radioljubuski.ba\/#\/schema\/person\/19fc700381a780f69665d7956c469e3b","name":"Radio Ljubu\u0161ki"}]}},"_links":{"self":[{"href":"https:\/\/radioljubuski.ba\/index.php\/wp-json\/wp\/v2\/posts\/133423","targetHints":{"allow":["GET"]}}],"collection":[{"href":"https:\/\/radioljubuski.ba\/index.php\/wp-json\/wp\/v2\/posts"}],"about":[{"href":"https:\/\/radioljubuski.ba\/index.php\/wp-json\/wp\/v2\/types\/post"}],"author":[{"embeddable":true,"href":"https:\/\/radioljubuski.ba\/index.php\/wp-json\/wp\/v2\/users\/2"}],"replies":[{"embeddable":true,"href":"https:\/\/radioljubuski.ba\/index.php\/wp-json\/wp\/v2\/comments?post=133423"}],"version-history":[{"count":1,"href":"https:\/\/radioljubuski.ba\/index.php\/wp-json\/wp\/v2\/posts\/133423\/revisions"}],"predecessor-version":[{"id":133425,"href":"https:\/\/radioljubuski.ba\/index.php\/wp-json\/wp\/v2\/posts\/133423\/revisions\/133425"}],"wp:featuredmedia":[{"embeddable":true,"href":"https:\/\/radioljubuski.ba\/index.php\/wp-json\/wp\/v2\/media\/133424"}],"wp:attachment":[{"href":"https:\/\/radioljubuski.ba\/index.php\/wp-json\/wp\/v2\/media?parent=133423"}],"wp:term":[{"taxonomy":"category","embeddable":true,"href":"https:\/\/radioljubuski.ba\/index.php\/wp-json\/wp\/v2\/categories?post=133423"},{"taxonomy":"post_tag","embeddable":true,"href":"https:\/\/radioljubuski.ba\/index.php\/wp-json\/wp\/v2\/tags?post=133423"}],"curies":[{"name":"wp","href":"https:\/\/api.w.org\/{rel}","templated":true}]}}