{"id":133426,"date":"2022-04-18T09:49:20","date_gmt":"2022-04-18T08:49:20","guid":{"rendered":"https:\/\/radioljubuski.ba\/?p=133426"},"modified":"2022-04-18T09:49:21","modified_gmt":"2022-04-18T08:49:21","slug":"vreca-brasna-33-km-nevidena-poskupljenja-hrane","status":"publish","type":"post","link":"https:\/\/radioljubuski.ba\/index.php\/2022\/04\/18\/vreca-brasna-33-km-nevidena-poskupljenja-hrane\/","title":{"rendered":"Vre\u0107a bra\u0161na 33 KM, nevi\u0111ena poskupljenja hrane"},"content":{"rendered":"\n<p>Gra\u0111ani se proteklih mjesec i pol dana suo\u010davaju s nevi\u0111enim poskupljenjima hrane, tako da, s obzirom na primanja koja su ve\u0107inom ista, imaju sve manje novca i za one najosnovnije namirnice.<\/p>\n\n\n\n<p>Naime, odmah po izbijanju rusko-ukrajinske krize, kod nas je do\u0161lo do drasti\u010dnog skoka cijena prehrambenih proizvoda, a posebno onih koje doma\u0107instva moraju da kupuju gotovo svakodnevno.<\/p>\n\n\n\n<p>U usporedbi s po\u010detkom ove godine, cijene bra\u0161na, kruha, ulja, mesa, goriva sada su znatno ve\u0107e, \u0161to mnogima zadaje veliku glavobolju, pa obi\u0111u i po nekoliko marketa, ne bi li neku od ovih namirnica platili bar malo jeftinije. Da se razumijemo, s pre\u010destim skokovima cijena, i to u zna\u010dajnijim iznosima, borimo se jo\u0161 od pro\u0161le godine, ali je sada bukvalno do\u0161lo do njihovog zakucavanja na iznos povijesnog maksimuma, pi\u0161e Capital.<\/p>\n\n\n\n<p>Tako je, po\u010detkom ove godine, vre\u0107a bra\u0161na od 25 kilograma iznosila 22, a sada iznosi 33 KM.<\/p>\n\n\n\n<p>\u0160truca kruha je, u prosjeku, sa 1,5 oti\u0161la na dvije, a litar ulja sa 3,2 na 4,8 KM, prosje\u010dno. Pile\u0107e bijelo meso je poskupjelo s devet na gotovo 15 maraka, kao i junetina s kostima, dok je tele\u0107a \u0161nicla poskupjela sa 21 na 29 KM\u2026<\/p>\n\n\n\n<p>Drasti\u010dno je oti\u0161lo i gorivo, pa smo po\u010detkom 2022. litar u prosjeku pla\u0107ali 2,2, a trenutno ga kupujemo po tri KM.<\/p>\n\n\n\n<p>Pod pretpostavkom da jedno doma\u0107instvo mjese\u010dno kupi vre\u0107u bra\u0161na, 15 \u0161truca kruha, pet litara ulja, pet kilograma piletine, dva junetine s kostima i jedan kilogram teletine, te nato\u010di rezervoar goriva od 50 litara, za ovu nabavku po\u010detkom godine trebalo je izdvojiti oko 255 KM. Sada, sve nabrojano iznosi oko 370 KM, \u0161to zna\u010di da, samo na razlici ovih nekoliko osnovnih \u017eivotnih namirnica i goriva, moramo osigurati oko 115 KM vi\u0161e. Zbog ove situacije, gra\u0111ani su vi\u0161e nego zabrinuti, a posebno umirovljenici i radnici koji rade za niske pla\u0107e, a kojih je u Srpskoj najvi\u0161e.<\/p>\n\n\n\n<p>\u201cTo\u010dno se otelo \u017eivjeti. Pla\u0107e iste, a cijene iz dana u dan sve ve\u0107e. Ljudi ve\u0107inom izbjegavaju da kupuju bilo \u0161to, osim hrane bez koje se ne mo\u017ee. Na\u017ealost, upravo te namirnice najvi\u0161e poskupljuju. Ako primanja ne budu i\u0161la gore, male \u0107e biti javne kuhinje da prime sve gladne, a sve vi\u0161e \u0107e ljudi koru kruha tra\u017eiti u kontejnerima. Mnogima, doslovno, prijeti glad. Ova re\u010denica, na\u017ealost, vi\u0161e nije nikakva fraza nego neminovnost s kojom \u0107emo se uskoro suo\u010diti\u201d, poru\u010duje gra\u0111evinac Milenko V. iz Banja Luke.<\/p>\n\n\n\n<p>U Srpskoj su poskupile i sve ostale vrste hrane, te robe \u0161iroke potro\u0161nje, kao i gotovo sve usluge koje gra\u0111ani koriste. Ono \u0161to ljude posebno zabrinjava, jeste \u010dinjenica da se kraj poskupljenjima ne nazire, \u0161to zna\u010di da nam dolaze jo\u0161 te\u017ea vremena.<\/p>\n\n\n\n<p>Izvor:capital.ba<\/p>\n","protected":false},"excerpt":{"rendered":"<p>Gra\u0111ani se proteklih mjesec i pol dana suo\u010davaju s nevi\u0111enim poskupljenjima hrane, tako da, s obzirom na primanja koja su ve\u0107inom ista, imaju sve manje novca i za one najosnovnije namirnice. Naime, odmah po izbijanju rusko-ukrajinske krize, kod nas je do\u0161lo do drasti\u010dnog skoka cijena prehrambenih proizvoda, a posebno onih koje doma\u0107instva moraju da kupuju [&hellip;]<\/p>\n","protected":false},"author":2,"featured_media":133427,"comment_status":"closed","ping_status":"closed","sticky":false,"template":"","format":"standard","meta":{"h5ap_radio_sources":[],"footnotes":""},"categories":[1],"tags":[],"class_list":["post-133426","post","type-post","status-publish","format-standard","has-post-thumbnail","hentry","category-bihiregija"],"yoast_head":"<!-- This site is optimized with the Yoast SEO plugin v27.5 - https:\/\/yoast.com\/product\/yoast-seo-wordpress\/ -->\n<title>Vre\u0107a bra\u0161na 33 KM, nevi\u0111ena poskupljenja hrane - RADIO LJUBU\u0160KI<\/title>\n<meta name=\"robots\" content=\"index, follow, max-snippet:-1, max-image-preview:large, max-video-preview:-1\" \/>\n<link rel=\"canonical\" href=\"https:\/\/radioljubuski.ba\/index.php\/2022\/04\/18\/vreca-brasna-33-km-nevidena-poskupljenja-hrane\/\" \/>\n<meta property=\"og:locale\" content=\"hr_HR\" \/>\n<meta property=\"og:type\" content=\"article\" \/>\n<meta property=\"og:title\" content=\"Vre\u0107a bra\u0161na 33 KM, nevi\u0111ena poskupljenja hrane - RADIO LJUBU\u0160KI\" \/>\n<meta property=\"og:description\" content=\"Gra\u0111ani se proteklih mjesec i pol dana suo\u010davaju s nevi\u0111enim poskupljenjima hrane, tako da, s obzirom na primanja koja su ve\u0107inom ista, imaju sve manje novca i za one najosnovnije namirnice. Naime, odmah po izbijanju rusko-ukrajinske krize, kod nas je do\u0161lo do drasti\u010dnog skoka cijena prehrambenih proizvoda, a posebno onih koje doma\u0107instva moraju da kupuju [&hellip;]\" \/>\n<meta property=\"og:url\" content=\"https:\/\/radioljubuski.ba\/index.php\/2022\/04\/18\/vreca-brasna-33-km-nevidena-poskupljenja-hrane\/\" \/>\n<meta property=\"og:site_name\" content=\"RADIO LJUBU\u0160KI\" \/>\n<meta property=\"article:publisher\" content=\"https:\/\/www.facebook.com\/Radiio-Ljubuski-1490835324566332\" \/>\n<meta property=\"article:published_time\" content=\"2022-04-18T08:49:20+00:00\" \/>\n<meta property=\"article:modified_time\" content=\"2022-04-18T08:49:21+00:00\" \/>\n<meta property=\"og:image\" content=\"https:\/\/radioljubuski.ba\/wp-content\/uploads\/2022\/04\/8-2022-04-18-08-30-02-brasno-prosuto-po-podu-1200x812-1.jpg\" \/>\n\t<meta property=\"og:image:width\" content=\"1000\" \/>\n\t<meta property=\"og:image:height\" content=\"625\" \/>\n\t<meta property=\"og:image:type\" content=\"image\/jpeg\" \/>\n<meta name=\"author\" content=\"Radio Ljubu\u0161ki\" \/>\n<meta name=\"twitter:card\" content=\"summary_large_image\" \/>\n<meta name=\"twitter:creator\" content=\"@radioljubuski\" \/>\n<meta name=\"twitter:site\" content=\"@radioljubuski\" \/>\n<meta name=\"twitter:label1\" content=\"Napisao\/la\" \/>\n\t<meta name=\"twitter:data1\" content=\"Radio Ljubu\u0161ki\" \/>\n\t<meta name=\"twitter:label2\" content=\"Procijenjeno vrijeme \u010ditanja\" \/>\n\t<meta name=\"twitter:data2\" content=\"2 minute\" \/>\n<script type=\"application\/ld+json\" class=\"yoast-schema-graph\">{\"@context\":\"https:\\\/\\\/schema.org\",\"@graph\":[{\"@type\":\"Article\",\"@id\":\"https:\\\/\\\/radioljubuski.ba\\\/index.php\\\/2022\\\/04\\\/18\\\/vreca-brasna-33-km-nevidena-poskupljenja-hrane\\\/#article\",\"isPartOf\":{\"@id\":\"https:\\\/\\\/radioljubuski.ba\\\/index.php\\\/2022\\\/04\\\/18\\\/vreca-brasna-33-km-nevidena-poskupljenja-hrane\\\/\"},\"author\":{\"name\":\"Radio Ljubu\u0161ki\",\"@id\":\"https:\\\/\\\/radioljubuski.ba\\\/#\\\/schema\\\/person\\\/19fc700381a780f69665d7956c469e3b\"},\"headline\":\"Vre\u0107a bra\u0161na 33 KM, nevi\u0111ena poskupljenja hrane\",\"datePublished\":\"2022-04-18T08:49:20+00:00\",\"dateModified\":\"2022-04-18T08:49:21+00:00\",\"mainEntityOfPage\":{\"@id\":\"https:\\\/\\\/radioljubuski.ba\\\/index.php\\\/2022\\\/04\\\/18\\\/vreca-brasna-33-km-nevidena-poskupljenja-hrane\\\/\"},\"wordCount\":486,\"publisher\":{\"@id\":\"https:\\\/\\\/radioljubuski.ba\\\/#organization\"},\"image\":{\"@id\":\"https:\\\/\\\/radioljubuski.ba\\\/index.php\\\/2022\\\/04\\\/18\\\/vreca-brasna-33-km-nevidena-poskupljenja-hrane\\\/#primaryimage\"},\"thumbnailUrl\":\"https:\\\/\\\/radioljubuski.ba\\\/wp-content\\\/uploads\\\/2022\\\/04\\\/8-2022-04-18-08-30-02-brasno-prosuto-po-podu-1200x812-1.jpg\",\"articleSection\":[\"BIH i regija\"],\"inLanguage\":\"hr\"},{\"@type\":\"WebPage\",\"@id\":\"https:\\\/\\\/radioljubuski.ba\\\/index.php\\\/2022\\\/04\\\/18\\\/vreca-brasna-33-km-nevidena-poskupljenja-hrane\\\/\",\"url\":\"https:\\\/\\\/radioljubuski.ba\\\/index.php\\\/2022\\\/04\\\/18\\\/vreca-brasna-33-km-nevidena-poskupljenja-hrane\\\/\",\"name\":\"Vre\u0107a bra\u0161na 33 KM, nevi\u0111ena poskupljenja hrane - RADIO LJUBU\u0160KI\",\"isPartOf\":{\"@id\":\"https:\\\/\\\/radioljubuski.ba\\\/#website\"},\"primaryImageOfPage\":{\"@id\":\"https:\\\/\\\/radioljubuski.ba\\\/index.php\\\/2022\\\/04\\\/18\\\/vreca-brasna-33-km-nevidena-poskupljenja-hrane\\\/#primaryimage\"},\"image\":{\"@id\":\"https:\\\/\\\/radioljubuski.ba\\\/index.php\\\/2022\\\/04\\\/18\\\/vreca-brasna-33-km-nevidena-poskupljenja-hrane\\\/#primaryimage\"},\"thumbnailUrl\":\"https:\\\/\\\/radioljubuski.ba\\\/wp-content\\\/uploads\\\/2022\\\/04\\\/8-2022-04-18-08-30-02-brasno-prosuto-po-podu-1200x812-1.jpg\",\"datePublished\":\"2022-04-18T08:49:20+00:00\",\"dateModified\":\"2022-04-18T08:49:21+00:00\",\"breadcrumb\":{\"@id\":\"https:\\\/\\\/radioljubuski.ba\\\/index.php\\\/2022\\\/04\\\/18\\\/vreca-brasna-33-km-nevidena-poskupljenja-hrane\\\/#breadcrumb\"},\"inLanguage\":\"hr\",\"potentialAction\":[{\"@type\":\"ReadAction\",\"target\":[\"https:\\\/\\\/radioljubuski.ba\\\/index.php\\\/2022\\\/04\\\/18\\\/vreca-brasna-33-km-nevidena-poskupljenja-hrane\\\/\"]}]},{\"@type\":\"ImageObject\",\"inLanguage\":\"hr\",\"@id\":\"https:\\\/\\\/radioljubuski.ba\\\/index.php\\\/2022\\\/04\\\/18\\\/vreca-brasna-33-km-nevidena-poskupljenja-hrane\\\/#primaryimage\",\"url\":\"https:\\\/\\\/radioljubuski.ba\\\/wp-content\\\/uploads\\\/2022\\\/04\\\/8-2022-04-18-08-30-02-brasno-prosuto-po-podu-1200x812-1.jpg\",\"contentUrl\":\"https:\\\/\\\/radioljubuski.ba\\\/wp-content\\\/uploads\\\/2022\\\/04\\\/8-2022-04-18-08-30-02-brasno-prosuto-po-podu-1200x812-1.jpg\",\"width\":1000,\"height\":625},{\"@type\":\"BreadcrumbList\",\"@id\":\"https:\\\/\\\/radioljubuski.ba\\\/index.php\\\/2022\\\/04\\\/18\\\/vreca-brasna-33-km-nevidena-poskupljenja-hrane\\\/#breadcrumb\",\"itemListElement\":[{\"@type\":\"ListItem\",\"position\":1,\"name\":\"Po\u010detna stranica\",\"item\":\"https:\\\/\\\/radioljubuski.ba\\\/\"},{\"@type\":\"ListItem\",\"position\":2,\"name\":\"Vre\u0107a bra\u0161na 33 KM, nevi\u0111ena poskupljenja hrane\"}]},{\"@type\":\"WebSite\",\"@id\":\"https:\\\/\\\/radioljubuski.ba\\\/#website\",\"url\":\"https:\\\/\\\/radioljubuski.ba\\\/\",\"name\":\"Radio Ljubu\u0161ki\",\"description\":\"Sun\u010dana frekvencija Hercegovine\",\"publisher\":{\"@id\":\"https:\\\/\\\/radioljubuski.ba\\\/#organization\"},\"potentialAction\":[{\"@type\":\"SearchAction\",\"target\":{\"@type\":\"EntryPoint\",\"urlTemplate\":\"https:\\\/\\\/radioljubuski.ba\\\/?s={search_term_string}\"},\"query-input\":{\"@type\":\"PropertyValueSpecification\",\"valueRequired\":true,\"valueName\":\"search_term_string\"}}],\"inLanguage\":\"hr\"},{\"@type\":\"Organization\",\"@id\":\"https:\\\/\\\/radioljubuski.ba\\\/#organization\",\"name\":\"Radio Ljubu\u0161ki\",\"url\":\"https:\\\/\\\/radioljubuski.ba\\\/\",\"logo\":{\"@type\":\"ImageObject\",\"inLanguage\":\"hr\",\"@id\":\"https:\\\/\\\/radioljubuski.ba\\\/#\\\/schema\\\/logo\\\/image\\\/\",\"url\":\"https:\\\/\\\/radioljubuski.ba\\\/wp-content\\\/uploads\\\/2021\\\/02\\\/cropped-Radio_Ljubuski_logo1.jpg\",\"contentUrl\":\"https:\\\/\\\/radioljubuski.ba\\\/wp-content\\\/uploads\\\/2021\\\/02\\\/cropped-Radio_Ljubuski_logo1.jpg\",\"width\":512,\"height\":512,\"caption\":\"Radio Ljubu\u0161ki\"},\"image\":{\"@id\":\"https:\\\/\\\/radioljubuski.ba\\\/#\\\/schema\\\/logo\\\/image\\\/\"},\"sameAs\":[\"https:\\\/\\\/www.facebook.com\\\/Radiio-Ljubuski-1490835324566332\",\"https:\\\/\\\/x.com\\\/radioljubuski\",\"https:\\\/\\\/hr.linkedin.com\\\/company\\\/radio-ljubuski\",\"https:\\\/\\\/www.youtube.com\\\/channel\\\/UCHYaeO_n0Db3tjNGudGpXyw\"]},{\"@type\":\"Person\",\"@id\":\"https:\\\/\\\/radioljubuski.ba\\\/#\\\/schema\\\/person\\\/19fc700381a780f69665d7956c469e3b\",\"name\":\"Radio Ljubu\u0161ki\"}]}<\/script>\n<!-- \/ Yoast SEO plugin. -->","yoast_head_json":{"title":"Vre\u0107a bra\u0161na 33 KM, nevi\u0111ena poskupljenja hrane - RADIO LJUBU\u0160KI","robots":{"index":"index","follow":"follow","max-snippet":"max-snippet:-1","max-image-preview":"max-image-preview:large","max-video-preview":"max-video-preview:-1"},"canonical":"https:\/\/radioljubuski.ba\/index.php\/2022\/04\/18\/vreca-brasna-33-km-nevidena-poskupljenja-hrane\/","og_locale":"hr_HR","og_type":"article","og_title":"Vre\u0107a bra\u0161na 33 KM, nevi\u0111ena poskupljenja hrane - RADIO LJUBU\u0160KI","og_description":"Gra\u0111ani se proteklih mjesec i pol dana suo\u010davaju s nevi\u0111enim poskupljenjima hrane, tako da, s obzirom na primanja koja su ve\u0107inom ista, imaju sve manje novca i za one najosnovnije namirnice. Naime, odmah po izbijanju rusko-ukrajinske krize, kod nas je do\u0161lo do drasti\u010dnog skoka cijena prehrambenih proizvoda, a posebno onih koje doma\u0107instva moraju da kupuju [&hellip;]","og_url":"https:\/\/radioljubuski.ba\/index.php\/2022\/04\/18\/vreca-brasna-33-km-nevidena-poskupljenja-hrane\/","og_site_name":"RADIO LJUBU\u0160KI","article_publisher":"https:\/\/www.facebook.com\/Radiio-Ljubuski-1490835324566332","article_published_time":"2022-04-18T08:49:20+00:00","article_modified_time":"2022-04-18T08:49:21+00:00","og_image":[{"width":1000,"height":625,"url":"https:\/\/radioljubuski.ba\/wp-content\/uploads\/2022\/04\/8-2022-04-18-08-30-02-brasno-prosuto-po-podu-1200x812-1.jpg","type":"image\/jpeg"}],"author":"Radio Ljubu\u0161ki","twitter_card":"summary_large_image","twitter_creator":"@radioljubuski","twitter_site":"@radioljubuski","twitter_misc":{"Napisao\/la":"Radio Ljubu\u0161ki","Procijenjeno vrijeme \u010ditanja":"2 minute"},"schema":{"@context":"https:\/\/schema.org","@graph":[{"@type":"Article","@id":"https:\/\/radioljubuski.ba\/index.php\/2022\/04\/18\/vreca-brasna-33-km-nevidena-poskupljenja-hrane\/#article","isPartOf":{"@id":"https:\/\/radioljubuski.ba\/index.php\/2022\/04\/18\/vreca-brasna-33-km-nevidena-poskupljenja-hrane\/"},"author":{"name":"Radio Ljubu\u0161ki","@id":"https:\/\/radioljubuski.ba\/#\/schema\/person\/19fc700381a780f69665d7956c469e3b"},"headline":"Vre\u0107a bra\u0161na 33 KM, nevi\u0111ena poskupljenja hrane","datePublished":"2022-04-18T08:49:20+00:00","dateModified":"2022-04-18T08:49:21+00:00","mainEntityOfPage":{"@id":"https:\/\/radioljubuski.ba\/index.php\/2022\/04\/18\/vreca-brasna-33-km-nevidena-poskupljenja-hrane\/"},"wordCount":486,"publisher":{"@id":"https:\/\/radioljubuski.ba\/#organization"},"image":{"@id":"https:\/\/radioljubuski.ba\/index.php\/2022\/04\/18\/vreca-brasna-33-km-nevidena-poskupljenja-hrane\/#primaryimage"},"thumbnailUrl":"https:\/\/radioljubuski.ba\/wp-content\/uploads\/2022\/04\/8-2022-04-18-08-30-02-brasno-prosuto-po-podu-1200x812-1.jpg","articleSection":["BIH i regija"],"inLanguage":"hr"},{"@type":"WebPage","@id":"https:\/\/radioljubuski.ba\/index.php\/2022\/04\/18\/vreca-brasna-33-km-nevidena-poskupljenja-hrane\/","url":"https:\/\/radioljubuski.ba\/index.php\/2022\/04\/18\/vreca-brasna-33-km-nevidena-poskupljenja-hrane\/","name":"Vre\u0107a bra\u0161na 33 KM, nevi\u0111ena poskupljenja hrane - RADIO LJUBU\u0160KI","isPartOf":{"@id":"https:\/\/radioljubuski.ba\/#website"},"primaryImageOfPage":{"@id":"https:\/\/radioljubuski.ba\/index.php\/2022\/04\/18\/vreca-brasna-33-km-nevidena-poskupljenja-hrane\/#primaryimage"},"image":{"@id":"https:\/\/radioljubuski.ba\/index.php\/2022\/04\/18\/vreca-brasna-33-km-nevidena-poskupljenja-hrane\/#primaryimage"},"thumbnailUrl":"https:\/\/radioljubuski.ba\/wp-content\/uploads\/2022\/04\/8-2022-04-18-08-30-02-brasno-prosuto-po-podu-1200x812-1.jpg","datePublished":"2022-04-18T08:49:20+00:00","dateModified":"2022-04-18T08:49:21+00:00","breadcrumb":{"@id":"https:\/\/radioljubuski.ba\/index.php\/2022\/04\/18\/vreca-brasna-33-km-nevidena-poskupljenja-hrane\/#breadcrumb"},"inLanguage":"hr","potentialAction":[{"@type":"ReadAction","target":["https:\/\/radioljubuski.ba\/index.php\/2022\/04\/18\/vreca-brasna-33-km-nevidena-poskupljenja-hrane\/"]}]},{"@type":"ImageObject","inLanguage":"hr","@id":"https:\/\/radioljubuski.ba\/index.php\/2022\/04\/18\/vreca-brasna-33-km-nevidena-poskupljenja-hrane\/#primaryimage","url":"https:\/\/radioljubuski.ba\/wp-content\/uploads\/2022\/04\/8-2022-04-18-08-30-02-brasno-prosuto-po-podu-1200x812-1.jpg","contentUrl":"https:\/\/radioljubuski.ba\/wp-content\/uploads\/2022\/04\/8-2022-04-18-08-30-02-brasno-prosuto-po-podu-1200x812-1.jpg","width":1000,"height":625},{"@type":"BreadcrumbList","@id":"https:\/\/radioljubuski.ba\/index.php\/2022\/04\/18\/vreca-brasna-33-km-nevidena-poskupljenja-hrane\/#breadcrumb","itemListElement":[{"@type":"ListItem","position":1,"name":"Po\u010detna stranica","item":"https:\/\/radioljubuski.ba\/"},{"@type":"ListItem","position":2,"name":"Vre\u0107a bra\u0161na 33 KM, nevi\u0111ena poskupljenja hrane"}]},{"@type":"WebSite","@id":"https:\/\/radioljubuski.ba\/#website","url":"https:\/\/radioljubuski.ba\/","name":"Radio Ljubu\u0161ki","description":"Sun\u010dana frekvencija Hercegovine","publisher":{"@id":"https:\/\/radioljubuski.ba\/#organization"},"potentialAction":[{"@type":"SearchAction","target":{"@type":"EntryPoint","urlTemplate":"https:\/\/radioljubuski.ba\/?s={search_term_string}"},"query-input":{"@type":"PropertyValueSpecification","valueRequired":true,"valueName":"search_term_string"}}],"inLanguage":"hr"},{"@type":"Organization","@id":"https:\/\/radioljubuski.ba\/#organization","name":"Radio Ljubu\u0161ki","url":"https:\/\/radioljubuski.ba\/","logo":{"@type":"ImageObject","inLanguage":"hr","@id":"https:\/\/radioljubuski.ba\/#\/schema\/logo\/image\/","url":"https:\/\/radioljubuski.ba\/wp-content\/uploads\/2021\/02\/cropped-Radio_Ljubuski_logo1.jpg","contentUrl":"https:\/\/radioljubuski.ba\/wp-content\/uploads\/2021\/02\/cropped-Radio_Ljubuski_logo1.jpg","width":512,"height":512,"caption":"Radio Ljubu\u0161ki"},"image":{"@id":"https:\/\/radioljubuski.ba\/#\/schema\/logo\/image\/"},"sameAs":["https:\/\/www.facebook.com\/Radiio-Ljubuski-1490835324566332","https:\/\/x.com\/radioljubuski","https:\/\/hr.linkedin.com\/company\/radio-ljubuski","https:\/\/www.youtube.com\/channel\/UCHYaeO_n0Db3tjNGudGpXyw"]},{"@type":"Person","@id":"https:\/\/radioljubuski.ba\/#\/schema\/person\/19fc700381a780f69665d7956c469e3b","name":"Radio Ljubu\u0161ki"}]}},"_links":{"self":[{"href":"https:\/\/radioljubuski.ba\/index.php\/wp-json\/wp\/v2\/posts\/133426","targetHints":{"allow":["GET"]}}],"collection":[{"href":"https:\/\/radioljubuski.ba\/index.php\/wp-json\/wp\/v2\/posts"}],"about":[{"href":"https:\/\/radioljubuski.ba\/index.php\/wp-json\/wp\/v2\/types\/post"}],"author":[{"embeddable":true,"href":"https:\/\/radioljubuski.ba\/index.php\/wp-json\/wp\/v2\/users\/2"}],"replies":[{"embeddable":true,"href":"https:\/\/radioljubuski.ba\/index.php\/wp-json\/wp\/v2\/comments?post=133426"}],"version-history":[{"count":1,"href":"https:\/\/radioljubuski.ba\/index.php\/wp-json\/wp\/v2\/posts\/133426\/revisions"}],"predecessor-version":[{"id":133428,"href":"https:\/\/radioljubuski.ba\/index.php\/wp-json\/wp\/v2\/posts\/133426\/revisions\/133428"}],"wp:featuredmedia":[{"embeddable":true,"href":"https:\/\/radioljubuski.ba\/index.php\/wp-json\/wp\/v2\/media\/133427"}],"wp:attachment":[{"href":"https:\/\/radioljubuski.ba\/index.php\/wp-json\/wp\/v2\/media?parent=133426"}],"wp:term":[{"taxonomy":"category","embeddable":true,"href":"https:\/\/radioljubuski.ba\/index.php\/wp-json\/wp\/v2\/categories?post=133426"},{"taxonomy":"post_tag","embeddable":true,"href":"https:\/\/radioljubuski.ba\/index.php\/wp-json\/wp\/v2\/tags?post=133426"}],"curies":[{"name":"wp","href":"https:\/\/api.w.org\/{rel}","templated":true}]}}