{"id":133435,"date":"2022-04-18T09:53:17","date_gmt":"2022-04-18T08:53:17","guid":{"rendered":"https:\/\/radioljubuski.ba\/?p=133435"},"modified":"2022-04-18T09:53:18","modified_gmt":"2022-04-18T08:53:18","slug":"uskrsni-ponedjeljak-naziva-se-i-andelov-ponedjeljak-evo-sto-danas-slavimo","status":"publish","type":"post","link":"https:\/\/radioljubuski.ba\/index.php\/2022\/04\/18\/uskrsni-ponedjeljak-naziva-se-i-andelov-ponedjeljak-evo-sto-danas-slavimo\/","title":{"rendered":"Uskrsni ponedjeljak naziva se i An\u0111elov ponedjeljak; evo \u0161to danas slavimo"},"content":{"rendered":"\n<p><strong>Uskrsni ponedjeljak<\/strong> je kr\u0161\u0107anska svetkovina koja se slavi dan nakon Uskrsa. U Hrvatskoj i mnogim dr\u017eavama svijeta je slu\u017ebeni praznik. Na ovaj dan u crkvama se spominje put uskrsnulog Isusa u Emaus s dvojicom u\u010denika, koji su ga tek naknadno prepoznali, kada je lomio kruh. Nekada su uskrsne proslave trajale tjedan dana, ali je to u 19. stolje\u0107u skra\u0107eno na jedan dan poslije Uskrsa.<\/p>\n\n\n\n<p><strong>Papa Franjo: To je An\u0111elov ponedjeljak<\/strong><\/p>\n\n\n\n<p>Zanimljivo je kako se uskrsni ponedjeljak naziva i \u2018An\u0111elov ponedjeljak\u2019 o \u010demu je 2. travnja 2018. govorio papa Franjo.<\/p>\n\n\n\n<p>\u201dUskrsni ponedjeljak se naziva i \u2018An\u0111elov ponedjeljak\u2019 prema vrlo lijepoj tradiciji koja odgovara biblijskim izvorima o uskrsnu\u0107u. U evan\u0111eljima (usp. Mt 28, 1-10; Mk 16, 1-7; Lk 24, 1-12) se opisuje kako su \u017eene, kad su do\u0161le na grob, na\u0161le ga otvorenog. Bojale su se da ne\u0107e mo\u0107i u\u0107i jer je grob bio zatvoren velikim kamenom. Bio je, me\u0111utim, otvoren i iznutra im je jedan glas rekao da Isus nije ondje, ve\u0107 je uskrsnuo.<\/p>\n\n\n\n<p>Prvi su put izgovorene rije\u010di: \u2018Uskrsnuo je\u2019. Evan\u0111elisti pi\u0161u kako su taj prvi navje\u0161taj dali an\u0111eli, to jest Bo\u017eji glasnici. Ima jedno zna\u010denje u toj prisutnosti an\u0111ela: kao \u0161to je utjelovljenje Rije\u010di navijestio jedan an\u0111eo, Gabrijel, tako i kod navje\u0161taja uskrsnu\u0107a nije bila dovoljna ljudska rije\u010d. Bilo je potrebno jedno vi\u0161e bi\u0107e da navijesti stvarnost koja je toliko zapanjuju\u0107a i nevjerojatna i koju se mo\u017eda nijedan \u010dovjek ne bi usudio izgovoriti. Nakon tog prvog navje\u0161taja, zajednica u\u010denika po\u010dinje ponavljati: \u2018Doista uskrsnu Gospodin i ukaza se \u0160imunu!\u2019 (Lk 24, 34). Lijep je taj navje\u0161taj. Mo\u017eemo ga re\u0107i svi zajedno: \u2018Doista uskrsnu Gospodin\u2019. Taj prvi navje\u0161taj \u2013 \u2018Doista uskrsnu Gospodin\u2019 \u2013 zahtijevao je vi\u0161u inteligenciju od ljudske.<\/p>\n\n\n\n<p>Danas je dan slavlja i zajedni\u0161tva koji se obi\u010dno provodi s obitelji. To je obiteljski dan. Nakon \u0161to smo proslavili Uskrs, osje\u0107amo potrebu ponovno se na\u0107i sa svojim najmilijima i prijateljima da slavimo jer bratstvo je plod Kristova Uskrsa koji je svojom smr\u0107u i uskrsnu\u0107em pobijedio grijeh koji je odvojio \u010dovjeka od Boga, od njega samoga i od njegove bra\u0107e. No mi znamo da grijeh uvijek razdvaja, uvijek stvara neprijateljstva.<\/p>\n\n\n\n<p>Isus je sru\u0161io zid koji dijeli ljude jedne od drugih i ponovno uspostavio mir, zapo\u010dev\u0161i tkati mre\u017ee novog bratstva. U na\u0161e je vrijeme veoma va\u017eno ponovno otkriti bratstvo, kako je ono bilo \u017eivljeno u ranokr\u0161\u0107anskim zajednicama. Ponovno otkriti kako dati prostora Isusu koji nikad ne razdvaja, nego uvijek ujedinjuje. Bez bratstva i solidarnosti ne mo\u017ee biti istinskog zajedni\u0161tva i odgovornog zauzimanja za op\u0107e dobro i dru\u0161tvenu pravdu. Bez bratske solidarnosti ne mo\u017ee se ostvariti crkveno ili gra\u0111ansko dru\u0161tvo, ve\u0107 postoji samo skupina pojedinaca koji su pokretani ili povezani prema vlastitim interesima. Bratstvo je, pak, milost koju daje Isus\u201d, kazao je papa Franjo 2018.<\/p>\n\n\n\n<p><em>Izvor: narod.hr<\/em><\/p>\n","protected":false},"excerpt":{"rendered":"<p>Uskrsni ponedjeljak je kr\u0161\u0107anska svetkovina koja se slavi dan nakon Uskrsa. U Hrvatskoj i mnogim dr\u017eavama svijeta je slu\u017ebeni praznik. Na ovaj dan u crkvama se spominje put uskrsnulog Isusa u Emaus s dvojicom u\u010denika, koji su ga tek naknadno prepoznali, kada je lomio kruh. Nekada su uskrsne proslave trajale tjedan dana, ali je to [&hellip;]<\/p>\n","protected":false},"author":2,"featured_media":133436,"comment_status":"closed","ping_status":"closed","sticky":false,"template":"","format":"standard","meta":{"h5ap_radio_sources":[],"footnotes":""},"categories":[1],"tags":[],"class_list":["post-133435","post","type-post","status-publish","format-standard","has-post-thumbnail","hentry","category-bihiregija"],"yoast_head":"<!-- This site is optimized with the Yoast SEO plugin v27.5 - https:\/\/yoast.com\/product\/yoast-seo-wordpress\/ -->\n<title>Uskrsni ponedjeljak naziva se i An\u0111elov ponedjeljak; evo \u0161to danas slavimo - RADIO LJUBU\u0160KI<\/title>\n<meta name=\"robots\" content=\"index, follow, max-snippet:-1, max-image-preview:large, max-video-preview:-1\" \/>\n<link rel=\"canonical\" href=\"https:\/\/radioljubuski.ba\/index.php\/2022\/04\/18\/uskrsni-ponedjeljak-naziva-se-i-andelov-ponedjeljak-evo-sto-danas-slavimo\/\" \/>\n<meta property=\"og:locale\" content=\"hr_HR\" \/>\n<meta property=\"og:type\" content=\"article\" \/>\n<meta property=\"og:title\" content=\"Uskrsni ponedjeljak naziva se i An\u0111elov ponedjeljak; evo \u0161to danas slavimo - RADIO LJUBU\u0160KI\" \/>\n<meta property=\"og:description\" content=\"Uskrsni ponedjeljak je kr\u0161\u0107anska svetkovina koja se slavi dan nakon Uskrsa. U Hrvatskoj i mnogim dr\u017eavama svijeta je slu\u017ebeni praznik. Na ovaj dan u crkvama se spominje put uskrsnulog Isusa u Emaus s dvojicom u\u010denika, koji su ga tek naknadno prepoznali, kada je lomio kruh. Nekada su uskrsne proslave trajale tjedan dana, ali je to [&hellip;]\" \/>\n<meta property=\"og:url\" content=\"https:\/\/radioljubuski.ba\/index.php\/2022\/04\/18\/uskrsni-ponedjeljak-naziva-se-i-andelov-ponedjeljak-evo-sto-danas-slavimo\/\" \/>\n<meta property=\"og:site_name\" content=\"RADIO LJUBU\u0160KI\" \/>\n<meta property=\"article:publisher\" content=\"https:\/\/www.facebook.com\/Radiio-Ljubuski-1490835324566332\" \/>\n<meta property=\"article:published_time\" content=\"2022-04-18T08:53:17+00:00\" \/>\n<meta property=\"article:modified_time\" content=\"2022-04-18T08:53:18+00:00\" \/>\n<meta property=\"og:image\" content=\"https:\/\/radioljubuski.ba\/wp-content\/uploads\/2022\/04\/Snimka-zaslona-2022-04-12-153619.jpg\" \/>\n\t<meta property=\"og:image:width\" content=\"392\" \/>\n\t<meta property=\"og:image:height\" content=\"281\" \/>\n\t<meta property=\"og:image:type\" content=\"image\/jpeg\" \/>\n<meta name=\"author\" content=\"Radio Ljubu\u0161ki\" \/>\n<meta name=\"twitter:card\" content=\"summary_large_image\" \/>\n<meta name=\"twitter:creator\" content=\"@radioljubuski\" \/>\n<meta name=\"twitter:site\" content=\"@radioljubuski\" \/>\n<meta name=\"twitter:label1\" content=\"Napisao\/la\" \/>\n\t<meta name=\"twitter:data1\" content=\"Radio Ljubu\u0161ki\" \/>\n\t<meta name=\"twitter:label2\" content=\"Procijenjeno vrijeme \u010ditanja\" \/>\n\t<meta name=\"twitter:data2\" content=\"2 minute\" \/>\n<script type=\"application\/ld+json\" class=\"yoast-schema-graph\">{\"@context\":\"https:\\\/\\\/schema.org\",\"@graph\":[{\"@type\":\"Article\",\"@id\":\"https:\\\/\\\/radioljubuski.ba\\\/index.php\\\/2022\\\/04\\\/18\\\/uskrsni-ponedjeljak-naziva-se-i-andelov-ponedjeljak-evo-sto-danas-slavimo\\\/#article\",\"isPartOf\":{\"@id\":\"https:\\\/\\\/radioljubuski.ba\\\/index.php\\\/2022\\\/04\\\/18\\\/uskrsni-ponedjeljak-naziva-se-i-andelov-ponedjeljak-evo-sto-danas-slavimo\\\/\"},\"author\":{\"name\":\"Radio Ljubu\u0161ki\",\"@id\":\"https:\\\/\\\/radioljubuski.ba\\\/#\\\/schema\\\/person\\\/19fc700381a780f69665d7956c469e3b\"},\"headline\":\"Uskrsni ponedjeljak naziva se i An\u0111elov ponedjeljak; evo \u0161to danas slavimo\",\"datePublished\":\"2022-04-18T08:53:17+00:00\",\"dateModified\":\"2022-04-18T08:53:18+00:00\",\"mainEntityOfPage\":{\"@id\":\"https:\\\/\\\/radioljubuski.ba\\\/index.php\\\/2022\\\/04\\\/18\\\/uskrsni-ponedjeljak-naziva-se-i-andelov-ponedjeljak-evo-sto-danas-slavimo\\\/\"},\"wordCount\":517,\"publisher\":{\"@id\":\"https:\\\/\\\/radioljubuski.ba\\\/#organization\"},\"image\":{\"@id\":\"https:\\\/\\\/radioljubuski.ba\\\/index.php\\\/2022\\\/04\\\/18\\\/uskrsni-ponedjeljak-naziva-se-i-andelov-ponedjeljak-evo-sto-danas-slavimo\\\/#primaryimage\"},\"thumbnailUrl\":\"https:\\\/\\\/radioljubuski.ba\\\/wp-content\\\/uploads\\\/2022\\\/04\\\/Snimka-zaslona-2022-04-12-153619.jpg\",\"articleSection\":[\"BIH i regija\"],\"inLanguage\":\"hr\"},{\"@type\":\"WebPage\",\"@id\":\"https:\\\/\\\/radioljubuski.ba\\\/index.php\\\/2022\\\/04\\\/18\\\/uskrsni-ponedjeljak-naziva-se-i-andelov-ponedjeljak-evo-sto-danas-slavimo\\\/\",\"url\":\"https:\\\/\\\/radioljubuski.ba\\\/index.php\\\/2022\\\/04\\\/18\\\/uskrsni-ponedjeljak-naziva-se-i-andelov-ponedjeljak-evo-sto-danas-slavimo\\\/\",\"name\":\"Uskrsni ponedjeljak naziva se i An\u0111elov ponedjeljak; evo \u0161to danas slavimo - RADIO LJUBU\u0160KI\",\"isPartOf\":{\"@id\":\"https:\\\/\\\/radioljubuski.ba\\\/#website\"},\"primaryImageOfPage\":{\"@id\":\"https:\\\/\\\/radioljubuski.ba\\\/index.php\\\/2022\\\/04\\\/18\\\/uskrsni-ponedjeljak-naziva-se-i-andelov-ponedjeljak-evo-sto-danas-slavimo\\\/#primaryimage\"},\"image\":{\"@id\":\"https:\\\/\\\/radioljubuski.ba\\\/index.php\\\/2022\\\/04\\\/18\\\/uskrsni-ponedjeljak-naziva-se-i-andelov-ponedjeljak-evo-sto-danas-slavimo\\\/#primaryimage\"},\"thumbnailUrl\":\"https:\\\/\\\/radioljubuski.ba\\\/wp-content\\\/uploads\\\/2022\\\/04\\\/Snimka-zaslona-2022-04-12-153619.jpg\",\"datePublished\":\"2022-04-18T08:53:17+00:00\",\"dateModified\":\"2022-04-18T08:53:18+00:00\",\"breadcrumb\":{\"@id\":\"https:\\\/\\\/radioljubuski.ba\\\/index.php\\\/2022\\\/04\\\/18\\\/uskrsni-ponedjeljak-naziva-se-i-andelov-ponedjeljak-evo-sto-danas-slavimo\\\/#breadcrumb\"},\"inLanguage\":\"hr\",\"potentialAction\":[{\"@type\":\"ReadAction\",\"target\":[\"https:\\\/\\\/radioljubuski.ba\\\/index.php\\\/2022\\\/04\\\/18\\\/uskrsni-ponedjeljak-naziva-se-i-andelov-ponedjeljak-evo-sto-danas-slavimo\\\/\"]}]},{\"@type\":\"ImageObject\",\"inLanguage\":\"hr\",\"@id\":\"https:\\\/\\\/radioljubuski.ba\\\/index.php\\\/2022\\\/04\\\/18\\\/uskrsni-ponedjeljak-naziva-se-i-andelov-ponedjeljak-evo-sto-danas-slavimo\\\/#primaryimage\",\"url\":\"https:\\\/\\\/radioljubuski.ba\\\/wp-content\\\/uploads\\\/2022\\\/04\\\/Snimka-zaslona-2022-04-12-153619.jpg\",\"contentUrl\":\"https:\\\/\\\/radioljubuski.ba\\\/wp-content\\\/uploads\\\/2022\\\/04\\\/Snimka-zaslona-2022-04-12-153619.jpg\",\"width\":392,\"height\":281},{\"@type\":\"BreadcrumbList\",\"@id\":\"https:\\\/\\\/radioljubuski.ba\\\/index.php\\\/2022\\\/04\\\/18\\\/uskrsni-ponedjeljak-naziva-se-i-andelov-ponedjeljak-evo-sto-danas-slavimo\\\/#breadcrumb\",\"itemListElement\":[{\"@type\":\"ListItem\",\"position\":1,\"name\":\"Po\u010detna stranica\",\"item\":\"https:\\\/\\\/radioljubuski.ba\\\/\"},{\"@type\":\"ListItem\",\"position\":2,\"name\":\"Uskrsni ponedjeljak naziva se i An\u0111elov ponedjeljak; evo \u0161to danas slavimo\"}]},{\"@type\":\"WebSite\",\"@id\":\"https:\\\/\\\/radioljubuski.ba\\\/#website\",\"url\":\"https:\\\/\\\/radioljubuski.ba\\\/\",\"name\":\"Radio Ljubu\u0161ki\",\"description\":\"Sun\u010dana frekvencija Hercegovine\",\"publisher\":{\"@id\":\"https:\\\/\\\/radioljubuski.ba\\\/#organization\"},\"potentialAction\":[{\"@type\":\"SearchAction\",\"target\":{\"@type\":\"EntryPoint\",\"urlTemplate\":\"https:\\\/\\\/radioljubuski.ba\\\/?s={search_term_string}\"},\"query-input\":{\"@type\":\"PropertyValueSpecification\",\"valueRequired\":true,\"valueName\":\"search_term_string\"}}],\"inLanguage\":\"hr\"},{\"@type\":\"Organization\",\"@id\":\"https:\\\/\\\/radioljubuski.ba\\\/#organization\",\"name\":\"Radio Ljubu\u0161ki\",\"url\":\"https:\\\/\\\/radioljubuski.ba\\\/\",\"logo\":{\"@type\":\"ImageObject\",\"inLanguage\":\"hr\",\"@id\":\"https:\\\/\\\/radioljubuski.ba\\\/#\\\/schema\\\/logo\\\/image\\\/\",\"url\":\"https:\\\/\\\/radioljubuski.ba\\\/wp-content\\\/uploads\\\/2021\\\/02\\\/cropped-Radio_Ljubuski_logo1.jpg\",\"contentUrl\":\"https:\\\/\\\/radioljubuski.ba\\\/wp-content\\\/uploads\\\/2021\\\/02\\\/cropped-Radio_Ljubuski_logo1.jpg\",\"width\":512,\"height\":512,\"caption\":\"Radio Ljubu\u0161ki\"},\"image\":{\"@id\":\"https:\\\/\\\/radioljubuski.ba\\\/#\\\/schema\\\/logo\\\/image\\\/\"},\"sameAs\":[\"https:\\\/\\\/www.facebook.com\\\/Radiio-Ljubuski-1490835324566332\",\"https:\\\/\\\/x.com\\\/radioljubuski\",\"https:\\\/\\\/hr.linkedin.com\\\/company\\\/radio-ljubuski\",\"https:\\\/\\\/www.youtube.com\\\/channel\\\/UCHYaeO_n0Db3tjNGudGpXyw\"]},{\"@type\":\"Person\",\"@id\":\"https:\\\/\\\/radioljubuski.ba\\\/#\\\/schema\\\/person\\\/19fc700381a780f69665d7956c469e3b\",\"name\":\"Radio Ljubu\u0161ki\"}]}<\/script>\n<!-- \/ Yoast SEO plugin. -->","yoast_head_json":{"title":"Uskrsni ponedjeljak naziva se i An\u0111elov ponedjeljak; evo \u0161to danas slavimo - RADIO LJUBU\u0160KI","robots":{"index":"index","follow":"follow","max-snippet":"max-snippet:-1","max-image-preview":"max-image-preview:large","max-video-preview":"max-video-preview:-1"},"canonical":"https:\/\/radioljubuski.ba\/index.php\/2022\/04\/18\/uskrsni-ponedjeljak-naziva-se-i-andelov-ponedjeljak-evo-sto-danas-slavimo\/","og_locale":"hr_HR","og_type":"article","og_title":"Uskrsni ponedjeljak naziva se i An\u0111elov ponedjeljak; evo \u0161to danas slavimo - RADIO LJUBU\u0160KI","og_description":"Uskrsni ponedjeljak je kr\u0161\u0107anska svetkovina koja se slavi dan nakon Uskrsa. U Hrvatskoj i mnogim dr\u017eavama svijeta je slu\u017ebeni praznik. Na ovaj dan u crkvama se spominje put uskrsnulog Isusa u Emaus s dvojicom u\u010denika, koji su ga tek naknadno prepoznali, kada je lomio kruh. Nekada su uskrsne proslave trajale tjedan dana, ali je to [&hellip;]","og_url":"https:\/\/radioljubuski.ba\/index.php\/2022\/04\/18\/uskrsni-ponedjeljak-naziva-se-i-andelov-ponedjeljak-evo-sto-danas-slavimo\/","og_site_name":"RADIO LJUBU\u0160KI","article_publisher":"https:\/\/www.facebook.com\/Radiio-Ljubuski-1490835324566332","article_published_time":"2022-04-18T08:53:17+00:00","article_modified_time":"2022-04-18T08:53:18+00:00","og_image":[{"width":392,"height":281,"url":"https:\/\/radioljubuski.ba\/wp-content\/uploads\/2022\/04\/Snimka-zaslona-2022-04-12-153619.jpg","type":"image\/jpeg"}],"author":"Radio Ljubu\u0161ki","twitter_card":"summary_large_image","twitter_creator":"@radioljubuski","twitter_site":"@radioljubuski","twitter_misc":{"Napisao\/la":"Radio Ljubu\u0161ki","Procijenjeno vrijeme \u010ditanja":"2 minute"},"schema":{"@context":"https:\/\/schema.org","@graph":[{"@type":"Article","@id":"https:\/\/radioljubuski.ba\/index.php\/2022\/04\/18\/uskrsni-ponedjeljak-naziva-se-i-andelov-ponedjeljak-evo-sto-danas-slavimo\/#article","isPartOf":{"@id":"https:\/\/radioljubuski.ba\/index.php\/2022\/04\/18\/uskrsni-ponedjeljak-naziva-se-i-andelov-ponedjeljak-evo-sto-danas-slavimo\/"},"author":{"name":"Radio Ljubu\u0161ki","@id":"https:\/\/radioljubuski.ba\/#\/schema\/person\/19fc700381a780f69665d7956c469e3b"},"headline":"Uskrsni ponedjeljak naziva se i An\u0111elov ponedjeljak; evo \u0161to danas slavimo","datePublished":"2022-04-18T08:53:17+00:00","dateModified":"2022-04-18T08:53:18+00:00","mainEntityOfPage":{"@id":"https:\/\/radioljubuski.ba\/index.php\/2022\/04\/18\/uskrsni-ponedjeljak-naziva-se-i-andelov-ponedjeljak-evo-sto-danas-slavimo\/"},"wordCount":517,"publisher":{"@id":"https:\/\/radioljubuski.ba\/#organization"},"image":{"@id":"https:\/\/radioljubuski.ba\/index.php\/2022\/04\/18\/uskrsni-ponedjeljak-naziva-se-i-andelov-ponedjeljak-evo-sto-danas-slavimo\/#primaryimage"},"thumbnailUrl":"https:\/\/radioljubuski.ba\/wp-content\/uploads\/2022\/04\/Snimka-zaslona-2022-04-12-153619.jpg","articleSection":["BIH i regija"],"inLanguage":"hr"},{"@type":"WebPage","@id":"https:\/\/radioljubuski.ba\/index.php\/2022\/04\/18\/uskrsni-ponedjeljak-naziva-se-i-andelov-ponedjeljak-evo-sto-danas-slavimo\/","url":"https:\/\/radioljubuski.ba\/index.php\/2022\/04\/18\/uskrsni-ponedjeljak-naziva-se-i-andelov-ponedjeljak-evo-sto-danas-slavimo\/","name":"Uskrsni ponedjeljak naziva se i An\u0111elov ponedjeljak; evo \u0161to danas slavimo - RADIO LJUBU\u0160KI","isPartOf":{"@id":"https:\/\/radioljubuski.ba\/#website"},"primaryImageOfPage":{"@id":"https:\/\/radioljubuski.ba\/index.php\/2022\/04\/18\/uskrsni-ponedjeljak-naziva-se-i-andelov-ponedjeljak-evo-sto-danas-slavimo\/#primaryimage"},"image":{"@id":"https:\/\/radioljubuski.ba\/index.php\/2022\/04\/18\/uskrsni-ponedjeljak-naziva-se-i-andelov-ponedjeljak-evo-sto-danas-slavimo\/#primaryimage"},"thumbnailUrl":"https:\/\/radioljubuski.ba\/wp-content\/uploads\/2022\/04\/Snimka-zaslona-2022-04-12-153619.jpg","datePublished":"2022-04-18T08:53:17+00:00","dateModified":"2022-04-18T08:53:18+00:00","breadcrumb":{"@id":"https:\/\/radioljubuski.ba\/index.php\/2022\/04\/18\/uskrsni-ponedjeljak-naziva-se-i-andelov-ponedjeljak-evo-sto-danas-slavimo\/#breadcrumb"},"inLanguage":"hr","potentialAction":[{"@type":"ReadAction","target":["https:\/\/radioljubuski.ba\/index.php\/2022\/04\/18\/uskrsni-ponedjeljak-naziva-se-i-andelov-ponedjeljak-evo-sto-danas-slavimo\/"]}]},{"@type":"ImageObject","inLanguage":"hr","@id":"https:\/\/radioljubuski.ba\/index.php\/2022\/04\/18\/uskrsni-ponedjeljak-naziva-se-i-andelov-ponedjeljak-evo-sto-danas-slavimo\/#primaryimage","url":"https:\/\/radioljubuski.ba\/wp-content\/uploads\/2022\/04\/Snimka-zaslona-2022-04-12-153619.jpg","contentUrl":"https:\/\/radioljubuski.ba\/wp-content\/uploads\/2022\/04\/Snimka-zaslona-2022-04-12-153619.jpg","width":392,"height":281},{"@type":"BreadcrumbList","@id":"https:\/\/radioljubuski.ba\/index.php\/2022\/04\/18\/uskrsni-ponedjeljak-naziva-se-i-andelov-ponedjeljak-evo-sto-danas-slavimo\/#breadcrumb","itemListElement":[{"@type":"ListItem","position":1,"name":"Po\u010detna stranica","item":"https:\/\/radioljubuski.ba\/"},{"@type":"ListItem","position":2,"name":"Uskrsni ponedjeljak naziva se i An\u0111elov ponedjeljak; evo \u0161to danas slavimo"}]},{"@type":"WebSite","@id":"https:\/\/radioljubuski.ba\/#website","url":"https:\/\/radioljubuski.ba\/","name":"Radio Ljubu\u0161ki","description":"Sun\u010dana frekvencija Hercegovine","publisher":{"@id":"https:\/\/radioljubuski.ba\/#organization"},"potentialAction":[{"@type":"SearchAction","target":{"@type":"EntryPoint","urlTemplate":"https:\/\/radioljubuski.ba\/?s={search_term_string}"},"query-input":{"@type":"PropertyValueSpecification","valueRequired":true,"valueName":"search_term_string"}}],"inLanguage":"hr"},{"@type":"Organization","@id":"https:\/\/radioljubuski.ba\/#organization","name":"Radio Ljubu\u0161ki","url":"https:\/\/radioljubuski.ba\/","logo":{"@type":"ImageObject","inLanguage":"hr","@id":"https:\/\/radioljubuski.ba\/#\/schema\/logo\/image\/","url":"https:\/\/radioljubuski.ba\/wp-content\/uploads\/2021\/02\/cropped-Radio_Ljubuski_logo1.jpg","contentUrl":"https:\/\/radioljubuski.ba\/wp-content\/uploads\/2021\/02\/cropped-Radio_Ljubuski_logo1.jpg","width":512,"height":512,"caption":"Radio Ljubu\u0161ki"},"image":{"@id":"https:\/\/radioljubuski.ba\/#\/schema\/logo\/image\/"},"sameAs":["https:\/\/www.facebook.com\/Radiio-Ljubuski-1490835324566332","https:\/\/x.com\/radioljubuski","https:\/\/hr.linkedin.com\/company\/radio-ljubuski","https:\/\/www.youtube.com\/channel\/UCHYaeO_n0Db3tjNGudGpXyw"]},{"@type":"Person","@id":"https:\/\/radioljubuski.ba\/#\/schema\/person\/19fc700381a780f69665d7956c469e3b","name":"Radio Ljubu\u0161ki"}]}},"_links":{"self":[{"href":"https:\/\/radioljubuski.ba\/index.php\/wp-json\/wp\/v2\/posts\/133435","targetHints":{"allow":["GET"]}}],"collection":[{"href":"https:\/\/radioljubuski.ba\/index.php\/wp-json\/wp\/v2\/posts"}],"about":[{"href":"https:\/\/radioljubuski.ba\/index.php\/wp-json\/wp\/v2\/types\/post"}],"author":[{"embeddable":true,"href":"https:\/\/radioljubuski.ba\/index.php\/wp-json\/wp\/v2\/users\/2"}],"replies":[{"embeddable":true,"href":"https:\/\/radioljubuski.ba\/index.php\/wp-json\/wp\/v2\/comments?post=133435"}],"version-history":[{"count":1,"href":"https:\/\/radioljubuski.ba\/index.php\/wp-json\/wp\/v2\/posts\/133435\/revisions"}],"predecessor-version":[{"id":133437,"href":"https:\/\/radioljubuski.ba\/index.php\/wp-json\/wp\/v2\/posts\/133435\/revisions\/133437"}],"wp:featuredmedia":[{"embeddable":true,"href":"https:\/\/radioljubuski.ba\/index.php\/wp-json\/wp\/v2\/media\/133436"}],"wp:attachment":[{"href":"https:\/\/radioljubuski.ba\/index.php\/wp-json\/wp\/v2\/media?parent=133435"}],"wp:term":[{"taxonomy":"category","embeddable":true,"href":"https:\/\/radioljubuski.ba\/index.php\/wp-json\/wp\/v2\/categories?post=133435"},{"taxonomy":"post_tag","embeddable":true,"href":"https:\/\/radioljubuski.ba\/index.php\/wp-json\/wp\/v2\/tags?post=133435"}],"curies":[{"name":"wp","href":"https:\/\/api.w.org\/{rel}","templated":true}]}}