{"id":133441,"date":"2022-04-18T10:11:09","date_gmt":"2022-04-18T09:11:09","guid":{"rendered":"https:\/\/radioljubuski.ba\/?p=133441"},"modified":"2022-04-18T10:11:10","modified_gmt":"2022-04-18T09:11:10","slug":"u-institucijama-bih-cistacica-se-prima-natjecajem-u-slucaju-sip-a-to-je-ignorirano","status":"publish","type":"post","link":"https:\/\/radioljubuski.ba\/index.php\/2022\/04\/18\/u-institucijama-bih-cistacica-se-prima-natjecajem-u-slucaju-sip-a-to-je-ignorirano\/","title":{"rendered":"U institucijama BiH \u010dista\u010dica se prima natje\u010dajem, u slu\u010daju SIP-a to je ignorirano"},"content":{"rendered":"\n<p><strong>Tijekom posebne rasprave u Narodnoj skup\u0161tini Republike Srpske kojom su problematizirane odluke vezane uz sklapanje me\u0111udr\u017eavnog sporazuma u koji je uklju\u010deno Sredi\u0161nje izborno povjerenstvo, ponovljene su tvrdnje kako je ova dr\u017eavna institucija imenovana nezakonito.<\/strong><\/p>\n\n\n\n<p>Dapa\u010de, izneseno je na desetke argumenata kojim je procedura razrje\u0161enja, a onda i imenovanja novoga saziva provedena krajnje nezakonito, kr\u0161enjem procedura i potrebe zadovoljenja interesa politi\u010dkoga Sarajeva. \u0160ef Kluba zastupnika SNSD-a u Narodnoj skup\u0161tini RS-a Sr\u0111an Mazalica istaknuo je kako je jasno da je sada\u0161nji saziv SIP-a doveden \u201cs ulice\u201d, pi\u0161e <a href=\"https:\/\/m.vecernji.ba\/vijesti\/u-institucijama-bih-cistacica-se-prima-natjecajem-u-slucaju-sip-a-to-je-ignorirano-1579414\">Ve\u010dernji list BiH<\/a>.<\/p>\n\n\n\n<p><strong>Bez natje\u010daja<\/strong><\/p>\n\n\n\n<p>\u2013 Smatramo da je izbor sada\u0161njeg saziva Sredi\u0161njeg izbornog povjerenstva nelegalan i nelegitiman. Podsjetit \u0107u da su izabrani \u010dlanovi SIP-a bez natje\u010dajne procedure. U institucijama BiH za poziciju \u010dista\u010dice raspisuje se natje\u010daj, a ovdje su izabrani \u010dlanovi SIP-a bez provedenog natje\u010daja. Prava drugih ljudi da se prijave na taj natje\u010daj su ugro\u017eena tako da je svim gra\u0111anima koji su imali namjeru konkurirati za to mjesto to pravo onemogu\u0107eno. Parlamentarna skup\u0161tina BiH s bo\u0161nja\u010dkim strankama na \u010delu, sa SDA, SDS-om i PDP-om, prakti\u010dno su \u201cs ulice\u201d doveli ljude i imenovali ih u Sredi\u0161nje izborno povjerenstvo. Oni upori\u0161te nalaze u zakonu da ako se u roku od 30 dana prije isteka mandata ne dostavi kandidacijska lista Parlamentarnoj skup\u0161tini, da onda ta ista Parlamentarna skup\u0161tina mo\u017ee utvrditi listu. Da, to\u010dno je da ona mo\u017ee utvrditi listu, ali mora biti proveden natje\u010daj jer je to op\u0107a obvezuju\u0107a odredba \u2013 rekao je Mazalica.<\/p>\n\n\n\n<p>Dodao je kako su se na tu diverzantsku proceduru \u017ealili kandidati za poziciju u SIP-u nakon \u010dega je Sud BiH godinu dana otezao s tim slu\u010dajem. \u010cak i s imenovanjem postupaju\u0107eg suca. \u2013 Kada bi taj spor do\u0161ao kod bilo kojega pravnika, toliko je jasna stvar da se mo\u017ee sprije\u010diti dono\u0161enje odluka samo otezanjem kako bi proteklo nekoliko izbornih ciklusa. Mi smatramo da je nemogu\u0107e dalje \u010dekati kako bi se zavr\u0161io sudski proces da bi se dobila odluka koja bi potvrdila da su ovi \u010dlanovi SIP-a izabrani na nezakonit i nelegitiman na\u010din i da se njima mandat mora oduzeti \u2013 dodao je Mazalica.<\/p>\n\n\n\n<p>On je dodao kako ne postoji politi\u010dka suglasnost da se eventualno poni\u0161te odluke o provedenim lokalnim izborima u BiH, no da taj posao treba okon\u010dati do sljede\u0107ih izbora. \u2013 Sve je mogu\u0107e, ali ne postoji politi\u010dka volja u BiH da se ospori cijeli jedan izborni ciklus. O\u010dekujem, me\u0111utim, da se do izbora razrije\u0161i ta situacija i da do\u0111emo do izbora \u010dlanova SIP-a koji bi bili izabrani u skladu sa zakonom. Sada\u0161nji \u010dlanovi nisu izabrani u skladu sa zakonom \u2013 zaklju\u010dio je. Novak Bo\u017ei\u010dkovi\u0107, koji je na prijeporan na\u010din razrije\u0161en pozicije \u010dlana Sredi\u0161njeg izbornog povjerenstva, izjavio je za Ve\u010dernjak kako o\u010dekuje da sud razrije\u0161i dvojbu oko imenovanja. Ovaj pravnik, koji je u karijeri bio i sudac, o\u010dekuje da odluka potvrdi kr\u0161enje zakona.<\/p>\n\n\n\n<p><strong>Spojene tri \u017ealbe<\/strong><\/p>\n\n\n\n<p>Ina\u010de, tek nedavno nakon skoro dvije godine od imenovanja novih \u010dlanova sutkinja Suda BiH Jadranka Brenjo spojila je tri tu\u017ebe protiv razrje\u0161enja te imenovanja novoga saziva Sredi\u0161njeg izbornog povjerenstva (SIP) Bosne i Hercegovine koje je provedeno u Zastupni\u010dkom domu Parlamenta BiH. Uz \u010dlanove iz staroga saziva Novaka Bo\u017ei\u010dkovi\u0107a te Branka Petri\u0107a, u jedinstven sudski slu\u010daj uvr\u0161tena je i tu\u017eba Sanje Stanimirovi\u0107 \u2013 Ostoji\u0107 koja se tako\u0111er \u017ealila na proceduru, koja je, po navodima tu\u017eitelja, provedena nezakonito. U odgovoru odvjetniku Branku Risti\u0107u, koji zastupa nekada\u0161njeg \u010dlana SIP-a Novaka Bo\u017ei\u010dkovi\u0107a i koji je uputio urgenciju da se cijeli slu\u010daj kona\u010dno ubrza i rije\u0161i, sutkinja Brenjo navela je kako su tri upravna spora pokrenuta protiv istog kona\u010dnog akta, \u010dime su, po njoj, ispunjene osnovne procesne pretpostavke da se izvr\u0161i spajanje spisa, a \u0161to je u\u010dinjeno kako bi se donijela jedinstvena odluka.<\/p>\n\n\n\n<p>Izvijestila je kako \u0107e ovaj predmet biti uzet u rad u skladu s pravilnikom o vremenskim okvirima Visokog sudbenog i tu\u017eiteljskog vije\u0107a BiH i Europske konvencije o ljudskim pravima. Odvjetnik Risti\u0107 za Ve\u010dernjak poja\u0161njava kako smatra da je tu\u017eba kojom se osporava na\u010din razrje\u0161enja i imenovanja novih \u010dlanova SIP-a apsolutno utemeljena.<\/p>\n\n\n\n<p>\/HMS\/<\/p>\n","protected":false},"excerpt":{"rendered":"<p>Tijekom posebne rasprave u Narodnoj skup\u0161tini Republike Srpske kojom su problematizirane odluke vezane uz sklapanje me\u0111udr\u017eavnog sporazuma u koji je uklju\u010deno Sredi\u0161nje izborno povjerenstvo, ponovljene su tvrdnje kako je ova dr\u017eavna institucija imenovana nezakonito. Dapa\u010de, izneseno je na desetke argumenata kojim je procedura razrje\u0161enja, a onda i imenovanja novoga saziva provedena krajnje nezakonito, kr\u0161enjem procedura [&hellip;]<\/p>\n","protected":false},"author":2,"featured_media":133442,"comment_status":"closed","ping_status":"closed","sticky":false,"template":"","format":"standard","meta":{"h5ap_radio_sources":[],"footnotes":""},"categories":[1],"tags":[],"class_list":["post-133441","post","type-post","status-publish","format-standard","has-post-thumbnail","hentry","category-bihiregija"],"yoast_head":"<!-- This site is optimized with the Yoast SEO plugin v27.5 - https:\/\/yoast.com\/product\/yoast-seo-wordpress\/ -->\n<title>U institucijama BiH \u010dista\u010dica se prima natje\u010dajem, u slu\u010daju SIP-a to je ignorirano - RADIO LJUBU\u0160KI<\/title>\n<meta name=\"robots\" content=\"index, follow, max-snippet:-1, max-image-preview:large, max-video-preview:-1\" \/>\n<link rel=\"canonical\" href=\"https:\/\/radioljubuski.ba\/index.php\/2022\/04\/18\/u-institucijama-bih-cistacica-se-prima-natjecajem-u-slucaju-sip-a-to-je-ignorirano\/\" \/>\n<meta property=\"og:locale\" content=\"hr_HR\" \/>\n<meta property=\"og:type\" content=\"article\" \/>\n<meta property=\"og:title\" content=\"U institucijama BiH \u010dista\u010dica se prima natje\u010dajem, u slu\u010daju SIP-a to je ignorirano - RADIO LJUBU\u0160KI\" \/>\n<meta property=\"og:description\" content=\"Tijekom posebne rasprave u Narodnoj skup\u0161tini Republike Srpske kojom su problematizirane odluke vezane uz sklapanje me\u0111udr\u017eavnog sporazuma u koji je uklju\u010deno Sredi\u0161nje izborno povjerenstvo, ponovljene su tvrdnje kako je ova dr\u017eavna institucija imenovana nezakonito. Dapa\u010de, izneseno je na desetke argumenata kojim je procedura razrje\u0161enja, a onda i imenovanja novoga saziva provedena krajnje nezakonito, kr\u0161enjem procedura [&hellip;]\" \/>\n<meta property=\"og:url\" content=\"https:\/\/radioljubuski.ba\/index.php\/2022\/04\/18\/u-institucijama-bih-cistacica-se-prima-natjecajem-u-slucaju-sip-a-to-je-ignorirano\/\" \/>\n<meta property=\"og:site_name\" content=\"RADIO LJUBU\u0160KI\" \/>\n<meta property=\"article:publisher\" content=\"https:\/\/www.facebook.com\/Radiio-Ljubuski-1490835324566332\" \/>\n<meta property=\"article:published_time\" content=\"2022-04-18T09:11:09+00:00\" \/>\n<meta property=\"article:modified_time\" content=\"2022-04-18T09:11:10+00:00\" \/>\n<meta property=\"og:image\" content=\"https:\/\/radioljubuski.ba\/wp-content\/uploads\/2022\/04\/Zeljko-Bakalar-1068x601-1.png\" \/>\n\t<meta property=\"og:image:width\" content=\"1068\" \/>\n\t<meta property=\"og:image:height\" content=\"601\" \/>\n\t<meta property=\"og:image:type\" content=\"image\/png\" \/>\n<meta name=\"author\" content=\"Radio Ljubu\u0161ki\" \/>\n<meta name=\"twitter:card\" content=\"summary_large_image\" \/>\n<meta name=\"twitter:creator\" content=\"@radioljubuski\" \/>\n<meta name=\"twitter:site\" content=\"@radioljubuski\" \/>\n<meta name=\"twitter:label1\" content=\"Napisao\/la\" \/>\n\t<meta name=\"twitter:data1\" content=\"Radio Ljubu\u0161ki\" \/>\n\t<meta name=\"twitter:label2\" content=\"Procijenjeno vrijeme \u010ditanja\" \/>\n\t<meta name=\"twitter:data2\" content=\"3 minute\" \/>\n<script type=\"application\/ld+json\" class=\"yoast-schema-graph\">{\"@context\":\"https:\\\/\\\/schema.org\",\"@graph\":[{\"@type\":\"Article\",\"@id\":\"https:\\\/\\\/radioljubuski.ba\\\/index.php\\\/2022\\\/04\\\/18\\\/u-institucijama-bih-cistacica-se-prima-natjecajem-u-slucaju-sip-a-to-je-ignorirano\\\/#article\",\"isPartOf\":{\"@id\":\"https:\\\/\\\/radioljubuski.ba\\\/index.php\\\/2022\\\/04\\\/18\\\/u-institucijama-bih-cistacica-se-prima-natjecajem-u-slucaju-sip-a-to-je-ignorirano\\\/\"},\"author\":{\"name\":\"Radio Ljubu\u0161ki\",\"@id\":\"https:\\\/\\\/radioljubuski.ba\\\/#\\\/schema\\\/person\\\/19fc700381a780f69665d7956c469e3b\"},\"headline\":\"U institucijama BiH \u010dista\u010dica se prima natje\u010dajem, u slu\u010daju SIP-a to je ignorirano\",\"datePublished\":\"2022-04-18T09:11:09+00:00\",\"dateModified\":\"2022-04-18T09:11:10+00:00\",\"mainEntityOfPage\":{\"@id\":\"https:\\\/\\\/radioljubuski.ba\\\/index.php\\\/2022\\\/04\\\/18\\\/u-institucijama-bih-cistacica-se-prima-natjecajem-u-slucaju-sip-a-to-je-ignorirano\\\/\"},\"wordCount\":766,\"publisher\":{\"@id\":\"https:\\\/\\\/radioljubuski.ba\\\/#organization\"},\"image\":{\"@id\":\"https:\\\/\\\/radioljubuski.ba\\\/index.php\\\/2022\\\/04\\\/18\\\/u-institucijama-bih-cistacica-se-prima-natjecajem-u-slucaju-sip-a-to-je-ignorirano\\\/#primaryimage\"},\"thumbnailUrl\":\"https:\\\/\\\/radioljubuski.ba\\\/wp-content\\\/uploads\\\/2022\\\/04\\\/Zeljko-Bakalar-1068x601-1.png\",\"articleSection\":[\"BIH i regija\"],\"inLanguage\":\"hr\"},{\"@type\":\"WebPage\",\"@id\":\"https:\\\/\\\/radioljubuski.ba\\\/index.php\\\/2022\\\/04\\\/18\\\/u-institucijama-bih-cistacica-se-prima-natjecajem-u-slucaju-sip-a-to-je-ignorirano\\\/\",\"url\":\"https:\\\/\\\/radioljubuski.ba\\\/index.php\\\/2022\\\/04\\\/18\\\/u-institucijama-bih-cistacica-se-prima-natjecajem-u-slucaju-sip-a-to-je-ignorirano\\\/\",\"name\":\"U institucijama BiH \u010dista\u010dica se prima natje\u010dajem, u slu\u010daju SIP-a to je ignorirano - RADIO LJUBU\u0160KI\",\"isPartOf\":{\"@id\":\"https:\\\/\\\/radioljubuski.ba\\\/#website\"},\"primaryImageOfPage\":{\"@id\":\"https:\\\/\\\/radioljubuski.ba\\\/index.php\\\/2022\\\/04\\\/18\\\/u-institucijama-bih-cistacica-se-prima-natjecajem-u-slucaju-sip-a-to-je-ignorirano\\\/#primaryimage\"},\"image\":{\"@id\":\"https:\\\/\\\/radioljubuski.ba\\\/index.php\\\/2022\\\/04\\\/18\\\/u-institucijama-bih-cistacica-se-prima-natjecajem-u-slucaju-sip-a-to-je-ignorirano\\\/#primaryimage\"},\"thumbnailUrl\":\"https:\\\/\\\/radioljubuski.ba\\\/wp-content\\\/uploads\\\/2022\\\/04\\\/Zeljko-Bakalar-1068x601-1.png\",\"datePublished\":\"2022-04-18T09:11:09+00:00\",\"dateModified\":\"2022-04-18T09:11:10+00:00\",\"breadcrumb\":{\"@id\":\"https:\\\/\\\/radioljubuski.ba\\\/index.php\\\/2022\\\/04\\\/18\\\/u-institucijama-bih-cistacica-se-prima-natjecajem-u-slucaju-sip-a-to-je-ignorirano\\\/#breadcrumb\"},\"inLanguage\":\"hr\",\"potentialAction\":[{\"@type\":\"ReadAction\",\"target\":[\"https:\\\/\\\/radioljubuski.ba\\\/index.php\\\/2022\\\/04\\\/18\\\/u-institucijama-bih-cistacica-se-prima-natjecajem-u-slucaju-sip-a-to-je-ignorirano\\\/\"]}]},{\"@type\":\"ImageObject\",\"inLanguage\":\"hr\",\"@id\":\"https:\\\/\\\/radioljubuski.ba\\\/index.php\\\/2022\\\/04\\\/18\\\/u-institucijama-bih-cistacica-se-prima-natjecajem-u-slucaju-sip-a-to-je-ignorirano\\\/#primaryimage\",\"url\":\"https:\\\/\\\/radioljubuski.ba\\\/wp-content\\\/uploads\\\/2022\\\/04\\\/Zeljko-Bakalar-1068x601-1.png\",\"contentUrl\":\"https:\\\/\\\/radioljubuski.ba\\\/wp-content\\\/uploads\\\/2022\\\/04\\\/Zeljko-Bakalar-1068x601-1.png\",\"width\":1068,\"height\":601},{\"@type\":\"BreadcrumbList\",\"@id\":\"https:\\\/\\\/radioljubuski.ba\\\/index.php\\\/2022\\\/04\\\/18\\\/u-institucijama-bih-cistacica-se-prima-natjecajem-u-slucaju-sip-a-to-je-ignorirano\\\/#breadcrumb\",\"itemListElement\":[{\"@type\":\"ListItem\",\"position\":1,\"name\":\"Po\u010detna stranica\",\"item\":\"https:\\\/\\\/radioljubuski.ba\\\/\"},{\"@type\":\"ListItem\",\"position\":2,\"name\":\"U institucijama BiH \u010dista\u010dica se prima natje\u010dajem, u slu\u010daju SIP-a to je ignorirano\"}]},{\"@type\":\"WebSite\",\"@id\":\"https:\\\/\\\/radioljubuski.ba\\\/#website\",\"url\":\"https:\\\/\\\/radioljubuski.ba\\\/\",\"name\":\"Radio Ljubu\u0161ki\",\"description\":\"Sun\u010dana frekvencija Hercegovine\",\"publisher\":{\"@id\":\"https:\\\/\\\/radioljubuski.ba\\\/#organization\"},\"potentialAction\":[{\"@type\":\"SearchAction\",\"target\":{\"@type\":\"EntryPoint\",\"urlTemplate\":\"https:\\\/\\\/radioljubuski.ba\\\/?s={search_term_string}\"},\"query-input\":{\"@type\":\"PropertyValueSpecification\",\"valueRequired\":true,\"valueName\":\"search_term_string\"}}],\"inLanguage\":\"hr\"},{\"@type\":\"Organization\",\"@id\":\"https:\\\/\\\/radioljubuski.ba\\\/#organization\",\"name\":\"Radio Ljubu\u0161ki\",\"url\":\"https:\\\/\\\/radioljubuski.ba\\\/\",\"logo\":{\"@type\":\"ImageObject\",\"inLanguage\":\"hr\",\"@id\":\"https:\\\/\\\/radioljubuski.ba\\\/#\\\/schema\\\/logo\\\/image\\\/\",\"url\":\"https:\\\/\\\/radioljubuski.ba\\\/wp-content\\\/uploads\\\/2021\\\/02\\\/cropped-Radio_Ljubuski_logo1.jpg\",\"contentUrl\":\"https:\\\/\\\/radioljubuski.ba\\\/wp-content\\\/uploads\\\/2021\\\/02\\\/cropped-Radio_Ljubuski_logo1.jpg\",\"width\":512,\"height\":512,\"caption\":\"Radio Ljubu\u0161ki\"},\"image\":{\"@id\":\"https:\\\/\\\/radioljubuski.ba\\\/#\\\/schema\\\/logo\\\/image\\\/\"},\"sameAs\":[\"https:\\\/\\\/www.facebook.com\\\/Radiio-Ljubuski-1490835324566332\",\"https:\\\/\\\/x.com\\\/radioljubuski\",\"https:\\\/\\\/hr.linkedin.com\\\/company\\\/radio-ljubuski\",\"https:\\\/\\\/www.youtube.com\\\/channel\\\/UCHYaeO_n0Db3tjNGudGpXyw\"]},{\"@type\":\"Person\",\"@id\":\"https:\\\/\\\/radioljubuski.ba\\\/#\\\/schema\\\/person\\\/19fc700381a780f69665d7956c469e3b\",\"name\":\"Radio Ljubu\u0161ki\"}]}<\/script>\n<!-- \/ Yoast SEO plugin. -->","yoast_head_json":{"title":"U institucijama BiH \u010dista\u010dica se prima natje\u010dajem, u slu\u010daju SIP-a to je ignorirano - RADIO LJUBU\u0160KI","robots":{"index":"index","follow":"follow","max-snippet":"max-snippet:-1","max-image-preview":"max-image-preview:large","max-video-preview":"max-video-preview:-1"},"canonical":"https:\/\/radioljubuski.ba\/index.php\/2022\/04\/18\/u-institucijama-bih-cistacica-se-prima-natjecajem-u-slucaju-sip-a-to-je-ignorirano\/","og_locale":"hr_HR","og_type":"article","og_title":"U institucijama BiH \u010dista\u010dica se prima natje\u010dajem, u slu\u010daju SIP-a to je ignorirano - RADIO LJUBU\u0160KI","og_description":"Tijekom posebne rasprave u Narodnoj skup\u0161tini Republike Srpske kojom su problematizirane odluke vezane uz sklapanje me\u0111udr\u017eavnog sporazuma u koji je uklju\u010deno Sredi\u0161nje izborno povjerenstvo, ponovljene su tvrdnje kako je ova dr\u017eavna institucija imenovana nezakonito. Dapa\u010de, izneseno je na desetke argumenata kojim je procedura razrje\u0161enja, a onda i imenovanja novoga saziva provedena krajnje nezakonito, kr\u0161enjem procedura [&hellip;]","og_url":"https:\/\/radioljubuski.ba\/index.php\/2022\/04\/18\/u-institucijama-bih-cistacica-se-prima-natjecajem-u-slucaju-sip-a-to-je-ignorirano\/","og_site_name":"RADIO LJUBU\u0160KI","article_publisher":"https:\/\/www.facebook.com\/Radiio-Ljubuski-1490835324566332","article_published_time":"2022-04-18T09:11:09+00:00","article_modified_time":"2022-04-18T09:11:10+00:00","og_image":[{"width":1068,"height":601,"url":"https:\/\/radioljubuski.ba\/wp-content\/uploads\/2022\/04\/Zeljko-Bakalar-1068x601-1.png","type":"image\/png"}],"author":"Radio Ljubu\u0161ki","twitter_card":"summary_large_image","twitter_creator":"@radioljubuski","twitter_site":"@radioljubuski","twitter_misc":{"Napisao\/la":"Radio Ljubu\u0161ki","Procijenjeno vrijeme \u010ditanja":"3 minute"},"schema":{"@context":"https:\/\/schema.org","@graph":[{"@type":"Article","@id":"https:\/\/radioljubuski.ba\/index.php\/2022\/04\/18\/u-institucijama-bih-cistacica-se-prima-natjecajem-u-slucaju-sip-a-to-je-ignorirano\/#article","isPartOf":{"@id":"https:\/\/radioljubuski.ba\/index.php\/2022\/04\/18\/u-institucijama-bih-cistacica-se-prima-natjecajem-u-slucaju-sip-a-to-je-ignorirano\/"},"author":{"name":"Radio Ljubu\u0161ki","@id":"https:\/\/radioljubuski.ba\/#\/schema\/person\/19fc700381a780f69665d7956c469e3b"},"headline":"U institucijama BiH \u010dista\u010dica se prima natje\u010dajem, u slu\u010daju SIP-a to je ignorirano","datePublished":"2022-04-18T09:11:09+00:00","dateModified":"2022-04-18T09:11:10+00:00","mainEntityOfPage":{"@id":"https:\/\/radioljubuski.ba\/index.php\/2022\/04\/18\/u-institucijama-bih-cistacica-se-prima-natjecajem-u-slucaju-sip-a-to-je-ignorirano\/"},"wordCount":766,"publisher":{"@id":"https:\/\/radioljubuski.ba\/#organization"},"image":{"@id":"https:\/\/radioljubuski.ba\/index.php\/2022\/04\/18\/u-institucijama-bih-cistacica-se-prima-natjecajem-u-slucaju-sip-a-to-je-ignorirano\/#primaryimage"},"thumbnailUrl":"https:\/\/radioljubuski.ba\/wp-content\/uploads\/2022\/04\/Zeljko-Bakalar-1068x601-1.png","articleSection":["BIH i regija"],"inLanguage":"hr"},{"@type":"WebPage","@id":"https:\/\/radioljubuski.ba\/index.php\/2022\/04\/18\/u-institucijama-bih-cistacica-se-prima-natjecajem-u-slucaju-sip-a-to-je-ignorirano\/","url":"https:\/\/radioljubuski.ba\/index.php\/2022\/04\/18\/u-institucijama-bih-cistacica-se-prima-natjecajem-u-slucaju-sip-a-to-je-ignorirano\/","name":"U institucijama BiH \u010dista\u010dica se prima natje\u010dajem, u slu\u010daju SIP-a to je ignorirano - RADIO LJUBU\u0160KI","isPartOf":{"@id":"https:\/\/radioljubuski.ba\/#website"},"primaryImageOfPage":{"@id":"https:\/\/radioljubuski.ba\/index.php\/2022\/04\/18\/u-institucijama-bih-cistacica-se-prima-natjecajem-u-slucaju-sip-a-to-je-ignorirano\/#primaryimage"},"image":{"@id":"https:\/\/radioljubuski.ba\/index.php\/2022\/04\/18\/u-institucijama-bih-cistacica-se-prima-natjecajem-u-slucaju-sip-a-to-je-ignorirano\/#primaryimage"},"thumbnailUrl":"https:\/\/radioljubuski.ba\/wp-content\/uploads\/2022\/04\/Zeljko-Bakalar-1068x601-1.png","datePublished":"2022-04-18T09:11:09+00:00","dateModified":"2022-04-18T09:11:10+00:00","breadcrumb":{"@id":"https:\/\/radioljubuski.ba\/index.php\/2022\/04\/18\/u-institucijama-bih-cistacica-se-prima-natjecajem-u-slucaju-sip-a-to-je-ignorirano\/#breadcrumb"},"inLanguage":"hr","potentialAction":[{"@type":"ReadAction","target":["https:\/\/radioljubuski.ba\/index.php\/2022\/04\/18\/u-institucijama-bih-cistacica-se-prima-natjecajem-u-slucaju-sip-a-to-je-ignorirano\/"]}]},{"@type":"ImageObject","inLanguage":"hr","@id":"https:\/\/radioljubuski.ba\/index.php\/2022\/04\/18\/u-institucijama-bih-cistacica-se-prima-natjecajem-u-slucaju-sip-a-to-je-ignorirano\/#primaryimage","url":"https:\/\/radioljubuski.ba\/wp-content\/uploads\/2022\/04\/Zeljko-Bakalar-1068x601-1.png","contentUrl":"https:\/\/radioljubuski.ba\/wp-content\/uploads\/2022\/04\/Zeljko-Bakalar-1068x601-1.png","width":1068,"height":601},{"@type":"BreadcrumbList","@id":"https:\/\/radioljubuski.ba\/index.php\/2022\/04\/18\/u-institucijama-bih-cistacica-se-prima-natjecajem-u-slucaju-sip-a-to-je-ignorirano\/#breadcrumb","itemListElement":[{"@type":"ListItem","position":1,"name":"Po\u010detna stranica","item":"https:\/\/radioljubuski.ba\/"},{"@type":"ListItem","position":2,"name":"U institucijama BiH \u010dista\u010dica se prima natje\u010dajem, u slu\u010daju SIP-a to je ignorirano"}]},{"@type":"WebSite","@id":"https:\/\/radioljubuski.ba\/#website","url":"https:\/\/radioljubuski.ba\/","name":"Radio Ljubu\u0161ki","description":"Sun\u010dana frekvencija Hercegovine","publisher":{"@id":"https:\/\/radioljubuski.ba\/#organization"},"potentialAction":[{"@type":"SearchAction","target":{"@type":"EntryPoint","urlTemplate":"https:\/\/radioljubuski.ba\/?s={search_term_string}"},"query-input":{"@type":"PropertyValueSpecification","valueRequired":true,"valueName":"search_term_string"}}],"inLanguage":"hr"},{"@type":"Organization","@id":"https:\/\/radioljubuski.ba\/#organization","name":"Radio Ljubu\u0161ki","url":"https:\/\/radioljubuski.ba\/","logo":{"@type":"ImageObject","inLanguage":"hr","@id":"https:\/\/radioljubuski.ba\/#\/schema\/logo\/image\/","url":"https:\/\/radioljubuski.ba\/wp-content\/uploads\/2021\/02\/cropped-Radio_Ljubuski_logo1.jpg","contentUrl":"https:\/\/radioljubuski.ba\/wp-content\/uploads\/2021\/02\/cropped-Radio_Ljubuski_logo1.jpg","width":512,"height":512,"caption":"Radio Ljubu\u0161ki"},"image":{"@id":"https:\/\/radioljubuski.ba\/#\/schema\/logo\/image\/"},"sameAs":["https:\/\/www.facebook.com\/Radiio-Ljubuski-1490835324566332","https:\/\/x.com\/radioljubuski","https:\/\/hr.linkedin.com\/company\/radio-ljubuski","https:\/\/www.youtube.com\/channel\/UCHYaeO_n0Db3tjNGudGpXyw"]},{"@type":"Person","@id":"https:\/\/radioljubuski.ba\/#\/schema\/person\/19fc700381a780f69665d7956c469e3b","name":"Radio Ljubu\u0161ki"}]}},"_links":{"self":[{"href":"https:\/\/radioljubuski.ba\/index.php\/wp-json\/wp\/v2\/posts\/133441","targetHints":{"allow":["GET"]}}],"collection":[{"href":"https:\/\/radioljubuski.ba\/index.php\/wp-json\/wp\/v2\/posts"}],"about":[{"href":"https:\/\/radioljubuski.ba\/index.php\/wp-json\/wp\/v2\/types\/post"}],"author":[{"embeddable":true,"href":"https:\/\/radioljubuski.ba\/index.php\/wp-json\/wp\/v2\/users\/2"}],"replies":[{"embeddable":true,"href":"https:\/\/radioljubuski.ba\/index.php\/wp-json\/wp\/v2\/comments?post=133441"}],"version-history":[{"count":1,"href":"https:\/\/radioljubuski.ba\/index.php\/wp-json\/wp\/v2\/posts\/133441\/revisions"}],"predecessor-version":[{"id":133443,"href":"https:\/\/radioljubuski.ba\/index.php\/wp-json\/wp\/v2\/posts\/133441\/revisions\/133443"}],"wp:featuredmedia":[{"embeddable":true,"href":"https:\/\/radioljubuski.ba\/index.php\/wp-json\/wp\/v2\/media\/133442"}],"wp:attachment":[{"href":"https:\/\/radioljubuski.ba\/index.php\/wp-json\/wp\/v2\/media?parent=133441"}],"wp:term":[{"taxonomy":"category","embeddable":true,"href":"https:\/\/radioljubuski.ba\/index.php\/wp-json\/wp\/v2\/categories?post=133441"},{"taxonomy":"post_tag","embeddable":true,"href":"https:\/\/radioljubuski.ba\/index.php\/wp-json\/wp\/v2\/tags?post=133441"}],"curies":[{"name":"wp","href":"https:\/\/api.w.org\/{rel}","templated":true}]}}