{"id":133455,"date":"2022-04-18T10:18:34","date_gmt":"2022-04-18T09:18:34","guid":{"rendered":"https:\/\/radioljubuski.ba\/?p=133455"},"modified":"2022-04-18T10:18:36","modified_gmt":"2022-04-18T09:18:36","slug":"nacelnik-pu-varazdinske-o-tragediji-u-ivancu-ovo-je-dogadaj-koji-ovdje-nije-bio-nikada-zabiljezen","status":"publish","type":"post","link":"https:\/\/radioljubuski.ba\/index.php\/2022\/04\/18\/nacelnik-pu-varazdinske-o-tragediji-u-ivancu-ovo-je-dogadaj-koji-ovdje-nije-bio-nikada-zabiljezen\/","title":{"rendered":"Na\u010delnik PU vara\u017edinske o tragediji u Ivancu: \u2018Ovo je doga\u0111aj koji ovdje nije bio nikada zabilje\u017een\u2019"},"content":{"rendered":"\n<p>Nakon \u0161to se u jednom od stanova u Ivancu odigralo ubojstvo i samoubojstvo, policija je i u ve\u010dernjim satima bila na mjestu tragedije. Policijska uprava vara\u017edinska potvrdila je u nedjelju poslijepodne da su oboje stradalih bili njihovi policijski djelatnici.<\/p>\n\n\n\n<p><a href=\"https:\/\/www.jutarnji.hr\/vijesti\/crna-kronika\/ivanec-zavijen-u-crno-jurica-i-ivana-bili-su-uzorni-policajci-nismo-znali-da-imaju-probleme-15185084\">Jutarnji list<\/a> saznaje da se radi o Jurici B. iz Lepoglave (30) i Ivani B. (45) iz Bednje.<\/p>\n\n\n\n<p>Ivana je u policiju do\u0161la krajem devedesetih godina, prije tragedije je radila u grani\u010dnoj policiji, a Jurica je bio interventni policajac u PU Vara\u017edinskoj. Oboje su, ka\u017eu njihovi kolege koji su vijest do\u010dekali u velikom \u0161oku, bili uzorni policajci i nitko nije znao da me\u0111u njima ima problema.<\/p>\n\n\n\n<p>Jurica je sudjelovao 2017. godine na natjecanju za najspremnijeg pripadnika Oru\u017eanih snaga RH \u201ePrvi za Hrvatsku 2017.\u201c, odr\u017eanome u Kninu. Radi se o natjecanju na kojemu sudionici pokazuju svoju spremnost, znanje i vojni\u010dke vje\u0161tine kao i stupanj psihofizi\u010dke osposobljenosti za izvr\u0161enje postavljenih zada\u0107a pod visokim stupnjem tjelesnog optere\u0107enja.<\/p>\n\n\n\n<p>Bio mu je to drugi nastup na tom natjecanju i u konkurenciji me\u0111u 150 natjecatelja iz dvanaest partnerskih i savezni\u010dkih zemalja te MUP-a RH zavr\u0161io ga je na 22. mjestu. U kategoriji pripadnika MUP-a, bio je sedmi.<\/p>\n\n\n\n<p>Njih su dvoje zajedno \u017eivjeli u stanu, mjestu zlo\u010dina, u kojemu je Jurica jednim hicem iz neposredne blizine ubio Ivanu, a potom drugim hicem sebi oduzeo \u017eivot.<\/p>\n\n\n\n<p>Doga\u0111aj je prijavio njihov susjed, kad je u 13.30 sati \u010duo dva pucnja iz vatrenog oru\u017eja.<\/p>\n\n\n\n<p>O ubojstvu i samoubojstvu dvoje svojih djelatnika, izjavu je dao i na\u010delnik PU vara\u017edinske, Predrag Ben\u010di\u0107,<\/p>\n\n\n\n<p>\u2013 Ovo je doga\u0111aj koji u povijesti Policijske uprave vara\u017edinske nije bio zabilje\u017een i sve nas je \u0161okirao, sve radne kolege. Takav doga\u0111aj se ne pamti na podru\u010dju na\u0161e uprave. Uz stalnu edukaciju policijskih slu\u017ebenika koje provodimo i lije\u010dni\u010dke preglede, dogodilo se ono \u0161to smo najmanje htjeli.<\/p>\n\n\n\n<figure class=\"wp-block-embed is-type-wp-embed is-provider-radio-ljubuski wp-block-embed-radio-ljubuski\"><div class=\"wp-block-embed__wrapper\">\n<blockquote class=\"wp-embedded-content\" data-secret=\"N0OowDxxLG\"><a href=\"https:\/\/radioljubuski.ba\/index.php\/2022\/04\/17\/u-ivancu-pronadena-mrtva-tijela-muskarca-i-zene\/\">U Ivancu prona\u0111ena mrtva tijela mu\u0161karca i \u017eene<\/a><\/blockquote><iframe loading=\"lazy\" class=\"wp-embedded-content\" sandbox=\"allow-scripts\" security=\"restricted\" style=\"position: absolute; clip: rect(1px, 1px, 1px, 1px);\" title=\"&#8220;U Ivancu prona\u0111ena mrtva tijela mu\u0161karca i \u017eene&#8221; &#8212;   RADIO LJUBU\u0160KI\" src=\"https:\/\/radioljubuski.ba\/index.php\/2022\/04\/17\/u-ivancu-pronadena-mrtva-tijela-muskarca-i-zene\/embed\/#?secret=ZXmUn2w39P#?secret=N0OowDxxLG\" data-secret=\"N0OowDxxLG\" width=\"600\" height=\"338\" frameborder=\"0\" marginwidth=\"0\" marginheight=\"0\" scrolling=\"no\"><\/iframe>\n<\/div><\/figure>\n\n\n\n<p><em>Izvor: narod.hr\/Jutarnji list<\/em><\/p>\n","protected":false},"excerpt":{"rendered":"<p>Nakon \u0161to se u jednom od stanova u Ivancu odigralo ubojstvo i samoubojstvo, policija je i u ve\u010dernjim satima bila na mjestu tragedije. Policijska uprava vara\u017edinska potvrdila je u nedjelju poslijepodne da su oboje stradalih bili njihovi policijski djelatnici. Jutarnji list saznaje da se radi o Jurici B. iz Lepoglave (30) i Ivani B. (45) [&hellip;]<\/p>\n","protected":false},"author":2,"featured_media":133456,"comment_status":"closed","ping_status":"closed","sticky":false,"template":"","format":"standard","meta":{"h5ap_radio_sources":[],"footnotes":""},"categories":[1],"tags":[],"class_list":["post-133455","post","type-post","status-publish","format-standard","has-post-thumbnail","hentry","category-bihiregija"],"yoast_head":"<!-- This site is optimized with the Yoast SEO plugin v27.5 - https:\/\/yoast.com\/product\/yoast-seo-wordpress\/ -->\n<title>Na\u010delnik PU vara\u017edinske o tragediji u Ivancu: \u2018Ovo je doga\u0111aj koji ovdje nije bio nikada zabilje\u017een\u2019 - RADIO LJUBU\u0160KI<\/title>\n<meta name=\"robots\" content=\"index, follow, max-snippet:-1, max-image-preview:large, max-video-preview:-1\" \/>\n<link rel=\"canonical\" href=\"https:\/\/radioljubuski.ba\/index.php\/2022\/04\/18\/nacelnik-pu-varazdinske-o-tragediji-u-ivancu-ovo-je-dogadaj-koji-ovdje-nije-bio-nikada-zabiljezen\/\" \/>\n<meta property=\"og:locale\" content=\"hr_HR\" \/>\n<meta property=\"og:type\" content=\"article\" \/>\n<meta property=\"og:title\" content=\"Na\u010delnik PU vara\u017edinske o tragediji u Ivancu: \u2018Ovo je doga\u0111aj koji ovdje nije bio nikada zabilje\u017een\u2019 - RADIO LJUBU\u0160KI\" \/>\n<meta property=\"og:description\" content=\"Nakon \u0161to se u jednom od stanova u Ivancu odigralo ubojstvo i samoubojstvo, policija je i u ve\u010dernjim satima bila na mjestu tragedije. Policijska uprava vara\u017edinska potvrdila je u nedjelju poslijepodne da su oboje stradalih bili njihovi policijski djelatnici. Jutarnji list saznaje da se radi o Jurici B. iz Lepoglave (30) i Ivani B. (45) [&hellip;]\" \/>\n<meta property=\"og:url\" content=\"https:\/\/radioljubuski.ba\/index.php\/2022\/04\/18\/nacelnik-pu-varazdinske-o-tragediji-u-ivancu-ovo-je-dogadaj-koji-ovdje-nije-bio-nikada-zabiljezen\/\" \/>\n<meta property=\"og:site_name\" content=\"RADIO LJUBU\u0160KI\" \/>\n<meta property=\"article:publisher\" content=\"https:\/\/www.facebook.com\/Radiio-Ljubuski-1490835324566332\" \/>\n<meta property=\"article:published_time\" content=\"2022-04-18T09:18:34+00:00\" \/>\n<meta property=\"article:modified_time\" content=\"2022-04-18T09:18:36+00:00\" \/>\n<meta property=\"og:image\" content=\"https:\/\/radioljubuski.ba\/wp-content\/uploads\/2022\/04\/HN20220417489789-696x522-1.jpg\" \/>\n\t<meta property=\"og:image:width\" content=\"696\" \/>\n\t<meta property=\"og:image:height\" content=\"522\" \/>\n\t<meta property=\"og:image:type\" content=\"image\/jpeg\" \/>\n<meta name=\"author\" content=\"Radio Ljubu\u0161ki\" \/>\n<meta name=\"twitter:card\" content=\"summary_large_image\" \/>\n<meta name=\"twitter:creator\" content=\"@radioljubuski\" \/>\n<meta name=\"twitter:site\" content=\"@radioljubuski\" \/>\n<meta name=\"twitter:label1\" content=\"Napisao\/la\" \/>\n\t<meta name=\"twitter:data1\" content=\"Radio Ljubu\u0161ki\" \/>\n\t<meta name=\"twitter:label2\" content=\"Procijenjeno vrijeme \u010ditanja\" \/>\n\t<meta name=\"twitter:data2\" content=\"2 minute\" \/>\n<script type=\"application\/ld+json\" class=\"yoast-schema-graph\">{\"@context\":\"https:\\\/\\\/schema.org\",\"@graph\":[{\"@type\":\"Article\",\"@id\":\"https:\\\/\\\/radioljubuski.ba\\\/index.php\\\/2022\\\/04\\\/18\\\/nacelnik-pu-varazdinske-o-tragediji-u-ivancu-ovo-je-dogadaj-koji-ovdje-nije-bio-nikada-zabiljezen\\\/#article\",\"isPartOf\":{\"@id\":\"https:\\\/\\\/radioljubuski.ba\\\/index.php\\\/2022\\\/04\\\/18\\\/nacelnik-pu-varazdinske-o-tragediji-u-ivancu-ovo-je-dogadaj-koji-ovdje-nije-bio-nikada-zabiljezen\\\/\"},\"author\":{\"name\":\"Radio Ljubu\u0161ki\",\"@id\":\"https:\\\/\\\/radioljubuski.ba\\\/#\\\/schema\\\/person\\\/19fc700381a780f69665d7956c469e3b\"},\"headline\":\"Na\u010delnik PU vara\u017edinske o tragediji u Ivancu: \u2018Ovo je doga\u0111aj koji ovdje nije bio nikada zabilje\u017een\u2019\",\"datePublished\":\"2022-04-18T09:18:34+00:00\",\"dateModified\":\"2022-04-18T09:18:36+00:00\",\"mainEntityOfPage\":{\"@id\":\"https:\\\/\\\/radioljubuski.ba\\\/index.php\\\/2022\\\/04\\\/18\\\/nacelnik-pu-varazdinske-o-tragediji-u-ivancu-ovo-je-dogadaj-koji-ovdje-nije-bio-nikada-zabiljezen\\\/\"},\"wordCount\":353,\"publisher\":{\"@id\":\"https:\\\/\\\/radioljubuski.ba\\\/#organization\"},\"image\":{\"@id\":\"https:\\\/\\\/radioljubuski.ba\\\/index.php\\\/2022\\\/04\\\/18\\\/nacelnik-pu-varazdinske-o-tragediji-u-ivancu-ovo-je-dogadaj-koji-ovdje-nije-bio-nikada-zabiljezen\\\/#primaryimage\"},\"thumbnailUrl\":\"https:\\\/\\\/radioljubuski.ba\\\/wp-content\\\/uploads\\\/2022\\\/04\\\/HN20220417489789-696x522-1.jpg\",\"articleSection\":[\"BIH i regija\"],\"inLanguage\":\"hr\"},{\"@type\":\"WebPage\",\"@id\":\"https:\\\/\\\/radioljubuski.ba\\\/index.php\\\/2022\\\/04\\\/18\\\/nacelnik-pu-varazdinske-o-tragediji-u-ivancu-ovo-je-dogadaj-koji-ovdje-nije-bio-nikada-zabiljezen\\\/\",\"url\":\"https:\\\/\\\/radioljubuski.ba\\\/index.php\\\/2022\\\/04\\\/18\\\/nacelnik-pu-varazdinske-o-tragediji-u-ivancu-ovo-je-dogadaj-koji-ovdje-nije-bio-nikada-zabiljezen\\\/\",\"name\":\"Na\u010delnik PU vara\u017edinske o tragediji u Ivancu: \u2018Ovo je doga\u0111aj koji ovdje nije bio nikada zabilje\u017een\u2019 - RADIO LJUBU\u0160KI\",\"isPartOf\":{\"@id\":\"https:\\\/\\\/radioljubuski.ba\\\/#website\"},\"primaryImageOfPage\":{\"@id\":\"https:\\\/\\\/radioljubuski.ba\\\/index.php\\\/2022\\\/04\\\/18\\\/nacelnik-pu-varazdinske-o-tragediji-u-ivancu-ovo-je-dogadaj-koji-ovdje-nije-bio-nikada-zabiljezen\\\/#primaryimage\"},\"image\":{\"@id\":\"https:\\\/\\\/radioljubuski.ba\\\/index.php\\\/2022\\\/04\\\/18\\\/nacelnik-pu-varazdinske-o-tragediji-u-ivancu-ovo-je-dogadaj-koji-ovdje-nije-bio-nikada-zabiljezen\\\/#primaryimage\"},\"thumbnailUrl\":\"https:\\\/\\\/radioljubuski.ba\\\/wp-content\\\/uploads\\\/2022\\\/04\\\/HN20220417489789-696x522-1.jpg\",\"datePublished\":\"2022-04-18T09:18:34+00:00\",\"dateModified\":\"2022-04-18T09:18:36+00:00\",\"breadcrumb\":{\"@id\":\"https:\\\/\\\/radioljubuski.ba\\\/index.php\\\/2022\\\/04\\\/18\\\/nacelnik-pu-varazdinske-o-tragediji-u-ivancu-ovo-je-dogadaj-koji-ovdje-nije-bio-nikada-zabiljezen\\\/#breadcrumb\"},\"inLanguage\":\"hr\",\"potentialAction\":[{\"@type\":\"ReadAction\",\"target\":[\"https:\\\/\\\/radioljubuski.ba\\\/index.php\\\/2022\\\/04\\\/18\\\/nacelnik-pu-varazdinske-o-tragediji-u-ivancu-ovo-je-dogadaj-koji-ovdje-nije-bio-nikada-zabiljezen\\\/\"]}]},{\"@type\":\"ImageObject\",\"inLanguage\":\"hr\",\"@id\":\"https:\\\/\\\/radioljubuski.ba\\\/index.php\\\/2022\\\/04\\\/18\\\/nacelnik-pu-varazdinske-o-tragediji-u-ivancu-ovo-je-dogadaj-koji-ovdje-nije-bio-nikada-zabiljezen\\\/#primaryimage\",\"url\":\"https:\\\/\\\/radioljubuski.ba\\\/wp-content\\\/uploads\\\/2022\\\/04\\\/HN20220417489789-696x522-1.jpg\",\"contentUrl\":\"https:\\\/\\\/radioljubuski.ba\\\/wp-content\\\/uploads\\\/2022\\\/04\\\/HN20220417489789-696x522-1.jpg\",\"width\":696,\"height\":522},{\"@type\":\"BreadcrumbList\",\"@id\":\"https:\\\/\\\/radioljubuski.ba\\\/index.php\\\/2022\\\/04\\\/18\\\/nacelnik-pu-varazdinske-o-tragediji-u-ivancu-ovo-je-dogadaj-koji-ovdje-nije-bio-nikada-zabiljezen\\\/#breadcrumb\",\"itemListElement\":[{\"@type\":\"ListItem\",\"position\":1,\"name\":\"Po\u010detna stranica\",\"item\":\"https:\\\/\\\/radioljubuski.ba\\\/\"},{\"@type\":\"ListItem\",\"position\":2,\"name\":\"Na\u010delnik PU vara\u017edinske o tragediji u Ivancu: \u2018Ovo je doga\u0111aj koji ovdje nije bio nikada zabilje\u017een\u2019\"}]},{\"@type\":\"WebSite\",\"@id\":\"https:\\\/\\\/radioljubuski.ba\\\/#website\",\"url\":\"https:\\\/\\\/radioljubuski.ba\\\/\",\"name\":\"Radio Ljubu\u0161ki\",\"description\":\"Sun\u010dana frekvencija Hercegovine\",\"publisher\":{\"@id\":\"https:\\\/\\\/radioljubuski.ba\\\/#organization\"},\"potentialAction\":[{\"@type\":\"SearchAction\",\"target\":{\"@type\":\"EntryPoint\",\"urlTemplate\":\"https:\\\/\\\/radioljubuski.ba\\\/?s={search_term_string}\"},\"query-input\":{\"@type\":\"PropertyValueSpecification\",\"valueRequired\":true,\"valueName\":\"search_term_string\"}}],\"inLanguage\":\"hr\"},{\"@type\":\"Organization\",\"@id\":\"https:\\\/\\\/radioljubuski.ba\\\/#organization\",\"name\":\"Radio Ljubu\u0161ki\",\"url\":\"https:\\\/\\\/radioljubuski.ba\\\/\",\"logo\":{\"@type\":\"ImageObject\",\"inLanguage\":\"hr\",\"@id\":\"https:\\\/\\\/radioljubuski.ba\\\/#\\\/schema\\\/logo\\\/image\\\/\",\"url\":\"https:\\\/\\\/radioljubuski.ba\\\/wp-content\\\/uploads\\\/2021\\\/02\\\/cropped-Radio_Ljubuski_logo1.jpg\",\"contentUrl\":\"https:\\\/\\\/radioljubuski.ba\\\/wp-content\\\/uploads\\\/2021\\\/02\\\/cropped-Radio_Ljubuski_logo1.jpg\",\"width\":512,\"height\":512,\"caption\":\"Radio Ljubu\u0161ki\"},\"image\":{\"@id\":\"https:\\\/\\\/radioljubuski.ba\\\/#\\\/schema\\\/logo\\\/image\\\/\"},\"sameAs\":[\"https:\\\/\\\/www.facebook.com\\\/Radiio-Ljubuski-1490835324566332\",\"https:\\\/\\\/x.com\\\/radioljubuski\",\"https:\\\/\\\/hr.linkedin.com\\\/company\\\/radio-ljubuski\",\"https:\\\/\\\/www.youtube.com\\\/channel\\\/UCHYaeO_n0Db3tjNGudGpXyw\"]},{\"@type\":\"Person\",\"@id\":\"https:\\\/\\\/radioljubuski.ba\\\/#\\\/schema\\\/person\\\/19fc700381a780f69665d7956c469e3b\",\"name\":\"Radio Ljubu\u0161ki\"}]}<\/script>\n<!-- \/ Yoast SEO plugin. -->","yoast_head_json":{"title":"Na\u010delnik PU vara\u017edinske o tragediji u Ivancu: \u2018Ovo je doga\u0111aj koji ovdje nije bio nikada zabilje\u017een\u2019 - RADIO LJUBU\u0160KI","robots":{"index":"index","follow":"follow","max-snippet":"max-snippet:-1","max-image-preview":"max-image-preview:large","max-video-preview":"max-video-preview:-1"},"canonical":"https:\/\/radioljubuski.ba\/index.php\/2022\/04\/18\/nacelnik-pu-varazdinske-o-tragediji-u-ivancu-ovo-je-dogadaj-koji-ovdje-nije-bio-nikada-zabiljezen\/","og_locale":"hr_HR","og_type":"article","og_title":"Na\u010delnik PU vara\u017edinske o tragediji u Ivancu: \u2018Ovo je doga\u0111aj koji ovdje nije bio nikada zabilje\u017een\u2019 - RADIO LJUBU\u0160KI","og_description":"Nakon \u0161to se u jednom od stanova u Ivancu odigralo ubojstvo i samoubojstvo, policija je i u ve\u010dernjim satima bila na mjestu tragedije. Policijska uprava vara\u017edinska potvrdila je u nedjelju poslijepodne da su oboje stradalih bili njihovi policijski djelatnici. Jutarnji list saznaje da se radi o Jurici B. iz Lepoglave (30) i Ivani B. (45) [&hellip;]","og_url":"https:\/\/radioljubuski.ba\/index.php\/2022\/04\/18\/nacelnik-pu-varazdinske-o-tragediji-u-ivancu-ovo-je-dogadaj-koji-ovdje-nije-bio-nikada-zabiljezen\/","og_site_name":"RADIO LJUBU\u0160KI","article_publisher":"https:\/\/www.facebook.com\/Radiio-Ljubuski-1490835324566332","article_published_time":"2022-04-18T09:18:34+00:00","article_modified_time":"2022-04-18T09:18:36+00:00","og_image":[{"width":696,"height":522,"url":"https:\/\/radioljubuski.ba\/wp-content\/uploads\/2022\/04\/HN20220417489789-696x522-1.jpg","type":"image\/jpeg"}],"author":"Radio Ljubu\u0161ki","twitter_card":"summary_large_image","twitter_creator":"@radioljubuski","twitter_site":"@radioljubuski","twitter_misc":{"Napisao\/la":"Radio Ljubu\u0161ki","Procijenjeno vrijeme \u010ditanja":"2 minute"},"schema":{"@context":"https:\/\/schema.org","@graph":[{"@type":"Article","@id":"https:\/\/radioljubuski.ba\/index.php\/2022\/04\/18\/nacelnik-pu-varazdinske-o-tragediji-u-ivancu-ovo-je-dogadaj-koji-ovdje-nije-bio-nikada-zabiljezen\/#article","isPartOf":{"@id":"https:\/\/radioljubuski.ba\/index.php\/2022\/04\/18\/nacelnik-pu-varazdinske-o-tragediji-u-ivancu-ovo-je-dogadaj-koji-ovdje-nije-bio-nikada-zabiljezen\/"},"author":{"name":"Radio Ljubu\u0161ki","@id":"https:\/\/radioljubuski.ba\/#\/schema\/person\/19fc700381a780f69665d7956c469e3b"},"headline":"Na\u010delnik PU vara\u017edinske o tragediji u Ivancu: \u2018Ovo je doga\u0111aj koji ovdje nije bio nikada zabilje\u017een\u2019","datePublished":"2022-04-18T09:18:34+00:00","dateModified":"2022-04-18T09:18:36+00:00","mainEntityOfPage":{"@id":"https:\/\/radioljubuski.ba\/index.php\/2022\/04\/18\/nacelnik-pu-varazdinske-o-tragediji-u-ivancu-ovo-je-dogadaj-koji-ovdje-nije-bio-nikada-zabiljezen\/"},"wordCount":353,"publisher":{"@id":"https:\/\/radioljubuski.ba\/#organization"},"image":{"@id":"https:\/\/radioljubuski.ba\/index.php\/2022\/04\/18\/nacelnik-pu-varazdinske-o-tragediji-u-ivancu-ovo-je-dogadaj-koji-ovdje-nije-bio-nikada-zabiljezen\/#primaryimage"},"thumbnailUrl":"https:\/\/radioljubuski.ba\/wp-content\/uploads\/2022\/04\/HN20220417489789-696x522-1.jpg","articleSection":["BIH i regija"],"inLanguage":"hr"},{"@type":"WebPage","@id":"https:\/\/radioljubuski.ba\/index.php\/2022\/04\/18\/nacelnik-pu-varazdinske-o-tragediji-u-ivancu-ovo-je-dogadaj-koji-ovdje-nije-bio-nikada-zabiljezen\/","url":"https:\/\/radioljubuski.ba\/index.php\/2022\/04\/18\/nacelnik-pu-varazdinske-o-tragediji-u-ivancu-ovo-je-dogadaj-koji-ovdje-nije-bio-nikada-zabiljezen\/","name":"Na\u010delnik PU vara\u017edinske o tragediji u Ivancu: \u2018Ovo je doga\u0111aj koji ovdje nije bio nikada zabilje\u017een\u2019 - RADIO LJUBU\u0160KI","isPartOf":{"@id":"https:\/\/radioljubuski.ba\/#website"},"primaryImageOfPage":{"@id":"https:\/\/radioljubuski.ba\/index.php\/2022\/04\/18\/nacelnik-pu-varazdinske-o-tragediji-u-ivancu-ovo-je-dogadaj-koji-ovdje-nije-bio-nikada-zabiljezen\/#primaryimage"},"image":{"@id":"https:\/\/radioljubuski.ba\/index.php\/2022\/04\/18\/nacelnik-pu-varazdinske-o-tragediji-u-ivancu-ovo-je-dogadaj-koji-ovdje-nije-bio-nikada-zabiljezen\/#primaryimage"},"thumbnailUrl":"https:\/\/radioljubuski.ba\/wp-content\/uploads\/2022\/04\/HN20220417489789-696x522-1.jpg","datePublished":"2022-04-18T09:18:34+00:00","dateModified":"2022-04-18T09:18:36+00:00","breadcrumb":{"@id":"https:\/\/radioljubuski.ba\/index.php\/2022\/04\/18\/nacelnik-pu-varazdinske-o-tragediji-u-ivancu-ovo-je-dogadaj-koji-ovdje-nije-bio-nikada-zabiljezen\/#breadcrumb"},"inLanguage":"hr","potentialAction":[{"@type":"ReadAction","target":["https:\/\/radioljubuski.ba\/index.php\/2022\/04\/18\/nacelnik-pu-varazdinske-o-tragediji-u-ivancu-ovo-je-dogadaj-koji-ovdje-nije-bio-nikada-zabiljezen\/"]}]},{"@type":"ImageObject","inLanguage":"hr","@id":"https:\/\/radioljubuski.ba\/index.php\/2022\/04\/18\/nacelnik-pu-varazdinske-o-tragediji-u-ivancu-ovo-je-dogadaj-koji-ovdje-nije-bio-nikada-zabiljezen\/#primaryimage","url":"https:\/\/radioljubuski.ba\/wp-content\/uploads\/2022\/04\/HN20220417489789-696x522-1.jpg","contentUrl":"https:\/\/radioljubuski.ba\/wp-content\/uploads\/2022\/04\/HN20220417489789-696x522-1.jpg","width":696,"height":522},{"@type":"BreadcrumbList","@id":"https:\/\/radioljubuski.ba\/index.php\/2022\/04\/18\/nacelnik-pu-varazdinske-o-tragediji-u-ivancu-ovo-je-dogadaj-koji-ovdje-nije-bio-nikada-zabiljezen\/#breadcrumb","itemListElement":[{"@type":"ListItem","position":1,"name":"Po\u010detna stranica","item":"https:\/\/radioljubuski.ba\/"},{"@type":"ListItem","position":2,"name":"Na\u010delnik PU vara\u017edinske o tragediji u Ivancu: \u2018Ovo je doga\u0111aj koji ovdje nije bio nikada zabilje\u017een\u2019"}]},{"@type":"WebSite","@id":"https:\/\/radioljubuski.ba\/#website","url":"https:\/\/radioljubuski.ba\/","name":"Radio Ljubu\u0161ki","description":"Sun\u010dana frekvencija Hercegovine","publisher":{"@id":"https:\/\/radioljubuski.ba\/#organization"},"potentialAction":[{"@type":"SearchAction","target":{"@type":"EntryPoint","urlTemplate":"https:\/\/radioljubuski.ba\/?s={search_term_string}"},"query-input":{"@type":"PropertyValueSpecification","valueRequired":true,"valueName":"search_term_string"}}],"inLanguage":"hr"},{"@type":"Organization","@id":"https:\/\/radioljubuski.ba\/#organization","name":"Radio Ljubu\u0161ki","url":"https:\/\/radioljubuski.ba\/","logo":{"@type":"ImageObject","inLanguage":"hr","@id":"https:\/\/radioljubuski.ba\/#\/schema\/logo\/image\/","url":"https:\/\/radioljubuski.ba\/wp-content\/uploads\/2021\/02\/cropped-Radio_Ljubuski_logo1.jpg","contentUrl":"https:\/\/radioljubuski.ba\/wp-content\/uploads\/2021\/02\/cropped-Radio_Ljubuski_logo1.jpg","width":512,"height":512,"caption":"Radio Ljubu\u0161ki"},"image":{"@id":"https:\/\/radioljubuski.ba\/#\/schema\/logo\/image\/"},"sameAs":["https:\/\/www.facebook.com\/Radiio-Ljubuski-1490835324566332","https:\/\/x.com\/radioljubuski","https:\/\/hr.linkedin.com\/company\/radio-ljubuski","https:\/\/www.youtube.com\/channel\/UCHYaeO_n0Db3tjNGudGpXyw"]},{"@type":"Person","@id":"https:\/\/radioljubuski.ba\/#\/schema\/person\/19fc700381a780f69665d7956c469e3b","name":"Radio Ljubu\u0161ki"}]}},"_links":{"self":[{"href":"https:\/\/radioljubuski.ba\/index.php\/wp-json\/wp\/v2\/posts\/133455","targetHints":{"allow":["GET"]}}],"collection":[{"href":"https:\/\/radioljubuski.ba\/index.php\/wp-json\/wp\/v2\/posts"}],"about":[{"href":"https:\/\/radioljubuski.ba\/index.php\/wp-json\/wp\/v2\/types\/post"}],"author":[{"embeddable":true,"href":"https:\/\/radioljubuski.ba\/index.php\/wp-json\/wp\/v2\/users\/2"}],"replies":[{"embeddable":true,"href":"https:\/\/radioljubuski.ba\/index.php\/wp-json\/wp\/v2\/comments?post=133455"}],"version-history":[{"count":1,"href":"https:\/\/radioljubuski.ba\/index.php\/wp-json\/wp\/v2\/posts\/133455\/revisions"}],"predecessor-version":[{"id":133457,"href":"https:\/\/radioljubuski.ba\/index.php\/wp-json\/wp\/v2\/posts\/133455\/revisions\/133457"}],"wp:featuredmedia":[{"embeddable":true,"href":"https:\/\/radioljubuski.ba\/index.php\/wp-json\/wp\/v2\/media\/133456"}],"wp:attachment":[{"href":"https:\/\/radioljubuski.ba\/index.php\/wp-json\/wp\/v2\/media?parent=133455"}],"wp:term":[{"taxonomy":"category","embeddable":true,"href":"https:\/\/radioljubuski.ba\/index.php\/wp-json\/wp\/v2\/categories?post=133455"},{"taxonomy":"post_tag","embeddable":true,"href":"https:\/\/radioljubuski.ba\/index.php\/wp-json\/wp\/v2\/tags?post=133455"}],"curies":[{"name":"wp","href":"https:\/\/api.w.org\/{rel}","templated":true}]}}