{"id":133522,"date":"2022-04-18T12:10:16","date_gmt":"2022-04-18T11:10:16","guid":{"rendered":"https:\/\/radioljubuski.ba\/?p=133522"},"modified":"2022-04-18T12:10:17","modified_gmt":"2022-04-18T11:10:17","slug":"skriveni-radar-sokirao-gradane-e-ovo-samo-u-bosni-ima","status":"publish","type":"post","link":"https:\/\/radioljubuski.ba\/index.php\/2022\/04\/18\/skriveni-radar-sokirao-gradane-e-ovo-samo-u-bosni-ima\/","title":{"rendered":"Skriveni radar \u0161okirao gra\u0111ane: E ovo samo u Bosni ima"},"content":{"rendered":"\n<p>Postavka mobilnog radara u Tuzli danas je iznenadila brojne voza\u010de koji su u nevjerici na dru\u0161tvenim mre\u017eama prokomentirali ovu situaciju.<\/p>\n\n\n\n<p><br>Naime, na nadvo\u017enjaku u blizini Panonskih jezera, pripadnici MUP-a T\u017d danas su vr\u0161ili radarsku kontrolu brzine u prometu. Na ovoj dionici ali i na najve\u0107em dijelu sjeverne saobra\u0107ajnice ograni\u010denje brzine je 50 km\/h.<\/p>\n\n\n\n<p>Na dru\u0161tvenoj mre\u017ei Facebook brojni korisnici komentirali su prizor koji ih je iznenadio.<\/p>\n\n\n\n<p>\u201cLjudi te\u0161ko \u017eive, infacija nikada ve\u0107a, poskupljenja su svakodnevna, stanje sigurnosti cijele dr\u017eave nikada upitnija, e samo nam je jo\u0161 ovo trebalo\u201d,<\/p>\n\n\n\n<p>\u201cNe mogu da vjerujem, zar je dotle do\u0161lo\u201d, \u201cJe l\u2019 ovo mogu\u0107e?\u201d, \u201cE ovo samo u Bosni ima\u201d, samo su neki od komentara.<\/p>\n\n\n\n<p>\u201cPostavljanje znaka obavje\u0161tenja, odnosno upozoravanja na zonu radarske kontrole nije propisano ni zakonom, niti drugim podzakonskim aktima, a podsje\u0107amo sudionici u prometu su du\u017eni po\u0161tovati odredbe Zakona o osnovima sigurnosti prometa na putevima u Bosni i Hercegovini (\u201cSl. glasnik BiH\u201d, br. 6\/2006, 75\/2006 \u2013 ispr, 44\/2007, 84\/2009, 48\/2010, 48\/2010 \u2013 dr. zakon, 18\/2013, 8\/2017, 89\/2017 i 9\/2018) i druge propise iz oblasti sigurnosti prometa na putevima\u201d pi\u0161e Tuzlanski.<\/p>\n\n\n\n<p>Izvor:tuzlanski.ba<\/p>\n","protected":false},"excerpt":{"rendered":"<p>Postavka mobilnog radara u Tuzli danas je iznenadila brojne voza\u010de koji su u nevjerici na dru\u0161tvenim mre\u017eama prokomentirali ovu situaciju. Naime, na nadvo\u017enjaku u blizini Panonskih jezera, pripadnici MUP-a T\u017d danas su vr\u0161ili radarsku kontrolu brzine u prometu. Na ovoj dionici ali i na najve\u0107em dijelu sjeverne saobra\u0107ajnice ograni\u010denje brzine je 50 km\/h. Na dru\u0161tvenoj [&hellip;]<\/p>\n","protected":false},"author":2,"featured_media":133523,"comment_status":"closed","ping_status":"closed","sticky":false,"template":"","format":"standard","meta":{"h5ap_radio_sources":[],"footnotes":""},"categories":[1],"tags":[],"class_list":["post-133522","post","type-post","status-publish","format-standard","has-post-thumbnail","hentry","category-bihiregija"],"yoast_head":"<!-- This site is optimized with the Yoast SEO plugin v27.5 - https:\/\/yoast.com\/product\/yoast-seo-wordpress\/ -->\n<title>Skriveni radar \u0161okirao gra\u0111ane: E ovo samo u Bosni ima - RADIO LJUBU\u0160KI<\/title>\n<meta name=\"robots\" content=\"index, follow, max-snippet:-1, max-image-preview:large, max-video-preview:-1\" \/>\n<link rel=\"canonical\" href=\"https:\/\/radioljubuski.ba\/index.php\/2022\/04\/18\/skriveni-radar-sokirao-gradane-e-ovo-samo-u-bosni-ima\/\" \/>\n<meta property=\"og:locale\" content=\"hr_HR\" \/>\n<meta property=\"og:type\" content=\"article\" \/>\n<meta property=\"og:title\" content=\"Skriveni radar \u0161okirao gra\u0111ane: E ovo samo u Bosni ima - RADIO LJUBU\u0160KI\" \/>\n<meta property=\"og:description\" content=\"Postavka mobilnog radara u Tuzli danas je iznenadila brojne voza\u010de koji su u nevjerici na dru\u0161tvenim mre\u017eama prokomentirali ovu situaciju. Naime, na nadvo\u017enjaku u blizini Panonskih jezera, pripadnici MUP-a T\u017d danas su vr\u0161ili radarsku kontrolu brzine u prometu. Na ovoj dionici ali i na najve\u0107em dijelu sjeverne saobra\u0107ajnice ograni\u010denje brzine je 50 km\/h. Na dru\u0161tvenoj [&hellip;]\" \/>\n<meta property=\"og:url\" content=\"https:\/\/radioljubuski.ba\/index.php\/2022\/04\/18\/skriveni-radar-sokirao-gradane-e-ovo-samo-u-bosni-ima\/\" \/>\n<meta property=\"og:site_name\" content=\"RADIO LJUBU\u0160KI\" \/>\n<meta property=\"article:publisher\" content=\"https:\/\/www.facebook.com\/Radiio-Ljubuski-1490835324566332\" \/>\n<meta property=\"article:published_time\" content=\"2022-04-18T11:10:16+00:00\" \/>\n<meta property=\"article:modified_time\" content=\"2022-04-18T11:10:17+00:00\" \/>\n<meta property=\"og:image\" content=\"https:\/\/radioljubuski.ba\/wp-content\/uploads\/2022\/04\/2-2022-04-17-16-17-22-1650203451-policija-radar-tuzla1-900x539-1.jpg\" \/>\n\t<meta property=\"og:image:width\" content=\"1000\" \/>\n\t<meta property=\"og:image:height\" content=\"625\" \/>\n\t<meta property=\"og:image:type\" content=\"image\/jpeg\" \/>\n<meta name=\"author\" content=\"Radio Ljubu\u0161ki\" \/>\n<meta name=\"twitter:card\" content=\"summary_large_image\" \/>\n<meta name=\"twitter:creator\" content=\"@radioljubuski\" \/>\n<meta name=\"twitter:site\" content=\"@radioljubuski\" \/>\n<meta name=\"twitter:label1\" content=\"Napisao\/la\" \/>\n\t<meta name=\"twitter:data1\" content=\"Radio Ljubu\u0161ki\" \/>\n\t<meta name=\"twitter:label2\" content=\"Procijenjeno vrijeme \u010ditanja\" \/>\n\t<meta name=\"twitter:data2\" content=\"1 minuta\" \/>\n<script type=\"application\/ld+json\" class=\"yoast-schema-graph\">{\"@context\":\"https:\\\/\\\/schema.org\",\"@graph\":[{\"@type\":\"Article\",\"@id\":\"https:\\\/\\\/radioljubuski.ba\\\/index.php\\\/2022\\\/04\\\/18\\\/skriveni-radar-sokirao-gradane-e-ovo-samo-u-bosni-ima\\\/#article\",\"isPartOf\":{\"@id\":\"https:\\\/\\\/radioljubuski.ba\\\/index.php\\\/2022\\\/04\\\/18\\\/skriveni-radar-sokirao-gradane-e-ovo-samo-u-bosni-ima\\\/\"},\"author\":{\"name\":\"Radio Ljubu\u0161ki\",\"@id\":\"https:\\\/\\\/radioljubuski.ba\\\/#\\\/schema\\\/person\\\/19fc700381a780f69665d7956c469e3b\"},\"headline\":\"Skriveni radar \u0161okirao gra\u0111ane: E ovo samo u Bosni ima\",\"datePublished\":\"2022-04-18T11:10:16+00:00\",\"dateModified\":\"2022-04-18T11:10:17+00:00\",\"mainEntityOfPage\":{\"@id\":\"https:\\\/\\\/radioljubuski.ba\\\/index.php\\\/2022\\\/04\\\/18\\\/skriveni-radar-sokirao-gradane-e-ovo-samo-u-bosni-ima\\\/\"},\"wordCount\":201,\"publisher\":{\"@id\":\"https:\\\/\\\/radioljubuski.ba\\\/#organization\"},\"image\":{\"@id\":\"https:\\\/\\\/radioljubuski.ba\\\/index.php\\\/2022\\\/04\\\/18\\\/skriveni-radar-sokirao-gradane-e-ovo-samo-u-bosni-ima\\\/#primaryimage\"},\"thumbnailUrl\":\"https:\\\/\\\/radioljubuski.ba\\\/wp-content\\\/uploads\\\/2022\\\/04\\\/2-2022-04-17-16-17-22-1650203451-policija-radar-tuzla1-900x539-1.jpg\",\"articleSection\":[\"BIH i regija\"],\"inLanguage\":\"hr\"},{\"@type\":\"WebPage\",\"@id\":\"https:\\\/\\\/radioljubuski.ba\\\/index.php\\\/2022\\\/04\\\/18\\\/skriveni-radar-sokirao-gradane-e-ovo-samo-u-bosni-ima\\\/\",\"url\":\"https:\\\/\\\/radioljubuski.ba\\\/index.php\\\/2022\\\/04\\\/18\\\/skriveni-radar-sokirao-gradane-e-ovo-samo-u-bosni-ima\\\/\",\"name\":\"Skriveni radar \u0161okirao gra\u0111ane: E ovo samo u Bosni ima - RADIO LJUBU\u0160KI\",\"isPartOf\":{\"@id\":\"https:\\\/\\\/radioljubuski.ba\\\/#website\"},\"primaryImageOfPage\":{\"@id\":\"https:\\\/\\\/radioljubuski.ba\\\/index.php\\\/2022\\\/04\\\/18\\\/skriveni-radar-sokirao-gradane-e-ovo-samo-u-bosni-ima\\\/#primaryimage\"},\"image\":{\"@id\":\"https:\\\/\\\/radioljubuski.ba\\\/index.php\\\/2022\\\/04\\\/18\\\/skriveni-radar-sokirao-gradane-e-ovo-samo-u-bosni-ima\\\/#primaryimage\"},\"thumbnailUrl\":\"https:\\\/\\\/radioljubuski.ba\\\/wp-content\\\/uploads\\\/2022\\\/04\\\/2-2022-04-17-16-17-22-1650203451-policija-radar-tuzla1-900x539-1.jpg\",\"datePublished\":\"2022-04-18T11:10:16+00:00\",\"dateModified\":\"2022-04-18T11:10:17+00:00\",\"breadcrumb\":{\"@id\":\"https:\\\/\\\/radioljubuski.ba\\\/index.php\\\/2022\\\/04\\\/18\\\/skriveni-radar-sokirao-gradane-e-ovo-samo-u-bosni-ima\\\/#breadcrumb\"},\"inLanguage\":\"hr\",\"potentialAction\":[{\"@type\":\"ReadAction\",\"target\":[\"https:\\\/\\\/radioljubuski.ba\\\/index.php\\\/2022\\\/04\\\/18\\\/skriveni-radar-sokirao-gradane-e-ovo-samo-u-bosni-ima\\\/\"]}]},{\"@type\":\"ImageObject\",\"inLanguage\":\"hr\",\"@id\":\"https:\\\/\\\/radioljubuski.ba\\\/index.php\\\/2022\\\/04\\\/18\\\/skriveni-radar-sokirao-gradane-e-ovo-samo-u-bosni-ima\\\/#primaryimage\",\"url\":\"https:\\\/\\\/radioljubuski.ba\\\/wp-content\\\/uploads\\\/2022\\\/04\\\/2-2022-04-17-16-17-22-1650203451-policija-radar-tuzla1-900x539-1.jpg\",\"contentUrl\":\"https:\\\/\\\/radioljubuski.ba\\\/wp-content\\\/uploads\\\/2022\\\/04\\\/2-2022-04-17-16-17-22-1650203451-policija-radar-tuzla1-900x539-1.jpg\",\"width\":1000,\"height\":625},{\"@type\":\"BreadcrumbList\",\"@id\":\"https:\\\/\\\/radioljubuski.ba\\\/index.php\\\/2022\\\/04\\\/18\\\/skriveni-radar-sokirao-gradane-e-ovo-samo-u-bosni-ima\\\/#breadcrumb\",\"itemListElement\":[{\"@type\":\"ListItem\",\"position\":1,\"name\":\"Po\u010detna stranica\",\"item\":\"https:\\\/\\\/radioljubuski.ba\\\/\"},{\"@type\":\"ListItem\",\"position\":2,\"name\":\"Skriveni radar \u0161okirao gra\u0111ane: E ovo samo u Bosni ima\"}]},{\"@type\":\"WebSite\",\"@id\":\"https:\\\/\\\/radioljubuski.ba\\\/#website\",\"url\":\"https:\\\/\\\/radioljubuski.ba\\\/\",\"name\":\"Radio Ljubu\u0161ki\",\"description\":\"Sun\u010dana frekvencija Hercegovine\",\"publisher\":{\"@id\":\"https:\\\/\\\/radioljubuski.ba\\\/#organization\"},\"potentialAction\":[{\"@type\":\"SearchAction\",\"target\":{\"@type\":\"EntryPoint\",\"urlTemplate\":\"https:\\\/\\\/radioljubuski.ba\\\/?s={search_term_string}\"},\"query-input\":{\"@type\":\"PropertyValueSpecification\",\"valueRequired\":true,\"valueName\":\"search_term_string\"}}],\"inLanguage\":\"hr\"},{\"@type\":\"Organization\",\"@id\":\"https:\\\/\\\/radioljubuski.ba\\\/#organization\",\"name\":\"Radio Ljubu\u0161ki\",\"url\":\"https:\\\/\\\/radioljubuski.ba\\\/\",\"logo\":{\"@type\":\"ImageObject\",\"inLanguage\":\"hr\",\"@id\":\"https:\\\/\\\/radioljubuski.ba\\\/#\\\/schema\\\/logo\\\/image\\\/\",\"url\":\"https:\\\/\\\/radioljubuski.ba\\\/wp-content\\\/uploads\\\/2021\\\/02\\\/cropped-Radio_Ljubuski_logo1.jpg\",\"contentUrl\":\"https:\\\/\\\/radioljubuski.ba\\\/wp-content\\\/uploads\\\/2021\\\/02\\\/cropped-Radio_Ljubuski_logo1.jpg\",\"width\":512,\"height\":512,\"caption\":\"Radio Ljubu\u0161ki\"},\"image\":{\"@id\":\"https:\\\/\\\/radioljubuski.ba\\\/#\\\/schema\\\/logo\\\/image\\\/\"},\"sameAs\":[\"https:\\\/\\\/www.facebook.com\\\/Radiio-Ljubuski-1490835324566332\",\"https:\\\/\\\/x.com\\\/radioljubuski\",\"https:\\\/\\\/hr.linkedin.com\\\/company\\\/radio-ljubuski\",\"https:\\\/\\\/www.youtube.com\\\/channel\\\/UCHYaeO_n0Db3tjNGudGpXyw\"]},{\"@type\":\"Person\",\"@id\":\"https:\\\/\\\/radioljubuski.ba\\\/#\\\/schema\\\/person\\\/19fc700381a780f69665d7956c469e3b\",\"name\":\"Radio Ljubu\u0161ki\"}]}<\/script>\n<!-- \/ Yoast SEO plugin. -->","yoast_head_json":{"title":"Skriveni radar \u0161okirao gra\u0111ane: E ovo samo u Bosni ima - RADIO LJUBU\u0160KI","robots":{"index":"index","follow":"follow","max-snippet":"max-snippet:-1","max-image-preview":"max-image-preview:large","max-video-preview":"max-video-preview:-1"},"canonical":"https:\/\/radioljubuski.ba\/index.php\/2022\/04\/18\/skriveni-radar-sokirao-gradane-e-ovo-samo-u-bosni-ima\/","og_locale":"hr_HR","og_type":"article","og_title":"Skriveni radar \u0161okirao gra\u0111ane: E ovo samo u Bosni ima - RADIO LJUBU\u0160KI","og_description":"Postavka mobilnog radara u Tuzli danas je iznenadila brojne voza\u010de koji su u nevjerici na dru\u0161tvenim mre\u017eama prokomentirali ovu situaciju. Naime, na nadvo\u017enjaku u blizini Panonskih jezera, pripadnici MUP-a T\u017d danas su vr\u0161ili radarsku kontrolu brzine u prometu. Na ovoj dionici ali i na najve\u0107em dijelu sjeverne saobra\u0107ajnice ograni\u010denje brzine je 50 km\/h. Na dru\u0161tvenoj [&hellip;]","og_url":"https:\/\/radioljubuski.ba\/index.php\/2022\/04\/18\/skriveni-radar-sokirao-gradane-e-ovo-samo-u-bosni-ima\/","og_site_name":"RADIO LJUBU\u0160KI","article_publisher":"https:\/\/www.facebook.com\/Radiio-Ljubuski-1490835324566332","article_published_time":"2022-04-18T11:10:16+00:00","article_modified_time":"2022-04-18T11:10:17+00:00","og_image":[{"width":1000,"height":625,"url":"https:\/\/radioljubuski.ba\/wp-content\/uploads\/2022\/04\/2-2022-04-17-16-17-22-1650203451-policija-radar-tuzla1-900x539-1.jpg","type":"image\/jpeg"}],"author":"Radio Ljubu\u0161ki","twitter_card":"summary_large_image","twitter_creator":"@radioljubuski","twitter_site":"@radioljubuski","twitter_misc":{"Napisao\/la":"Radio Ljubu\u0161ki","Procijenjeno vrijeme \u010ditanja":"1 minuta"},"schema":{"@context":"https:\/\/schema.org","@graph":[{"@type":"Article","@id":"https:\/\/radioljubuski.ba\/index.php\/2022\/04\/18\/skriveni-radar-sokirao-gradane-e-ovo-samo-u-bosni-ima\/#article","isPartOf":{"@id":"https:\/\/radioljubuski.ba\/index.php\/2022\/04\/18\/skriveni-radar-sokirao-gradane-e-ovo-samo-u-bosni-ima\/"},"author":{"name":"Radio Ljubu\u0161ki","@id":"https:\/\/radioljubuski.ba\/#\/schema\/person\/19fc700381a780f69665d7956c469e3b"},"headline":"Skriveni radar \u0161okirao gra\u0111ane: E ovo samo u Bosni ima","datePublished":"2022-04-18T11:10:16+00:00","dateModified":"2022-04-18T11:10:17+00:00","mainEntityOfPage":{"@id":"https:\/\/radioljubuski.ba\/index.php\/2022\/04\/18\/skriveni-radar-sokirao-gradane-e-ovo-samo-u-bosni-ima\/"},"wordCount":201,"publisher":{"@id":"https:\/\/radioljubuski.ba\/#organization"},"image":{"@id":"https:\/\/radioljubuski.ba\/index.php\/2022\/04\/18\/skriveni-radar-sokirao-gradane-e-ovo-samo-u-bosni-ima\/#primaryimage"},"thumbnailUrl":"https:\/\/radioljubuski.ba\/wp-content\/uploads\/2022\/04\/2-2022-04-17-16-17-22-1650203451-policija-radar-tuzla1-900x539-1.jpg","articleSection":["BIH i regija"],"inLanguage":"hr"},{"@type":"WebPage","@id":"https:\/\/radioljubuski.ba\/index.php\/2022\/04\/18\/skriveni-radar-sokirao-gradane-e-ovo-samo-u-bosni-ima\/","url":"https:\/\/radioljubuski.ba\/index.php\/2022\/04\/18\/skriveni-radar-sokirao-gradane-e-ovo-samo-u-bosni-ima\/","name":"Skriveni radar \u0161okirao gra\u0111ane: E ovo samo u Bosni ima - RADIO LJUBU\u0160KI","isPartOf":{"@id":"https:\/\/radioljubuski.ba\/#website"},"primaryImageOfPage":{"@id":"https:\/\/radioljubuski.ba\/index.php\/2022\/04\/18\/skriveni-radar-sokirao-gradane-e-ovo-samo-u-bosni-ima\/#primaryimage"},"image":{"@id":"https:\/\/radioljubuski.ba\/index.php\/2022\/04\/18\/skriveni-radar-sokirao-gradane-e-ovo-samo-u-bosni-ima\/#primaryimage"},"thumbnailUrl":"https:\/\/radioljubuski.ba\/wp-content\/uploads\/2022\/04\/2-2022-04-17-16-17-22-1650203451-policija-radar-tuzla1-900x539-1.jpg","datePublished":"2022-04-18T11:10:16+00:00","dateModified":"2022-04-18T11:10:17+00:00","breadcrumb":{"@id":"https:\/\/radioljubuski.ba\/index.php\/2022\/04\/18\/skriveni-radar-sokirao-gradane-e-ovo-samo-u-bosni-ima\/#breadcrumb"},"inLanguage":"hr","potentialAction":[{"@type":"ReadAction","target":["https:\/\/radioljubuski.ba\/index.php\/2022\/04\/18\/skriveni-radar-sokirao-gradane-e-ovo-samo-u-bosni-ima\/"]}]},{"@type":"ImageObject","inLanguage":"hr","@id":"https:\/\/radioljubuski.ba\/index.php\/2022\/04\/18\/skriveni-radar-sokirao-gradane-e-ovo-samo-u-bosni-ima\/#primaryimage","url":"https:\/\/radioljubuski.ba\/wp-content\/uploads\/2022\/04\/2-2022-04-17-16-17-22-1650203451-policija-radar-tuzla1-900x539-1.jpg","contentUrl":"https:\/\/radioljubuski.ba\/wp-content\/uploads\/2022\/04\/2-2022-04-17-16-17-22-1650203451-policija-radar-tuzla1-900x539-1.jpg","width":1000,"height":625},{"@type":"BreadcrumbList","@id":"https:\/\/radioljubuski.ba\/index.php\/2022\/04\/18\/skriveni-radar-sokirao-gradane-e-ovo-samo-u-bosni-ima\/#breadcrumb","itemListElement":[{"@type":"ListItem","position":1,"name":"Po\u010detna stranica","item":"https:\/\/radioljubuski.ba\/"},{"@type":"ListItem","position":2,"name":"Skriveni radar \u0161okirao gra\u0111ane: E ovo samo u Bosni ima"}]},{"@type":"WebSite","@id":"https:\/\/radioljubuski.ba\/#website","url":"https:\/\/radioljubuski.ba\/","name":"Radio Ljubu\u0161ki","description":"Sun\u010dana frekvencija Hercegovine","publisher":{"@id":"https:\/\/radioljubuski.ba\/#organization"},"potentialAction":[{"@type":"SearchAction","target":{"@type":"EntryPoint","urlTemplate":"https:\/\/radioljubuski.ba\/?s={search_term_string}"},"query-input":{"@type":"PropertyValueSpecification","valueRequired":true,"valueName":"search_term_string"}}],"inLanguage":"hr"},{"@type":"Organization","@id":"https:\/\/radioljubuski.ba\/#organization","name":"Radio Ljubu\u0161ki","url":"https:\/\/radioljubuski.ba\/","logo":{"@type":"ImageObject","inLanguage":"hr","@id":"https:\/\/radioljubuski.ba\/#\/schema\/logo\/image\/","url":"https:\/\/radioljubuski.ba\/wp-content\/uploads\/2021\/02\/cropped-Radio_Ljubuski_logo1.jpg","contentUrl":"https:\/\/radioljubuski.ba\/wp-content\/uploads\/2021\/02\/cropped-Radio_Ljubuski_logo1.jpg","width":512,"height":512,"caption":"Radio Ljubu\u0161ki"},"image":{"@id":"https:\/\/radioljubuski.ba\/#\/schema\/logo\/image\/"},"sameAs":["https:\/\/www.facebook.com\/Radiio-Ljubuski-1490835324566332","https:\/\/x.com\/radioljubuski","https:\/\/hr.linkedin.com\/company\/radio-ljubuski","https:\/\/www.youtube.com\/channel\/UCHYaeO_n0Db3tjNGudGpXyw"]},{"@type":"Person","@id":"https:\/\/radioljubuski.ba\/#\/schema\/person\/19fc700381a780f69665d7956c469e3b","name":"Radio Ljubu\u0161ki"}]}},"_links":{"self":[{"href":"https:\/\/radioljubuski.ba\/index.php\/wp-json\/wp\/v2\/posts\/133522","targetHints":{"allow":["GET"]}}],"collection":[{"href":"https:\/\/radioljubuski.ba\/index.php\/wp-json\/wp\/v2\/posts"}],"about":[{"href":"https:\/\/radioljubuski.ba\/index.php\/wp-json\/wp\/v2\/types\/post"}],"author":[{"embeddable":true,"href":"https:\/\/radioljubuski.ba\/index.php\/wp-json\/wp\/v2\/users\/2"}],"replies":[{"embeddable":true,"href":"https:\/\/radioljubuski.ba\/index.php\/wp-json\/wp\/v2\/comments?post=133522"}],"version-history":[{"count":1,"href":"https:\/\/radioljubuski.ba\/index.php\/wp-json\/wp\/v2\/posts\/133522\/revisions"}],"predecessor-version":[{"id":133524,"href":"https:\/\/radioljubuski.ba\/index.php\/wp-json\/wp\/v2\/posts\/133522\/revisions\/133524"}],"wp:featuredmedia":[{"embeddable":true,"href":"https:\/\/radioljubuski.ba\/index.php\/wp-json\/wp\/v2\/media\/133523"}],"wp:attachment":[{"href":"https:\/\/radioljubuski.ba\/index.php\/wp-json\/wp\/v2\/media?parent=133522"}],"wp:term":[{"taxonomy":"category","embeddable":true,"href":"https:\/\/radioljubuski.ba\/index.php\/wp-json\/wp\/v2\/categories?post=133522"},{"taxonomy":"post_tag","embeddable":true,"href":"https:\/\/radioljubuski.ba\/index.php\/wp-json\/wp\/v2\/tags?post=133522"}],"curies":[{"name":"wp","href":"https:\/\/api.w.org\/{rel}","templated":true}]}}