{"id":133530,"date":"2022-04-18T12:14:10","date_gmt":"2022-04-18T11:14:10","guid":{"rendered":"https:\/\/radioljubuski.ba\/?p=133530"},"modified":"2022-04-18T12:14:11","modified_gmt":"2022-04-18T11:14:11","slug":"bh-gradani-ce-za-ulazak-u-eu-od-2023-godine-morati-platiti-7-eura","status":"publish","type":"post","link":"https:\/\/radioljubuski.ba\/index.php\/2022\/04\/18\/bh-gradani-ce-za-ulazak-u-eu-od-2023-godine-morati-platiti-7-eura\/","title":{"rendered":"Bh. gra\u0111ani \u0107e za ulazak u EU od 2023. godine morati platiti 7 eura?"},"content":{"rendered":"\n<p>Sustav ETIAS u funkciju bi trebao biti pu\u0161ten idu\u0107e godine \u0161to \u0107e zna\u010diti nova pravila za ulazak u Hrvatsku, odnosno Europsku uniju za stanovnike Bosne i Hercegovine. Primjena Europskog sustava za informacije o putovanjima i odobravanje putovanja (ETIAS) tako \u0107e stanovnike BiH obvezati da prije putovanja u Europsku uniju popune elektronski obrazac i plate jednokratnu naknadu od sedam eura, pi\u0161e<a href=\"https:\/\/www.vecernji.ba\/vijesti\/od-iduce-godine-za-ulazak-u-eu-bh-gradani-morat-ce-popuniti-zahtjev-i-platiti-7-eura-1579495\" target=\"_blank\" rel=\"noreferrer noopener\"> Ve\u010dernji list BiH.<\/a><\/p>\n\n\n\n<p>\u201cPutnici \u0107e morati ispuniti internetski obrazac zahtjeva preko namjenske stranice ili mobilne aplikacije. Ispunjavanje obrasca zahtjeva ne bi trebalo trajati dulje od 10 minuta te za njega ne bi trebala biti potrebna nikakva dokumentacija osim putne isprave (putovnice ili jednakovrijedne isprave). Ako predmetna osoba nije u mogu\u0107nosti podnijeti zahtjev (zbog dobi, razine pismenosti, informati\u010dke pismenosti ili pristupa potrebnom ure\u0111aju), zahtjev mo\u017ee podnijeti tre\u0107a osoba. Svi podnositelji zahtjeva u dobi izme\u0111u 18 i 70 godina morat \u0107e elektroni\u010dki platiti naknadu u iznosu od 7 eura po zahtjevu. Za elektroni\u010dke na\u010dine pla\u0107anja uzet \u0107e se u obzir tehnolo\u0161ki napredak u zemljama \u010dijim dr\u017eavljanima nije potrebna viza kako se ne bi stvarale prepreke tim dr\u017eavljanima, koji mo\u017eda nemaju pristup odre\u0111enim na\u010dinima pla\u0107anja\u201d, stoji na slu\u017ebenoj stranici EU-a u BiH.<\/p>\n\n\n\n<p>Odobrenje za putovanje bez kojeg se ne\u0107e mo\u0107i prije\u0107i granica u najve\u0107em broju slu\u010dajeva bit \u0107e izdano unutar nekoliko minuta od podno\u0161enja zahtjeva, a u rijetkim slu\u010dajevima, kada su potrebne dodatne provjere, izdavanje dozvole mo\u017ee potrajati do 30 dana, objasnili su iz Ureda specijalnog predstavnika EU-a u BiH te su za portal akta.ba potvrdili da je sustav ETIAS postati operativan 2023. godine.<\/p>\n\n\n\n<p>Podnositelj zahtjeva ima pravo na podno\u0161enje \u017ealbe ako mu se odbije izdati odobrenje putovanja. \u017dalbe se mogu podnijeti u dr\u017eavi \u010dlanici u kojoj je donesena odluka o zahtjevu i u skladu s nacionalnim zakonodavstvom te dr\u017eave \u010dlanice. Podnositelj zahtjeva obavijestit \u0107e se o tome koje je nacionalno nadle\u017eno tijelo bilo odgovorno za obradu i dono\u0161enje odluke o njegovu odobrenju putovanja te \u0107e mu se dostaviti informacije o postupku u slu\u010daju \u017ealbe.<\/p>\n\n\n\n<p>Ako putnik smatra da se s njime nije po\u0161teno postupalo, ima pravo zatra\u017eiti pravnu za\u0161titu ili pristup informacijama preko nacionalnog tijela. Va\u017eno je naglasiti kako se spomenuti zahtjev ne\u0107e morati ispunjavati prilikom svakog prelaska granice, nego jednom u tri godine ili do isteka putne isprave (u slu\u010daju da ona isti\u010de u roku kra\u0107em od tri godine).<\/p>\n\n\n\n<p>\u201cPo dolasku na schengenski grani\u010dni prijelaz, slu\u017ebenik grani\u010dnog nadzora elektroni\u010dki \u0107e o\u010ditati podatke o putnoj ispravi, \u010dime \u0107e se pokrenuti pretra\u017eivanje razli\u010ditih baza podataka, uklju\u010duju\u0107i pretra\u017eivanje ETIAS-a u slu\u010daju putnika izuzetih od obveze posjedovanja vize. Ako ne postoji valjano odobrenje putovanja iz sustava ETIAS, slu\u017ebenici grani\u010dnog nadzora putniku \u0107e odbiti ulazak i u sustav ulaska\/izlaska evidentirati putnika i odbijanje ulaska.<\/p>\n\n\n\n<p>Ako putnik ima valjano odobrenje putovanja, provest \u0107e se postupak grani\u010dne kontrole i putniku \u0107e se mo\u0107i odobriti ulazak u schengensko podru\u010dje ako su ispunjeni svi uvjeti za ulazak, ili odbiti ulazak u skladu sa Zakonikom o schengenskim granicama\u201d, obja\u0161njeno je na slu\u017ebenoj stranici europa.ba.<\/p>\n\n\n\n<p>Tako\u0111er se isti\u010de da, iako je valjanost odobrenja putovanja tri godine, ono se mo\u017ee opozvati ili poni\u0161titi ako se uvjeti pod kojima je putovanje odobreno vi\u0161e ne primjenjuju. ETIAS \u0107e pomo\u0107i u utvr\u0111ivanju mogu\u0107ih sigurnosnih i migracijskih rizika prije nego \u0161to putnici bez vize stignu na granice te \u0107e pridonijeti boljem pra\u0107enju prelazaka granica EU-a, zaklju\u010deno je na spomenutoj stranici.<\/p>\n\n\n\n<p>Ina\u010de, ETIAS je nastao tako \u0161to je u studenome 2016. predlo\u017eena uspostava europskog sustava za informacije o putovanjima i odobravanje putovanja radi ja\u010danja sigurnosnih kontrola osoba koje bez vize putuju u EU, \u0161to se trenuta\u010dno odnosi na dr\u017eavljane vi\u0161e od 60 zemalja.<\/p>\n\n\n\n<p>Izvor:pogled.ba<\/p>\n","protected":false},"excerpt":{"rendered":"<p>Sustav ETIAS u funkciju bi trebao biti pu\u0161ten idu\u0107e godine \u0161to \u0107e zna\u010diti nova pravila za ulazak u Hrvatsku, odnosno Europsku uniju za stanovnike Bosne i Hercegovine. Primjena Europskog sustava za informacije o putovanjima i odobravanje putovanja (ETIAS) tako \u0107e stanovnike BiH obvezati da prije putovanja u Europsku uniju popune elektronski obrazac i plate jednokratnu [&hellip;]<\/p>\n","protected":false},"author":2,"featured_media":133531,"comment_status":"closed","ping_status":"closed","sticky":false,"template":"","format":"standard","meta":{"h5ap_radio_sources":[],"footnotes":""},"categories":[1],"tags":[],"class_list":["post-133530","post","type-post","status-publish","format-standard","has-post-thumbnail","hentry","category-bihiregija"],"yoast_head":"<!-- This site is optimized with the Yoast SEO plugin v27.5 - https:\/\/yoast.com\/product\/yoast-seo-wordpress\/ -->\n<title>Bh. gra\u0111ani \u0107e za ulazak u EU od 2023. godine morati platiti 7 eura? - RADIO LJUBU\u0160KI<\/title>\n<meta name=\"robots\" content=\"index, follow, max-snippet:-1, max-image-preview:large, max-video-preview:-1\" \/>\n<link rel=\"canonical\" href=\"https:\/\/radioljubuski.ba\/index.php\/2022\/04\/18\/bh-gradani-ce-za-ulazak-u-eu-od-2023-godine-morati-platiti-7-eura\/\" \/>\n<meta property=\"og:locale\" content=\"hr_HR\" \/>\n<meta property=\"og:type\" content=\"article\" \/>\n<meta property=\"og:title\" content=\"Bh. gra\u0111ani \u0107e za ulazak u EU od 2023. godine morati platiti 7 eura? - RADIO LJUBU\u0160KI\" \/>\n<meta property=\"og:description\" content=\"Sustav ETIAS u funkciju bi trebao biti pu\u0161ten idu\u0107e godine \u0161to \u0107e zna\u010diti nova pravila za ulazak u Hrvatsku, odnosno Europsku uniju za stanovnike Bosne i Hercegovine. Primjena Europskog sustava za informacije o putovanjima i odobravanje putovanja (ETIAS) tako \u0107e stanovnike BiH obvezati da prije putovanja u Europsku uniju popune elektronski obrazac i plate jednokratnu [&hellip;]\" \/>\n<meta property=\"og:url\" content=\"https:\/\/radioljubuski.ba\/index.php\/2022\/04\/18\/bh-gradani-ce-za-ulazak-u-eu-od-2023-godine-morati-platiti-7-eura\/\" \/>\n<meta property=\"og:site_name\" content=\"RADIO LJUBU\u0160KI\" \/>\n<meta property=\"article:publisher\" content=\"https:\/\/www.facebook.com\/Radiio-Ljubuski-1490835324566332\" \/>\n<meta property=\"article:published_time\" content=\"2022-04-18T11:14:10+00:00\" \/>\n<meta property=\"article:modified_time\" content=\"2022-04-18T11:14:11+00:00\" \/>\n<meta property=\"og:image\" content=\"https:\/\/radioljubuski.ba\/wp-content\/uploads\/2022\/04\/8-2022-04-18-07-32-01-Hrvatska_granica_arhiv.jpg\" \/>\n\t<meta property=\"og:image:width\" content=\"1000\" \/>\n\t<meta property=\"og:image:height\" content=\"625\" \/>\n\t<meta property=\"og:image:type\" content=\"image\/jpeg\" \/>\n<meta name=\"author\" content=\"Radio Ljubu\u0161ki\" \/>\n<meta name=\"twitter:card\" content=\"summary_large_image\" \/>\n<meta name=\"twitter:creator\" content=\"@radioljubuski\" \/>\n<meta name=\"twitter:site\" content=\"@radioljubuski\" \/>\n<meta name=\"twitter:label1\" content=\"Napisao\/la\" \/>\n\t<meta name=\"twitter:data1\" content=\"Radio Ljubu\u0161ki\" \/>\n\t<meta name=\"twitter:label2\" content=\"Procijenjeno vrijeme \u010ditanja\" \/>\n\t<meta name=\"twitter:data2\" content=\"3 minute\" \/>\n<script type=\"application\/ld+json\" class=\"yoast-schema-graph\">{\"@context\":\"https:\\\/\\\/schema.org\",\"@graph\":[{\"@type\":\"Article\",\"@id\":\"https:\\\/\\\/radioljubuski.ba\\\/index.php\\\/2022\\\/04\\\/18\\\/bh-gradani-ce-za-ulazak-u-eu-od-2023-godine-morati-platiti-7-eura\\\/#article\",\"isPartOf\":{\"@id\":\"https:\\\/\\\/radioljubuski.ba\\\/index.php\\\/2022\\\/04\\\/18\\\/bh-gradani-ce-za-ulazak-u-eu-od-2023-godine-morati-platiti-7-eura\\\/\"},\"author\":{\"name\":\"Radio Ljubu\u0161ki\",\"@id\":\"https:\\\/\\\/radioljubuski.ba\\\/#\\\/schema\\\/person\\\/19fc700381a780f69665d7956c469e3b\"},\"headline\":\"Bh. gra\u0111ani \u0107e za ulazak u EU od 2023. godine morati platiti 7 eura?\",\"datePublished\":\"2022-04-18T11:14:10+00:00\",\"dateModified\":\"2022-04-18T11:14:11+00:00\",\"mainEntityOfPage\":{\"@id\":\"https:\\\/\\\/radioljubuski.ba\\\/index.php\\\/2022\\\/04\\\/18\\\/bh-gradani-ce-za-ulazak-u-eu-od-2023-godine-morati-platiti-7-eura\\\/\"},\"wordCount\":675,\"publisher\":{\"@id\":\"https:\\\/\\\/radioljubuski.ba\\\/#organization\"},\"image\":{\"@id\":\"https:\\\/\\\/radioljubuski.ba\\\/index.php\\\/2022\\\/04\\\/18\\\/bh-gradani-ce-za-ulazak-u-eu-od-2023-godine-morati-platiti-7-eura\\\/#primaryimage\"},\"thumbnailUrl\":\"https:\\\/\\\/radioljubuski.ba\\\/wp-content\\\/uploads\\\/2022\\\/04\\\/8-2022-04-18-07-32-01-Hrvatska_granica_arhiv.jpg\",\"articleSection\":[\"BIH i regija\"],\"inLanguage\":\"hr\"},{\"@type\":\"WebPage\",\"@id\":\"https:\\\/\\\/radioljubuski.ba\\\/index.php\\\/2022\\\/04\\\/18\\\/bh-gradani-ce-za-ulazak-u-eu-od-2023-godine-morati-platiti-7-eura\\\/\",\"url\":\"https:\\\/\\\/radioljubuski.ba\\\/index.php\\\/2022\\\/04\\\/18\\\/bh-gradani-ce-za-ulazak-u-eu-od-2023-godine-morati-platiti-7-eura\\\/\",\"name\":\"Bh. gra\u0111ani \u0107e za ulazak u EU od 2023. godine morati platiti 7 eura? - RADIO LJUBU\u0160KI\",\"isPartOf\":{\"@id\":\"https:\\\/\\\/radioljubuski.ba\\\/#website\"},\"primaryImageOfPage\":{\"@id\":\"https:\\\/\\\/radioljubuski.ba\\\/index.php\\\/2022\\\/04\\\/18\\\/bh-gradani-ce-za-ulazak-u-eu-od-2023-godine-morati-platiti-7-eura\\\/#primaryimage\"},\"image\":{\"@id\":\"https:\\\/\\\/radioljubuski.ba\\\/index.php\\\/2022\\\/04\\\/18\\\/bh-gradani-ce-za-ulazak-u-eu-od-2023-godine-morati-platiti-7-eura\\\/#primaryimage\"},\"thumbnailUrl\":\"https:\\\/\\\/radioljubuski.ba\\\/wp-content\\\/uploads\\\/2022\\\/04\\\/8-2022-04-18-07-32-01-Hrvatska_granica_arhiv.jpg\",\"datePublished\":\"2022-04-18T11:14:10+00:00\",\"dateModified\":\"2022-04-18T11:14:11+00:00\",\"breadcrumb\":{\"@id\":\"https:\\\/\\\/radioljubuski.ba\\\/index.php\\\/2022\\\/04\\\/18\\\/bh-gradani-ce-za-ulazak-u-eu-od-2023-godine-morati-platiti-7-eura\\\/#breadcrumb\"},\"inLanguage\":\"hr\",\"potentialAction\":[{\"@type\":\"ReadAction\",\"target\":[\"https:\\\/\\\/radioljubuski.ba\\\/index.php\\\/2022\\\/04\\\/18\\\/bh-gradani-ce-za-ulazak-u-eu-od-2023-godine-morati-platiti-7-eura\\\/\"]}]},{\"@type\":\"ImageObject\",\"inLanguage\":\"hr\",\"@id\":\"https:\\\/\\\/radioljubuski.ba\\\/index.php\\\/2022\\\/04\\\/18\\\/bh-gradani-ce-za-ulazak-u-eu-od-2023-godine-morati-platiti-7-eura\\\/#primaryimage\",\"url\":\"https:\\\/\\\/radioljubuski.ba\\\/wp-content\\\/uploads\\\/2022\\\/04\\\/8-2022-04-18-07-32-01-Hrvatska_granica_arhiv.jpg\",\"contentUrl\":\"https:\\\/\\\/radioljubuski.ba\\\/wp-content\\\/uploads\\\/2022\\\/04\\\/8-2022-04-18-07-32-01-Hrvatska_granica_arhiv.jpg\",\"width\":1000,\"height\":625},{\"@type\":\"BreadcrumbList\",\"@id\":\"https:\\\/\\\/radioljubuski.ba\\\/index.php\\\/2022\\\/04\\\/18\\\/bh-gradani-ce-za-ulazak-u-eu-od-2023-godine-morati-platiti-7-eura\\\/#breadcrumb\",\"itemListElement\":[{\"@type\":\"ListItem\",\"position\":1,\"name\":\"Po\u010detna stranica\",\"item\":\"https:\\\/\\\/radioljubuski.ba\\\/\"},{\"@type\":\"ListItem\",\"position\":2,\"name\":\"Bh. gra\u0111ani \u0107e za ulazak u EU od 2023. godine morati platiti 7 eura?\"}]},{\"@type\":\"WebSite\",\"@id\":\"https:\\\/\\\/radioljubuski.ba\\\/#website\",\"url\":\"https:\\\/\\\/radioljubuski.ba\\\/\",\"name\":\"Radio Ljubu\u0161ki\",\"description\":\"Sun\u010dana frekvencija Hercegovine\",\"publisher\":{\"@id\":\"https:\\\/\\\/radioljubuski.ba\\\/#organization\"},\"potentialAction\":[{\"@type\":\"SearchAction\",\"target\":{\"@type\":\"EntryPoint\",\"urlTemplate\":\"https:\\\/\\\/radioljubuski.ba\\\/?s={search_term_string}\"},\"query-input\":{\"@type\":\"PropertyValueSpecification\",\"valueRequired\":true,\"valueName\":\"search_term_string\"}}],\"inLanguage\":\"hr\"},{\"@type\":\"Organization\",\"@id\":\"https:\\\/\\\/radioljubuski.ba\\\/#organization\",\"name\":\"Radio Ljubu\u0161ki\",\"url\":\"https:\\\/\\\/radioljubuski.ba\\\/\",\"logo\":{\"@type\":\"ImageObject\",\"inLanguage\":\"hr\",\"@id\":\"https:\\\/\\\/radioljubuski.ba\\\/#\\\/schema\\\/logo\\\/image\\\/\",\"url\":\"https:\\\/\\\/radioljubuski.ba\\\/wp-content\\\/uploads\\\/2021\\\/02\\\/cropped-Radio_Ljubuski_logo1.jpg\",\"contentUrl\":\"https:\\\/\\\/radioljubuski.ba\\\/wp-content\\\/uploads\\\/2021\\\/02\\\/cropped-Radio_Ljubuski_logo1.jpg\",\"width\":512,\"height\":512,\"caption\":\"Radio Ljubu\u0161ki\"},\"image\":{\"@id\":\"https:\\\/\\\/radioljubuski.ba\\\/#\\\/schema\\\/logo\\\/image\\\/\"},\"sameAs\":[\"https:\\\/\\\/www.facebook.com\\\/Radiio-Ljubuski-1490835324566332\",\"https:\\\/\\\/x.com\\\/radioljubuski\",\"https:\\\/\\\/hr.linkedin.com\\\/company\\\/radio-ljubuski\",\"https:\\\/\\\/www.youtube.com\\\/channel\\\/UCHYaeO_n0Db3tjNGudGpXyw\"]},{\"@type\":\"Person\",\"@id\":\"https:\\\/\\\/radioljubuski.ba\\\/#\\\/schema\\\/person\\\/19fc700381a780f69665d7956c469e3b\",\"name\":\"Radio Ljubu\u0161ki\"}]}<\/script>\n<!-- \/ Yoast SEO plugin. -->","yoast_head_json":{"title":"Bh. gra\u0111ani \u0107e za ulazak u EU od 2023. godine morati platiti 7 eura? - RADIO LJUBU\u0160KI","robots":{"index":"index","follow":"follow","max-snippet":"max-snippet:-1","max-image-preview":"max-image-preview:large","max-video-preview":"max-video-preview:-1"},"canonical":"https:\/\/radioljubuski.ba\/index.php\/2022\/04\/18\/bh-gradani-ce-za-ulazak-u-eu-od-2023-godine-morati-platiti-7-eura\/","og_locale":"hr_HR","og_type":"article","og_title":"Bh. gra\u0111ani \u0107e za ulazak u EU od 2023. godine morati platiti 7 eura? - RADIO LJUBU\u0160KI","og_description":"Sustav ETIAS u funkciju bi trebao biti pu\u0161ten idu\u0107e godine \u0161to \u0107e zna\u010diti nova pravila za ulazak u Hrvatsku, odnosno Europsku uniju za stanovnike Bosne i Hercegovine. Primjena Europskog sustava za informacije o putovanjima i odobravanje putovanja (ETIAS) tako \u0107e stanovnike BiH obvezati da prije putovanja u Europsku uniju popune elektronski obrazac i plate jednokratnu [&hellip;]","og_url":"https:\/\/radioljubuski.ba\/index.php\/2022\/04\/18\/bh-gradani-ce-za-ulazak-u-eu-od-2023-godine-morati-platiti-7-eura\/","og_site_name":"RADIO LJUBU\u0160KI","article_publisher":"https:\/\/www.facebook.com\/Radiio-Ljubuski-1490835324566332","article_published_time":"2022-04-18T11:14:10+00:00","article_modified_time":"2022-04-18T11:14:11+00:00","og_image":[{"width":1000,"height":625,"url":"https:\/\/radioljubuski.ba\/wp-content\/uploads\/2022\/04\/8-2022-04-18-07-32-01-Hrvatska_granica_arhiv.jpg","type":"image\/jpeg"}],"author":"Radio Ljubu\u0161ki","twitter_card":"summary_large_image","twitter_creator":"@radioljubuski","twitter_site":"@radioljubuski","twitter_misc":{"Napisao\/la":"Radio Ljubu\u0161ki","Procijenjeno vrijeme \u010ditanja":"3 minute"},"schema":{"@context":"https:\/\/schema.org","@graph":[{"@type":"Article","@id":"https:\/\/radioljubuski.ba\/index.php\/2022\/04\/18\/bh-gradani-ce-za-ulazak-u-eu-od-2023-godine-morati-platiti-7-eura\/#article","isPartOf":{"@id":"https:\/\/radioljubuski.ba\/index.php\/2022\/04\/18\/bh-gradani-ce-za-ulazak-u-eu-od-2023-godine-morati-platiti-7-eura\/"},"author":{"name":"Radio Ljubu\u0161ki","@id":"https:\/\/radioljubuski.ba\/#\/schema\/person\/19fc700381a780f69665d7956c469e3b"},"headline":"Bh. gra\u0111ani \u0107e za ulazak u EU od 2023. godine morati platiti 7 eura?","datePublished":"2022-04-18T11:14:10+00:00","dateModified":"2022-04-18T11:14:11+00:00","mainEntityOfPage":{"@id":"https:\/\/radioljubuski.ba\/index.php\/2022\/04\/18\/bh-gradani-ce-za-ulazak-u-eu-od-2023-godine-morati-platiti-7-eura\/"},"wordCount":675,"publisher":{"@id":"https:\/\/radioljubuski.ba\/#organization"},"image":{"@id":"https:\/\/radioljubuski.ba\/index.php\/2022\/04\/18\/bh-gradani-ce-za-ulazak-u-eu-od-2023-godine-morati-platiti-7-eura\/#primaryimage"},"thumbnailUrl":"https:\/\/radioljubuski.ba\/wp-content\/uploads\/2022\/04\/8-2022-04-18-07-32-01-Hrvatska_granica_arhiv.jpg","articleSection":["BIH i regija"],"inLanguage":"hr"},{"@type":"WebPage","@id":"https:\/\/radioljubuski.ba\/index.php\/2022\/04\/18\/bh-gradani-ce-za-ulazak-u-eu-od-2023-godine-morati-platiti-7-eura\/","url":"https:\/\/radioljubuski.ba\/index.php\/2022\/04\/18\/bh-gradani-ce-za-ulazak-u-eu-od-2023-godine-morati-platiti-7-eura\/","name":"Bh. gra\u0111ani \u0107e za ulazak u EU od 2023. godine morati platiti 7 eura? - RADIO LJUBU\u0160KI","isPartOf":{"@id":"https:\/\/radioljubuski.ba\/#website"},"primaryImageOfPage":{"@id":"https:\/\/radioljubuski.ba\/index.php\/2022\/04\/18\/bh-gradani-ce-za-ulazak-u-eu-od-2023-godine-morati-platiti-7-eura\/#primaryimage"},"image":{"@id":"https:\/\/radioljubuski.ba\/index.php\/2022\/04\/18\/bh-gradani-ce-za-ulazak-u-eu-od-2023-godine-morati-platiti-7-eura\/#primaryimage"},"thumbnailUrl":"https:\/\/radioljubuski.ba\/wp-content\/uploads\/2022\/04\/8-2022-04-18-07-32-01-Hrvatska_granica_arhiv.jpg","datePublished":"2022-04-18T11:14:10+00:00","dateModified":"2022-04-18T11:14:11+00:00","breadcrumb":{"@id":"https:\/\/radioljubuski.ba\/index.php\/2022\/04\/18\/bh-gradani-ce-za-ulazak-u-eu-od-2023-godine-morati-platiti-7-eura\/#breadcrumb"},"inLanguage":"hr","potentialAction":[{"@type":"ReadAction","target":["https:\/\/radioljubuski.ba\/index.php\/2022\/04\/18\/bh-gradani-ce-za-ulazak-u-eu-od-2023-godine-morati-platiti-7-eura\/"]}]},{"@type":"ImageObject","inLanguage":"hr","@id":"https:\/\/radioljubuski.ba\/index.php\/2022\/04\/18\/bh-gradani-ce-za-ulazak-u-eu-od-2023-godine-morati-platiti-7-eura\/#primaryimage","url":"https:\/\/radioljubuski.ba\/wp-content\/uploads\/2022\/04\/8-2022-04-18-07-32-01-Hrvatska_granica_arhiv.jpg","contentUrl":"https:\/\/radioljubuski.ba\/wp-content\/uploads\/2022\/04\/8-2022-04-18-07-32-01-Hrvatska_granica_arhiv.jpg","width":1000,"height":625},{"@type":"BreadcrumbList","@id":"https:\/\/radioljubuski.ba\/index.php\/2022\/04\/18\/bh-gradani-ce-za-ulazak-u-eu-od-2023-godine-morati-platiti-7-eura\/#breadcrumb","itemListElement":[{"@type":"ListItem","position":1,"name":"Po\u010detna stranica","item":"https:\/\/radioljubuski.ba\/"},{"@type":"ListItem","position":2,"name":"Bh. gra\u0111ani \u0107e za ulazak u EU od 2023. godine morati platiti 7 eura?"}]},{"@type":"WebSite","@id":"https:\/\/radioljubuski.ba\/#website","url":"https:\/\/radioljubuski.ba\/","name":"Radio Ljubu\u0161ki","description":"Sun\u010dana frekvencija Hercegovine","publisher":{"@id":"https:\/\/radioljubuski.ba\/#organization"},"potentialAction":[{"@type":"SearchAction","target":{"@type":"EntryPoint","urlTemplate":"https:\/\/radioljubuski.ba\/?s={search_term_string}"},"query-input":{"@type":"PropertyValueSpecification","valueRequired":true,"valueName":"search_term_string"}}],"inLanguage":"hr"},{"@type":"Organization","@id":"https:\/\/radioljubuski.ba\/#organization","name":"Radio Ljubu\u0161ki","url":"https:\/\/radioljubuski.ba\/","logo":{"@type":"ImageObject","inLanguage":"hr","@id":"https:\/\/radioljubuski.ba\/#\/schema\/logo\/image\/","url":"https:\/\/radioljubuski.ba\/wp-content\/uploads\/2021\/02\/cropped-Radio_Ljubuski_logo1.jpg","contentUrl":"https:\/\/radioljubuski.ba\/wp-content\/uploads\/2021\/02\/cropped-Radio_Ljubuski_logo1.jpg","width":512,"height":512,"caption":"Radio Ljubu\u0161ki"},"image":{"@id":"https:\/\/radioljubuski.ba\/#\/schema\/logo\/image\/"},"sameAs":["https:\/\/www.facebook.com\/Radiio-Ljubuski-1490835324566332","https:\/\/x.com\/radioljubuski","https:\/\/hr.linkedin.com\/company\/radio-ljubuski","https:\/\/www.youtube.com\/channel\/UCHYaeO_n0Db3tjNGudGpXyw"]},{"@type":"Person","@id":"https:\/\/radioljubuski.ba\/#\/schema\/person\/19fc700381a780f69665d7956c469e3b","name":"Radio Ljubu\u0161ki"}]}},"_links":{"self":[{"href":"https:\/\/radioljubuski.ba\/index.php\/wp-json\/wp\/v2\/posts\/133530","targetHints":{"allow":["GET"]}}],"collection":[{"href":"https:\/\/radioljubuski.ba\/index.php\/wp-json\/wp\/v2\/posts"}],"about":[{"href":"https:\/\/radioljubuski.ba\/index.php\/wp-json\/wp\/v2\/types\/post"}],"author":[{"embeddable":true,"href":"https:\/\/radioljubuski.ba\/index.php\/wp-json\/wp\/v2\/users\/2"}],"replies":[{"embeddable":true,"href":"https:\/\/radioljubuski.ba\/index.php\/wp-json\/wp\/v2\/comments?post=133530"}],"version-history":[{"count":1,"href":"https:\/\/radioljubuski.ba\/index.php\/wp-json\/wp\/v2\/posts\/133530\/revisions"}],"predecessor-version":[{"id":133532,"href":"https:\/\/radioljubuski.ba\/index.php\/wp-json\/wp\/v2\/posts\/133530\/revisions\/133532"}],"wp:featuredmedia":[{"embeddable":true,"href":"https:\/\/radioljubuski.ba\/index.php\/wp-json\/wp\/v2\/media\/133531"}],"wp:attachment":[{"href":"https:\/\/radioljubuski.ba\/index.php\/wp-json\/wp\/v2\/media?parent=133530"}],"wp:term":[{"taxonomy":"category","embeddable":true,"href":"https:\/\/radioljubuski.ba\/index.php\/wp-json\/wp\/v2\/categories?post=133530"},{"taxonomy":"post_tag","embeddable":true,"href":"https:\/\/radioljubuski.ba\/index.php\/wp-json\/wp\/v2\/tags?post=133530"}],"curies":[{"name":"wp","href":"https:\/\/api.w.org\/{rel}","templated":true}]}}