{"id":13354,"date":"2021-04-15T22:43:41","date_gmt":"2021-04-15T21:43:41","guid":{"rendered":"https:\/\/radioljubuski.ba\/?p=13354"},"modified":"2021-04-15T22:43:41","modified_gmt":"2021-04-15T21:43:41","slug":"uhicen-s-kokainom-pokusao-podmititi-policajca","status":"publish","type":"post","link":"https:\/\/radioljubuski.ba\/index.php\/2021\/04\/15\/uhicen-s-kokainom-pokusao-podmititi-policajca\/","title":{"rendered":"Uhi\u0107en s kokainom, poku\u0161ao podmititi policajca"},"content":{"rendered":"\n<p><strong>Tijekom postupanja policijskih slu\u017ebenika prema 39-godi\u0161njaku, isti je policijskom slu\u017ebeniku u vi\u0161e navrata nudio razne ve\u0107e nov\u010dane iznose u zamjenu da ne obavi slu\u017ebenu radnju.&nbsp;<\/strong><\/p>\n\n\n\n<p>Policijski slu\u017ebenici Odjela kriminaliteta droga Slu\u017ebe kriminalisti\u010dke policije ju\u010der su ne\u0161to prije 13.00 sati u Glagolja\u0161koj ulici u Zadru zaustavili vozilo Peugeot zadarskih registarskih oznaka u kojem je zate\u010den 39-godi\u0161nji hrvatski dr\u017eavljanin kojeg se dovodi u svezi s po\u010dinjenjem kaznenih djela iz domene kriminaliteta droga.<br><br>Tom prilikom u vozilu je prona\u0111ena i oduzeta PVC vre\u0107ica u kojoj se nalazilo oko 72,7 grama kokaina koji je bio namijenjen za daljnju preprodaju na zadarskom podru\u010dju, a \u010dija se vrijednost procjenjuje na vi\u0161e od 50.000,00 kuna. Uz uporabu sredstava prisile 39-godi\u0161njak je uhi\u0107en i doveden u slu\u017ebene prostorije na kriminalisti\u010dko istra\u017eivanje tijekom kojeg je temeljem naloga suca istrage \u017dupanijskoga suda u Zadru izvr\u0161ena pretraga doma i vozila koje koristi na podru\u010dju Zadra te zemlji\u0161nog posjeda s gospodarskim objektom na \u0161irem zadarskom podru\u010dju.<\/p>\n\n\n\n<p>Tijekom postupanja policijskih slu\u017ebenika prema 39-godi\u0161njaku i provo\u0111enju kriminalisti\u010dkog istra\u017eivanja, isti je policijskom slu\u017ebeniku u vi\u0161e navrata nudio razne ve\u0107e nov\u010dane iznose u zamjenu da ne obavi slu\u017ebenu radnju koju bi morao obaviti, a sve iz razloga kako ne bi morao odgovarati za po\u010dinjenje kaznenog djela neovla\u0161tena proizvodnja i promet drogama.<br><br>Nakon dovr\u0161enog kriminalisti\u010dkog istra\u017eivanja, zbog sumnje da je po\u010dinio kazneno djelo Neovla\u0161tene proizvodnja i prometa drogama 39-godi\u0161njak je predan pritvorskom nadzorniku Policijske uprave zadarske, dok se zbog sumnje da je po\u010dinio kazneno djelo Davanje mita, protiv njega podnosi kaznena prijava redovnim putem Uredu za suzbijanje korupcije i organiziranog kriminaliteta.<br><br>Prilikom pretrage zemlji\u0161nog posjeda s gospodarskim objektom prona\u0111ena je i oduzeta od njega zra\u010dna pu\u0161ka, zbog \u010dega je protiv njega podnesen optu\u017eni prijedlog radi po\u010dinjenog prekr\u0161aja iz Zakona o nabavi i posjedovanju oru\u017eja gra\u0111ana. Isto tako je na navedenom ogra\u0111enom zemlji\u0161nom posjedu zate\u010den je ve\u0107i broj pasa raznih pasmina, te zbog utvr\u0111ivanja uvjeta i svih drugih okolnosti dr\u017eanja \u017eivotinja u tijeku je koordinirano postupanje s nadle\u017enim institucijama.<\/p>\n\n\n\n<p>Izvor:hrt.hr<\/p>\n","protected":false},"excerpt":{"rendered":"<p>Tijekom postupanja policijskih slu\u017ebenika prema 39-godi\u0161njaku, isti je policijskom slu\u017ebeniku u vi\u0161e navrata nudio razne ve\u0107e nov\u010dane iznose u zamjenu da ne obavi slu\u017ebenu radnju.&nbsp; Policijski slu\u017ebenici Odjela kriminaliteta droga Slu\u017ebe kriminalisti\u010dke policije ju\u010der su ne\u0161to prije 13.00 sati u Glagolja\u0161koj ulici u Zadru zaustavili vozilo Peugeot zadarskih registarskih oznaka u kojem je zate\u010den 39-godi\u0161nji [&hellip;]<\/p>\n","protected":false},"author":2,"featured_media":13355,"comment_status":"closed","ping_status":"closed","sticky":false,"template":"","format":"standard","meta":{"h5ap_radio_sources":[],"footnotes":""},"categories":[1],"tags":[],"class_list":["post-13354","post","type-post","status-publish","format-standard","has-post-thumbnail","hentry","category-bihiregija"],"yoast_head":"<!-- This site is optimized with the Yoast SEO plugin v27.4 - https:\/\/yoast.com\/product\/yoast-seo-wordpress\/ -->\n<title>Uhi\u0107en s kokainom, poku\u0161ao podmititi policajca - RADIO LJUBU\u0160KI<\/title>\n<meta name=\"robots\" content=\"index, follow, max-snippet:-1, max-image-preview:large, max-video-preview:-1\" \/>\n<link rel=\"canonical\" href=\"https:\/\/radioljubuski.ba\/index.php\/2021\/04\/15\/uhicen-s-kokainom-pokusao-podmititi-policajca\/\" \/>\n<meta property=\"og:locale\" content=\"hr_HR\" \/>\n<meta property=\"og:type\" content=\"article\" \/>\n<meta property=\"og:title\" content=\"Uhi\u0107en s kokainom, poku\u0161ao podmititi policajca - RADIO LJUBU\u0160KI\" \/>\n<meta property=\"og:description\" content=\"Tijekom postupanja policijskih slu\u017ebenika prema 39-godi\u0161njaku, isti je policijskom slu\u017ebeniku u vi\u0161e navrata nudio razne ve\u0107e nov\u010dane iznose u zamjenu da ne obavi slu\u017ebenu radnju.&nbsp; Policijski slu\u017ebenici Odjela kriminaliteta droga Slu\u017ebe kriminalisti\u010dke policije ju\u010der su ne\u0161to prije 13.00 sati u Glagolja\u0161koj ulici u Zadru zaustavili vozilo Peugeot zadarskih registarskih oznaka u kojem je zate\u010den 39-godi\u0161nji [&hellip;]\" \/>\n<meta property=\"og:url\" content=\"https:\/\/radioljubuski.ba\/index.php\/2021\/04\/15\/uhicen-s-kokainom-pokusao-podmititi-policajca\/\" \/>\n<meta property=\"og:site_name\" content=\"RADIO LJUBU\u0160KI\" \/>\n<meta property=\"article:publisher\" content=\"https:\/\/www.facebook.com\/Radiio-Ljubuski-1490835324566332\" \/>\n<meta property=\"article:published_time\" content=\"2021-04-15T21:43:41+00:00\" \/>\n<meta property=\"og:image\" content=\"https:\/\/radioljubuski.ba\/wp-content\/uploads\/2021\/04\/droga-hrlj.png\" \/>\n\t<meta property=\"og:image:width\" content=\"646\" \/>\n\t<meta property=\"og:image:height\" content=\"362\" \/>\n\t<meta property=\"og:image:type\" content=\"image\/png\" \/>\n<meta name=\"author\" content=\"Radio Ljubu\u0161ki\" \/>\n<meta name=\"twitter:card\" content=\"summary_large_image\" \/>\n<meta name=\"twitter:creator\" content=\"@radioljubuski\" \/>\n<meta name=\"twitter:site\" content=\"@radioljubuski\" \/>\n<meta name=\"twitter:label1\" content=\"Napisao\/la\" \/>\n\t<meta name=\"twitter:data1\" content=\"Radio Ljubu\u0161ki\" \/>\n\t<meta name=\"twitter:label2\" content=\"Procijenjeno vrijeme \u010ditanja\" \/>\n\t<meta name=\"twitter:data2\" content=\"2 minute\" \/>\n<script type=\"application\/ld+json\" class=\"yoast-schema-graph\">{\"@context\":\"https:\\\/\\\/schema.org\",\"@graph\":[{\"@type\":\"Article\",\"@id\":\"https:\\\/\\\/radioljubuski.ba\\\/index.php\\\/2021\\\/04\\\/15\\\/uhicen-s-kokainom-pokusao-podmititi-policajca\\\/#article\",\"isPartOf\":{\"@id\":\"https:\\\/\\\/radioljubuski.ba\\\/index.php\\\/2021\\\/04\\\/15\\\/uhicen-s-kokainom-pokusao-podmititi-policajca\\\/\"},\"author\":{\"name\":\"Radio Ljubu\u0161ki\",\"@id\":\"https:\\\/\\\/radioljubuski.ba\\\/#\\\/schema\\\/person\\\/19fc700381a780f69665d7956c469e3b\"},\"headline\":\"Uhi\u0107en s kokainom, poku\u0161ao podmititi policajca\",\"datePublished\":\"2021-04-15T21:43:41+00:00\",\"mainEntityOfPage\":{\"@id\":\"https:\\\/\\\/radioljubuski.ba\\\/index.php\\\/2021\\\/04\\\/15\\\/uhicen-s-kokainom-pokusao-podmititi-policajca\\\/\"},\"wordCount\":395,\"publisher\":{\"@id\":\"https:\\\/\\\/radioljubuski.ba\\\/#organization\"},\"image\":{\"@id\":\"https:\\\/\\\/radioljubuski.ba\\\/index.php\\\/2021\\\/04\\\/15\\\/uhicen-s-kokainom-pokusao-podmititi-policajca\\\/#primaryimage\"},\"thumbnailUrl\":\"https:\\\/\\\/radioljubuski.ba\\\/wp-content\\\/uploads\\\/2021\\\/04\\\/droga-hrlj.png\",\"articleSection\":[\"BIH i regija\"],\"inLanguage\":\"hr\"},{\"@type\":\"WebPage\",\"@id\":\"https:\\\/\\\/radioljubuski.ba\\\/index.php\\\/2021\\\/04\\\/15\\\/uhicen-s-kokainom-pokusao-podmititi-policajca\\\/\",\"url\":\"https:\\\/\\\/radioljubuski.ba\\\/index.php\\\/2021\\\/04\\\/15\\\/uhicen-s-kokainom-pokusao-podmititi-policajca\\\/\",\"name\":\"Uhi\u0107en s kokainom, poku\u0161ao podmititi policajca - RADIO LJUBU\u0160KI\",\"isPartOf\":{\"@id\":\"https:\\\/\\\/radioljubuski.ba\\\/#website\"},\"primaryImageOfPage\":{\"@id\":\"https:\\\/\\\/radioljubuski.ba\\\/index.php\\\/2021\\\/04\\\/15\\\/uhicen-s-kokainom-pokusao-podmititi-policajca\\\/#primaryimage\"},\"image\":{\"@id\":\"https:\\\/\\\/radioljubuski.ba\\\/index.php\\\/2021\\\/04\\\/15\\\/uhicen-s-kokainom-pokusao-podmititi-policajca\\\/#primaryimage\"},\"thumbnailUrl\":\"https:\\\/\\\/radioljubuski.ba\\\/wp-content\\\/uploads\\\/2021\\\/04\\\/droga-hrlj.png\",\"datePublished\":\"2021-04-15T21:43:41+00:00\",\"breadcrumb\":{\"@id\":\"https:\\\/\\\/radioljubuski.ba\\\/index.php\\\/2021\\\/04\\\/15\\\/uhicen-s-kokainom-pokusao-podmititi-policajca\\\/#breadcrumb\"},\"inLanguage\":\"hr\",\"potentialAction\":[{\"@type\":\"ReadAction\",\"target\":[\"https:\\\/\\\/radioljubuski.ba\\\/index.php\\\/2021\\\/04\\\/15\\\/uhicen-s-kokainom-pokusao-podmititi-policajca\\\/\"]}]},{\"@type\":\"ImageObject\",\"inLanguage\":\"hr\",\"@id\":\"https:\\\/\\\/radioljubuski.ba\\\/index.php\\\/2021\\\/04\\\/15\\\/uhicen-s-kokainom-pokusao-podmititi-policajca\\\/#primaryimage\",\"url\":\"https:\\\/\\\/radioljubuski.ba\\\/wp-content\\\/uploads\\\/2021\\\/04\\\/droga-hrlj.png\",\"contentUrl\":\"https:\\\/\\\/radioljubuski.ba\\\/wp-content\\\/uploads\\\/2021\\\/04\\\/droga-hrlj.png\",\"width\":646,\"height\":362},{\"@type\":\"BreadcrumbList\",\"@id\":\"https:\\\/\\\/radioljubuski.ba\\\/index.php\\\/2021\\\/04\\\/15\\\/uhicen-s-kokainom-pokusao-podmititi-policajca\\\/#breadcrumb\",\"itemListElement\":[{\"@type\":\"ListItem\",\"position\":1,\"name\":\"Po\u010detna stranica\",\"item\":\"https:\\\/\\\/radioljubuski.ba\\\/\"},{\"@type\":\"ListItem\",\"position\":2,\"name\":\"Uhi\u0107en s kokainom, poku\u0161ao podmititi policajca\"}]},{\"@type\":\"WebSite\",\"@id\":\"https:\\\/\\\/radioljubuski.ba\\\/#website\",\"url\":\"https:\\\/\\\/radioljubuski.ba\\\/\",\"name\":\"Radio Ljubu\u0161ki\",\"description\":\"Sun\u010dana frekvencija Hercegovine\",\"publisher\":{\"@id\":\"https:\\\/\\\/radioljubuski.ba\\\/#organization\"},\"potentialAction\":[{\"@type\":\"SearchAction\",\"target\":{\"@type\":\"EntryPoint\",\"urlTemplate\":\"https:\\\/\\\/radioljubuski.ba\\\/?s={search_term_string}\"},\"query-input\":{\"@type\":\"PropertyValueSpecification\",\"valueRequired\":true,\"valueName\":\"search_term_string\"}}],\"inLanguage\":\"hr\"},{\"@type\":\"Organization\",\"@id\":\"https:\\\/\\\/radioljubuski.ba\\\/#organization\",\"name\":\"Radio Ljubu\u0161ki\",\"url\":\"https:\\\/\\\/radioljubuski.ba\\\/\",\"logo\":{\"@type\":\"ImageObject\",\"inLanguage\":\"hr\",\"@id\":\"https:\\\/\\\/radioljubuski.ba\\\/#\\\/schema\\\/logo\\\/image\\\/\",\"url\":\"https:\\\/\\\/radioljubuski.ba\\\/wp-content\\\/uploads\\\/2021\\\/02\\\/cropped-Radio_Ljubuski_logo1.jpg\",\"contentUrl\":\"https:\\\/\\\/radioljubuski.ba\\\/wp-content\\\/uploads\\\/2021\\\/02\\\/cropped-Radio_Ljubuski_logo1.jpg\",\"width\":512,\"height\":512,\"caption\":\"Radio Ljubu\u0161ki\"},\"image\":{\"@id\":\"https:\\\/\\\/radioljubuski.ba\\\/#\\\/schema\\\/logo\\\/image\\\/\"},\"sameAs\":[\"https:\\\/\\\/www.facebook.com\\\/Radiio-Ljubuski-1490835324566332\",\"https:\\\/\\\/x.com\\\/radioljubuski\",\"https:\\\/\\\/hr.linkedin.com\\\/company\\\/radio-ljubuski\",\"https:\\\/\\\/www.youtube.com\\\/channel\\\/UCHYaeO_n0Db3tjNGudGpXyw\"]},{\"@type\":\"Person\",\"@id\":\"https:\\\/\\\/radioljubuski.ba\\\/#\\\/schema\\\/person\\\/19fc700381a780f69665d7956c469e3b\",\"name\":\"Radio Ljubu\u0161ki\"}]}<\/script>\n<!-- \/ Yoast SEO plugin. -->","yoast_head_json":{"title":"Uhi\u0107en s kokainom, poku\u0161ao podmititi policajca - RADIO LJUBU\u0160KI","robots":{"index":"index","follow":"follow","max-snippet":"max-snippet:-1","max-image-preview":"max-image-preview:large","max-video-preview":"max-video-preview:-1"},"canonical":"https:\/\/radioljubuski.ba\/index.php\/2021\/04\/15\/uhicen-s-kokainom-pokusao-podmititi-policajca\/","og_locale":"hr_HR","og_type":"article","og_title":"Uhi\u0107en s kokainom, poku\u0161ao podmititi policajca - RADIO LJUBU\u0160KI","og_description":"Tijekom postupanja policijskih slu\u017ebenika prema 39-godi\u0161njaku, isti je policijskom slu\u017ebeniku u vi\u0161e navrata nudio razne ve\u0107e nov\u010dane iznose u zamjenu da ne obavi slu\u017ebenu radnju.&nbsp; Policijski slu\u017ebenici Odjela kriminaliteta droga Slu\u017ebe kriminalisti\u010dke policije ju\u010der su ne\u0161to prije 13.00 sati u Glagolja\u0161koj ulici u Zadru zaustavili vozilo Peugeot zadarskih registarskih oznaka u kojem je zate\u010den 39-godi\u0161nji [&hellip;]","og_url":"https:\/\/radioljubuski.ba\/index.php\/2021\/04\/15\/uhicen-s-kokainom-pokusao-podmititi-policajca\/","og_site_name":"RADIO LJUBU\u0160KI","article_publisher":"https:\/\/www.facebook.com\/Radiio-Ljubuski-1490835324566332","article_published_time":"2021-04-15T21:43:41+00:00","og_image":[{"width":646,"height":362,"url":"https:\/\/radioljubuski.ba\/wp-content\/uploads\/2021\/04\/droga-hrlj.png","type":"image\/png"}],"author":"Radio Ljubu\u0161ki","twitter_card":"summary_large_image","twitter_creator":"@radioljubuski","twitter_site":"@radioljubuski","twitter_misc":{"Napisao\/la":"Radio Ljubu\u0161ki","Procijenjeno vrijeme \u010ditanja":"2 minute"},"schema":{"@context":"https:\/\/schema.org","@graph":[{"@type":"Article","@id":"https:\/\/radioljubuski.ba\/index.php\/2021\/04\/15\/uhicen-s-kokainom-pokusao-podmititi-policajca\/#article","isPartOf":{"@id":"https:\/\/radioljubuski.ba\/index.php\/2021\/04\/15\/uhicen-s-kokainom-pokusao-podmititi-policajca\/"},"author":{"name":"Radio Ljubu\u0161ki","@id":"https:\/\/radioljubuski.ba\/#\/schema\/person\/19fc700381a780f69665d7956c469e3b"},"headline":"Uhi\u0107en s kokainom, poku\u0161ao podmititi policajca","datePublished":"2021-04-15T21:43:41+00:00","mainEntityOfPage":{"@id":"https:\/\/radioljubuski.ba\/index.php\/2021\/04\/15\/uhicen-s-kokainom-pokusao-podmititi-policajca\/"},"wordCount":395,"publisher":{"@id":"https:\/\/radioljubuski.ba\/#organization"},"image":{"@id":"https:\/\/radioljubuski.ba\/index.php\/2021\/04\/15\/uhicen-s-kokainom-pokusao-podmititi-policajca\/#primaryimage"},"thumbnailUrl":"https:\/\/radioljubuski.ba\/wp-content\/uploads\/2021\/04\/droga-hrlj.png","articleSection":["BIH i regija"],"inLanguage":"hr"},{"@type":"WebPage","@id":"https:\/\/radioljubuski.ba\/index.php\/2021\/04\/15\/uhicen-s-kokainom-pokusao-podmititi-policajca\/","url":"https:\/\/radioljubuski.ba\/index.php\/2021\/04\/15\/uhicen-s-kokainom-pokusao-podmititi-policajca\/","name":"Uhi\u0107en s kokainom, poku\u0161ao podmititi policajca - RADIO LJUBU\u0160KI","isPartOf":{"@id":"https:\/\/radioljubuski.ba\/#website"},"primaryImageOfPage":{"@id":"https:\/\/radioljubuski.ba\/index.php\/2021\/04\/15\/uhicen-s-kokainom-pokusao-podmititi-policajca\/#primaryimage"},"image":{"@id":"https:\/\/radioljubuski.ba\/index.php\/2021\/04\/15\/uhicen-s-kokainom-pokusao-podmititi-policajca\/#primaryimage"},"thumbnailUrl":"https:\/\/radioljubuski.ba\/wp-content\/uploads\/2021\/04\/droga-hrlj.png","datePublished":"2021-04-15T21:43:41+00:00","breadcrumb":{"@id":"https:\/\/radioljubuski.ba\/index.php\/2021\/04\/15\/uhicen-s-kokainom-pokusao-podmititi-policajca\/#breadcrumb"},"inLanguage":"hr","potentialAction":[{"@type":"ReadAction","target":["https:\/\/radioljubuski.ba\/index.php\/2021\/04\/15\/uhicen-s-kokainom-pokusao-podmititi-policajca\/"]}]},{"@type":"ImageObject","inLanguage":"hr","@id":"https:\/\/radioljubuski.ba\/index.php\/2021\/04\/15\/uhicen-s-kokainom-pokusao-podmititi-policajca\/#primaryimage","url":"https:\/\/radioljubuski.ba\/wp-content\/uploads\/2021\/04\/droga-hrlj.png","contentUrl":"https:\/\/radioljubuski.ba\/wp-content\/uploads\/2021\/04\/droga-hrlj.png","width":646,"height":362},{"@type":"BreadcrumbList","@id":"https:\/\/radioljubuski.ba\/index.php\/2021\/04\/15\/uhicen-s-kokainom-pokusao-podmititi-policajca\/#breadcrumb","itemListElement":[{"@type":"ListItem","position":1,"name":"Po\u010detna stranica","item":"https:\/\/radioljubuski.ba\/"},{"@type":"ListItem","position":2,"name":"Uhi\u0107en s kokainom, poku\u0161ao podmititi policajca"}]},{"@type":"WebSite","@id":"https:\/\/radioljubuski.ba\/#website","url":"https:\/\/radioljubuski.ba\/","name":"Radio Ljubu\u0161ki","description":"Sun\u010dana frekvencija Hercegovine","publisher":{"@id":"https:\/\/radioljubuski.ba\/#organization"},"potentialAction":[{"@type":"SearchAction","target":{"@type":"EntryPoint","urlTemplate":"https:\/\/radioljubuski.ba\/?s={search_term_string}"},"query-input":{"@type":"PropertyValueSpecification","valueRequired":true,"valueName":"search_term_string"}}],"inLanguage":"hr"},{"@type":"Organization","@id":"https:\/\/radioljubuski.ba\/#organization","name":"Radio Ljubu\u0161ki","url":"https:\/\/radioljubuski.ba\/","logo":{"@type":"ImageObject","inLanguage":"hr","@id":"https:\/\/radioljubuski.ba\/#\/schema\/logo\/image\/","url":"https:\/\/radioljubuski.ba\/wp-content\/uploads\/2021\/02\/cropped-Radio_Ljubuski_logo1.jpg","contentUrl":"https:\/\/radioljubuski.ba\/wp-content\/uploads\/2021\/02\/cropped-Radio_Ljubuski_logo1.jpg","width":512,"height":512,"caption":"Radio Ljubu\u0161ki"},"image":{"@id":"https:\/\/radioljubuski.ba\/#\/schema\/logo\/image\/"},"sameAs":["https:\/\/www.facebook.com\/Radiio-Ljubuski-1490835324566332","https:\/\/x.com\/radioljubuski","https:\/\/hr.linkedin.com\/company\/radio-ljubuski","https:\/\/www.youtube.com\/channel\/UCHYaeO_n0Db3tjNGudGpXyw"]},{"@type":"Person","@id":"https:\/\/radioljubuski.ba\/#\/schema\/person\/19fc700381a780f69665d7956c469e3b","name":"Radio Ljubu\u0161ki"}]}},"_links":{"self":[{"href":"https:\/\/radioljubuski.ba\/index.php\/wp-json\/wp\/v2\/posts\/13354","targetHints":{"allow":["GET"]}}],"collection":[{"href":"https:\/\/radioljubuski.ba\/index.php\/wp-json\/wp\/v2\/posts"}],"about":[{"href":"https:\/\/radioljubuski.ba\/index.php\/wp-json\/wp\/v2\/types\/post"}],"author":[{"embeddable":true,"href":"https:\/\/radioljubuski.ba\/index.php\/wp-json\/wp\/v2\/users\/2"}],"replies":[{"embeddable":true,"href":"https:\/\/radioljubuski.ba\/index.php\/wp-json\/wp\/v2\/comments?post=13354"}],"version-history":[{"count":1,"href":"https:\/\/radioljubuski.ba\/index.php\/wp-json\/wp\/v2\/posts\/13354\/revisions"}],"predecessor-version":[{"id":13356,"href":"https:\/\/radioljubuski.ba\/index.php\/wp-json\/wp\/v2\/posts\/13354\/revisions\/13356"}],"wp:featuredmedia":[{"embeddable":true,"href":"https:\/\/radioljubuski.ba\/index.php\/wp-json\/wp\/v2\/media\/13355"}],"wp:attachment":[{"href":"https:\/\/radioljubuski.ba\/index.php\/wp-json\/wp\/v2\/media?parent=13354"}],"wp:term":[{"taxonomy":"category","embeddable":true,"href":"https:\/\/radioljubuski.ba\/index.php\/wp-json\/wp\/v2\/categories?post=13354"},{"taxonomy":"post_tag","embeddable":true,"href":"https:\/\/radioljubuski.ba\/index.php\/wp-json\/wp\/v2\/tags?post=13354"}],"curies":[{"name":"wp","href":"https:\/\/api.w.org\/{rel}","templated":true}]}}