{"id":133552,"date":"2022-04-18T12:24:23","date_gmt":"2022-04-18T11:24:23","guid":{"rendered":"https:\/\/radioljubuski.ba\/?p=133552"},"modified":"2022-04-18T12:24:23","modified_gmt":"2022-04-18T11:24:23","slug":"hrvat-postavio-samo-jedno-pitanje-pa-postao-hit-na-internetu-izdrzao-bih-do-ponoci-a-poslije-ne-znam","status":"publish","type":"post","link":"https:\/\/radioljubuski.ba\/index.php\/2022\/04\/18\/hrvat-postavio-samo-jedno-pitanje-pa-postao-hit-na-internetu-izdrzao-bih-do-ponoci-a-poslije-ne-znam\/","title":{"rendered":"Hrvat postavio samo jedno pitanje pa postao hit na internetu: &#8216;Izdr\u017eao bih do pono\u0107i, a poslije ne znam&#8217;"},"content":{"rendered":"\n<p>Danas su veliki problem svake dr\u017eave nezaposlenost i siroma\u0161tvo. Odr\u017eavanje visokoga \u017eivotnog standarda i dr\u017eave blagostanja uzelo je svoj danak kroz pove\u0107anje stope nezaposlenosti.<\/p>\n\n\n\n<p>Potreba za zaposlenjem radi ostvarenja nu\u017enih sredstava za \u010dovjekovu egzistenciju je ne\u0161to s \u010dime se suo\u010dava gotovo svaki \u010dovjek. Na jednoj strani postoji velika i rastu\u0107a \u0161tednja, dok je na drugoj vi\u0161e od 200.000 Hrvata blokirano, pi\u0161e <a href=\"https:\/\/net.hr\/magazin\/imate-li-ustedevinu-koliko-dugo-biste-mogli-biti-bez-posla-3748d33c-bc84-11ec-a01b-f6107ba568e9?fbclid=IwAR2LaKIN_3mzvx4fbUhkKpauqTbvk4IEnrKj1OBN0WkfZmyLltkt0zVps_0\" target=\"_blank\" rel=\"noreferrer noopener\">Net.hr.<\/a><\/p>\n\n\n\n<p>Jednog Hrvata je jako zanimalo \u0161to bi se dogodilo mnogima kada bi ostali bez posla, bi li mogli pre\u017eivjeti sa svojim zalihama te je Hrvate to upitao na hrvatskoj ina\u010dici Reddita.<\/p>\n\n\n\n<p>&#8220;Koliko dugo bi mogli biti bez posla da sada ostanete bez njega? Odnosno, imate li zdrave zalihe novca ili funkcionirate iz mjeseca u mjesec&#8221;, upitao je korisnike dru\u0161tvene mre\u017ee.<\/p>\n\n\n\n<p>Da je stanje jako ozbiljno s minimalnim pla\u0107ama i visokim rashodima su potvrdili mnogi te rekli: &#8220;Imam dovoljno love da do kraja \u017eivota \u017eivim kao arapski princ, pod uvjetom da umrem za cca 6 sati.&#8221;<\/p>\n\n\n\n<p>&#8220;Evo do pono\u0107i, a onda poslije ne znam&#8221;, odgovor je koji je dala nekolicina Hrvata.<\/p>\n\n\n\n<p>Pitanje je bilo bolna realnost za mnoge: &#8220;De kud po depresiji udara\u0161&#8221;, na \u0161to se drugi nadovezao: &#8220;Jako bolno pitanje u RH.&#8221;<\/p>\n\n\n\n<p>&#8220;\u010cuj ovoga iz mjeseca u mjesec, funkcioniram iz dana u dan&#8221;, odgovorio mu je jedan mu\u0161karac.<\/p>\n\n\n\n<p>Neki nisu te sre\u0107e da raspola\u017eu s odre\u0111enom zalihom novca: &#8220;Uop\u0107e ne. Previ\u0161e fiksnih obaveza.&#8221;<\/p>\n\n\n\n<p><strong>Neki bi izdr\u017eali godinu, dvije<\/strong><\/p>\n\n\n\n<p>&#8220;Uvijek imam godinu dana lufta, no otprilike izdr\u017eim tri do \u010detiri mjeseca bez posla, postane mi dosadno doma pa na\u0111em drugi. Promijenio sam 7 radnih mjesta, a uskoro bih mogao i ovaj trenutni ako se ni\u0161ta ne pobolj\u0161a u roku pola godine&#8221;, odgovorio mu je jedan mu\u0161karac.<\/p>\n\n\n\n<p>Koliko je va\u017eno ozbiljno kontrolirati potro\u0161nju je potvrdio jedan mu\u0161karac: &#8220;Evo ba\u0161 razmi\u0161ljam, ovim tempom \u017eivota godinu i pol da ostanem u Zagrebu, a da stegnem remen sigurno 2 i pol godine. Da se vratim roditeljima na selo obra\u0111ivati zemlju, onda cijelo desetlje\u0107e&#8221;, s \u010dime se slo\u017eio i drugi mu\u0161karac: &#8220;Pa imam zalihe koje ako sam glup mogu skucat u 2 mjeseca ili \u017eivjeti skromno godinu dana.&#8221;<\/p>\n\n\n\n<p>&#8220;Dvije normalnog \u017eivota, du\u017ee da se stisnem. S time da bih ispalio na mozak dvije godine da ne \u0161ljakam ni\u0161ta. Ubio bih se definitivno&#8221;, rekla mu je osoba koja ne bi dugo izdr\u017eala bez posla.<\/p>\n\n\n\n<p>Neke su roditelji osigurali pa se ne moraju s time optere\u0107ivati: &#8220;Realno do kraja \u017eivota, trenutni posao je ok, ni\u0161ta posebno, ali sam financijski osiguran od strane roditelja, a od zaliha nemam ni\u0161ta na\u017ealost. Tih 6 i pol spucam jako brzo.&#8221;<\/p>\n\n\n\n<p>&#8220;3 mjeseca max i to samo zato jer bi se nakon toga pokupila u Njema\u010dku raditi ako ovdje ne bih na\u0161la posao nekim \u010dudom&#8221;, objasnila mu je jedna \u017eena.<\/p>\n\n\n\n<p>Koliko je situacija kriti\u010dna je potvrdio jedan mu\u0161karac: &#8220;1 mjesec jer bi mi do\u0161la pla\u0107a od teku\u0107eg mjeseca koji sam radio.&#8221;<\/p>\n\n\n\n<p>&#8220;Imam zalihe hrane za 6 mjeseci. Za novce ne znam, ali na\u0161lo bi se za tako 9 do 10 mjeseci re\u017eija&#8221;, rekao je mu\u0161karac s ne\u0161to boljom u\u0161te\u0111evinom.<\/p>\n\n\n\n<p>IJedna \u017eena je za kraj rasprave podijelila koristan savjet koji je dobila od kolege: &#8220;Kad sam po\u010dela raditi na sada\u0161njem poslu, jedan kolega koji je pred penziju mi je rekao da \u010dovjek uvijek na ra\u010dunu mora imati jednu svoju mjese\u010dnu pla\u0107u, a u \u0161tednji iznos 6 mjese\u010dnih pla\u0107a za &#8220;ne daj Bo\u017ee&#8221;. Nakon toga mo\u017ee po\u010deti razmi\u0161ljati o investiranju. Ozbiljno sam shvatila njegov savjet.&#8221;<\/p>\n\n\n\n<p>Izvor:Net.hr<\/p>\n","protected":false},"excerpt":{"rendered":"<p>Danas su veliki problem svake dr\u017eave nezaposlenost i siroma\u0161tvo. Odr\u017eavanje visokoga \u017eivotnog standarda i dr\u017eave blagostanja uzelo je svoj danak kroz pove\u0107anje stope nezaposlenosti. Potreba za zaposlenjem radi ostvarenja nu\u017enih sredstava za \u010dovjekovu egzistenciju je ne\u0161to s \u010dime se suo\u010dava gotovo svaki \u010dovjek. Na jednoj strani postoji velika i rastu\u0107a \u0161tednja, dok je na drugoj [&hellip;]<\/p>\n","protected":false},"author":2,"featured_media":133553,"comment_status":"closed","ping_status":"closed","sticky":false,"template":"","format":"standard","meta":{"h5ap_radio_sources":[],"footnotes":""},"categories":[1],"tags":[],"class_list":["post-133552","post","type-post","status-publish","format-standard","has-post-thumbnail","hentry","category-bihiregija"],"yoast_head":"<!-- This site is optimized with the Yoast SEO plugin v27.5 - https:\/\/yoast.com\/product\/yoast-seo-wordpress\/ -->\n<title>Hrvat postavio samo jedno pitanje pa postao hit na internetu: &#039;Izdr\u017eao bih do pono\u0107i, a poslije ne znam&#039; - RADIO LJUBU\u0160KI<\/title>\n<meta name=\"robots\" content=\"index, follow, max-snippet:-1, max-image-preview:large, max-video-preview:-1\" \/>\n<link rel=\"canonical\" href=\"https:\/\/radioljubuski.ba\/index.php\/2022\/04\/18\/hrvat-postavio-samo-jedno-pitanje-pa-postao-hit-na-internetu-izdrzao-bih-do-ponoci-a-poslije-ne-znam\/\" \/>\n<meta property=\"og:locale\" content=\"hr_HR\" \/>\n<meta property=\"og:type\" content=\"article\" \/>\n<meta property=\"og:title\" content=\"Hrvat postavio samo jedno pitanje pa postao hit na internetu: &#039;Izdr\u017eao bih do pono\u0107i, a poslije ne znam&#039; - RADIO LJUBU\u0160KI\" \/>\n<meta property=\"og:description\" content=\"Danas su veliki problem svake dr\u017eave nezaposlenost i siroma\u0161tvo. Odr\u017eavanje visokoga \u017eivotnog standarda i dr\u017eave blagostanja uzelo je svoj danak kroz pove\u0107anje stope nezaposlenosti. Potreba za zaposlenjem radi ostvarenja nu\u017enih sredstava za \u010dovjekovu egzistenciju je ne\u0161to s \u010dime se suo\u010dava gotovo svaki \u010dovjek. Na jednoj strani postoji velika i rastu\u0107a \u0161tednja, dok je na drugoj [&hellip;]\" \/>\n<meta property=\"og:url\" content=\"https:\/\/radioljubuski.ba\/index.php\/2022\/04\/18\/hrvat-postavio-samo-jedno-pitanje-pa-postao-hit-na-internetu-izdrzao-bih-do-ponoci-a-poslije-ne-znam\/\" \/>\n<meta property=\"og:site_name\" content=\"RADIO LJUBU\u0160KI\" \/>\n<meta property=\"article:publisher\" content=\"https:\/\/www.facebook.com\/Radiio-Ljubuski-1490835324566332\" \/>\n<meta property=\"article:published_time\" content=\"2022-04-18T11:24:23+00:00\" \/>\n<meta property=\"og:image\" content=\"https:\/\/radioljubuski.ba\/wp-content\/uploads\/2022\/04\/33-11.png\" \/>\n\t<meta property=\"og:image:width\" content=\"836\" \/>\n\t<meta property=\"og:image:height\" content=\"522\" \/>\n\t<meta property=\"og:image:type\" content=\"image\/png\" \/>\n<meta name=\"author\" content=\"Radio Ljubu\u0161ki\" \/>\n<meta name=\"twitter:card\" content=\"summary_large_image\" \/>\n<meta name=\"twitter:creator\" content=\"@radioljubuski\" \/>\n<meta name=\"twitter:site\" content=\"@radioljubuski\" \/>\n<meta name=\"twitter:label1\" content=\"Napisao\/la\" \/>\n\t<meta name=\"twitter:data1\" content=\"Radio Ljubu\u0161ki\" \/>\n\t<meta name=\"twitter:label2\" content=\"Procijenjeno vrijeme \u010ditanja\" \/>\n\t<meta name=\"twitter:data2\" content=\"3 minute\" \/>\n<script type=\"application\/ld+json\" class=\"yoast-schema-graph\">{\"@context\":\"https:\\\/\\\/schema.org\",\"@graph\":[{\"@type\":\"Article\",\"@id\":\"https:\\\/\\\/radioljubuski.ba\\\/index.php\\\/2022\\\/04\\\/18\\\/hrvat-postavio-samo-jedno-pitanje-pa-postao-hit-na-internetu-izdrzao-bih-do-ponoci-a-poslije-ne-znam\\\/#article\",\"isPartOf\":{\"@id\":\"https:\\\/\\\/radioljubuski.ba\\\/index.php\\\/2022\\\/04\\\/18\\\/hrvat-postavio-samo-jedno-pitanje-pa-postao-hit-na-internetu-izdrzao-bih-do-ponoci-a-poslije-ne-znam\\\/\"},\"author\":{\"name\":\"Radio Ljubu\u0161ki\",\"@id\":\"https:\\\/\\\/radioljubuski.ba\\\/#\\\/schema\\\/person\\\/19fc700381a780f69665d7956c469e3b\"},\"headline\":\"Hrvat postavio samo jedno pitanje pa postao hit na internetu: &#8216;Izdr\u017eao bih do pono\u0107i, a poslije ne znam&#8217;\",\"datePublished\":\"2022-04-18T11:24:23+00:00\",\"mainEntityOfPage\":{\"@id\":\"https:\\\/\\\/radioljubuski.ba\\\/index.php\\\/2022\\\/04\\\/18\\\/hrvat-postavio-samo-jedno-pitanje-pa-postao-hit-na-internetu-izdrzao-bih-do-ponoci-a-poslije-ne-znam\\\/\"},\"wordCount\":642,\"publisher\":{\"@id\":\"https:\\\/\\\/radioljubuski.ba\\\/#organization\"},\"image\":{\"@id\":\"https:\\\/\\\/radioljubuski.ba\\\/index.php\\\/2022\\\/04\\\/18\\\/hrvat-postavio-samo-jedno-pitanje-pa-postao-hit-na-internetu-izdrzao-bih-do-ponoci-a-poslije-ne-znam\\\/#primaryimage\"},\"thumbnailUrl\":\"https:\\\/\\\/radioljubuski.ba\\\/wp-content\\\/uploads\\\/2022\\\/04\\\/33-11.png\",\"articleSection\":[\"BIH i regija\"],\"inLanguage\":\"hr\"},{\"@type\":\"WebPage\",\"@id\":\"https:\\\/\\\/radioljubuski.ba\\\/index.php\\\/2022\\\/04\\\/18\\\/hrvat-postavio-samo-jedno-pitanje-pa-postao-hit-na-internetu-izdrzao-bih-do-ponoci-a-poslije-ne-znam\\\/\",\"url\":\"https:\\\/\\\/radioljubuski.ba\\\/index.php\\\/2022\\\/04\\\/18\\\/hrvat-postavio-samo-jedno-pitanje-pa-postao-hit-na-internetu-izdrzao-bih-do-ponoci-a-poslije-ne-znam\\\/\",\"name\":\"Hrvat postavio samo jedno pitanje pa postao hit na internetu: 'Izdr\u017eao bih do pono\u0107i, a poslije ne znam' - RADIO LJUBU\u0160KI\",\"isPartOf\":{\"@id\":\"https:\\\/\\\/radioljubuski.ba\\\/#website\"},\"primaryImageOfPage\":{\"@id\":\"https:\\\/\\\/radioljubuski.ba\\\/index.php\\\/2022\\\/04\\\/18\\\/hrvat-postavio-samo-jedno-pitanje-pa-postao-hit-na-internetu-izdrzao-bih-do-ponoci-a-poslije-ne-znam\\\/#primaryimage\"},\"image\":{\"@id\":\"https:\\\/\\\/radioljubuski.ba\\\/index.php\\\/2022\\\/04\\\/18\\\/hrvat-postavio-samo-jedno-pitanje-pa-postao-hit-na-internetu-izdrzao-bih-do-ponoci-a-poslije-ne-znam\\\/#primaryimage\"},\"thumbnailUrl\":\"https:\\\/\\\/radioljubuski.ba\\\/wp-content\\\/uploads\\\/2022\\\/04\\\/33-11.png\",\"datePublished\":\"2022-04-18T11:24:23+00:00\",\"breadcrumb\":{\"@id\":\"https:\\\/\\\/radioljubuski.ba\\\/index.php\\\/2022\\\/04\\\/18\\\/hrvat-postavio-samo-jedno-pitanje-pa-postao-hit-na-internetu-izdrzao-bih-do-ponoci-a-poslije-ne-znam\\\/#breadcrumb\"},\"inLanguage\":\"hr\",\"potentialAction\":[{\"@type\":\"ReadAction\",\"target\":[\"https:\\\/\\\/radioljubuski.ba\\\/index.php\\\/2022\\\/04\\\/18\\\/hrvat-postavio-samo-jedno-pitanje-pa-postao-hit-na-internetu-izdrzao-bih-do-ponoci-a-poslije-ne-znam\\\/\"]}]},{\"@type\":\"ImageObject\",\"inLanguage\":\"hr\",\"@id\":\"https:\\\/\\\/radioljubuski.ba\\\/index.php\\\/2022\\\/04\\\/18\\\/hrvat-postavio-samo-jedno-pitanje-pa-postao-hit-na-internetu-izdrzao-bih-do-ponoci-a-poslije-ne-znam\\\/#primaryimage\",\"url\":\"https:\\\/\\\/radioljubuski.ba\\\/wp-content\\\/uploads\\\/2022\\\/04\\\/33-11.png\",\"contentUrl\":\"https:\\\/\\\/radioljubuski.ba\\\/wp-content\\\/uploads\\\/2022\\\/04\\\/33-11.png\",\"width\":836,\"height\":522},{\"@type\":\"BreadcrumbList\",\"@id\":\"https:\\\/\\\/radioljubuski.ba\\\/index.php\\\/2022\\\/04\\\/18\\\/hrvat-postavio-samo-jedno-pitanje-pa-postao-hit-na-internetu-izdrzao-bih-do-ponoci-a-poslije-ne-znam\\\/#breadcrumb\",\"itemListElement\":[{\"@type\":\"ListItem\",\"position\":1,\"name\":\"Po\u010detna stranica\",\"item\":\"https:\\\/\\\/radioljubuski.ba\\\/\"},{\"@type\":\"ListItem\",\"position\":2,\"name\":\"Hrvat postavio samo jedno pitanje pa postao hit na internetu: &#8216;Izdr\u017eao bih do pono\u0107i, a poslije ne znam&#8217;\"}]},{\"@type\":\"WebSite\",\"@id\":\"https:\\\/\\\/radioljubuski.ba\\\/#website\",\"url\":\"https:\\\/\\\/radioljubuski.ba\\\/\",\"name\":\"Radio Ljubu\u0161ki\",\"description\":\"Sun\u010dana frekvencija Hercegovine\",\"publisher\":{\"@id\":\"https:\\\/\\\/radioljubuski.ba\\\/#organization\"},\"potentialAction\":[{\"@type\":\"SearchAction\",\"target\":{\"@type\":\"EntryPoint\",\"urlTemplate\":\"https:\\\/\\\/radioljubuski.ba\\\/?s={search_term_string}\"},\"query-input\":{\"@type\":\"PropertyValueSpecification\",\"valueRequired\":true,\"valueName\":\"search_term_string\"}}],\"inLanguage\":\"hr\"},{\"@type\":\"Organization\",\"@id\":\"https:\\\/\\\/radioljubuski.ba\\\/#organization\",\"name\":\"Radio Ljubu\u0161ki\",\"url\":\"https:\\\/\\\/radioljubuski.ba\\\/\",\"logo\":{\"@type\":\"ImageObject\",\"inLanguage\":\"hr\",\"@id\":\"https:\\\/\\\/radioljubuski.ba\\\/#\\\/schema\\\/logo\\\/image\\\/\",\"url\":\"https:\\\/\\\/radioljubuski.ba\\\/wp-content\\\/uploads\\\/2021\\\/02\\\/cropped-Radio_Ljubuski_logo1.jpg\",\"contentUrl\":\"https:\\\/\\\/radioljubuski.ba\\\/wp-content\\\/uploads\\\/2021\\\/02\\\/cropped-Radio_Ljubuski_logo1.jpg\",\"width\":512,\"height\":512,\"caption\":\"Radio Ljubu\u0161ki\"},\"image\":{\"@id\":\"https:\\\/\\\/radioljubuski.ba\\\/#\\\/schema\\\/logo\\\/image\\\/\"},\"sameAs\":[\"https:\\\/\\\/www.facebook.com\\\/Radiio-Ljubuski-1490835324566332\",\"https:\\\/\\\/x.com\\\/radioljubuski\",\"https:\\\/\\\/hr.linkedin.com\\\/company\\\/radio-ljubuski\",\"https:\\\/\\\/www.youtube.com\\\/channel\\\/UCHYaeO_n0Db3tjNGudGpXyw\"]},{\"@type\":\"Person\",\"@id\":\"https:\\\/\\\/radioljubuski.ba\\\/#\\\/schema\\\/person\\\/19fc700381a780f69665d7956c469e3b\",\"name\":\"Radio Ljubu\u0161ki\"}]}<\/script>\n<!-- \/ Yoast SEO plugin. -->","yoast_head_json":{"title":"Hrvat postavio samo jedno pitanje pa postao hit na internetu: 'Izdr\u017eao bih do pono\u0107i, a poslije ne znam' - RADIO LJUBU\u0160KI","robots":{"index":"index","follow":"follow","max-snippet":"max-snippet:-1","max-image-preview":"max-image-preview:large","max-video-preview":"max-video-preview:-1"},"canonical":"https:\/\/radioljubuski.ba\/index.php\/2022\/04\/18\/hrvat-postavio-samo-jedno-pitanje-pa-postao-hit-na-internetu-izdrzao-bih-do-ponoci-a-poslije-ne-znam\/","og_locale":"hr_HR","og_type":"article","og_title":"Hrvat postavio samo jedno pitanje pa postao hit na internetu: 'Izdr\u017eao bih do pono\u0107i, a poslije ne znam' - RADIO LJUBU\u0160KI","og_description":"Danas su veliki problem svake dr\u017eave nezaposlenost i siroma\u0161tvo. Odr\u017eavanje visokoga \u017eivotnog standarda i dr\u017eave blagostanja uzelo je svoj danak kroz pove\u0107anje stope nezaposlenosti. Potreba za zaposlenjem radi ostvarenja nu\u017enih sredstava za \u010dovjekovu egzistenciju je ne\u0161to s \u010dime se suo\u010dava gotovo svaki \u010dovjek. Na jednoj strani postoji velika i rastu\u0107a \u0161tednja, dok je na drugoj [&hellip;]","og_url":"https:\/\/radioljubuski.ba\/index.php\/2022\/04\/18\/hrvat-postavio-samo-jedno-pitanje-pa-postao-hit-na-internetu-izdrzao-bih-do-ponoci-a-poslije-ne-znam\/","og_site_name":"RADIO LJUBU\u0160KI","article_publisher":"https:\/\/www.facebook.com\/Radiio-Ljubuski-1490835324566332","article_published_time":"2022-04-18T11:24:23+00:00","og_image":[{"width":836,"height":522,"url":"https:\/\/radioljubuski.ba\/wp-content\/uploads\/2022\/04\/33-11.png","type":"image\/png"}],"author":"Radio Ljubu\u0161ki","twitter_card":"summary_large_image","twitter_creator":"@radioljubuski","twitter_site":"@radioljubuski","twitter_misc":{"Napisao\/la":"Radio Ljubu\u0161ki","Procijenjeno vrijeme \u010ditanja":"3 minute"},"schema":{"@context":"https:\/\/schema.org","@graph":[{"@type":"Article","@id":"https:\/\/radioljubuski.ba\/index.php\/2022\/04\/18\/hrvat-postavio-samo-jedno-pitanje-pa-postao-hit-na-internetu-izdrzao-bih-do-ponoci-a-poslije-ne-znam\/#article","isPartOf":{"@id":"https:\/\/radioljubuski.ba\/index.php\/2022\/04\/18\/hrvat-postavio-samo-jedno-pitanje-pa-postao-hit-na-internetu-izdrzao-bih-do-ponoci-a-poslije-ne-znam\/"},"author":{"name":"Radio Ljubu\u0161ki","@id":"https:\/\/radioljubuski.ba\/#\/schema\/person\/19fc700381a780f69665d7956c469e3b"},"headline":"Hrvat postavio samo jedno pitanje pa postao hit na internetu: &#8216;Izdr\u017eao bih do pono\u0107i, a poslije ne znam&#8217;","datePublished":"2022-04-18T11:24:23+00:00","mainEntityOfPage":{"@id":"https:\/\/radioljubuski.ba\/index.php\/2022\/04\/18\/hrvat-postavio-samo-jedno-pitanje-pa-postao-hit-na-internetu-izdrzao-bih-do-ponoci-a-poslije-ne-znam\/"},"wordCount":642,"publisher":{"@id":"https:\/\/radioljubuski.ba\/#organization"},"image":{"@id":"https:\/\/radioljubuski.ba\/index.php\/2022\/04\/18\/hrvat-postavio-samo-jedno-pitanje-pa-postao-hit-na-internetu-izdrzao-bih-do-ponoci-a-poslije-ne-znam\/#primaryimage"},"thumbnailUrl":"https:\/\/radioljubuski.ba\/wp-content\/uploads\/2022\/04\/33-11.png","articleSection":["BIH i regija"],"inLanguage":"hr"},{"@type":"WebPage","@id":"https:\/\/radioljubuski.ba\/index.php\/2022\/04\/18\/hrvat-postavio-samo-jedno-pitanje-pa-postao-hit-na-internetu-izdrzao-bih-do-ponoci-a-poslije-ne-znam\/","url":"https:\/\/radioljubuski.ba\/index.php\/2022\/04\/18\/hrvat-postavio-samo-jedno-pitanje-pa-postao-hit-na-internetu-izdrzao-bih-do-ponoci-a-poslije-ne-znam\/","name":"Hrvat postavio samo jedno pitanje pa postao hit na internetu: 'Izdr\u017eao bih do pono\u0107i, a poslije ne znam' - RADIO LJUBU\u0160KI","isPartOf":{"@id":"https:\/\/radioljubuski.ba\/#website"},"primaryImageOfPage":{"@id":"https:\/\/radioljubuski.ba\/index.php\/2022\/04\/18\/hrvat-postavio-samo-jedno-pitanje-pa-postao-hit-na-internetu-izdrzao-bih-do-ponoci-a-poslije-ne-znam\/#primaryimage"},"image":{"@id":"https:\/\/radioljubuski.ba\/index.php\/2022\/04\/18\/hrvat-postavio-samo-jedno-pitanje-pa-postao-hit-na-internetu-izdrzao-bih-do-ponoci-a-poslije-ne-znam\/#primaryimage"},"thumbnailUrl":"https:\/\/radioljubuski.ba\/wp-content\/uploads\/2022\/04\/33-11.png","datePublished":"2022-04-18T11:24:23+00:00","breadcrumb":{"@id":"https:\/\/radioljubuski.ba\/index.php\/2022\/04\/18\/hrvat-postavio-samo-jedno-pitanje-pa-postao-hit-na-internetu-izdrzao-bih-do-ponoci-a-poslije-ne-znam\/#breadcrumb"},"inLanguage":"hr","potentialAction":[{"@type":"ReadAction","target":["https:\/\/radioljubuski.ba\/index.php\/2022\/04\/18\/hrvat-postavio-samo-jedno-pitanje-pa-postao-hit-na-internetu-izdrzao-bih-do-ponoci-a-poslije-ne-znam\/"]}]},{"@type":"ImageObject","inLanguage":"hr","@id":"https:\/\/radioljubuski.ba\/index.php\/2022\/04\/18\/hrvat-postavio-samo-jedno-pitanje-pa-postao-hit-na-internetu-izdrzao-bih-do-ponoci-a-poslije-ne-znam\/#primaryimage","url":"https:\/\/radioljubuski.ba\/wp-content\/uploads\/2022\/04\/33-11.png","contentUrl":"https:\/\/radioljubuski.ba\/wp-content\/uploads\/2022\/04\/33-11.png","width":836,"height":522},{"@type":"BreadcrumbList","@id":"https:\/\/radioljubuski.ba\/index.php\/2022\/04\/18\/hrvat-postavio-samo-jedno-pitanje-pa-postao-hit-na-internetu-izdrzao-bih-do-ponoci-a-poslije-ne-znam\/#breadcrumb","itemListElement":[{"@type":"ListItem","position":1,"name":"Po\u010detna stranica","item":"https:\/\/radioljubuski.ba\/"},{"@type":"ListItem","position":2,"name":"Hrvat postavio samo jedno pitanje pa postao hit na internetu: &#8216;Izdr\u017eao bih do pono\u0107i, a poslije ne znam&#8217;"}]},{"@type":"WebSite","@id":"https:\/\/radioljubuski.ba\/#website","url":"https:\/\/radioljubuski.ba\/","name":"Radio Ljubu\u0161ki","description":"Sun\u010dana frekvencija Hercegovine","publisher":{"@id":"https:\/\/radioljubuski.ba\/#organization"},"potentialAction":[{"@type":"SearchAction","target":{"@type":"EntryPoint","urlTemplate":"https:\/\/radioljubuski.ba\/?s={search_term_string}"},"query-input":{"@type":"PropertyValueSpecification","valueRequired":true,"valueName":"search_term_string"}}],"inLanguage":"hr"},{"@type":"Organization","@id":"https:\/\/radioljubuski.ba\/#organization","name":"Radio Ljubu\u0161ki","url":"https:\/\/radioljubuski.ba\/","logo":{"@type":"ImageObject","inLanguage":"hr","@id":"https:\/\/radioljubuski.ba\/#\/schema\/logo\/image\/","url":"https:\/\/radioljubuski.ba\/wp-content\/uploads\/2021\/02\/cropped-Radio_Ljubuski_logo1.jpg","contentUrl":"https:\/\/radioljubuski.ba\/wp-content\/uploads\/2021\/02\/cropped-Radio_Ljubuski_logo1.jpg","width":512,"height":512,"caption":"Radio Ljubu\u0161ki"},"image":{"@id":"https:\/\/radioljubuski.ba\/#\/schema\/logo\/image\/"},"sameAs":["https:\/\/www.facebook.com\/Radiio-Ljubuski-1490835324566332","https:\/\/x.com\/radioljubuski","https:\/\/hr.linkedin.com\/company\/radio-ljubuski","https:\/\/www.youtube.com\/channel\/UCHYaeO_n0Db3tjNGudGpXyw"]},{"@type":"Person","@id":"https:\/\/radioljubuski.ba\/#\/schema\/person\/19fc700381a780f69665d7956c469e3b","name":"Radio Ljubu\u0161ki"}]}},"_links":{"self":[{"href":"https:\/\/radioljubuski.ba\/index.php\/wp-json\/wp\/v2\/posts\/133552","targetHints":{"allow":["GET"]}}],"collection":[{"href":"https:\/\/radioljubuski.ba\/index.php\/wp-json\/wp\/v2\/posts"}],"about":[{"href":"https:\/\/radioljubuski.ba\/index.php\/wp-json\/wp\/v2\/types\/post"}],"author":[{"embeddable":true,"href":"https:\/\/radioljubuski.ba\/index.php\/wp-json\/wp\/v2\/users\/2"}],"replies":[{"embeddable":true,"href":"https:\/\/radioljubuski.ba\/index.php\/wp-json\/wp\/v2\/comments?post=133552"}],"version-history":[{"count":1,"href":"https:\/\/radioljubuski.ba\/index.php\/wp-json\/wp\/v2\/posts\/133552\/revisions"}],"predecessor-version":[{"id":133554,"href":"https:\/\/radioljubuski.ba\/index.php\/wp-json\/wp\/v2\/posts\/133552\/revisions\/133554"}],"wp:featuredmedia":[{"embeddable":true,"href":"https:\/\/radioljubuski.ba\/index.php\/wp-json\/wp\/v2\/media\/133553"}],"wp:attachment":[{"href":"https:\/\/radioljubuski.ba\/index.php\/wp-json\/wp\/v2\/media?parent=133552"}],"wp:term":[{"taxonomy":"category","embeddable":true,"href":"https:\/\/radioljubuski.ba\/index.php\/wp-json\/wp\/v2\/categories?post=133552"},{"taxonomy":"post_tag","embeddable":true,"href":"https:\/\/radioljubuski.ba\/index.php\/wp-json\/wp\/v2\/tags?post=133552"}],"curies":[{"name":"wp","href":"https:\/\/api.w.org\/{rel}","templated":true}]}}