{"id":133584,"date":"2022-04-18T12:40:00","date_gmt":"2022-04-18T11:40:00","guid":{"rendered":"https:\/\/radioljubuski.ba\/?p=133584"},"modified":"2022-04-18T12:40:01","modified_gmt":"2022-04-18T11:40:01","slug":"putin-europi-i-dalje-vam-treba-ruski-plin-ali-mi-se-okrecemo-na-istok","status":"publish","type":"post","link":"https:\/\/radioljubuski.ba\/index.php\/2022\/04\/18\/putin-europi-i-dalje-vam-treba-ruski-plin-ali-mi-se-okrecemo-na-istok\/","title":{"rendered":"Putin Europi: I dalje vam treba ruski plin, ali mi se okre\u0107emo na istok"},"content":{"rendered":"\n<p>Ruski predsjednik Vladimir Putin najavljuje da \u0107e Moskva preusmjeriti izvoz energenata na istok, a dok Europa poku\u0161ava smanjiti energetski ruski oslonac Putin uzvra\u0107a da europske nacije ne\u0107e mo\u0107i odmah odustati od ruskog plina, no \u010dini se da ipak otvara vrata pla\u0107anju plina u eurima.<\/p>\n\n\n\n<p><br>Rusija isporu\u010duje oko 40 posto prirodnog plina potrebnog EU-u, no zapadne sankcije zbog napada na Ukrajinu pogodile su njezin izvoz energije kompliciraju\u0107i financiranje i logistiku postoje\u0107ih poslova.<\/p>\n\n\n\n<p>Dok EU raspravlja ho\u0107e li uvesti sankcije na ruski plin i naftu, a dr\u017eave \u010dlanice snalaze se kupuju\u0107i energente po svijetu, Kremlj uspostavlja bli\u017ee veze s Kinom, najve\u0107im svjetskim potro\u0161a\u010dem energije, i drugim azijskim zemljama, pi\u0161e Euractiv.<\/p>\n\n\n\n<p>\u201cTakozvani partneri iz neprijateljskih zemalja priznaju da se ne\u0107e mo\u0107i sna\u0107i bez ruskih energetskih resursa, uklju\u010duju\u0107i, na primjer, prirodni plina\u201d, rekao je Putin pro\u0161li tjedan na sjednici vlade i ocijenio da \u201cu Europi trenutno nema racionalne zamjene\u201d za ruski plin.<\/p>\n\n\n\n<p>Putin je tako\u0111er rekao da Europa, najavljuju\u0107i prekid isporuke energenata iz Rusije, di\u017ee cijene i destabilizira tr\u017ei\u0161te. Dodao je da \u0107e Rusiji, koja proizvodi desetinu svjetske nafte i petinu plina, trebati nova infrastruktura za izvoz u Aziju.<\/p>\n\n\n\n<p>Nalo\u017eio je vladi da do 1. lipnja predstavi plan koji uklju\u010duje \u201c\u0161irenje infrastrukture na zemlje Afrike, Latinske Amerike i Azijsko-pacifi\u010dke regije\u201d te zatra\u017eio razmatranje uklju\u010divanja plinovoda Snaga Sibira i dalekoisto\u010dnog Sahalin-Habarovsk-Vladivostok, u ruski jedinstveni sustav opskrbe plinom.<\/p>\n\n\n\n<p>Uklju\u010divanje tih ruta u \u0161iru mre\u017eu moglo bi Rusiji teoretski omogu\u0107iti prebacivanje tokova plina iz Europe u Aziju i obrnuto.<\/p>\n\n\n\n<p>Rusija je krajem 2019. godine pokrenula plinovode sustave za izvoz u Kinu, a u velja\u010di je sklopila 30-godi\u0161nji ugovor za novi plinovod koji tek treba biti izgra\u0111en.<\/p>\n\n\n\n<p>Aludiraju\u0107i na sankcije Zapada, Putin je tako\u0111er rekao da Rusija treba supstituirati uvoz opreme za proizvodnju nafte i plina.<\/p>\n\n\n\n<p>Putin je tako\u0111er rekao da bi uloga nacionalnih valuta u izvoznim poslovima trebala porasti, usred planova Rusije da prije\u0111e na rubalj za isporuku plina, uglavnom u Europu.<\/p>\n\n\n\n<p><strong>Nastavak pla\u0107anja u eurima?<\/strong><\/p>\n\n\n\n<p>\u010cini se, me\u0111utim, da je Rusija ipak otvorila vrata za nastavak pla\u0107anja u eurima. Ta je zemlja, naime, do\u017eivjela nagli pad proizvodnje nafte, njezinog klju\u010dnog izvora prihoda, zbog pote\u0161ko\u0107a s pla\u0107anjima. Vode\u0107e svjetske trgova\u010dke ku\u0107e planiraju smanjiti kupnju sirove nafte i goriva od ruskih naftnih kompanija pod kontrolom dr\u017eave ve\u0107 15. svibnja, kako bi izbjegli kr\u0161enje sankcija EU -a Rusiji.<\/p>\n\n\n\n<p>Stoga je Putin, prema pisanju austrijske novinske agencije APA-e, rekao austrijskom kancelaru kancelaru Karlu Nehammeru da Austrija mo\u017ee i dalje ruski plin pla\u0107ati u eurima.<\/p>\n\n\n\n<p>Putin je rekao \u201cda je opskrba plinom osigurana, da \u0107e Rusija isporu\u010diti ugovorene koli\u010dine i da se pla\u0107anja mogu nastaviti u eurima\u201d, rekao je Nehammer u intervjuu za njema\u010dku novinsku agenciju DPA, a prenosi APA.<\/p>\n\n\n\n<p>Europska komisija pak isti\u010de da se treba dr\u017eati ugovora u kojima su kao valute pla\u0107anja navedeni euro ili dolar.<\/p>\n\n\n\n<p>Izvor:pogled.ba<\/p>\n","protected":false},"excerpt":{"rendered":"<p>Ruski predsjednik Vladimir Putin najavljuje da \u0107e Moskva preusmjeriti izvoz energenata na istok, a dok Europa poku\u0161ava smanjiti energetski ruski oslonac Putin uzvra\u0107a da europske nacije ne\u0107e mo\u0107i odmah odustati od ruskog plina, no \u010dini se da ipak otvara vrata pla\u0107anju plina u eurima. Rusija isporu\u010duje oko 40 posto prirodnog plina potrebnog EU-u, no zapadne [&hellip;]<\/p>\n","protected":false},"author":2,"featured_media":120756,"comment_status":"closed","ping_status":"closed","sticky":false,"template":"","format":"standard","meta":{"h5ap_radio_sources":[],"footnotes":""},"categories":[1],"tags":[],"class_list":["post-133584","post","type-post","status-publish","format-standard","has-post-thumbnail","hentry","category-bihiregija"],"yoast_head":"<!-- This site is optimized with the Yoast SEO plugin v27.5 - https:\/\/yoast.com\/product\/yoast-seo-wordpress\/ -->\n<title>Putin Europi: I dalje vam treba ruski plin, ali mi se okre\u0107emo na istok - RADIO LJUBU\u0160KI<\/title>\n<meta name=\"robots\" content=\"index, follow, max-snippet:-1, max-image-preview:large, max-video-preview:-1\" \/>\n<link rel=\"canonical\" href=\"https:\/\/radioljubuski.ba\/index.php\/2022\/04\/18\/putin-europi-i-dalje-vam-treba-ruski-plin-ali-mi-se-okrecemo-na-istok\/\" \/>\n<meta property=\"og:locale\" content=\"hr_HR\" \/>\n<meta property=\"og:type\" content=\"article\" \/>\n<meta property=\"og:title\" content=\"Putin Europi: I dalje vam treba ruski plin, ali mi se okre\u0107emo na istok - RADIO LJUBU\u0160KI\" \/>\n<meta property=\"og:description\" content=\"Ruski predsjednik Vladimir Putin najavljuje da \u0107e Moskva preusmjeriti izvoz energenata na istok, a dok Europa poku\u0161ava smanjiti energetski ruski oslonac Putin uzvra\u0107a da europske nacije ne\u0107e mo\u0107i odmah odustati od ruskog plina, no \u010dini se da ipak otvara vrata pla\u0107anju plina u eurima. Rusija isporu\u010duje oko 40 posto prirodnog plina potrebnog EU-u, no zapadne [&hellip;]\" \/>\n<meta property=\"og:url\" content=\"https:\/\/radioljubuski.ba\/index.php\/2022\/04\/18\/putin-europi-i-dalje-vam-treba-ruski-plin-ali-mi-se-okrecemo-na-istok\/\" \/>\n<meta property=\"og:site_name\" content=\"RADIO LJUBU\u0160KI\" \/>\n<meta property=\"article:publisher\" content=\"https:\/\/www.facebook.com\/Radiio-Ljubuski-1490835324566332\" \/>\n<meta property=\"article:published_time\" content=\"2022-04-18T11:40:00+00:00\" \/>\n<meta property=\"article:modified_time\" content=\"2022-04-18T11:40:01+00:00\" \/>\n<meta property=\"og:image\" content=\"https:\/\/radioljubuski.ba\/wp-content\/uploads\/2022\/03\/putin-1.jpg\" \/>\n\t<meta property=\"og:image:width\" content=\"685\" \/>\n\t<meta property=\"og:image:height\" content=\"419\" \/>\n\t<meta property=\"og:image:type\" content=\"image\/jpeg\" \/>\n<meta name=\"author\" content=\"Radio Ljubu\u0161ki\" \/>\n<meta name=\"twitter:card\" content=\"summary_large_image\" \/>\n<meta name=\"twitter:creator\" content=\"@radioljubuski\" \/>\n<meta name=\"twitter:site\" content=\"@radioljubuski\" \/>\n<meta name=\"twitter:label1\" content=\"Napisao\/la\" \/>\n\t<meta name=\"twitter:data1\" content=\"Radio Ljubu\u0161ki\" \/>\n\t<meta name=\"twitter:label2\" content=\"Procijenjeno vrijeme \u010ditanja\" \/>\n\t<meta name=\"twitter:data2\" content=\"3 minute\" \/>\n<script type=\"application\/ld+json\" class=\"yoast-schema-graph\">{\"@context\":\"https:\\\/\\\/schema.org\",\"@graph\":[{\"@type\":\"Article\",\"@id\":\"https:\\\/\\\/radioljubuski.ba\\\/index.php\\\/2022\\\/04\\\/18\\\/putin-europi-i-dalje-vam-treba-ruski-plin-ali-mi-se-okrecemo-na-istok\\\/#article\",\"isPartOf\":{\"@id\":\"https:\\\/\\\/radioljubuski.ba\\\/index.php\\\/2022\\\/04\\\/18\\\/putin-europi-i-dalje-vam-treba-ruski-plin-ali-mi-se-okrecemo-na-istok\\\/\"},\"author\":{\"name\":\"Radio Ljubu\u0161ki\",\"@id\":\"https:\\\/\\\/radioljubuski.ba\\\/#\\\/schema\\\/person\\\/19fc700381a780f69665d7956c469e3b\"},\"headline\":\"Putin Europi: I dalje vam treba ruski plin, ali mi se okre\u0107emo na istok\",\"datePublished\":\"2022-04-18T11:40:00+00:00\",\"dateModified\":\"2022-04-18T11:40:01+00:00\",\"mainEntityOfPage\":{\"@id\":\"https:\\\/\\\/radioljubuski.ba\\\/index.php\\\/2022\\\/04\\\/18\\\/putin-europi-i-dalje-vam-treba-ruski-plin-ali-mi-se-okrecemo-na-istok\\\/\"},\"wordCount\":537,\"publisher\":{\"@id\":\"https:\\\/\\\/radioljubuski.ba\\\/#organization\"},\"image\":{\"@id\":\"https:\\\/\\\/radioljubuski.ba\\\/index.php\\\/2022\\\/04\\\/18\\\/putin-europi-i-dalje-vam-treba-ruski-plin-ali-mi-se-okrecemo-na-istok\\\/#primaryimage\"},\"thumbnailUrl\":\"https:\\\/\\\/radioljubuski.ba\\\/wp-content\\\/uploads\\\/2022\\\/03\\\/putin-1.jpg\",\"articleSection\":[\"BIH i regija\"],\"inLanguage\":\"hr\"},{\"@type\":\"WebPage\",\"@id\":\"https:\\\/\\\/radioljubuski.ba\\\/index.php\\\/2022\\\/04\\\/18\\\/putin-europi-i-dalje-vam-treba-ruski-plin-ali-mi-se-okrecemo-na-istok\\\/\",\"url\":\"https:\\\/\\\/radioljubuski.ba\\\/index.php\\\/2022\\\/04\\\/18\\\/putin-europi-i-dalje-vam-treba-ruski-plin-ali-mi-se-okrecemo-na-istok\\\/\",\"name\":\"Putin Europi: I dalje vam treba ruski plin, ali mi se okre\u0107emo na istok - RADIO LJUBU\u0160KI\",\"isPartOf\":{\"@id\":\"https:\\\/\\\/radioljubuski.ba\\\/#website\"},\"primaryImageOfPage\":{\"@id\":\"https:\\\/\\\/radioljubuski.ba\\\/index.php\\\/2022\\\/04\\\/18\\\/putin-europi-i-dalje-vam-treba-ruski-plin-ali-mi-se-okrecemo-na-istok\\\/#primaryimage\"},\"image\":{\"@id\":\"https:\\\/\\\/radioljubuski.ba\\\/index.php\\\/2022\\\/04\\\/18\\\/putin-europi-i-dalje-vam-treba-ruski-plin-ali-mi-se-okrecemo-na-istok\\\/#primaryimage\"},\"thumbnailUrl\":\"https:\\\/\\\/radioljubuski.ba\\\/wp-content\\\/uploads\\\/2022\\\/03\\\/putin-1.jpg\",\"datePublished\":\"2022-04-18T11:40:00+00:00\",\"dateModified\":\"2022-04-18T11:40:01+00:00\",\"breadcrumb\":{\"@id\":\"https:\\\/\\\/radioljubuski.ba\\\/index.php\\\/2022\\\/04\\\/18\\\/putin-europi-i-dalje-vam-treba-ruski-plin-ali-mi-se-okrecemo-na-istok\\\/#breadcrumb\"},\"inLanguage\":\"hr\",\"potentialAction\":[{\"@type\":\"ReadAction\",\"target\":[\"https:\\\/\\\/radioljubuski.ba\\\/index.php\\\/2022\\\/04\\\/18\\\/putin-europi-i-dalje-vam-treba-ruski-plin-ali-mi-se-okrecemo-na-istok\\\/\"]}]},{\"@type\":\"ImageObject\",\"inLanguage\":\"hr\",\"@id\":\"https:\\\/\\\/radioljubuski.ba\\\/index.php\\\/2022\\\/04\\\/18\\\/putin-europi-i-dalje-vam-treba-ruski-plin-ali-mi-se-okrecemo-na-istok\\\/#primaryimage\",\"url\":\"https:\\\/\\\/radioljubuski.ba\\\/wp-content\\\/uploads\\\/2022\\\/03\\\/putin-1.jpg\",\"contentUrl\":\"https:\\\/\\\/radioljubuski.ba\\\/wp-content\\\/uploads\\\/2022\\\/03\\\/putin-1.jpg\",\"width\":685,\"height\":419},{\"@type\":\"BreadcrumbList\",\"@id\":\"https:\\\/\\\/radioljubuski.ba\\\/index.php\\\/2022\\\/04\\\/18\\\/putin-europi-i-dalje-vam-treba-ruski-plin-ali-mi-se-okrecemo-na-istok\\\/#breadcrumb\",\"itemListElement\":[{\"@type\":\"ListItem\",\"position\":1,\"name\":\"Po\u010detna stranica\",\"item\":\"https:\\\/\\\/radioljubuski.ba\\\/\"},{\"@type\":\"ListItem\",\"position\":2,\"name\":\"Putin Europi: I dalje vam treba ruski plin, ali mi se okre\u0107emo na istok\"}]},{\"@type\":\"WebSite\",\"@id\":\"https:\\\/\\\/radioljubuski.ba\\\/#website\",\"url\":\"https:\\\/\\\/radioljubuski.ba\\\/\",\"name\":\"Radio Ljubu\u0161ki\",\"description\":\"Sun\u010dana frekvencija Hercegovine\",\"publisher\":{\"@id\":\"https:\\\/\\\/radioljubuski.ba\\\/#organization\"},\"potentialAction\":[{\"@type\":\"SearchAction\",\"target\":{\"@type\":\"EntryPoint\",\"urlTemplate\":\"https:\\\/\\\/radioljubuski.ba\\\/?s={search_term_string}\"},\"query-input\":{\"@type\":\"PropertyValueSpecification\",\"valueRequired\":true,\"valueName\":\"search_term_string\"}}],\"inLanguage\":\"hr\"},{\"@type\":\"Organization\",\"@id\":\"https:\\\/\\\/radioljubuski.ba\\\/#organization\",\"name\":\"Radio Ljubu\u0161ki\",\"url\":\"https:\\\/\\\/radioljubuski.ba\\\/\",\"logo\":{\"@type\":\"ImageObject\",\"inLanguage\":\"hr\",\"@id\":\"https:\\\/\\\/radioljubuski.ba\\\/#\\\/schema\\\/logo\\\/image\\\/\",\"url\":\"https:\\\/\\\/radioljubuski.ba\\\/wp-content\\\/uploads\\\/2021\\\/02\\\/cropped-Radio_Ljubuski_logo1.jpg\",\"contentUrl\":\"https:\\\/\\\/radioljubuski.ba\\\/wp-content\\\/uploads\\\/2021\\\/02\\\/cropped-Radio_Ljubuski_logo1.jpg\",\"width\":512,\"height\":512,\"caption\":\"Radio Ljubu\u0161ki\"},\"image\":{\"@id\":\"https:\\\/\\\/radioljubuski.ba\\\/#\\\/schema\\\/logo\\\/image\\\/\"},\"sameAs\":[\"https:\\\/\\\/www.facebook.com\\\/Radiio-Ljubuski-1490835324566332\",\"https:\\\/\\\/x.com\\\/radioljubuski\",\"https:\\\/\\\/hr.linkedin.com\\\/company\\\/radio-ljubuski\",\"https:\\\/\\\/www.youtube.com\\\/channel\\\/UCHYaeO_n0Db3tjNGudGpXyw\"]},{\"@type\":\"Person\",\"@id\":\"https:\\\/\\\/radioljubuski.ba\\\/#\\\/schema\\\/person\\\/19fc700381a780f69665d7956c469e3b\",\"name\":\"Radio Ljubu\u0161ki\"}]}<\/script>\n<!-- \/ Yoast SEO plugin. -->","yoast_head_json":{"title":"Putin Europi: I dalje vam treba ruski plin, ali mi se okre\u0107emo na istok - RADIO LJUBU\u0160KI","robots":{"index":"index","follow":"follow","max-snippet":"max-snippet:-1","max-image-preview":"max-image-preview:large","max-video-preview":"max-video-preview:-1"},"canonical":"https:\/\/radioljubuski.ba\/index.php\/2022\/04\/18\/putin-europi-i-dalje-vam-treba-ruski-plin-ali-mi-se-okrecemo-na-istok\/","og_locale":"hr_HR","og_type":"article","og_title":"Putin Europi: I dalje vam treba ruski plin, ali mi se okre\u0107emo na istok - RADIO LJUBU\u0160KI","og_description":"Ruski predsjednik Vladimir Putin najavljuje da \u0107e Moskva preusmjeriti izvoz energenata na istok, a dok Europa poku\u0161ava smanjiti energetski ruski oslonac Putin uzvra\u0107a da europske nacije ne\u0107e mo\u0107i odmah odustati od ruskog plina, no \u010dini se da ipak otvara vrata pla\u0107anju plina u eurima. Rusija isporu\u010duje oko 40 posto prirodnog plina potrebnog EU-u, no zapadne [&hellip;]","og_url":"https:\/\/radioljubuski.ba\/index.php\/2022\/04\/18\/putin-europi-i-dalje-vam-treba-ruski-plin-ali-mi-se-okrecemo-na-istok\/","og_site_name":"RADIO LJUBU\u0160KI","article_publisher":"https:\/\/www.facebook.com\/Radiio-Ljubuski-1490835324566332","article_published_time":"2022-04-18T11:40:00+00:00","article_modified_time":"2022-04-18T11:40:01+00:00","og_image":[{"width":685,"height":419,"url":"https:\/\/radioljubuski.ba\/wp-content\/uploads\/2022\/03\/putin-1.jpg","type":"image\/jpeg"}],"author":"Radio Ljubu\u0161ki","twitter_card":"summary_large_image","twitter_creator":"@radioljubuski","twitter_site":"@radioljubuski","twitter_misc":{"Napisao\/la":"Radio Ljubu\u0161ki","Procijenjeno vrijeme \u010ditanja":"3 minute"},"schema":{"@context":"https:\/\/schema.org","@graph":[{"@type":"Article","@id":"https:\/\/radioljubuski.ba\/index.php\/2022\/04\/18\/putin-europi-i-dalje-vam-treba-ruski-plin-ali-mi-se-okrecemo-na-istok\/#article","isPartOf":{"@id":"https:\/\/radioljubuski.ba\/index.php\/2022\/04\/18\/putin-europi-i-dalje-vam-treba-ruski-plin-ali-mi-se-okrecemo-na-istok\/"},"author":{"name":"Radio Ljubu\u0161ki","@id":"https:\/\/radioljubuski.ba\/#\/schema\/person\/19fc700381a780f69665d7956c469e3b"},"headline":"Putin Europi: I dalje vam treba ruski plin, ali mi se okre\u0107emo na istok","datePublished":"2022-04-18T11:40:00+00:00","dateModified":"2022-04-18T11:40:01+00:00","mainEntityOfPage":{"@id":"https:\/\/radioljubuski.ba\/index.php\/2022\/04\/18\/putin-europi-i-dalje-vam-treba-ruski-plin-ali-mi-se-okrecemo-na-istok\/"},"wordCount":537,"publisher":{"@id":"https:\/\/radioljubuski.ba\/#organization"},"image":{"@id":"https:\/\/radioljubuski.ba\/index.php\/2022\/04\/18\/putin-europi-i-dalje-vam-treba-ruski-plin-ali-mi-se-okrecemo-na-istok\/#primaryimage"},"thumbnailUrl":"https:\/\/radioljubuski.ba\/wp-content\/uploads\/2022\/03\/putin-1.jpg","articleSection":["BIH i regija"],"inLanguage":"hr"},{"@type":"WebPage","@id":"https:\/\/radioljubuski.ba\/index.php\/2022\/04\/18\/putin-europi-i-dalje-vam-treba-ruski-plin-ali-mi-se-okrecemo-na-istok\/","url":"https:\/\/radioljubuski.ba\/index.php\/2022\/04\/18\/putin-europi-i-dalje-vam-treba-ruski-plin-ali-mi-se-okrecemo-na-istok\/","name":"Putin Europi: I dalje vam treba ruski plin, ali mi se okre\u0107emo na istok - RADIO LJUBU\u0160KI","isPartOf":{"@id":"https:\/\/radioljubuski.ba\/#website"},"primaryImageOfPage":{"@id":"https:\/\/radioljubuski.ba\/index.php\/2022\/04\/18\/putin-europi-i-dalje-vam-treba-ruski-plin-ali-mi-se-okrecemo-na-istok\/#primaryimage"},"image":{"@id":"https:\/\/radioljubuski.ba\/index.php\/2022\/04\/18\/putin-europi-i-dalje-vam-treba-ruski-plin-ali-mi-se-okrecemo-na-istok\/#primaryimage"},"thumbnailUrl":"https:\/\/radioljubuski.ba\/wp-content\/uploads\/2022\/03\/putin-1.jpg","datePublished":"2022-04-18T11:40:00+00:00","dateModified":"2022-04-18T11:40:01+00:00","breadcrumb":{"@id":"https:\/\/radioljubuski.ba\/index.php\/2022\/04\/18\/putin-europi-i-dalje-vam-treba-ruski-plin-ali-mi-se-okrecemo-na-istok\/#breadcrumb"},"inLanguage":"hr","potentialAction":[{"@type":"ReadAction","target":["https:\/\/radioljubuski.ba\/index.php\/2022\/04\/18\/putin-europi-i-dalje-vam-treba-ruski-plin-ali-mi-se-okrecemo-na-istok\/"]}]},{"@type":"ImageObject","inLanguage":"hr","@id":"https:\/\/radioljubuski.ba\/index.php\/2022\/04\/18\/putin-europi-i-dalje-vam-treba-ruski-plin-ali-mi-se-okrecemo-na-istok\/#primaryimage","url":"https:\/\/radioljubuski.ba\/wp-content\/uploads\/2022\/03\/putin-1.jpg","contentUrl":"https:\/\/radioljubuski.ba\/wp-content\/uploads\/2022\/03\/putin-1.jpg","width":685,"height":419},{"@type":"BreadcrumbList","@id":"https:\/\/radioljubuski.ba\/index.php\/2022\/04\/18\/putin-europi-i-dalje-vam-treba-ruski-plin-ali-mi-se-okrecemo-na-istok\/#breadcrumb","itemListElement":[{"@type":"ListItem","position":1,"name":"Po\u010detna stranica","item":"https:\/\/radioljubuski.ba\/"},{"@type":"ListItem","position":2,"name":"Putin Europi: I dalje vam treba ruski plin, ali mi se okre\u0107emo na istok"}]},{"@type":"WebSite","@id":"https:\/\/radioljubuski.ba\/#website","url":"https:\/\/radioljubuski.ba\/","name":"Radio Ljubu\u0161ki","description":"Sun\u010dana frekvencija Hercegovine","publisher":{"@id":"https:\/\/radioljubuski.ba\/#organization"},"potentialAction":[{"@type":"SearchAction","target":{"@type":"EntryPoint","urlTemplate":"https:\/\/radioljubuski.ba\/?s={search_term_string}"},"query-input":{"@type":"PropertyValueSpecification","valueRequired":true,"valueName":"search_term_string"}}],"inLanguage":"hr"},{"@type":"Organization","@id":"https:\/\/radioljubuski.ba\/#organization","name":"Radio Ljubu\u0161ki","url":"https:\/\/radioljubuski.ba\/","logo":{"@type":"ImageObject","inLanguage":"hr","@id":"https:\/\/radioljubuski.ba\/#\/schema\/logo\/image\/","url":"https:\/\/radioljubuski.ba\/wp-content\/uploads\/2021\/02\/cropped-Radio_Ljubuski_logo1.jpg","contentUrl":"https:\/\/radioljubuski.ba\/wp-content\/uploads\/2021\/02\/cropped-Radio_Ljubuski_logo1.jpg","width":512,"height":512,"caption":"Radio Ljubu\u0161ki"},"image":{"@id":"https:\/\/radioljubuski.ba\/#\/schema\/logo\/image\/"},"sameAs":["https:\/\/www.facebook.com\/Radiio-Ljubuski-1490835324566332","https:\/\/x.com\/radioljubuski","https:\/\/hr.linkedin.com\/company\/radio-ljubuski","https:\/\/www.youtube.com\/channel\/UCHYaeO_n0Db3tjNGudGpXyw"]},{"@type":"Person","@id":"https:\/\/radioljubuski.ba\/#\/schema\/person\/19fc700381a780f69665d7956c469e3b","name":"Radio Ljubu\u0161ki"}]}},"_links":{"self":[{"href":"https:\/\/radioljubuski.ba\/index.php\/wp-json\/wp\/v2\/posts\/133584","targetHints":{"allow":["GET"]}}],"collection":[{"href":"https:\/\/radioljubuski.ba\/index.php\/wp-json\/wp\/v2\/posts"}],"about":[{"href":"https:\/\/radioljubuski.ba\/index.php\/wp-json\/wp\/v2\/types\/post"}],"author":[{"embeddable":true,"href":"https:\/\/radioljubuski.ba\/index.php\/wp-json\/wp\/v2\/users\/2"}],"replies":[{"embeddable":true,"href":"https:\/\/radioljubuski.ba\/index.php\/wp-json\/wp\/v2\/comments?post=133584"}],"version-history":[{"count":1,"href":"https:\/\/radioljubuski.ba\/index.php\/wp-json\/wp\/v2\/posts\/133584\/revisions"}],"predecessor-version":[{"id":133585,"href":"https:\/\/radioljubuski.ba\/index.php\/wp-json\/wp\/v2\/posts\/133584\/revisions\/133585"}],"wp:featuredmedia":[{"embeddable":true,"href":"https:\/\/radioljubuski.ba\/index.php\/wp-json\/wp\/v2\/media\/120756"}],"wp:attachment":[{"href":"https:\/\/radioljubuski.ba\/index.php\/wp-json\/wp\/v2\/media?parent=133584"}],"wp:term":[{"taxonomy":"category","embeddable":true,"href":"https:\/\/radioljubuski.ba\/index.php\/wp-json\/wp\/v2\/categories?post=133584"},{"taxonomy":"post_tag","embeddable":true,"href":"https:\/\/radioljubuski.ba\/index.php\/wp-json\/wp\/v2\/tags?post=133584"}],"curies":[{"name":"wp","href":"https:\/\/api.w.org\/{rel}","templated":true}]}}