{"id":133586,"date":"2022-04-18T12:41:05","date_gmt":"2022-04-18T11:41:05","guid":{"rendered":"https:\/\/radioljubuski.ba\/?p=133586"},"modified":"2022-04-18T12:41:05","modified_gmt":"2022-04-18T11:41:05","slug":"ceska-gradi-se-najduzi-pjesacki-viseci-most-na-svijetu","status":"publish","type":"post","link":"https:\/\/radioljubuski.ba\/index.php\/2022\/04\/18\/ceska-gradi-se-najduzi-pjesacki-viseci-most-na-svijetu\/","title":{"rendered":"\u010ce\u0161ka: Gradi se najdu\u017ei pje\u0161a\u010dki vise\u0107i most na svijetu"},"content":{"rendered":"\n<p>Rekordno dug vise\u0107i most trebao bi se otvoriti na sjeveroistoku \u010ce\u0161ke u svibnju, koji \u0107e planinarima omogu\u0107iti pre\u010dac kroz oblake uz zadivljuju\u0107i pogled izme\u0111u vrhova planine Kralicky Sne\u017enik.<\/p>\n\n\n\n<p>Prema \u010de\u0161kim turisti\u010dkim du\u017enosnicima, Skybridge 721 bit \u0107e najdu\u017ei vise\u0107i most na svijetu, koji se prote\u017ee 721 metar izme\u0111u dva planinska grebena.<\/p>\n\n\n\n<p>Smje\u0161ten je u blizini ljetovali\u0161ta Doln\u00ed Morava i premo\u0161\u0107uje dolinu Mlynicke udoli na visini od 95 metara.<\/p>\n\n\n\n<p>Sve\u010dano otvaranje mosta planirano je za 9. svibnja.<\/p>\n\n\n\n<p>Most je izgra\u0111en u blizini vidikovca Skywalka, 55 metara visoke platforme s koje se mo\u017ee spustiti toboganom 100 metara.<\/p>\n\n\n\n<p>Odmarali\u0161te za zimske sportove i planinarenje Doln\u00ed Morava nalazi se oko 200 kilometara isto\u010dno od Praga, blizu granice s Poljskom.<\/p>\n\n\n\n<p>Izvor:pogled.ba<\/p>\n","protected":false},"excerpt":{"rendered":"<p>Rekordno dug vise\u0107i most trebao bi se otvoriti na sjeveroistoku \u010ce\u0161ke u svibnju, koji \u0107e planinarima omogu\u0107iti pre\u010dac kroz oblake uz zadivljuju\u0107i pogled izme\u0111u vrhova planine Kralicky Sne\u017enik. Prema \u010de\u0161kim turisti\u010dkim du\u017enosnicima, Skybridge 721 bit \u0107e najdu\u017ei vise\u0107i most na svijetu, koji se prote\u017ee 721 metar izme\u0111u dva planinska grebena. Smje\u0161ten je u blizini ljetovali\u0161ta [&hellip;]<\/p>\n","protected":false},"author":2,"featured_media":133587,"comment_status":"closed","ping_status":"closed","sticky":false,"template":"","format":"standard","meta":{"h5ap_radio_sources":[],"footnotes":""},"categories":[1],"tags":[],"class_list":["post-133586","post","type-post","status-publish","format-standard","has-post-thumbnail","hentry","category-bihiregija"],"yoast_head":"<!-- This site is optimized with the Yoast SEO plugin v27.5 - https:\/\/yoast.com\/product\/yoast-seo-wordpress\/ -->\n<title>\u010ce\u0161ka: Gradi se najdu\u017ei pje\u0161a\u010dki vise\u0107i most na svijetu - RADIO LJUBU\u0160KI<\/title>\n<meta name=\"robots\" content=\"index, follow, max-snippet:-1, max-image-preview:large, max-video-preview:-1\" \/>\n<link rel=\"canonical\" href=\"https:\/\/radioljubuski.ba\/index.php\/2022\/04\/18\/ceska-gradi-se-najduzi-pjesacki-viseci-most-na-svijetu\/\" \/>\n<meta property=\"og:locale\" content=\"hr_HR\" \/>\n<meta property=\"og:type\" content=\"article\" \/>\n<meta property=\"og:title\" content=\"\u010ce\u0161ka: Gradi se najdu\u017ei pje\u0161a\u010dki vise\u0107i most na svijetu - RADIO LJUBU\u0160KI\" \/>\n<meta property=\"og:description\" content=\"Rekordno dug vise\u0107i most trebao bi se otvoriti na sjeveroistoku \u010ce\u0161ke u svibnju, koji \u0107e planinarima omogu\u0107iti pre\u010dac kroz oblake uz zadivljuju\u0107i pogled izme\u0111u vrhova planine Kralicky Sne\u017enik. Prema \u010de\u0161kim turisti\u010dkim du\u017enosnicima, Skybridge 721 bit \u0107e najdu\u017ei vise\u0107i most na svijetu, koji se prote\u017ee 721 metar izme\u0111u dva planinska grebena. Smje\u0161ten je u blizini ljetovali\u0161ta [&hellip;]\" \/>\n<meta property=\"og:url\" content=\"https:\/\/radioljubuski.ba\/index.php\/2022\/04\/18\/ceska-gradi-se-najduzi-pjesacki-viseci-most-na-svijetu\/\" \/>\n<meta property=\"og:site_name\" content=\"RADIO LJUBU\u0160KI\" \/>\n<meta property=\"article:publisher\" content=\"https:\/\/www.facebook.com\/Radiio-Ljubuski-1490835324566332\" \/>\n<meta property=\"article:published_time\" content=\"2022-04-18T11:41:05+00:00\" \/>\n<meta property=\"og:image\" content=\"https:\/\/radioljubuski.ba\/wp-content\/uploads\/2022\/04\/8-2022-04-18-10-32-27-PJESACKI-MOST.jpg\" \/>\n\t<meta property=\"og:image:width\" content=\"1000\" \/>\n\t<meta property=\"og:image:height\" content=\"625\" \/>\n\t<meta property=\"og:image:type\" content=\"image\/jpeg\" \/>\n<meta name=\"author\" content=\"Radio Ljubu\u0161ki\" \/>\n<meta name=\"twitter:card\" content=\"summary_large_image\" \/>\n<meta name=\"twitter:creator\" content=\"@radioljubuski\" \/>\n<meta name=\"twitter:site\" content=\"@radioljubuski\" \/>\n<meta name=\"twitter:label1\" content=\"Napisao\/la\" \/>\n\t<meta name=\"twitter:data1\" content=\"Radio Ljubu\u0161ki\" \/>\n\t<meta name=\"twitter:label2\" content=\"Procijenjeno vrijeme \u010ditanja\" \/>\n\t<meta name=\"twitter:data2\" content=\"1 minuta\" \/>\n<script type=\"application\/ld+json\" class=\"yoast-schema-graph\">{\"@context\":\"https:\\\/\\\/schema.org\",\"@graph\":[{\"@type\":\"Article\",\"@id\":\"https:\\\/\\\/radioljubuski.ba\\\/index.php\\\/2022\\\/04\\\/18\\\/ceska-gradi-se-najduzi-pjesacki-viseci-most-na-svijetu\\\/#article\",\"isPartOf\":{\"@id\":\"https:\\\/\\\/radioljubuski.ba\\\/index.php\\\/2022\\\/04\\\/18\\\/ceska-gradi-se-najduzi-pjesacki-viseci-most-na-svijetu\\\/\"},\"author\":{\"name\":\"Radio Ljubu\u0161ki\",\"@id\":\"https:\\\/\\\/radioljubuski.ba\\\/#\\\/schema\\\/person\\\/19fc700381a780f69665d7956c469e3b\"},\"headline\":\"\u010ce\u0161ka: Gradi se najdu\u017ei pje\u0161a\u010dki vise\u0107i most na svijetu\",\"datePublished\":\"2022-04-18T11:41:05+00:00\",\"mainEntityOfPage\":{\"@id\":\"https:\\\/\\\/radioljubuski.ba\\\/index.php\\\/2022\\\/04\\\/18\\\/ceska-gradi-se-najduzi-pjesacki-viseci-most-na-svijetu\\\/\"},\"wordCount\":146,\"publisher\":{\"@id\":\"https:\\\/\\\/radioljubuski.ba\\\/#organization\"},\"image\":{\"@id\":\"https:\\\/\\\/radioljubuski.ba\\\/index.php\\\/2022\\\/04\\\/18\\\/ceska-gradi-se-najduzi-pjesacki-viseci-most-na-svijetu\\\/#primaryimage\"},\"thumbnailUrl\":\"https:\\\/\\\/radioljubuski.ba\\\/wp-content\\\/uploads\\\/2022\\\/04\\\/8-2022-04-18-10-32-27-PJESACKI-MOST.jpg\",\"articleSection\":[\"BIH i regija\"],\"inLanguage\":\"hr\"},{\"@type\":\"WebPage\",\"@id\":\"https:\\\/\\\/radioljubuski.ba\\\/index.php\\\/2022\\\/04\\\/18\\\/ceska-gradi-se-najduzi-pjesacki-viseci-most-na-svijetu\\\/\",\"url\":\"https:\\\/\\\/radioljubuski.ba\\\/index.php\\\/2022\\\/04\\\/18\\\/ceska-gradi-se-najduzi-pjesacki-viseci-most-na-svijetu\\\/\",\"name\":\"\u010ce\u0161ka: Gradi se najdu\u017ei pje\u0161a\u010dki vise\u0107i most na svijetu - RADIO LJUBU\u0160KI\",\"isPartOf\":{\"@id\":\"https:\\\/\\\/radioljubuski.ba\\\/#website\"},\"primaryImageOfPage\":{\"@id\":\"https:\\\/\\\/radioljubuski.ba\\\/index.php\\\/2022\\\/04\\\/18\\\/ceska-gradi-se-najduzi-pjesacki-viseci-most-na-svijetu\\\/#primaryimage\"},\"image\":{\"@id\":\"https:\\\/\\\/radioljubuski.ba\\\/index.php\\\/2022\\\/04\\\/18\\\/ceska-gradi-se-najduzi-pjesacki-viseci-most-na-svijetu\\\/#primaryimage\"},\"thumbnailUrl\":\"https:\\\/\\\/radioljubuski.ba\\\/wp-content\\\/uploads\\\/2022\\\/04\\\/8-2022-04-18-10-32-27-PJESACKI-MOST.jpg\",\"datePublished\":\"2022-04-18T11:41:05+00:00\",\"breadcrumb\":{\"@id\":\"https:\\\/\\\/radioljubuski.ba\\\/index.php\\\/2022\\\/04\\\/18\\\/ceska-gradi-se-najduzi-pjesacki-viseci-most-na-svijetu\\\/#breadcrumb\"},\"inLanguage\":\"hr\",\"potentialAction\":[{\"@type\":\"ReadAction\",\"target\":[\"https:\\\/\\\/radioljubuski.ba\\\/index.php\\\/2022\\\/04\\\/18\\\/ceska-gradi-se-najduzi-pjesacki-viseci-most-na-svijetu\\\/\"]}]},{\"@type\":\"ImageObject\",\"inLanguage\":\"hr\",\"@id\":\"https:\\\/\\\/radioljubuski.ba\\\/index.php\\\/2022\\\/04\\\/18\\\/ceska-gradi-se-najduzi-pjesacki-viseci-most-na-svijetu\\\/#primaryimage\",\"url\":\"https:\\\/\\\/radioljubuski.ba\\\/wp-content\\\/uploads\\\/2022\\\/04\\\/8-2022-04-18-10-32-27-PJESACKI-MOST.jpg\",\"contentUrl\":\"https:\\\/\\\/radioljubuski.ba\\\/wp-content\\\/uploads\\\/2022\\\/04\\\/8-2022-04-18-10-32-27-PJESACKI-MOST.jpg\",\"width\":1000,\"height\":625},{\"@type\":\"BreadcrumbList\",\"@id\":\"https:\\\/\\\/radioljubuski.ba\\\/index.php\\\/2022\\\/04\\\/18\\\/ceska-gradi-se-najduzi-pjesacki-viseci-most-na-svijetu\\\/#breadcrumb\",\"itemListElement\":[{\"@type\":\"ListItem\",\"position\":1,\"name\":\"Po\u010detna stranica\",\"item\":\"https:\\\/\\\/radioljubuski.ba\\\/\"},{\"@type\":\"ListItem\",\"position\":2,\"name\":\"\u010ce\u0161ka: Gradi se najdu\u017ei pje\u0161a\u010dki vise\u0107i most na svijetu\"}]},{\"@type\":\"WebSite\",\"@id\":\"https:\\\/\\\/radioljubuski.ba\\\/#website\",\"url\":\"https:\\\/\\\/radioljubuski.ba\\\/\",\"name\":\"Radio Ljubu\u0161ki\",\"description\":\"Sun\u010dana frekvencija Hercegovine\",\"publisher\":{\"@id\":\"https:\\\/\\\/radioljubuski.ba\\\/#organization\"},\"potentialAction\":[{\"@type\":\"SearchAction\",\"target\":{\"@type\":\"EntryPoint\",\"urlTemplate\":\"https:\\\/\\\/radioljubuski.ba\\\/?s={search_term_string}\"},\"query-input\":{\"@type\":\"PropertyValueSpecification\",\"valueRequired\":true,\"valueName\":\"search_term_string\"}}],\"inLanguage\":\"hr\"},{\"@type\":\"Organization\",\"@id\":\"https:\\\/\\\/radioljubuski.ba\\\/#organization\",\"name\":\"Radio Ljubu\u0161ki\",\"url\":\"https:\\\/\\\/radioljubuski.ba\\\/\",\"logo\":{\"@type\":\"ImageObject\",\"inLanguage\":\"hr\",\"@id\":\"https:\\\/\\\/radioljubuski.ba\\\/#\\\/schema\\\/logo\\\/image\\\/\",\"url\":\"https:\\\/\\\/radioljubuski.ba\\\/wp-content\\\/uploads\\\/2021\\\/02\\\/cropped-Radio_Ljubuski_logo1.jpg\",\"contentUrl\":\"https:\\\/\\\/radioljubuski.ba\\\/wp-content\\\/uploads\\\/2021\\\/02\\\/cropped-Radio_Ljubuski_logo1.jpg\",\"width\":512,\"height\":512,\"caption\":\"Radio Ljubu\u0161ki\"},\"image\":{\"@id\":\"https:\\\/\\\/radioljubuski.ba\\\/#\\\/schema\\\/logo\\\/image\\\/\"},\"sameAs\":[\"https:\\\/\\\/www.facebook.com\\\/Radiio-Ljubuski-1490835324566332\",\"https:\\\/\\\/x.com\\\/radioljubuski\",\"https:\\\/\\\/hr.linkedin.com\\\/company\\\/radio-ljubuski\",\"https:\\\/\\\/www.youtube.com\\\/channel\\\/UCHYaeO_n0Db3tjNGudGpXyw\"]},{\"@type\":\"Person\",\"@id\":\"https:\\\/\\\/radioljubuski.ba\\\/#\\\/schema\\\/person\\\/19fc700381a780f69665d7956c469e3b\",\"name\":\"Radio Ljubu\u0161ki\"}]}<\/script>\n<!-- \/ Yoast SEO plugin. -->","yoast_head_json":{"title":"\u010ce\u0161ka: Gradi se najdu\u017ei pje\u0161a\u010dki vise\u0107i most na svijetu - RADIO LJUBU\u0160KI","robots":{"index":"index","follow":"follow","max-snippet":"max-snippet:-1","max-image-preview":"max-image-preview:large","max-video-preview":"max-video-preview:-1"},"canonical":"https:\/\/radioljubuski.ba\/index.php\/2022\/04\/18\/ceska-gradi-se-najduzi-pjesacki-viseci-most-na-svijetu\/","og_locale":"hr_HR","og_type":"article","og_title":"\u010ce\u0161ka: Gradi se najdu\u017ei pje\u0161a\u010dki vise\u0107i most na svijetu - RADIO LJUBU\u0160KI","og_description":"Rekordno dug vise\u0107i most trebao bi se otvoriti na sjeveroistoku \u010ce\u0161ke u svibnju, koji \u0107e planinarima omogu\u0107iti pre\u010dac kroz oblake uz zadivljuju\u0107i pogled izme\u0111u vrhova planine Kralicky Sne\u017enik. Prema \u010de\u0161kim turisti\u010dkim du\u017enosnicima, Skybridge 721 bit \u0107e najdu\u017ei vise\u0107i most na svijetu, koji se prote\u017ee 721 metar izme\u0111u dva planinska grebena. Smje\u0161ten je u blizini ljetovali\u0161ta [&hellip;]","og_url":"https:\/\/radioljubuski.ba\/index.php\/2022\/04\/18\/ceska-gradi-se-najduzi-pjesacki-viseci-most-na-svijetu\/","og_site_name":"RADIO LJUBU\u0160KI","article_publisher":"https:\/\/www.facebook.com\/Radiio-Ljubuski-1490835324566332","article_published_time":"2022-04-18T11:41:05+00:00","og_image":[{"width":1000,"height":625,"url":"https:\/\/radioljubuski.ba\/wp-content\/uploads\/2022\/04\/8-2022-04-18-10-32-27-PJESACKI-MOST.jpg","type":"image\/jpeg"}],"author":"Radio Ljubu\u0161ki","twitter_card":"summary_large_image","twitter_creator":"@radioljubuski","twitter_site":"@radioljubuski","twitter_misc":{"Napisao\/la":"Radio Ljubu\u0161ki","Procijenjeno vrijeme \u010ditanja":"1 minuta"},"schema":{"@context":"https:\/\/schema.org","@graph":[{"@type":"Article","@id":"https:\/\/radioljubuski.ba\/index.php\/2022\/04\/18\/ceska-gradi-se-najduzi-pjesacki-viseci-most-na-svijetu\/#article","isPartOf":{"@id":"https:\/\/radioljubuski.ba\/index.php\/2022\/04\/18\/ceska-gradi-se-najduzi-pjesacki-viseci-most-na-svijetu\/"},"author":{"name":"Radio Ljubu\u0161ki","@id":"https:\/\/radioljubuski.ba\/#\/schema\/person\/19fc700381a780f69665d7956c469e3b"},"headline":"\u010ce\u0161ka: Gradi se najdu\u017ei pje\u0161a\u010dki vise\u0107i most na svijetu","datePublished":"2022-04-18T11:41:05+00:00","mainEntityOfPage":{"@id":"https:\/\/radioljubuski.ba\/index.php\/2022\/04\/18\/ceska-gradi-se-najduzi-pjesacki-viseci-most-na-svijetu\/"},"wordCount":146,"publisher":{"@id":"https:\/\/radioljubuski.ba\/#organization"},"image":{"@id":"https:\/\/radioljubuski.ba\/index.php\/2022\/04\/18\/ceska-gradi-se-najduzi-pjesacki-viseci-most-na-svijetu\/#primaryimage"},"thumbnailUrl":"https:\/\/radioljubuski.ba\/wp-content\/uploads\/2022\/04\/8-2022-04-18-10-32-27-PJESACKI-MOST.jpg","articleSection":["BIH i regija"],"inLanguage":"hr"},{"@type":"WebPage","@id":"https:\/\/radioljubuski.ba\/index.php\/2022\/04\/18\/ceska-gradi-se-najduzi-pjesacki-viseci-most-na-svijetu\/","url":"https:\/\/radioljubuski.ba\/index.php\/2022\/04\/18\/ceska-gradi-se-najduzi-pjesacki-viseci-most-na-svijetu\/","name":"\u010ce\u0161ka: Gradi se najdu\u017ei pje\u0161a\u010dki vise\u0107i most na svijetu - RADIO LJUBU\u0160KI","isPartOf":{"@id":"https:\/\/radioljubuski.ba\/#website"},"primaryImageOfPage":{"@id":"https:\/\/radioljubuski.ba\/index.php\/2022\/04\/18\/ceska-gradi-se-najduzi-pjesacki-viseci-most-na-svijetu\/#primaryimage"},"image":{"@id":"https:\/\/radioljubuski.ba\/index.php\/2022\/04\/18\/ceska-gradi-se-najduzi-pjesacki-viseci-most-na-svijetu\/#primaryimage"},"thumbnailUrl":"https:\/\/radioljubuski.ba\/wp-content\/uploads\/2022\/04\/8-2022-04-18-10-32-27-PJESACKI-MOST.jpg","datePublished":"2022-04-18T11:41:05+00:00","breadcrumb":{"@id":"https:\/\/radioljubuski.ba\/index.php\/2022\/04\/18\/ceska-gradi-se-najduzi-pjesacki-viseci-most-na-svijetu\/#breadcrumb"},"inLanguage":"hr","potentialAction":[{"@type":"ReadAction","target":["https:\/\/radioljubuski.ba\/index.php\/2022\/04\/18\/ceska-gradi-se-najduzi-pjesacki-viseci-most-na-svijetu\/"]}]},{"@type":"ImageObject","inLanguage":"hr","@id":"https:\/\/radioljubuski.ba\/index.php\/2022\/04\/18\/ceska-gradi-se-najduzi-pjesacki-viseci-most-na-svijetu\/#primaryimage","url":"https:\/\/radioljubuski.ba\/wp-content\/uploads\/2022\/04\/8-2022-04-18-10-32-27-PJESACKI-MOST.jpg","contentUrl":"https:\/\/radioljubuski.ba\/wp-content\/uploads\/2022\/04\/8-2022-04-18-10-32-27-PJESACKI-MOST.jpg","width":1000,"height":625},{"@type":"BreadcrumbList","@id":"https:\/\/radioljubuski.ba\/index.php\/2022\/04\/18\/ceska-gradi-se-najduzi-pjesacki-viseci-most-na-svijetu\/#breadcrumb","itemListElement":[{"@type":"ListItem","position":1,"name":"Po\u010detna stranica","item":"https:\/\/radioljubuski.ba\/"},{"@type":"ListItem","position":2,"name":"\u010ce\u0161ka: Gradi se najdu\u017ei pje\u0161a\u010dki vise\u0107i most na svijetu"}]},{"@type":"WebSite","@id":"https:\/\/radioljubuski.ba\/#website","url":"https:\/\/radioljubuski.ba\/","name":"Radio Ljubu\u0161ki","description":"Sun\u010dana frekvencija Hercegovine","publisher":{"@id":"https:\/\/radioljubuski.ba\/#organization"},"potentialAction":[{"@type":"SearchAction","target":{"@type":"EntryPoint","urlTemplate":"https:\/\/radioljubuski.ba\/?s={search_term_string}"},"query-input":{"@type":"PropertyValueSpecification","valueRequired":true,"valueName":"search_term_string"}}],"inLanguage":"hr"},{"@type":"Organization","@id":"https:\/\/radioljubuski.ba\/#organization","name":"Radio Ljubu\u0161ki","url":"https:\/\/radioljubuski.ba\/","logo":{"@type":"ImageObject","inLanguage":"hr","@id":"https:\/\/radioljubuski.ba\/#\/schema\/logo\/image\/","url":"https:\/\/radioljubuski.ba\/wp-content\/uploads\/2021\/02\/cropped-Radio_Ljubuski_logo1.jpg","contentUrl":"https:\/\/radioljubuski.ba\/wp-content\/uploads\/2021\/02\/cropped-Radio_Ljubuski_logo1.jpg","width":512,"height":512,"caption":"Radio Ljubu\u0161ki"},"image":{"@id":"https:\/\/radioljubuski.ba\/#\/schema\/logo\/image\/"},"sameAs":["https:\/\/www.facebook.com\/Radiio-Ljubuski-1490835324566332","https:\/\/x.com\/radioljubuski","https:\/\/hr.linkedin.com\/company\/radio-ljubuski","https:\/\/www.youtube.com\/channel\/UCHYaeO_n0Db3tjNGudGpXyw"]},{"@type":"Person","@id":"https:\/\/radioljubuski.ba\/#\/schema\/person\/19fc700381a780f69665d7956c469e3b","name":"Radio Ljubu\u0161ki"}]}},"_links":{"self":[{"href":"https:\/\/radioljubuski.ba\/index.php\/wp-json\/wp\/v2\/posts\/133586","targetHints":{"allow":["GET"]}}],"collection":[{"href":"https:\/\/radioljubuski.ba\/index.php\/wp-json\/wp\/v2\/posts"}],"about":[{"href":"https:\/\/radioljubuski.ba\/index.php\/wp-json\/wp\/v2\/types\/post"}],"author":[{"embeddable":true,"href":"https:\/\/radioljubuski.ba\/index.php\/wp-json\/wp\/v2\/users\/2"}],"replies":[{"embeddable":true,"href":"https:\/\/radioljubuski.ba\/index.php\/wp-json\/wp\/v2\/comments?post=133586"}],"version-history":[{"count":1,"href":"https:\/\/radioljubuski.ba\/index.php\/wp-json\/wp\/v2\/posts\/133586\/revisions"}],"predecessor-version":[{"id":133588,"href":"https:\/\/radioljubuski.ba\/index.php\/wp-json\/wp\/v2\/posts\/133586\/revisions\/133588"}],"wp:featuredmedia":[{"embeddable":true,"href":"https:\/\/radioljubuski.ba\/index.php\/wp-json\/wp\/v2\/media\/133587"}],"wp:attachment":[{"href":"https:\/\/radioljubuski.ba\/index.php\/wp-json\/wp\/v2\/media?parent=133586"}],"wp:term":[{"taxonomy":"category","embeddable":true,"href":"https:\/\/radioljubuski.ba\/index.php\/wp-json\/wp\/v2\/categories?post=133586"},{"taxonomy":"post_tag","embeddable":true,"href":"https:\/\/radioljubuski.ba\/index.php\/wp-json\/wp\/v2\/tags?post=133586"}],"curies":[{"name":"wp","href":"https:\/\/api.w.org\/{rel}","templated":true}]}}