{"id":133603,"date":"2022-04-18T12:48:38","date_gmt":"2022-04-18T11:48:38","guid":{"rendered":"https:\/\/radioljubuski.ba\/?p=133603"},"modified":"2022-04-18T12:48:39","modified_gmt":"2022-04-18T11:48:39","slug":"odreden-pritvor-muskarcu-koji-je-prijetio-vucicu","status":"publish","type":"post","link":"https:\/\/radioljubuski.ba\/index.php\/2022\/04\/18\/odreden-pritvor-muskarcu-koji-je-prijetio-vucicu\/","title":{"rendered":"Odre\u0111en pritvor mu\u0161karcu koji je prijetio Vu\u010di\u0107u"},"content":{"rendered":"\n<p>Sud u Beogradu odredio je pritvor do 30 dana Beogra\u0111aninu N.S. koji je predsjedniku Republike Srbije Aleksandru Vu\u010di\u0107u uputio prijetnje smr\u0107u na dru\u0161tvenoj mre\u017ei Instagram.<\/p>\n\n\n\n<p>Pritvor mu je odredio sudac za prethodni postupak na prijedlog javnog tu\u017eiteljstva u Beogradu, potvr\u0111eno je Tanjugu.<\/p>\n\n\n\n<p>N.S. je tijekom vikenda saslu\u0161an u tu\u017eiteljstvu, gdje je priznao izvr\u0161enje krivi\u010dnog djela, brane\u0107i se da nije koristio propisanu terapiju.<\/p>\n\n\n\n<p>Tereti se za krivi\u010dno djelo ugro\u017eavanje sigurnosti predsjednika Republike.<\/p>\n\n\n\n<p>On se predstavlja kao biv\u0161i glumac amater i tekstopisac. Objavio je na Instagramu video u kome poziva na smrt predsjednika Srbije Aleksandra Vu\u010di\u0107a.<\/p>\n\n\n\n<p>Izvor:pogled.ba<\/p>\n","protected":false},"excerpt":{"rendered":"<p>Sud u Beogradu odredio je pritvor do 30 dana Beogra\u0111aninu N.S. koji je predsjedniku Republike Srbije Aleksandru Vu\u010di\u0107u uputio prijetnje smr\u0107u na dru\u0161tvenoj mre\u017ei Instagram. Pritvor mu je odredio sudac za prethodni postupak na prijedlog javnog tu\u017eiteljstva u Beogradu, potvr\u0111eno je Tanjugu. N.S. je tijekom vikenda saslu\u0161an u tu\u017eiteljstvu, gdje je priznao izvr\u0161enje krivi\u010dnog djela, [&hellip;]<\/p>\n","protected":false},"author":2,"featured_media":133604,"comment_status":"closed","ping_status":"closed","sticky":false,"template":"","format":"standard","meta":{"h5ap_radio_sources":[],"footnotes":""},"categories":[1],"tags":[],"class_list":["post-133603","post","type-post","status-publish","format-standard","has-post-thumbnail","hentry","category-bihiregija"],"yoast_head":"<!-- This site is optimized with the Yoast SEO plugin v27.5 - https:\/\/yoast.com\/product\/yoast-seo-wordpress\/ -->\n<title>Odre\u0111en pritvor mu\u0161karcu koji je prijetio Vu\u010di\u0107u - RADIO LJUBU\u0160KI<\/title>\n<meta name=\"robots\" content=\"index, follow, max-snippet:-1, max-image-preview:large, max-video-preview:-1\" \/>\n<link rel=\"canonical\" href=\"https:\/\/radioljubuski.ba\/index.php\/2022\/04\/18\/odreden-pritvor-muskarcu-koji-je-prijetio-vucicu\/\" \/>\n<meta property=\"og:locale\" content=\"hr_HR\" \/>\n<meta property=\"og:type\" content=\"article\" \/>\n<meta property=\"og:title\" content=\"Odre\u0111en pritvor mu\u0161karcu koji je prijetio Vu\u010di\u0107u - RADIO LJUBU\u0160KI\" \/>\n<meta property=\"og:description\" content=\"Sud u Beogradu odredio je pritvor do 30 dana Beogra\u0111aninu N.S. koji je predsjedniku Republike Srbije Aleksandru Vu\u010di\u0107u uputio prijetnje smr\u0107u na dru\u0161tvenoj mre\u017ei Instagram. Pritvor mu je odredio sudac za prethodni postupak na prijedlog javnog tu\u017eiteljstva u Beogradu, potvr\u0111eno je Tanjugu. N.S. je tijekom vikenda saslu\u0161an u tu\u017eiteljstvu, gdje je priznao izvr\u0161enje krivi\u010dnog djela, [&hellip;]\" \/>\n<meta property=\"og:url\" content=\"https:\/\/radioljubuski.ba\/index.php\/2022\/04\/18\/odreden-pritvor-muskarcu-koji-je-prijetio-vucicu\/\" \/>\n<meta property=\"og:site_name\" content=\"RADIO LJUBU\u0160KI\" \/>\n<meta property=\"article:publisher\" content=\"https:\/\/www.facebook.com\/Radiio-Ljubuski-1490835324566332\" \/>\n<meta property=\"article:published_time\" content=\"2022-04-18T11:48:38+00:00\" \/>\n<meta property=\"article:modified_time\" content=\"2022-04-18T11:48:39+00:00\" \/>\n<meta property=\"og:image\" content=\"https:\/\/radioljubuski.ba\/wp-content\/uploads\/2022\/04\/5CzfoUFK_zatvor_pritvor_policija_hapsenje.jpg\" \/>\n\t<meta property=\"og:image:width\" content=\"1000\" \/>\n\t<meta property=\"og:image:height\" content=\"625\" \/>\n\t<meta property=\"og:image:type\" content=\"image\/jpeg\" \/>\n<meta name=\"author\" content=\"Radio Ljubu\u0161ki\" \/>\n<meta name=\"twitter:card\" content=\"summary_large_image\" \/>\n<meta name=\"twitter:creator\" content=\"@radioljubuski\" \/>\n<meta name=\"twitter:site\" content=\"@radioljubuski\" \/>\n<meta name=\"twitter:label1\" content=\"Napisao\/la\" \/>\n\t<meta name=\"twitter:data1\" content=\"Radio Ljubu\u0161ki\" \/>\n\t<meta name=\"twitter:label2\" content=\"Procijenjeno vrijeme \u010ditanja\" \/>\n\t<meta name=\"twitter:data2\" content=\"1 minuta\" \/>\n<script type=\"application\/ld+json\" class=\"yoast-schema-graph\">{\"@context\":\"https:\\\/\\\/schema.org\",\"@graph\":[{\"@type\":\"Article\",\"@id\":\"https:\\\/\\\/radioljubuski.ba\\\/index.php\\\/2022\\\/04\\\/18\\\/odreden-pritvor-muskarcu-koji-je-prijetio-vucicu\\\/#article\",\"isPartOf\":{\"@id\":\"https:\\\/\\\/radioljubuski.ba\\\/index.php\\\/2022\\\/04\\\/18\\\/odreden-pritvor-muskarcu-koji-je-prijetio-vucicu\\\/\"},\"author\":{\"name\":\"Radio Ljubu\u0161ki\",\"@id\":\"https:\\\/\\\/radioljubuski.ba\\\/#\\\/schema\\\/person\\\/19fc700381a780f69665d7956c469e3b\"},\"headline\":\"Odre\u0111en pritvor mu\u0161karcu koji je prijetio Vu\u010di\u0107u\",\"datePublished\":\"2022-04-18T11:48:38+00:00\",\"dateModified\":\"2022-04-18T11:48:39+00:00\",\"mainEntityOfPage\":{\"@id\":\"https:\\\/\\\/radioljubuski.ba\\\/index.php\\\/2022\\\/04\\\/18\\\/odreden-pritvor-muskarcu-koji-je-prijetio-vucicu\\\/\"},\"wordCount\":127,\"publisher\":{\"@id\":\"https:\\\/\\\/radioljubuski.ba\\\/#organization\"},\"image\":{\"@id\":\"https:\\\/\\\/radioljubuski.ba\\\/index.php\\\/2022\\\/04\\\/18\\\/odreden-pritvor-muskarcu-koji-je-prijetio-vucicu\\\/#primaryimage\"},\"thumbnailUrl\":\"https:\\\/\\\/radioljubuski.ba\\\/wp-content\\\/uploads\\\/2022\\\/04\\\/5CzfoUFK_zatvor_pritvor_policija_hapsenje.jpg\",\"articleSection\":[\"BIH i regija\"],\"inLanguage\":\"hr\"},{\"@type\":\"WebPage\",\"@id\":\"https:\\\/\\\/radioljubuski.ba\\\/index.php\\\/2022\\\/04\\\/18\\\/odreden-pritvor-muskarcu-koji-je-prijetio-vucicu\\\/\",\"url\":\"https:\\\/\\\/radioljubuski.ba\\\/index.php\\\/2022\\\/04\\\/18\\\/odreden-pritvor-muskarcu-koji-je-prijetio-vucicu\\\/\",\"name\":\"Odre\u0111en pritvor mu\u0161karcu koji je prijetio Vu\u010di\u0107u - RADIO LJUBU\u0160KI\",\"isPartOf\":{\"@id\":\"https:\\\/\\\/radioljubuski.ba\\\/#website\"},\"primaryImageOfPage\":{\"@id\":\"https:\\\/\\\/radioljubuski.ba\\\/index.php\\\/2022\\\/04\\\/18\\\/odreden-pritvor-muskarcu-koji-je-prijetio-vucicu\\\/#primaryimage\"},\"image\":{\"@id\":\"https:\\\/\\\/radioljubuski.ba\\\/index.php\\\/2022\\\/04\\\/18\\\/odreden-pritvor-muskarcu-koji-je-prijetio-vucicu\\\/#primaryimage\"},\"thumbnailUrl\":\"https:\\\/\\\/radioljubuski.ba\\\/wp-content\\\/uploads\\\/2022\\\/04\\\/5CzfoUFK_zatvor_pritvor_policija_hapsenje.jpg\",\"datePublished\":\"2022-04-18T11:48:38+00:00\",\"dateModified\":\"2022-04-18T11:48:39+00:00\",\"breadcrumb\":{\"@id\":\"https:\\\/\\\/radioljubuski.ba\\\/index.php\\\/2022\\\/04\\\/18\\\/odreden-pritvor-muskarcu-koji-je-prijetio-vucicu\\\/#breadcrumb\"},\"inLanguage\":\"hr\",\"potentialAction\":[{\"@type\":\"ReadAction\",\"target\":[\"https:\\\/\\\/radioljubuski.ba\\\/index.php\\\/2022\\\/04\\\/18\\\/odreden-pritvor-muskarcu-koji-je-prijetio-vucicu\\\/\"]}]},{\"@type\":\"ImageObject\",\"inLanguage\":\"hr\",\"@id\":\"https:\\\/\\\/radioljubuski.ba\\\/index.php\\\/2022\\\/04\\\/18\\\/odreden-pritvor-muskarcu-koji-je-prijetio-vucicu\\\/#primaryimage\",\"url\":\"https:\\\/\\\/radioljubuski.ba\\\/wp-content\\\/uploads\\\/2022\\\/04\\\/5CzfoUFK_zatvor_pritvor_policija_hapsenje.jpg\",\"contentUrl\":\"https:\\\/\\\/radioljubuski.ba\\\/wp-content\\\/uploads\\\/2022\\\/04\\\/5CzfoUFK_zatvor_pritvor_policija_hapsenje.jpg\",\"width\":1000,\"height\":625},{\"@type\":\"BreadcrumbList\",\"@id\":\"https:\\\/\\\/radioljubuski.ba\\\/index.php\\\/2022\\\/04\\\/18\\\/odreden-pritvor-muskarcu-koji-je-prijetio-vucicu\\\/#breadcrumb\",\"itemListElement\":[{\"@type\":\"ListItem\",\"position\":1,\"name\":\"Po\u010detna stranica\",\"item\":\"https:\\\/\\\/radioljubuski.ba\\\/\"},{\"@type\":\"ListItem\",\"position\":2,\"name\":\"Odre\u0111en pritvor mu\u0161karcu koji je prijetio Vu\u010di\u0107u\"}]},{\"@type\":\"WebSite\",\"@id\":\"https:\\\/\\\/radioljubuski.ba\\\/#website\",\"url\":\"https:\\\/\\\/radioljubuski.ba\\\/\",\"name\":\"Radio Ljubu\u0161ki\",\"description\":\"Sun\u010dana frekvencija Hercegovine\",\"publisher\":{\"@id\":\"https:\\\/\\\/radioljubuski.ba\\\/#organization\"},\"potentialAction\":[{\"@type\":\"SearchAction\",\"target\":{\"@type\":\"EntryPoint\",\"urlTemplate\":\"https:\\\/\\\/radioljubuski.ba\\\/?s={search_term_string}\"},\"query-input\":{\"@type\":\"PropertyValueSpecification\",\"valueRequired\":true,\"valueName\":\"search_term_string\"}}],\"inLanguage\":\"hr\"},{\"@type\":\"Organization\",\"@id\":\"https:\\\/\\\/radioljubuski.ba\\\/#organization\",\"name\":\"Radio Ljubu\u0161ki\",\"url\":\"https:\\\/\\\/radioljubuski.ba\\\/\",\"logo\":{\"@type\":\"ImageObject\",\"inLanguage\":\"hr\",\"@id\":\"https:\\\/\\\/radioljubuski.ba\\\/#\\\/schema\\\/logo\\\/image\\\/\",\"url\":\"https:\\\/\\\/radioljubuski.ba\\\/wp-content\\\/uploads\\\/2021\\\/02\\\/cropped-Radio_Ljubuski_logo1.jpg\",\"contentUrl\":\"https:\\\/\\\/radioljubuski.ba\\\/wp-content\\\/uploads\\\/2021\\\/02\\\/cropped-Radio_Ljubuski_logo1.jpg\",\"width\":512,\"height\":512,\"caption\":\"Radio Ljubu\u0161ki\"},\"image\":{\"@id\":\"https:\\\/\\\/radioljubuski.ba\\\/#\\\/schema\\\/logo\\\/image\\\/\"},\"sameAs\":[\"https:\\\/\\\/www.facebook.com\\\/Radiio-Ljubuski-1490835324566332\",\"https:\\\/\\\/x.com\\\/radioljubuski\",\"https:\\\/\\\/hr.linkedin.com\\\/company\\\/radio-ljubuski\",\"https:\\\/\\\/www.youtube.com\\\/channel\\\/UCHYaeO_n0Db3tjNGudGpXyw\"]},{\"@type\":\"Person\",\"@id\":\"https:\\\/\\\/radioljubuski.ba\\\/#\\\/schema\\\/person\\\/19fc700381a780f69665d7956c469e3b\",\"name\":\"Radio Ljubu\u0161ki\"}]}<\/script>\n<!-- \/ Yoast SEO plugin. -->","yoast_head_json":{"title":"Odre\u0111en pritvor mu\u0161karcu koji je prijetio Vu\u010di\u0107u - RADIO LJUBU\u0160KI","robots":{"index":"index","follow":"follow","max-snippet":"max-snippet:-1","max-image-preview":"max-image-preview:large","max-video-preview":"max-video-preview:-1"},"canonical":"https:\/\/radioljubuski.ba\/index.php\/2022\/04\/18\/odreden-pritvor-muskarcu-koji-je-prijetio-vucicu\/","og_locale":"hr_HR","og_type":"article","og_title":"Odre\u0111en pritvor mu\u0161karcu koji je prijetio Vu\u010di\u0107u - RADIO LJUBU\u0160KI","og_description":"Sud u Beogradu odredio je pritvor do 30 dana Beogra\u0111aninu N.S. koji je predsjedniku Republike Srbije Aleksandru Vu\u010di\u0107u uputio prijetnje smr\u0107u na dru\u0161tvenoj mre\u017ei Instagram. Pritvor mu je odredio sudac za prethodni postupak na prijedlog javnog tu\u017eiteljstva u Beogradu, potvr\u0111eno je Tanjugu. N.S. je tijekom vikenda saslu\u0161an u tu\u017eiteljstvu, gdje je priznao izvr\u0161enje krivi\u010dnog djela, [&hellip;]","og_url":"https:\/\/radioljubuski.ba\/index.php\/2022\/04\/18\/odreden-pritvor-muskarcu-koji-je-prijetio-vucicu\/","og_site_name":"RADIO LJUBU\u0160KI","article_publisher":"https:\/\/www.facebook.com\/Radiio-Ljubuski-1490835324566332","article_published_time":"2022-04-18T11:48:38+00:00","article_modified_time":"2022-04-18T11:48:39+00:00","og_image":[{"width":1000,"height":625,"url":"https:\/\/radioljubuski.ba\/wp-content\/uploads\/2022\/04\/5CzfoUFK_zatvor_pritvor_policija_hapsenje.jpg","type":"image\/jpeg"}],"author":"Radio Ljubu\u0161ki","twitter_card":"summary_large_image","twitter_creator":"@radioljubuski","twitter_site":"@radioljubuski","twitter_misc":{"Napisao\/la":"Radio Ljubu\u0161ki","Procijenjeno vrijeme \u010ditanja":"1 minuta"},"schema":{"@context":"https:\/\/schema.org","@graph":[{"@type":"Article","@id":"https:\/\/radioljubuski.ba\/index.php\/2022\/04\/18\/odreden-pritvor-muskarcu-koji-je-prijetio-vucicu\/#article","isPartOf":{"@id":"https:\/\/radioljubuski.ba\/index.php\/2022\/04\/18\/odreden-pritvor-muskarcu-koji-je-prijetio-vucicu\/"},"author":{"name":"Radio Ljubu\u0161ki","@id":"https:\/\/radioljubuski.ba\/#\/schema\/person\/19fc700381a780f69665d7956c469e3b"},"headline":"Odre\u0111en pritvor mu\u0161karcu koji je prijetio Vu\u010di\u0107u","datePublished":"2022-04-18T11:48:38+00:00","dateModified":"2022-04-18T11:48:39+00:00","mainEntityOfPage":{"@id":"https:\/\/radioljubuski.ba\/index.php\/2022\/04\/18\/odreden-pritvor-muskarcu-koji-je-prijetio-vucicu\/"},"wordCount":127,"publisher":{"@id":"https:\/\/radioljubuski.ba\/#organization"},"image":{"@id":"https:\/\/radioljubuski.ba\/index.php\/2022\/04\/18\/odreden-pritvor-muskarcu-koji-je-prijetio-vucicu\/#primaryimage"},"thumbnailUrl":"https:\/\/radioljubuski.ba\/wp-content\/uploads\/2022\/04\/5CzfoUFK_zatvor_pritvor_policija_hapsenje.jpg","articleSection":["BIH i regija"],"inLanguage":"hr"},{"@type":"WebPage","@id":"https:\/\/radioljubuski.ba\/index.php\/2022\/04\/18\/odreden-pritvor-muskarcu-koji-je-prijetio-vucicu\/","url":"https:\/\/radioljubuski.ba\/index.php\/2022\/04\/18\/odreden-pritvor-muskarcu-koji-je-prijetio-vucicu\/","name":"Odre\u0111en pritvor mu\u0161karcu koji je prijetio Vu\u010di\u0107u - RADIO LJUBU\u0160KI","isPartOf":{"@id":"https:\/\/radioljubuski.ba\/#website"},"primaryImageOfPage":{"@id":"https:\/\/radioljubuski.ba\/index.php\/2022\/04\/18\/odreden-pritvor-muskarcu-koji-je-prijetio-vucicu\/#primaryimage"},"image":{"@id":"https:\/\/radioljubuski.ba\/index.php\/2022\/04\/18\/odreden-pritvor-muskarcu-koji-je-prijetio-vucicu\/#primaryimage"},"thumbnailUrl":"https:\/\/radioljubuski.ba\/wp-content\/uploads\/2022\/04\/5CzfoUFK_zatvor_pritvor_policija_hapsenje.jpg","datePublished":"2022-04-18T11:48:38+00:00","dateModified":"2022-04-18T11:48:39+00:00","breadcrumb":{"@id":"https:\/\/radioljubuski.ba\/index.php\/2022\/04\/18\/odreden-pritvor-muskarcu-koji-je-prijetio-vucicu\/#breadcrumb"},"inLanguage":"hr","potentialAction":[{"@type":"ReadAction","target":["https:\/\/radioljubuski.ba\/index.php\/2022\/04\/18\/odreden-pritvor-muskarcu-koji-je-prijetio-vucicu\/"]}]},{"@type":"ImageObject","inLanguage":"hr","@id":"https:\/\/radioljubuski.ba\/index.php\/2022\/04\/18\/odreden-pritvor-muskarcu-koji-je-prijetio-vucicu\/#primaryimage","url":"https:\/\/radioljubuski.ba\/wp-content\/uploads\/2022\/04\/5CzfoUFK_zatvor_pritvor_policija_hapsenje.jpg","contentUrl":"https:\/\/radioljubuski.ba\/wp-content\/uploads\/2022\/04\/5CzfoUFK_zatvor_pritvor_policija_hapsenje.jpg","width":1000,"height":625},{"@type":"BreadcrumbList","@id":"https:\/\/radioljubuski.ba\/index.php\/2022\/04\/18\/odreden-pritvor-muskarcu-koji-je-prijetio-vucicu\/#breadcrumb","itemListElement":[{"@type":"ListItem","position":1,"name":"Po\u010detna stranica","item":"https:\/\/radioljubuski.ba\/"},{"@type":"ListItem","position":2,"name":"Odre\u0111en pritvor mu\u0161karcu koji je prijetio Vu\u010di\u0107u"}]},{"@type":"WebSite","@id":"https:\/\/radioljubuski.ba\/#website","url":"https:\/\/radioljubuski.ba\/","name":"Radio Ljubu\u0161ki","description":"Sun\u010dana frekvencija Hercegovine","publisher":{"@id":"https:\/\/radioljubuski.ba\/#organization"},"potentialAction":[{"@type":"SearchAction","target":{"@type":"EntryPoint","urlTemplate":"https:\/\/radioljubuski.ba\/?s={search_term_string}"},"query-input":{"@type":"PropertyValueSpecification","valueRequired":true,"valueName":"search_term_string"}}],"inLanguage":"hr"},{"@type":"Organization","@id":"https:\/\/radioljubuski.ba\/#organization","name":"Radio Ljubu\u0161ki","url":"https:\/\/radioljubuski.ba\/","logo":{"@type":"ImageObject","inLanguage":"hr","@id":"https:\/\/radioljubuski.ba\/#\/schema\/logo\/image\/","url":"https:\/\/radioljubuski.ba\/wp-content\/uploads\/2021\/02\/cropped-Radio_Ljubuski_logo1.jpg","contentUrl":"https:\/\/radioljubuski.ba\/wp-content\/uploads\/2021\/02\/cropped-Radio_Ljubuski_logo1.jpg","width":512,"height":512,"caption":"Radio Ljubu\u0161ki"},"image":{"@id":"https:\/\/radioljubuski.ba\/#\/schema\/logo\/image\/"},"sameAs":["https:\/\/www.facebook.com\/Radiio-Ljubuski-1490835324566332","https:\/\/x.com\/radioljubuski","https:\/\/hr.linkedin.com\/company\/radio-ljubuski","https:\/\/www.youtube.com\/channel\/UCHYaeO_n0Db3tjNGudGpXyw"]},{"@type":"Person","@id":"https:\/\/radioljubuski.ba\/#\/schema\/person\/19fc700381a780f69665d7956c469e3b","name":"Radio Ljubu\u0161ki"}]}},"_links":{"self":[{"href":"https:\/\/radioljubuski.ba\/index.php\/wp-json\/wp\/v2\/posts\/133603","targetHints":{"allow":["GET"]}}],"collection":[{"href":"https:\/\/radioljubuski.ba\/index.php\/wp-json\/wp\/v2\/posts"}],"about":[{"href":"https:\/\/radioljubuski.ba\/index.php\/wp-json\/wp\/v2\/types\/post"}],"author":[{"embeddable":true,"href":"https:\/\/radioljubuski.ba\/index.php\/wp-json\/wp\/v2\/users\/2"}],"replies":[{"embeddable":true,"href":"https:\/\/radioljubuski.ba\/index.php\/wp-json\/wp\/v2\/comments?post=133603"}],"version-history":[{"count":1,"href":"https:\/\/radioljubuski.ba\/index.php\/wp-json\/wp\/v2\/posts\/133603\/revisions"}],"predecessor-version":[{"id":133605,"href":"https:\/\/radioljubuski.ba\/index.php\/wp-json\/wp\/v2\/posts\/133603\/revisions\/133605"}],"wp:featuredmedia":[{"embeddable":true,"href":"https:\/\/radioljubuski.ba\/index.php\/wp-json\/wp\/v2\/media\/133604"}],"wp:attachment":[{"href":"https:\/\/radioljubuski.ba\/index.php\/wp-json\/wp\/v2\/media?parent=133603"}],"wp:term":[{"taxonomy":"category","embeddable":true,"href":"https:\/\/radioljubuski.ba\/index.php\/wp-json\/wp\/v2\/categories?post=133603"},{"taxonomy":"post_tag","embeddable":true,"href":"https:\/\/radioljubuski.ba\/index.php\/wp-json\/wp\/v2\/tags?post=133603"}],"curies":[{"name":"wp","href":"https:\/\/api.w.org\/{rel}","templated":true}]}}