{"id":133609,"date":"2022-04-18T12:52:17","date_gmt":"2022-04-18T11:52:17","guid":{"rendered":"https:\/\/radioljubuski.ba\/?p=133609"},"modified":"2022-04-18T12:52:19","modified_gmt":"2022-04-18T11:52:19","slug":"uokolo-vozio-lijes-s-krizem-i-natpisom-sudstvo-podrzava-kriminal","status":"publish","type":"post","link":"https:\/\/radioljubuski.ba\/index.php\/2022\/04\/18\/uokolo-vozio-lijes-s-krizem-i-natpisom-sudstvo-podrzava-kriminal\/","title":{"rendered":"Uokolo vozio lijes s kri\u017eem i natpisom \u201dSudstvo podr\u017eava kriminal\u2026!\u201d"},"content":{"rendered":"\n<p>Branko M. (70) morat \u0107e platiti 717 kuna i 6 lipa kazne zbog vrije\u0111anja i omalova\u017eavanja dr\u017eavnih institucija, stoji u prekr\u0161ajnoj presudi Op\u0107inskog suda u Bjelovaru.<\/p>\n\n\n\n<p>Spomenuti je progla\u0161en krivim jer je oko 12.20 sati na parkirali\u0161tu trgova\u010dkog centra KTC vrije\u0111ao i omalova\u017eavao dr\u017eavno tijelo, a to je u\u010dinio tako \u0161to u tovarnom prostoru teretnog automobila marke Mercedes Benz njema\u010dkih registracije montirao metalni nosa\u010d.<\/p>\n\n\n\n<p>Na taj nosa\u010d je zatim postavio metalnu plo\u010du na kojoj je s jedne strane na hrvatskom jeziku, a sa druge strane na njema\u010dkoj jeziku ispisao natpis \u201dSudstvo podr\u017eava kriminal. HR povratnici moraju platiti pravdu ili je \u017eivot ugro\u017een!\u201d.<\/p>\n\n\n\n<p>Vozio i lijes s kri\u017eem<\/p>\n\n\n\n<p>U teretni prostor je postavio i drveni lijes na koji je stavio drveni kri\u017e. Sud mu je presudom sve nabrojene predmete trajno oduzeo.<\/p>\n\n\n\n<p>Kako stoji u presudi, policija je dobila dojavu o doga\u0111aju zbog \u010dega je patrola, iza\u0161la na teren. Vozilo su zatekli na parkirali\u0161tu, a vlasnik se naknadno do\u0161etao iz trgova\u010dkog centra.<\/p>\n\n\n\n<p>Ina\u010de, \u010dovjek je optu\u017een i osu\u0111en po \u010dl 17. Zakona o prekr\u0161ajima protiv javnog reda i mira koji je propisao da onaj tko vrije\u0111a i omalova\u017eava dr\u017eavne organe, odnosno slu\u017ebene osobe u vezi njihove du\u017enosti, bit \u0107e ka\u017enjen nov\u010danom kaznom do 800 kuna ili kaznom zatvora do 30 dana. Kako je pojasnio na sudu, na to se odlu\u010dio jer je revoltiran dugotrajno\u0161\u0107u sudskih postupaka u koje je uklju\u010den, pi\u0161e <a href=\"https:\/\/bjelovar.live\/zaustavila-ga-policija-uokolo-vozio-lijes-s-krizem-i-natpisom-sudstvo-podrzava-kriminal\/?fbclid=IwAR0oGrkzvIVvsIMrKeO9ABERqr81tKUB3Vj1C_dqkWaqGAJnarGgpAOE674\">Bjelovar live<\/a>.<\/p>\n\n\n\n<p>Izvor:pogled.ba<\/p>\n","protected":false},"excerpt":{"rendered":"<p>Branko M. (70) morat \u0107e platiti 717 kuna i 6 lipa kazne zbog vrije\u0111anja i omalova\u017eavanja dr\u017eavnih institucija, stoji u prekr\u0161ajnoj presudi Op\u0107inskog suda u Bjelovaru. Spomenuti je progla\u0161en krivim jer je oko 12.20 sati na parkirali\u0161tu trgova\u010dkog centra KTC vrije\u0111ao i omalova\u017eavao dr\u017eavno tijelo, a to je u\u010dinio tako \u0161to u tovarnom prostoru teretnog [&hellip;]<\/p>\n","protected":false},"author":2,"featured_media":133610,"comment_status":"closed","ping_status":"closed","sticky":false,"template":"","format":"standard","meta":{"h5ap_radio_sources":[],"footnotes":""},"categories":[1],"tags":[],"class_list":["post-133609","post","type-post","status-publish","format-standard","has-post-thumbnail","hentry","category-bihiregija"],"yoast_head":"<!-- This site is optimized with the Yoast SEO plugin v27.5 - https:\/\/yoast.com\/product\/yoast-seo-wordpress\/ -->\n<title>Uokolo vozio lijes s kri\u017eem i natpisom \u201dSudstvo podr\u017eava kriminal\u2026!\u201d - RADIO LJUBU\u0160KI<\/title>\n<meta name=\"robots\" content=\"index, follow, max-snippet:-1, max-image-preview:large, max-video-preview:-1\" \/>\n<link rel=\"canonical\" href=\"https:\/\/radioljubuski.ba\/index.php\/2022\/04\/18\/uokolo-vozio-lijes-s-krizem-i-natpisom-sudstvo-podrzava-kriminal\/\" \/>\n<meta property=\"og:locale\" content=\"hr_HR\" \/>\n<meta property=\"og:type\" content=\"article\" \/>\n<meta property=\"og:title\" content=\"Uokolo vozio lijes s kri\u017eem i natpisom \u201dSudstvo podr\u017eava kriminal\u2026!\u201d - RADIO LJUBU\u0160KI\" \/>\n<meta property=\"og:description\" content=\"Branko M. (70) morat \u0107e platiti 717 kuna i 6 lipa kazne zbog vrije\u0111anja i omalova\u017eavanja dr\u017eavnih institucija, stoji u prekr\u0161ajnoj presudi Op\u0107inskog suda u Bjelovaru. Spomenuti je progla\u0161en krivim jer je oko 12.20 sati na parkirali\u0161tu trgova\u010dkog centra KTC vrije\u0111ao i omalova\u017eavao dr\u017eavno tijelo, a to je u\u010dinio tako \u0161to u tovarnom prostoru teretnog [&hellip;]\" \/>\n<meta property=\"og:url\" content=\"https:\/\/radioljubuski.ba\/index.php\/2022\/04\/18\/uokolo-vozio-lijes-s-krizem-i-natpisom-sudstvo-podrzava-kriminal\/\" \/>\n<meta property=\"og:site_name\" content=\"RADIO LJUBU\u0160KI\" \/>\n<meta property=\"article:publisher\" content=\"https:\/\/www.facebook.com\/Radiio-Ljubuski-1490835324566332\" \/>\n<meta property=\"article:published_time\" content=\"2022-04-18T11:52:17+00:00\" \/>\n<meta property=\"article:modified_time\" content=\"2022-04-18T11:52:19+00:00\" \/>\n<meta property=\"og:image\" content=\"https:\/\/radioljubuski.ba\/wp-content\/uploads\/2022\/04\/policija-akcija-5-web-696x490-1.jpg\" \/>\n\t<meta property=\"og:image:width\" content=\"696\" \/>\n\t<meta property=\"og:image:height\" content=\"490\" \/>\n\t<meta property=\"og:image:type\" content=\"image\/jpeg\" \/>\n<meta name=\"author\" content=\"Radio Ljubu\u0161ki\" \/>\n<meta name=\"twitter:card\" content=\"summary_large_image\" \/>\n<meta name=\"twitter:creator\" content=\"@radioljubuski\" \/>\n<meta name=\"twitter:site\" content=\"@radioljubuski\" \/>\n<meta name=\"twitter:label1\" content=\"Napisao\/la\" \/>\n\t<meta name=\"twitter:data1\" content=\"Radio Ljubu\u0161ki\" \/>\n\t<meta name=\"twitter:label2\" content=\"Procijenjeno vrijeme \u010ditanja\" \/>\n\t<meta name=\"twitter:data2\" content=\"2 minute\" \/>\n<script type=\"application\/ld+json\" class=\"yoast-schema-graph\">{\"@context\":\"https:\\\/\\\/schema.org\",\"@graph\":[{\"@type\":\"Article\",\"@id\":\"https:\\\/\\\/radioljubuski.ba\\\/index.php\\\/2022\\\/04\\\/18\\\/uokolo-vozio-lijes-s-krizem-i-natpisom-sudstvo-podrzava-kriminal\\\/#article\",\"isPartOf\":{\"@id\":\"https:\\\/\\\/radioljubuski.ba\\\/index.php\\\/2022\\\/04\\\/18\\\/uokolo-vozio-lijes-s-krizem-i-natpisom-sudstvo-podrzava-kriminal\\\/\"},\"author\":{\"name\":\"Radio Ljubu\u0161ki\",\"@id\":\"https:\\\/\\\/radioljubuski.ba\\\/#\\\/schema\\\/person\\\/19fc700381a780f69665d7956c469e3b\"},\"headline\":\"Uokolo vozio lijes s kri\u017eem i natpisom \u201dSudstvo podr\u017eava kriminal\u2026!\u201d\",\"datePublished\":\"2022-04-18T11:52:17+00:00\",\"dateModified\":\"2022-04-18T11:52:19+00:00\",\"mainEntityOfPage\":{\"@id\":\"https:\\\/\\\/radioljubuski.ba\\\/index.php\\\/2022\\\/04\\\/18\\\/uokolo-vozio-lijes-s-krizem-i-natpisom-sudstvo-podrzava-kriminal\\\/\"},\"wordCount\":277,\"publisher\":{\"@id\":\"https:\\\/\\\/radioljubuski.ba\\\/#organization\"},\"image\":{\"@id\":\"https:\\\/\\\/radioljubuski.ba\\\/index.php\\\/2022\\\/04\\\/18\\\/uokolo-vozio-lijes-s-krizem-i-natpisom-sudstvo-podrzava-kriminal\\\/#primaryimage\"},\"thumbnailUrl\":\"https:\\\/\\\/radioljubuski.ba\\\/wp-content\\\/uploads\\\/2022\\\/04\\\/policija-akcija-5-web-696x490-1.jpg\",\"articleSection\":[\"BIH i regija\"],\"inLanguage\":\"hr\"},{\"@type\":\"WebPage\",\"@id\":\"https:\\\/\\\/radioljubuski.ba\\\/index.php\\\/2022\\\/04\\\/18\\\/uokolo-vozio-lijes-s-krizem-i-natpisom-sudstvo-podrzava-kriminal\\\/\",\"url\":\"https:\\\/\\\/radioljubuski.ba\\\/index.php\\\/2022\\\/04\\\/18\\\/uokolo-vozio-lijes-s-krizem-i-natpisom-sudstvo-podrzava-kriminal\\\/\",\"name\":\"Uokolo vozio lijes s kri\u017eem i natpisom \u201dSudstvo podr\u017eava kriminal\u2026!\u201d - RADIO LJUBU\u0160KI\",\"isPartOf\":{\"@id\":\"https:\\\/\\\/radioljubuski.ba\\\/#website\"},\"primaryImageOfPage\":{\"@id\":\"https:\\\/\\\/radioljubuski.ba\\\/index.php\\\/2022\\\/04\\\/18\\\/uokolo-vozio-lijes-s-krizem-i-natpisom-sudstvo-podrzava-kriminal\\\/#primaryimage\"},\"image\":{\"@id\":\"https:\\\/\\\/radioljubuski.ba\\\/index.php\\\/2022\\\/04\\\/18\\\/uokolo-vozio-lijes-s-krizem-i-natpisom-sudstvo-podrzava-kriminal\\\/#primaryimage\"},\"thumbnailUrl\":\"https:\\\/\\\/radioljubuski.ba\\\/wp-content\\\/uploads\\\/2022\\\/04\\\/policija-akcija-5-web-696x490-1.jpg\",\"datePublished\":\"2022-04-18T11:52:17+00:00\",\"dateModified\":\"2022-04-18T11:52:19+00:00\",\"breadcrumb\":{\"@id\":\"https:\\\/\\\/radioljubuski.ba\\\/index.php\\\/2022\\\/04\\\/18\\\/uokolo-vozio-lijes-s-krizem-i-natpisom-sudstvo-podrzava-kriminal\\\/#breadcrumb\"},\"inLanguage\":\"hr\",\"potentialAction\":[{\"@type\":\"ReadAction\",\"target\":[\"https:\\\/\\\/radioljubuski.ba\\\/index.php\\\/2022\\\/04\\\/18\\\/uokolo-vozio-lijes-s-krizem-i-natpisom-sudstvo-podrzava-kriminal\\\/\"]}]},{\"@type\":\"ImageObject\",\"inLanguage\":\"hr\",\"@id\":\"https:\\\/\\\/radioljubuski.ba\\\/index.php\\\/2022\\\/04\\\/18\\\/uokolo-vozio-lijes-s-krizem-i-natpisom-sudstvo-podrzava-kriminal\\\/#primaryimage\",\"url\":\"https:\\\/\\\/radioljubuski.ba\\\/wp-content\\\/uploads\\\/2022\\\/04\\\/policija-akcija-5-web-696x490-1.jpg\",\"contentUrl\":\"https:\\\/\\\/radioljubuski.ba\\\/wp-content\\\/uploads\\\/2022\\\/04\\\/policija-akcija-5-web-696x490-1.jpg\",\"width\":696,\"height\":490},{\"@type\":\"BreadcrumbList\",\"@id\":\"https:\\\/\\\/radioljubuski.ba\\\/index.php\\\/2022\\\/04\\\/18\\\/uokolo-vozio-lijes-s-krizem-i-natpisom-sudstvo-podrzava-kriminal\\\/#breadcrumb\",\"itemListElement\":[{\"@type\":\"ListItem\",\"position\":1,\"name\":\"Po\u010detna stranica\",\"item\":\"https:\\\/\\\/radioljubuski.ba\\\/\"},{\"@type\":\"ListItem\",\"position\":2,\"name\":\"Uokolo vozio lijes s kri\u017eem i natpisom \u201dSudstvo podr\u017eava kriminal\u2026!\u201d\"}]},{\"@type\":\"WebSite\",\"@id\":\"https:\\\/\\\/radioljubuski.ba\\\/#website\",\"url\":\"https:\\\/\\\/radioljubuski.ba\\\/\",\"name\":\"Radio Ljubu\u0161ki\",\"description\":\"Sun\u010dana frekvencija Hercegovine\",\"publisher\":{\"@id\":\"https:\\\/\\\/radioljubuski.ba\\\/#organization\"},\"potentialAction\":[{\"@type\":\"SearchAction\",\"target\":{\"@type\":\"EntryPoint\",\"urlTemplate\":\"https:\\\/\\\/radioljubuski.ba\\\/?s={search_term_string}\"},\"query-input\":{\"@type\":\"PropertyValueSpecification\",\"valueRequired\":true,\"valueName\":\"search_term_string\"}}],\"inLanguage\":\"hr\"},{\"@type\":\"Organization\",\"@id\":\"https:\\\/\\\/radioljubuski.ba\\\/#organization\",\"name\":\"Radio Ljubu\u0161ki\",\"url\":\"https:\\\/\\\/radioljubuski.ba\\\/\",\"logo\":{\"@type\":\"ImageObject\",\"inLanguage\":\"hr\",\"@id\":\"https:\\\/\\\/radioljubuski.ba\\\/#\\\/schema\\\/logo\\\/image\\\/\",\"url\":\"https:\\\/\\\/radioljubuski.ba\\\/wp-content\\\/uploads\\\/2021\\\/02\\\/cropped-Radio_Ljubuski_logo1.jpg\",\"contentUrl\":\"https:\\\/\\\/radioljubuski.ba\\\/wp-content\\\/uploads\\\/2021\\\/02\\\/cropped-Radio_Ljubuski_logo1.jpg\",\"width\":512,\"height\":512,\"caption\":\"Radio Ljubu\u0161ki\"},\"image\":{\"@id\":\"https:\\\/\\\/radioljubuski.ba\\\/#\\\/schema\\\/logo\\\/image\\\/\"},\"sameAs\":[\"https:\\\/\\\/www.facebook.com\\\/Radiio-Ljubuski-1490835324566332\",\"https:\\\/\\\/x.com\\\/radioljubuski\",\"https:\\\/\\\/hr.linkedin.com\\\/company\\\/radio-ljubuski\",\"https:\\\/\\\/www.youtube.com\\\/channel\\\/UCHYaeO_n0Db3tjNGudGpXyw\"]},{\"@type\":\"Person\",\"@id\":\"https:\\\/\\\/radioljubuski.ba\\\/#\\\/schema\\\/person\\\/19fc700381a780f69665d7956c469e3b\",\"name\":\"Radio Ljubu\u0161ki\"}]}<\/script>\n<!-- \/ Yoast SEO plugin. -->","yoast_head_json":{"title":"Uokolo vozio lijes s kri\u017eem i natpisom \u201dSudstvo podr\u017eava kriminal\u2026!\u201d - RADIO LJUBU\u0160KI","robots":{"index":"index","follow":"follow","max-snippet":"max-snippet:-1","max-image-preview":"max-image-preview:large","max-video-preview":"max-video-preview:-1"},"canonical":"https:\/\/radioljubuski.ba\/index.php\/2022\/04\/18\/uokolo-vozio-lijes-s-krizem-i-natpisom-sudstvo-podrzava-kriminal\/","og_locale":"hr_HR","og_type":"article","og_title":"Uokolo vozio lijes s kri\u017eem i natpisom \u201dSudstvo podr\u017eava kriminal\u2026!\u201d - RADIO LJUBU\u0160KI","og_description":"Branko M. (70) morat \u0107e platiti 717 kuna i 6 lipa kazne zbog vrije\u0111anja i omalova\u017eavanja dr\u017eavnih institucija, stoji u prekr\u0161ajnoj presudi Op\u0107inskog suda u Bjelovaru. Spomenuti je progla\u0161en krivim jer je oko 12.20 sati na parkirali\u0161tu trgova\u010dkog centra KTC vrije\u0111ao i omalova\u017eavao dr\u017eavno tijelo, a to je u\u010dinio tako \u0161to u tovarnom prostoru teretnog [&hellip;]","og_url":"https:\/\/radioljubuski.ba\/index.php\/2022\/04\/18\/uokolo-vozio-lijes-s-krizem-i-natpisom-sudstvo-podrzava-kriminal\/","og_site_name":"RADIO LJUBU\u0160KI","article_publisher":"https:\/\/www.facebook.com\/Radiio-Ljubuski-1490835324566332","article_published_time":"2022-04-18T11:52:17+00:00","article_modified_time":"2022-04-18T11:52:19+00:00","og_image":[{"width":696,"height":490,"url":"https:\/\/radioljubuski.ba\/wp-content\/uploads\/2022\/04\/policija-akcija-5-web-696x490-1.jpg","type":"image\/jpeg"}],"author":"Radio Ljubu\u0161ki","twitter_card":"summary_large_image","twitter_creator":"@radioljubuski","twitter_site":"@radioljubuski","twitter_misc":{"Napisao\/la":"Radio Ljubu\u0161ki","Procijenjeno vrijeme \u010ditanja":"2 minute"},"schema":{"@context":"https:\/\/schema.org","@graph":[{"@type":"Article","@id":"https:\/\/radioljubuski.ba\/index.php\/2022\/04\/18\/uokolo-vozio-lijes-s-krizem-i-natpisom-sudstvo-podrzava-kriminal\/#article","isPartOf":{"@id":"https:\/\/radioljubuski.ba\/index.php\/2022\/04\/18\/uokolo-vozio-lijes-s-krizem-i-natpisom-sudstvo-podrzava-kriminal\/"},"author":{"name":"Radio Ljubu\u0161ki","@id":"https:\/\/radioljubuski.ba\/#\/schema\/person\/19fc700381a780f69665d7956c469e3b"},"headline":"Uokolo vozio lijes s kri\u017eem i natpisom \u201dSudstvo podr\u017eava kriminal\u2026!\u201d","datePublished":"2022-04-18T11:52:17+00:00","dateModified":"2022-04-18T11:52:19+00:00","mainEntityOfPage":{"@id":"https:\/\/radioljubuski.ba\/index.php\/2022\/04\/18\/uokolo-vozio-lijes-s-krizem-i-natpisom-sudstvo-podrzava-kriminal\/"},"wordCount":277,"publisher":{"@id":"https:\/\/radioljubuski.ba\/#organization"},"image":{"@id":"https:\/\/radioljubuski.ba\/index.php\/2022\/04\/18\/uokolo-vozio-lijes-s-krizem-i-natpisom-sudstvo-podrzava-kriminal\/#primaryimage"},"thumbnailUrl":"https:\/\/radioljubuski.ba\/wp-content\/uploads\/2022\/04\/policija-akcija-5-web-696x490-1.jpg","articleSection":["BIH i regija"],"inLanguage":"hr"},{"@type":"WebPage","@id":"https:\/\/radioljubuski.ba\/index.php\/2022\/04\/18\/uokolo-vozio-lijes-s-krizem-i-natpisom-sudstvo-podrzava-kriminal\/","url":"https:\/\/radioljubuski.ba\/index.php\/2022\/04\/18\/uokolo-vozio-lijes-s-krizem-i-natpisom-sudstvo-podrzava-kriminal\/","name":"Uokolo vozio lijes s kri\u017eem i natpisom \u201dSudstvo podr\u017eava kriminal\u2026!\u201d - RADIO LJUBU\u0160KI","isPartOf":{"@id":"https:\/\/radioljubuski.ba\/#website"},"primaryImageOfPage":{"@id":"https:\/\/radioljubuski.ba\/index.php\/2022\/04\/18\/uokolo-vozio-lijes-s-krizem-i-natpisom-sudstvo-podrzava-kriminal\/#primaryimage"},"image":{"@id":"https:\/\/radioljubuski.ba\/index.php\/2022\/04\/18\/uokolo-vozio-lijes-s-krizem-i-natpisom-sudstvo-podrzava-kriminal\/#primaryimage"},"thumbnailUrl":"https:\/\/radioljubuski.ba\/wp-content\/uploads\/2022\/04\/policija-akcija-5-web-696x490-1.jpg","datePublished":"2022-04-18T11:52:17+00:00","dateModified":"2022-04-18T11:52:19+00:00","breadcrumb":{"@id":"https:\/\/radioljubuski.ba\/index.php\/2022\/04\/18\/uokolo-vozio-lijes-s-krizem-i-natpisom-sudstvo-podrzava-kriminal\/#breadcrumb"},"inLanguage":"hr","potentialAction":[{"@type":"ReadAction","target":["https:\/\/radioljubuski.ba\/index.php\/2022\/04\/18\/uokolo-vozio-lijes-s-krizem-i-natpisom-sudstvo-podrzava-kriminal\/"]}]},{"@type":"ImageObject","inLanguage":"hr","@id":"https:\/\/radioljubuski.ba\/index.php\/2022\/04\/18\/uokolo-vozio-lijes-s-krizem-i-natpisom-sudstvo-podrzava-kriminal\/#primaryimage","url":"https:\/\/radioljubuski.ba\/wp-content\/uploads\/2022\/04\/policija-akcija-5-web-696x490-1.jpg","contentUrl":"https:\/\/radioljubuski.ba\/wp-content\/uploads\/2022\/04\/policija-akcija-5-web-696x490-1.jpg","width":696,"height":490},{"@type":"BreadcrumbList","@id":"https:\/\/radioljubuski.ba\/index.php\/2022\/04\/18\/uokolo-vozio-lijes-s-krizem-i-natpisom-sudstvo-podrzava-kriminal\/#breadcrumb","itemListElement":[{"@type":"ListItem","position":1,"name":"Po\u010detna stranica","item":"https:\/\/radioljubuski.ba\/"},{"@type":"ListItem","position":2,"name":"Uokolo vozio lijes s kri\u017eem i natpisom \u201dSudstvo podr\u017eava kriminal\u2026!\u201d"}]},{"@type":"WebSite","@id":"https:\/\/radioljubuski.ba\/#website","url":"https:\/\/radioljubuski.ba\/","name":"Radio Ljubu\u0161ki","description":"Sun\u010dana frekvencija Hercegovine","publisher":{"@id":"https:\/\/radioljubuski.ba\/#organization"},"potentialAction":[{"@type":"SearchAction","target":{"@type":"EntryPoint","urlTemplate":"https:\/\/radioljubuski.ba\/?s={search_term_string}"},"query-input":{"@type":"PropertyValueSpecification","valueRequired":true,"valueName":"search_term_string"}}],"inLanguage":"hr"},{"@type":"Organization","@id":"https:\/\/radioljubuski.ba\/#organization","name":"Radio Ljubu\u0161ki","url":"https:\/\/radioljubuski.ba\/","logo":{"@type":"ImageObject","inLanguage":"hr","@id":"https:\/\/radioljubuski.ba\/#\/schema\/logo\/image\/","url":"https:\/\/radioljubuski.ba\/wp-content\/uploads\/2021\/02\/cropped-Radio_Ljubuski_logo1.jpg","contentUrl":"https:\/\/radioljubuski.ba\/wp-content\/uploads\/2021\/02\/cropped-Radio_Ljubuski_logo1.jpg","width":512,"height":512,"caption":"Radio Ljubu\u0161ki"},"image":{"@id":"https:\/\/radioljubuski.ba\/#\/schema\/logo\/image\/"},"sameAs":["https:\/\/www.facebook.com\/Radiio-Ljubuski-1490835324566332","https:\/\/x.com\/radioljubuski","https:\/\/hr.linkedin.com\/company\/radio-ljubuski","https:\/\/www.youtube.com\/channel\/UCHYaeO_n0Db3tjNGudGpXyw"]},{"@type":"Person","@id":"https:\/\/radioljubuski.ba\/#\/schema\/person\/19fc700381a780f69665d7956c469e3b","name":"Radio Ljubu\u0161ki"}]}},"_links":{"self":[{"href":"https:\/\/radioljubuski.ba\/index.php\/wp-json\/wp\/v2\/posts\/133609","targetHints":{"allow":["GET"]}}],"collection":[{"href":"https:\/\/radioljubuski.ba\/index.php\/wp-json\/wp\/v2\/posts"}],"about":[{"href":"https:\/\/radioljubuski.ba\/index.php\/wp-json\/wp\/v2\/types\/post"}],"author":[{"embeddable":true,"href":"https:\/\/radioljubuski.ba\/index.php\/wp-json\/wp\/v2\/users\/2"}],"replies":[{"embeddable":true,"href":"https:\/\/radioljubuski.ba\/index.php\/wp-json\/wp\/v2\/comments?post=133609"}],"version-history":[{"count":1,"href":"https:\/\/radioljubuski.ba\/index.php\/wp-json\/wp\/v2\/posts\/133609\/revisions"}],"predecessor-version":[{"id":133611,"href":"https:\/\/radioljubuski.ba\/index.php\/wp-json\/wp\/v2\/posts\/133609\/revisions\/133611"}],"wp:featuredmedia":[{"embeddable":true,"href":"https:\/\/radioljubuski.ba\/index.php\/wp-json\/wp\/v2\/media\/133610"}],"wp:attachment":[{"href":"https:\/\/radioljubuski.ba\/index.php\/wp-json\/wp\/v2\/media?parent=133609"}],"wp:term":[{"taxonomy":"category","embeddable":true,"href":"https:\/\/radioljubuski.ba\/index.php\/wp-json\/wp\/v2\/categories?post=133609"},{"taxonomy":"post_tag","embeddable":true,"href":"https:\/\/radioljubuski.ba\/index.php\/wp-json\/wp\/v2\/tags?post=133609"}],"curies":[{"name":"wp","href":"https:\/\/api.w.org\/{rel}","templated":true}]}}