{"id":133617,"date":"2022-04-18T12:56:08","date_gmt":"2022-04-18T11:56:08","guid":{"rendered":"https:\/\/radioljubuski.ba\/?p=133617"},"modified":"2022-04-18T12:56:10","modified_gmt":"2022-04-18T11:56:10","slug":"dodik-povlaci-rucnu-nasa-procjena-je-da-s-nekim-pitanjima-treba-malo-sacekati","status":"publish","type":"post","link":"https:\/\/radioljubuski.ba\/index.php\/2022\/04\/18\/dodik-povlaci-rucnu-nasa-procjena-je-da-s-nekim-pitanjima-treba-malo-sacekati\/","title":{"rendered":"Dodik \u201cpovla\u010di ru\u010dnu\u201d: Na\u0161a procjena je da s nekim pitanjima treba malo sa\u010dekati"},"content":{"rendered":"\n<p>Milorad Dodik, lider SNSD-a u intervjuu za beogradski list &#8220;Politika&#8221; govorio je i o potezima koji su se ranije najavljivali u Narodnoj skup\u0161tini RS, a to su vra\u0107anje nadle\u017enosti s nivoa Bosne i Hercegovine na nivo entiteta RS.<\/p>\n\n\n\n<p>Kako je Dodik objasnio za ovaj list da je situacija u Ukrajini mnogo toga promijenila i sada su stvari mnogo druga\u010dije i da se s pojedinim pitanjima treba malo sa\u010dekati.<\/p>\n\n\n\n<p>\u201cNjema\u010dka tra\u017ei da poni\u0161timo zaklju\u010dke koje smo o tome donijeli, a odnose se na suspendiranje ingerencija BiH kao \u0161to su vojska, indirektni porezi jer znaju da je postojanje tog dokumenta za nas obaveza, koju \u0107emo mi sprovesti. Logika nala\u017ee da zbog novih okolnosti te poslove prolongiramo za jo\u0161 \u0161est mjeseci. Ne juri\u0161amo nigdje, ali mogu da ka\u017eem da su svi dokumenti ura\u0111eni i spremni. \u010ceka se procedura, ali trenutak za to \u0107emo mi da odredimo. Zbog konstelacije odnosa bilo bi glupo da nekome bodemo o\u010di. Okolnosti za na\u0161u borbu bile su povoljnije do ove situacije u svijetu. Oni sada ubrzavaju pri\u010du protiv RS, ra\u010dunaju\u0107i da su za vrijeme sukoba u Ukrajini za njih veoma povoljne okolnosti. Na\u0161a procjena je da s nekim pitanjima treba malo sa\u010dekati, mada nas zbog toga prozivaju oni koji nisu smjeli ni sudjelovati u dono\u0161enju djelomi\u010dno sprovedenih zaklju\u010daka\u201d, kazao je Dodik za Politiku.<\/p>\n\n\n\n<p>Izvor:N1<\/p>\n","protected":false},"excerpt":{"rendered":"<p>Milorad Dodik, lider SNSD-a u intervjuu za beogradski list &#8220;Politika&#8221; govorio je i o potezima koji su se ranije najavljivali u Narodnoj skup\u0161tini RS, a to su vra\u0107anje nadle\u017enosti s nivoa Bosne i Hercegovine na nivo entiteta RS. Kako je Dodik objasnio za ovaj list da je situacija u Ukrajini mnogo toga promijenila i sada [&hellip;]<\/p>\n","protected":false},"author":2,"featured_media":119355,"comment_status":"closed","ping_status":"closed","sticky":false,"template":"","format":"standard","meta":{"h5ap_radio_sources":[],"footnotes":""},"categories":[1],"tags":[],"class_list":["post-133617","post","type-post","status-publish","format-standard","has-post-thumbnail","hentry","category-bihiregija"],"yoast_head":"<!-- This site is optimized with the Yoast SEO plugin v27.5 - https:\/\/yoast.com\/product\/yoast-seo-wordpress\/ -->\n<title>Dodik \u201cpovla\u010di ru\u010dnu\u201d: Na\u0161a procjena je da s nekim pitanjima treba malo sa\u010dekati - RADIO LJUBU\u0160KI<\/title>\n<meta name=\"robots\" content=\"index, follow, max-snippet:-1, max-image-preview:large, max-video-preview:-1\" \/>\n<link rel=\"canonical\" href=\"https:\/\/radioljubuski.ba\/index.php\/2022\/04\/18\/dodik-povlaci-rucnu-nasa-procjena-je-da-s-nekim-pitanjima-treba-malo-sacekati\/\" \/>\n<meta property=\"og:locale\" content=\"hr_HR\" \/>\n<meta property=\"og:type\" content=\"article\" \/>\n<meta property=\"og:title\" content=\"Dodik \u201cpovla\u010di ru\u010dnu\u201d: Na\u0161a procjena je da s nekim pitanjima treba malo sa\u010dekati - RADIO LJUBU\u0160KI\" \/>\n<meta property=\"og:description\" content=\"Milorad Dodik, lider SNSD-a u intervjuu za beogradski list &#8220;Politika&#8221; govorio je i o potezima koji su se ranije najavljivali u Narodnoj skup\u0161tini RS, a to su vra\u0107anje nadle\u017enosti s nivoa Bosne i Hercegovine na nivo entiteta RS. Kako je Dodik objasnio za ovaj list da je situacija u Ukrajini mnogo toga promijenila i sada [&hellip;]\" \/>\n<meta property=\"og:url\" content=\"https:\/\/radioljubuski.ba\/index.php\/2022\/04\/18\/dodik-povlaci-rucnu-nasa-procjena-je-da-s-nekim-pitanjima-treba-malo-sacekati\/\" \/>\n<meta property=\"og:site_name\" content=\"RADIO LJUBU\u0160KI\" \/>\n<meta property=\"article:publisher\" content=\"https:\/\/www.facebook.com\/Radiio-Ljubuski-1490835324566332\" \/>\n<meta property=\"article:published_time\" content=\"2022-04-18T11:56:08+00:00\" \/>\n<meta property=\"article:modified_time\" content=\"2022-04-18T11:56:10+00:00\" \/>\n<meta property=\"og:image\" content=\"https:\/\/radioljubuski.ba\/wp-content\/uploads\/2022\/03\/dodik-1.jpg\" \/>\n\t<meta property=\"og:image:width\" content=\"750\" \/>\n\t<meta property=\"og:image:height\" content=\"465\" \/>\n\t<meta property=\"og:image:type\" content=\"image\/jpeg\" \/>\n<meta name=\"author\" content=\"Radio Ljubu\u0161ki\" \/>\n<meta name=\"twitter:card\" content=\"summary_large_image\" \/>\n<meta name=\"twitter:creator\" content=\"@radioljubuski\" \/>\n<meta name=\"twitter:site\" content=\"@radioljubuski\" \/>\n<meta name=\"twitter:label1\" content=\"Napisao\/la\" \/>\n\t<meta name=\"twitter:data1\" content=\"Radio Ljubu\u0161ki\" \/>\n\t<meta name=\"twitter:label2\" content=\"Procijenjeno vrijeme \u010ditanja\" \/>\n\t<meta name=\"twitter:data2\" content=\"1 minuta\" \/>\n<script type=\"application\/ld+json\" class=\"yoast-schema-graph\">{\"@context\":\"https:\\\/\\\/schema.org\",\"@graph\":[{\"@type\":\"Article\",\"@id\":\"https:\\\/\\\/radioljubuski.ba\\\/index.php\\\/2022\\\/04\\\/18\\\/dodik-povlaci-rucnu-nasa-procjena-je-da-s-nekim-pitanjima-treba-malo-sacekati\\\/#article\",\"isPartOf\":{\"@id\":\"https:\\\/\\\/radioljubuski.ba\\\/index.php\\\/2022\\\/04\\\/18\\\/dodik-povlaci-rucnu-nasa-procjena-je-da-s-nekim-pitanjima-treba-malo-sacekati\\\/\"},\"author\":{\"name\":\"Radio Ljubu\u0161ki\",\"@id\":\"https:\\\/\\\/radioljubuski.ba\\\/#\\\/schema\\\/person\\\/19fc700381a780f69665d7956c469e3b\"},\"headline\":\"Dodik \u201cpovla\u010di ru\u010dnu\u201d: Na\u0161a procjena je da s nekim pitanjima treba malo sa\u010dekati\",\"datePublished\":\"2022-04-18T11:56:08+00:00\",\"dateModified\":\"2022-04-18T11:56:10+00:00\",\"mainEntityOfPage\":{\"@id\":\"https:\\\/\\\/radioljubuski.ba\\\/index.php\\\/2022\\\/04\\\/18\\\/dodik-povlaci-rucnu-nasa-procjena-je-da-s-nekim-pitanjima-treba-malo-sacekati\\\/\"},\"wordCount\":257,\"publisher\":{\"@id\":\"https:\\\/\\\/radioljubuski.ba\\\/#organization\"},\"image\":{\"@id\":\"https:\\\/\\\/radioljubuski.ba\\\/index.php\\\/2022\\\/04\\\/18\\\/dodik-povlaci-rucnu-nasa-procjena-je-da-s-nekim-pitanjima-treba-malo-sacekati\\\/#primaryimage\"},\"thumbnailUrl\":\"https:\\\/\\\/radioljubuski.ba\\\/wp-content\\\/uploads\\\/2022\\\/03\\\/dodik-1.jpg\",\"articleSection\":[\"BIH i regija\"],\"inLanguage\":\"hr\"},{\"@type\":\"WebPage\",\"@id\":\"https:\\\/\\\/radioljubuski.ba\\\/index.php\\\/2022\\\/04\\\/18\\\/dodik-povlaci-rucnu-nasa-procjena-je-da-s-nekim-pitanjima-treba-malo-sacekati\\\/\",\"url\":\"https:\\\/\\\/radioljubuski.ba\\\/index.php\\\/2022\\\/04\\\/18\\\/dodik-povlaci-rucnu-nasa-procjena-je-da-s-nekim-pitanjima-treba-malo-sacekati\\\/\",\"name\":\"Dodik \u201cpovla\u010di ru\u010dnu\u201d: Na\u0161a procjena je da s nekim pitanjima treba malo sa\u010dekati - RADIO LJUBU\u0160KI\",\"isPartOf\":{\"@id\":\"https:\\\/\\\/radioljubuski.ba\\\/#website\"},\"primaryImageOfPage\":{\"@id\":\"https:\\\/\\\/radioljubuski.ba\\\/index.php\\\/2022\\\/04\\\/18\\\/dodik-povlaci-rucnu-nasa-procjena-je-da-s-nekim-pitanjima-treba-malo-sacekati\\\/#primaryimage\"},\"image\":{\"@id\":\"https:\\\/\\\/radioljubuski.ba\\\/index.php\\\/2022\\\/04\\\/18\\\/dodik-povlaci-rucnu-nasa-procjena-je-da-s-nekim-pitanjima-treba-malo-sacekati\\\/#primaryimage\"},\"thumbnailUrl\":\"https:\\\/\\\/radioljubuski.ba\\\/wp-content\\\/uploads\\\/2022\\\/03\\\/dodik-1.jpg\",\"datePublished\":\"2022-04-18T11:56:08+00:00\",\"dateModified\":\"2022-04-18T11:56:10+00:00\",\"breadcrumb\":{\"@id\":\"https:\\\/\\\/radioljubuski.ba\\\/index.php\\\/2022\\\/04\\\/18\\\/dodik-povlaci-rucnu-nasa-procjena-je-da-s-nekim-pitanjima-treba-malo-sacekati\\\/#breadcrumb\"},\"inLanguage\":\"hr\",\"potentialAction\":[{\"@type\":\"ReadAction\",\"target\":[\"https:\\\/\\\/radioljubuski.ba\\\/index.php\\\/2022\\\/04\\\/18\\\/dodik-povlaci-rucnu-nasa-procjena-je-da-s-nekim-pitanjima-treba-malo-sacekati\\\/\"]}]},{\"@type\":\"ImageObject\",\"inLanguage\":\"hr\",\"@id\":\"https:\\\/\\\/radioljubuski.ba\\\/index.php\\\/2022\\\/04\\\/18\\\/dodik-povlaci-rucnu-nasa-procjena-je-da-s-nekim-pitanjima-treba-malo-sacekati\\\/#primaryimage\",\"url\":\"https:\\\/\\\/radioljubuski.ba\\\/wp-content\\\/uploads\\\/2022\\\/03\\\/dodik-1.jpg\",\"contentUrl\":\"https:\\\/\\\/radioljubuski.ba\\\/wp-content\\\/uploads\\\/2022\\\/03\\\/dodik-1.jpg\",\"width\":750,\"height\":465},{\"@type\":\"BreadcrumbList\",\"@id\":\"https:\\\/\\\/radioljubuski.ba\\\/index.php\\\/2022\\\/04\\\/18\\\/dodik-povlaci-rucnu-nasa-procjena-je-da-s-nekim-pitanjima-treba-malo-sacekati\\\/#breadcrumb\",\"itemListElement\":[{\"@type\":\"ListItem\",\"position\":1,\"name\":\"Po\u010detna stranica\",\"item\":\"https:\\\/\\\/radioljubuski.ba\\\/\"},{\"@type\":\"ListItem\",\"position\":2,\"name\":\"Dodik \u201cpovla\u010di ru\u010dnu\u201d: Na\u0161a procjena je da s nekim pitanjima treba malo sa\u010dekati\"}]},{\"@type\":\"WebSite\",\"@id\":\"https:\\\/\\\/radioljubuski.ba\\\/#website\",\"url\":\"https:\\\/\\\/radioljubuski.ba\\\/\",\"name\":\"Radio Ljubu\u0161ki\",\"description\":\"Sun\u010dana frekvencija Hercegovine\",\"publisher\":{\"@id\":\"https:\\\/\\\/radioljubuski.ba\\\/#organization\"},\"potentialAction\":[{\"@type\":\"SearchAction\",\"target\":{\"@type\":\"EntryPoint\",\"urlTemplate\":\"https:\\\/\\\/radioljubuski.ba\\\/?s={search_term_string}\"},\"query-input\":{\"@type\":\"PropertyValueSpecification\",\"valueRequired\":true,\"valueName\":\"search_term_string\"}}],\"inLanguage\":\"hr\"},{\"@type\":\"Organization\",\"@id\":\"https:\\\/\\\/radioljubuski.ba\\\/#organization\",\"name\":\"Radio Ljubu\u0161ki\",\"url\":\"https:\\\/\\\/radioljubuski.ba\\\/\",\"logo\":{\"@type\":\"ImageObject\",\"inLanguage\":\"hr\",\"@id\":\"https:\\\/\\\/radioljubuski.ba\\\/#\\\/schema\\\/logo\\\/image\\\/\",\"url\":\"https:\\\/\\\/radioljubuski.ba\\\/wp-content\\\/uploads\\\/2021\\\/02\\\/cropped-Radio_Ljubuski_logo1.jpg\",\"contentUrl\":\"https:\\\/\\\/radioljubuski.ba\\\/wp-content\\\/uploads\\\/2021\\\/02\\\/cropped-Radio_Ljubuski_logo1.jpg\",\"width\":512,\"height\":512,\"caption\":\"Radio Ljubu\u0161ki\"},\"image\":{\"@id\":\"https:\\\/\\\/radioljubuski.ba\\\/#\\\/schema\\\/logo\\\/image\\\/\"},\"sameAs\":[\"https:\\\/\\\/www.facebook.com\\\/Radiio-Ljubuski-1490835324566332\",\"https:\\\/\\\/x.com\\\/radioljubuski\",\"https:\\\/\\\/hr.linkedin.com\\\/company\\\/radio-ljubuski\",\"https:\\\/\\\/www.youtube.com\\\/channel\\\/UCHYaeO_n0Db3tjNGudGpXyw\"]},{\"@type\":\"Person\",\"@id\":\"https:\\\/\\\/radioljubuski.ba\\\/#\\\/schema\\\/person\\\/19fc700381a780f69665d7956c469e3b\",\"name\":\"Radio Ljubu\u0161ki\"}]}<\/script>\n<!-- \/ Yoast SEO plugin. -->","yoast_head_json":{"title":"Dodik \u201cpovla\u010di ru\u010dnu\u201d: Na\u0161a procjena je da s nekim pitanjima treba malo sa\u010dekati - RADIO LJUBU\u0160KI","robots":{"index":"index","follow":"follow","max-snippet":"max-snippet:-1","max-image-preview":"max-image-preview:large","max-video-preview":"max-video-preview:-1"},"canonical":"https:\/\/radioljubuski.ba\/index.php\/2022\/04\/18\/dodik-povlaci-rucnu-nasa-procjena-je-da-s-nekim-pitanjima-treba-malo-sacekati\/","og_locale":"hr_HR","og_type":"article","og_title":"Dodik \u201cpovla\u010di ru\u010dnu\u201d: Na\u0161a procjena je da s nekim pitanjima treba malo sa\u010dekati - RADIO LJUBU\u0160KI","og_description":"Milorad Dodik, lider SNSD-a u intervjuu za beogradski list &#8220;Politika&#8221; govorio je i o potezima koji su se ranije najavljivali u Narodnoj skup\u0161tini RS, a to su vra\u0107anje nadle\u017enosti s nivoa Bosne i Hercegovine na nivo entiteta RS. Kako je Dodik objasnio za ovaj list da je situacija u Ukrajini mnogo toga promijenila i sada [&hellip;]","og_url":"https:\/\/radioljubuski.ba\/index.php\/2022\/04\/18\/dodik-povlaci-rucnu-nasa-procjena-je-da-s-nekim-pitanjima-treba-malo-sacekati\/","og_site_name":"RADIO LJUBU\u0160KI","article_publisher":"https:\/\/www.facebook.com\/Radiio-Ljubuski-1490835324566332","article_published_time":"2022-04-18T11:56:08+00:00","article_modified_time":"2022-04-18T11:56:10+00:00","og_image":[{"width":750,"height":465,"url":"https:\/\/radioljubuski.ba\/wp-content\/uploads\/2022\/03\/dodik-1.jpg","type":"image\/jpeg"}],"author":"Radio Ljubu\u0161ki","twitter_card":"summary_large_image","twitter_creator":"@radioljubuski","twitter_site":"@radioljubuski","twitter_misc":{"Napisao\/la":"Radio Ljubu\u0161ki","Procijenjeno vrijeme \u010ditanja":"1 minuta"},"schema":{"@context":"https:\/\/schema.org","@graph":[{"@type":"Article","@id":"https:\/\/radioljubuski.ba\/index.php\/2022\/04\/18\/dodik-povlaci-rucnu-nasa-procjena-je-da-s-nekim-pitanjima-treba-malo-sacekati\/#article","isPartOf":{"@id":"https:\/\/radioljubuski.ba\/index.php\/2022\/04\/18\/dodik-povlaci-rucnu-nasa-procjena-je-da-s-nekim-pitanjima-treba-malo-sacekati\/"},"author":{"name":"Radio Ljubu\u0161ki","@id":"https:\/\/radioljubuski.ba\/#\/schema\/person\/19fc700381a780f69665d7956c469e3b"},"headline":"Dodik \u201cpovla\u010di ru\u010dnu\u201d: Na\u0161a procjena je da s nekim pitanjima treba malo sa\u010dekati","datePublished":"2022-04-18T11:56:08+00:00","dateModified":"2022-04-18T11:56:10+00:00","mainEntityOfPage":{"@id":"https:\/\/radioljubuski.ba\/index.php\/2022\/04\/18\/dodik-povlaci-rucnu-nasa-procjena-je-da-s-nekim-pitanjima-treba-malo-sacekati\/"},"wordCount":257,"publisher":{"@id":"https:\/\/radioljubuski.ba\/#organization"},"image":{"@id":"https:\/\/radioljubuski.ba\/index.php\/2022\/04\/18\/dodik-povlaci-rucnu-nasa-procjena-je-da-s-nekim-pitanjima-treba-malo-sacekati\/#primaryimage"},"thumbnailUrl":"https:\/\/radioljubuski.ba\/wp-content\/uploads\/2022\/03\/dodik-1.jpg","articleSection":["BIH i regija"],"inLanguage":"hr"},{"@type":"WebPage","@id":"https:\/\/radioljubuski.ba\/index.php\/2022\/04\/18\/dodik-povlaci-rucnu-nasa-procjena-je-da-s-nekim-pitanjima-treba-malo-sacekati\/","url":"https:\/\/radioljubuski.ba\/index.php\/2022\/04\/18\/dodik-povlaci-rucnu-nasa-procjena-je-da-s-nekim-pitanjima-treba-malo-sacekati\/","name":"Dodik \u201cpovla\u010di ru\u010dnu\u201d: Na\u0161a procjena je da s nekim pitanjima treba malo sa\u010dekati - RADIO LJUBU\u0160KI","isPartOf":{"@id":"https:\/\/radioljubuski.ba\/#website"},"primaryImageOfPage":{"@id":"https:\/\/radioljubuski.ba\/index.php\/2022\/04\/18\/dodik-povlaci-rucnu-nasa-procjena-je-da-s-nekim-pitanjima-treba-malo-sacekati\/#primaryimage"},"image":{"@id":"https:\/\/radioljubuski.ba\/index.php\/2022\/04\/18\/dodik-povlaci-rucnu-nasa-procjena-je-da-s-nekim-pitanjima-treba-malo-sacekati\/#primaryimage"},"thumbnailUrl":"https:\/\/radioljubuski.ba\/wp-content\/uploads\/2022\/03\/dodik-1.jpg","datePublished":"2022-04-18T11:56:08+00:00","dateModified":"2022-04-18T11:56:10+00:00","breadcrumb":{"@id":"https:\/\/radioljubuski.ba\/index.php\/2022\/04\/18\/dodik-povlaci-rucnu-nasa-procjena-je-da-s-nekim-pitanjima-treba-malo-sacekati\/#breadcrumb"},"inLanguage":"hr","potentialAction":[{"@type":"ReadAction","target":["https:\/\/radioljubuski.ba\/index.php\/2022\/04\/18\/dodik-povlaci-rucnu-nasa-procjena-je-da-s-nekim-pitanjima-treba-malo-sacekati\/"]}]},{"@type":"ImageObject","inLanguage":"hr","@id":"https:\/\/radioljubuski.ba\/index.php\/2022\/04\/18\/dodik-povlaci-rucnu-nasa-procjena-je-da-s-nekim-pitanjima-treba-malo-sacekati\/#primaryimage","url":"https:\/\/radioljubuski.ba\/wp-content\/uploads\/2022\/03\/dodik-1.jpg","contentUrl":"https:\/\/radioljubuski.ba\/wp-content\/uploads\/2022\/03\/dodik-1.jpg","width":750,"height":465},{"@type":"BreadcrumbList","@id":"https:\/\/radioljubuski.ba\/index.php\/2022\/04\/18\/dodik-povlaci-rucnu-nasa-procjena-je-da-s-nekim-pitanjima-treba-malo-sacekati\/#breadcrumb","itemListElement":[{"@type":"ListItem","position":1,"name":"Po\u010detna stranica","item":"https:\/\/radioljubuski.ba\/"},{"@type":"ListItem","position":2,"name":"Dodik \u201cpovla\u010di ru\u010dnu\u201d: Na\u0161a procjena je da s nekim pitanjima treba malo sa\u010dekati"}]},{"@type":"WebSite","@id":"https:\/\/radioljubuski.ba\/#website","url":"https:\/\/radioljubuski.ba\/","name":"Radio Ljubu\u0161ki","description":"Sun\u010dana frekvencija Hercegovine","publisher":{"@id":"https:\/\/radioljubuski.ba\/#organization"},"potentialAction":[{"@type":"SearchAction","target":{"@type":"EntryPoint","urlTemplate":"https:\/\/radioljubuski.ba\/?s={search_term_string}"},"query-input":{"@type":"PropertyValueSpecification","valueRequired":true,"valueName":"search_term_string"}}],"inLanguage":"hr"},{"@type":"Organization","@id":"https:\/\/radioljubuski.ba\/#organization","name":"Radio Ljubu\u0161ki","url":"https:\/\/radioljubuski.ba\/","logo":{"@type":"ImageObject","inLanguage":"hr","@id":"https:\/\/radioljubuski.ba\/#\/schema\/logo\/image\/","url":"https:\/\/radioljubuski.ba\/wp-content\/uploads\/2021\/02\/cropped-Radio_Ljubuski_logo1.jpg","contentUrl":"https:\/\/radioljubuski.ba\/wp-content\/uploads\/2021\/02\/cropped-Radio_Ljubuski_logo1.jpg","width":512,"height":512,"caption":"Radio Ljubu\u0161ki"},"image":{"@id":"https:\/\/radioljubuski.ba\/#\/schema\/logo\/image\/"},"sameAs":["https:\/\/www.facebook.com\/Radiio-Ljubuski-1490835324566332","https:\/\/x.com\/radioljubuski","https:\/\/hr.linkedin.com\/company\/radio-ljubuski","https:\/\/www.youtube.com\/channel\/UCHYaeO_n0Db3tjNGudGpXyw"]},{"@type":"Person","@id":"https:\/\/radioljubuski.ba\/#\/schema\/person\/19fc700381a780f69665d7956c469e3b","name":"Radio Ljubu\u0161ki"}]}},"_links":{"self":[{"href":"https:\/\/radioljubuski.ba\/index.php\/wp-json\/wp\/v2\/posts\/133617","targetHints":{"allow":["GET"]}}],"collection":[{"href":"https:\/\/radioljubuski.ba\/index.php\/wp-json\/wp\/v2\/posts"}],"about":[{"href":"https:\/\/radioljubuski.ba\/index.php\/wp-json\/wp\/v2\/types\/post"}],"author":[{"embeddable":true,"href":"https:\/\/radioljubuski.ba\/index.php\/wp-json\/wp\/v2\/users\/2"}],"replies":[{"embeddable":true,"href":"https:\/\/radioljubuski.ba\/index.php\/wp-json\/wp\/v2\/comments?post=133617"}],"version-history":[{"count":1,"href":"https:\/\/radioljubuski.ba\/index.php\/wp-json\/wp\/v2\/posts\/133617\/revisions"}],"predecessor-version":[{"id":133618,"href":"https:\/\/radioljubuski.ba\/index.php\/wp-json\/wp\/v2\/posts\/133617\/revisions\/133618"}],"wp:featuredmedia":[{"embeddable":true,"href":"https:\/\/radioljubuski.ba\/index.php\/wp-json\/wp\/v2\/media\/119355"}],"wp:attachment":[{"href":"https:\/\/radioljubuski.ba\/index.php\/wp-json\/wp\/v2\/media?parent=133617"}],"wp:term":[{"taxonomy":"category","embeddable":true,"href":"https:\/\/radioljubuski.ba\/index.php\/wp-json\/wp\/v2\/categories?post=133617"},{"taxonomy":"post_tag","embeddable":true,"href":"https:\/\/radioljubuski.ba\/index.php\/wp-json\/wp\/v2\/tags?post=133617"}],"curies":[{"name":"wp","href":"https:\/\/api.w.org\/{rel}","templated":true}]}}