{"id":133624,"date":"2022-04-18T13:00:54","date_gmt":"2022-04-18T12:00:54","guid":{"rendered":"https:\/\/radioljubuski.ba\/?p=133624"},"modified":"2022-04-18T13:00:54","modified_gmt":"2022-04-18T12:00:54","slug":"horvat-lijepo-je-bilo-opet-vidjeti-dvoranu-punu-kockica","status":"publish","type":"post","link":"https:\/\/radioljubuski.ba\/index.php\/2022\/04\/18\/horvat-lijepo-je-bilo-opet-vidjeti-dvoranu-punu-kockica\/","title":{"rendered":"Horvat: Lijepo je bilo opet vidjeti dvoranu punu kockica"},"content":{"rendered":"\n<p>Hrvatski rukometa\u0161i su s 36:22 pobijedili Finsku u Vara\u017edinu, \u010dime su osigurali SP. Izbornik Hrvoje Horvat zadovoljan je prikazanim.<\/p>\n\n\n\n<p>&#8211; Sigurno je da uz ovaj rezultat, siguran plasman na SP, veseli \u010dinjenica da smo igrali pred punom dvoranom ovdje u Vara\u017edinu, da se vra\u0107amo u normalu. Lijepo je opet vidjeti dvoranu punu kockica ovdje u Hrvatskoj, rekao je izbornik.<\/p>\n\n\n\n<p>Bila je ovo dobra prilika nakon &#8220;+13&#8221; od prije tri dana za isprobati nove takti\u010dke varijante&#8230;<\/p>\n\n\n\n<p>&#8211; Imamo jako malo zajedni\u010dkog vremena tokom godine, tako da nam je svaki trening zpravo bitan, svaku ovakvu utakmicu koristimo da bi se pobolj\u0161ali, da bi se unaprijedili. Imali smo neke korekcije, htjeli smo pred doma\u0107om publikom pokazati da smo dobri, da smo koncentrirani, da je to jedna dobra i kvalitetna Hrvatska. Mislim da smo opravdali o\u010dekivanja.<\/p>\n\n\n\n<div style=\"width: 640px;\" class=\"wp-video\"><video class=\"wp-video-shortcode\" id=\"video-133624-1\" width=\"640\" height=\"360\" preload=\"metadata\" controls=\"controls\"><source type=\"video\/mp4\" src=\"https:\/\/api.hrt.hr\/media\/2c\/f8\/1604reprukometzaweb-20220416182322.mp4?_=1\" \/><a href=\"https:\/\/api.hrt.hr\/media\/2c\/f8\/1604reprukometzaweb-20220416182322.mp4\">https:\/\/api.hrt.hr\/media\/2c\/f8\/1604reprukometzaweb-20220416182322.mp4<\/a><\/video><\/div>\n\n\n\n<p>Koga bi od mladih igra\u010da izbornik istaknuo?<\/p>\n\n\n\n<p>&#8211; Kad se odigraju ovakve dvije utakmice ne treba isticati pojedince, rekao bih da su svi opravdali poziv u reprezentaciju, lijepo je bilo vidjeti ovu mladost na terenu.<\/p>\n\n\n\n<p>U listopadu po\u010dinju kvalifikacije za EP, mi smo s Gr\u010dkom, Belgijom i Nizozemskom&#8230;<\/p>\n\n\n\n<p>&#8211; Interesantna i izazovna grupa, reprezentacije s kojima du\u017ee vremena nismo igrali, osim s Nizozemskom. Dobro \u0107emo se pripremiti, imamo vremena cijelo ljeto prikupiti materijale i biti spremni krajem devetog mejseca, kad kre\u0107u prvi ogledi, doma s Gr\u010dkom, pa onda gostujemo u Belgiji, onda nam tek dolazi Nizozemska. Bit \u0107e zanimljivih utakmica.&nbsp;<\/p>\n\n\n\n<p>&#8211; Bili smo motivirani pred ispunjenom dvoranom, bio je zaista gu\u0161t igrati. Dobivao samo dosta lopti koje sam morao realizirati jer se ina\u010de ne bi mogao vratiti u svla\u010dionicu. Pritisak je bio veliki, kazao je <strong>Marino Mari\u0107<\/strong>,&nbsp; koji je sa sedam golova najefikasniji igra\u010d u redovima hrvatske reprezentacije.<\/p>\n\n\n\n<p>&#8211; Zadatak smo odradili na najboljem mogu\u0107em nivou. Vjerujem da ako ostanemo zdravi i uz pravu formu igra\u010da mo\u017eemo napraviti puno. Protiv Finske smo sve dobro odradili, to je preduvjet za SP i za kvalifikacije, dodao je.<\/p>\n\n\n\n<p>Odli\u010dnu predstavu pru\u017eio je i <strong>Matej Mandi\u0107<\/strong> koji je sakupio devet obrana, dok je <strong>Marin \u0160ego<\/strong> imao pet obrana.<\/p>\n\n\n\n<p>&#8211; Od prve do posljednje minute smo bili fokusirani. Kada ekipa igra dobru obranu lak\u0161e je i branit, kazao je Mandi\u0107.<\/p>\n\n\n\n<p>&#8211; Atmosfera je bila sjajna, posebno za nas mla\u0111e, dodao je.<\/p>\n\n\n\n<p>Izvor:hrt.hr<\/p>\n","protected":false},"excerpt":{"rendered":"<p>Hrvatski rukometa\u0161i su s 36:22 pobijedili Finsku u Vara\u017edinu, \u010dime su osigurali SP. Izbornik Hrvoje Horvat zadovoljan je prikazanim. &#8211; Sigurno je da uz ovaj rezultat, siguran plasman na SP, veseli \u010dinjenica da smo igrali pred punom dvoranom ovdje u Vara\u017edinu, da se vra\u0107amo u normalu. Lijepo je opet vidjeti dvoranu punu kockica ovdje u [&hellip;]<\/p>\n","protected":false},"author":2,"featured_media":133625,"comment_status":"closed","ping_status":"closed","sticky":false,"template":"","format":"standard","meta":{"h5ap_radio_sources":[],"footnotes":""},"categories":[7],"tags":[],"class_list":["post-133624","post","type-post","status-publish","format-standard","has-post-thumbnail","hentry","category-sport"],"yoast_head":"<!-- This site is optimized with the Yoast SEO plugin v27.5 - https:\/\/yoast.com\/product\/yoast-seo-wordpress\/ -->\n<title>Horvat: Lijepo je bilo opet vidjeti dvoranu punu kockica - RADIO LJUBU\u0160KI<\/title>\n<meta name=\"robots\" content=\"index, follow, max-snippet:-1, max-image-preview:large, max-video-preview:-1\" \/>\n<link rel=\"canonical\" href=\"https:\/\/radioljubuski.ba\/index.php\/2022\/04\/18\/horvat-lijepo-je-bilo-opet-vidjeti-dvoranu-punu-kockica\/\" \/>\n<meta property=\"og:locale\" content=\"hr_HR\" \/>\n<meta property=\"og:type\" content=\"article\" \/>\n<meta property=\"og:title\" content=\"Horvat: Lijepo je bilo opet vidjeti dvoranu punu kockica - RADIO LJUBU\u0160KI\" \/>\n<meta property=\"og:description\" content=\"Hrvatski rukometa\u0161i su s 36:22 pobijedili Finsku u Vara\u017edinu, \u010dime su osigurali SP. Izbornik Hrvoje Horvat zadovoljan je prikazanim. &#8211; Sigurno je da uz ovaj rezultat, siguran plasman na SP, veseli \u010dinjenica da smo igrali pred punom dvoranom ovdje u Vara\u017edinu, da se vra\u0107amo u normalu. Lijepo je opet vidjeti dvoranu punu kockica ovdje u [&hellip;]\" \/>\n<meta property=\"og:url\" content=\"https:\/\/radioljubuski.ba\/index.php\/2022\/04\/18\/horvat-lijepo-je-bilo-opet-vidjeti-dvoranu-punu-kockica\/\" \/>\n<meta property=\"og:site_name\" content=\"RADIO LJUBU\u0160KI\" \/>\n<meta property=\"article:publisher\" content=\"https:\/\/www.facebook.com\/Radiio-Ljubuski-1490835324566332\" \/>\n<meta property=\"article:published_time\" content=\"2022-04-18T12:00:54+00:00\" \/>\n<meta property=\"og:image\" content=\"https:\/\/radioljubuski.ba\/wp-content\/uploads\/2022\/04\/indeksiraj-4.jpg\" \/>\n\t<meta property=\"og:image:width\" content=\"300\" \/>\n\t<meta property=\"og:image:height\" content=\"168\" \/>\n\t<meta property=\"og:image:type\" content=\"image\/jpeg\" \/>\n<meta name=\"author\" content=\"Radio Ljubu\u0161ki\" \/>\n<meta name=\"twitter:card\" content=\"summary_large_image\" \/>\n<meta name=\"twitter:creator\" content=\"@radioljubuski\" \/>\n<meta name=\"twitter:site\" content=\"@radioljubuski\" \/>\n<meta name=\"twitter:label1\" content=\"Napisao\/la\" \/>\n\t<meta name=\"twitter:data1\" content=\"Radio Ljubu\u0161ki\" \/>\n\t<meta name=\"twitter:label2\" content=\"Procijenjeno vrijeme \u010ditanja\" \/>\n\t<meta name=\"twitter:data2\" content=\"2 minute\" \/>\n<script type=\"application\/ld+json\" class=\"yoast-schema-graph\">{\"@context\":\"https:\\\/\\\/schema.org\",\"@graph\":[{\"@type\":\"Article\",\"@id\":\"https:\\\/\\\/radioljubuski.ba\\\/index.php\\\/2022\\\/04\\\/18\\\/horvat-lijepo-je-bilo-opet-vidjeti-dvoranu-punu-kockica\\\/#article\",\"isPartOf\":{\"@id\":\"https:\\\/\\\/radioljubuski.ba\\\/index.php\\\/2022\\\/04\\\/18\\\/horvat-lijepo-je-bilo-opet-vidjeti-dvoranu-punu-kockica\\\/\"},\"author\":{\"name\":\"Radio Ljubu\u0161ki\",\"@id\":\"https:\\\/\\\/radioljubuski.ba\\\/#\\\/schema\\\/person\\\/19fc700381a780f69665d7956c469e3b\"},\"headline\":\"Horvat: Lijepo je bilo opet vidjeti dvoranu punu kockica\",\"datePublished\":\"2022-04-18T12:00:54+00:00\",\"mainEntityOfPage\":{\"@id\":\"https:\\\/\\\/radioljubuski.ba\\\/index.php\\\/2022\\\/04\\\/18\\\/horvat-lijepo-je-bilo-opet-vidjeti-dvoranu-punu-kockica\\\/\"},\"wordCount\":414,\"publisher\":{\"@id\":\"https:\\\/\\\/radioljubuski.ba\\\/#organization\"},\"image\":{\"@id\":\"https:\\\/\\\/radioljubuski.ba\\\/index.php\\\/2022\\\/04\\\/18\\\/horvat-lijepo-je-bilo-opet-vidjeti-dvoranu-punu-kockica\\\/#primaryimage\"},\"thumbnailUrl\":\"https:\\\/\\\/radioljubuski.ba\\\/wp-content\\\/uploads\\\/2022\\\/04\\\/indeksiraj-4.jpg\",\"articleSection\":[\"\u0160port\"],\"inLanguage\":\"hr\"},{\"@type\":\"WebPage\",\"@id\":\"https:\\\/\\\/radioljubuski.ba\\\/index.php\\\/2022\\\/04\\\/18\\\/horvat-lijepo-je-bilo-opet-vidjeti-dvoranu-punu-kockica\\\/\",\"url\":\"https:\\\/\\\/radioljubuski.ba\\\/index.php\\\/2022\\\/04\\\/18\\\/horvat-lijepo-je-bilo-opet-vidjeti-dvoranu-punu-kockica\\\/\",\"name\":\"Horvat: Lijepo je bilo opet vidjeti dvoranu punu kockica - RADIO LJUBU\u0160KI\",\"isPartOf\":{\"@id\":\"https:\\\/\\\/radioljubuski.ba\\\/#website\"},\"primaryImageOfPage\":{\"@id\":\"https:\\\/\\\/radioljubuski.ba\\\/index.php\\\/2022\\\/04\\\/18\\\/horvat-lijepo-je-bilo-opet-vidjeti-dvoranu-punu-kockica\\\/#primaryimage\"},\"image\":{\"@id\":\"https:\\\/\\\/radioljubuski.ba\\\/index.php\\\/2022\\\/04\\\/18\\\/horvat-lijepo-je-bilo-opet-vidjeti-dvoranu-punu-kockica\\\/#primaryimage\"},\"thumbnailUrl\":\"https:\\\/\\\/radioljubuski.ba\\\/wp-content\\\/uploads\\\/2022\\\/04\\\/indeksiraj-4.jpg\",\"datePublished\":\"2022-04-18T12:00:54+00:00\",\"breadcrumb\":{\"@id\":\"https:\\\/\\\/radioljubuski.ba\\\/index.php\\\/2022\\\/04\\\/18\\\/horvat-lijepo-je-bilo-opet-vidjeti-dvoranu-punu-kockica\\\/#breadcrumb\"},\"inLanguage\":\"hr\",\"potentialAction\":[{\"@type\":\"ReadAction\",\"target\":[\"https:\\\/\\\/radioljubuski.ba\\\/index.php\\\/2022\\\/04\\\/18\\\/horvat-lijepo-je-bilo-opet-vidjeti-dvoranu-punu-kockica\\\/\"]}]},{\"@type\":\"ImageObject\",\"inLanguage\":\"hr\",\"@id\":\"https:\\\/\\\/radioljubuski.ba\\\/index.php\\\/2022\\\/04\\\/18\\\/horvat-lijepo-je-bilo-opet-vidjeti-dvoranu-punu-kockica\\\/#primaryimage\",\"url\":\"https:\\\/\\\/radioljubuski.ba\\\/wp-content\\\/uploads\\\/2022\\\/04\\\/indeksiraj-4.jpg\",\"contentUrl\":\"https:\\\/\\\/radioljubuski.ba\\\/wp-content\\\/uploads\\\/2022\\\/04\\\/indeksiraj-4.jpg\",\"width\":300,\"height\":168},{\"@type\":\"BreadcrumbList\",\"@id\":\"https:\\\/\\\/radioljubuski.ba\\\/index.php\\\/2022\\\/04\\\/18\\\/horvat-lijepo-je-bilo-opet-vidjeti-dvoranu-punu-kockica\\\/#breadcrumb\",\"itemListElement\":[{\"@type\":\"ListItem\",\"position\":1,\"name\":\"Po\u010detna stranica\",\"item\":\"https:\\\/\\\/radioljubuski.ba\\\/\"},{\"@type\":\"ListItem\",\"position\":2,\"name\":\"Horvat: Lijepo je bilo opet vidjeti dvoranu punu kockica\"}]},{\"@type\":\"WebSite\",\"@id\":\"https:\\\/\\\/radioljubuski.ba\\\/#website\",\"url\":\"https:\\\/\\\/radioljubuski.ba\\\/\",\"name\":\"Radio Ljubu\u0161ki\",\"description\":\"Sun\u010dana frekvencija Hercegovine\",\"publisher\":{\"@id\":\"https:\\\/\\\/radioljubuski.ba\\\/#organization\"},\"potentialAction\":[{\"@type\":\"SearchAction\",\"target\":{\"@type\":\"EntryPoint\",\"urlTemplate\":\"https:\\\/\\\/radioljubuski.ba\\\/?s={search_term_string}\"},\"query-input\":{\"@type\":\"PropertyValueSpecification\",\"valueRequired\":true,\"valueName\":\"search_term_string\"}}],\"inLanguage\":\"hr\"},{\"@type\":\"Organization\",\"@id\":\"https:\\\/\\\/radioljubuski.ba\\\/#organization\",\"name\":\"Radio Ljubu\u0161ki\",\"url\":\"https:\\\/\\\/radioljubuski.ba\\\/\",\"logo\":{\"@type\":\"ImageObject\",\"inLanguage\":\"hr\",\"@id\":\"https:\\\/\\\/radioljubuski.ba\\\/#\\\/schema\\\/logo\\\/image\\\/\",\"url\":\"https:\\\/\\\/radioljubuski.ba\\\/wp-content\\\/uploads\\\/2021\\\/02\\\/cropped-Radio_Ljubuski_logo1.jpg\",\"contentUrl\":\"https:\\\/\\\/radioljubuski.ba\\\/wp-content\\\/uploads\\\/2021\\\/02\\\/cropped-Radio_Ljubuski_logo1.jpg\",\"width\":512,\"height\":512,\"caption\":\"Radio Ljubu\u0161ki\"},\"image\":{\"@id\":\"https:\\\/\\\/radioljubuski.ba\\\/#\\\/schema\\\/logo\\\/image\\\/\"},\"sameAs\":[\"https:\\\/\\\/www.facebook.com\\\/Radiio-Ljubuski-1490835324566332\",\"https:\\\/\\\/x.com\\\/radioljubuski\",\"https:\\\/\\\/hr.linkedin.com\\\/company\\\/radio-ljubuski\",\"https:\\\/\\\/www.youtube.com\\\/channel\\\/UCHYaeO_n0Db3tjNGudGpXyw\"]},{\"@type\":\"Person\",\"@id\":\"https:\\\/\\\/radioljubuski.ba\\\/#\\\/schema\\\/person\\\/19fc700381a780f69665d7956c469e3b\",\"name\":\"Radio Ljubu\u0161ki\"}]}<\/script>\n<!-- \/ Yoast SEO plugin. -->","yoast_head_json":{"title":"Horvat: Lijepo je bilo opet vidjeti dvoranu punu kockica - RADIO LJUBU\u0160KI","robots":{"index":"index","follow":"follow","max-snippet":"max-snippet:-1","max-image-preview":"max-image-preview:large","max-video-preview":"max-video-preview:-1"},"canonical":"https:\/\/radioljubuski.ba\/index.php\/2022\/04\/18\/horvat-lijepo-je-bilo-opet-vidjeti-dvoranu-punu-kockica\/","og_locale":"hr_HR","og_type":"article","og_title":"Horvat: Lijepo je bilo opet vidjeti dvoranu punu kockica - RADIO LJUBU\u0160KI","og_description":"Hrvatski rukometa\u0161i su s 36:22 pobijedili Finsku u Vara\u017edinu, \u010dime su osigurali SP. Izbornik Hrvoje Horvat zadovoljan je prikazanim. &#8211; Sigurno je da uz ovaj rezultat, siguran plasman na SP, veseli \u010dinjenica da smo igrali pred punom dvoranom ovdje u Vara\u017edinu, da se vra\u0107amo u normalu. Lijepo je opet vidjeti dvoranu punu kockica ovdje u [&hellip;]","og_url":"https:\/\/radioljubuski.ba\/index.php\/2022\/04\/18\/horvat-lijepo-je-bilo-opet-vidjeti-dvoranu-punu-kockica\/","og_site_name":"RADIO LJUBU\u0160KI","article_publisher":"https:\/\/www.facebook.com\/Radiio-Ljubuski-1490835324566332","article_published_time":"2022-04-18T12:00:54+00:00","og_image":[{"width":300,"height":168,"url":"https:\/\/radioljubuski.ba\/wp-content\/uploads\/2022\/04\/indeksiraj-4.jpg","type":"image\/jpeg"}],"author":"Radio Ljubu\u0161ki","twitter_card":"summary_large_image","twitter_creator":"@radioljubuski","twitter_site":"@radioljubuski","twitter_misc":{"Napisao\/la":"Radio Ljubu\u0161ki","Procijenjeno vrijeme \u010ditanja":"2 minute"},"schema":{"@context":"https:\/\/schema.org","@graph":[{"@type":"Article","@id":"https:\/\/radioljubuski.ba\/index.php\/2022\/04\/18\/horvat-lijepo-je-bilo-opet-vidjeti-dvoranu-punu-kockica\/#article","isPartOf":{"@id":"https:\/\/radioljubuski.ba\/index.php\/2022\/04\/18\/horvat-lijepo-je-bilo-opet-vidjeti-dvoranu-punu-kockica\/"},"author":{"name":"Radio Ljubu\u0161ki","@id":"https:\/\/radioljubuski.ba\/#\/schema\/person\/19fc700381a780f69665d7956c469e3b"},"headline":"Horvat: Lijepo je bilo opet vidjeti dvoranu punu kockica","datePublished":"2022-04-18T12:00:54+00:00","mainEntityOfPage":{"@id":"https:\/\/radioljubuski.ba\/index.php\/2022\/04\/18\/horvat-lijepo-je-bilo-opet-vidjeti-dvoranu-punu-kockica\/"},"wordCount":414,"publisher":{"@id":"https:\/\/radioljubuski.ba\/#organization"},"image":{"@id":"https:\/\/radioljubuski.ba\/index.php\/2022\/04\/18\/horvat-lijepo-je-bilo-opet-vidjeti-dvoranu-punu-kockica\/#primaryimage"},"thumbnailUrl":"https:\/\/radioljubuski.ba\/wp-content\/uploads\/2022\/04\/indeksiraj-4.jpg","articleSection":["\u0160port"],"inLanguage":"hr"},{"@type":"WebPage","@id":"https:\/\/radioljubuski.ba\/index.php\/2022\/04\/18\/horvat-lijepo-je-bilo-opet-vidjeti-dvoranu-punu-kockica\/","url":"https:\/\/radioljubuski.ba\/index.php\/2022\/04\/18\/horvat-lijepo-je-bilo-opet-vidjeti-dvoranu-punu-kockica\/","name":"Horvat: Lijepo je bilo opet vidjeti dvoranu punu kockica - RADIO LJUBU\u0160KI","isPartOf":{"@id":"https:\/\/radioljubuski.ba\/#website"},"primaryImageOfPage":{"@id":"https:\/\/radioljubuski.ba\/index.php\/2022\/04\/18\/horvat-lijepo-je-bilo-opet-vidjeti-dvoranu-punu-kockica\/#primaryimage"},"image":{"@id":"https:\/\/radioljubuski.ba\/index.php\/2022\/04\/18\/horvat-lijepo-je-bilo-opet-vidjeti-dvoranu-punu-kockica\/#primaryimage"},"thumbnailUrl":"https:\/\/radioljubuski.ba\/wp-content\/uploads\/2022\/04\/indeksiraj-4.jpg","datePublished":"2022-04-18T12:00:54+00:00","breadcrumb":{"@id":"https:\/\/radioljubuski.ba\/index.php\/2022\/04\/18\/horvat-lijepo-je-bilo-opet-vidjeti-dvoranu-punu-kockica\/#breadcrumb"},"inLanguage":"hr","potentialAction":[{"@type":"ReadAction","target":["https:\/\/radioljubuski.ba\/index.php\/2022\/04\/18\/horvat-lijepo-je-bilo-opet-vidjeti-dvoranu-punu-kockica\/"]}]},{"@type":"ImageObject","inLanguage":"hr","@id":"https:\/\/radioljubuski.ba\/index.php\/2022\/04\/18\/horvat-lijepo-je-bilo-opet-vidjeti-dvoranu-punu-kockica\/#primaryimage","url":"https:\/\/radioljubuski.ba\/wp-content\/uploads\/2022\/04\/indeksiraj-4.jpg","contentUrl":"https:\/\/radioljubuski.ba\/wp-content\/uploads\/2022\/04\/indeksiraj-4.jpg","width":300,"height":168},{"@type":"BreadcrumbList","@id":"https:\/\/radioljubuski.ba\/index.php\/2022\/04\/18\/horvat-lijepo-je-bilo-opet-vidjeti-dvoranu-punu-kockica\/#breadcrumb","itemListElement":[{"@type":"ListItem","position":1,"name":"Po\u010detna stranica","item":"https:\/\/radioljubuski.ba\/"},{"@type":"ListItem","position":2,"name":"Horvat: Lijepo je bilo opet vidjeti dvoranu punu kockica"}]},{"@type":"WebSite","@id":"https:\/\/radioljubuski.ba\/#website","url":"https:\/\/radioljubuski.ba\/","name":"Radio Ljubu\u0161ki","description":"Sun\u010dana frekvencija Hercegovine","publisher":{"@id":"https:\/\/radioljubuski.ba\/#organization"},"potentialAction":[{"@type":"SearchAction","target":{"@type":"EntryPoint","urlTemplate":"https:\/\/radioljubuski.ba\/?s={search_term_string}"},"query-input":{"@type":"PropertyValueSpecification","valueRequired":true,"valueName":"search_term_string"}}],"inLanguage":"hr"},{"@type":"Organization","@id":"https:\/\/radioljubuski.ba\/#organization","name":"Radio Ljubu\u0161ki","url":"https:\/\/radioljubuski.ba\/","logo":{"@type":"ImageObject","inLanguage":"hr","@id":"https:\/\/radioljubuski.ba\/#\/schema\/logo\/image\/","url":"https:\/\/radioljubuski.ba\/wp-content\/uploads\/2021\/02\/cropped-Radio_Ljubuski_logo1.jpg","contentUrl":"https:\/\/radioljubuski.ba\/wp-content\/uploads\/2021\/02\/cropped-Radio_Ljubuski_logo1.jpg","width":512,"height":512,"caption":"Radio Ljubu\u0161ki"},"image":{"@id":"https:\/\/radioljubuski.ba\/#\/schema\/logo\/image\/"},"sameAs":["https:\/\/www.facebook.com\/Radiio-Ljubuski-1490835324566332","https:\/\/x.com\/radioljubuski","https:\/\/hr.linkedin.com\/company\/radio-ljubuski","https:\/\/www.youtube.com\/channel\/UCHYaeO_n0Db3tjNGudGpXyw"]},{"@type":"Person","@id":"https:\/\/radioljubuski.ba\/#\/schema\/person\/19fc700381a780f69665d7956c469e3b","name":"Radio Ljubu\u0161ki"}]}},"_links":{"self":[{"href":"https:\/\/radioljubuski.ba\/index.php\/wp-json\/wp\/v2\/posts\/133624","targetHints":{"allow":["GET"]}}],"collection":[{"href":"https:\/\/radioljubuski.ba\/index.php\/wp-json\/wp\/v2\/posts"}],"about":[{"href":"https:\/\/radioljubuski.ba\/index.php\/wp-json\/wp\/v2\/types\/post"}],"author":[{"embeddable":true,"href":"https:\/\/radioljubuski.ba\/index.php\/wp-json\/wp\/v2\/users\/2"}],"replies":[{"embeddable":true,"href":"https:\/\/radioljubuski.ba\/index.php\/wp-json\/wp\/v2\/comments?post=133624"}],"version-history":[{"count":1,"href":"https:\/\/radioljubuski.ba\/index.php\/wp-json\/wp\/v2\/posts\/133624\/revisions"}],"predecessor-version":[{"id":133626,"href":"https:\/\/radioljubuski.ba\/index.php\/wp-json\/wp\/v2\/posts\/133624\/revisions\/133626"}],"wp:featuredmedia":[{"embeddable":true,"href":"https:\/\/radioljubuski.ba\/index.php\/wp-json\/wp\/v2\/media\/133625"}],"wp:attachment":[{"href":"https:\/\/radioljubuski.ba\/index.php\/wp-json\/wp\/v2\/media?parent=133624"}],"wp:term":[{"taxonomy":"category","embeddable":true,"href":"https:\/\/radioljubuski.ba\/index.php\/wp-json\/wp\/v2\/categories?post=133624"},{"taxonomy":"post_tag","embeddable":true,"href":"https:\/\/radioljubuski.ba\/index.php\/wp-json\/wp\/v2\/tags?post=133624"}],"curies":[{"name":"wp","href":"https:\/\/api.w.org\/{rel}","templated":true}]}}