{"id":133627,"date":"2022-04-18T13:02:50","date_gmt":"2022-04-18T12:02:50","guid":{"rendered":"https:\/\/radioljubuski.ba\/?p=133627"},"modified":"2022-04-18T13:02:51","modified_gmt":"2022-04-18T12:02:51","slug":"duvnjak-nadam-se-da-vise-nikad-necu-propustiti-neko-prvenstvo","status":"publish","type":"post","link":"https:\/\/radioljubuski.ba\/index.php\/2022\/04\/18\/duvnjak-nadam-se-da-vise-nikad-necu-propustiti-neko-prvenstvo\/","title":{"rendered":"Duvnjak: &#8220;Nadam se da vi\u0161e nikad ne\u0107u propustiti neko prvenstvo&#8221;"},"content":{"rendered":"\n<p>Hrvatski rukometa\u0161i su s dvije pobjede nad Finskom osigurali plasman na Svjetsko prvenstvo, a nakon \u0161to je propustio europsku smotru, u nacionalnu vrstu vratio se ponajbolji rukometa\u0161 svijeta, Domagoj Duvnjak. S njim je razgovarao Robert Jele\u010devi\u0107.<\/p>\n\n\n\n<p>&#8211; Mislim da mo\u017eemo slobodno re\u0107i da smo imali malo sre\u0107e \u0161to se ti\u010de \u017edrijeba, ne znam, Finska, Ukrajina, tko bi tu pro\u0161ao, ali dopala nas je Finska i najbitnije je da smo ve\u0107 u prvoj utakmicu u Finskoj u\u0161li jako dobro, agresivno. Znali smo da smo kvalitetniji, ali ipak to treba pokazati na terenu, prokomentirao je uspjeh protiv Finaca.<\/p>\n\n\n\n<p>Kakav je osje\u0107aj vratiti se u reprezentaciju nakon \u0161to je propustio EP?<\/p>\n\n\n\n<p>&#8211; Fenomenalan osje\u0107aj, ovo je moj najdra\u017ei dres. Svaki put kad sam ovdje osje\u0107aj je stvarno fantasti\u010dan. Nadam se da vi\u0161e nikad ne\u0107u propustiti neko prvenstvo, stvarno je bilo te\u0161ko gledati de\u010dke na televiziji.<\/p>\n\n\n\n<div style=\"width: 640px;\" class=\"wp-video\"><video class=\"wp-video-shortcode\" id=\"video-133627-1\" width=\"640\" height=\"360\" preload=\"metadata\" controls=\"controls\"><source type=\"video\/mp4\" src=\"https:\/\/api.hrt.hr\/media\/18\/6e\/duvnjak-za-htv-o-povratku-u-reprezentaci-625c5aba62c5ff18541a2bef-apr-17-2022-18-29-03-20220417183614.mp4?_=1\" \/><a href=\"https:\/\/api.hrt.hr\/media\/18\/6e\/duvnjak-za-htv-o-povratku-u-reprezentaci-625c5aba62c5ff18541a2bef-apr-17-2022-18-29-03-20220417183614.mp4\">https:\/\/api.hrt.hr\/media\/18\/6e\/duvnjak-za-htv-o-povratku-u-reprezentaci-625c5aba62c5ff18541a2bef-apr-17-2022-18-29-03-20220417183614.mp4<\/a><\/video><\/div>\n\n\n\n<p>Ovo je jedna nova reprezentacija, spoj iskustva i mladosti, koliko jo\u0161 mo\u017eemo ra\u010dunati na Duvnjaka?<\/p>\n\n\n\n<p>&#8211; To \u0107emo vidjeti, \u0161to \u0107e re\u0107i zdravlje, odnosno moje tijelo. Imamo fenomenalnu ekipu, naravno da mo\u017eemo i jo\u0161 bolje igrati. Ve\u0107 u 10. mjesecu imamo opet kvalifikacije. Sre\u0107a je da smo imali u tre\u0107em mjesecu okupljanje bez utakmica, jo\u0161 se mi upoznajemo s mladima, mladi upoznaju nas, ali mislim da smo jedan dobar miks.<\/p>\n\n\n\n<p>Produ\u017eio je na jo\u0161 dvije godine ugovor s Kielom, namjerava li tamo zavr\u0161iti karijeru?<\/p>\n\n\n\n<p>&#8211; Stvarno je te\u0161ko pitanje, ali da, produ\u017eio sam ugovor jo\u0161 dvije godine, nadam se d a\u0107e me zdravlje poslu\u017eiti pa \u0107emo vidjeti kad istekne ugovor.<\/p>\n\n\n\n<p>U Ligi prvaka Kielu slijedi PSG, a u Bundesligi borba za naslov&#8230;<\/p>\n\n\n\n<p>&#8211; Mislim da Bundesligu definitivno vi\u0161e ne mo\u017eemo osvojiti, Magdeburg je \u0161est bodova ispred. U Ligi prvaka igramo \u010detvrtfinale s Parizom, uzvrat je u Kielu, to nam je velika prednost. \u017delja nam je oti\u0107i na Final four u K\u00f6lnu. Sezona je u redu, sad nam slijedi Final four Kupa, ide to. Naravno da su svi u Kielu o\u010dekivali da se osvoji Bundesliga , ali to je tako u Bundesligi, svatko mo\u017ee svakoga pobijediti, zaklju\u010dio je Domagoj Duvnjak.&nbsp;&nbsp;<\/p>\n\n\n\n<p>Izvor:hrt.hr<\/p>\n","protected":false},"excerpt":{"rendered":"<p>Hrvatski rukometa\u0161i su s dvije pobjede nad Finskom osigurali plasman na Svjetsko prvenstvo, a nakon \u0161to je propustio europsku smotru, u nacionalnu vrstu vratio se ponajbolji rukometa\u0161 svijeta, Domagoj Duvnjak. S njim je razgovarao Robert Jele\u010devi\u0107. &#8211; Mislim da mo\u017eemo slobodno re\u0107i da smo imali malo sre\u0107e \u0161to se ti\u010de \u017edrijeba, ne znam, Finska, Ukrajina, [&hellip;]<\/p>\n","protected":false},"author":2,"featured_media":133628,"comment_status":"closed","ping_status":"closed","sticky":false,"template":"","format":"standard","meta":{"h5ap_radio_sources":[],"footnotes":""},"categories":[7],"tags":[],"class_list":["post-133627","post","type-post","status-publish","format-standard","has-post-thumbnail","hentry","category-sport"],"yoast_head":"<!-- This site is optimized with the Yoast SEO plugin v27.5 - https:\/\/yoast.com\/product\/yoast-seo-wordpress\/ -->\n<title>Duvnjak: &quot;Nadam se da vi\u0161e nikad ne\u0107u propustiti neko prvenstvo&quot; - RADIO LJUBU\u0160KI<\/title>\n<meta name=\"robots\" content=\"index, follow, max-snippet:-1, max-image-preview:large, max-video-preview:-1\" \/>\n<link rel=\"canonical\" href=\"https:\/\/radioljubuski.ba\/index.php\/2022\/04\/18\/duvnjak-nadam-se-da-vise-nikad-necu-propustiti-neko-prvenstvo\/\" \/>\n<meta property=\"og:locale\" content=\"hr_HR\" \/>\n<meta property=\"og:type\" content=\"article\" \/>\n<meta property=\"og:title\" content=\"Duvnjak: &quot;Nadam se da vi\u0161e nikad ne\u0107u propustiti neko prvenstvo&quot; - RADIO LJUBU\u0160KI\" \/>\n<meta property=\"og:description\" content=\"Hrvatski rukometa\u0161i su s dvije pobjede nad Finskom osigurali plasman na Svjetsko prvenstvo, a nakon \u0161to je propustio europsku smotru, u nacionalnu vrstu vratio se ponajbolji rukometa\u0161 svijeta, Domagoj Duvnjak. S njim je razgovarao Robert Jele\u010devi\u0107. &#8211; Mislim da mo\u017eemo slobodno re\u0107i da smo imali malo sre\u0107e \u0161to se ti\u010de \u017edrijeba, ne znam, Finska, Ukrajina, [&hellip;]\" \/>\n<meta property=\"og:url\" content=\"https:\/\/radioljubuski.ba\/index.php\/2022\/04\/18\/duvnjak-nadam-se-da-vise-nikad-necu-propustiti-neko-prvenstvo\/\" \/>\n<meta property=\"og:site_name\" content=\"RADIO LJUBU\u0160KI\" \/>\n<meta property=\"article:publisher\" content=\"https:\/\/www.facebook.com\/Radiio-Ljubuski-1490835324566332\" \/>\n<meta property=\"article:published_time\" content=\"2022-04-18T12:02:50+00:00\" \/>\n<meta property=\"article:modified_time\" content=\"2022-04-18T12:02:51+00:00\" \/>\n<meta property=\"og:image\" content=\"https:\/\/radioljubuski.ba\/wp-content\/uploads\/2022\/04\/duvnjak-pxl-160422-93020446-20220416173841.jpg\" \/>\n\t<meta property=\"og:image:width\" content=\"1600\" \/>\n\t<meta property=\"og:image:height\" content=\"972\" \/>\n\t<meta property=\"og:image:type\" content=\"image\/jpeg\" \/>\n<meta name=\"author\" content=\"Radio Ljubu\u0161ki\" \/>\n<meta name=\"twitter:card\" content=\"summary_large_image\" \/>\n<meta name=\"twitter:creator\" content=\"@radioljubuski\" \/>\n<meta name=\"twitter:site\" content=\"@radioljubuski\" \/>\n<meta name=\"twitter:label1\" content=\"Napisao\/la\" \/>\n\t<meta name=\"twitter:data1\" content=\"Radio Ljubu\u0161ki\" \/>\n\t<meta name=\"twitter:label2\" content=\"Procijenjeno vrijeme \u010ditanja\" \/>\n\t<meta name=\"twitter:data2\" content=\"2 minute\" \/>\n<script type=\"application\/ld+json\" class=\"yoast-schema-graph\">{\"@context\":\"https:\\\/\\\/schema.org\",\"@graph\":[{\"@type\":\"Article\",\"@id\":\"https:\\\/\\\/radioljubuski.ba\\\/index.php\\\/2022\\\/04\\\/18\\\/duvnjak-nadam-se-da-vise-nikad-necu-propustiti-neko-prvenstvo\\\/#article\",\"isPartOf\":{\"@id\":\"https:\\\/\\\/radioljubuski.ba\\\/index.php\\\/2022\\\/04\\\/18\\\/duvnjak-nadam-se-da-vise-nikad-necu-propustiti-neko-prvenstvo\\\/\"},\"author\":{\"name\":\"Radio Ljubu\u0161ki\",\"@id\":\"https:\\\/\\\/radioljubuski.ba\\\/#\\\/schema\\\/person\\\/19fc700381a780f69665d7956c469e3b\"},\"headline\":\"Duvnjak: &#8220;Nadam se da vi\u0161e nikad ne\u0107u propustiti neko prvenstvo&#8221;\",\"datePublished\":\"2022-04-18T12:02:50+00:00\",\"dateModified\":\"2022-04-18T12:02:51+00:00\",\"mainEntityOfPage\":{\"@id\":\"https:\\\/\\\/radioljubuski.ba\\\/index.php\\\/2022\\\/04\\\/18\\\/duvnjak-nadam-se-da-vise-nikad-necu-propustiti-neko-prvenstvo\\\/\"},\"wordCount\":411,\"publisher\":{\"@id\":\"https:\\\/\\\/radioljubuski.ba\\\/#organization\"},\"image\":{\"@id\":\"https:\\\/\\\/radioljubuski.ba\\\/index.php\\\/2022\\\/04\\\/18\\\/duvnjak-nadam-se-da-vise-nikad-necu-propustiti-neko-prvenstvo\\\/#primaryimage\"},\"thumbnailUrl\":\"https:\\\/\\\/radioljubuski.ba\\\/wp-content\\\/uploads\\\/2022\\\/04\\\/duvnjak-pxl-160422-93020446-20220416173841.jpg\",\"articleSection\":[\"\u0160port\"],\"inLanguage\":\"hr\"},{\"@type\":\"WebPage\",\"@id\":\"https:\\\/\\\/radioljubuski.ba\\\/index.php\\\/2022\\\/04\\\/18\\\/duvnjak-nadam-se-da-vise-nikad-necu-propustiti-neko-prvenstvo\\\/\",\"url\":\"https:\\\/\\\/radioljubuski.ba\\\/index.php\\\/2022\\\/04\\\/18\\\/duvnjak-nadam-se-da-vise-nikad-necu-propustiti-neko-prvenstvo\\\/\",\"name\":\"Duvnjak: \\\"Nadam se da vi\u0161e nikad ne\u0107u propustiti neko prvenstvo\\\" - RADIO LJUBU\u0160KI\",\"isPartOf\":{\"@id\":\"https:\\\/\\\/radioljubuski.ba\\\/#website\"},\"primaryImageOfPage\":{\"@id\":\"https:\\\/\\\/radioljubuski.ba\\\/index.php\\\/2022\\\/04\\\/18\\\/duvnjak-nadam-se-da-vise-nikad-necu-propustiti-neko-prvenstvo\\\/#primaryimage\"},\"image\":{\"@id\":\"https:\\\/\\\/radioljubuski.ba\\\/index.php\\\/2022\\\/04\\\/18\\\/duvnjak-nadam-se-da-vise-nikad-necu-propustiti-neko-prvenstvo\\\/#primaryimage\"},\"thumbnailUrl\":\"https:\\\/\\\/radioljubuski.ba\\\/wp-content\\\/uploads\\\/2022\\\/04\\\/duvnjak-pxl-160422-93020446-20220416173841.jpg\",\"datePublished\":\"2022-04-18T12:02:50+00:00\",\"dateModified\":\"2022-04-18T12:02:51+00:00\",\"breadcrumb\":{\"@id\":\"https:\\\/\\\/radioljubuski.ba\\\/index.php\\\/2022\\\/04\\\/18\\\/duvnjak-nadam-se-da-vise-nikad-necu-propustiti-neko-prvenstvo\\\/#breadcrumb\"},\"inLanguage\":\"hr\",\"potentialAction\":[{\"@type\":\"ReadAction\",\"target\":[\"https:\\\/\\\/radioljubuski.ba\\\/index.php\\\/2022\\\/04\\\/18\\\/duvnjak-nadam-se-da-vise-nikad-necu-propustiti-neko-prvenstvo\\\/\"]}]},{\"@type\":\"ImageObject\",\"inLanguage\":\"hr\",\"@id\":\"https:\\\/\\\/radioljubuski.ba\\\/index.php\\\/2022\\\/04\\\/18\\\/duvnjak-nadam-se-da-vise-nikad-necu-propustiti-neko-prvenstvo\\\/#primaryimage\",\"url\":\"https:\\\/\\\/radioljubuski.ba\\\/wp-content\\\/uploads\\\/2022\\\/04\\\/duvnjak-pxl-160422-93020446-20220416173841.jpg\",\"contentUrl\":\"https:\\\/\\\/radioljubuski.ba\\\/wp-content\\\/uploads\\\/2022\\\/04\\\/duvnjak-pxl-160422-93020446-20220416173841.jpg\",\"width\":1600,\"height\":972,\"caption\":\"16.04.2022., Arena Varazdin - Uzvratna rukometna kvalifikacijska utakmica za odlazak na Svjetsko rukometno prvenstvo 2023. Hrvatska - Finska\"},{\"@type\":\"BreadcrumbList\",\"@id\":\"https:\\\/\\\/radioljubuski.ba\\\/index.php\\\/2022\\\/04\\\/18\\\/duvnjak-nadam-se-da-vise-nikad-necu-propustiti-neko-prvenstvo\\\/#breadcrumb\",\"itemListElement\":[{\"@type\":\"ListItem\",\"position\":1,\"name\":\"Po\u010detna stranica\",\"item\":\"https:\\\/\\\/radioljubuski.ba\\\/\"},{\"@type\":\"ListItem\",\"position\":2,\"name\":\"Duvnjak: &#8220;Nadam se da vi\u0161e nikad ne\u0107u propustiti neko prvenstvo&#8221;\"}]},{\"@type\":\"WebSite\",\"@id\":\"https:\\\/\\\/radioljubuski.ba\\\/#website\",\"url\":\"https:\\\/\\\/radioljubuski.ba\\\/\",\"name\":\"Radio Ljubu\u0161ki\",\"description\":\"Sun\u010dana frekvencija Hercegovine\",\"publisher\":{\"@id\":\"https:\\\/\\\/radioljubuski.ba\\\/#organization\"},\"potentialAction\":[{\"@type\":\"SearchAction\",\"target\":{\"@type\":\"EntryPoint\",\"urlTemplate\":\"https:\\\/\\\/radioljubuski.ba\\\/?s={search_term_string}\"},\"query-input\":{\"@type\":\"PropertyValueSpecification\",\"valueRequired\":true,\"valueName\":\"search_term_string\"}}],\"inLanguage\":\"hr\"},{\"@type\":\"Organization\",\"@id\":\"https:\\\/\\\/radioljubuski.ba\\\/#organization\",\"name\":\"Radio Ljubu\u0161ki\",\"url\":\"https:\\\/\\\/radioljubuski.ba\\\/\",\"logo\":{\"@type\":\"ImageObject\",\"inLanguage\":\"hr\",\"@id\":\"https:\\\/\\\/radioljubuski.ba\\\/#\\\/schema\\\/logo\\\/image\\\/\",\"url\":\"https:\\\/\\\/radioljubuski.ba\\\/wp-content\\\/uploads\\\/2021\\\/02\\\/cropped-Radio_Ljubuski_logo1.jpg\",\"contentUrl\":\"https:\\\/\\\/radioljubuski.ba\\\/wp-content\\\/uploads\\\/2021\\\/02\\\/cropped-Radio_Ljubuski_logo1.jpg\",\"width\":512,\"height\":512,\"caption\":\"Radio Ljubu\u0161ki\"},\"image\":{\"@id\":\"https:\\\/\\\/radioljubuski.ba\\\/#\\\/schema\\\/logo\\\/image\\\/\"},\"sameAs\":[\"https:\\\/\\\/www.facebook.com\\\/Radiio-Ljubuski-1490835324566332\",\"https:\\\/\\\/x.com\\\/radioljubuski\",\"https:\\\/\\\/hr.linkedin.com\\\/company\\\/radio-ljubuski\",\"https:\\\/\\\/www.youtube.com\\\/channel\\\/UCHYaeO_n0Db3tjNGudGpXyw\"]},{\"@type\":\"Person\",\"@id\":\"https:\\\/\\\/radioljubuski.ba\\\/#\\\/schema\\\/person\\\/19fc700381a780f69665d7956c469e3b\",\"name\":\"Radio Ljubu\u0161ki\"}]}<\/script>\n<!-- \/ Yoast SEO plugin. -->","yoast_head_json":{"title":"Duvnjak: \"Nadam se da vi\u0161e nikad ne\u0107u propustiti neko prvenstvo\" - RADIO LJUBU\u0160KI","robots":{"index":"index","follow":"follow","max-snippet":"max-snippet:-1","max-image-preview":"max-image-preview:large","max-video-preview":"max-video-preview:-1"},"canonical":"https:\/\/radioljubuski.ba\/index.php\/2022\/04\/18\/duvnjak-nadam-se-da-vise-nikad-necu-propustiti-neko-prvenstvo\/","og_locale":"hr_HR","og_type":"article","og_title":"Duvnjak: \"Nadam se da vi\u0161e nikad ne\u0107u propustiti neko prvenstvo\" - RADIO LJUBU\u0160KI","og_description":"Hrvatski rukometa\u0161i su s dvije pobjede nad Finskom osigurali plasman na Svjetsko prvenstvo, a nakon \u0161to je propustio europsku smotru, u nacionalnu vrstu vratio se ponajbolji rukometa\u0161 svijeta, Domagoj Duvnjak. S njim je razgovarao Robert Jele\u010devi\u0107. &#8211; Mislim da mo\u017eemo slobodno re\u0107i da smo imali malo sre\u0107e \u0161to se ti\u010de \u017edrijeba, ne znam, Finska, Ukrajina, [&hellip;]","og_url":"https:\/\/radioljubuski.ba\/index.php\/2022\/04\/18\/duvnjak-nadam-se-da-vise-nikad-necu-propustiti-neko-prvenstvo\/","og_site_name":"RADIO LJUBU\u0160KI","article_publisher":"https:\/\/www.facebook.com\/Radiio-Ljubuski-1490835324566332","article_published_time":"2022-04-18T12:02:50+00:00","article_modified_time":"2022-04-18T12:02:51+00:00","og_image":[{"width":1600,"height":972,"url":"https:\/\/radioljubuski.ba\/wp-content\/uploads\/2022\/04\/duvnjak-pxl-160422-93020446-20220416173841.jpg","type":"image\/jpeg"}],"author":"Radio Ljubu\u0161ki","twitter_card":"summary_large_image","twitter_creator":"@radioljubuski","twitter_site":"@radioljubuski","twitter_misc":{"Napisao\/la":"Radio Ljubu\u0161ki","Procijenjeno vrijeme \u010ditanja":"2 minute"},"schema":{"@context":"https:\/\/schema.org","@graph":[{"@type":"Article","@id":"https:\/\/radioljubuski.ba\/index.php\/2022\/04\/18\/duvnjak-nadam-se-da-vise-nikad-necu-propustiti-neko-prvenstvo\/#article","isPartOf":{"@id":"https:\/\/radioljubuski.ba\/index.php\/2022\/04\/18\/duvnjak-nadam-se-da-vise-nikad-necu-propustiti-neko-prvenstvo\/"},"author":{"name":"Radio Ljubu\u0161ki","@id":"https:\/\/radioljubuski.ba\/#\/schema\/person\/19fc700381a780f69665d7956c469e3b"},"headline":"Duvnjak: &#8220;Nadam se da vi\u0161e nikad ne\u0107u propustiti neko prvenstvo&#8221;","datePublished":"2022-04-18T12:02:50+00:00","dateModified":"2022-04-18T12:02:51+00:00","mainEntityOfPage":{"@id":"https:\/\/radioljubuski.ba\/index.php\/2022\/04\/18\/duvnjak-nadam-se-da-vise-nikad-necu-propustiti-neko-prvenstvo\/"},"wordCount":411,"publisher":{"@id":"https:\/\/radioljubuski.ba\/#organization"},"image":{"@id":"https:\/\/radioljubuski.ba\/index.php\/2022\/04\/18\/duvnjak-nadam-se-da-vise-nikad-necu-propustiti-neko-prvenstvo\/#primaryimage"},"thumbnailUrl":"https:\/\/radioljubuski.ba\/wp-content\/uploads\/2022\/04\/duvnjak-pxl-160422-93020446-20220416173841.jpg","articleSection":["\u0160port"],"inLanguage":"hr"},{"@type":"WebPage","@id":"https:\/\/radioljubuski.ba\/index.php\/2022\/04\/18\/duvnjak-nadam-se-da-vise-nikad-necu-propustiti-neko-prvenstvo\/","url":"https:\/\/radioljubuski.ba\/index.php\/2022\/04\/18\/duvnjak-nadam-se-da-vise-nikad-necu-propustiti-neko-prvenstvo\/","name":"Duvnjak: \"Nadam se da vi\u0161e nikad ne\u0107u propustiti neko prvenstvo\" - RADIO LJUBU\u0160KI","isPartOf":{"@id":"https:\/\/radioljubuski.ba\/#website"},"primaryImageOfPage":{"@id":"https:\/\/radioljubuski.ba\/index.php\/2022\/04\/18\/duvnjak-nadam-se-da-vise-nikad-necu-propustiti-neko-prvenstvo\/#primaryimage"},"image":{"@id":"https:\/\/radioljubuski.ba\/index.php\/2022\/04\/18\/duvnjak-nadam-se-da-vise-nikad-necu-propustiti-neko-prvenstvo\/#primaryimage"},"thumbnailUrl":"https:\/\/radioljubuski.ba\/wp-content\/uploads\/2022\/04\/duvnjak-pxl-160422-93020446-20220416173841.jpg","datePublished":"2022-04-18T12:02:50+00:00","dateModified":"2022-04-18T12:02:51+00:00","breadcrumb":{"@id":"https:\/\/radioljubuski.ba\/index.php\/2022\/04\/18\/duvnjak-nadam-se-da-vise-nikad-necu-propustiti-neko-prvenstvo\/#breadcrumb"},"inLanguage":"hr","potentialAction":[{"@type":"ReadAction","target":["https:\/\/radioljubuski.ba\/index.php\/2022\/04\/18\/duvnjak-nadam-se-da-vise-nikad-necu-propustiti-neko-prvenstvo\/"]}]},{"@type":"ImageObject","inLanguage":"hr","@id":"https:\/\/radioljubuski.ba\/index.php\/2022\/04\/18\/duvnjak-nadam-se-da-vise-nikad-necu-propustiti-neko-prvenstvo\/#primaryimage","url":"https:\/\/radioljubuski.ba\/wp-content\/uploads\/2022\/04\/duvnjak-pxl-160422-93020446-20220416173841.jpg","contentUrl":"https:\/\/radioljubuski.ba\/wp-content\/uploads\/2022\/04\/duvnjak-pxl-160422-93020446-20220416173841.jpg","width":1600,"height":972,"caption":"16.04.2022., Arena Varazdin - Uzvratna rukometna kvalifikacijska utakmica za odlazak na Svjetsko rukometno prvenstvo 2023. Hrvatska - Finska"},{"@type":"BreadcrumbList","@id":"https:\/\/radioljubuski.ba\/index.php\/2022\/04\/18\/duvnjak-nadam-se-da-vise-nikad-necu-propustiti-neko-prvenstvo\/#breadcrumb","itemListElement":[{"@type":"ListItem","position":1,"name":"Po\u010detna stranica","item":"https:\/\/radioljubuski.ba\/"},{"@type":"ListItem","position":2,"name":"Duvnjak: &#8220;Nadam se da vi\u0161e nikad ne\u0107u propustiti neko prvenstvo&#8221;"}]},{"@type":"WebSite","@id":"https:\/\/radioljubuski.ba\/#website","url":"https:\/\/radioljubuski.ba\/","name":"Radio Ljubu\u0161ki","description":"Sun\u010dana frekvencija Hercegovine","publisher":{"@id":"https:\/\/radioljubuski.ba\/#organization"},"potentialAction":[{"@type":"SearchAction","target":{"@type":"EntryPoint","urlTemplate":"https:\/\/radioljubuski.ba\/?s={search_term_string}"},"query-input":{"@type":"PropertyValueSpecification","valueRequired":true,"valueName":"search_term_string"}}],"inLanguage":"hr"},{"@type":"Organization","@id":"https:\/\/radioljubuski.ba\/#organization","name":"Radio Ljubu\u0161ki","url":"https:\/\/radioljubuski.ba\/","logo":{"@type":"ImageObject","inLanguage":"hr","@id":"https:\/\/radioljubuski.ba\/#\/schema\/logo\/image\/","url":"https:\/\/radioljubuski.ba\/wp-content\/uploads\/2021\/02\/cropped-Radio_Ljubuski_logo1.jpg","contentUrl":"https:\/\/radioljubuski.ba\/wp-content\/uploads\/2021\/02\/cropped-Radio_Ljubuski_logo1.jpg","width":512,"height":512,"caption":"Radio Ljubu\u0161ki"},"image":{"@id":"https:\/\/radioljubuski.ba\/#\/schema\/logo\/image\/"},"sameAs":["https:\/\/www.facebook.com\/Radiio-Ljubuski-1490835324566332","https:\/\/x.com\/radioljubuski","https:\/\/hr.linkedin.com\/company\/radio-ljubuski","https:\/\/www.youtube.com\/channel\/UCHYaeO_n0Db3tjNGudGpXyw"]},{"@type":"Person","@id":"https:\/\/radioljubuski.ba\/#\/schema\/person\/19fc700381a780f69665d7956c469e3b","name":"Radio Ljubu\u0161ki"}]}},"_links":{"self":[{"href":"https:\/\/radioljubuski.ba\/index.php\/wp-json\/wp\/v2\/posts\/133627","targetHints":{"allow":["GET"]}}],"collection":[{"href":"https:\/\/radioljubuski.ba\/index.php\/wp-json\/wp\/v2\/posts"}],"about":[{"href":"https:\/\/radioljubuski.ba\/index.php\/wp-json\/wp\/v2\/types\/post"}],"author":[{"embeddable":true,"href":"https:\/\/radioljubuski.ba\/index.php\/wp-json\/wp\/v2\/users\/2"}],"replies":[{"embeddable":true,"href":"https:\/\/radioljubuski.ba\/index.php\/wp-json\/wp\/v2\/comments?post=133627"}],"version-history":[{"count":1,"href":"https:\/\/radioljubuski.ba\/index.php\/wp-json\/wp\/v2\/posts\/133627\/revisions"}],"predecessor-version":[{"id":133629,"href":"https:\/\/radioljubuski.ba\/index.php\/wp-json\/wp\/v2\/posts\/133627\/revisions\/133629"}],"wp:featuredmedia":[{"embeddable":true,"href":"https:\/\/radioljubuski.ba\/index.php\/wp-json\/wp\/v2\/media\/133628"}],"wp:attachment":[{"href":"https:\/\/radioljubuski.ba\/index.php\/wp-json\/wp\/v2\/media?parent=133627"}],"wp:term":[{"taxonomy":"category","embeddable":true,"href":"https:\/\/radioljubuski.ba\/index.php\/wp-json\/wp\/v2\/categories?post=133627"},{"taxonomy":"post_tag","embeddable":true,"href":"https:\/\/radioljubuski.ba\/index.php\/wp-json\/wp\/v2\/tags?post=133627"}],"curies":[{"name":"wp","href":"https:\/\/api.w.org\/{rel}","templated":true}]}}