{"id":133630,"date":"2022-04-18T13:04:11","date_gmt":"2022-04-18T12:04:11","guid":{"rendered":"https:\/\/radioljubuski.ba\/?p=133630"},"modified":"2022-04-18T13:04:12","modified_gmt":"2022-04-18T12:04:12","slug":"crnogorci-makedonci-i-portugalci-osiguralisvjetsko-prvenstvo","status":"publish","type":"post","link":"https:\/\/radioljubuski.ba\/index.php\/2022\/04\/18\/crnogorci-makedonci-i-portugalci-osiguralisvjetsko-prvenstvo\/","title":{"rendered":"Crnogorci, Makedonci i Portugalci osiguraliSvjetsko prvenstvo"},"content":{"rendered":"\n<p>Rukometa\u0161i Crne Gore, Makedonije i Portugala osigurale su plasman na Svjetsko prvenstvo 2023. godine u Poljskoj i \u0160vedskoj.<\/p>\n\n\n\n<p>Portugalci su se izvukli nakon \u0161to su u prvoj utakmici kod ku\u0107e izgubili s tri razlike od Nizozemaca. U Amsterdamu su Portugalci slavili s 35-28 i plasirali se na SP.<\/p>\n\n\n\n<p>Crnogorci su kod ku\u0107e nadoknadili poraz od dva razlike iz Gr\u010dke, te slavili s 33-25, dok su Makedonci s 27-25 kod ku\u0107e dobili \u010ce\u0161ku i tako\u0111er ostvarili vizu za SP.<\/p>\n\n\n\n<p>Plasman na SP su u subotu osigurali Hrvatska, s dvije uvjerljive pobjede nad Finskom, te Ma\u0111arska, Srbija, Island i Njema\u010dka.<\/p>\n\n\n\n<p>*Ma\u0111arska &#8211; Izrael 31-22 &#8211; prva utakmica 33-32<\/p>\n\n\n\n<p>*Srbija &#8211; Slovenija 23-20 34-31<\/p>\n\n\n\n<p>*HRVATSKA &#8211; Finska 36-22 34-21<\/p>\n\n\n\n<p>*Island &#8211; Austrija 34-26 34-30<\/p>\n\n\n\n<p>Farski otoci &#8211; *Njema\u010dka 27-33 26-34<\/p>\n\n\n\n<p>Nizozemska &#8211; *Portugal 28-35 33-30<\/p>\n\n\n\n<p>*Crna Gora &#8211; Gr\u010dka 33-25 23-25<\/p>\n\n\n\n<p>*Sjeverna Makedonija &#8211; \u010ce\u0161ka 27-25 24-24<\/p>\n\n\n\n<p>Izvor:hrt.hr<\/p>\n","protected":false},"excerpt":{"rendered":"<p>Rukometa\u0161i Crne Gore, Makedonije i Portugala osigurale su plasman na Svjetsko prvenstvo 2023. godine u Poljskoj i \u0160vedskoj. Portugalci su se izvukli nakon \u0161to su u prvoj utakmici kod ku\u0107e izgubili s tri razlike od Nizozemaca. U Amsterdamu su Portugalci slavili s 35-28 i plasirali se na SP. Crnogorci su kod ku\u0107e nadoknadili poraz od [&hellip;]<\/p>\n","protected":false},"author":2,"featured_media":133631,"comment_status":"closed","ping_status":"closed","sticky":false,"template":"","format":"standard","meta":{"h5ap_radio_sources":[],"footnotes":""},"categories":[7],"tags":[],"class_list":["post-133630","post","type-post","status-publish","format-standard","has-post-thumbnail","hentry","category-sport"],"yoast_head":"<!-- This site is optimized with the Yoast SEO plugin v27.5 - https:\/\/yoast.com\/product\/yoast-seo-wordpress\/ -->\n<title>Crnogorci, Makedonci i Portugalci osiguraliSvjetsko prvenstvo - RADIO LJUBU\u0160KI<\/title>\n<meta name=\"robots\" content=\"index, follow, max-snippet:-1, max-image-preview:large, max-video-preview:-1\" \/>\n<link rel=\"canonical\" href=\"https:\/\/radioljubuski.ba\/index.php\/2022\/04\/18\/crnogorci-makedonci-i-portugalci-osiguralisvjetsko-prvenstvo\/\" \/>\n<meta property=\"og:locale\" content=\"hr_HR\" \/>\n<meta property=\"og:type\" content=\"article\" \/>\n<meta property=\"og:title\" content=\"Crnogorci, Makedonci i Portugalci osiguraliSvjetsko prvenstvo - RADIO LJUBU\u0160KI\" \/>\n<meta property=\"og:description\" content=\"Rukometa\u0161i Crne Gore, Makedonije i Portugala osigurale su plasman na Svjetsko prvenstvo 2023. godine u Poljskoj i \u0160vedskoj. Portugalci su se izvukli nakon \u0161to su u prvoj utakmici kod ku\u0107e izgubili s tri razlike od Nizozemaca. U Amsterdamu su Portugalci slavili s 35-28 i plasirali se na SP. Crnogorci su kod ku\u0107e nadoknadili poraz od [&hellip;]\" \/>\n<meta property=\"og:url\" content=\"https:\/\/radioljubuski.ba\/index.php\/2022\/04\/18\/crnogorci-makedonci-i-portugalci-osiguralisvjetsko-prvenstvo\/\" \/>\n<meta property=\"og:site_name\" content=\"RADIO LJUBU\u0160KI\" \/>\n<meta property=\"article:publisher\" content=\"https:\/\/www.facebook.com\/Radiio-Ljubuski-1490835324566332\" \/>\n<meta property=\"article:published_time\" content=\"2022-04-18T12:04:11+00:00\" \/>\n<meta property=\"article:modified_time\" content=\"2022-04-18T12:04:12+00:00\" \/>\n<meta property=\"og:image\" content=\"https:\/\/radioljubuski.ba\/wp-content\/uploads\/2022\/04\/crna-gora-960x639-1.jpg\" \/>\n\t<meta property=\"og:image:width\" content=\"960\" \/>\n\t<meta property=\"og:image:height\" content=\"639\" \/>\n\t<meta property=\"og:image:type\" content=\"image\/jpeg\" \/>\n<meta name=\"author\" content=\"Radio Ljubu\u0161ki\" \/>\n<meta name=\"twitter:card\" content=\"summary_large_image\" \/>\n<meta name=\"twitter:creator\" content=\"@radioljubuski\" \/>\n<meta name=\"twitter:site\" content=\"@radioljubuski\" \/>\n<meta name=\"twitter:label1\" content=\"Napisao\/la\" \/>\n\t<meta name=\"twitter:data1\" content=\"Radio Ljubu\u0161ki\" \/>\n\t<meta name=\"twitter:label2\" content=\"Procijenjeno vrijeme \u010ditanja\" \/>\n\t<meta name=\"twitter:data2\" content=\"1 minuta\" \/>\n<script type=\"application\/ld+json\" class=\"yoast-schema-graph\">{\"@context\":\"https:\\\/\\\/schema.org\",\"@graph\":[{\"@type\":\"Article\",\"@id\":\"https:\\\/\\\/radioljubuski.ba\\\/index.php\\\/2022\\\/04\\\/18\\\/crnogorci-makedonci-i-portugalci-osiguralisvjetsko-prvenstvo\\\/#article\",\"isPartOf\":{\"@id\":\"https:\\\/\\\/radioljubuski.ba\\\/index.php\\\/2022\\\/04\\\/18\\\/crnogorci-makedonci-i-portugalci-osiguralisvjetsko-prvenstvo\\\/\"},\"author\":{\"name\":\"Radio Ljubu\u0161ki\",\"@id\":\"https:\\\/\\\/radioljubuski.ba\\\/#\\\/schema\\\/person\\\/19fc700381a780f69665d7956c469e3b\"},\"headline\":\"Crnogorci, Makedonci i Portugalci osiguraliSvjetsko prvenstvo\",\"datePublished\":\"2022-04-18T12:04:11+00:00\",\"dateModified\":\"2022-04-18T12:04:12+00:00\",\"mainEntityOfPage\":{\"@id\":\"https:\\\/\\\/radioljubuski.ba\\\/index.php\\\/2022\\\/04\\\/18\\\/crnogorci-makedonci-i-portugalci-osiguralisvjetsko-prvenstvo\\\/\"},\"wordCount\":165,\"publisher\":{\"@id\":\"https:\\\/\\\/radioljubuski.ba\\\/#organization\"},\"image\":{\"@id\":\"https:\\\/\\\/radioljubuski.ba\\\/index.php\\\/2022\\\/04\\\/18\\\/crnogorci-makedonci-i-portugalci-osiguralisvjetsko-prvenstvo\\\/#primaryimage\"},\"thumbnailUrl\":\"https:\\\/\\\/radioljubuski.ba\\\/wp-content\\\/uploads\\\/2022\\\/04\\\/crna-gora-960x639-1.jpg\",\"articleSection\":[\"\u0160port\"],\"inLanguage\":\"hr\"},{\"@type\":\"WebPage\",\"@id\":\"https:\\\/\\\/radioljubuski.ba\\\/index.php\\\/2022\\\/04\\\/18\\\/crnogorci-makedonci-i-portugalci-osiguralisvjetsko-prvenstvo\\\/\",\"url\":\"https:\\\/\\\/radioljubuski.ba\\\/index.php\\\/2022\\\/04\\\/18\\\/crnogorci-makedonci-i-portugalci-osiguralisvjetsko-prvenstvo\\\/\",\"name\":\"Crnogorci, Makedonci i Portugalci osiguraliSvjetsko prvenstvo - RADIO LJUBU\u0160KI\",\"isPartOf\":{\"@id\":\"https:\\\/\\\/radioljubuski.ba\\\/#website\"},\"primaryImageOfPage\":{\"@id\":\"https:\\\/\\\/radioljubuski.ba\\\/index.php\\\/2022\\\/04\\\/18\\\/crnogorci-makedonci-i-portugalci-osiguralisvjetsko-prvenstvo\\\/#primaryimage\"},\"image\":{\"@id\":\"https:\\\/\\\/radioljubuski.ba\\\/index.php\\\/2022\\\/04\\\/18\\\/crnogorci-makedonci-i-portugalci-osiguralisvjetsko-prvenstvo\\\/#primaryimage\"},\"thumbnailUrl\":\"https:\\\/\\\/radioljubuski.ba\\\/wp-content\\\/uploads\\\/2022\\\/04\\\/crna-gora-960x639-1.jpg\",\"datePublished\":\"2022-04-18T12:04:11+00:00\",\"dateModified\":\"2022-04-18T12:04:12+00:00\",\"breadcrumb\":{\"@id\":\"https:\\\/\\\/radioljubuski.ba\\\/index.php\\\/2022\\\/04\\\/18\\\/crnogorci-makedonci-i-portugalci-osiguralisvjetsko-prvenstvo\\\/#breadcrumb\"},\"inLanguage\":\"hr\",\"potentialAction\":[{\"@type\":\"ReadAction\",\"target\":[\"https:\\\/\\\/radioljubuski.ba\\\/index.php\\\/2022\\\/04\\\/18\\\/crnogorci-makedonci-i-portugalci-osiguralisvjetsko-prvenstvo\\\/\"]}]},{\"@type\":\"ImageObject\",\"inLanguage\":\"hr\",\"@id\":\"https:\\\/\\\/radioljubuski.ba\\\/index.php\\\/2022\\\/04\\\/18\\\/crnogorci-makedonci-i-portugalci-osiguralisvjetsko-prvenstvo\\\/#primaryimage\",\"url\":\"https:\\\/\\\/radioljubuski.ba\\\/wp-content\\\/uploads\\\/2022\\\/04\\\/crna-gora-960x639-1.jpg\",\"contentUrl\":\"https:\\\/\\\/radioljubuski.ba\\\/wp-content\\\/uploads\\\/2022\\\/04\\\/crna-gora-960x639-1.jpg\",\"width\":960,\"height\":639},{\"@type\":\"BreadcrumbList\",\"@id\":\"https:\\\/\\\/radioljubuski.ba\\\/index.php\\\/2022\\\/04\\\/18\\\/crnogorci-makedonci-i-portugalci-osiguralisvjetsko-prvenstvo\\\/#breadcrumb\",\"itemListElement\":[{\"@type\":\"ListItem\",\"position\":1,\"name\":\"Po\u010detna stranica\",\"item\":\"https:\\\/\\\/radioljubuski.ba\\\/\"},{\"@type\":\"ListItem\",\"position\":2,\"name\":\"Crnogorci, Makedonci i Portugalci osiguraliSvjetsko prvenstvo\"}]},{\"@type\":\"WebSite\",\"@id\":\"https:\\\/\\\/radioljubuski.ba\\\/#website\",\"url\":\"https:\\\/\\\/radioljubuski.ba\\\/\",\"name\":\"Radio Ljubu\u0161ki\",\"description\":\"Sun\u010dana frekvencija Hercegovine\",\"publisher\":{\"@id\":\"https:\\\/\\\/radioljubuski.ba\\\/#organization\"},\"potentialAction\":[{\"@type\":\"SearchAction\",\"target\":{\"@type\":\"EntryPoint\",\"urlTemplate\":\"https:\\\/\\\/radioljubuski.ba\\\/?s={search_term_string}\"},\"query-input\":{\"@type\":\"PropertyValueSpecification\",\"valueRequired\":true,\"valueName\":\"search_term_string\"}}],\"inLanguage\":\"hr\"},{\"@type\":\"Organization\",\"@id\":\"https:\\\/\\\/radioljubuski.ba\\\/#organization\",\"name\":\"Radio Ljubu\u0161ki\",\"url\":\"https:\\\/\\\/radioljubuski.ba\\\/\",\"logo\":{\"@type\":\"ImageObject\",\"inLanguage\":\"hr\",\"@id\":\"https:\\\/\\\/radioljubuski.ba\\\/#\\\/schema\\\/logo\\\/image\\\/\",\"url\":\"https:\\\/\\\/radioljubuski.ba\\\/wp-content\\\/uploads\\\/2021\\\/02\\\/cropped-Radio_Ljubuski_logo1.jpg\",\"contentUrl\":\"https:\\\/\\\/radioljubuski.ba\\\/wp-content\\\/uploads\\\/2021\\\/02\\\/cropped-Radio_Ljubuski_logo1.jpg\",\"width\":512,\"height\":512,\"caption\":\"Radio Ljubu\u0161ki\"},\"image\":{\"@id\":\"https:\\\/\\\/radioljubuski.ba\\\/#\\\/schema\\\/logo\\\/image\\\/\"},\"sameAs\":[\"https:\\\/\\\/www.facebook.com\\\/Radiio-Ljubuski-1490835324566332\",\"https:\\\/\\\/x.com\\\/radioljubuski\",\"https:\\\/\\\/hr.linkedin.com\\\/company\\\/radio-ljubuski\",\"https:\\\/\\\/www.youtube.com\\\/channel\\\/UCHYaeO_n0Db3tjNGudGpXyw\"]},{\"@type\":\"Person\",\"@id\":\"https:\\\/\\\/radioljubuski.ba\\\/#\\\/schema\\\/person\\\/19fc700381a780f69665d7956c469e3b\",\"name\":\"Radio Ljubu\u0161ki\"}]}<\/script>\n<!-- \/ Yoast SEO plugin. -->","yoast_head_json":{"title":"Crnogorci, Makedonci i Portugalci osiguraliSvjetsko prvenstvo - RADIO LJUBU\u0160KI","robots":{"index":"index","follow":"follow","max-snippet":"max-snippet:-1","max-image-preview":"max-image-preview:large","max-video-preview":"max-video-preview:-1"},"canonical":"https:\/\/radioljubuski.ba\/index.php\/2022\/04\/18\/crnogorci-makedonci-i-portugalci-osiguralisvjetsko-prvenstvo\/","og_locale":"hr_HR","og_type":"article","og_title":"Crnogorci, Makedonci i Portugalci osiguraliSvjetsko prvenstvo - RADIO LJUBU\u0160KI","og_description":"Rukometa\u0161i Crne Gore, Makedonije i Portugala osigurale su plasman na Svjetsko prvenstvo 2023. godine u Poljskoj i \u0160vedskoj. Portugalci su se izvukli nakon \u0161to su u prvoj utakmici kod ku\u0107e izgubili s tri razlike od Nizozemaca. U Amsterdamu su Portugalci slavili s 35-28 i plasirali se na SP. Crnogorci su kod ku\u0107e nadoknadili poraz od [&hellip;]","og_url":"https:\/\/radioljubuski.ba\/index.php\/2022\/04\/18\/crnogorci-makedonci-i-portugalci-osiguralisvjetsko-prvenstvo\/","og_site_name":"RADIO LJUBU\u0160KI","article_publisher":"https:\/\/www.facebook.com\/Radiio-Ljubuski-1490835324566332","article_published_time":"2022-04-18T12:04:11+00:00","article_modified_time":"2022-04-18T12:04:12+00:00","og_image":[{"width":960,"height":639,"url":"https:\/\/radioljubuski.ba\/wp-content\/uploads\/2022\/04\/crna-gora-960x639-1.jpg","type":"image\/jpeg"}],"author":"Radio Ljubu\u0161ki","twitter_card":"summary_large_image","twitter_creator":"@radioljubuski","twitter_site":"@radioljubuski","twitter_misc":{"Napisao\/la":"Radio Ljubu\u0161ki","Procijenjeno vrijeme \u010ditanja":"1 minuta"},"schema":{"@context":"https:\/\/schema.org","@graph":[{"@type":"Article","@id":"https:\/\/radioljubuski.ba\/index.php\/2022\/04\/18\/crnogorci-makedonci-i-portugalci-osiguralisvjetsko-prvenstvo\/#article","isPartOf":{"@id":"https:\/\/radioljubuski.ba\/index.php\/2022\/04\/18\/crnogorci-makedonci-i-portugalci-osiguralisvjetsko-prvenstvo\/"},"author":{"name":"Radio Ljubu\u0161ki","@id":"https:\/\/radioljubuski.ba\/#\/schema\/person\/19fc700381a780f69665d7956c469e3b"},"headline":"Crnogorci, Makedonci i Portugalci osiguraliSvjetsko prvenstvo","datePublished":"2022-04-18T12:04:11+00:00","dateModified":"2022-04-18T12:04:12+00:00","mainEntityOfPage":{"@id":"https:\/\/radioljubuski.ba\/index.php\/2022\/04\/18\/crnogorci-makedonci-i-portugalci-osiguralisvjetsko-prvenstvo\/"},"wordCount":165,"publisher":{"@id":"https:\/\/radioljubuski.ba\/#organization"},"image":{"@id":"https:\/\/radioljubuski.ba\/index.php\/2022\/04\/18\/crnogorci-makedonci-i-portugalci-osiguralisvjetsko-prvenstvo\/#primaryimage"},"thumbnailUrl":"https:\/\/radioljubuski.ba\/wp-content\/uploads\/2022\/04\/crna-gora-960x639-1.jpg","articleSection":["\u0160port"],"inLanguage":"hr"},{"@type":"WebPage","@id":"https:\/\/radioljubuski.ba\/index.php\/2022\/04\/18\/crnogorci-makedonci-i-portugalci-osiguralisvjetsko-prvenstvo\/","url":"https:\/\/radioljubuski.ba\/index.php\/2022\/04\/18\/crnogorci-makedonci-i-portugalci-osiguralisvjetsko-prvenstvo\/","name":"Crnogorci, Makedonci i Portugalci osiguraliSvjetsko prvenstvo - RADIO LJUBU\u0160KI","isPartOf":{"@id":"https:\/\/radioljubuski.ba\/#website"},"primaryImageOfPage":{"@id":"https:\/\/radioljubuski.ba\/index.php\/2022\/04\/18\/crnogorci-makedonci-i-portugalci-osiguralisvjetsko-prvenstvo\/#primaryimage"},"image":{"@id":"https:\/\/radioljubuski.ba\/index.php\/2022\/04\/18\/crnogorci-makedonci-i-portugalci-osiguralisvjetsko-prvenstvo\/#primaryimage"},"thumbnailUrl":"https:\/\/radioljubuski.ba\/wp-content\/uploads\/2022\/04\/crna-gora-960x639-1.jpg","datePublished":"2022-04-18T12:04:11+00:00","dateModified":"2022-04-18T12:04:12+00:00","breadcrumb":{"@id":"https:\/\/radioljubuski.ba\/index.php\/2022\/04\/18\/crnogorci-makedonci-i-portugalci-osiguralisvjetsko-prvenstvo\/#breadcrumb"},"inLanguage":"hr","potentialAction":[{"@type":"ReadAction","target":["https:\/\/radioljubuski.ba\/index.php\/2022\/04\/18\/crnogorci-makedonci-i-portugalci-osiguralisvjetsko-prvenstvo\/"]}]},{"@type":"ImageObject","inLanguage":"hr","@id":"https:\/\/radioljubuski.ba\/index.php\/2022\/04\/18\/crnogorci-makedonci-i-portugalci-osiguralisvjetsko-prvenstvo\/#primaryimage","url":"https:\/\/radioljubuski.ba\/wp-content\/uploads\/2022\/04\/crna-gora-960x639-1.jpg","contentUrl":"https:\/\/radioljubuski.ba\/wp-content\/uploads\/2022\/04\/crna-gora-960x639-1.jpg","width":960,"height":639},{"@type":"BreadcrumbList","@id":"https:\/\/radioljubuski.ba\/index.php\/2022\/04\/18\/crnogorci-makedonci-i-portugalci-osiguralisvjetsko-prvenstvo\/#breadcrumb","itemListElement":[{"@type":"ListItem","position":1,"name":"Po\u010detna stranica","item":"https:\/\/radioljubuski.ba\/"},{"@type":"ListItem","position":2,"name":"Crnogorci, Makedonci i Portugalci osiguraliSvjetsko prvenstvo"}]},{"@type":"WebSite","@id":"https:\/\/radioljubuski.ba\/#website","url":"https:\/\/radioljubuski.ba\/","name":"Radio Ljubu\u0161ki","description":"Sun\u010dana frekvencija Hercegovine","publisher":{"@id":"https:\/\/radioljubuski.ba\/#organization"},"potentialAction":[{"@type":"SearchAction","target":{"@type":"EntryPoint","urlTemplate":"https:\/\/radioljubuski.ba\/?s={search_term_string}"},"query-input":{"@type":"PropertyValueSpecification","valueRequired":true,"valueName":"search_term_string"}}],"inLanguage":"hr"},{"@type":"Organization","@id":"https:\/\/radioljubuski.ba\/#organization","name":"Radio Ljubu\u0161ki","url":"https:\/\/radioljubuski.ba\/","logo":{"@type":"ImageObject","inLanguage":"hr","@id":"https:\/\/radioljubuski.ba\/#\/schema\/logo\/image\/","url":"https:\/\/radioljubuski.ba\/wp-content\/uploads\/2021\/02\/cropped-Radio_Ljubuski_logo1.jpg","contentUrl":"https:\/\/radioljubuski.ba\/wp-content\/uploads\/2021\/02\/cropped-Radio_Ljubuski_logo1.jpg","width":512,"height":512,"caption":"Radio Ljubu\u0161ki"},"image":{"@id":"https:\/\/radioljubuski.ba\/#\/schema\/logo\/image\/"},"sameAs":["https:\/\/www.facebook.com\/Radiio-Ljubuski-1490835324566332","https:\/\/x.com\/radioljubuski","https:\/\/hr.linkedin.com\/company\/radio-ljubuski","https:\/\/www.youtube.com\/channel\/UCHYaeO_n0Db3tjNGudGpXyw"]},{"@type":"Person","@id":"https:\/\/radioljubuski.ba\/#\/schema\/person\/19fc700381a780f69665d7956c469e3b","name":"Radio Ljubu\u0161ki"}]}},"_links":{"self":[{"href":"https:\/\/radioljubuski.ba\/index.php\/wp-json\/wp\/v2\/posts\/133630","targetHints":{"allow":["GET"]}}],"collection":[{"href":"https:\/\/radioljubuski.ba\/index.php\/wp-json\/wp\/v2\/posts"}],"about":[{"href":"https:\/\/radioljubuski.ba\/index.php\/wp-json\/wp\/v2\/types\/post"}],"author":[{"embeddable":true,"href":"https:\/\/radioljubuski.ba\/index.php\/wp-json\/wp\/v2\/users\/2"}],"replies":[{"embeddable":true,"href":"https:\/\/radioljubuski.ba\/index.php\/wp-json\/wp\/v2\/comments?post=133630"}],"version-history":[{"count":1,"href":"https:\/\/radioljubuski.ba\/index.php\/wp-json\/wp\/v2\/posts\/133630\/revisions"}],"predecessor-version":[{"id":133632,"href":"https:\/\/radioljubuski.ba\/index.php\/wp-json\/wp\/v2\/posts\/133630\/revisions\/133632"}],"wp:featuredmedia":[{"embeddable":true,"href":"https:\/\/radioljubuski.ba\/index.php\/wp-json\/wp\/v2\/media\/133631"}],"wp:attachment":[{"href":"https:\/\/radioljubuski.ba\/index.php\/wp-json\/wp\/v2\/media?parent=133630"}],"wp:term":[{"taxonomy":"category","embeddable":true,"href":"https:\/\/radioljubuski.ba\/index.php\/wp-json\/wp\/v2\/categories?post=133630"},{"taxonomy":"post_tag","embeddable":true,"href":"https:\/\/radioljubuski.ba\/index.php\/wp-json\/wp\/v2\/tags?post=133630"}],"curies":[{"name":"wp","href":"https:\/\/api.w.org\/{rel}","templated":true}]}}