{"id":133636,"date":"2022-04-18T13:07:56","date_gmt":"2022-04-18T12:07:56","guid":{"rendered":"https:\/\/radioljubuski.ba\/?p=133636"},"modified":"2022-04-18T13:07:58","modified_gmt":"2022-04-18T12:07:58","slug":"pique-u-sredistu-skandala-koji-trese-spanjolski-nogomet","status":"publish","type":"post","link":"https:\/\/radioljubuski.ba\/index.php\/2022\/04\/18\/pique-u-sredistu-skandala-koji-trese-spanjolski-nogomet\/","title":{"rendered":"Pique u sredi\u0161tu skandala koji trese \u0161panjolski nogomet"},"content":{"rendered":"\n<p>Veliki skandal trese \u0161panjolski nogomet, a u njegovom sredi\u0161tu su brani\u010d Barcelone Gerard Pique i predsjednik \u0160panjolskog nogometnog saveza Luis Rubiales.<\/p>\n\n\n\n<p>El Confidencial je objavio snimke na kojima Pique i Rubiales dogovaraju odigravanje \u0161panjolskog Superkupa u Saudijskoj Arabiji.<br><br>Posao je trebao biti obavljen preko Piqueove agencije Kosmos, a da je Superkup bio preba\u010den u Rijad, brani\u010d bi dobio \u0161est milijuna eura. Na koncu se to nije ostvarilo.<br><br>&#8211; Rubi, da vidimo, kad je u pitanju novac, ako bi Realu i\u0161lo osam milijuna, onda isto toliko ide i Barceloni. Ostali su pla\u0107eni dva milijuna i milijun eura. To je ukupno 19, a ti savezu daje\u0161 \u0161est milijuna i tebi ostaje \u0161est. Izbacimo Saudijsku Arabiju i ostane nam mo\u017eda i vi\u0161e. Ako ne\u0107e, re\u0107i \u0107emo da Real ne\u0107e do\u0107i, rekao je Pique Rubialesu.<br><br>Pique bi, da je ovo pro\u0161lo, dobio ukupno 24 milijuna eura kroz \u010detiri godine, dok bi iznos od 40 milijuna eura i\u0161ao na ra\u010dun Saveza. Prvo izdanje Superkupa odigrano je u Rijadu 2020. godine.<\/p>\n\n\n\n<blockquote class=\"twitter-tweet\"><p lang=\"es\" dir=\"ltr\">EXCLUSIVA | Rubiales pact\u00f3 con Piqu\u00e9 un pelotazo de 24 millones por la Supercopa en Arabia: &quot;Os qued\u00e1is seis kilos&quot; <a href=\"https:\/\/twitter.com\/hashtag\/SupercopaFiles?src=hash&amp;ref_src=twsrc%5Etfw\">#SupercopaFiles<\/a><a href=\"https:\/\/t.co\/fC8aW4G4Ge\">https:\/\/t.co\/fC8aW4G4Ge<\/a><\/p>&mdash; El Confidencial (@elconfidencial) <a href=\"https:\/\/twitter.com\/elconfidencial\/status\/1515933143022260227?ref_src=twsrc%5Etfw\">April 18, 2022<\/a><\/blockquote> <script async src=\"https:\/\/platform.twitter.com\/widgets.js\" charset=\"utf-8\"><\/script> \n\n\n\n<p>Izvor:hrt.hr<\/p>\n","protected":false},"excerpt":{"rendered":"<p>Veliki skandal trese \u0161panjolski nogomet, a u njegovom sredi\u0161tu su brani\u010d Barcelone Gerard Pique i predsjednik \u0160panjolskog nogometnog saveza Luis Rubiales. El Confidencial je objavio snimke na kojima Pique i Rubiales dogovaraju odigravanje \u0161panjolskog Superkupa u Saudijskoj Arabiji. Posao je trebao biti obavljen preko Piqueove agencije Kosmos, a da je Superkup bio preba\u010den u Rijad, [&hellip;]<\/p>\n","protected":false},"author":2,"featured_media":133637,"comment_status":"closed","ping_status":"closed","sticky":false,"template":"","format":"standard","meta":{"h5ap_radio_sources":[],"footnotes":""},"categories":[7],"tags":[],"class_list":["post-133636","post","type-post","status-publish","format-standard","has-post-thumbnail","hentry","category-sport"],"yoast_head":"<!-- This site is optimized with the Yoast SEO plugin v27.5 - https:\/\/yoast.com\/product\/yoast-seo-wordpress\/ -->\n<title>Pique u sredi\u0161tu skandala koji trese \u0161panjolski nogomet - RADIO LJUBU\u0160KI<\/title>\n<meta name=\"robots\" content=\"index, follow, max-snippet:-1, max-image-preview:large, max-video-preview:-1\" \/>\n<link rel=\"canonical\" href=\"https:\/\/radioljubuski.ba\/index.php\/2022\/04\/18\/pique-u-sredistu-skandala-koji-trese-spanjolski-nogomet\/\" \/>\n<meta property=\"og:locale\" content=\"hr_HR\" \/>\n<meta property=\"og:type\" content=\"article\" \/>\n<meta property=\"og:title\" content=\"Pique u sredi\u0161tu skandala koji trese \u0161panjolski nogomet - RADIO LJUBU\u0160KI\" \/>\n<meta property=\"og:description\" content=\"Veliki skandal trese \u0161panjolski nogomet, a u njegovom sredi\u0161tu su brani\u010d Barcelone Gerard Pique i predsjednik \u0160panjolskog nogometnog saveza Luis Rubiales. El Confidencial je objavio snimke na kojima Pique i Rubiales dogovaraju odigravanje \u0161panjolskog Superkupa u Saudijskoj Arabiji. Posao je trebao biti obavljen preko Piqueove agencije Kosmos, a da je Superkup bio preba\u010den u Rijad, [&hellip;]\" \/>\n<meta property=\"og:url\" content=\"https:\/\/radioljubuski.ba\/index.php\/2022\/04\/18\/pique-u-sredistu-skandala-koji-trese-spanjolski-nogomet\/\" \/>\n<meta property=\"og:site_name\" content=\"RADIO LJUBU\u0160KI\" \/>\n<meta property=\"article:publisher\" content=\"https:\/\/www.facebook.com\/Radiio-Ljubuski-1490835324566332\" \/>\n<meta property=\"article:published_time\" content=\"2022-04-18T12:07:56+00:00\" \/>\n<meta property=\"article:modified_time\" content=\"2022-04-18T12:07:58+00:00\" \/>\n<meta property=\"og:image\" content=\"https:\/\/radioljubuski.ba\/wp-content\/uploads\/2022\/04\/2022-03-20t212800z-1998422335-up1ei3k1nmmpa-rtrmadp-3-soccer-spain-mad-fcb-report-20220418103409.jpg\" \/>\n\t<meta property=\"og:image:width\" content=\"688\" \/>\n\t<meta property=\"og:image:height\" content=\"412\" \/>\n\t<meta property=\"og:image:type\" content=\"image\/jpeg\" \/>\n<meta name=\"author\" content=\"Radio Ljubu\u0161ki\" \/>\n<meta name=\"twitter:card\" content=\"summary_large_image\" \/>\n<meta name=\"twitter:creator\" content=\"@radioljubuski\" \/>\n<meta name=\"twitter:site\" content=\"@radioljubuski\" \/>\n<meta name=\"twitter:label1\" content=\"Napisao\/la\" \/>\n\t<meta name=\"twitter:data1\" content=\"Radio Ljubu\u0161ki\" \/>\n\t<meta name=\"twitter:label2\" content=\"Procijenjeno vrijeme \u010ditanja\" \/>\n\t<meta name=\"twitter:data2\" content=\"1 minuta\" \/>\n<script type=\"application\/ld+json\" class=\"yoast-schema-graph\">{\"@context\":\"https:\\\/\\\/schema.org\",\"@graph\":[{\"@type\":\"Article\",\"@id\":\"https:\\\/\\\/radioljubuski.ba\\\/index.php\\\/2022\\\/04\\\/18\\\/pique-u-sredistu-skandala-koji-trese-spanjolski-nogomet\\\/#article\",\"isPartOf\":{\"@id\":\"https:\\\/\\\/radioljubuski.ba\\\/index.php\\\/2022\\\/04\\\/18\\\/pique-u-sredistu-skandala-koji-trese-spanjolski-nogomet\\\/\"},\"author\":{\"name\":\"Radio Ljubu\u0161ki\",\"@id\":\"https:\\\/\\\/radioljubuski.ba\\\/#\\\/schema\\\/person\\\/19fc700381a780f69665d7956c469e3b\"},\"headline\":\"Pique u sredi\u0161tu skandala koji trese \u0161panjolski nogomet\",\"datePublished\":\"2022-04-18T12:07:56+00:00\",\"dateModified\":\"2022-04-18T12:07:58+00:00\",\"mainEntityOfPage\":{\"@id\":\"https:\\\/\\\/radioljubuski.ba\\\/index.php\\\/2022\\\/04\\\/18\\\/pique-u-sredistu-skandala-koji-trese-spanjolski-nogomet\\\/\"},\"wordCount\":220,\"publisher\":{\"@id\":\"https:\\\/\\\/radioljubuski.ba\\\/#organization\"},\"image\":{\"@id\":\"https:\\\/\\\/radioljubuski.ba\\\/index.php\\\/2022\\\/04\\\/18\\\/pique-u-sredistu-skandala-koji-trese-spanjolski-nogomet\\\/#primaryimage\"},\"thumbnailUrl\":\"https:\\\/\\\/radioljubuski.ba\\\/wp-content\\\/uploads\\\/2022\\\/04\\\/2022-03-20t212800z-1998422335-up1ei3k1nmmpa-rtrmadp-3-soccer-spain-mad-fcb-report-20220418103409.jpg\",\"articleSection\":[\"\u0160port\"],\"inLanguage\":\"hr\"},{\"@type\":\"WebPage\",\"@id\":\"https:\\\/\\\/radioljubuski.ba\\\/index.php\\\/2022\\\/04\\\/18\\\/pique-u-sredistu-skandala-koji-trese-spanjolski-nogomet\\\/\",\"url\":\"https:\\\/\\\/radioljubuski.ba\\\/index.php\\\/2022\\\/04\\\/18\\\/pique-u-sredistu-skandala-koji-trese-spanjolski-nogomet\\\/\",\"name\":\"Pique u sredi\u0161tu skandala koji trese \u0161panjolski nogomet - RADIO LJUBU\u0160KI\",\"isPartOf\":{\"@id\":\"https:\\\/\\\/radioljubuski.ba\\\/#website\"},\"primaryImageOfPage\":{\"@id\":\"https:\\\/\\\/radioljubuski.ba\\\/index.php\\\/2022\\\/04\\\/18\\\/pique-u-sredistu-skandala-koji-trese-spanjolski-nogomet\\\/#primaryimage\"},\"image\":{\"@id\":\"https:\\\/\\\/radioljubuski.ba\\\/index.php\\\/2022\\\/04\\\/18\\\/pique-u-sredistu-skandala-koji-trese-spanjolski-nogomet\\\/#primaryimage\"},\"thumbnailUrl\":\"https:\\\/\\\/radioljubuski.ba\\\/wp-content\\\/uploads\\\/2022\\\/04\\\/2022-03-20t212800z-1998422335-up1ei3k1nmmpa-rtrmadp-3-soccer-spain-mad-fcb-report-20220418103409.jpg\",\"datePublished\":\"2022-04-18T12:07:56+00:00\",\"dateModified\":\"2022-04-18T12:07:58+00:00\",\"breadcrumb\":{\"@id\":\"https:\\\/\\\/radioljubuski.ba\\\/index.php\\\/2022\\\/04\\\/18\\\/pique-u-sredistu-skandala-koji-trese-spanjolski-nogomet\\\/#breadcrumb\"},\"inLanguage\":\"hr\",\"potentialAction\":[{\"@type\":\"ReadAction\",\"target\":[\"https:\\\/\\\/radioljubuski.ba\\\/index.php\\\/2022\\\/04\\\/18\\\/pique-u-sredistu-skandala-koji-trese-spanjolski-nogomet\\\/\"]}]},{\"@type\":\"ImageObject\",\"inLanguage\":\"hr\",\"@id\":\"https:\\\/\\\/radioljubuski.ba\\\/index.php\\\/2022\\\/04\\\/18\\\/pique-u-sredistu-skandala-koji-trese-spanjolski-nogomet\\\/#primaryimage\",\"url\":\"https:\\\/\\\/radioljubuski.ba\\\/wp-content\\\/uploads\\\/2022\\\/04\\\/2022-03-20t212800z-1998422335-up1ei3k1nmmpa-rtrmadp-3-soccer-spain-mad-fcb-report-20220418103409.jpg\",\"contentUrl\":\"https:\\\/\\\/radioljubuski.ba\\\/wp-content\\\/uploads\\\/2022\\\/04\\\/2022-03-20t212800z-1998422335-up1ei3k1nmmpa-rtrmadp-3-soccer-spain-mad-fcb-report-20220418103409.jpg\",\"width\":688,\"height\":412},{\"@type\":\"BreadcrumbList\",\"@id\":\"https:\\\/\\\/radioljubuski.ba\\\/index.php\\\/2022\\\/04\\\/18\\\/pique-u-sredistu-skandala-koji-trese-spanjolski-nogomet\\\/#breadcrumb\",\"itemListElement\":[{\"@type\":\"ListItem\",\"position\":1,\"name\":\"Po\u010detna stranica\",\"item\":\"https:\\\/\\\/radioljubuski.ba\\\/\"},{\"@type\":\"ListItem\",\"position\":2,\"name\":\"Pique u sredi\u0161tu skandala koji trese \u0161panjolski nogomet\"}]},{\"@type\":\"WebSite\",\"@id\":\"https:\\\/\\\/radioljubuski.ba\\\/#website\",\"url\":\"https:\\\/\\\/radioljubuski.ba\\\/\",\"name\":\"Radio Ljubu\u0161ki\",\"description\":\"Sun\u010dana frekvencija Hercegovine\",\"publisher\":{\"@id\":\"https:\\\/\\\/radioljubuski.ba\\\/#organization\"},\"potentialAction\":[{\"@type\":\"SearchAction\",\"target\":{\"@type\":\"EntryPoint\",\"urlTemplate\":\"https:\\\/\\\/radioljubuski.ba\\\/?s={search_term_string}\"},\"query-input\":{\"@type\":\"PropertyValueSpecification\",\"valueRequired\":true,\"valueName\":\"search_term_string\"}}],\"inLanguage\":\"hr\"},{\"@type\":\"Organization\",\"@id\":\"https:\\\/\\\/radioljubuski.ba\\\/#organization\",\"name\":\"Radio Ljubu\u0161ki\",\"url\":\"https:\\\/\\\/radioljubuski.ba\\\/\",\"logo\":{\"@type\":\"ImageObject\",\"inLanguage\":\"hr\",\"@id\":\"https:\\\/\\\/radioljubuski.ba\\\/#\\\/schema\\\/logo\\\/image\\\/\",\"url\":\"https:\\\/\\\/radioljubuski.ba\\\/wp-content\\\/uploads\\\/2021\\\/02\\\/cropped-Radio_Ljubuski_logo1.jpg\",\"contentUrl\":\"https:\\\/\\\/radioljubuski.ba\\\/wp-content\\\/uploads\\\/2021\\\/02\\\/cropped-Radio_Ljubuski_logo1.jpg\",\"width\":512,\"height\":512,\"caption\":\"Radio Ljubu\u0161ki\"},\"image\":{\"@id\":\"https:\\\/\\\/radioljubuski.ba\\\/#\\\/schema\\\/logo\\\/image\\\/\"},\"sameAs\":[\"https:\\\/\\\/www.facebook.com\\\/Radiio-Ljubuski-1490835324566332\",\"https:\\\/\\\/x.com\\\/radioljubuski\",\"https:\\\/\\\/hr.linkedin.com\\\/company\\\/radio-ljubuski\",\"https:\\\/\\\/www.youtube.com\\\/channel\\\/UCHYaeO_n0Db3tjNGudGpXyw\"]},{\"@type\":\"Person\",\"@id\":\"https:\\\/\\\/radioljubuski.ba\\\/#\\\/schema\\\/person\\\/19fc700381a780f69665d7956c469e3b\",\"name\":\"Radio Ljubu\u0161ki\"}]}<\/script>\n<!-- \/ Yoast SEO plugin. -->","yoast_head_json":{"title":"Pique u sredi\u0161tu skandala koji trese \u0161panjolski nogomet - RADIO LJUBU\u0160KI","robots":{"index":"index","follow":"follow","max-snippet":"max-snippet:-1","max-image-preview":"max-image-preview:large","max-video-preview":"max-video-preview:-1"},"canonical":"https:\/\/radioljubuski.ba\/index.php\/2022\/04\/18\/pique-u-sredistu-skandala-koji-trese-spanjolski-nogomet\/","og_locale":"hr_HR","og_type":"article","og_title":"Pique u sredi\u0161tu skandala koji trese \u0161panjolski nogomet - RADIO LJUBU\u0160KI","og_description":"Veliki skandal trese \u0161panjolski nogomet, a u njegovom sredi\u0161tu su brani\u010d Barcelone Gerard Pique i predsjednik \u0160panjolskog nogometnog saveza Luis Rubiales. El Confidencial je objavio snimke na kojima Pique i Rubiales dogovaraju odigravanje \u0161panjolskog Superkupa u Saudijskoj Arabiji. Posao je trebao biti obavljen preko Piqueove agencije Kosmos, a da je Superkup bio preba\u010den u Rijad, [&hellip;]","og_url":"https:\/\/radioljubuski.ba\/index.php\/2022\/04\/18\/pique-u-sredistu-skandala-koji-trese-spanjolski-nogomet\/","og_site_name":"RADIO LJUBU\u0160KI","article_publisher":"https:\/\/www.facebook.com\/Radiio-Ljubuski-1490835324566332","article_published_time":"2022-04-18T12:07:56+00:00","article_modified_time":"2022-04-18T12:07:58+00:00","og_image":[{"width":688,"height":412,"url":"https:\/\/radioljubuski.ba\/wp-content\/uploads\/2022\/04\/2022-03-20t212800z-1998422335-up1ei3k1nmmpa-rtrmadp-3-soccer-spain-mad-fcb-report-20220418103409.jpg","type":"image\/jpeg"}],"author":"Radio Ljubu\u0161ki","twitter_card":"summary_large_image","twitter_creator":"@radioljubuski","twitter_site":"@radioljubuski","twitter_misc":{"Napisao\/la":"Radio Ljubu\u0161ki","Procijenjeno vrijeme \u010ditanja":"1 minuta"},"schema":{"@context":"https:\/\/schema.org","@graph":[{"@type":"Article","@id":"https:\/\/radioljubuski.ba\/index.php\/2022\/04\/18\/pique-u-sredistu-skandala-koji-trese-spanjolski-nogomet\/#article","isPartOf":{"@id":"https:\/\/radioljubuski.ba\/index.php\/2022\/04\/18\/pique-u-sredistu-skandala-koji-trese-spanjolski-nogomet\/"},"author":{"name":"Radio Ljubu\u0161ki","@id":"https:\/\/radioljubuski.ba\/#\/schema\/person\/19fc700381a780f69665d7956c469e3b"},"headline":"Pique u sredi\u0161tu skandala koji trese \u0161panjolski nogomet","datePublished":"2022-04-18T12:07:56+00:00","dateModified":"2022-04-18T12:07:58+00:00","mainEntityOfPage":{"@id":"https:\/\/radioljubuski.ba\/index.php\/2022\/04\/18\/pique-u-sredistu-skandala-koji-trese-spanjolski-nogomet\/"},"wordCount":220,"publisher":{"@id":"https:\/\/radioljubuski.ba\/#organization"},"image":{"@id":"https:\/\/radioljubuski.ba\/index.php\/2022\/04\/18\/pique-u-sredistu-skandala-koji-trese-spanjolski-nogomet\/#primaryimage"},"thumbnailUrl":"https:\/\/radioljubuski.ba\/wp-content\/uploads\/2022\/04\/2022-03-20t212800z-1998422335-up1ei3k1nmmpa-rtrmadp-3-soccer-spain-mad-fcb-report-20220418103409.jpg","articleSection":["\u0160port"],"inLanguage":"hr"},{"@type":"WebPage","@id":"https:\/\/radioljubuski.ba\/index.php\/2022\/04\/18\/pique-u-sredistu-skandala-koji-trese-spanjolski-nogomet\/","url":"https:\/\/radioljubuski.ba\/index.php\/2022\/04\/18\/pique-u-sredistu-skandala-koji-trese-spanjolski-nogomet\/","name":"Pique u sredi\u0161tu skandala koji trese \u0161panjolski nogomet - RADIO LJUBU\u0160KI","isPartOf":{"@id":"https:\/\/radioljubuski.ba\/#website"},"primaryImageOfPage":{"@id":"https:\/\/radioljubuski.ba\/index.php\/2022\/04\/18\/pique-u-sredistu-skandala-koji-trese-spanjolski-nogomet\/#primaryimage"},"image":{"@id":"https:\/\/radioljubuski.ba\/index.php\/2022\/04\/18\/pique-u-sredistu-skandala-koji-trese-spanjolski-nogomet\/#primaryimage"},"thumbnailUrl":"https:\/\/radioljubuski.ba\/wp-content\/uploads\/2022\/04\/2022-03-20t212800z-1998422335-up1ei3k1nmmpa-rtrmadp-3-soccer-spain-mad-fcb-report-20220418103409.jpg","datePublished":"2022-04-18T12:07:56+00:00","dateModified":"2022-04-18T12:07:58+00:00","breadcrumb":{"@id":"https:\/\/radioljubuski.ba\/index.php\/2022\/04\/18\/pique-u-sredistu-skandala-koji-trese-spanjolski-nogomet\/#breadcrumb"},"inLanguage":"hr","potentialAction":[{"@type":"ReadAction","target":["https:\/\/radioljubuski.ba\/index.php\/2022\/04\/18\/pique-u-sredistu-skandala-koji-trese-spanjolski-nogomet\/"]}]},{"@type":"ImageObject","inLanguage":"hr","@id":"https:\/\/radioljubuski.ba\/index.php\/2022\/04\/18\/pique-u-sredistu-skandala-koji-trese-spanjolski-nogomet\/#primaryimage","url":"https:\/\/radioljubuski.ba\/wp-content\/uploads\/2022\/04\/2022-03-20t212800z-1998422335-up1ei3k1nmmpa-rtrmadp-3-soccer-spain-mad-fcb-report-20220418103409.jpg","contentUrl":"https:\/\/radioljubuski.ba\/wp-content\/uploads\/2022\/04\/2022-03-20t212800z-1998422335-up1ei3k1nmmpa-rtrmadp-3-soccer-spain-mad-fcb-report-20220418103409.jpg","width":688,"height":412},{"@type":"BreadcrumbList","@id":"https:\/\/radioljubuski.ba\/index.php\/2022\/04\/18\/pique-u-sredistu-skandala-koji-trese-spanjolski-nogomet\/#breadcrumb","itemListElement":[{"@type":"ListItem","position":1,"name":"Po\u010detna stranica","item":"https:\/\/radioljubuski.ba\/"},{"@type":"ListItem","position":2,"name":"Pique u sredi\u0161tu skandala koji trese \u0161panjolski nogomet"}]},{"@type":"WebSite","@id":"https:\/\/radioljubuski.ba\/#website","url":"https:\/\/radioljubuski.ba\/","name":"Radio Ljubu\u0161ki","description":"Sun\u010dana frekvencija Hercegovine","publisher":{"@id":"https:\/\/radioljubuski.ba\/#organization"},"potentialAction":[{"@type":"SearchAction","target":{"@type":"EntryPoint","urlTemplate":"https:\/\/radioljubuski.ba\/?s={search_term_string}"},"query-input":{"@type":"PropertyValueSpecification","valueRequired":true,"valueName":"search_term_string"}}],"inLanguage":"hr"},{"@type":"Organization","@id":"https:\/\/radioljubuski.ba\/#organization","name":"Radio Ljubu\u0161ki","url":"https:\/\/radioljubuski.ba\/","logo":{"@type":"ImageObject","inLanguage":"hr","@id":"https:\/\/radioljubuski.ba\/#\/schema\/logo\/image\/","url":"https:\/\/radioljubuski.ba\/wp-content\/uploads\/2021\/02\/cropped-Radio_Ljubuski_logo1.jpg","contentUrl":"https:\/\/radioljubuski.ba\/wp-content\/uploads\/2021\/02\/cropped-Radio_Ljubuski_logo1.jpg","width":512,"height":512,"caption":"Radio Ljubu\u0161ki"},"image":{"@id":"https:\/\/radioljubuski.ba\/#\/schema\/logo\/image\/"},"sameAs":["https:\/\/www.facebook.com\/Radiio-Ljubuski-1490835324566332","https:\/\/x.com\/radioljubuski","https:\/\/hr.linkedin.com\/company\/radio-ljubuski","https:\/\/www.youtube.com\/channel\/UCHYaeO_n0Db3tjNGudGpXyw"]},{"@type":"Person","@id":"https:\/\/radioljubuski.ba\/#\/schema\/person\/19fc700381a780f69665d7956c469e3b","name":"Radio Ljubu\u0161ki"}]}},"_links":{"self":[{"href":"https:\/\/radioljubuski.ba\/index.php\/wp-json\/wp\/v2\/posts\/133636","targetHints":{"allow":["GET"]}}],"collection":[{"href":"https:\/\/radioljubuski.ba\/index.php\/wp-json\/wp\/v2\/posts"}],"about":[{"href":"https:\/\/radioljubuski.ba\/index.php\/wp-json\/wp\/v2\/types\/post"}],"author":[{"embeddable":true,"href":"https:\/\/radioljubuski.ba\/index.php\/wp-json\/wp\/v2\/users\/2"}],"replies":[{"embeddable":true,"href":"https:\/\/radioljubuski.ba\/index.php\/wp-json\/wp\/v2\/comments?post=133636"}],"version-history":[{"count":1,"href":"https:\/\/radioljubuski.ba\/index.php\/wp-json\/wp\/v2\/posts\/133636\/revisions"}],"predecessor-version":[{"id":133638,"href":"https:\/\/radioljubuski.ba\/index.php\/wp-json\/wp\/v2\/posts\/133636\/revisions\/133638"}],"wp:featuredmedia":[{"embeddable":true,"href":"https:\/\/radioljubuski.ba\/index.php\/wp-json\/wp\/v2\/media\/133637"}],"wp:attachment":[{"href":"https:\/\/radioljubuski.ba\/index.php\/wp-json\/wp\/v2\/media?parent=133636"}],"wp:term":[{"taxonomy":"category","embeddable":true,"href":"https:\/\/radioljubuski.ba\/index.php\/wp-json\/wp\/v2\/categories?post=133636"},{"taxonomy":"post_tag","embeddable":true,"href":"https:\/\/radioljubuski.ba\/index.php\/wp-json\/wp\/v2\/tags?post=133636"}],"curies":[{"name":"wp","href":"https:\/\/api.w.org\/{rel}","templated":true}]}}