{"id":133642,"date":"2022-04-18T13:10:57","date_gmt":"2022-04-18T12:10:57","guid":{"rendered":"https:\/\/radioljubuski.ba\/?p=133642"},"modified":"2022-04-18T13:10:58","modified_gmt":"2022-04-18T12:10:58","slug":"porazom-od-lokomotive-rijeka-ispala-iz-borbe-za-vrh","status":"publish","type":"post","link":"https:\/\/radioljubuski.ba\/index.php\/2022\/04\/18\/porazom-od-lokomotive-rijeka-ispala-iz-borbe-za-vrh\/","title":{"rendered":"Porazom od Lokomotive Rijeka ispala iz borbe za vrh"},"content":{"rendered":"\n<p>U posljednjoj utakmici 31. kola Prve HNL Lokomotiva je kao doma\u0107in na stadionu u Kranj\u010devi\u0107evoj ulici svladala Rijeku sa 2-1 (1-0). Golove za Lokomotivu postigli su Luka Stojkovi\u0107 (38) i Lukas Ka\u010davenda (46), da bi poraz Rijeke ubla\u017eio Josip Drmi\u0107 (90+2).<\/p>\n\n\n\n<p>Do prednosti su doma\u0107i stigli sjajnim potezom talentiranog Stojkovi\u0107a koji je odmah po primitku lopte pucao sa 22-23 metra udaljenosti i pogodio sam donji lijevi kut gostuju\u0107eg gola.<\/p>\n\n\n\n<p>Odli\u010dnu utakmicu Stojkovi\u0107 je potvrdio i asistencijom za drugi gol svoje mom\u010dadi, u prvoj minuti nastavka izveo je udarac iz kuta kojega je Ka\u010davenda glavom proslijedio u mre\u017eu.<\/p>\n\n\n\n<p>U suda\u010dkoj nadoknadi Drmi\u0107 je odli\u010dno reagirao u kaznenom prostoru doma\u0107ih, prihvatio &#8220;svije\u0107u&#8221; koju je ubacio <strong>Smol\u010di\u0107<\/strong>, okrenuo se i svladao <strong>Nevisti\u0107a<\/strong> za kona\u010dnih 2-1.<\/p>\n\n\n\n<p>Peta Lokomotiva sada ima 43 boda, tri vi\u0161e od \u0161este Gorice, ali i 12 manje od \u010detvrte Rijeke.<\/p>\n\n\n\n<p>Na vrhu je Dinamo sa 66 bodova, dva manje uz utakmicu vi\u0161e ima drugi Osijek, dok je tre\u0107i Hajduk sa 59 bodova.&nbsp;<\/p>\n\n\n\n<p>REZULTATI 31. KOLA,<\/p>\n\n\n\n<p>Petak:<\/p>\n\n\n\n<p>Dinamo &#8211; Istra 1961 3-0 (Or\u0161i\u0107 8, 45, Emreli 50)<\/p>\n\n\n\n<p>Hajduk &#8211; Gorica 1-0 (Jovi\u010di\u0107 13-ag)<\/p>\n\n\n\n<p>Subota:<\/p>\n\n\n\n<p>\u0160ibenik &#8211; Slaven Belupo 2-1 (Vidovi\u0107 14, Deli\u0107 37 \/ Crnac 65)<\/p>\n\n\n\n<p>Osijek &#8211; Hrvatski dragovoljac 2-1 (\u017daper 3, Top\u010dagi\u0107 45+2 \/ Gale\u0161i\u0107 32)<\/p>\n\n\n\n<p>Lokomotiva &#8211; Rijeka 2-1 (Stojkovi\u0107 38, Ka\u010davenda 46 \/ Drmi\u0107 90+2)<\/p>\n\n\n\n<p>TABLICA:<\/p>\n\n\n\n<p>&nbsp;1. Dinamo 30 20 6 4 58-19 66<\/p>\n\n\n\n<p>&nbsp;2. Osijek 31 18 10 3 44-20 64<\/p>\n\n\n\n<p>&nbsp;3. Hajduk 30 17 8 5 54-26 59<\/p>\n\n\n\n<p>&nbsp;4. Rijeka 31 17 4 10 60-42 55<\/p>\n\n\n\n<p>&nbsp;5. Lokomotiva 31 11 10 10 47-42 43<\/p>\n\n\n\n<p>&nbsp;6. Gorica 31 11 7 13 36-43 40<\/p>\n\n\n\n<p>&nbsp;7. Slaven Belupo 31 8 6 16 29-47 30<\/p>\n\n\n\n<p>&nbsp;8. \u0160ibenik 31 8 5 18 39-62 29<\/p>\n\n\n\n<p>&nbsp;9. Istra 1961 31 6 8 17 33-57 26<\/p>\n\n\n\n<p>10. Hr. dragovoljac 31 3 6 22 26-68 15<\/p>\n\n\n\n<p>Izvor:hrt.hr<\/p>\n","protected":false},"excerpt":{"rendered":"<p>U posljednjoj utakmici 31. kola Prve HNL Lokomotiva je kao doma\u0107in na stadionu u Kranj\u010devi\u0107evoj ulici svladala Rijeku sa 2-1 (1-0). Golove za Lokomotivu postigli su Luka Stojkovi\u0107 (38) i Lukas Ka\u010davenda (46), da bi poraz Rijeke ubla\u017eio Josip Drmi\u0107 (90+2). Do prednosti su doma\u0107i stigli sjajnim potezom talentiranog Stojkovi\u0107a koji je odmah po primitku [&hellip;]<\/p>\n","protected":false},"author":2,"featured_media":133643,"comment_status":"closed","ping_status":"closed","sticky":false,"template":"","format":"standard","meta":{"h5ap_radio_sources":[],"footnotes":""},"categories":[7],"tags":[],"class_list":["post-133642","post","type-post","status-publish","format-standard","has-post-thumbnail","hentry","category-sport"],"yoast_head":"<!-- This site is optimized with the Yoast SEO plugin v27.5 - https:\/\/yoast.com\/product\/yoast-seo-wordpress\/ -->\n<title>Porazom od Lokomotive Rijeka ispala iz borbe za vrh - RADIO LJUBU\u0160KI<\/title>\n<meta name=\"robots\" content=\"index, follow, max-snippet:-1, max-image-preview:large, max-video-preview:-1\" \/>\n<link rel=\"canonical\" href=\"https:\/\/radioljubuski.ba\/index.php\/2022\/04\/18\/porazom-od-lokomotive-rijeka-ispala-iz-borbe-za-vrh\/\" \/>\n<meta property=\"og:locale\" content=\"hr_HR\" \/>\n<meta property=\"og:type\" content=\"article\" \/>\n<meta property=\"og:title\" content=\"Porazom od Lokomotive Rijeka ispala iz borbe za vrh - RADIO LJUBU\u0160KI\" \/>\n<meta property=\"og:description\" content=\"U posljednjoj utakmici 31. kola Prve HNL Lokomotiva je kao doma\u0107in na stadionu u Kranj\u010devi\u0107evoj ulici svladala Rijeku sa 2-1 (1-0). Golove za Lokomotivu postigli su Luka Stojkovi\u0107 (38) i Lukas Ka\u010davenda (46), da bi poraz Rijeke ubla\u017eio Josip Drmi\u0107 (90+2). Do prednosti su doma\u0107i stigli sjajnim potezom talentiranog Stojkovi\u0107a koji je odmah po primitku [&hellip;]\" \/>\n<meta property=\"og:url\" content=\"https:\/\/radioljubuski.ba\/index.php\/2022\/04\/18\/porazom-od-lokomotive-rijeka-ispala-iz-borbe-za-vrh\/\" \/>\n<meta property=\"og:site_name\" content=\"RADIO LJUBU\u0160KI\" \/>\n<meta property=\"article:publisher\" content=\"https:\/\/www.facebook.com\/Radiio-Ljubuski-1490835324566332\" \/>\n<meta property=\"article:published_time\" content=\"2022-04-18T12:10:57+00:00\" \/>\n<meta property=\"article:modified_time\" content=\"2022-04-18T12:10:58+00:00\" \/>\n<meta property=\"og:image\" content=\"https:\/\/radioljubuski.ba\/wp-content\/uploads\/2022\/04\/HN20220416489072-696x464-1.jpg\" \/>\n\t<meta property=\"og:image:width\" content=\"696\" \/>\n\t<meta property=\"og:image:height\" content=\"464\" \/>\n\t<meta property=\"og:image:type\" content=\"image\/jpeg\" \/>\n<meta name=\"author\" content=\"Radio Ljubu\u0161ki\" \/>\n<meta name=\"twitter:card\" content=\"summary_large_image\" \/>\n<meta name=\"twitter:creator\" content=\"@radioljubuski\" \/>\n<meta name=\"twitter:site\" content=\"@radioljubuski\" \/>\n<meta name=\"twitter:label1\" content=\"Napisao\/la\" \/>\n\t<meta name=\"twitter:data1\" content=\"Radio Ljubu\u0161ki\" \/>\n\t<meta name=\"twitter:label2\" content=\"Procijenjeno vrijeme \u010ditanja\" \/>\n\t<meta name=\"twitter:data2\" content=\"2 minute\" \/>\n<script type=\"application\/ld+json\" class=\"yoast-schema-graph\">{\"@context\":\"https:\\\/\\\/schema.org\",\"@graph\":[{\"@type\":\"Article\",\"@id\":\"https:\\\/\\\/radioljubuski.ba\\\/index.php\\\/2022\\\/04\\\/18\\\/porazom-od-lokomotive-rijeka-ispala-iz-borbe-za-vrh\\\/#article\",\"isPartOf\":{\"@id\":\"https:\\\/\\\/radioljubuski.ba\\\/index.php\\\/2022\\\/04\\\/18\\\/porazom-od-lokomotive-rijeka-ispala-iz-borbe-za-vrh\\\/\"},\"author\":{\"name\":\"Radio Ljubu\u0161ki\",\"@id\":\"https:\\\/\\\/radioljubuski.ba\\\/#\\\/schema\\\/person\\\/19fc700381a780f69665d7956c469e3b\"},\"headline\":\"Porazom od Lokomotive Rijeka ispala iz borbe za vrh\",\"datePublished\":\"2022-04-18T12:10:57+00:00\",\"dateModified\":\"2022-04-18T12:10:58+00:00\",\"mainEntityOfPage\":{\"@id\":\"https:\\\/\\\/radioljubuski.ba\\\/index.php\\\/2022\\\/04\\\/18\\\/porazom-od-lokomotive-rijeka-ispala-iz-borbe-za-vrh\\\/\"},\"wordCount\":265,\"publisher\":{\"@id\":\"https:\\\/\\\/radioljubuski.ba\\\/#organization\"},\"image\":{\"@id\":\"https:\\\/\\\/radioljubuski.ba\\\/index.php\\\/2022\\\/04\\\/18\\\/porazom-od-lokomotive-rijeka-ispala-iz-borbe-za-vrh\\\/#primaryimage\"},\"thumbnailUrl\":\"https:\\\/\\\/radioljubuski.ba\\\/wp-content\\\/uploads\\\/2022\\\/04\\\/HN20220416489072-696x464-1.jpg\",\"articleSection\":[\"\u0160port\"],\"inLanguage\":\"hr\"},{\"@type\":\"WebPage\",\"@id\":\"https:\\\/\\\/radioljubuski.ba\\\/index.php\\\/2022\\\/04\\\/18\\\/porazom-od-lokomotive-rijeka-ispala-iz-borbe-za-vrh\\\/\",\"url\":\"https:\\\/\\\/radioljubuski.ba\\\/index.php\\\/2022\\\/04\\\/18\\\/porazom-od-lokomotive-rijeka-ispala-iz-borbe-za-vrh\\\/\",\"name\":\"Porazom od Lokomotive Rijeka ispala iz borbe za vrh - RADIO LJUBU\u0160KI\",\"isPartOf\":{\"@id\":\"https:\\\/\\\/radioljubuski.ba\\\/#website\"},\"primaryImageOfPage\":{\"@id\":\"https:\\\/\\\/radioljubuski.ba\\\/index.php\\\/2022\\\/04\\\/18\\\/porazom-od-lokomotive-rijeka-ispala-iz-borbe-za-vrh\\\/#primaryimage\"},\"image\":{\"@id\":\"https:\\\/\\\/radioljubuski.ba\\\/index.php\\\/2022\\\/04\\\/18\\\/porazom-od-lokomotive-rijeka-ispala-iz-borbe-za-vrh\\\/#primaryimage\"},\"thumbnailUrl\":\"https:\\\/\\\/radioljubuski.ba\\\/wp-content\\\/uploads\\\/2022\\\/04\\\/HN20220416489072-696x464-1.jpg\",\"datePublished\":\"2022-04-18T12:10:57+00:00\",\"dateModified\":\"2022-04-18T12:10:58+00:00\",\"breadcrumb\":{\"@id\":\"https:\\\/\\\/radioljubuski.ba\\\/index.php\\\/2022\\\/04\\\/18\\\/porazom-od-lokomotive-rijeka-ispala-iz-borbe-za-vrh\\\/#breadcrumb\"},\"inLanguage\":\"hr\",\"potentialAction\":[{\"@type\":\"ReadAction\",\"target\":[\"https:\\\/\\\/radioljubuski.ba\\\/index.php\\\/2022\\\/04\\\/18\\\/porazom-od-lokomotive-rijeka-ispala-iz-borbe-za-vrh\\\/\"]}]},{\"@type\":\"ImageObject\",\"inLanguage\":\"hr\",\"@id\":\"https:\\\/\\\/radioljubuski.ba\\\/index.php\\\/2022\\\/04\\\/18\\\/porazom-od-lokomotive-rijeka-ispala-iz-borbe-za-vrh\\\/#primaryimage\",\"url\":\"https:\\\/\\\/radioljubuski.ba\\\/wp-content\\\/uploads\\\/2022\\\/04\\\/HN20220416489072-696x464-1.jpg\",\"contentUrl\":\"https:\\\/\\\/radioljubuski.ba\\\/wp-content\\\/uploads\\\/2022\\\/04\\\/HN20220416489072-696x464-1.jpg\",\"width\":696,\"height\":464},{\"@type\":\"BreadcrumbList\",\"@id\":\"https:\\\/\\\/radioljubuski.ba\\\/index.php\\\/2022\\\/04\\\/18\\\/porazom-od-lokomotive-rijeka-ispala-iz-borbe-za-vrh\\\/#breadcrumb\",\"itemListElement\":[{\"@type\":\"ListItem\",\"position\":1,\"name\":\"Po\u010detna stranica\",\"item\":\"https:\\\/\\\/radioljubuski.ba\\\/\"},{\"@type\":\"ListItem\",\"position\":2,\"name\":\"Porazom od Lokomotive Rijeka ispala iz borbe za vrh\"}]},{\"@type\":\"WebSite\",\"@id\":\"https:\\\/\\\/radioljubuski.ba\\\/#website\",\"url\":\"https:\\\/\\\/radioljubuski.ba\\\/\",\"name\":\"Radio Ljubu\u0161ki\",\"description\":\"Sun\u010dana frekvencija Hercegovine\",\"publisher\":{\"@id\":\"https:\\\/\\\/radioljubuski.ba\\\/#organization\"},\"potentialAction\":[{\"@type\":\"SearchAction\",\"target\":{\"@type\":\"EntryPoint\",\"urlTemplate\":\"https:\\\/\\\/radioljubuski.ba\\\/?s={search_term_string}\"},\"query-input\":{\"@type\":\"PropertyValueSpecification\",\"valueRequired\":true,\"valueName\":\"search_term_string\"}}],\"inLanguage\":\"hr\"},{\"@type\":\"Organization\",\"@id\":\"https:\\\/\\\/radioljubuski.ba\\\/#organization\",\"name\":\"Radio Ljubu\u0161ki\",\"url\":\"https:\\\/\\\/radioljubuski.ba\\\/\",\"logo\":{\"@type\":\"ImageObject\",\"inLanguage\":\"hr\",\"@id\":\"https:\\\/\\\/radioljubuski.ba\\\/#\\\/schema\\\/logo\\\/image\\\/\",\"url\":\"https:\\\/\\\/radioljubuski.ba\\\/wp-content\\\/uploads\\\/2021\\\/02\\\/cropped-Radio_Ljubuski_logo1.jpg\",\"contentUrl\":\"https:\\\/\\\/radioljubuski.ba\\\/wp-content\\\/uploads\\\/2021\\\/02\\\/cropped-Radio_Ljubuski_logo1.jpg\",\"width\":512,\"height\":512,\"caption\":\"Radio Ljubu\u0161ki\"},\"image\":{\"@id\":\"https:\\\/\\\/radioljubuski.ba\\\/#\\\/schema\\\/logo\\\/image\\\/\"},\"sameAs\":[\"https:\\\/\\\/www.facebook.com\\\/Radiio-Ljubuski-1490835324566332\",\"https:\\\/\\\/x.com\\\/radioljubuski\",\"https:\\\/\\\/hr.linkedin.com\\\/company\\\/radio-ljubuski\",\"https:\\\/\\\/www.youtube.com\\\/channel\\\/UCHYaeO_n0Db3tjNGudGpXyw\"]},{\"@type\":\"Person\",\"@id\":\"https:\\\/\\\/radioljubuski.ba\\\/#\\\/schema\\\/person\\\/19fc700381a780f69665d7956c469e3b\",\"name\":\"Radio Ljubu\u0161ki\"}]}<\/script>\n<!-- \/ Yoast SEO plugin. -->","yoast_head_json":{"title":"Porazom od Lokomotive Rijeka ispala iz borbe za vrh - RADIO LJUBU\u0160KI","robots":{"index":"index","follow":"follow","max-snippet":"max-snippet:-1","max-image-preview":"max-image-preview:large","max-video-preview":"max-video-preview:-1"},"canonical":"https:\/\/radioljubuski.ba\/index.php\/2022\/04\/18\/porazom-od-lokomotive-rijeka-ispala-iz-borbe-za-vrh\/","og_locale":"hr_HR","og_type":"article","og_title":"Porazom od Lokomotive Rijeka ispala iz borbe za vrh - RADIO LJUBU\u0160KI","og_description":"U posljednjoj utakmici 31. kola Prve HNL Lokomotiva je kao doma\u0107in na stadionu u Kranj\u010devi\u0107evoj ulici svladala Rijeku sa 2-1 (1-0). Golove za Lokomotivu postigli su Luka Stojkovi\u0107 (38) i Lukas Ka\u010davenda (46), da bi poraz Rijeke ubla\u017eio Josip Drmi\u0107 (90+2). Do prednosti su doma\u0107i stigli sjajnim potezom talentiranog Stojkovi\u0107a koji je odmah po primitku [&hellip;]","og_url":"https:\/\/radioljubuski.ba\/index.php\/2022\/04\/18\/porazom-od-lokomotive-rijeka-ispala-iz-borbe-za-vrh\/","og_site_name":"RADIO LJUBU\u0160KI","article_publisher":"https:\/\/www.facebook.com\/Radiio-Ljubuski-1490835324566332","article_published_time":"2022-04-18T12:10:57+00:00","article_modified_time":"2022-04-18T12:10:58+00:00","og_image":[{"width":696,"height":464,"url":"https:\/\/radioljubuski.ba\/wp-content\/uploads\/2022\/04\/HN20220416489072-696x464-1.jpg","type":"image\/jpeg"}],"author":"Radio Ljubu\u0161ki","twitter_card":"summary_large_image","twitter_creator":"@radioljubuski","twitter_site":"@radioljubuski","twitter_misc":{"Napisao\/la":"Radio Ljubu\u0161ki","Procijenjeno vrijeme \u010ditanja":"2 minute"},"schema":{"@context":"https:\/\/schema.org","@graph":[{"@type":"Article","@id":"https:\/\/radioljubuski.ba\/index.php\/2022\/04\/18\/porazom-od-lokomotive-rijeka-ispala-iz-borbe-za-vrh\/#article","isPartOf":{"@id":"https:\/\/radioljubuski.ba\/index.php\/2022\/04\/18\/porazom-od-lokomotive-rijeka-ispala-iz-borbe-za-vrh\/"},"author":{"name":"Radio Ljubu\u0161ki","@id":"https:\/\/radioljubuski.ba\/#\/schema\/person\/19fc700381a780f69665d7956c469e3b"},"headline":"Porazom od Lokomotive Rijeka ispala iz borbe za vrh","datePublished":"2022-04-18T12:10:57+00:00","dateModified":"2022-04-18T12:10:58+00:00","mainEntityOfPage":{"@id":"https:\/\/radioljubuski.ba\/index.php\/2022\/04\/18\/porazom-od-lokomotive-rijeka-ispala-iz-borbe-za-vrh\/"},"wordCount":265,"publisher":{"@id":"https:\/\/radioljubuski.ba\/#organization"},"image":{"@id":"https:\/\/radioljubuski.ba\/index.php\/2022\/04\/18\/porazom-od-lokomotive-rijeka-ispala-iz-borbe-za-vrh\/#primaryimage"},"thumbnailUrl":"https:\/\/radioljubuski.ba\/wp-content\/uploads\/2022\/04\/HN20220416489072-696x464-1.jpg","articleSection":["\u0160port"],"inLanguage":"hr"},{"@type":"WebPage","@id":"https:\/\/radioljubuski.ba\/index.php\/2022\/04\/18\/porazom-od-lokomotive-rijeka-ispala-iz-borbe-za-vrh\/","url":"https:\/\/radioljubuski.ba\/index.php\/2022\/04\/18\/porazom-od-lokomotive-rijeka-ispala-iz-borbe-za-vrh\/","name":"Porazom od Lokomotive Rijeka ispala iz borbe za vrh - RADIO LJUBU\u0160KI","isPartOf":{"@id":"https:\/\/radioljubuski.ba\/#website"},"primaryImageOfPage":{"@id":"https:\/\/radioljubuski.ba\/index.php\/2022\/04\/18\/porazom-od-lokomotive-rijeka-ispala-iz-borbe-za-vrh\/#primaryimage"},"image":{"@id":"https:\/\/radioljubuski.ba\/index.php\/2022\/04\/18\/porazom-od-lokomotive-rijeka-ispala-iz-borbe-za-vrh\/#primaryimage"},"thumbnailUrl":"https:\/\/radioljubuski.ba\/wp-content\/uploads\/2022\/04\/HN20220416489072-696x464-1.jpg","datePublished":"2022-04-18T12:10:57+00:00","dateModified":"2022-04-18T12:10:58+00:00","breadcrumb":{"@id":"https:\/\/radioljubuski.ba\/index.php\/2022\/04\/18\/porazom-od-lokomotive-rijeka-ispala-iz-borbe-za-vrh\/#breadcrumb"},"inLanguage":"hr","potentialAction":[{"@type":"ReadAction","target":["https:\/\/radioljubuski.ba\/index.php\/2022\/04\/18\/porazom-od-lokomotive-rijeka-ispala-iz-borbe-za-vrh\/"]}]},{"@type":"ImageObject","inLanguage":"hr","@id":"https:\/\/radioljubuski.ba\/index.php\/2022\/04\/18\/porazom-od-lokomotive-rijeka-ispala-iz-borbe-za-vrh\/#primaryimage","url":"https:\/\/radioljubuski.ba\/wp-content\/uploads\/2022\/04\/HN20220416489072-696x464-1.jpg","contentUrl":"https:\/\/radioljubuski.ba\/wp-content\/uploads\/2022\/04\/HN20220416489072-696x464-1.jpg","width":696,"height":464},{"@type":"BreadcrumbList","@id":"https:\/\/radioljubuski.ba\/index.php\/2022\/04\/18\/porazom-od-lokomotive-rijeka-ispala-iz-borbe-za-vrh\/#breadcrumb","itemListElement":[{"@type":"ListItem","position":1,"name":"Po\u010detna stranica","item":"https:\/\/radioljubuski.ba\/"},{"@type":"ListItem","position":2,"name":"Porazom od Lokomotive Rijeka ispala iz borbe za vrh"}]},{"@type":"WebSite","@id":"https:\/\/radioljubuski.ba\/#website","url":"https:\/\/radioljubuski.ba\/","name":"Radio Ljubu\u0161ki","description":"Sun\u010dana frekvencija Hercegovine","publisher":{"@id":"https:\/\/radioljubuski.ba\/#organization"},"potentialAction":[{"@type":"SearchAction","target":{"@type":"EntryPoint","urlTemplate":"https:\/\/radioljubuski.ba\/?s={search_term_string}"},"query-input":{"@type":"PropertyValueSpecification","valueRequired":true,"valueName":"search_term_string"}}],"inLanguage":"hr"},{"@type":"Organization","@id":"https:\/\/radioljubuski.ba\/#organization","name":"Radio Ljubu\u0161ki","url":"https:\/\/radioljubuski.ba\/","logo":{"@type":"ImageObject","inLanguage":"hr","@id":"https:\/\/radioljubuski.ba\/#\/schema\/logo\/image\/","url":"https:\/\/radioljubuski.ba\/wp-content\/uploads\/2021\/02\/cropped-Radio_Ljubuski_logo1.jpg","contentUrl":"https:\/\/radioljubuski.ba\/wp-content\/uploads\/2021\/02\/cropped-Radio_Ljubuski_logo1.jpg","width":512,"height":512,"caption":"Radio Ljubu\u0161ki"},"image":{"@id":"https:\/\/radioljubuski.ba\/#\/schema\/logo\/image\/"},"sameAs":["https:\/\/www.facebook.com\/Radiio-Ljubuski-1490835324566332","https:\/\/x.com\/radioljubuski","https:\/\/hr.linkedin.com\/company\/radio-ljubuski","https:\/\/www.youtube.com\/channel\/UCHYaeO_n0Db3tjNGudGpXyw"]},{"@type":"Person","@id":"https:\/\/radioljubuski.ba\/#\/schema\/person\/19fc700381a780f69665d7956c469e3b","name":"Radio Ljubu\u0161ki"}]}},"_links":{"self":[{"href":"https:\/\/radioljubuski.ba\/index.php\/wp-json\/wp\/v2\/posts\/133642","targetHints":{"allow":["GET"]}}],"collection":[{"href":"https:\/\/radioljubuski.ba\/index.php\/wp-json\/wp\/v2\/posts"}],"about":[{"href":"https:\/\/radioljubuski.ba\/index.php\/wp-json\/wp\/v2\/types\/post"}],"author":[{"embeddable":true,"href":"https:\/\/radioljubuski.ba\/index.php\/wp-json\/wp\/v2\/users\/2"}],"replies":[{"embeddable":true,"href":"https:\/\/radioljubuski.ba\/index.php\/wp-json\/wp\/v2\/comments?post=133642"}],"version-history":[{"count":1,"href":"https:\/\/radioljubuski.ba\/index.php\/wp-json\/wp\/v2\/posts\/133642\/revisions"}],"predecessor-version":[{"id":133644,"href":"https:\/\/radioljubuski.ba\/index.php\/wp-json\/wp\/v2\/posts\/133642\/revisions\/133644"}],"wp:featuredmedia":[{"embeddable":true,"href":"https:\/\/radioljubuski.ba\/index.php\/wp-json\/wp\/v2\/media\/133643"}],"wp:attachment":[{"href":"https:\/\/radioljubuski.ba\/index.php\/wp-json\/wp\/v2\/media?parent=133642"}],"wp:term":[{"taxonomy":"category","embeddable":true,"href":"https:\/\/radioljubuski.ba\/index.php\/wp-json\/wp\/v2\/categories?post=133642"},{"taxonomy":"post_tag","embeddable":true,"href":"https:\/\/radioljubuski.ba\/index.php\/wp-json\/wp\/v2\/tags?post=133642"}],"curies":[{"name":"wp","href":"https:\/\/api.w.org\/{rel}","templated":true}]}}