{"id":133651,"date":"2022-04-18T13:16:40","date_gmt":"2022-04-18T12:16:40","guid":{"rendered":"https:\/\/radioljubuski.ba\/?p=133651"},"modified":"2022-04-18T13:16:40","modified_gmt":"2022-04-18T12:16:40","slug":"bjelica-svaka-pobjeda-je-vrijedna","status":"publish","type":"post","link":"https:\/\/radioljubuski.ba\/index.php\/2022\/04\/18\/bjelica-svaka-pobjeda-je-vrijedna\/","title":{"rendered":"Bjelica: Svaka pobjeda je vrijedna"},"content":{"rendered":"\n<p>Nogometa\u0161i Osijeka golovima u prvom poluvremenu svladali su ju\u010der Hrvatski dragovoljac i osvojili nove bodove.<\/p>\n\n\n\n<p>Osijek je osvojio sva tri boda i u ogledu s Hrvatskim dragovoljcem. Nije bilo lako, nije uostalom ni u jednom nastupu za bodove, ali je isto tako \u010dinjenica da su Bijelo-plavi dominirali, bili u puno situacija iz kojih se moglo zabiti i vi\u0161e golova, no ipak je najva\u017enija pobjeda, makar bila izra\u017eena i jednim golom razlike.<br><br>&#8211; Va\u017ena je svaka pobjeda, pa tako i ova. Bez obzira \u0161to je Hrvatski dragovoljac na samom rubu Druge lige, to je mom\u010dad koja ovog prolje\u0107a igra dobar i rastere\u0107en nogomet, a imaju mladi\u0107a koji su brzi i motori\u010dni i mogu te ugroziti, kao \u0161to i jesu. I onda ako ne zabije\u0161 i tre\u0107i gol na vrijeme trpi\u0161 do kraja, ali ovo je o\u010dito takva sezona da su sve pobjede izborene te\u0161ko i da se moramo izboriti za njih. No, mom\u010dad pokazuje veliku stabilnost i kada je te\u0161ko, stoga \u010destitam svima na zaslu\u017eenoj pobjedi, rekao je <strong>Nenad Bjelica<\/strong>.<br><br>Jasno je da pri rezultatu 2:1 ne mo\u017ee do posljednjeg su\u010devog zvi\u017eduka biti siguran da \u0107e\u0161 ostvariti pun pogodak, no Osijek je po svemu zaslu\u017eio nove bodove.<br><br>&#8211; U prvom poluvremenu gotovo da i ne u\u0111u u \u0161esnaesterac i onda nam zabiju iz jednog prekida. To se moglo dogoditi i u zadnjoj minuti utakmice, pa je normalno da strijepi\u0161. No, uspjeli smo dobiti utakmicu i moram biti zadovoljan jer su ovo oni dvoboji u kojima mora\u0161 osvojiti bodove jer su ve\u0107 unaprijed upisani, a to je tako tek kada susret zavr\u0161i i ima\u0161 barem gol vi\u0161e od protivnika, rekao je Bjelica.<br><br>Sva tri gola su postignuta iz prekida igre, \u0161to je Bjelica pohvalio kao \u201eforte\u201c svojih izabranika:<br><br>&#8211; To je na\u0161a snaga i mo\u0107, imali smo jo\u0161 nekoliko dobrih prekida. Znali smo da i u tom segmentu igre mo\u017eemo ugroziti protivnika i da imaju odre\u0111enih problema u prekidima. Startali smo s dva visoka napada\u010da, osim toga i Brali\u0107 i Cheberko, pa i \u017daper i Neja\u0161mi\u0107 svi su oni opasni u takvim situacijama, a imali smo dobre izvo\u0111a\u010de Lovri\u0107a i Fioli\u0107a i profitirali zbog toga. Od ponedjeljka po\u010dinjemo pripreme za Rijeku, nadam se da \u0107emo i tamo pru\u017eiti dobru igru i dakako da pri\u017eeljkujemo i tamo pobjedu, zaklju\u010dio je.&nbsp;<\/p>\n\n\n\n<p>&#8211; Tri boda su najbitnija. Mislim da smo dobro u\u0161li u utakmicu, postigli rani pogodak. Imam osje\u0107aj da smo bili dominantni cijelo poluvrijeme pa nekoliko sekundi dekoncentracije platili pogotkom za 1:1. Dobro smo odgovorili, postigli pogodak u najbolje vrijeme, s predno\u0161\u0107u oti\u0161li na odmor, pa u nastavku dominirali, rekao je <strong>Mihael \u017daper<\/strong>, u izostanku <strong>Mile \u0160kori\u0107a<\/strong> kapetan Bijelo-plavih.<br><br>&#8211; Imali smo stvarno puno prilika, ali nadam se da \u0107e ti poku\u0161aji u\u0107i u idu\u0107oj utakmici u kojoj ponovo \u017eelimo pru\u017eiti dobru partiju. I dalje smo u igri, borimo se za najvi\u0161e ciljeve i prvo mjesto, dodao je.&nbsp;<br><br>\u017daper je nastavio i svoju seriju pogotka, s \u010detvrtim ove sezone do\u0161ao je do 16 golova u karijeri za Bijelo-plave te se pridru\u017eio Boharu, Cakta\u0161u i Fioli\u0107u na vrhu klupske ljestvice strijelaca.<br><br>&#8211; Jako mi je drago zbog toga, vrebam na drugoj vratnici, tako je bilo i sada, nadao sam da \u0107e lopta do\u0107i. Sretan sam i zbog Top\u010dagi\u0107evog pogotka, a ja se nadam da \u0107e ih u idu\u0107im utakmicama biti jo\u0161, rekao je \u017daper.<br><br>U idu\u0107em kolu nogometa\u0161e Osijeka o\u010dekuje jo\u0161 jedan derbi i gostovanje kod Rijeke.<br><br>&#8211; Znamo kako smo tamo pro\u0161li u Hrvatskom kupu, sada idemo u Rijeku po tri boda. Veselim se toj utakmici i nadam se da \u0107emo na Rujevici osvojiti tri boda, poru\u010dio je.<\/p>\n\n\n\n<p>Izvor:hrt.hr<\/p>\n","protected":false},"excerpt":{"rendered":"<p>Nogometa\u0161i Osijeka golovima u prvom poluvremenu svladali su ju\u010der Hrvatski dragovoljac i osvojili nove bodove. Osijek je osvojio sva tri boda i u ogledu s Hrvatskim dragovoljcem. Nije bilo lako, nije uostalom ni u jednom nastupu za bodove, ali je isto tako \u010dinjenica da su Bijelo-plavi dominirali, bili u puno situacija iz kojih se moglo [&hellip;]<\/p>\n","protected":false},"author":2,"featured_media":99228,"comment_status":"closed","ping_status":"closed","sticky":false,"template":"","format":"standard","meta":{"h5ap_radio_sources":[],"footnotes":""},"categories":[7],"tags":[],"class_list":["post-133651","post","type-post","status-publish","format-standard","has-post-thumbnail","hentry","category-sport"],"yoast_head":"<!-- This site is optimized with the Yoast SEO plugin v27.5 - https:\/\/yoast.com\/product\/yoast-seo-wordpress\/ -->\n<title>Bjelica: Svaka pobjeda je vrijedna - RADIO LJUBU\u0160KI<\/title>\n<meta name=\"robots\" content=\"index, follow, max-snippet:-1, max-image-preview:large, max-video-preview:-1\" \/>\n<link rel=\"canonical\" href=\"https:\/\/radioljubuski.ba\/index.php\/2022\/04\/18\/bjelica-svaka-pobjeda-je-vrijedna\/\" \/>\n<meta property=\"og:locale\" content=\"hr_HR\" \/>\n<meta property=\"og:type\" content=\"article\" \/>\n<meta property=\"og:title\" content=\"Bjelica: Svaka pobjeda je vrijedna - RADIO LJUBU\u0160KI\" \/>\n<meta property=\"og:description\" content=\"Nogometa\u0161i Osijeka golovima u prvom poluvremenu svladali su ju\u010der Hrvatski dragovoljac i osvojili nove bodove. Osijek je osvojio sva tri boda i u ogledu s Hrvatskim dragovoljcem. Nije bilo lako, nije uostalom ni u jednom nastupu za bodove, ali je isto tako \u010dinjenica da su Bijelo-plavi dominirali, bili u puno situacija iz kojih se moglo [&hellip;]\" \/>\n<meta property=\"og:url\" content=\"https:\/\/radioljubuski.ba\/index.php\/2022\/04\/18\/bjelica-svaka-pobjeda-je-vrijedna\/\" \/>\n<meta property=\"og:site_name\" content=\"RADIO LJUBU\u0160KI\" \/>\n<meta property=\"article:publisher\" content=\"https:\/\/www.facebook.com\/Radiio-Ljubuski-1490835324566332\" \/>\n<meta property=\"article:published_time\" content=\"2022-04-18T12:16:40+00:00\" \/>\n<meta property=\"og:image\" content=\"https:\/\/radioljubuski.ba\/wp-content\/uploads\/2021\/12\/bjelica-1.jpg\" \/>\n\t<meta property=\"og:image:width\" content=\"1170\" \/>\n\t<meta property=\"og:image:height\" content=\"780\" \/>\n\t<meta property=\"og:image:type\" content=\"image\/jpeg\" \/>\n<meta name=\"author\" content=\"Radio Ljubu\u0161ki\" \/>\n<meta name=\"twitter:card\" content=\"summary_large_image\" \/>\n<meta name=\"twitter:creator\" content=\"@radioljubuski\" \/>\n<meta name=\"twitter:site\" content=\"@radioljubuski\" \/>\n<meta name=\"twitter:label1\" content=\"Napisao\/la\" \/>\n\t<meta name=\"twitter:data1\" content=\"Radio Ljubu\u0161ki\" \/>\n\t<meta name=\"twitter:label2\" content=\"Procijenjeno vrijeme \u010ditanja\" \/>\n\t<meta name=\"twitter:data2\" content=\"3 minute\" \/>\n<script type=\"application\/ld+json\" class=\"yoast-schema-graph\">{\"@context\":\"https:\\\/\\\/schema.org\",\"@graph\":[{\"@type\":\"Article\",\"@id\":\"https:\\\/\\\/radioljubuski.ba\\\/index.php\\\/2022\\\/04\\\/18\\\/bjelica-svaka-pobjeda-je-vrijedna\\\/#article\",\"isPartOf\":{\"@id\":\"https:\\\/\\\/radioljubuski.ba\\\/index.php\\\/2022\\\/04\\\/18\\\/bjelica-svaka-pobjeda-je-vrijedna\\\/\"},\"author\":{\"name\":\"Radio Ljubu\u0161ki\",\"@id\":\"https:\\\/\\\/radioljubuski.ba\\\/#\\\/schema\\\/person\\\/19fc700381a780f69665d7956c469e3b\"},\"headline\":\"Bjelica: Svaka pobjeda je vrijedna\",\"datePublished\":\"2022-04-18T12:16:40+00:00\",\"mainEntityOfPage\":{\"@id\":\"https:\\\/\\\/radioljubuski.ba\\\/index.php\\\/2022\\\/04\\\/18\\\/bjelica-svaka-pobjeda-je-vrijedna\\\/\"},\"wordCount\":661,\"publisher\":{\"@id\":\"https:\\\/\\\/radioljubuski.ba\\\/#organization\"},\"image\":{\"@id\":\"https:\\\/\\\/radioljubuski.ba\\\/index.php\\\/2022\\\/04\\\/18\\\/bjelica-svaka-pobjeda-je-vrijedna\\\/#primaryimage\"},\"thumbnailUrl\":\"https:\\\/\\\/radioljubuski.ba\\\/wp-content\\\/uploads\\\/2021\\\/12\\\/bjelica-1.jpg\",\"articleSection\":[\"\u0160port\"],\"inLanguage\":\"hr\"},{\"@type\":\"WebPage\",\"@id\":\"https:\\\/\\\/radioljubuski.ba\\\/index.php\\\/2022\\\/04\\\/18\\\/bjelica-svaka-pobjeda-je-vrijedna\\\/\",\"url\":\"https:\\\/\\\/radioljubuski.ba\\\/index.php\\\/2022\\\/04\\\/18\\\/bjelica-svaka-pobjeda-je-vrijedna\\\/\",\"name\":\"Bjelica: Svaka pobjeda je vrijedna - RADIO LJUBU\u0160KI\",\"isPartOf\":{\"@id\":\"https:\\\/\\\/radioljubuski.ba\\\/#website\"},\"primaryImageOfPage\":{\"@id\":\"https:\\\/\\\/radioljubuski.ba\\\/index.php\\\/2022\\\/04\\\/18\\\/bjelica-svaka-pobjeda-je-vrijedna\\\/#primaryimage\"},\"image\":{\"@id\":\"https:\\\/\\\/radioljubuski.ba\\\/index.php\\\/2022\\\/04\\\/18\\\/bjelica-svaka-pobjeda-je-vrijedna\\\/#primaryimage\"},\"thumbnailUrl\":\"https:\\\/\\\/radioljubuski.ba\\\/wp-content\\\/uploads\\\/2021\\\/12\\\/bjelica-1.jpg\",\"datePublished\":\"2022-04-18T12:16:40+00:00\",\"breadcrumb\":{\"@id\":\"https:\\\/\\\/radioljubuski.ba\\\/index.php\\\/2022\\\/04\\\/18\\\/bjelica-svaka-pobjeda-je-vrijedna\\\/#breadcrumb\"},\"inLanguage\":\"hr\",\"potentialAction\":[{\"@type\":\"ReadAction\",\"target\":[\"https:\\\/\\\/radioljubuski.ba\\\/index.php\\\/2022\\\/04\\\/18\\\/bjelica-svaka-pobjeda-je-vrijedna\\\/\"]}]},{\"@type\":\"ImageObject\",\"inLanguage\":\"hr\",\"@id\":\"https:\\\/\\\/radioljubuski.ba\\\/index.php\\\/2022\\\/04\\\/18\\\/bjelica-svaka-pobjeda-je-vrijedna\\\/#primaryimage\",\"url\":\"https:\\\/\\\/radioljubuski.ba\\\/wp-content\\\/uploads\\\/2021\\\/12\\\/bjelica-1.jpg\",\"contentUrl\":\"https:\\\/\\\/radioljubuski.ba\\\/wp-content\\\/uploads\\\/2021\\\/12\\\/bjelica-1.jpg\",\"width\":1170,\"height\":780},{\"@type\":\"BreadcrumbList\",\"@id\":\"https:\\\/\\\/radioljubuski.ba\\\/index.php\\\/2022\\\/04\\\/18\\\/bjelica-svaka-pobjeda-je-vrijedna\\\/#breadcrumb\",\"itemListElement\":[{\"@type\":\"ListItem\",\"position\":1,\"name\":\"Po\u010detna stranica\",\"item\":\"https:\\\/\\\/radioljubuski.ba\\\/\"},{\"@type\":\"ListItem\",\"position\":2,\"name\":\"Bjelica: Svaka pobjeda je vrijedna\"}]},{\"@type\":\"WebSite\",\"@id\":\"https:\\\/\\\/radioljubuski.ba\\\/#website\",\"url\":\"https:\\\/\\\/radioljubuski.ba\\\/\",\"name\":\"Radio Ljubu\u0161ki\",\"description\":\"Sun\u010dana frekvencija Hercegovine\",\"publisher\":{\"@id\":\"https:\\\/\\\/radioljubuski.ba\\\/#organization\"},\"potentialAction\":[{\"@type\":\"SearchAction\",\"target\":{\"@type\":\"EntryPoint\",\"urlTemplate\":\"https:\\\/\\\/radioljubuski.ba\\\/?s={search_term_string}\"},\"query-input\":{\"@type\":\"PropertyValueSpecification\",\"valueRequired\":true,\"valueName\":\"search_term_string\"}}],\"inLanguage\":\"hr\"},{\"@type\":\"Organization\",\"@id\":\"https:\\\/\\\/radioljubuski.ba\\\/#organization\",\"name\":\"Radio Ljubu\u0161ki\",\"url\":\"https:\\\/\\\/radioljubuski.ba\\\/\",\"logo\":{\"@type\":\"ImageObject\",\"inLanguage\":\"hr\",\"@id\":\"https:\\\/\\\/radioljubuski.ba\\\/#\\\/schema\\\/logo\\\/image\\\/\",\"url\":\"https:\\\/\\\/radioljubuski.ba\\\/wp-content\\\/uploads\\\/2021\\\/02\\\/cropped-Radio_Ljubuski_logo1.jpg\",\"contentUrl\":\"https:\\\/\\\/radioljubuski.ba\\\/wp-content\\\/uploads\\\/2021\\\/02\\\/cropped-Radio_Ljubuski_logo1.jpg\",\"width\":512,\"height\":512,\"caption\":\"Radio Ljubu\u0161ki\"},\"image\":{\"@id\":\"https:\\\/\\\/radioljubuski.ba\\\/#\\\/schema\\\/logo\\\/image\\\/\"},\"sameAs\":[\"https:\\\/\\\/www.facebook.com\\\/Radiio-Ljubuski-1490835324566332\",\"https:\\\/\\\/x.com\\\/radioljubuski\",\"https:\\\/\\\/hr.linkedin.com\\\/company\\\/radio-ljubuski\",\"https:\\\/\\\/www.youtube.com\\\/channel\\\/UCHYaeO_n0Db3tjNGudGpXyw\"]},{\"@type\":\"Person\",\"@id\":\"https:\\\/\\\/radioljubuski.ba\\\/#\\\/schema\\\/person\\\/19fc700381a780f69665d7956c469e3b\",\"name\":\"Radio Ljubu\u0161ki\"}]}<\/script>\n<!-- \/ Yoast SEO plugin. -->","yoast_head_json":{"title":"Bjelica: Svaka pobjeda je vrijedna - RADIO LJUBU\u0160KI","robots":{"index":"index","follow":"follow","max-snippet":"max-snippet:-1","max-image-preview":"max-image-preview:large","max-video-preview":"max-video-preview:-1"},"canonical":"https:\/\/radioljubuski.ba\/index.php\/2022\/04\/18\/bjelica-svaka-pobjeda-je-vrijedna\/","og_locale":"hr_HR","og_type":"article","og_title":"Bjelica: Svaka pobjeda je vrijedna - RADIO LJUBU\u0160KI","og_description":"Nogometa\u0161i Osijeka golovima u prvom poluvremenu svladali su ju\u010der Hrvatski dragovoljac i osvojili nove bodove. Osijek je osvojio sva tri boda i u ogledu s Hrvatskim dragovoljcem. Nije bilo lako, nije uostalom ni u jednom nastupu za bodove, ali je isto tako \u010dinjenica da su Bijelo-plavi dominirali, bili u puno situacija iz kojih se moglo [&hellip;]","og_url":"https:\/\/radioljubuski.ba\/index.php\/2022\/04\/18\/bjelica-svaka-pobjeda-je-vrijedna\/","og_site_name":"RADIO LJUBU\u0160KI","article_publisher":"https:\/\/www.facebook.com\/Radiio-Ljubuski-1490835324566332","article_published_time":"2022-04-18T12:16:40+00:00","og_image":[{"width":1170,"height":780,"url":"https:\/\/radioljubuski.ba\/wp-content\/uploads\/2021\/12\/bjelica-1.jpg","type":"image\/jpeg"}],"author":"Radio Ljubu\u0161ki","twitter_card":"summary_large_image","twitter_creator":"@radioljubuski","twitter_site":"@radioljubuski","twitter_misc":{"Napisao\/la":"Radio Ljubu\u0161ki","Procijenjeno vrijeme \u010ditanja":"3 minute"},"schema":{"@context":"https:\/\/schema.org","@graph":[{"@type":"Article","@id":"https:\/\/radioljubuski.ba\/index.php\/2022\/04\/18\/bjelica-svaka-pobjeda-je-vrijedna\/#article","isPartOf":{"@id":"https:\/\/radioljubuski.ba\/index.php\/2022\/04\/18\/bjelica-svaka-pobjeda-je-vrijedna\/"},"author":{"name":"Radio Ljubu\u0161ki","@id":"https:\/\/radioljubuski.ba\/#\/schema\/person\/19fc700381a780f69665d7956c469e3b"},"headline":"Bjelica: Svaka pobjeda je vrijedna","datePublished":"2022-04-18T12:16:40+00:00","mainEntityOfPage":{"@id":"https:\/\/radioljubuski.ba\/index.php\/2022\/04\/18\/bjelica-svaka-pobjeda-je-vrijedna\/"},"wordCount":661,"publisher":{"@id":"https:\/\/radioljubuski.ba\/#organization"},"image":{"@id":"https:\/\/radioljubuski.ba\/index.php\/2022\/04\/18\/bjelica-svaka-pobjeda-je-vrijedna\/#primaryimage"},"thumbnailUrl":"https:\/\/radioljubuski.ba\/wp-content\/uploads\/2021\/12\/bjelica-1.jpg","articleSection":["\u0160port"],"inLanguage":"hr"},{"@type":"WebPage","@id":"https:\/\/radioljubuski.ba\/index.php\/2022\/04\/18\/bjelica-svaka-pobjeda-je-vrijedna\/","url":"https:\/\/radioljubuski.ba\/index.php\/2022\/04\/18\/bjelica-svaka-pobjeda-je-vrijedna\/","name":"Bjelica: Svaka pobjeda je vrijedna - RADIO LJUBU\u0160KI","isPartOf":{"@id":"https:\/\/radioljubuski.ba\/#website"},"primaryImageOfPage":{"@id":"https:\/\/radioljubuski.ba\/index.php\/2022\/04\/18\/bjelica-svaka-pobjeda-je-vrijedna\/#primaryimage"},"image":{"@id":"https:\/\/radioljubuski.ba\/index.php\/2022\/04\/18\/bjelica-svaka-pobjeda-je-vrijedna\/#primaryimage"},"thumbnailUrl":"https:\/\/radioljubuski.ba\/wp-content\/uploads\/2021\/12\/bjelica-1.jpg","datePublished":"2022-04-18T12:16:40+00:00","breadcrumb":{"@id":"https:\/\/radioljubuski.ba\/index.php\/2022\/04\/18\/bjelica-svaka-pobjeda-je-vrijedna\/#breadcrumb"},"inLanguage":"hr","potentialAction":[{"@type":"ReadAction","target":["https:\/\/radioljubuski.ba\/index.php\/2022\/04\/18\/bjelica-svaka-pobjeda-je-vrijedna\/"]}]},{"@type":"ImageObject","inLanguage":"hr","@id":"https:\/\/radioljubuski.ba\/index.php\/2022\/04\/18\/bjelica-svaka-pobjeda-je-vrijedna\/#primaryimage","url":"https:\/\/radioljubuski.ba\/wp-content\/uploads\/2021\/12\/bjelica-1.jpg","contentUrl":"https:\/\/radioljubuski.ba\/wp-content\/uploads\/2021\/12\/bjelica-1.jpg","width":1170,"height":780},{"@type":"BreadcrumbList","@id":"https:\/\/radioljubuski.ba\/index.php\/2022\/04\/18\/bjelica-svaka-pobjeda-je-vrijedna\/#breadcrumb","itemListElement":[{"@type":"ListItem","position":1,"name":"Po\u010detna stranica","item":"https:\/\/radioljubuski.ba\/"},{"@type":"ListItem","position":2,"name":"Bjelica: Svaka pobjeda je vrijedna"}]},{"@type":"WebSite","@id":"https:\/\/radioljubuski.ba\/#website","url":"https:\/\/radioljubuski.ba\/","name":"Radio Ljubu\u0161ki","description":"Sun\u010dana frekvencija Hercegovine","publisher":{"@id":"https:\/\/radioljubuski.ba\/#organization"},"potentialAction":[{"@type":"SearchAction","target":{"@type":"EntryPoint","urlTemplate":"https:\/\/radioljubuski.ba\/?s={search_term_string}"},"query-input":{"@type":"PropertyValueSpecification","valueRequired":true,"valueName":"search_term_string"}}],"inLanguage":"hr"},{"@type":"Organization","@id":"https:\/\/radioljubuski.ba\/#organization","name":"Radio Ljubu\u0161ki","url":"https:\/\/radioljubuski.ba\/","logo":{"@type":"ImageObject","inLanguage":"hr","@id":"https:\/\/radioljubuski.ba\/#\/schema\/logo\/image\/","url":"https:\/\/radioljubuski.ba\/wp-content\/uploads\/2021\/02\/cropped-Radio_Ljubuski_logo1.jpg","contentUrl":"https:\/\/radioljubuski.ba\/wp-content\/uploads\/2021\/02\/cropped-Radio_Ljubuski_logo1.jpg","width":512,"height":512,"caption":"Radio Ljubu\u0161ki"},"image":{"@id":"https:\/\/radioljubuski.ba\/#\/schema\/logo\/image\/"},"sameAs":["https:\/\/www.facebook.com\/Radiio-Ljubuski-1490835324566332","https:\/\/x.com\/radioljubuski","https:\/\/hr.linkedin.com\/company\/radio-ljubuski","https:\/\/www.youtube.com\/channel\/UCHYaeO_n0Db3tjNGudGpXyw"]},{"@type":"Person","@id":"https:\/\/radioljubuski.ba\/#\/schema\/person\/19fc700381a780f69665d7956c469e3b","name":"Radio Ljubu\u0161ki"}]}},"_links":{"self":[{"href":"https:\/\/radioljubuski.ba\/index.php\/wp-json\/wp\/v2\/posts\/133651","targetHints":{"allow":["GET"]}}],"collection":[{"href":"https:\/\/radioljubuski.ba\/index.php\/wp-json\/wp\/v2\/posts"}],"about":[{"href":"https:\/\/radioljubuski.ba\/index.php\/wp-json\/wp\/v2\/types\/post"}],"author":[{"embeddable":true,"href":"https:\/\/radioljubuski.ba\/index.php\/wp-json\/wp\/v2\/users\/2"}],"replies":[{"embeddable":true,"href":"https:\/\/radioljubuski.ba\/index.php\/wp-json\/wp\/v2\/comments?post=133651"}],"version-history":[{"count":1,"href":"https:\/\/radioljubuski.ba\/index.php\/wp-json\/wp\/v2\/posts\/133651\/revisions"}],"predecessor-version":[{"id":133652,"href":"https:\/\/radioljubuski.ba\/index.php\/wp-json\/wp\/v2\/posts\/133651\/revisions\/133652"}],"wp:featuredmedia":[{"embeddable":true,"href":"https:\/\/radioljubuski.ba\/index.php\/wp-json\/wp\/v2\/media\/99228"}],"wp:attachment":[{"href":"https:\/\/radioljubuski.ba\/index.php\/wp-json\/wp\/v2\/media?parent=133651"}],"wp:term":[{"taxonomy":"category","embeddable":true,"href":"https:\/\/radioljubuski.ba\/index.php\/wp-json\/wp\/v2\/categories?post=133651"},{"taxonomy":"post_tag","embeddable":true,"href":"https:\/\/radioljubuski.ba\/index.php\/wp-json\/wp\/v2\/tags?post=133651"}],"curies":[{"name":"wp","href":"https:\/\/api.w.org\/{rel}","templated":true}]}}