{"id":133667,"date":"2022-04-18T13:24:17","date_gmt":"2022-04-18T12:24:17","guid":{"rendered":"https:\/\/radioljubuski.ba\/?p=133667"},"modified":"2022-04-18T13:24:18","modified_gmt":"2022-04-18T12:24:18","slug":"kabiri-o-zrinjskom-ovo-prvenstvo-bit-ce-zapisano-zlatnim-slovima-u-povijesti-kluba","status":"publish","type":"post","link":"https:\/\/radioljubuski.ba\/index.php\/2022\/04\/18\/kabiri-o-zrinjskom-ovo-prvenstvo-bit-ce-zapisano-zlatnim-slovima-u-povijesti-kluba\/","title":{"rendered":"Kabiri o Zrinjskom: Ovo prvenstvo bit \u0107e zapisano zlatnim slovima u povijesti kluba"},"content":{"rendered":"\n<p>Na\u0161a je odgovornost odr\u017eati klub stabilnim i konkurentnim dugi niz godina, a to se mo\u017ee posti\u0107i samo ulaganjem u infrastrukturu i odgovaraju\u0107e prostore za obuku koji \u0107e slu\u017eiti svim na\u0161im sastavima \u2013 izjavio je potpredsjednika H\u0160K Zrinjski Amir Gross Kabiri, nakon \u0161to je taj klub sedam kola prije kraja potvrdio sedmi naslov prvaka BiH.<\/p>\n\n\n\n<p>Naglasio je kako treba nastojati postaviti temelje za prikladne terene te nabaviti modernu opremu kako bi pomogli omladincima u maksimiziranju sposobnosti i postoje\u0107eg potencijala.<\/p>\n\n\n\n<p>&#8211; Moramo se razvijati kao funkcionalnija i sna\u017enija organizacija te planirati 5 godina unaprijed \u2013 naglasio je Kabiri.<\/p>\n\n\n\n<p>Dodao je kako imaju tim izuzetno velikodu\u0161nih i skromnih pojedinaca za koje je siguran da \u0107e se i dalje nastaviti boriti za titule.<\/p>\n\n\n\n<p>&#8211; Ovo prvenstvo bit \u0107e zapisano zlatnim slovima u povijesti kluba, ne samo zato \u0161to smo oborili sve mogu\u0107e rekorde na terenu, ve\u0107 zato \u0161to imamo tim izuzetno velikodu\u0161nih i skromnih pojedinaca koje vodi trener Sergej Jakirovi\u0107 \u2013 sjajan primjer beskompromisnog profesionalca. S takvim duhom, vodstvom i dosljedno\u0161\u0107u, siguran sam da \u0107emo se nastaviti boriti za titule i veseliti na\u0161e navija\u010de- poru\u010dio je Kabiri.<\/p>\n\n\n\n<p>Izvor:pogled.ba<\/p>\n","protected":false},"excerpt":{"rendered":"<p>Na\u0161a je odgovornost odr\u017eati klub stabilnim i konkurentnim dugi niz godina, a to se mo\u017ee posti\u0107i samo ulaganjem u infrastrukturu i odgovaraju\u0107e prostore za obuku koji \u0107e slu\u017eiti svim na\u0161im sastavima \u2013 izjavio je potpredsjednika H\u0160K Zrinjski Amir Gross Kabiri, nakon \u0161to je taj klub sedam kola prije kraja potvrdio sedmi naslov prvaka BiH. Naglasio [&hellip;]<\/p>\n","protected":false},"author":2,"featured_media":133668,"comment_status":"closed","ping_status":"closed","sticky":false,"template":"","format":"standard","meta":{"h5ap_radio_sources":[],"footnotes":""},"categories":[7],"tags":[],"class_list":["post-133667","post","type-post","status-publish","format-standard","has-post-thumbnail","hentry","category-sport"],"yoast_head":"<!-- This site is optimized with the Yoast SEO plugin v27.5 - https:\/\/yoast.com\/product\/yoast-seo-wordpress\/ -->\n<title>Kabiri o Zrinjskom: Ovo prvenstvo bit \u0107e zapisano zlatnim slovima u povijesti kluba - RADIO LJUBU\u0160KI<\/title>\n<meta name=\"robots\" content=\"index, follow, max-snippet:-1, max-image-preview:large, max-video-preview:-1\" \/>\n<link rel=\"canonical\" href=\"https:\/\/radioljubuski.ba\/index.php\/2022\/04\/18\/kabiri-o-zrinjskom-ovo-prvenstvo-bit-ce-zapisano-zlatnim-slovima-u-povijesti-kluba\/\" \/>\n<meta property=\"og:locale\" content=\"hr_HR\" \/>\n<meta property=\"og:type\" content=\"article\" \/>\n<meta property=\"og:title\" content=\"Kabiri o Zrinjskom: Ovo prvenstvo bit \u0107e zapisano zlatnim slovima u povijesti kluba - RADIO LJUBU\u0160KI\" \/>\n<meta property=\"og:description\" content=\"Na\u0161a je odgovornost odr\u017eati klub stabilnim i konkurentnim dugi niz godina, a to se mo\u017ee posti\u0107i samo ulaganjem u infrastrukturu i odgovaraju\u0107e prostore za obuku koji \u0107e slu\u017eiti svim na\u0161im sastavima \u2013 izjavio je potpredsjednika H\u0160K Zrinjski Amir Gross Kabiri, nakon \u0161to je taj klub sedam kola prije kraja potvrdio sedmi naslov prvaka BiH. Naglasio [&hellip;]\" \/>\n<meta property=\"og:url\" content=\"https:\/\/radioljubuski.ba\/index.php\/2022\/04\/18\/kabiri-o-zrinjskom-ovo-prvenstvo-bit-ce-zapisano-zlatnim-slovima-u-povijesti-kluba\/\" \/>\n<meta property=\"og:site_name\" content=\"RADIO LJUBU\u0160KI\" \/>\n<meta property=\"article:publisher\" content=\"https:\/\/www.facebook.com\/Radiio-Ljubuski-1490835324566332\" \/>\n<meta property=\"article:published_time\" content=\"2022-04-18T12:24:17+00:00\" \/>\n<meta property=\"article:modified_time\" content=\"2022-04-18T12:24:18+00:00\" \/>\n<meta property=\"og:image\" content=\"https:\/\/radioljubuski.ba\/wp-content\/uploads\/2022\/04\/2-2022-04-18-13-55-15-l_962508eec748a6228762077c04c88dde.jpg\" \/>\n\t<meta property=\"og:image:width\" content=\"1000\" \/>\n\t<meta property=\"og:image:height\" content=\"625\" \/>\n\t<meta property=\"og:image:type\" content=\"image\/jpeg\" \/>\n<meta name=\"author\" content=\"Radio Ljubu\u0161ki\" \/>\n<meta name=\"twitter:card\" content=\"summary_large_image\" \/>\n<meta name=\"twitter:creator\" content=\"@radioljubuski\" \/>\n<meta name=\"twitter:site\" content=\"@radioljubuski\" \/>\n<meta name=\"twitter:label1\" content=\"Napisao\/la\" \/>\n\t<meta name=\"twitter:data1\" content=\"Radio Ljubu\u0161ki\" \/>\n\t<meta name=\"twitter:label2\" content=\"Procijenjeno vrijeme \u010ditanja\" \/>\n\t<meta name=\"twitter:data2\" content=\"1 minuta\" \/>\n<script type=\"application\/ld+json\" class=\"yoast-schema-graph\">{\"@context\":\"https:\\\/\\\/schema.org\",\"@graph\":[{\"@type\":\"Article\",\"@id\":\"https:\\\/\\\/radioljubuski.ba\\\/index.php\\\/2022\\\/04\\\/18\\\/kabiri-o-zrinjskom-ovo-prvenstvo-bit-ce-zapisano-zlatnim-slovima-u-povijesti-kluba\\\/#article\",\"isPartOf\":{\"@id\":\"https:\\\/\\\/radioljubuski.ba\\\/index.php\\\/2022\\\/04\\\/18\\\/kabiri-o-zrinjskom-ovo-prvenstvo-bit-ce-zapisano-zlatnim-slovima-u-povijesti-kluba\\\/\"},\"author\":{\"name\":\"Radio Ljubu\u0161ki\",\"@id\":\"https:\\\/\\\/radioljubuski.ba\\\/#\\\/schema\\\/person\\\/19fc700381a780f69665d7956c469e3b\"},\"headline\":\"Kabiri o Zrinjskom: Ovo prvenstvo bit \u0107e zapisano zlatnim slovima u povijesti kluba\",\"datePublished\":\"2022-04-18T12:24:17+00:00\",\"dateModified\":\"2022-04-18T12:24:18+00:00\",\"mainEntityOfPage\":{\"@id\":\"https:\\\/\\\/radioljubuski.ba\\\/index.php\\\/2022\\\/04\\\/18\\\/kabiri-o-zrinjskom-ovo-prvenstvo-bit-ce-zapisano-zlatnim-slovima-u-povijesti-kluba\\\/\"},\"wordCount\":212,\"publisher\":{\"@id\":\"https:\\\/\\\/radioljubuski.ba\\\/#organization\"},\"image\":{\"@id\":\"https:\\\/\\\/radioljubuski.ba\\\/index.php\\\/2022\\\/04\\\/18\\\/kabiri-o-zrinjskom-ovo-prvenstvo-bit-ce-zapisano-zlatnim-slovima-u-povijesti-kluba\\\/#primaryimage\"},\"thumbnailUrl\":\"https:\\\/\\\/radioljubuski.ba\\\/wp-content\\\/uploads\\\/2022\\\/04\\\/2-2022-04-18-13-55-15-l_962508eec748a6228762077c04c88dde.jpg\",\"articleSection\":[\"\u0160port\"],\"inLanguage\":\"hr\"},{\"@type\":\"WebPage\",\"@id\":\"https:\\\/\\\/radioljubuski.ba\\\/index.php\\\/2022\\\/04\\\/18\\\/kabiri-o-zrinjskom-ovo-prvenstvo-bit-ce-zapisano-zlatnim-slovima-u-povijesti-kluba\\\/\",\"url\":\"https:\\\/\\\/radioljubuski.ba\\\/index.php\\\/2022\\\/04\\\/18\\\/kabiri-o-zrinjskom-ovo-prvenstvo-bit-ce-zapisano-zlatnim-slovima-u-povijesti-kluba\\\/\",\"name\":\"Kabiri o Zrinjskom: Ovo prvenstvo bit \u0107e zapisano zlatnim slovima u povijesti kluba - RADIO LJUBU\u0160KI\",\"isPartOf\":{\"@id\":\"https:\\\/\\\/radioljubuski.ba\\\/#website\"},\"primaryImageOfPage\":{\"@id\":\"https:\\\/\\\/radioljubuski.ba\\\/index.php\\\/2022\\\/04\\\/18\\\/kabiri-o-zrinjskom-ovo-prvenstvo-bit-ce-zapisano-zlatnim-slovima-u-povijesti-kluba\\\/#primaryimage\"},\"image\":{\"@id\":\"https:\\\/\\\/radioljubuski.ba\\\/index.php\\\/2022\\\/04\\\/18\\\/kabiri-o-zrinjskom-ovo-prvenstvo-bit-ce-zapisano-zlatnim-slovima-u-povijesti-kluba\\\/#primaryimage\"},\"thumbnailUrl\":\"https:\\\/\\\/radioljubuski.ba\\\/wp-content\\\/uploads\\\/2022\\\/04\\\/2-2022-04-18-13-55-15-l_962508eec748a6228762077c04c88dde.jpg\",\"datePublished\":\"2022-04-18T12:24:17+00:00\",\"dateModified\":\"2022-04-18T12:24:18+00:00\",\"breadcrumb\":{\"@id\":\"https:\\\/\\\/radioljubuski.ba\\\/index.php\\\/2022\\\/04\\\/18\\\/kabiri-o-zrinjskom-ovo-prvenstvo-bit-ce-zapisano-zlatnim-slovima-u-povijesti-kluba\\\/#breadcrumb\"},\"inLanguage\":\"hr\",\"potentialAction\":[{\"@type\":\"ReadAction\",\"target\":[\"https:\\\/\\\/radioljubuski.ba\\\/index.php\\\/2022\\\/04\\\/18\\\/kabiri-o-zrinjskom-ovo-prvenstvo-bit-ce-zapisano-zlatnim-slovima-u-povijesti-kluba\\\/\"]}]},{\"@type\":\"ImageObject\",\"inLanguage\":\"hr\",\"@id\":\"https:\\\/\\\/radioljubuski.ba\\\/index.php\\\/2022\\\/04\\\/18\\\/kabiri-o-zrinjskom-ovo-prvenstvo-bit-ce-zapisano-zlatnim-slovima-u-povijesti-kluba\\\/#primaryimage\",\"url\":\"https:\\\/\\\/radioljubuski.ba\\\/wp-content\\\/uploads\\\/2022\\\/04\\\/2-2022-04-18-13-55-15-l_962508eec748a6228762077c04c88dde.jpg\",\"contentUrl\":\"https:\\\/\\\/radioljubuski.ba\\\/wp-content\\\/uploads\\\/2022\\\/04\\\/2-2022-04-18-13-55-15-l_962508eec748a6228762077c04c88dde.jpg\",\"width\":1000,\"height\":625},{\"@type\":\"BreadcrumbList\",\"@id\":\"https:\\\/\\\/radioljubuski.ba\\\/index.php\\\/2022\\\/04\\\/18\\\/kabiri-o-zrinjskom-ovo-prvenstvo-bit-ce-zapisano-zlatnim-slovima-u-povijesti-kluba\\\/#breadcrumb\",\"itemListElement\":[{\"@type\":\"ListItem\",\"position\":1,\"name\":\"Po\u010detna stranica\",\"item\":\"https:\\\/\\\/radioljubuski.ba\\\/\"},{\"@type\":\"ListItem\",\"position\":2,\"name\":\"Kabiri o Zrinjskom: Ovo prvenstvo bit \u0107e zapisano zlatnim slovima u povijesti kluba\"}]},{\"@type\":\"WebSite\",\"@id\":\"https:\\\/\\\/radioljubuski.ba\\\/#website\",\"url\":\"https:\\\/\\\/radioljubuski.ba\\\/\",\"name\":\"Radio Ljubu\u0161ki\",\"description\":\"Sun\u010dana frekvencija Hercegovine\",\"publisher\":{\"@id\":\"https:\\\/\\\/radioljubuski.ba\\\/#organization\"},\"potentialAction\":[{\"@type\":\"SearchAction\",\"target\":{\"@type\":\"EntryPoint\",\"urlTemplate\":\"https:\\\/\\\/radioljubuski.ba\\\/?s={search_term_string}\"},\"query-input\":{\"@type\":\"PropertyValueSpecification\",\"valueRequired\":true,\"valueName\":\"search_term_string\"}}],\"inLanguage\":\"hr\"},{\"@type\":\"Organization\",\"@id\":\"https:\\\/\\\/radioljubuski.ba\\\/#organization\",\"name\":\"Radio Ljubu\u0161ki\",\"url\":\"https:\\\/\\\/radioljubuski.ba\\\/\",\"logo\":{\"@type\":\"ImageObject\",\"inLanguage\":\"hr\",\"@id\":\"https:\\\/\\\/radioljubuski.ba\\\/#\\\/schema\\\/logo\\\/image\\\/\",\"url\":\"https:\\\/\\\/radioljubuski.ba\\\/wp-content\\\/uploads\\\/2021\\\/02\\\/cropped-Radio_Ljubuski_logo1.jpg\",\"contentUrl\":\"https:\\\/\\\/radioljubuski.ba\\\/wp-content\\\/uploads\\\/2021\\\/02\\\/cropped-Radio_Ljubuski_logo1.jpg\",\"width\":512,\"height\":512,\"caption\":\"Radio Ljubu\u0161ki\"},\"image\":{\"@id\":\"https:\\\/\\\/radioljubuski.ba\\\/#\\\/schema\\\/logo\\\/image\\\/\"},\"sameAs\":[\"https:\\\/\\\/www.facebook.com\\\/Radiio-Ljubuski-1490835324566332\",\"https:\\\/\\\/x.com\\\/radioljubuski\",\"https:\\\/\\\/hr.linkedin.com\\\/company\\\/radio-ljubuski\",\"https:\\\/\\\/www.youtube.com\\\/channel\\\/UCHYaeO_n0Db3tjNGudGpXyw\"]},{\"@type\":\"Person\",\"@id\":\"https:\\\/\\\/radioljubuski.ba\\\/#\\\/schema\\\/person\\\/19fc700381a780f69665d7956c469e3b\",\"name\":\"Radio Ljubu\u0161ki\"}]}<\/script>\n<!-- \/ Yoast SEO plugin. -->","yoast_head_json":{"title":"Kabiri o Zrinjskom: Ovo prvenstvo bit \u0107e zapisano zlatnim slovima u povijesti kluba - RADIO LJUBU\u0160KI","robots":{"index":"index","follow":"follow","max-snippet":"max-snippet:-1","max-image-preview":"max-image-preview:large","max-video-preview":"max-video-preview:-1"},"canonical":"https:\/\/radioljubuski.ba\/index.php\/2022\/04\/18\/kabiri-o-zrinjskom-ovo-prvenstvo-bit-ce-zapisano-zlatnim-slovima-u-povijesti-kluba\/","og_locale":"hr_HR","og_type":"article","og_title":"Kabiri o Zrinjskom: Ovo prvenstvo bit \u0107e zapisano zlatnim slovima u povijesti kluba - RADIO LJUBU\u0160KI","og_description":"Na\u0161a je odgovornost odr\u017eati klub stabilnim i konkurentnim dugi niz godina, a to se mo\u017ee posti\u0107i samo ulaganjem u infrastrukturu i odgovaraju\u0107e prostore za obuku koji \u0107e slu\u017eiti svim na\u0161im sastavima \u2013 izjavio je potpredsjednika H\u0160K Zrinjski Amir Gross Kabiri, nakon \u0161to je taj klub sedam kola prije kraja potvrdio sedmi naslov prvaka BiH. Naglasio [&hellip;]","og_url":"https:\/\/radioljubuski.ba\/index.php\/2022\/04\/18\/kabiri-o-zrinjskom-ovo-prvenstvo-bit-ce-zapisano-zlatnim-slovima-u-povijesti-kluba\/","og_site_name":"RADIO LJUBU\u0160KI","article_publisher":"https:\/\/www.facebook.com\/Radiio-Ljubuski-1490835324566332","article_published_time":"2022-04-18T12:24:17+00:00","article_modified_time":"2022-04-18T12:24:18+00:00","og_image":[{"width":1000,"height":625,"url":"https:\/\/radioljubuski.ba\/wp-content\/uploads\/2022\/04\/2-2022-04-18-13-55-15-l_962508eec748a6228762077c04c88dde.jpg","type":"image\/jpeg"}],"author":"Radio Ljubu\u0161ki","twitter_card":"summary_large_image","twitter_creator":"@radioljubuski","twitter_site":"@radioljubuski","twitter_misc":{"Napisao\/la":"Radio Ljubu\u0161ki","Procijenjeno vrijeme \u010ditanja":"1 minuta"},"schema":{"@context":"https:\/\/schema.org","@graph":[{"@type":"Article","@id":"https:\/\/radioljubuski.ba\/index.php\/2022\/04\/18\/kabiri-o-zrinjskom-ovo-prvenstvo-bit-ce-zapisano-zlatnim-slovima-u-povijesti-kluba\/#article","isPartOf":{"@id":"https:\/\/radioljubuski.ba\/index.php\/2022\/04\/18\/kabiri-o-zrinjskom-ovo-prvenstvo-bit-ce-zapisano-zlatnim-slovima-u-povijesti-kluba\/"},"author":{"name":"Radio Ljubu\u0161ki","@id":"https:\/\/radioljubuski.ba\/#\/schema\/person\/19fc700381a780f69665d7956c469e3b"},"headline":"Kabiri o Zrinjskom: Ovo prvenstvo bit \u0107e zapisano zlatnim slovima u povijesti kluba","datePublished":"2022-04-18T12:24:17+00:00","dateModified":"2022-04-18T12:24:18+00:00","mainEntityOfPage":{"@id":"https:\/\/radioljubuski.ba\/index.php\/2022\/04\/18\/kabiri-o-zrinjskom-ovo-prvenstvo-bit-ce-zapisano-zlatnim-slovima-u-povijesti-kluba\/"},"wordCount":212,"publisher":{"@id":"https:\/\/radioljubuski.ba\/#organization"},"image":{"@id":"https:\/\/radioljubuski.ba\/index.php\/2022\/04\/18\/kabiri-o-zrinjskom-ovo-prvenstvo-bit-ce-zapisano-zlatnim-slovima-u-povijesti-kluba\/#primaryimage"},"thumbnailUrl":"https:\/\/radioljubuski.ba\/wp-content\/uploads\/2022\/04\/2-2022-04-18-13-55-15-l_962508eec748a6228762077c04c88dde.jpg","articleSection":["\u0160port"],"inLanguage":"hr"},{"@type":"WebPage","@id":"https:\/\/radioljubuski.ba\/index.php\/2022\/04\/18\/kabiri-o-zrinjskom-ovo-prvenstvo-bit-ce-zapisano-zlatnim-slovima-u-povijesti-kluba\/","url":"https:\/\/radioljubuski.ba\/index.php\/2022\/04\/18\/kabiri-o-zrinjskom-ovo-prvenstvo-bit-ce-zapisano-zlatnim-slovima-u-povijesti-kluba\/","name":"Kabiri o Zrinjskom: Ovo prvenstvo bit \u0107e zapisano zlatnim slovima u povijesti kluba - RADIO LJUBU\u0160KI","isPartOf":{"@id":"https:\/\/radioljubuski.ba\/#website"},"primaryImageOfPage":{"@id":"https:\/\/radioljubuski.ba\/index.php\/2022\/04\/18\/kabiri-o-zrinjskom-ovo-prvenstvo-bit-ce-zapisano-zlatnim-slovima-u-povijesti-kluba\/#primaryimage"},"image":{"@id":"https:\/\/radioljubuski.ba\/index.php\/2022\/04\/18\/kabiri-o-zrinjskom-ovo-prvenstvo-bit-ce-zapisano-zlatnim-slovima-u-povijesti-kluba\/#primaryimage"},"thumbnailUrl":"https:\/\/radioljubuski.ba\/wp-content\/uploads\/2022\/04\/2-2022-04-18-13-55-15-l_962508eec748a6228762077c04c88dde.jpg","datePublished":"2022-04-18T12:24:17+00:00","dateModified":"2022-04-18T12:24:18+00:00","breadcrumb":{"@id":"https:\/\/radioljubuski.ba\/index.php\/2022\/04\/18\/kabiri-o-zrinjskom-ovo-prvenstvo-bit-ce-zapisano-zlatnim-slovima-u-povijesti-kluba\/#breadcrumb"},"inLanguage":"hr","potentialAction":[{"@type":"ReadAction","target":["https:\/\/radioljubuski.ba\/index.php\/2022\/04\/18\/kabiri-o-zrinjskom-ovo-prvenstvo-bit-ce-zapisano-zlatnim-slovima-u-povijesti-kluba\/"]}]},{"@type":"ImageObject","inLanguage":"hr","@id":"https:\/\/radioljubuski.ba\/index.php\/2022\/04\/18\/kabiri-o-zrinjskom-ovo-prvenstvo-bit-ce-zapisano-zlatnim-slovima-u-povijesti-kluba\/#primaryimage","url":"https:\/\/radioljubuski.ba\/wp-content\/uploads\/2022\/04\/2-2022-04-18-13-55-15-l_962508eec748a6228762077c04c88dde.jpg","contentUrl":"https:\/\/radioljubuski.ba\/wp-content\/uploads\/2022\/04\/2-2022-04-18-13-55-15-l_962508eec748a6228762077c04c88dde.jpg","width":1000,"height":625},{"@type":"BreadcrumbList","@id":"https:\/\/radioljubuski.ba\/index.php\/2022\/04\/18\/kabiri-o-zrinjskom-ovo-prvenstvo-bit-ce-zapisano-zlatnim-slovima-u-povijesti-kluba\/#breadcrumb","itemListElement":[{"@type":"ListItem","position":1,"name":"Po\u010detna stranica","item":"https:\/\/radioljubuski.ba\/"},{"@type":"ListItem","position":2,"name":"Kabiri o Zrinjskom: Ovo prvenstvo bit \u0107e zapisano zlatnim slovima u povijesti kluba"}]},{"@type":"WebSite","@id":"https:\/\/radioljubuski.ba\/#website","url":"https:\/\/radioljubuski.ba\/","name":"Radio Ljubu\u0161ki","description":"Sun\u010dana frekvencija Hercegovine","publisher":{"@id":"https:\/\/radioljubuski.ba\/#organization"},"potentialAction":[{"@type":"SearchAction","target":{"@type":"EntryPoint","urlTemplate":"https:\/\/radioljubuski.ba\/?s={search_term_string}"},"query-input":{"@type":"PropertyValueSpecification","valueRequired":true,"valueName":"search_term_string"}}],"inLanguage":"hr"},{"@type":"Organization","@id":"https:\/\/radioljubuski.ba\/#organization","name":"Radio Ljubu\u0161ki","url":"https:\/\/radioljubuski.ba\/","logo":{"@type":"ImageObject","inLanguage":"hr","@id":"https:\/\/radioljubuski.ba\/#\/schema\/logo\/image\/","url":"https:\/\/radioljubuski.ba\/wp-content\/uploads\/2021\/02\/cropped-Radio_Ljubuski_logo1.jpg","contentUrl":"https:\/\/radioljubuski.ba\/wp-content\/uploads\/2021\/02\/cropped-Radio_Ljubuski_logo1.jpg","width":512,"height":512,"caption":"Radio Ljubu\u0161ki"},"image":{"@id":"https:\/\/radioljubuski.ba\/#\/schema\/logo\/image\/"},"sameAs":["https:\/\/www.facebook.com\/Radiio-Ljubuski-1490835324566332","https:\/\/x.com\/radioljubuski","https:\/\/hr.linkedin.com\/company\/radio-ljubuski","https:\/\/www.youtube.com\/channel\/UCHYaeO_n0Db3tjNGudGpXyw"]},{"@type":"Person","@id":"https:\/\/radioljubuski.ba\/#\/schema\/person\/19fc700381a780f69665d7956c469e3b","name":"Radio Ljubu\u0161ki"}]}},"_links":{"self":[{"href":"https:\/\/radioljubuski.ba\/index.php\/wp-json\/wp\/v2\/posts\/133667","targetHints":{"allow":["GET"]}}],"collection":[{"href":"https:\/\/radioljubuski.ba\/index.php\/wp-json\/wp\/v2\/posts"}],"about":[{"href":"https:\/\/radioljubuski.ba\/index.php\/wp-json\/wp\/v2\/types\/post"}],"author":[{"embeddable":true,"href":"https:\/\/radioljubuski.ba\/index.php\/wp-json\/wp\/v2\/users\/2"}],"replies":[{"embeddable":true,"href":"https:\/\/radioljubuski.ba\/index.php\/wp-json\/wp\/v2\/comments?post=133667"}],"version-history":[{"count":1,"href":"https:\/\/radioljubuski.ba\/index.php\/wp-json\/wp\/v2\/posts\/133667\/revisions"}],"predecessor-version":[{"id":133669,"href":"https:\/\/radioljubuski.ba\/index.php\/wp-json\/wp\/v2\/posts\/133667\/revisions\/133669"}],"wp:featuredmedia":[{"embeddable":true,"href":"https:\/\/radioljubuski.ba\/index.php\/wp-json\/wp\/v2\/media\/133668"}],"wp:attachment":[{"href":"https:\/\/radioljubuski.ba\/index.php\/wp-json\/wp\/v2\/media?parent=133667"}],"wp:term":[{"taxonomy":"category","embeddable":true,"href":"https:\/\/radioljubuski.ba\/index.php\/wp-json\/wp\/v2\/categories?post=133667"},{"taxonomy":"post_tag","embeddable":true,"href":"https:\/\/radioljubuski.ba\/index.php\/wp-json\/wp\/v2\/tags?post=133667"}],"curies":[{"name":"wp","href":"https:\/\/api.w.org\/{rel}","templated":true}]}}