{"id":133677,"date":"2022-04-18T17:35:43","date_gmt":"2022-04-18T16:35:43","guid":{"rendered":"https:\/\/radioljubuski.ba\/?p=133677"},"modified":"2022-04-18T17:35:44","modified_gmt":"2022-04-18T16:35:44","slug":"javni-oglas-za-prijem-u-profesionalnu-vojnu-sluzbu-ostaje-otvoren-do-24-travnja","status":"publish","type":"post","link":"https:\/\/radioljubuski.ba\/index.php\/2022\/04\/18\/javni-oglas-za-prijem-u-profesionalnu-vojnu-sluzbu-ostaje-otvoren-do-24-travnja\/","title":{"rendered":"Javni oglas za prijem u profesionalnu vojnu slu\u017ebu ostaje otvoren do 24. travnja"},"content":{"rendered":"\n<p>Javni oglas za prijem 500 kandidata u profesionalnu vojnu slu\u017ebu (PVS) u Oru\u017eanim snagama Bosne i Hercegovine (OSBiH) u po\u010detnom \u010dinu &#8211; vojnik ostaje otvoren do 24. travnja, potvr\u0111eno je Feni u Ministarstvu obrane BiH.<\/p>\n\n\n\n<p>Radi se o javnom oglasu koji je Ministarstvo obrane BiH objavilo 25. o\u017eujka s rokom prijave 30 dana od dana objavljivanja na slu\u017ebenoj stranici ovog ministarstva.<\/p>\n\n\n\n<p>U skladu s odredbama Zakona o slu\u017ebi u OSBiH, kandidati koji se prijavljuju za prijem u PVS moraju ispunjavati op\u0107e i posebne uvjete.<\/p>\n\n\n\n<p>Op\u0107i uvjeti za kandidate podrazumjevaju da su dr\u017eavljani Bosne i Hercegovine, da su zdravstveno sposobni za slu\u017ebu u OSBiH, da nisu osu\u0111ivani na bezuvjetnu zatvorsku kaznu u trajanju du\u017eem od \u0161est mjeseci, da nisu prethodno otpu\u0161teni iz dr\u017eavne slu\u017ebe ili pravne osobe zbog povrede slu\u017ebene du\u017enosti u posljednje tri godine, da im pravosna\u017enom presudom nije zabranjeno obavljanje odre\u0111enih djelatnosti, odnosno du\u017enosti za vrijeme trajanja takve zabrane, te da se protiv njih ne vodi krivi\u010dni postupak za krivi\u010dno djelo za koje se goni po slu\u017ebenoj du\u017enosti.<\/p>\n\n\n\n<p>Istovremeno, potrebno je da imaju odgovaraju\u0107u stru\u010dnu spremu, da nisu mla\u0111i od 18, niti stariji od 27 godina u vrijeme prijema, odnosno na dan 31. prosinca, te da su uspje\u0161no zavr\u0161ili osnovnu vojnu obuku, koju \u0107e Ministarstvo obrane BiH organizirati nakon zavr\u0161enih testiranja, sigurnosnih provjera i zdravstvenih pregleda.<\/p>\n\n\n\n<p>Kandidati koji apliciraju za prijem u PVS moraju ispunjavati i posebne uvjete, uklju\u010duju\u0107i uvjet da su uspje\u0161no polo\u017eili testove prema normama propisanim Pravilnikom o prijemu u vojnu slu\u017ebu.<\/p>\n\n\n\n<p>Prema raspisanom javnom oglasu, izbor kandidata vr\u0161i Komisija za izbor vojnika u OSBiH, koju imenuje ministar obrane BiH, a njihova selekcija i izbor realiziraju se u sklopu tri faze testiranja i provjera kao i osnovnu vojni\u010dku obuku.<\/p>\n\n\n\n<p>Spomenuta testiranja bit \u0107e provedena u centrima za regrutovanje i tranziciju u Sarajevu, Banjoj Luci, \u010capljini i Tuzli i obuhvataju testove propisane Pravilnikom o prijemu u vojnu slu\u017ebu.<\/p>\n\n\n\n<p>Prilikom odabira kandidata za prijem u PVS, izme\u0111u ostalog, vodit \u0107e se ra\u010duna o ravnopravnoj zastupljenosti spolova, u skladu sa Zakonom o ravnopravnosti spolova.<\/p>\n\n\n\n<p>Potrebne informacije i obrasce za prijavu kandidadti mogu preuzeti na slu\u017ebenoj Internet stranici Ministarstva odbrane BiH (www. mod.gov.ba) ili osobno dobiti od centara za regrutovanje i tranziciju u Sarajevu (tel:033\/773-437), Banjoj Luci (tel: 051\/335-886), \u010capljini (tel: 036\/811-084) i Tuzli (tel: 035\/814 -954).<\/p>\n\n\n\n<p>Izvor:pogled.ba<\/p>\n","protected":false},"excerpt":{"rendered":"<p>Javni oglas za prijem 500 kandidata u profesionalnu vojnu slu\u017ebu (PVS) u Oru\u017eanim snagama Bosne i Hercegovine (OSBiH) u po\u010detnom \u010dinu &#8211; vojnik ostaje otvoren do 24. travnja, potvr\u0111eno je Feni u Ministarstvu obrane BiH. Radi se o javnom oglasu koji je Ministarstvo obrane BiH objavilo 25. o\u017eujka s rokom prijave 30 dana od dana [&hellip;]<\/p>\n","protected":false},"author":2,"featured_media":133678,"comment_status":"closed","ping_status":"closed","sticky":false,"template":"","format":"standard","meta":{"h5ap_radio_sources":[],"footnotes":""},"categories":[1],"tags":[],"class_list":["post-133677","post","type-post","status-publish","format-standard","has-post-thumbnail","hentry","category-bihiregija"],"yoast_head":"<!-- This site is optimized with the Yoast SEO plugin v27.5 - https:\/\/yoast.com\/product\/yoast-seo-wordpress\/ -->\n<title>Javni oglas za prijem u profesionalnu vojnu slu\u017ebu ostaje otvoren do 24. travnja - RADIO LJUBU\u0160KI<\/title>\n<meta name=\"robots\" content=\"index, follow, max-snippet:-1, max-image-preview:large, max-video-preview:-1\" \/>\n<link rel=\"canonical\" href=\"https:\/\/radioljubuski.ba\/index.php\/2022\/04\/18\/javni-oglas-za-prijem-u-profesionalnu-vojnu-sluzbu-ostaje-otvoren-do-24-travnja\/\" \/>\n<meta property=\"og:locale\" content=\"hr_HR\" \/>\n<meta property=\"og:type\" content=\"article\" \/>\n<meta property=\"og:title\" content=\"Javni oglas za prijem u profesionalnu vojnu slu\u017ebu ostaje otvoren do 24. travnja - RADIO LJUBU\u0160KI\" \/>\n<meta property=\"og:description\" content=\"Javni oglas za prijem 500 kandidata u profesionalnu vojnu slu\u017ebu (PVS) u Oru\u017eanim snagama Bosne i Hercegovine (OSBiH) u po\u010detnom \u010dinu &#8211; vojnik ostaje otvoren do 24. travnja, potvr\u0111eno je Feni u Ministarstvu obrane BiH. Radi se o javnom oglasu koji je Ministarstvo obrane BiH objavilo 25. o\u017eujka s rokom prijave 30 dana od dana [&hellip;]\" \/>\n<meta property=\"og:url\" content=\"https:\/\/radioljubuski.ba\/index.php\/2022\/04\/18\/javni-oglas-za-prijem-u-profesionalnu-vojnu-sluzbu-ostaje-otvoren-do-24-travnja\/\" \/>\n<meta property=\"og:site_name\" content=\"RADIO LJUBU\u0160KI\" \/>\n<meta property=\"article:publisher\" content=\"https:\/\/www.facebook.com\/Radiio-Ljubuski-1490835324566332\" \/>\n<meta property=\"article:published_time\" content=\"2022-04-18T16:35:43+00:00\" \/>\n<meta property=\"article:modified_time\" content=\"2022-04-18T16:35:44+00:00\" \/>\n<meta property=\"og:image\" content=\"https:\/\/radioljubuski.ba\/wp-content\/uploads\/2022\/04\/2-2021-10-15-12-44-19-210824_mobih_markica.jpg\" \/>\n\t<meta property=\"og:image:width\" content=\"1000\" \/>\n\t<meta property=\"og:image:height\" content=\"625\" \/>\n\t<meta property=\"og:image:type\" content=\"image\/jpeg\" \/>\n<meta name=\"author\" content=\"Radio Ljubu\u0161ki\" \/>\n<meta name=\"twitter:card\" content=\"summary_large_image\" \/>\n<meta name=\"twitter:creator\" content=\"@radioljubuski\" \/>\n<meta name=\"twitter:site\" content=\"@radioljubuski\" \/>\n<meta name=\"twitter:label1\" content=\"Napisao\/la\" \/>\n\t<meta name=\"twitter:data1\" content=\"Radio Ljubu\u0161ki\" \/>\n\t<meta name=\"twitter:label2\" content=\"Procijenjeno vrijeme \u010ditanja\" \/>\n\t<meta name=\"twitter:data2\" content=\"2 minute\" \/>\n<script type=\"application\/ld+json\" class=\"yoast-schema-graph\">{\"@context\":\"https:\\\/\\\/schema.org\",\"@graph\":[{\"@type\":\"Article\",\"@id\":\"https:\\\/\\\/radioljubuski.ba\\\/index.php\\\/2022\\\/04\\\/18\\\/javni-oglas-za-prijem-u-profesionalnu-vojnu-sluzbu-ostaje-otvoren-do-24-travnja\\\/#article\",\"isPartOf\":{\"@id\":\"https:\\\/\\\/radioljubuski.ba\\\/index.php\\\/2022\\\/04\\\/18\\\/javni-oglas-za-prijem-u-profesionalnu-vojnu-sluzbu-ostaje-otvoren-do-24-travnja\\\/\"},\"author\":{\"name\":\"Radio Ljubu\u0161ki\",\"@id\":\"https:\\\/\\\/radioljubuski.ba\\\/#\\\/schema\\\/person\\\/19fc700381a780f69665d7956c469e3b\"},\"headline\":\"Javni oglas za prijem u profesionalnu vojnu slu\u017ebu ostaje otvoren do 24. travnja\",\"datePublished\":\"2022-04-18T16:35:43+00:00\",\"dateModified\":\"2022-04-18T16:35:44+00:00\",\"mainEntityOfPage\":{\"@id\":\"https:\\\/\\\/radioljubuski.ba\\\/index.php\\\/2022\\\/04\\\/18\\\/javni-oglas-za-prijem-u-profesionalnu-vojnu-sluzbu-ostaje-otvoren-do-24-travnja\\\/\"},\"wordCount\":429,\"publisher\":{\"@id\":\"https:\\\/\\\/radioljubuski.ba\\\/#organization\"},\"image\":{\"@id\":\"https:\\\/\\\/radioljubuski.ba\\\/index.php\\\/2022\\\/04\\\/18\\\/javni-oglas-za-prijem-u-profesionalnu-vojnu-sluzbu-ostaje-otvoren-do-24-travnja\\\/#primaryimage\"},\"thumbnailUrl\":\"https:\\\/\\\/radioljubuski.ba\\\/wp-content\\\/uploads\\\/2022\\\/04\\\/2-2021-10-15-12-44-19-210824_mobih_markica.jpg\",\"articleSection\":[\"BIH i regija\"],\"inLanguage\":\"hr\"},{\"@type\":\"WebPage\",\"@id\":\"https:\\\/\\\/radioljubuski.ba\\\/index.php\\\/2022\\\/04\\\/18\\\/javni-oglas-za-prijem-u-profesionalnu-vojnu-sluzbu-ostaje-otvoren-do-24-travnja\\\/\",\"url\":\"https:\\\/\\\/radioljubuski.ba\\\/index.php\\\/2022\\\/04\\\/18\\\/javni-oglas-za-prijem-u-profesionalnu-vojnu-sluzbu-ostaje-otvoren-do-24-travnja\\\/\",\"name\":\"Javni oglas za prijem u profesionalnu vojnu slu\u017ebu ostaje otvoren do 24. travnja - RADIO LJUBU\u0160KI\",\"isPartOf\":{\"@id\":\"https:\\\/\\\/radioljubuski.ba\\\/#website\"},\"primaryImageOfPage\":{\"@id\":\"https:\\\/\\\/radioljubuski.ba\\\/index.php\\\/2022\\\/04\\\/18\\\/javni-oglas-za-prijem-u-profesionalnu-vojnu-sluzbu-ostaje-otvoren-do-24-travnja\\\/#primaryimage\"},\"image\":{\"@id\":\"https:\\\/\\\/radioljubuski.ba\\\/index.php\\\/2022\\\/04\\\/18\\\/javni-oglas-za-prijem-u-profesionalnu-vojnu-sluzbu-ostaje-otvoren-do-24-travnja\\\/#primaryimage\"},\"thumbnailUrl\":\"https:\\\/\\\/radioljubuski.ba\\\/wp-content\\\/uploads\\\/2022\\\/04\\\/2-2021-10-15-12-44-19-210824_mobih_markica.jpg\",\"datePublished\":\"2022-04-18T16:35:43+00:00\",\"dateModified\":\"2022-04-18T16:35:44+00:00\",\"breadcrumb\":{\"@id\":\"https:\\\/\\\/radioljubuski.ba\\\/index.php\\\/2022\\\/04\\\/18\\\/javni-oglas-za-prijem-u-profesionalnu-vojnu-sluzbu-ostaje-otvoren-do-24-travnja\\\/#breadcrumb\"},\"inLanguage\":\"hr\",\"potentialAction\":[{\"@type\":\"ReadAction\",\"target\":[\"https:\\\/\\\/radioljubuski.ba\\\/index.php\\\/2022\\\/04\\\/18\\\/javni-oglas-za-prijem-u-profesionalnu-vojnu-sluzbu-ostaje-otvoren-do-24-travnja\\\/\"]}]},{\"@type\":\"ImageObject\",\"inLanguage\":\"hr\",\"@id\":\"https:\\\/\\\/radioljubuski.ba\\\/index.php\\\/2022\\\/04\\\/18\\\/javni-oglas-za-prijem-u-profesionalnu-vojnu-sluzbu-ostaje-otvoren-do-24-travnja\\\/#primaryimage\",\"url\":\"https:\\\/\\\/radioljubuski.ba\\\/wp-content\\\/uploads\\\/2022\\\/04\\\/2-2021-10-15-12-44-19-210824_mobih_markica.jpg\",\"contentUrl\":\"https:\\\/\\\/radioljubuski.ba\\\/wp-content\\\/uploads\\\/2022\\\/04\\\/2-2021-10-15-12-44-19-210824_mobih_markica.jpg\",\"width\":1000,\"height\":625},{\"@type\":\"BreadcrumbList\",\"@id\":\"https:\\\/\\\/radioljubuski.ba\\\/index.php\\\/2022\\\/04\\\/18\\\/javni-oglas-za-prijem-u-profesionalnu-vojnu-sluzbu-ostaje-otvoren-do-24-travnja\\\/#breadcrumb\",\"itemListElement\":[{\"@type\":\"ListItem\",\"position\":1,\"name\":\"Po\u010detna stranica\",\"item\":\"https:\\\/\\\/radioljubuski.ba\\\/\"},{\"@type\":\"ListItem\",\"position\":2,\"name\":\"Javni oglas za prijem u profesionalnu vojnu slu\u017ebu ostaje otvoren do 24. travnja\"}]},{\"@type\":\"WebSite\",\"@id\":\"https:\\\/\\\/radioljubuski.ba\\\/#website\",\"url\":\"https:\\\/\\\/radioljubuski.ba\\\/\",\"name\":\"Radio Ljubu\u0161ki\",\"description\":\"Sun\u010dana frekvencija Hercegovine\",\"publisher\":{\"@id\":\"https:\\\/\\\/radioljubuski.ba\\\/#organization\"},\"potentialAction\":[{\"@type\":\"SearchAction\",\"target\":{\"@type\":\"EntryPoint\",\"urlTemplate\":\"https:\\\/\\\/radioljubuski.ba\\\/?s={search_term_string}\"},\"query-input\":{\"@type\":\"PropertyValueSpecification\",\"valueRequired\":true,\"valueName\":\"search_term_string\"}}],\"inLanguage\":\"hr\"},{\"@type\":\"Organization\",\"@id\":\"https:\\\/\\\/radioljubuski.ba\\\/#organization\",\"name\":\"Radio Ljubu\u0161ki\",\"url\":\"https:\\\/\\\/radioljubuski.ba\\\/\",\"logo\":{\"@type\":\"ImageObject\",\"inLanguage\":\"hr\",\"@id\":\"https:\\\/\\\/radioljubuski.ba\\\/#\\\/schema\\\/logo\\\/image\\\/\",\"url\":\"https:\\\/\\\/radioljubuski.ba\\\/wp-content\\\/uploads\\\/2021\\\/02\\\/cropped-Radio_Ljubuski_logo1.jpg\",\"contentUrl\":\"https:\\\/\\\/radioljubuski.ba\\\/wp-content\\\/uploads\\\/2021\\\/02\\\/cropped-Radio_Ljubuski_logo1.jpg\",\"width\":512,\"height\":512,\"caption\":\"Radio Ljubu\u0161ki\"},\"image\":{\"@id\":\"https:\\\/\\\/radioljubuski.ba\\\/#\\\/schema\\\/logo\\\/image\\\/\"},\"sameAs\":[\"https:\\\/\\\/www.facebook.com\\\/Radiio-Ljubuski-1490835324566332\",\"https:\\\/\\\/x.com\\\/radioljubuski\",\"https:\\\/\\\/hr.linkedin.com\\\/company\\\/radio-ljubuski\",\"https:\\\/\\\/www.youtube.com\\\/channel\\\/UCHYaeO_n0Db3tjNGudGpXyw\"]},{\"@type\":\"Person\",\"@id\":\"https:\\\/\\\/radioljubuski.ba\\\/#\\\/schema\\\/person\\\/19fc700381a780f69665d7956c469e3b\",\"name\":\"Radio Ljubu\u0161ki\"}]}<\/script>\n<!-- \/ Yoast SEO plugin. -->","yoast_head_json":{"title":"Javni oglas za prijem u profesionalnu vojnu slu\u017ebu ostaje otvoren do 24. travnja - RADIO LJUBU\u0160KI","robots":{"index":"index","follow":"follow","max-snippet":"max-snippet:-1","max-image-preview":"max-image-preview:large","max-video-preview":"max-video-preview:-1"},"canonical":"https:\/\/radioljubuski.ba\/index.php\/2022\/04\/18\/javni-oglas-za-prijem-u-profesionalnu-vojnu-sluzbu-ostaje-otvoren-do-24-travnja\/","og_locale":"hr_HR","og_type":"article","og_title":"Javni oglas za prijem u profesionalnu vojnu slu\u017ebu ostaje otvoren do 24. travnja - RADIO LJUBU\u0160KI","og_description":"Javni oglas za prijem 500 kandidata u profesionalnu vojnu slu\u017ebu (PVS) u Oru\u017eanim snagama Bosne i Hercegovine (OSBiH) u po\u010detnom \u010dinu &#8211; vojnik ostaje otvoren do 24. travnja, potvr\u0111eno je Feni u Ministarstvu obrane BiH. Radi se o javnom oglasu koji je Ministarstvo obrane BiH objavilo 25. o\u017eujka s rokom prijave 30 dana od dana [&hellip;]","og_url":"https:\/\/radioljubuski.ba\/index.php\/2022\/04\/18\/javni-oglas-za-prijem-u-profesionalnu-vojnu-sluzbu-ostaje-otvoren-do-24-travnja\/","og_site_name":"RADIO LJUBU\u0160KI","article_publisher":"https:\/\/www.facebook.com\/Radiio-Ljubuski-1490835324566332","article_published_time":"2022-04-18T16:35:43+00:00","article_modified_time":"2022-04-18T16:35:44+00:00","og_image":[{"width":1000,"height":625,"url":"https:\/\/radioljubuski.ba\/wp-content\/uploads\/2022\/04\/2-2021-10-15-12-44-19-210824_mobih_markica.jpg","type":"image\/jpeg"}],"author":"Radio Ljubu\u0161ki","twitter_card":"summary_large_image","twitter_creator":"@radioljubuski","twitter_site":"@radioljubuski","twitter_misc":{"Napisao\/la":"Radio Ljubu\u0161ki","Procijenjeno vrijeme \u010ditanja":"2 minute"},"schema":{"@context":"https:\/\/schema.org","@graph":[{"@type":"Article","@id":"https:\/\/radioljubuski.ba\/index.php\/2022\/04\/18\/javni-oglas-za-prijem-u-profesionalnu-vojnu-sluzbu-ostaje-otvoren-do-24-travnja\/#article","isPartOf":{"@id":"https:\/\/radioljubuski.ba\/index.php\/2022\/04\/18\/javni-oglas-za-prijem-u-profesionalnu-vojnu-sluzbu-ostaje-otvoren-do-24-travnja\/"},"author":{"name":"Radio Ljubu\u0161ki","@id":"https:\/\/radioljubuski.ba\/#\/schema\/person\/19fc700381a780f69665d7956c469e3b"},"headline":"Javni oglas za prijem u profesionalnu vojnu slu\u017ebu ostaje otvoren do 24. travnja","datePublished":"2022-04-18T16:35:43+00:00","dateModified":"2022-04-18T16:35:44+00:00","mainEntityOfPage":{"@id":"https:\/\/radioljubuski.ba\/index.php\/2022\/04\/18\/javni-oglas-za-prijem-u-profesionalnu-vojnu-sluzbu-ostaje-otvoren-do-24-travnja\/"},"wordCount":429,"publisher":{"@id":"https:\/\/radioljubuski.ba\/#organization"},"image":{"@id":"https:\/\/radioljubuski.ba\/index.php\/2022\/04\/18\/javni-oglas-za-prijem-u-profesionalnu-vojnu-sluzbu-ostaje-otvoren-do-24-travnja\/#primaryimage"},"thumbnailUrl":"https:\/\/radioljubuski.ba\/wp-content\/uploads\/2022\/04\/2-2021-10-15-12-44-19-210824_mobih_markica.jpg","articleSection":["BIH i regija"],"inLanguage":"hr"},{"@type":"WebPage","@id":"https:\/\/radioljubuski.ba\/index.php\/2022\/04\/18\/javni-oglas-za-prijem-u-profesionalnu-vojnu-sluzbu-ostaje-otvoren-do-24-travnja\/","url":"https:\/\/radioljubuski.ba\/index.php\/2022\/04\/18\/javni-oglas-za-prijem-u-profesionalnu-vojnu-sluzbu-ostaje-otvoren-do-24-travnja\/","name":"Javni oglas za prijem u profesionalnu vojnu slu\u017ebu ostaje otvoren do 24. travnja - RADIO LJUBU\u0160KI","isPartOf":{"@id":"https:\/\/radioljubuski.ba\/#website"},"primaryImageOfPage":{"@id":"https:\/\/radioljubuski.ba\/index.php\/2022\/04\/18\/javni-oglas-za-prijem-u-profesionalnu-vojnu-sluzbu-ostaje-otvoren-do-24-travnja\/#primaryimage"},"image":{"@id":"https:\/\/radioljubuski.ba\/index.php\/2022\/04\/18\/javni-oglas-za-prijem-u-profesionalnu-vojnu-sluzbu-ostaje-otvoren-do-24-travnja\/#primaryimage"},"thumbnailUrl":"https:\/\/radioljubuski.ba\/wp-content\/uploads\/2022\/04\/2-2021-10-15-12-44-19-210824_mobih_markica.jpg","datePublished":"2022-04-18T16:35:43+00:00","dateModified":"2022-04-18T16:35:44+00:00","breadcrumb":{"@id":"https:\/\/radioljubuski.ba\/index.php\/2022\/04\/18\/javni-oglas-za-prijem-u-profesionalnu-vojnu-sluzbu-ostaje-otvoren-do-24-travnja\/#breadcrumb"},"inLanguage":"hr","potentialAction":[{"@type":"ReadAction","target":["https:\/\/radioljubuski.ba\/index.php\/2022\/04\/18\/javni-oglas-za-prijem-u-profesionalnu-vojnu-sluzbu-ostaje-otvoren-do-24-travnja\/"]}]},{"@type":"ImageObject","inLanguage":"hr","@id":"https:\/\/radioljubuski.ba\/index.php\/2022\/04\/18\/javni-oglas-za-prijem-u-profesionalnu-vojnu-sluzbu-ostaje-otvoren-do-24-travnja\/#primaryimage","url":"https:\/\/radioljubuski.ba\/wp-content\/uploads\/2022\/04\/2-2021-10-15-12-44-19-210824_mobih_markica.jpg","contentUrl":"https:\/\/radioljubuski.ba\/wp-content\/uploads\/2022\/04\/2-2021-10-15-12-44-19-210824_mobih_markica.jpg","width":1000,"height":625},{"@type":"BreadcrumbList","@id":"https:\/\/radioljubuski.ba\/index.php\/2022\/04\/18\/javni-oglas-za-prijem-u-profesionalnu-vojnu-sluzbu-ostaje-otvoren-do-24-travnja\/#breadcrumb","itemListElement":[{"@type":"ListItem","position":1,"name":"Po\u010detna stranica","item":"https:\/\/radioljubuski.ba\/"},{"@type":"ListItem","position":2,"name":"Javni oglas za prijem u profesionalnu vojnu slu\u017ebu ostaje otvoren do 24. travnja"}]},{"@type":"WebSite","@id":"https:\/\/radioljubuski.ba\/#website","url":"https:\/\/radioljubuski.ba\/","name":"Radio Ljubu\u0161ki","description":"Sun\u010dana frekvencija Hercegovine","publisher":{"@id":"https:\/\/radioljubuski.ba\/#organization"},"potentialAction":[{"@type":"SearchAction","target":{"@type":"EntryPoint","urlTemplate":"https:\/\/radioljubuski.ba\/?s={search_term_string}"},"query-input":{"@type":"PropertyValueSpecification","valueRequired":true,"valueName":"search_term_string"}}],"inLanguage":"hr"},{"@type":"Organization","@id":"https:\/\/radioljubuski.ba\/#organization","name":"Radio Ljubu\u0161ki","url":"https:\/\/radioljubuski.ba\/","logo":{"@type":"ImageObject","inLanguage":"hr","@id":"https:\/\/radioljubuski.ba\/#\/schema\/logo\/image\/","url":"https:\/\/radioljubuski.ba\/wp-content\/uploads\/2021\/02\/cropped-Radio_Ljubuski_logo1.jpg","contentUrl":"https:\/\/radioljubuski.ba\/wp-content\/uploads\/2021\/02\/cropped-Radio_Ljubuski_logo1.jpg","width":512,"height":512,"caption":"Radio Ljubu\u0161ki"},"image":{"@id":"https:\/\/radioljubuski.ba\/#\/schema\/logo\/image\/"},"sameAs":["https:\/\/www.facebook.com\/Radiio-Ljubuski-1490835324566332","https:\/\/x.com\/radioljubuski","https:\/\/hr.linkedin.com\/company\/radio-ljubuski","https:\/\/www.youtube.com\/channel\/UCHYaeO_n0Db3tjNGudGpXyw"]},{"@type":"Person","@id":"https:\/\/radioljubuski.ba\/#\/schema\/person\/19fc700381a780f69665d7956c469e3b","name":"Radio Ljubu\u0161ki"}]}},"_links":{"self":[{"href":"https:\/\/radioljubuski.ba\/index.php\/wp-json\/wp\/v2\/posts\/133677","targetHints":{"allow":["GET"]}}],"collection":[{"href":"https:\/\/radioljubuski.ba\/index.php\/wp-json\/wp\/v2\/posts"}],"about":[{"href":"https:\/\/radioljubuski.ba\/index.php\/wp-json\/wp\/v2\/types\/post"}],"author":[{"embeddable":true,"href":"https:\/\/radioljubuski.ba\/index.php\/wp-json\/wp\/v2\/users\/2"}],"replies":[{"embeddable":true,"href":"https:\/\/radioljubuski.ba\/index.php\/wp-json\/wp\/v2\/comments?post=133677"}],"version-history":[{"count":1,"href":"https:\/\/radioljubuski.ba\/index.php\/wp-json\/wp\/v2\/posts\/133677\/revisions"}],"predecessor-version":[{"id":133679,"href":"https:\/\/radioljubuski.ba\/index.php\/wp-json\/wp\/v2\/posts\/133677\/revisions\/133679"}],"wp:featuredmedia":[{"embeddable":true,"href":"https:\/\/radioljubuski.ba\/index.php\/wp-json\/wp\/v2\/media\/133678"}],"wp:attachment":[{"href":"https:\/\/radioljubuski.ba\/index.php\/wp-json\/wp\/v2\/media?parent=133677"}],"wp:term":[{"taxonomy":"category","embeddable":true,"href":"https:\/\/radioljubuski.ba\/index.php\/wp-json\/wp\/v2\/categories?post=133677"},{"taxonomy":"post_tag","embeddable":true,"href":"https:\/\/radioljubuski.ba\/index.php\/wp-json\/wp\/v2\/tags?post=133677"}],"curies":[{"name":"wp","href":"https:\/\/api.w.org\/{rel}","templated":true}]}}