{"id":133689,"date":"2022-04-18T17:42:36","date_gmt":"2022-04-18T16:42:36","guid":{"rendered":"https:\/\/radioljubuski.ba\/?p=133689"},"modified":"2022-04-18T17:42:37","modified_gmt":"2022-04-18T16:42:37","slug":"od-ivana-groznog-do-vladimira-putina-kremlj-moc-i-srce-rusije","status":"publish","type":"post","link":"https:\/\/radioljubuski.ba\/index.php\/2022\/04\/18\/od-ivana-groznog-do-vladimira-putina-kremlj-moc-i-srce-rusije\/","title":{"rendered":"Od Ivana Groznog do Vladimira Putina &#8211; Kremlj, mo\u0107 i srce Rusije"},"content":{"rendered":"\n<p>Centar mo\u0107i, rezidencija i srce ruske kulture. U moskovskom Kremlju se uvijek vodila politika. Ali on je mnogo vi\u0161e od samog sjedi\u0161ta vladara.<\/p>\n\n\n\n<p>Njegove zidine uzdi\u017eu se iznad rijeke Moskve. Zlatne kupole katedrala blistaju. Crveni trg otvara krilo Kremlja. Ovo zdanje ne zadivljuje samo svojim izgledom. Kremlj je oduvijek bio centar ruske povijesti i sjedi\u0161te ruskih vladara. \u0160tovi\u0161e: &#8220;Kremlj je oli\u010denje Rusije&#8221;, ka\u017ee britanska povjesni\u010darka Catherine Merridale i dodaje: &#8220;On predstavlja dr\u017eavnu mo\u0107.&#8221;<\/p>\n\n\n\n<p>Kada je ruski predsjednik Putin prije po\u010detka rata u Ukrajini primao svoje sugovornike, svijet je bio zaintrigiran: francuski predsjednik Emmanel Macron i njema\u010dki kancelar Olaf Scholz iznenada su se na\u0161li na kraju duga\u010dkog bijelog stola. Gospodar Kremlja dr\u017eao je svoje goste podalje od sebe. Demonstracija sile ili mjera za\u0161tite od zaraze?<\/p>\n\n\n\n<p>U svakom slu\u010daju je ta gesta odgovarala tom mjestu: &#8220;Kremlj je tako\u0111er velika iluzija, grandiozno kazali\u0161te&#8221;, izjavila je Merridale nedavno u intervjuu za njema\u010dki list S\u00fcddeutsche Zeitung, prenosi Deutsche Welle u svojoj pri\u010di o Kremlju.<\/p>\n\n\n\n<p>Povijest Kremlja do\u017eivljena &#8220;u realnom vremenu&#8221;<br>Britanska povjesni\u010darka je stru\u010dnjakinja za Rusiju. Napisala je cijenjenu knjigu o &#8220;500 godina vladavine i mo\u0107i u Kremlju, od Ivana Groznog do Vladimira Putina&#8221;. Merridale je predavala rusku povijest na britanskim sveu\u010dili\u0161tima.<\/p>\n\n\n\n<p>Kao mlada znanstvenica je 1980-ih ve\u0107 radila istra\u017eivanja u Kremlju. Glasnost i Perestrojka katapultirali su biv\u0161i sovjetski imperij u novu eru. \u017deljela je prou\u010davati pro\u0161lost, prisje\u0107a se Merridale, ali se sve \u010dinilo kao &#8220;povijest koja se zbiva u stvarnom vremenu&#8221;.<\/p>\n\n\n\n<p>Kremlj je impresivne veli\u010dine, gotovo veli\u010danstveno mjesto. Od po\u010detka je svrha carskih pala\u010da u Kremlju bila prili\u010dno jednostavna: sve bi trebalo biti ve\u0107e i impozantnije nego u ostatku Europe. Arhitektura zastra\u0161ivanja. Kao i njegovi prethodnici, sada\u0161nji vladar Kremlja Putin zna kako iskoristiti taj u\u010dinak u svoju korist.<\/p>\n\n\n\n<p>Uva\u017eene gra\u0111ane, od kojih ve\u0107ina \u017eivi u malim stanovima, Putin ondje prima prilikom dodjela nagrada. &#8220;Kada tada do\u017eivite glamurozne dvorane u Kremlju, lustere, kontrast ne mo\u017ee biti ve\u0107i&#8221;, ka\u017ee Merridale.<\/p>\n\n\n\n<p>Kremlj &#8211; &#8220;rekvizit za tirane&#8221;<br>Nevjerojatno je i \u0161to je nastalo od nekada\u0161nje drvene utvrde koju je veliki knez Jurij Dolgoruki, koji se danas smatra osniva\u010dem Moskve, sagradio prije skoro 900 godina na brdu pored rijeke u gotovo neprohodnoj \u0161umi.<\/p>\n\n\n\n<p>Car Petar Veliki (1672.-1725.) premjestio je svoje sjedi\u0161te vlade u novi Sankt-Peterburg na Balti\u010dkom moru. Ali Kremlj, tako\u0111er zahvaljuju\u0107i brojnim krunidbama i nacionalnim proslavama, nikada nije izgubio privla\u010dnost za vladare.<\/p>\n\n\n\n<p>Francuski putopisac i diplomat Marquis Astolphe de Custine je pak moskovski kompleks zgrada vidio kao &#8220;sotonski spomenik&#8221;, &#8220;rekvizit za tirane&#8221;. Custine je u ljeto 1839. bio na du\u017eem putovanju po Rusiji. U svojim bilje\u0161kama &#8220;La Russie en 1839&#8221; prenio je negativnu sliku o toj zemlji. Na primjer, oku\u0161ao se u tipologiji ruskog mentaliteta. &#8220;Despotizam suzbija slobodan razvoj ljudi&#8221;, pi\u0161e Marquis i dodaje: &#8220;Svi su sluge i postaju oprezni i tajnoviti, posebno prema strancima.&#8221;<\/p>\n\n\n\n<p>Kremlj \u2013 &#8220;izvorna ruska konstrukcija&#8221;<br>Custine je svoja zapa\u017eanja objasnio povije\u0161\u0107u Rusije: &#8220;Petar I. i Katarina II. dali su svijetu veliku i korisnu lekciju, za koju je Rusija morala platiti. Pokazali su nam da se despotizma nikada vi\u0161e ne treba bojati nego kada on \u017eeli ne\u0161to stvoriti, jer tada misli da mo\u017ee opravdati najne\u010duvenije postupke svojim namjerama, a zlo koje se maskira kao lijek nema vi\u0161e granica.&#8221;<\/p>\n\n\n\n<p>Da je Custine govorio o Putinovom ratu u Ukrajini 2022., njegov komentar bi mogao biti jednako negativan. Ipak, ruski putnik se divio Kremlju zbog njegove &#8220;izvorne ruske konstrukcije&#8221; koja je imala na umu ruske potrebe i koju bi ruski graditelji stoga trebali slijediti kao primjer.<\/p>\n\n\n\n<p>Pravoslavna crkva uvijek prisutna<br>Politi\u010dka mo\u0107 i ikona ruske kulture su za Merridale samo prividne suprotnosti jer je Ruska pravoslavna crkva u svakom trenutku osiguravala slogu. Kao rezultat mongolske invazije, mitropolit Kijevske Rusije, prete\u010de dana\u0161nje Rusije, Ukrajine i Bjelorusije, pristao je u 14. stolje\u0107u na selidbu u Kremlj.<\/p>\n\n\n\n<p>Ondje je nastala sakralna gra\u0111evina iz koje je kasnije nastala Uspenska katedrala. Od tada je pravoslavna crkva prisutna u Kremlju, \u010dine\u0107i ga svetim, Bogom odre\u0111enim mjestom. &#8220;Putin je koristio ovu vezu u svoje svrhe kao nijedan drugi \u0161ef dr\u017eave od carskog doba do danas&#8221;, ka\u017ee stru\u010dnjakinja za Kremlj Merridale. &#8220;Moli se javno, pali svije\u0107e, odr\u017eava kontakt s patrijarhom.&#8221;<\/p>\n\n\n\n<p>Kremlj je dugo ostao rezidencije careva. Tek 1918. godine, kada je svrgnut posljednji car i slomljena vlast pravoslavne crkve, stara tvr\u0111ava ponovo postaje centar mo\u0107i. Bolj\u0161evici je osvajaju. Ubrzo su se komunisti\u010dki lideri prisjetili prednosti Kremlja, kao kulturne ikone, ali i tvr\u0111ave koja je odbijala napade i atentate u gra\u0111anskom ratu, kao i smrtonosne pandemije: Lenjin je ovdje izbjegao koleru i tifus, a tako\u0111er i \u0161panjolsku gripu.<\/p>\n\n\n\n<p>On je imao komoru za dezinfekciju odmah pored svojih odaja. &#8220;Putin je mnogo nau\u010dio od Lenjina u tom pogledu&#8221;, ka\u017ee Merridale i dodaje: &#8220;Jer se pla\u0161i zaraze!&#8221;<\/p>\n\n\n\n<p>Lenjinov nasljednik Staljin (1878.-1953.) tako\u0111er je bio oprezan: nakon ubojstva jednog njegovog sljedbenika on se izolirao. Iz straha od poku\u0161aja atentata izbacuje stare partijske drugove iz Kremlja. Staljin vi\u0161e nikome ne vjeruje. Po\u010dinje vrijeme \u010distki i velikih su\u0111enja, vrijeme terora.<\/p>\n\n\n\n<p>Putinova usamljenost u Kremlju<br>Zabranom organizacije za ljudska prava Memorijal Putin namjerno potiskuje sje\u0107anje na Staljinove zlo\u010dine, ka\u017ee povjesni\u010darka Merridale. Vladar Kremlja sebe vidi u kontinuitetu velikih ruskih vo\u0111a, prije svega Ivana IV., poznatog kao Ivan Grozni, te Petra Velikog, tako\u0111er despota.<\/p>\n\n\n\n<p>Putin prema Gorba\u010dovu ne osje\u0107a ni\u0161ta drugo osim prezira. Putin ga krivi za kraj Sovjetskog Saveza. Ustvari, Hru\u0161\u010dovljeva destaljinizacija i Gorba\u010dovljeva Glasnost pribli\u017eili su Kremlj ljudima.<\/p>\n\n\n\n<p>Prava prekretnica nastupila je 1991.: nakon neuspjelog poku\u0161aja dr\u017eavnog udara protiv Gorba\u010dova i Borisa Jeljcina, Jeljcin seli u Kremlj. Dva predsjednika su paralelno na du\u017enosti bila kratko vrijeme. Ali Sovjetski Savez je povijest, a Kremlj je ponovo centar Rusije. U svibnju 2000. godine je Putin prvi put postao predsjednik.<\/p>\n\n\n\n<p>Dok zlatne kupole blistaju du\u017e rijeke Moskve, bijeli zvonik Ivana Velikog nadvija se nad svim ostalim crkvama i pala\u010dama. Ruska zastava se vijori iznad svega. Izvana Kremlj izgleda vrlo mo\u0107no. Ali unutra postoji rizik da izgubite sami sebe, ka\u017ee Merridale za S\u00fcddeutsche Zeitung.<\/p>\n\n\n\n<p>&#8220;Kada uklonite sve kriti\u010dare, sami ste zarobljenik.&#8221; Sljedbenici ponavljaju ono \u0161to Putin \u017eeli \u010duti. &#8220;On je najbolje \u010duvana osoba u Rusiji. Ne\u0107emo ga se tako brzo rije\u0161iti.&#8221;<\/p>\n\n\n\n<p>Izvor:index.hr<\/p>\n","protected":false},"excerpt":{"rendered":"<p>Centar mo\u0107i, rezidencija i srce ruske kulture. U moskovskom Kremlju se uvijek vodila politika. Ali on je mnogo vi\u0161e od samog sjedi\u0161ta vladara. Njegove zidine uzdi\u017eu se iznad rijeke Moskve. Zlatne kupole katedrala blistaju. Crveni trg otvara krilo Kremlja. Ovo zdanje ne zadivljuje samo svojim izgledom. Kremlj je oduvijek bio centar ruske povijesti i sjedi\u0161te [&hellip;]<\/p>\n","protected":false},"author":2,"featured_media":133690,"comment_status":"closed","ping_status":"closed","sticky":false,"template":"","format":"standard","meta":{"h5ap_radio_sources":[],"footnotes":""},"categories":[1],"tags":[],"class_list":["post-133689","post","type-post","status-publish","format-standard","has-post-thumbnail","hentry","category-bihiregija"],"yoast_head":"<!-- This site is optimized with the Yoast SEO plugin v27.5 - https:\/\/yoast.com\/product\/yoast-seo-wordpress\/ -->\n<title>Od Ivana Groznog do Vladimira Putina - Kremlj, mo\u0107 i srce Rusije - RADIO LJUBU\u0160KI<\/title>\n<meta name=\"robots\" content=\"index, follow, max-snippet:-1, max-image-preview:large, max-video-preview:-1\" \/>\n<link rel=\"canonical\" href=\"https:\/\/radioljubuski.ba\/index.php\/2022\/04\/18\/od-ivana-groznog-do-vladimira-putina-kremlj-moc-i-srce-rusije\/\" \/>\n<meta property=\"og:locale\" content=\"hr_HR\" \/>\n<meta property=\"og:type\" content=\"article\" \/>\n<meta property=\"og:title\" content=\"Od Ivana Groznog do Vladimira Putina - Kremlj, mo\u0107 i srce Rusije - RADIO LJUBU\u0160KI\" \/>\n<meta property=\"og:description\" content=\"Centar mo\u0107i, rezidencija i srce ruske kulture. U moskovskom Kremlju se uvijek vodila politika. Ali on je mnogo vi\u0161e od samog sjedi\u0161ta vladara. Njegove zidine uzdi\u017eu se iznad rijeke Moskve. Zlatne kupole katedrala blistaju. Crveni trg otvara krilo Kremlja. Ovo zdanje ne zadivljuje samo svojim izgledom. Kremlj je oduvijek bio centar ruske povijesti i sjedi\u0161te [&hellip;]\" \/>\n<meta property=\"og:url\" content=\"https:\/\/radioljubuski.ba\/index.php\/2022\/04\/18\/od-ivana-groznog-do-vladimira-putina-kremlj-moc-i-srce-rusije\/\" \/>\n<meta property=\"og:site_name\" content=\"RADIO LJUBU\u0160KI\" \/>\n<meta property=\"article:publisher\" content=\"https:\/\/www.facebook.com\/Radiio-Ljubuski-1490835324566332\" \/>\n<meta property=\"article:published_time\" content=\"2022-04-18T16:42:36+00:00\" \/>\n<meta property=\"article:modified_time\" content=\"2022-04-18T16:42:37+00:00\" \/>\n<meta property=\"og:image\" content=\"https:\/\/radioljubuski.ba\/wp-content\/uploads\/2022\/04\/kremlj.jpg\" \/>\n\t<meta property=\"og:image:width\" content=\"1000\" \/>\n\t<meta property=\"og:image:height\" content=\"625\" \/>\n\t<meta property=\"og:image:type\" content=\"image\/jpeg\" \/>\n<meta name=\"author\" content=\"Radio Ljubu\u0161ki\" \/>\n<meta name=\"twitter:card\" content=\"summary_large_image\" \/>\n<meta name=\"twitter:creator\" content=\"@radioljubuski\" \/>\n<meta name=\"twitter:site\" content=\"@radioljubuski\" \/>\n<meta name=\"twitter:label1\" content=\"Napisao\/la\" \/>\n\t<meta name=\"twitter:data1\" content=\"Radio Ljubu\u0161ki\" \/>\n\t<meta name=\"twitter:label2\" content=\"Procijenjeno vrijeme \u010ditanja\" \/>\n\t<meta name=\"twitter:data2\" content=\"5 minuta\" \/>\n<script type=\"application\/ld+json\" class=\"yoast-schema-graph\">{\"@context\":\"https:\\\/\\\/schema.org\",\"@graph\":[{\"@type\":\"Article\",\"@id\":\"https:\\\/\\\/radioljubuski.ba\\\/index.php\\\/2022\\\/04\\\/18\\\/od-ivana-groznog-do-vladimira-putina-kremlj-moc-i-srce-rusije\\\/#article\",\"isPartOf\":{\"@id\":\"https:\\\/\\\/radioljubuski.ba\\\/index.php\\\/2022\\\/04\\\/18\\\/od-ivana-groznog-do-vladimira-putina-kremlj-moc-i-srce-rusije\\\/\"},\"author\":{\"name\":\"Radio Ljubu\u0161ki\",\"@id\":\"https:\\\/\\\/radioljubuski.ba\\\/#\\\/schema\\\/person\\\/19fc700381a780f69665d7956c469e3b\"},\"headline\":\"Od Ivana Groznog do Vladimira Putina &#8211; Kremlj, mo\u0107 i srce Rusije\",\"datePublished\":\"2022-04-18T16:42:36+00:00\",\"dateModified\":\"2022-04-18T16:42:37+00:00\",\"mainEntityOfPage\":{\"@id\":\"https:\\\/\\\/radioljubuski.ba\\\/index.php\\\/2022\\\/04\\\/18\\\/od-ivana-groznog-do-vladimira-putina-kremlj-moc-i-srce-rusije\\\/\"},\"wordCount\":1116,\"publisher\":{\"@id\":\"https:\\\/\\\/radioljubuski.ba\\\/#organization\"},\"image\":{\"@id\":\"https:\\\/\\\/radioljubuski.ba\\\/index.php\\\/2022\\\/04\\\/18\\\/od-ivana-groznog-do-vladimira-putina-kremlj-moc-i-srce-rusije\\\/#primaryimage\"},\"thumbnailUrl\":\"https:\\\/\\\/radioljubuski.ba\\\/wp-content\\\/uploads\\\/2022\\\/04\\\/kremlj.jpg\",\"articleSection\":[\"BIH i regija\"],\"inLanguage\":\"hr\"},{\"@type\":\"WebPage\",\"@id\":\"https:\\\/\\\/radioljubuski.ba\\\/index.php\\\/2022\\\/04\\\/18\\\/od-ivana-groznog-do-vladimira-putina-kremlj-moc-i-srce-rusije\\\/\",\"url\":\"https:\\\/\\\/radioljubuski.ba\\\/index.php\\\/2022\\\/04\\\/18\\\/od-ivana-groznog-do-vladimira-putina-kremlj-moc-i-srce-rusije\\\/\",\"name\":\"Od Ivana Groznog do Vladimira Putina - Kremlj, mo\u0107 i srce Rusije - RADIO LJUBU\u0160KI\",\"isPartOf\":{\"@id\":\"https:\\\/\\\/radioljubuski.ba\\\/#website\"},\"primaryImageOfPage\":{\"@id\":\"https:\\\/\\\/radioljubuski.ba\\\/index.php\\\/2022\\\/04\\\/18\\\/od-ivana-groznog-do-vladimira-putina-kremlj-moc-i-srce-rusije\\\/#primaryimage\"},\"image\":{\"@id\":\"https:\\\/\\\/radioljubuski.ba\\\/index.php\\\/2022\\\/04\\\/18\\\/od-ivana-groznog-do-vladimira-putina-kremlj-moc-i-srce-rusije\\\/#primaryimage\"},\"thumbnailUrl\":\"https:\\\/\\\/radioljubuski.ba\\\/wp-content\\\/uploads\\\/2022\\\/04\\\/kremlj.jpg\",\"datePublished\":\"2022-04-18T16:42:36+00:00\",\"dateModified\":\"2022-04-18T16:42:37+00:00\",\"breadcrumb\":{\"@id\":\"https:\\\/\\\/radioljubuski.ba\\\/index.php\\\/2022\\\/04\\\/18\\\/od-ivana-groznog-do-vladimira-putina-kremlj-moc-i-srce-rusije\\\/#breadcrumb\"},\"inLanguage\":\"hr\",\"potentialAction\":[{\"@type\":\"ReadAction\",\"target\":[\"https:\\\/\\\/radioljubuski.ba\\\/index.php\\\/2022\\\/04\\\/18\\\/od-ivana-groznog-do-vladimira-putina-kremlj-moc-i-srce-rusije\\\/\"]}]},{\"@type\":\"ImageObject\",\"inLanguage\":\"hr\",\"@id\":\"https:\\\/\\\/radioljubuski.ba\\\/index.php\\\/2022\\\/04\\\/18\\\/od-ivana-groznog-do-vladimira-putina-kremlj-moc-i-srce-rusije\\\/#primaryimage\",\"url\":\"https:\\\/\\\/radioljubuski.ba\\\/wp-content\\\/uploads\\\/2022\\\/04\\\/kremlj.jpg\",\"contentUrl\":\"https:\\\/\\\/radioljubuski.ba\\\/wp-content\\\/uploads\\\/2022\\\/04\\\/kremlj.jpg\",\"width\":1000,\"height\":625},{\"@type\":\"BreadcrumbList\",\"@id\":\"https:\\\/\\\/radioljubuski.ba\\\/index.php\\\/2022\\\/04\\\/18\\\/od-ivana-groznog-do-vladimira-putina-kremlj-moc-i-srce-rusije\\\/#breadcrumb\",\"itemListElement\":[{\"@type\":\"ListItem\",\"position\":1,\"name\":\"Po\u010detna stranica\",\"item\":\"https:\\\/\\\/radioljubuski.ba\\\/\"},{\"@type\":\"ListItem\",\"position\":2,\"name\":\"Od Ivana Groznog do Vladimira Putina &#8211; Kremlj, mo\u0107 i srce Rusije\"}]},{\"@type\":\"WebSite\",\"@id\":\"https:\\\/\\\/radioljubuski.ba\\\/#website\",\"url\":\"https:\\\/\\\/radioljubuski.ba\\\/\",\"name\":\"Radio Ljubu\u0161ki\",\"description\":\"Sun\u010dana frekvencija Hercegovine\",\"publisher\":{\"@id\":\"https:\\\/\\\/radioljubuski.ba\\\/#organization\"},\"potentialAction\":[{\"@type\":\"SearchAction\",\"target\":{\"@type\":\"EntryPoint\",\"urlTemplate\":\"https:\\\/\\\/radioljubuski.ba\\\/?s={search_term_string}\"},\"query-input\":{\"@type\":\"PropertyValueSpecification\",\"valueRequired\":true,\"valueName\":\"search_term_string\"}}],\"inLanguage\":\"hr\"},{\"@type\":\"Organization\",\"@id\":\"https:\\\/\\\/radioljubuski.ba\\\/#organization\",\"name\":\"Radio Ljubu\u0161ki\",\"url\":\"https:\\\/\\\/radioljubuski.ba\\\/\",\"logo\":{\"@type\":\"ImageObject\",\"inLanguage\":\"hr\",\"@id\":\"https:\\\/\\\/radioljubuski.ba\\\/#\\\/schema\\\/logo\\\/image\\\/\",\"url\":\"https:\\\/\\\/radioljubuski.ba\\\/wp-content\\\/uploads\\\/2021\\\/02\\\/cropped-Radio_Ljubuski_logo1.jpg\",\"contentUrl\":\"https:\\\/\\\/radioljubuski.ba\\\/wp-content\\\/uploads\\\/2021\\\/02\\\/cropped-Radio_Ljubuski_logo1.jpg\",\"width\":512,\"height\":512,\"caption\":\"Radio Ljubu\u0161ki\"},\"image\":{\"@id\":\"https:\\\/\\\/radioljubuski.ba\\\/#\\\/schema\\\/logo\\\/image\\\/\"},\"sameAs\":[\"https:\\\/\\\/www.facebook.com\\\/Radiio-Ljubuski-1490835324566332\",\"https:\\\/\\\/x.com\\\/radioljubuski\",\"https:\\\/\\\/hr.linkedin.com\\\/company\\\/radio-ljubuski\",\"https:\\\/\\\/www.youtube.com\\\/channel\\\/UCHYaeO_n0Db3tjNGudGpXyw\"]},{\"@type\":\"Person\",\"@id\":\"https:\\\/\\\/radioljubuski.ba\\\/#\\\/schema\\\/person\\\/19fc700381a780f69665d7956c469e3b\",\"name\":\"Radio Ljubu\u0161ki\"}]}<\/script>\n<!-- \/ Yoast SEO plugin. -->","yoast_head_json":{"title":"Od Ivana Groznog do Vladimira Putina - Kremlj, mo\u0107 i srce Rusije - RADIO LJUBU\u0160KI","robots":{"index":"index","follow":"follow","max-snippet":"max-snippet:-1","max-image-preview":"max-image-preview:large","max-video-preview":"max-video-preview:-1"},"canonical":"https:\/\/radioljubuski.ba\/index.php\/2022\/04\/18\/od-ivana-groznog-do-vladimira-putina-kremlj-moc-i-srce-rusije\/","og_locale":"hr_HR","og_type":"article","og_title":"Od Ivana Groznog do Vladimira Putina - Kremlj, mo\u0107 i srce Rusije - RADIO LJUBU\u0160KI","og_description":"Centar mo\u0107i, rezidencija i srce ruske kulture. U moskovskom Kremlju se uvijek vodila politika. Ali on je mnogo vi\u0161e od samog sjedi\u0161ta vladara. Njegove zidine uzdi\u017eu se iznad rijeke Moskve. Zlatne kupole katedrala blistaju. Crveni trg otvara krilo Kremlja. Ovo zdanje ne zadivljuje samo svojim izgledom. Kremlj je oduvijek bio centar ruske povijesti i sjedi\u0161te [&hellip;]","og_url":"https:\/\/radioljubuski.ba\/index.php\/2022\/04\/18\/od-ivana-groznog-do-vladimira-putina-kremlj-moc-i-srce-rusije\/","og_site_name":"RADIO LJUBU\u0160KI","article_publisher":"https:\/\/www.facebook.com\/Radiio-Ljubuski-1490835324566332","article_published_time":"2022-04-18T16:42:36+00:00","article_modified_time":"2022-04-18T16:42:37+00:00","og_image":[{"width":1000,"height":625,"url":"https:\/\/radioljubuski.ba\/wp-content\/uploads\/2022\/04\/kremlj.jpg","type":"image\/jpeg"}],"author":"Radio Ljubu\u0161ki","twitter_card":"summary_large_image","twitter_creator":"@radioljubuski","twitter_site":"@radioljubuski","twitter_misc":{"Napisao\/la":"Radio Ljubu\u0161ki","Procijenjeno vrijeme \u010ditanja":"5 minuta"},"schema":{"@context":"https:\/\/schema.org","@graph":[{"@type":"Article","@id":"https:\/\/radioljubuski.ba\/index.php\/2022\/04\/18\/od-ivana-groznog-do-vladimira-putina-kremlj-moc-i-srce-rusije\/#article","isPartOf":{"@id":"https:\/\/radioljubuski.ba\/index.php\/2022\/04\/18\/od-ivana-groznog-do-vladimira-putina-kremlj-moc-i-srce-rusije\/"},"author":{"name":"Radio Ljubu\u0161ki","@id":"https:\/\/radioljubuski.ba\/#\/schema\/person\/19fc700381a780f69665d7956c469e3b"},"headline":"Od Ivana Groznog do Vladimira Putina &#8211; Kremlj, mo\u0107 i srce Rusije","datePublished":"2022-04-18T16:42:36+00:00","dateModified":"2022-04-18T16:42:37+00:00","mainEntityOfPage":{"@id":"https:\/\/radioljubuski.ba\/index.php\/2022\/04\/18\/od-ivana-groznog-do-vladimira-putina-kremlj-moc-i-srce-rusije\/"},"wordCount":1116,"publisher":{"@id":"https:\/\/radioljubuski.ba\/#organization"},"image":{"@id":"https:\/\/radioljubuski.ba\/index.php\/2022\/04\/18\/od-ivana-groznog-do-vladimira-putina-kremlj-moc-i-srce-rusije\/#primaryimage"},"thumbnailUrl":"https:\/\/radioljubuski.ba\/wp-content\/uploads\/2022\/04\/kremlj.jpg","articleSection":["BIH i regija"],"inLanguage":"hr"},{"@type":"WebPage","@id":"https:\/\/radioljubuski.ba\/index.php\/2022\/04\/18\/od-ivana-groznog-do-vladimira-putina-kremlj-moc-i-srce-rusije\/","url":"https:\/\/radioljubuski.ba\/index.php\/2022\/04\/18\/od-ivana-groznog-do-vladimira-putina-kremlj-moc-i-srce-rusije\/","name":"Od Ivana Groznog do Vladimira Putina - Kremlj, mo\u0107 i srce Rusije - RADIO LJUBU\u0160KI","isPartOf":{"@id":"https:\/\/radioljubuski.ba\/#website"},"primaryImageOfPage":{"@id":"https:\/\/radioljubuski.ba\/index.php\/2022\/04\/18\/od-ivana-groznog-do-vladimira-putina-kremlj-moc-i-srce-rusije\/#primaryimage"},"image":{"@id":"https:\/\/radioljubuski.ba\/index.php\/2022\/04\/18\/od-ivana-groznog-do-vladimira-putina-kremlj-moc-i-srce-rusije\/#primaryimage"},"thumbnailUrl":"https:\/\/radioljubuski.ba\/wp-content\/uploads\/2022\/04\/kremlj.jpg","datePublished":"2022-04-18T16:42:36+00:00","dateModified":"2022-04-18T16:42:37+00:00","breadcrumb":{"@id":"https:\/\/radioljubuski.ba\/index.php\/2022\/04\/18\/od-ivana-groznog-do-vladimira-putina-kremlj-moc-i-srce-rusije\/#breadcrumb"},"inLanguage":"hr","potentialAction":[{"@type":"ReadAction","target":["https:\/\/radioljubuski.ba\/index.php\/2022\/04\/18\/od-ivana-groznog-do-vladimira-putina-kremlj-moc-i-srce-rusije\/"]}]},{"@type":"ImageObject","inLanguage":"hr","@id":"https:\/\/radioljubuski.ba\/index.php\/2022\/04\/18\/od-ivana-groznog-do-vladimira-putina-kremlj-moc-i-srce-rusije\/#primaryimage","url":"https:\/\/radioljubuski.ba\/wp-content\/uploads\/2022\/04\/kremlj.jpg","contentUrl":"https:\/\/radioljubuski.ba\/wp-content\/uploads\/2022\/04\/kremlj.jpg","width":1000,"height":625},{"@type":"BreadcrumbList","@id":"https:\/\/radioljubuski.ba\/index.php\/2022\/04\/18\/od-ivana-groznog-do-vladimira-putina-kremlj-moc-i-srce-rusije\/#breadcrumb","itemListElement":[{"@type":"ListItem","position":1,"name":"Po\u010detna stranica","item":"https:\/\/radioljubuski.ba\/"},{"@type":"ListItem","position":2,"name":"Od Ivana Groznog do Vladimira Putina &#8211; Kremlj, mo\u0107 i srce Rusije"}]},{"@type":"WebSite","@id":"https:\/\/radioljubuski.ba\/#website","url":"https:\/\/radioljubuski.ba\/","name":"Radio Ljubu\u0161ki","description":"Sun\u010dana frekvencija Hercegovine","publisher":{"@id":"https:\/\/radioljubuski.ba\/#organization"},"potentialAction":[{"@type":"SearchAction","target":{"@type":"EntryPoint","urlTemplate":"https:\/\/radioljubuski.ba\/?s={search_term_string}"},"query-input":{"@type":"PropertyValueSpecification","valueRequired":true,"valueName":"search_term_string"}}],"inLanguage":"hr"},{"@type":"Organization","@id":"https:\/\/radioljubuski.ba\/#organization","name":"Radio Ljubu\u0161ki","url":"https:\/\/radioljubuski.ba\/","logo":{"@type":"ImageObject","inLanguage":"hr","@id":"https:\/\/radioljubuski.ba\/#\/schema\/logo\/image\/","url":"https:\/\/radioljubuski.ba\/wp-content\/uploads\/2021\/02\/cropped-Radio_Ljubuski_logo1.jpg","contentUrl":"https:\/\/radioljubuski.ba\/wp-content\/uploads\/2021\/02\/cropped-Radio_Ljubuski_logo1.jpg","width":512,"height":512,"caption":"Radio Ljubu\u0161ki"},"image":{"@id":"https:\/\/radioljubuski.ba\/#\/schema\/logo\/image\/"},"sameAs":["https:\/\/www.facebook.com\/Radiio-Ljubuski-1490835324566332","https:\/\/x.com\/radioljubuski","https:\/\/hr.linkedin.com\/company\/radio-ljubuski","https:\/\/www.youtube.com\/channel\/UCHYaeO_n0Db3tjNGudGpXyw"]},{"@type":"Person","@id":"https:\/\/radioljubuski.ba\/#\/schema\/person\/19fc700381a780f69665d7956c469e3b","name":"Radio Ljubu\u0161ki"}]}},"_links":{"self":[{"href":"https:\/\/radioljubuski.ba\/index.php\/wp-json\/wp\/v2\/posts\/133689","targetHints":{"allow":["GET"]}}],"collection":[{"href":"https:\/\/radioljubuski.ba\/index.php\/wp-json\/wp\/v2\/posts"}],"about":[{"href":"https:\/\/radioljubuski.ba\/index.php\/wp-json\/wp\/v2\/types\/post"}],"author":[{"embeddable":true,"href":"https:\/\/radioljubuski.ba\/index.php\/wp-json\/wp\/v2\/users\/2"}],"replies":[{"embeddable":true,"href":"https:\/\/radioljubuski.ba\/index.php\/wp-json\/wp\/v2\/comments?post=133689"}],"version-history":[{"count":1,"href":"https:\/\/radioljubuski.ba\/index.php\/wp-json\/wp\/v2\/posts\/133689\/revisions"}],"predecessor-version":[{"id":133691,"href":"https:\/\/radioljubuski.ba\/index.php\/wp-json\/wp\/v2\/posts\/133689\/revisions\/133691"}],"wp:featuredmedia":[{"embeddable":true,"href":"https:\/\/radioljubuski.ba\/index.php\/wp-json\/wp\/v2\/media\/133690"}],"wp:attachment":[{"href":"https:\/\/radioljubuski.ba\/index.php\/wp-json\/wp\/v2\/media?parent=133689"}],"wp:term":[{"taxonomy":"category","embeddable":true,"href":"https:\/\/radioljubuski.ba\/index.php\/wp-json\/wp\/v2\/categories?post=133689"},{"taxonomy":"post_tag","embeddable":true,"href":"https:\/\/radioljubuski.ba\/index.php\/wp-json\/wp\/v2\/tags?post=133689"}],"curies":[{"name":"wp","href":"https:\/\/api.w.org\/{rel}","templated":true}]}}