{"id":133712,"date":"2022-04-18T17:52:23","date_gmt":"2022-04-18T16:52:23","guid":{"rendered":"https:\/\/radioljubuski.ba\/?p=133712"},"modified":"2022-04-18T17:52:24","modified_gmt":"2022-04-18T16:52:24","slug":"uhicen-muskarac-s-nozem-nakon-sukoba-s-policijom-pred-ministarstvom-obrane-u-londonu","status":"publish","type":"post","link":"https:\/\/radioljubuski.ba\/index.php\/2022\/04\/18\/uhicen-muskarac-s-nozem-nakon-sukoba-s-policijom-pred-ministarstvom-obrane-u-londonu\/","title":{"rendered":"Uhi\u0107en mu\u0161karac s no\u017eem nakon sukoba s policijom pred ministarstvom obrane u Londonu"},"content":{"rendered":"\n<p>&#8220;Oko 8:50, 29-godi\u0161nji mu\u0161karac naoru\u017ean no\u017eem sukobio se s dvojicom policajaca pred ministarstvom obrane. Policajci su upotrijebili \u0161oker i obuzdali mu\u0161karca. Nije bilo vijesti o ozljedama&#8221;, priop\u0107ila je londonska policija<\/p>\n\n\n\n<p>Britanska policija uhitila je u ponedjeljak mu\u0161karca naoru\u017eanog no\u017eem koji se sukobio s dva policajca ispred ministarstva obrane i blizu slu\u017ebene rezidencije premijera Borisa Johnsona u sredi\u0161tu Londona.<\/p>\n\n\n\n<p>Policija je na nekoliko sati ogradila Whitehall, koji je dom nekoliko ministarstava uklju\u010duju\u0107i ministarstvo vanjskih poslova i ministarstvo obrane i vodi do Johnsonova ureda i rezidencije u Downing Streetu, no podru\u010dje je kasnije ponovno otvoreno.<\/p>\n\n\n\n<p>Pokrenuta je istraga nakon incidenta tijekom konji\u010dke parade, ceremonijalne smotre u&nbsp;St. James parku, rekla je policija.<\/p>\n\n\n\n<p>\u201cOko 8:50, 29-godi\u0161nji mu\u0161karac naoru\u017ean no\u017eem sukobio se s dvojicom policajaca pred ministarstvom obrane. Policajci su upotrijebili \u0161oker i obuzdali mu\u0161karca. Nije bilo vijesti o ozljedama\u201d, priop\u0107ila je londonska policija.<\/p>\n\n\n\n<p>\u201cUhi\u0107en je zbog poku\u0161aja ubojstva i posjedovanja napada\u010dkog oru\u017eja te se nalazi u pritvoru u policijskoj stanici u sredi\u0161njem Londonu. Incident nije povezan s terorizmom\u201d, dodaje se u priop\u0107enju.<\/p>\n\n\n\n<p>Izvor:pogled.ba<\/p>\n","protected":false},"excerpt":{"rendered":"<p>&#8220;Oko 8:50, 29-godi\u0161nji mu\u0161karac naoru\u017ean no\u017eem sukobio se s dvojicom policajaca pred ministarstvom obrane. Policajci su upotrijebili \u0161oker i obuzdali mu\u0161karca. Nije bilo vijesti o ozljedama&#8221;, priop\u0107ila je londonska policija Britanska policija uhitila je u ponedjeljak mu\u0161karca naoru\u017eanog no\u017eem koji se sukobio s dva policajca ispred ministarstva obrane i blizu slu\u017ebene rezidencije premijera Borisa Johnsona [&hellip;]<\/p>\n","protected":false},"author":2,"featured_media":133713,"comment_status":"closed","ping_status":"closed","sticky":false,"template":"","format":"standard","meta":{"h5ap_radio_sources":[],"footnotes":""},"categories":[1],"tags":[],"class_list":["post-133712","post","type-post","status-publish","format-standard","has-post-thumbnail","hentry","category-bihiregija"],"yoast_head":"<!-- This site is optimized with the Yoast SEO plugin v27.5 - https:\/\/yoast.com\/product\/yoast-seo-wordpress\/ -->\n<title>Uhi\u0107en mu\u0161karac s no\u017eem nakon sukoba s policijom pred ministarstvom obrane u Londonu - RADIO LJUBU\u0160KI<\/title>\n<meta name=\"robots\" content=\"index, follow, max-snippet:-1, max-image-preview:large, max-video-preview:-1\" \/>\n<link rel=\"canonical\" href=\"https:\/\/radioljubuski.ba\/index.php\/2022\/04\/18\/uhicen-muskarac-s-nozem-nakon-sukoba-s-policijom-pred-ministarstvom-obrane-u-londonu\/\" \/>\n<meta property=\"og:locale\" content=\"hr_HR\" \/>\n<meta property=\"og:type\" content=\"article\" \/>\n<meta property=\"og:title\" content=\"Uhi\u0107en mu\u0161karac s no\u017eem nakon sukoba s policijom pred ministarstvom obrane u Londonu - RADIO LJUBU\u0160KI\" \/>\n<meta property=\"og:description\" content=\"&#8220;Oko 8:50, 29-godi\u0161nji mu\u0161karac naoru\u017ean no\u017eem sukobio se s dvojicom policajaca pred ministarstvom obrane. Policajci su upotrijebili \u0161oker i obuzdali mu\u0161karca. Nije bilo vijesti o ozljedama&#8221;, priop\u0107ila je londonska policija Britanska policija uhitila je u ponedjeljak mu\u0161karca naoru\u017eanog no\u017eem koji se sukobio s dva policajca ispred ministarstva obrane i blizu slu\u017ebene rezidencije premijera Borisa Johnsona [&hellip;]\" \/>\n<meta property=\"og:url\" content=\"https:\/\/radioljubuski.ba\/index.php\/2022\/04\/18\/uhicen-muskarac-s-nozem-nakon-sukoba-s-policijom-pred-ministarstvom-obrane-u-londonu\/\" \/>\n<meta property=\"og:site_name\" content=\"RADIO LJUBU\u0160KI\" \/>\n<meta property=\"article:publisher\" content=\"https:\/\/www.facebook.com\/Radiio-Ljubuski-1490835324566332\" \/>\n<meta property=\"article:published_time\" content=\"2022-04-18T16:52:23+00:00\" \/>\n<meta property=\"article:modified_time\" content=\"2022-04-18T16:52:24+00:00\" \/>\n<meta property=\"og:image\" content=\"https:\/\/radioljubuski.ba\/wp-content\/uploads\/2022\/04\/10-2022-04-18-18-27-38-331830.jpg\" \/>\n\t<meta property=\"og:image:width\" content=\"1000\" \/>\n\t<meta property=\"og:image:height\" content=\"625\" \/>\n\t<meta property=\"og:image:type\" content=\"image\/jpeg\" \/>\n<meta name=\"author\" content=\"Radio Ljubu\u0161ki\" \/>\n<meta name=\"twitter:card\" content=\"summary_large_image\" \/>\n<meta name=\"twitter:creator\" content=\"@radioljubuski\" \/>\n<meta name=\"twitter:site\" content=\"@radioljubuski\" \/>\n<meta name=\"twitter:label1\" content=\"Napisao\/la\" \/>\n\t<meta name=\"twitter:data1\" content=\"Radio Ljubu\u0161ki\" \/>\n\t<meta name=\"twitter:label2\" content=\"Procijenjeno vrijeme \u010ditanja\" \/>\n\t<meta name=\"twitter:data2\" content=\"1 minuta\" \/>\n<script type=\"application\/ld+json\" class=\"yoast-schema-graph\">{\"@context\":\"https:\\\/\\\/schema.org\",\"@graph\":[{\"@type\":\"Article\",\"@id\":\"https:\\\/\\\/radioljubuski.ba\\\/index.php\\\/2022\\\/04\\\/18\\\/uhicen-muskarac-s-nozem-nakon-sukoba-s-policijom-pred-ministarstvom-obrane-u-londonu\\\/#article\",\"isPartOf\":{\"@id\":\"https:\\\/\\\/radioljubuski.ba\\\/index.php\\\/2022\\\/04\\\/18\\\/uhicen-muskarac-s-nozem-nakon-sukoba-s-policijom-pred-ministarstvom-obrane-u-londonu\\\/\"},\"author\":{\"name\":\"Radio Ljubu\u0161ki\",\"@id\":\"https:\\\/\\\/radioljubuski.ba\\\/#\\\/schema\\\/person\\\/19fc700381a780f69665d7956c469e3b\"},\"headline\":\"Uhi\u0107en mu\u0161karac s no\u017eem nakon sukoba s policijom pred ministarstvom obrane u Londonu\",\"datePublished\":\"2022-04-18T16:52:23+00:00\",\"dateModified\":\"2022-04-18T16:52:24+00:00\",\"mainEntityOfPage\":{\"@id\":\"https:\\\/\\\/radioljubuski.ba\\\/index.php\\\/2022\\\/04\\\/18\\\/uhicen-muskarac-s-nozem-nakon-sukoba-s-policijom-pred-ministarstvom-obrane-u-londonu\\\/\"},\"wordCount\":214,\"publisher\":{\"@id\":\"https:\\\/\\\/radioljubuski.ba\\\/#organization\"},\"image\":{\"@id\":\"https:\\\/\\\/radioljubuski.ba\\\/index.php\\\/2022\\\/04\\\/18\\\/uhicen-muskarac-s-nozem-nakon-sukoba-s-policijom-pred-ministarstvom-obrane-u-londonu\\\/#primaryimage\"},\"thumbnailUrl\":\"https:\\\/\\\/radioljubuski.ba\\\/wp-content\\\/uploads\\\/2022\\\/04\\\/10-2022-04-18-18-27-38-331830.jpg\",\"articleSection\":[\"BIH i regija\"],\"inLanguage\":\"hr\"},{\"@type\":\"WebPage\",\"@id\":\"https:\\\/\\\/radioljubuski.ba\\\/index.php\\\/2022\\\/04\\\/18\\\/uhicen-muskarac-s-nozem-nakon-sukoba-s-policijom-pred-ministarstvom-obrane-u-londonu\\\/\",\"url\":\"https:\\\/\\\/radioljubuski.ba\\\/index.php\\\/2022\\\/04\\\/18\\\/uhicen-muskarac-s-nozem-nakon-sukoba-s-policijom-pred-ministarstvom-obrane-u-londonu\\\/\",\"name\":\"Uhi\u0107en mu\u0161karac s no\u017eem nakon sukoba s policijom pred ministarstvom obrane u Londonu - RADIO LJUBU\u0160KI\",\"isPartOf\":{\"@id\":\"https:\\\/\\\/radioljubuski.ba\\\/#website\"},\"primaryImageOfPage\":{\"@id\":\"https:\\\/\\\/radioljubuski.ba\\\/index.php\\\/2022\\\/04\\\/18\\\/uhicen-muskarac-s-nozem-nakon-sukoba-s-policijom-pred-ministarstvom-obrane-u-londonu\\\/#primaryimage\"},\"image\":{\"@id\":\"https:\\\/\\\/radioljubuski.ba\\\/index.php\\\/2022\\\/04\\\/18\\\/uhicen-muskarac-s-nozem-nakon-sukoba-s-policijom-pred-ministarstvom-obrane-u-londonu\\\/#primaryimage\"},\"thumbnailUrl\":\"https:\\\/\\\/radioljubuski.ba\\\/wp-content\\\/uploads\\\/2022\\\/04\\\/10-2022-04-18-18-27-38-331830.jpg\",\"datePublished\":\"2022-04-18T16:52:23+00:00\",\"dateModified\":\"2022-04-18T16:52:24+00:00\",\"breadcrumb\":{\"@id\":\"https:\\\/\\\/radioljubuski.ba\\\/index.php\\\/2022\\\/04\\\/18\\\/uhicen-muskarac-s-nozem-nakon-sukoba-s-policijom-pred-ministarstvom-obrane-u-londonu\\\/#breadcrumb\"},\"inLanguage\":\"hr\",\"potentialAction\":[{\"@type\":\"ReadAction\",\"target\":[\"https:\\\/\\\/radioljubuski.ba\\\/index.php\\\/2022\\\/04\\\/18\\\/uhicen-muskarac-s-nozem-nakon-sukoba-s-policijom-pred-ministarstvom-obrane-u-londonu\\\/\"]}]},{\"@type\":\"ImageObject\",\"inLanguage\":\"hr\",\"@id\":\"https:\\\/\\\/radioljubuski.ba\\\/index.php\\\/2022\\\/04\\\/18\\\/uhicen-muskarac-s-nozem-nakon-sukoba-s-policijom-pred-ministarstvom-obrane-u-londonu\\\/#primaryimage\",\"url\":\"https:\\\/\\\/radioljubuski.ba\\\/wp-content\\\/uploads\\\/2022\\\/04\\\/10-2022-04-18-18-27-38-331830.jpg\",\"contentUrl\":\"https:\\\/\\\/radioljubuski.ba\\\/wp-content\\\/uploads\\\/2022\\\/04\\\/10-2022-04-18-18-27-38-331830.jpg\",\"width\":1000,\"height\":625},{\"@type\":\"BreadcrumbList\",\"@id\":\"https:\\\/\\\/radioljubuski.ba\\\/index.php\\\/2022\\\/04\\\/18\\\/uhicen-muskarac-s-nozem-nakon-sukoba-s-policijom-pred-ministarstvom-obrane-u-londonu\\\/#breadcrumb\",\"itemListElement\":[{\"@type\":\"ListItem\",\"position\":1,\"name\":\"Po\u010detna stranica\",\"item\":\"https:\\\/\\\/radioljubuski.ba\\\/\"},{\"@type\":\"ListItem\",\"position\":2,\"name\":\"Uhi\u0107en mu\u0161karac s no\u017eem nakon sukoba s policijom pred ministarstvom obrane u Londonu\"}]},{\"@type\":\"WebSite\",\"@id\":\"https:\\\/\\\/radioljubuski.ba\\\/#website\",\"url\":\"https:\\\/\\\/radioljubuski.ba\\\/\",\"name\":\"Radio Ljubu\u0161ki\",\"description\":\"Sun\u010dana frekvencija Hercegovine\",\"publisher\":{\"@id\":\"https:\\\/\\\/radioljubuski.ba\\\/#organization\"},\"potentialAction\":[{\"@type\":\"SearchAction\",\"target\":{\"@type\":\"EntryPoint\",\"urlTemplate\":\"https:\\\/\\\/radioljubuski.ba\\\/?s={search_term_string}\"},\"query-input\":{\"@type\":\"PropertyValueSpecification\",\"valueRequired\":true,\"valueName\":\"search_term_string\"}}],\"inLanguage\":\"hr\"},{\"@type\":\"Organization\",\"@id\":\"https:\\\/\\\/radioljubuski.ba\\\/#organization\",\"name\":\"Radio Ljubu\u0161ki\",\"url\":\"https:\\\/\\\/radioljubuski.ba\\\/\",\"logo\":{\"@type\":\"ImageObject\",\"inLanguage\":\"hr\",\"@id\":\"https:\\\/\\\/radioljubuski.ba\\\/#\\\/schema\\\/logo\\\/image\\\/\",\"url\":\"https:\\\/\\\/radioljubuski.ba\\\/wp-content\\\/uploads\\\/2021\\\/02\\\/cropped-Radio_Ljubuski_logo1.jpg\",\"contentUrl\":\"https:\\\/\\\/radioljubuski.ba\\\/wp-content\\\/uploads\\\/2021\\\/02\\\/cropped-Radio_Ljubuski_logo1.jpg\",\"width\":512,\"height\":512,\"caption\":\"Radio Ljubu\u0161ki\"},\"image\":{\"@id\":\"https:\\\/\\\/radioljubuski.ba\\\/#\\\/schema\\\/logo\\\/image\\\/\"},\"sameAs\":[\"https:\\\/\\\/www.facebook.com\\\/Radiio-Ljubuski-1490835324566332\",\"https:\\\/\\\/x.com\\\/radioljubuski\",\"https:\\\/\\\/hr.linkedin.com\\\/company\\\/radio-ljubuski\",\"https:\\\/\\\/www.youtube.com\\\/channel\\\/UCHYaeO_n0Db3tjNGudGpXyw\"]},{\"@type\":\"Person\",\"@id\":\"https:\\\/\\\/radioljubuski.ba\\\/#\\\/schema\\\/person\\\/19fc700381a780f69665d7956c469e3b\",\"name\":\"Radio Ljubu\u0161ki\"}]}<\/script>\n<!-- \/ Yoast SEO plugin. -->","yoast_head_json":{"title":"Uhi\u0107en mu\u0161karac s no\u017eem nakon sukoba s policijom pred ministarstvom obrane u Londonu - RADIO LJUBU\u0160KI","robots":{"index":"index","follow":"follow","max-snippet":"max-snippet:-1","max-image-preview":"max-image-preview:large","max-video-preview":"max-video-preview:-1"},"canonical":"https:\/\/radioljubuski.ba\/index.php\/2022\/04\/18\/uhicen-muskarac-s-nozem-nakon-sukoba-s-policijom-pred-ministarstvom-obrane-u-londonu\/","og_locale":"hr_HR","og_type":"article","og_title":"Uhi\u0107en mu\u0161karac s no\u017eem nakon sukoba s policijom pred ministarstvom obrane u Londonu - RADIO LJUBU\u0160KI","og_description":"&#8220;Oko 8:50, 29-godi\u0161nji mu\u0161karac naoru\u017ean no\u017eem sukobio se s dvojicom policajaca pred ministarstvom obrane. Policajci su upotrijebili \u0161oker i obuzdali mu\u0161karca. Nije bilo vijesti o ozljedama&#8221;, priop\u0107ila je londonska policija Britanska policija uhitila je u ponedjeljak mu\u0161karca naoru\u017eanog no\u017eem koji se sukobio s dva policajca ispred ministarstva obrane i blizu slu\u017ebene rezidencije premijera Borisa Johnsona [&hellip;]","og_url":"https:\/\/radioljubuski.ba\/index.php\/2022\/04\/18\/uhicen-muskarac-s-nozem-nakon-sukoba-s-policijom-pred-ministarstvom-obrane-u-londonu\/","og_site_name":"RADIO LJUBU\u0160KI","article_publisher":"https:\/\/www.facebook.com\/Radiio-Ljubuski-1490835324566332","article_published_time":"2022-04-18T16:52:23+00:00","article_modified_time":"2022-04-18T16:52:24+00:00","og_image":[{"width":1000,"height":625,"url":"https:\/\/radioljubuski.ba\/wp-content\/uploads\/2022\/04\/10-2022-04-18-18-27-38-331830.jpg","type":"image\/jpeg"}],"author":"Radio Ljubu\u0161ki","twitter_card":"summary_large_image","twitter_creator":"@radioljubuski","twitter_site":"@radioljubuski","twitter_misc":{"Napisao\/la":"Radio Ljubu\u0161ki","Procijenjeno vrijeme \u010ditanja":"1 minuta"},"schema":{"@context":"https:\/\/schema.org","@graph":[{"@type":"Article","@id":"https:\/\/radioljubuski.ba\/index.php\/2022\/04\/18\/uhicen-muskarac-s-nozem-nakon-sukoba-s-policijom-pred-ministarstvom-obrane-u-londonu\/#article","isPartOf":{"@id":"https:\/\/radioljubuski.ba\/index.php\/2022\/04\/18\/uhicen-muskarac-s-nozem-nakon-sukoba-s-policijom-pred-ministarstvom-obrane-u-londonu\/"},"author":{"name":"Radio Ljubu\u0161ki","@id":"https:\/\/radioljubuski.ba\/#\/schema\/person\/19fc700381a780f69665d7956c469e3b"},"headline":"Uhi\u0107en mu\u0161karac s no\u017eem nakon sukoba s policijom pred ministarstvom obrane u Londonu","datePublished":"2022-04-18T16:52:23+00:00","dateModified":"2022-04-18T16:52:24+00:00","mainEntityOfPage":{"@id":"https:\/\/radioljubuski.ba\/index.php\/2022\/04\/18\/uhicen-muskarac-s-nozem-nakon-sukoba-s-policijom-pred-ministarstvom-obrane-u-londonu\/"},"wordCount":214,"publisher":{"@id":"https:\/\/radioljubuski.ba\/#organization"},"image":{"@id":"https:\/\/radioljubuski.ba\/index.php\/2022\/04\/18\/uhicen-muskarac-s-nozem-nakon-sukoba-s-policijom-pred-ministarstvom-obrane-u-londonu\/#primaryimage"},"thumbnailUrl":"https:\/\/radioljubuski.ba\/wp-content\/uploads\/2022\/04\/10-2022-04-18-18-27-38-331830.jpg","articleSection":["BIH i regija"],"inLanguage":"hr"},{"@type":"WebPage","@id":"https:\/\/radioljubuski.ba\/index.php\/2022\/04\/18\/uhicen-muskarac-s-nozem-nakon-sukoba-s-policijom-pred-ministarstvom-obrane-u-londonu\/","url":"https:\/\/radioljubuski.ba\/index.php\/2022\/04\/18\/uhicen-muskarac-s-nozem-nakon-sukoba-s-policijom-pred-ministarstvom-obrane-u-londonu\/","name":"Uhi\u0107en mu\u0161karac s no\u017eem nakon sukoba s policijom pred ministarstvom obrane u Londonu - RADIO LJUBU\u0160KI","isPartOf":{"@id":"https:\/\/radioljubuski.ba\/#website"},"primaryImageOfPage":{"@id":"https:\/\/radioljubuski.ba\/index.php\/2022\/04\/18\/uhicen-muskarac-s-nozem-nakon-sukoba-s-policijom-pred-ministarstvom-obrane-u-londonu\/#primaryimage"},"image":{"@id":"https:\/\/radioljubuski.ba\/index.php\/2022\/04\/18\/uhicen-muskarac-s-nozem-nakon-sukoba-s-policijom-pred-ministarstvom-obrane-u-londonu\/#primaryimage"},"thumbnailUrl":"https:\/\/radioljubuski.ba\/wp-content\/uploads\/2022\/04\/10-2022-04-18-18-27-38-331830.jpg","datePublished":"2022-04-18T16:52:23+00:00","dateModified":"2022-04-18T16:52:24+00:00","breadcrumb":{"@id":"https:\/\/radioljubuski.ba\/index.php\/2022\/04\/18\/uhicen-muskarac-s-nozem-nakon-sukoba-s-policijom-pred-ministarstvom-obrane-u-londonu\/#breadcrumb"},"inLanguage":"hr","potentialAction":[{"@type":"ReadAction","target":["https:\/\/radioljubuski.ba\/index.php\/2022\/04\/18\/uhicen-muskarac-s-nozem-nakon-sukoba-s-policijom-pred-ministarstvom-obrane-u-londonu\/"]}]},{"@type":"ImageObject","inLanguage":"hr","@id":"https:\/\/radioljubuski.ba\/index.php\/2022\/04\/18\/uhicen-muskarac-s-nozem-nakon-sukoba-s-policijom-pred-ministarstvom-obrane-u-londonu\/#primaryimage","url":"https:\/\/radioljubuski.ba\/wp-content\/uploads\/2022\/04\/10-2022-04-18-18-27-38-331830.jpg","contentUrl":"https:\/\/radioljubuski.ba\/wp-content\/uploads\/2022\/04\/10-2022-04-18-18-27-38-331830.jpg","width":1000,"height":625},{"@type":"BreadcrumbList","@id":"https:\/\/radioljubuski.ba\/index.php\/2022\/04\/18\/uhicen-muskarac-s-nozem-nakon-sukoba-s-policijom-pred-ministarstvom-obrane-u-londonu\/#breadcrumb","itemListElement":[{"@type":"ListItem","position":1,"name":"Po\u010detna stranica","item":"https:\/\/radioljubuski.ba\/"},{"@type":"ListItem","position":2,"name":"Uhi\u0107en mu\u0161karac s no\u017eem nakon sukoba s policijom pred ministarstvom obrane u Londonu"}]},{"@type":"WebSite","@id":"https:\/\/radioljubuski.ba\/#website","url":"https:\/\/radioljubuski.ba\/","name":"Radio Ljubu\u0161ki","description":"Sun\u010dana frekvencija Hercegovine","publisher":{"@id":"https:\/\/radioljubuski.ba\/#organization"},"potentialAction":[{"@type":"SearchAction","target":{"@type":"EntryPoint","urlTemplate":"https:\/\/radioljubuski.ba\/?s={search_term_string}"},"query-input":{"@type":"PropertyValueSpecification","valueRequired":true,"valueName":"search_term_string"}}],"inLanguage":"hr"},{"@type":"Organization","@id":"https:\/\/radioljubuski.ba\/#organization","name":"Radio Ljubu\u0161ki","url":"https:\/\/radioljubuski.ba\/","logo":{"@type":"ImageObject","inLanguage":"hr","@id":"https:\/\/radioljubuski.ba\/#\/schema\/logo\/image\/","url":"https:\/\/radioljubuski.ba\/wp-content\/uploads\/2021\/02\/cropped-Radio_Ljubuski_logo1.jpg","contentUrl":"https:\/\/radioljubuski.ba\/wp-content\/uploads\/2021\/02\/cropped-Radio_Ljubuski_logo1.jpg","width":512,"height":512,"caption":"Radio Ljubu\u0161ki"},"image":{"@id":"https:\/\/radioljubuski.ba\/#\/schema\/logo\/image\/"},"sameAs":["https:\/\/www.facebook.com\/Radiio-Ljubuski-1490835324566332","https:\/\/x.com\/radioljubuski","https:\/\/hr.linkedin.com\/company\/radio-ljubuski","https:\/\/www.youtube.com\/channel\/UCHYaeO_n0Db3tjNGudGpXyw"]},{"@type":"Person","@id":"https:\/\/radioljubuski.ba\/#\/schema\/person\/19fc700381a780f69665d7956c469e3b","name":"Radio Ljubu\u0161ki"}]}},"_links":{"self":[{"href":"https:\/\/radioljubuski.ba\/index.php\/wp-json\/wp\/v2\/posts\/133712","targetHints":{"allow":["GET"]}}],"collection":[{"href":"https:\/\/radioljubuski.ba\/index.php\/wp-json\/wp\/v2\/posts"}],"about":[{"href":"https:\/\/radioljubuski.ba\/index.php\/wp-json\/wp\/v2\/types\/post"}],"author":[{"embeddable":true,"href":"https:\/\/radioljubuski.ba\/index.php\/wp-json\/wp\/v2\/users\/2"}],"replies":[{"embeddable":true,"href":"https:\/\/radioljubuski.ba\/index.php\/wp-json\/wp\/v2\/comments?post=133712"}],"version-history":[{"count":1,"href":"https:\/\/radioljubuski.ba\/index.php\/wp-json\/wp\/v2\/posts\/133712\/revisions"}],"predecessor-version":[{"id":133714,"href":"https:\/\/radioljubuski.ba\/index.php\/wp-json\/wp\/v2\/posts\/133712\/revisions\/133714"}],"wp:featuredmedia":[{"embeddable":true,"href":"https:\/\/radioljubuski.ba\/index.php\/wp-json\/wp\/v2\/media\/133713"}],"wp:attachment":[{"href":"https:\/\/radioljubuski.ba\/index.php\/wp-json\/wp\/v2\/media?parent=133712"}],"wp:term":[{"taxonomy":"category","embeddable":true,"href":"https:\/\/radioljubuski.ba\/index.php\/wp-json\/wp\/v2\/categories?post=133712"},{"taxonomy":"post_tag","embeddable":true,"href":"https:\/\/radioljubuski.ba\/index.php\/wp-json\/wp\/v2\/tags?post=133712"}],"curies":[{"name":"wp","href":"https:\/\/api.w.org\/{rel}","templated":true}]}}