{"id":133743,"date":"2022-04-18T22:09:59","date_gmt":"2022-04-18T21:09:59","guid":{"rendered":"https:\/\/radioljubuski.ba\/?p=133743"},"modified":"2022-04-18T22:10:00","modified_gmt":"2022-04-18T21:10:00","slug":"split-ostaje-u-prvoligaskom-drustvu-i-bez-kvalifikacija","status":"publish","type":"post","link":"https:\/\/radioljubuski.ba\/index.php\/2022\/04\/18\/split-ostaje-u-prvoligaskom-drustvu-i-bez-kvalifikacija\/","title":{"rendered":"Split ostaje u prvoliga\u0161kom dru\u0161tvu i bez kvalifikacija"},"content":{"rendered":"\n<p><strong>Rasplet zavr\u0161nog turnira ABA 2 lige odr\u017eanog pro\u0161log tjedna u Skoplju razveselio je ko\u0161arka\u0161e Splita jer su osigurali ostanak u prvoj ABA ligi bez da moraju igrati kvalifikacije iako \u0107e sezonu okon\u010dati na pretposljednjem, 13. mjestu.<\/strong><\/p>\n\n\n\n<p>Naime, pravila nala\u017eu kako iz prve ABA lige ispada posljednji sastav \u010dije mjesto zauzima pobjednik druge ABA lige, dok pretposljednji sastav iz prve lige igra kvalifikacije s drugoplasiranim iz druge lige.<br><br>No, kako je drugu ABA ligu osvojio srpski klub Zlatibor iz \u010cajetine, koji je u finalu svladao skopski MZT sa 78-73, a u prvoj ABA ligi ve\u0107 igra pet srpskih klubova, \u0161to je maksimalan broj klubova iz jedne zemlje, do\u0161lo je do velikih promjena.<br><br>Tako je izravni plasman u prvu ABA ligu izborio MZT koji \u0107e zamijeniti Krku iz Novog Mesta, koja je kao posljednja izgubila prvoliga\u0161ki status, dok \u0107e Zlatibor u kvalifikacijama igrati protiv najslabijeg srpskog kluba, \u0161to \u0107e biti ili Borac iz \u010ca\u010dka ili Mega.<\/p>\n\n\n\n<p>Izvor:hrt.hr<\/p>\n","protected":false},"excerpt":{"rendered":"<p>Rasplet zavr\u0161nog turnira ABA 2 lige odr\u017eanog pro\u0161log tjedna u Skoplju razveselio je ko\u0161arka\u0161e Splita jer su osigurali ostanak u prvoj ABA ligi bez da moraju igrati kvalifikacije iako \u0107e sezonu okon\u010dati na pretposljednjem, 13. mjestu. Naime, pravila nala\u017eu kako iz prve ABA lige ispada posljednji sastav \u010dije mjesto zauzima pobjednik druge ABA lige, dok [&hellip;]<\/p>\n","protected":false},"author":2,"featured_media":133744,"comment_status":"closed","ping_status":"closed","sticky":false,"template":"","format":"standard","meta":{"h5ap_radio_sources":[],"footnotes":""},"categories":[7],"tags":[],"class_list":["post-133743","post","type-post","status-publish","format-standard","has-post-thumbnail","hentry","category-sport"],"yoast_head":"<!-- This site is optimized with the Yoast SEO plugin v27.5 - https:\/\/yoast.com\/product\/yoast-seo-wordpress\/ -->\n<title>Split ostaje u prvoliga\u0161kom dru\u0161tvu i bez kvalifikacija - RADIO LJUBU\u0160KI<\/title>\n<meta name=\"robots\" content=\"index, follow, max-snippet:-1, max-image-preview:large, max-video-preview:-1\" \/>\n<link rel=\"canonical\" href=\"https:\/\/radioljubuski.ba\/index.php\/2022\/04\/18\/split-ostaje-u-prvoligaskom-drustvu-i-bez-kvalifikacija\/\" \/>\n<meta property=\"og:locale\" content=\"hr_HR\" \/>\n<meta property=\"og:type\" content=\"article\" \/>\n<meta property=\"og:title\" content=\"Split ostaje u prvoliga\u0161kom dru\u0161tvu i bez kvalifikacija - RADIO LJUBU\u0160KI\" \/>\n<meta property=\"og:description\" content=\"Rasplet zavr\u0161nog turnira ABA 2 lige odr\u017eanog pro\u0161log tjedna u Skoplju razveselio je ko\u0161arka\u0161e Splita jer su osigurali ostanak u prvoj ABA ligi bez da moraju igrati kvalifikacije iako \u0107e sezonu okon\u010dati na pretposljednjem, 13. mjestu. Naime, pravila nala\u017eu kako iz prve ABA lige ispada posljednji sastav \u010dije mjesto zauzima pobjednik druge ABA lige, dok [&hellip;]\" \/>\n<meta property=\"og:url\" content=\"https:\/\/radioljubuski.ba\/index.php\/2022\/04\/18\/split-ostaje-u-prvoligaskom-drustvu-i-bez-kvalifikacija\/\" \/>\n<meta property=\"og:site_name\" content=\"RADIO LJUBU\u0160KI\" \/>\n<meta property=\"article:publisher\" content=\"https:\/\/www.facebook.com\/Radiio-Ljubuski-1490835324566332\" \/>\n<meta property=\"article:published_time\" content=\"2022-04-18T21:09:59+00:00\" \/>\n<meta property=\"article:modified_time\" content=\"2022-04-18T21:10:00+00:00\" \/>\n<meta property=\"og:image\" content=\"https:\/\/radioljubuski.ba\/wp-content\/uploads\/2022\/04\/kosarka-split-20220418155029.jpg\" \/>\n\t<meta property=\"og:image:width\" content=\"1600\" \/>\n\t<meta property=\"og:image:height\" content=\"1066\" \/>\n\t<meta property=\"og:image:type\" content=\"image\/jpeg\" \/>\n<meta name=\"author\" content=\"Radio Ljubu\u0161ki\" \/>\n<meta name=\"twitter:card\" content=\"summary_large_image\" \/>\n<meta name=\"twitter:creator\" content=\"@radioljubuski\" \/>\n<meta name=\"twitter:site\" content=\"@radioljubuski\" \/>\n<meta name=\"twitter:label1\" content=\"Napisao\/la\" \/>\n\t<meta name=\"twitter:data1\" content=\"Radio Ljubu\u0161ki\" \/>\n\t<meta name=\"twitter:label2\" content=\"Procijenjeno vrijeme \u010ditanja\" \/>\n\t<meta name=\"twitter:data2\" content=\"1 minuta\" \/>\n<script type=\"application\/ld+json\" class=\"yoast-schema-graph\">{\"@context\":\"https:\\\/\\\/schema.org\",\"@graph\":[{\"@type\":\"Article\",\"@id\":\"https:\\\/\\\/radioljubuski.ba\\\/index.php\\\/2022\\\/04\\\/18\\\/split-ostaje-u-prvoligaskom-drustvu-i-bez-kvalifikacija\\\/#article\",\"isPartOf\":{\"@id\":\"https:\\\/\\\/radioljubuski.ba\\\/index.php\\\/2022\\\/04\\\/18\\\/split-ostaje-u-prvoligaskom-drustvu-i-bez-kvalifikacija\\\/\"},\"author\":{\"name\":\"Radio Ljubu\u0161ki\",\"@id\":\"https:\\\/\\\/radioljubuski.ba\\\/#\\\/schema\\\/person\\\/19fc700381a780f69665d7956c469e3b\"},\"headline\":\"Split ostaje u prvoliga\u0161kom dru\u0161tvu i bez kvalifikacija\",\"datePublished\":\"2022-04-18T21:09:59+00:00\",\"dateModified\":\"2022-04-18T21:10:00+00:00\",\"mainEntityOfPage\":{\"@id\":\"https:\\\/\\\/radioljubuski.ba\\\/index.php\\\/2022\\\/04\\\/18\\\/split-ostaje-u-prvoligaskom-drustvu-i-bez-kvalifikacija\\\/\"},\"wordCount\":175,\"publisher\":{\"@id\":\"https:\\\/\\\/radioljubuski.ba\\\/#organization\"},\"image\":{\"@id\":\"https:\\\/\\\/radioljubuski.ba\\\/index.php\\\/2022\\\/04\\\/18\\\/split-ostaje-u-prvoligaskom-drustvu-i-bez-kvalifikacija\\\/#primaryimage\"},\"thumbnailUrl\":\"https:\\\/\\\/radioljubuski.ba\\\/wp-content\\\/uploads\\\/2022\\\/04\\\/kosarka-split-20220418155029.jpg\",\"articleSection\":[\"\u0160port\"],\"inLanguage\":\"hr\"},{\"@type\":\"WebPage\",\"@id\":\"https:\\\/\\\/radioljubuski.ba\\\/index.php\\\/2022\\\/04\\\/18\\\/split-ostaje-u-prvoligaskom-drustvu-i-bez-kvalifikacija\\\/\",\"url\":\"https:\\\/\\\/radioljubuski.ba\\\/index.php\\\/2022\\\/04\\\/18\\\/split-ostaje-u-prvoligaskom-drustvu-i-bez-kvalifikacija\\\/\",\"name\":\"Split ostaje u prvoliga\u0161kom dru\u0161tvu i bez kvalifikacija - RADIO LJUBU\u0160KI\",\"isPartOf\":{\"@id\":\"https:\\\/\\\/radioljubuski.ba\\\/#website\"},\"primaryImageOfPage\":{\"@id\":\"https:\\\/\\\/radioljubuski.ba\\\/index.php\\\/2022\\\/04\\\/18\\\/split-ostaje-u-prvoligaskom-drustvu-i-bez-kvalifikacija\\\/#primaryimage\"},\"image\":{\"@id\":\"https:\\\/\\\/radioljubuski.ba\\\/index.php\\\/2022\\\/04\\\/18\\\/split-ostaje-u-prvoligaskom-drustvu-i-bez-kvalifikacija\\\/#primaryimage\"},\"thumbnailUrl\":\"https:\\\/\\\/radioljubuski.ba\\\/wp-content\\\/uploads\\\/2022\\\/04\\\/kosarka-split-20220418155029.jpg\",\"datePublished\":\"2022-04-18T21:09:59+00:00\",\"dateModified\":\"2022-04-18T21:10:00+00:00\",\"breadcrumb\":{\"@id\":\"https:\\\/\\\/radioljubuski.ba\\\/index.php\\\/2022\\\/04\\\/18\\\/split-ostaje-u-prvoligaskom-drustvu-i-bez-kvalifikacija\\\/#breadcrumb\"},\"inLanguage\":\"hr\",\"potentialAction\":[{\"@type\":\"ReadAction\",\"target\":[\"https:\\\/\\\/radioljubuski.ba\\\/index.php\\\/2022\\\/04\\\/18\\\/split-ostaje-u-prvoligaskom-drustvu-i-bez-kvalifikacija\\\/\"]}]},{\"@type\":\"ImageObject\",\"inLanguage\":\"hr\",\"@id\":\"https:\\\/\\\/radioljubuski.ba\\\/index.php\\\/2022\\\/04\\\/18\\\/split-ostaje-u-prvoligaskom-drustvu-i-bez-kvalifikacija\\\/#primaryimage\",\"url\":\"https:\\\/\\\/radioljubuski.ba\\\/wp-content\\\/uploads\\\/2022\\\/04\\\/kosarka-split-20220418155029.jpg\",\"contentUrl\":\"https:\\\/\\\/radioljubuski.ba\\\/wp-content\\\/uploads\\\/2022\\\/04\\\/kosarka-split-20220418155029.jpg\",\"width\":1600,\"height\":1066},{\"@type\":\"BreadcrumbList\",\"@id\":\"https:\\\/\\\/radioljubuski.ba\\\/index.php\\\/2022\\\/04\\\/18\\\/split-ostaje-u-prvoligaskom-drustvu-i-bez-kvalifikacija\\\/#breadcrumb\",\"itemListElement\":[{\"@type\":\"ListItem\",\"position\":1,\"name\":\"Po\u010detna stranica\",\"item\":\"https:\\\/\\\/radioljubuski.ba\\\/\"},{\"@type\":\"ListItem\",\"position\":2,\"name\":\"Split ostaje u prvoliga\u0161kom dru\u0161tvu i bez kvalifikacija\"}]},{\"@type\":\"WebSite\",\"@id\":\"https:\\\/\\\/radioljubuski.ba\\\/#website\",\"url\":\"https:\\\/\\\/radioljubuski.ba\\\/\",\"name\":\"Radio Ljubu\u0161ki\",\"description\":\"Sun\u010dana frekvencija Hercegovine\",\"publisher\":{\"@id\":\"https:\\\/\\\/radioljubuski.ba\\\/#organization\"},\"potentialAction\":[{\"@type\":\"SearchAction\",\"target\":{\"@type\":\"EntryPoint\",\"urlTemplate\":\"https:\\\/\\\/radioljubuski.ba\\\/?s={search_term_string}\"},\"query-input\":{\"@type\":\"PropertyValueSpecification\",\"valueRequired\":true,\"valueName\":\"search_term_string\"}}],\"inLanguage\":\"hr\"},{\"@type\":\"Organization\",\"@id\":\"https:\\\/\\\/radioljubuski.ba\\\/#organization\",\"name\":\"Radio Ljubu\u0161ki\",\"url\":\"https:\\\/\\\/radioljubuski.ba\\\/\",\"logo\":{\"@type\":\"ImageObject\",\"inLanguage\":\"hr\",\"@id\":\"https:\\\/\\\/radioljubuski.ba\\\/#\\\/schema\\\/logo\\\/image\\\/\",\"url\":\"https:\\\/\\\/radioljubuski.ba\\\/wp-content\\\/uploads\\\/2021\\\/02\\\/cropped-Radio_Ljubuski_logo1.jpg\",\"contentUrl\":\"https:\\\/\\\/radioljubuski.ba\\\/wp-content\\\/uploads\\\/2021\\\/02\\\/cropped-Radio_Ljubuski_logo1.jpg\",\"width\":512,\"height\":512,\"caption\":\"Radio Ljubu\u0161ki\"},\"image\":{\"@id\":\"https:\\\/\\\/radioljubuski.ba\\\/#\\\/schema\\\/logo\\\/image\\\/\"},\"sameAs\":[\"https:\\\/\\\/www.facebook.com\\\/Radiio-Ljubuski-1490835324566332\",\"https:\\\/\\\/x.com\\\/radioljubuski\",\"https:\\\/\\\/hr.linkedin.com\\\/company\\\/radio-ljubuski\",\"https:\\\/\\\/www.youtube.com\\\/channel\\\/UCHYaeO_n0Db3tjNGudGpXyw\"]},{\"@type\":\"Person\",\"@id\":\"https:\\\/\\\/radioljubuski.ba\\\/#\\\/schema\\\/person\\\/19fc700381a780f69665d7956c469e3b\",\"name\":\"Radio Ljubu\u0161ki\"}]}<\/script>\n<!-- \/ Yoast SEO plugin. -->","yoast_head_json":{"title":"Split ostaje u prvoliga\u0161kom dru\u0161tvu i bez kvalifikacija - RADIO LJUBU\u0160KI","robots":{"index":"index","follow":"follow","max-snippet":"max-snippet:-1","max-image-preview":"max-image-preview:large","max-video-preview":"max-video-preview:-1"},"canonical":"https:\/\/radioljubuski.ba\/index.php\/2022\/04\/18\/split-ostaje-u-prvoligaskom-drustvu-i-bez-kvalifikacija\/","og_locale":"hr_HR","og_type":"article","og_title":"Split ostaje u prvoliga\u0161kom dru\u0161tvu i bez kvalifikacija - RADIO LJUBU\u0160KI","og_description":"Rasplet zavr\u0161nog turnira ABA 2 lige odr\u017eanog pro\u0161log tjedna u Skoplju razveselio je ko\u0161arka\u0161e Splita jer su osigurali ostanak u prvoj ABA ligi bez da moraju igrati kvalifikacije iako \u0107e sezonu okon\u010dati na pretposljednjem, 13. mjestu. Naime, pravila nala\u017eu kako iz prve ABA lige ispada posljednji sastav \u010dije mjesto zauzima pobjednik druge ABA lige, dok [&hellip;]","og_url":"https:\/\/radioljubuski.ba\/index.php\/2022\/04\/18\/split-ostaje-u-prvoligaskom-drustvu-i-bez-kvalifikacija\/","og_site_name":"RADIO LJUBU\u0160KI","article_publisher":"https:\/\/www.facebook.com\/Radiio-Ljubuski-1490835324566332","article_published_time":"2022-04-18T21:09:59+00:00","article_modified_time":"2022-04-18T21:10:00+00:00","og_image":[{"width":1600,"height":1066,"url":"https:\/\/radioljubuski.ba\/wp-content\/uploads\/2022\/04\/kosarka-split-20220418155029.jpg","type":"image\/jpeg"}],"author":"Radio Ljubu\u0161ki","twitter_card":"summary_large_image","twitter_creator":"@radioljubuski","twitter_site":"@radioljubuski","twitter_misc":{"Napisao\/la":"Radio Ljubu\u0161ki","Procijenjeno vrijeme \u010ditanja":"1 minuta"},"schema":{"@context":"https:\/\/schema.org","@graph":[{"@type":"Article","@id":"https:\/\/radioljubuski.ba\/index.php\/2022\/04\/18\/split-ostaje-u-prvoligaskom-drustvu-i-bez-kvalifikacija\/#article","isPartOf":{"@id":"https:\/\/radioljubuski.ba\/index.php\/2022\/04\/18\/split-ostaje-u-prvoligaskom-drustvu-i-bez-kvalifikacija\/"},"author":{"name":"Radio Ljubu\u0161ki","@id":"https:\/\/radioljubuski.ba\/#\/schema\/person\/19fc700381a780f69665d7956c469e3b"},"headline":"Split ostaje u prvoliga\u0161kom dru\u0161tvu i bez kvalifikacija","datePublished":"2022-04-18T21:09:59+00:00","dateModified":"2022-04-18T21:10:00+00:00","mainEntityOfPage":{"@id":"https:\/\/radioljubuski.ba\/index.php\/2022\/04\/18\/split-ostaje-u-prvoligaskom-drustvu-i-bez-kvalifikacija\/"},"wordCount":175,"publisher":{"@id":"https:\/\/radioljubuski.ba\/#organization"},"image":{"@id":"https:\/\/radioljubuski.ba\/index.php\/2022\/04\/18\/split-ostaje-u-prvoligaskom-drustvu-i-bez-kvalifikacija\/#primaryimage"},"thumbnailUrl":"https:\/\/radioljubuski.ba\/wp-content\/uploads\/2022\/04\/kosarka-split-20220418155029.jpg","articleSection":["\u0160port"],"inLanguage":"hr"},{"@type":"WebPage","@id":"https:\/\/radioljubuski.ba\/index.php\/2022\/04\/18\/split-ostaje-u-prvoligaskom-drustvu-i-bez-kvalifikacija\/","url":"https:\/\/radioljubuski.ba\/index.php\/2022\/04\/18\/split-ostaje-u-prvoligaskom-drustvu-i-bez-kvalifikacija\/","name":"Split ostaje u prvoliga\u0161kom dru\u0161tvu i bez kvalifikacija - RADIO LJUBU\u0160KI","isPartOf":{"@id":"https:\/\/radioljubuski.ba\/#website"},"primaryImageOfPage":{"@id":"https:\/\/radioljubuski.ba\/index.php\/2022\/04\/18\/split-ostaje-u-prvoligaskom-drustvu-i-bez-kvalifikacija\/#primaryimage"},"image":{"@id":"https:\/\/radioljubuski.ba\/index.php\/2022\/04\/18\/split-ostaje-u-prvoligaskom-drustvu-i-bez-kvalifikacija\/#primaryimage"},"thumbnailUrl":"https:\/\/radioljubuski.ba\/wp-content\/uploads\/2022\/04\/kosarka-split-20220418155029.jpg","datePublished":"2022-04-18T21:09:59+00:00","dateModified":"2022-04-18T21:10:00+00:00","breadcrumb":{"@id":"https:\/\/radioljubuski.ba\/index.php\/2022\/04\/18\/split-ostaje-u-prvoligaskom-drustvu-i-bez-kvalifikacija\/#breadcrumb"},"inLanguage":"hr","potentialAction":[{"@type":"ReadAction","target":["https:\/\/radioljubuski.ba\/index.php\/2022\/04\/18\/split-ostaje-u-prvoligaskom-drustvu-i-bez-kvalifikacija\/"]}]},{"@type":"ImageObject","inLanguage":"hr","@id":"https:\/\/radioljubuski.ba\/index.php\/2022\/04\/18\/split-ostaje-u-prvoligaskom-drustvu-i-bez-kvalifikacija\/#primaryimage","url":"https:\/\/radioljubuski.ba\/wp-content\/uploads\/2022\/04\/kosarka-split-20220418155029.jpg","contentUrl":"https:\/\/radioljubuski.ba\/wp-content\/uploads\/2022\/04\/kosarka-split-20220418155029.jpg","width":1600,"height":1066},{"@type":"BreadcrumbList","@id":"https:\/\/radioljubuski.ba\/index.php\/2022\/04\/18\/split-ostaje-u-prvoligaskom-drustvu-i-bez-kvalifikacija\/#breadcrumb","itemListElement":[{"@type":"ListItem","position":1,"name":"Po\u010detna stranica","item":"https:\/\/radioljubuski.ba\/"},{"@type":"ListItem","position":2,"name":"Split ostaje u prvoliga\u0161kom dru\u0161tvu i bez kvalifikacija"}]},{"@type":"WebSite","@id":"https:\/\/radioljubuski.ba\/#website","url":"https:\/\/radioljubuski.ba\/","name":"Radio Ljubu\u0161ki","description":"Sun\u010dana frekvencija Hercegovine","publisher":{"@id":"https:\/\/radioljubuski.ba\/#organization"},"potentialAction":[{"@type":"SearchAction","target":{"@type":"EntryPoint","urlTemplate":"https:\/\/radioljubuski.ba\/?s={search_term_string}"},"query-input":{"@type":"PropertyValueSpecification","valueRequired":true,"valueName":"search_term_string"}}],"inLanguage":"hr"},{"@type":"Organization","@id":"https:\/\/radioljubuski.ba\/#organization","name":"Radio Ljubu\u0161ki","url":"https:\/\/radioljubuski.ba\/","logo":{"@type":"ImageObject","inLanguage":"hr","@id":"https:\/\/radioljubuski.ba\/#\/schema\/logo\/image\/","url":"https:\/\/radioljubuski.ba\/wp-content\/uploads\/2021\/02\/cropped-Radio_Ljubuski_logo1.jpg","contentUrl":"https:\/\/radioljubuski.ba\/wp-content\/uploads\/2021\/02\/cropped-Radio_Ljubuski_logo1.jpg","width":512,"height":512,"caption":"Radio Ljubu\u0161ki"},"image":{"@id":"https:\/\/radioljubuski.ba\/#\/schema\/logo\/image\/"},"sameAs":["https:\/\/www.facebook.com\/Radiio-Ljubuski-1490835324566332","https:\/\/x.com\/radioljubuski","https:\/\/hr.linkedin.com\/company\/radio-ljubuski","https:\/\/www.youtube.com\/channel\/UCHYaeO_n0Db3tjNGudGpXyw"]},{"@type":"Person","@id":"https:\/\/radioljubuski.ba\/#\/schema\/person\/19fc700381a780f69665d7956c469e3b","name":"Radio Ljubu\u0161ki"}]}},"_links":{"self":[{"href":"https:\/\/radioljubuski.ba\/index.php\/wp-json\/wp\/v2\/posts\/133743","targetHints":{"allow":["GET"]}}],"collection":[{"href":"https:\/\/radioljubuski.ba\/index.php\/wp-json\/wp\/v2\/posts"}],"about":[{"href":"https:\/\/radioljubuski.ba\/index.php\/wp-json\/wp\/v2\/types\/post"}],"author":[{"embeddable":true,"href":"https:\/\/radioljubuski.ba\/index.php\/wp-json\/wp\/v2\/users\/2"}],"replies":[{"embeddable":true,"href":"https:\/\/radioljubuski.ba\/index.php\/wp-json\/wp\/v2\/comments?post=133743"}],"version-history":[{"count":1,"href":"https:\/\/radioljubuski.ba\/index.php\/wp-json\/wp\/v2\/posts\/133743\/revisions"}],"predecessor-version":[{"id":133745,"href":"https:\/\/radioljubuski.ba\/index.php\/wp-json\/wp\/v2\/posts\/133743\/revisions\/133745"}],"wp:featuredmedia":[{"embeddable":true,"href":"https:\/\/radioljubuski.ba\/index.php\/wp-json\/wp\/v2\/media\/133744"}],"wp:attachment":[{"href":"https:\/\/radioljubuski.ba\/index.php\/wp-json\/wp\/v2\/media?parent=133743"}],"wp:term":[{"taxonomy":"category","embeddable":true,"href":"https:\/\/radioljubuski.ba\/index.php\/wp-json\/wp\/v2\/categories?post=133743"},{"taxonomy":"post_tag","embeddable":true,"href":"https:\/\/radioljubuski.ba\/index.php\/wp-json\/wp\/v2\/tags?post=133743"}],"curies":[{"name":"wp","href":"https:\/\/api.w.org\/{rel}","templated":true}]}}