{"id":133749,"date":"2022-04-18T22:13:06","date_gmt":"2022-04-18T21:13:06","guid":{"rendered":"https:\/\/radioljubuski.ba\/?p=133749"},"modified":"2022-04-18T22:13:08","modified_gmt":"2022-04-18T21:13:08","slug":"tegeltija-dodik-je-pod-velikim-pritiskom-sankcije-su-politicki-alat-za-postizanje-politickih-ciljeva","status":"publish","type":"post","link":"https:\/\/radioljubuski.ba\/index.php\/2022\/04\/18\/tegeltija-dodik-je-pod-velikim-pritiskom-sankcije-su-politicki-alat-za-postizanje-politickih-ciljeva\/","title":{"rendered":"Tegeltija: Dodik je pod velikim pritiskom, sankcije su politi\u010dki alat za postizanje politi\u010dkih ciljeva"},"content":{"rendered":"\n<p><strong>Milan Tegeltija, savjetnik Milorada Dodika, \u010dlana Predsjedni\u0161tva Bosne i Hercegovine, za N1 je govorio o sankcijama koje je nedavno Velika Britanija uvela Dodiku i predsjednici Republike Srpske \u017deljki Cvijanovi\u0107, a SAD Gordani Tadi\u0107.<\/strong><\/p>\n\n\n\n<p>Tegeltija se svakako nalazi na listi ameri\u010dkih sankcija, a za N1 je rekao da je rije\u010d o isklju\u010divo politi\u010dkom alatu.<\/p>\n\n\n\n<p>Tegeltija sankcije smatra nastavkom politike koja, prema njegovom mi\u0161ljenju, ima za cilj izvr\u0161iti pritisak na rukovodstvo prije svega RS-a.<\/p>\n\n\n\n<p>\u201cDa se oni discipliniraju da se po\u0161alje poruka svima drugima \u0161to se mo\u017ee dogoditi ako \u0161titite interese politike koju predstavljate, odnosno, RS-a. Mislim da je ovim posljednjim sankcijama Velika Britanija sebe neskriveno i definitivno opredijelila u kontekstu otvorene podr\u0161ke i davanja vjetra u le\u0111a politikama Stranke demokratske akcije (SDA) primarno, pa onda i ostalim strankama u politi\u010dkom Sarajevu koje su na tom njenom kursu. Sankcije nisu neo\u010dekivane i one su jednostavno pritisak i na RS, ali na neki na\u010din one su vjerojatno pritisak i na Europsku uniju na neki na\u010din kako bi se i ona na isti na\u010din pona\u0161ala i slijedila primjer\u201d, naglasio je Tegeltija.<\/p>\n\n\n\n<p><strong>Neovisnost pravosu\u0111a<\/strong><\/p>\n\n\n\n<p>Tegeltija tvrdi da se dr\u017eao principa neovisnog pravosu\u0111a dok je bio na \u010delu Visokog sudskog i tu\u017eiteljskog vije\u0107a BiH (VSTV).<\/p>\n\n\n\n<p>\u201dKada sam u VSTV-u dao ostavku ne samo na mjesto predsjednika i \u010dlana vije\u0107a ve\u0107 i na mjesto suca, onda sam se uklju\u010dio u politi\u010dki \u017eivot u kojem imam politi\u010dki stav koji zastupam. Mislim da pravosu\u0111e danas nije distancirano od politike, ali u moje vrijeme je bilo puno vi\u0161e distancirano. Mislim, bilo je puno vi\u0161e distancirano, ja ne mogu isklju\u010diti to da su i tada postojali slu\u010dajevi u kojima je postojala nekakva veza izme\u0111u pojedinih nositelja pravosudnih funkcija i odre\u0111enih politi\u010dkih struktura. Me\u0111utim, mi smo u VSTV-u u\u010dinili sve kako takvi utjecaji ne bi bili sustavnog karaktera\u201d, kazao je.<\/p>\n\n\n\n<p>Navedeno je i to da bi sankcijama moglo biti zabranjeno kandidiranje na izborima. Upitan koliko bi to moglo pogoditi one koji su sankcionirani, odgovorio je:<\/p>\n\n\n\n<p>\u2013 \u201cTo je nemogu\u0107e. Ne postoji pravna osnova za to. Takvo ne\u0161to se ne mo\u017ee dogoditi, a ako bi se i dogodilo, to je klasi\u010dno nasilje i ne znam kako bi se to uop\u0107e moglo realizirati. Vi mo\u017eete to re\u0107i, ali kako \u0107ete to realizirati, tu je problem. \u017delim re\u0107i da se sankcijama iz stranih dr\u017eava ne mo\u017ee utjecati na unutarnji politi\u010dki \u017eivot BiH. To je besmisleno\u201d, dodao je Tegeltija.<\/p>\n\n\n\n<p>Ranije je navedeno i to da visoki predstavnik u BiH ne mo\u017ee koristiti bonske ovlasti, me\u0111utim, to je nedavno uradio Christian Schmidt kada je zabranio provo\u0111enje Zakona o nepokretnoj imovini RS.<\/p>\n\n\n\n<p>\u2013 Schmidt \u010diji legitimitet i legalitet RS ne priznaje pa samim time ni njegove odluke i to je logi\u010dna posljedica. On je takvo ne\u0161to uradio, me\u0111utim, odnos RS prema tome ste mogli \u010duti proteklih dana, on je vrlo jasan \u2013 istakao je Tegeltija.<\/p>\n\n\n\n<p><strong>Veliki pritisak<\/strong><\/p>\n\n\n\n<p>Govorio je i o radu Ustavnog suda BiH navode\u0107i da je on legalan i legitiman jer je nastao na osnovu Aneksa 4 Daytonskog sporazuma.<\/p>\n\n\n\n<p>\u201cMe\u0111utim, odluke koje on donosi izlaze izvan okvira njegovih nadle\u017enosti. Zbog toga njegove presude nisu legitimne. Naprimjer da Ustavni sud donese odluku da ne postoji RS, ona ne bi bila legitimna jer prema\u0161uje njegove nadle\u017enosti\u201d, stava je Tegeltija.<\/p>\n\n\n\n<p>Dalje je istaknuo da je evidentno da je Dodik pod velikim pritiskom kao i ostali rukovodioci RS.<\/p>\n\n\n\n<p>\u201cAli on najvi\u0161e jer je poprili\u010dno eksponirana osoba. Me\u0111utim, takvo je vrijeme i u svijetu i u BiH u kojima se poku\u0161ava transferirati kriza iz Ukrajine u BiH. I sada se koristi ta histerija oko Rusije i Ukrajine i prostor da se izvr\u0161i nekakav pritisak na Milorada Dodika kao legitimno izabranog \u010dlana Predsjedni\u0161tva BiH da predstavlja volju bira\u010da i gra\u0111ana RS, kako bi se utjecalo na njegove poteze u politi\u010dkom \u017eivotu. Dodik ne\u0107e takvim pritiscima podle\u0107i, oni definitivno postoje i usmjereni su ka njegovoj diskreditaciji, potpunom ograni\u010davanju njegovog politi\u010dkog prostora, koji su, kada je RS u pitanju potpuno kontraproduktivni, jer narod u RS siguran sam prepoznaje takvu vrstu pritisaka\u201d, rekao je Tegeltija.<\/p>\n\n\n\n<p>Dodaje dalje da su ove sankcije politi\u010dki alati.<\/p>\n\n\n\n<p>-\u201cOne nisu nikakva su\u0111enja niti utvr\u0111ivanje nikakvih krivica. Oni su politi\u010dki alati u kojima te dr\u017eave koje ih odre\u0111uju njima \u017eele posti\u0107i politi\u010dke ciljeve. One su politi\u010dki alat stranih dr\u017eava kako bi svoju volju projektirale u BiH na na\u010din kako odgovara njima. Prema tome, tako se sankcije trebaju promatrati\u201d, poru\u010dio je Tegeltija.<\/p>\n\n\n\n<p>\/HMS\/<\/p>\n","protected":false},"excerpt":{"rendered":"<p>Milan Tegeltija, savjetnik Milorada Dodika, \u010dlana Predsjedni\u0161tva Bosne i Hercegovine, za N1 je govorio o sankcijama koje je nedavno Velika Britanija uvela Dodiku i predsjednici Republike Srpske \u017deljki Cvijanovi\u0107, a SAD Gordani Tadi\u0107. Tegeltija se svakako nalazi na listi ameri\u010dkih sankcija, a za N1 je rekao da je rije\u010d o isklju\u010divo politi\u010dkom alatu. Tegeltija sankcije [&hellip;]<\/p>\n","protected":false},"author":2,"featured_media":59228,"comment_status":"closed","ping_status":"closed","sticky":false,"template":"","format":"standard","meta":{"h5ap_radio_sources":[],"footnotes":""},"categories":[1],"tags":[],"class_list":["post-133749","post","type-post","status-publish","format-standard","has-post-thumbnail","hentry","category-bihiregija"],"yoast_head":"<!-- This site is optimized with the Yoast SEO plugin v27.5 - https:\/\/yoast.com\/product\/yoast-seo-wordpress\/ -->\n<title>Tegeltija: Dodik je pod velikim pritiskom, sankcije su politi\u010dki alat za postizanje politi\u010dkih ciljeva - RADIO LJUBU\u0160KI<\/title>\n<meta name=\"robots\" content=\"index, follow, max-snippet:-1, max-image-preview:large, max-video-preview:-1\" \/>\n<link rel=\"canonical\" href=\"https:\/\/radioljubuski.ba\/index.php\/2022\/04\/18\/tegeltija-dodik-je-pod-velikim-pritiskom-sankcije-su-politicki-alat-za-postizanje-politickih-ciljeva\/\" \/>\n<meta property=\"og:locale\" content=\"hr_HR\" \/>\n<meta property=\"og:type\" content=\"article\" \/>\n<meta property=\"og:title\" content=\"Tegeltija: Dodik je pod velikim pritiskom, sankcije su politi\u010dki alat za postizanje politi\u010dkih ciljeva - RADIO LJUBU\u0160KI\" \/>\n<meta property=\"og:description\" content=\"Milan Tegeltija, savjetnik Milorada Dodika, \u010dlana Predsjedni\u0161tva Bosne i Hercegovine, za N1 je govorio o sankcijama koje je nedavno Velika Britanija uvela Dodiku i predsjednici Republike Srpske \u017deljki Cvijanovi\u0107, a SAD Gordani Tadi\u0107. Tegeltija se svakako nalazi na listi ameri\u010dkih sankcija, a za N1 je rekao da je rije\u010d o isklju\u010divo politi\u010dkom alatu. Tegeltija sankcije [&hellip;]\" \/>\n<meta property=\"og:url\" content=\"https:\/\/radioljubuski.ba\/index.php\/2022\/04\/18\/tegeltija-dodik-je-pod-velikim-pritiskom-sankcije-su-politicki-alat-za-postizanje-politickih-ciljeva\/\" \/>\n<meta property=\"og:site_name\" content=\"RADIO LJUBU\u0160KI\" \/>\n<meta property=\"article:publisher\" content=\"https:\/\/www.facebook.com\/Radiio-Ljubuski-1490835324566332\" \/>\n<meta property=\"article:published_time\" content=\"2022-04-18T21:13:06+00:00\" \/>\n<meta property=\"article:modified_time\" content=\"2022-04-18T21:13:08+00:00\" \/>\n<meta property=\"og:image\" content=\"https:\/\/radioljubuski.ba\/wp-content\/uploads\/2021\/08\/milan-tegeltija-1.jpg\" \/>\n\t<meta property=\"og:image:width\" content=\"658\" \/>\n\t<meta property=\"og:image:height\" content=\"494\" \/>\n\t<meta property=\"og:image:type\" content=\"image\/jpeg\" \/>\n<meta name=\"author\" content=\"Radio Ljubu\u0161ki\" \/>\n<meta name=\"twitter:card\" content=\"summary_large_image\" \/>\n<meta name=\"twitter:creator\" content=\"@radioljubuski\" \/>\n<meta name=\"twitter:site\" content=\"@radioljubuski\" \/>\n<meta name=\"twitter:label1\" content=\"Napisao\/la\" \/>\n\t<meta name=\"twitter:data1\" content=\"Radio Ljubu\u0161ki\" \/>\n\t<meta name=\"twitter:label2\" content=\"Procijenjeno vrijeme \u010ditanja\" \/>\n\t<meta name=\"twitter:data2\" content=\"4 minute\" \/>\n<script type=\"application\/ld+json\" class=\"yoast-schema-graph\">{\"@context\":\"https:\\\/\\\/schema.org\",\"@graph\":[{\"@type\":\"Article\",\"@id\":\"https:\\\/\\\/radioljubuski.ba\\\/index.php\\\/2022\\\/04\\\/18\\\/tegeltija-dodik-je-pod-velikim-pritiskom-sankcije-su-politicki-alat-za-postizanje-politickih-ciljeva\\\/#article\",\"isPartOf\":{\"@id\":\"https:\\\/\\\/radioljubuski.ba\\\/index.php\\\/2022\\\/04\\\/18\\\/tegeltija-dodik-je-pod-velikim-pritiskom-sankcije-su-politicki-alat-za-postizanje-politickih-ciljeva\\\/\"},\"author\":{\"name\":\"Radio Ljubu\u0161ki\",\"@id\":\"https:\\\/\\\/radioljubuski.ba\\\/#\\\/schema\\\/person\\\/19fc700381a780f69665d7956c469e3b\"},\"headline\":\"Tegeltija: Dodik je pod velikim pritiskom, sankcije su politi\u010dki alat za postizanje politi\u010dkih ciljeva\",\"datePublished\":\"2022-04-18T21:13:06+00:00\",\"dateModified\":\"2022-04-18T21:13:08+00:00\",\"mainEntityOfPage\":{\"@id\":\"https:\\\/\\\/radioljubuski.ba\\\/index.php\\\/2022\\\/04\\\/18\\\/tegeltija-dodik-je-pod-velikim-pritiskom-sankcije-su-politicki-alat-za-postizanje-politickih-ciljeva\\\/\"},\"wordCount\":816,\"publisher\":{\"@id\":\"https:\\\/\\\/radioljubuski.ba\\\/#organization\"},\"image\":{\"@id\":\"https:\\\/\\\/radioljubuski.ba\\\/index.php\\\/2022\\\/04\\\/18\\\/tegeltija-dodik-je-pod-velikim-pritiskom-sankcije-su-politicki-alat-za-postizanje-politickih-ciljeva\\\/#primaryimage\"},\"thumbnailUrl\":\"https:\\\/\\\/radioljubuski.ba\\\/wp-content\\\/uploads\\\/2021\\\/08\\\/milan-tegeltija-1.jpg\",\"articleSection\":[\"BIH i regija\"],\"inLanguage\":\"hr\"},{\"@type\":\"WebPage\",\"@id\":\"https:\\\/\\\/radioljubuski.ba\\\/index.php\\\/2022\\\/04\\\/18\\\/tegeltija-dodik-je-pod-velikim-pritiskom-sankcije-su-politicki-alat-za-postizanje-politickih-ciljeva\\\/\",\"url\":\"https:\\\/\\\/radioljubuski.ba\\\/index.php\\\/2022\\\/04\\\/18\\\/tegeltija-dodik-je-pod-velikim-pritiskom-sankcije-su-politicki-alat-za-postizanje-politickih-ciljeva\\\/\",\"name\":\"Tegeltija: Dodik je pod velikim pritiskom, sankcije su politi\u010dki alat za postizanje politi\u010dkih ciljeva - RADIO LJUBU\u0160KI\",\"isPartOf\":{\"@id\":\"https:\\\/\\\/radioljubuski.ba\\\/#website\"},\"primaryImageOfPage\":{\"@id\":\"https:\\\/\\\/radioljubuski.ba\\\/index.php\\\/2022\\\/04\\\/18\\\/tegeltija-dodik-je-pod-velikim-pritiskom-sankcije-su-politicki-alat-za-postizanje-politickih-ciljeva\\\/#primaryimage\"},\"image\":{\"@id\":\"https:\\\/\\\/radioljubuski.ba\\\/index.php\\\/2022\\\/04\\\/18\\\/tegeltija-dodik-je-pod-velikim-pritiskom-sankcije-su-politicki-alat-za-postizanje-politickih-ciljeva\\\/#primaryimage\"},\"thumbnailUrl\":\"https:\\\/\\\/radioljubuski.ba\\\/wp-content\\\/uploads\\\/2021\\\/08\\\/milan-tegeltija-1.jpg\",\"datePublished\":\"2022-04-18T21:13:06+00:00\",\"dateModified\":\"2022-04-18T21:13:08+00:00\",\"breadcrumb\":{\"@id\":\"https:\\\/\\\/radioljubuski.ba\\\/index.php\\\/2022\\\/04\\\/18\\\/tegeltija-dodik-je-pod-velikim-pritiskom-sankcije-su-politicki-alat-za-postizanje-politickih-ciljeva\\\/#breadcrumb\"},\"inLanguage\":\"hr\",\"potentialAction\":[{\"@type\":\"ReadAction\",\"target\":[\"https:\\\/\\\/radioljubuski.ba\\\/index.php\\\/2022\\\/04\\\/18\\\/tegeltija-dodik-je-pod-velikim-pritiskom-sankcije-su-politicki-alat-za-postizanje-politickih-ciljeva\\\/\"]}]},{\"@type\":\"ImageObject\",\"inLanguage\":\"hr\",\"@id\":\"https:\\\/\\\/radioljubuski.ba\\\/index.php\\\/2022\\\/04\\\/18\\\/tegeltija-dodik-je-pod-velikim-pritiskom-sankcije-su-politicki-alat-za-postizanje-politickih-ciljeva\\\/#primaryimage\",\"url\":\"https:\\\/\\\/radioljubuski.ba\\\/wp-content\\\/uploads\\\/2021\\\/08\\\/milan-tegeltija-1.jpg\",\"contentUrl\":\"https:\\\/\\\/radioljubuski.ba\\\/wp-content\\\/uploads\\\/2021\\\/08\\\/milan-tegeltija-1.jpg\",\"width\":658,\"height\":494},{\"@type\":\"BreadcrumbList\",\"@id\":\"https:\\\/\\\/radioljubuski.ba\\\/index.php\\\/2022\\\/04\\\/18\\\/tegeltija-dodik-je-pod-velikim-pritiskom-sankcije-su-politicki-alat-za-postizanje-politickih-ciljeva\\\/#breadcrumb\",\"itemListElement\":[{\"@type\":\"ListItem\",\"position\":1,\"name\":\"Po\u010detna stranica\",\"item\":\"https:\\\/\\\/radioljubuski.ba\\\/\"},{\"@type\":\"ListItem\",\"position\":2,\"name\":\"Tegeltija: Dodik je pod velikim pritiskom, sankcije su politi\u010dki alat za postizanje politi\u010dkih ciljeva\"}]},{\"@type\":\"WebSite\",\"@id\":\"https:\\\/\\\/radioljubuski.ba\\\/#website\",\"url\":\"https:\\\/\\\/radioljubuski.ba\\\/\",\"name\":\"Radio Ljubu\u0161ki\",\"description\":\"Sun\u010dana frekvencija Hercegovine\",\"publisher\":{\"@id\":\"https:\\\/\\\/radioljubuski.ba\\\/#organization\"},\"potentialAction\":[{\"@type\":\"SearchAction\",\"target\":{\"@type\":\"EntryPoint\",\"urlTemplate\":\"https:\\\/\\\/radioljubuski.ba\\\/?s={search_term_string}\"},\"query-input\":{\"@type\":\"PropertyValueSpecification\",\"valueRequired\":true,\"valueName\":\"search_term_string\"}}],\"inLanguage\":\"hr\"},{\"@type\":\"Organization\",\"@id\":\"https:\\\/\\\/radioljubuski.ba\\\/#organization\",\"name\":\"Radio Ljubu\u0161ki\",\"url\":\"https:\\\/\\\/radioljubuski.ba\\\/\",\"logo\":{\"@type\":\"ImageObject\",\"inLanguage\":\"hr\",\"@id\":\"https:\\\/\\\/radioljubuski.ba\\\/#\\\/schema\\\/logo\\\/image\\\/\",\"url\":\"https:\\\/\\\/radioljubuski.ba\\\/wp-content\\\/uploads\\\/2021\\\/02\\\/cropped-Radio_Ljubuski_logo1.jpg\",\"contentUrl\":\"https:\\\/\\\/radioljubuski.ba\\\/wp-content\\\/uploads\\\/2021\\\/02\\\/cropped-Radio_Ljubuski_logo1.jpg\",\"width\":512,\"height\":512,\"caption\":\"Radio Ljubu\u0161ki\"},\"image\":{\"@id\":\"https:\\\/\\\/radioljubuski.ba\\\/#\\\/schema\\\/logo\\\/image\\\/\"},\"sameAs\":[\"https:\\\/\\\/www.facebook.com\\\/Radiio-Ljubuski-1490835324566332\",\"https:\\\/\\\/x.com\\\/radioljubuski\",\"https:\\\/\\\/hr.linkedin.com\\\/company\\\/radio-ljubuski\",\"https:\\\/\\\/www.youtube.com\\\/channel\\\/UCHYaeO_n0Db3tjNGudGpXyw\"]},{\"@type\":\"Person\",\"@id\":\"https:\\\/\\\/radioljubuski.ba\\\/#\\\/schema\\\/person\\\/19fc700381a780f69665d7956c469e3b\",\"name\":\"Radio Ljubu\u0161ki\"}]}<\/script>\n<!-- \/ Yoast SEO plugin. -->","yoast_head_json":{"title":"Tegeltija: Dodik je pod velikim pritiskom, sankcije su politi\u010dki alat za postizanje politi\u010dkih ciljeva - RADIO LJUBU\u0160KI","robots":{"index":"index","follow":"follow","max-snippet":"max-snippet:-1","max-image-preview":"max-image-preview:large","max-video-preview":"max-video-preview:-1"},"canonical":"https:\/\/radioljubuski.ba\/index.php\/2022\/04\/18\/tegeltija-dodik-je-pod-velikim-pritiskom-sankcije-su-politicki-alat-za-postizanje-politickih-ciljeva\/","og_locale":"hr_HR","og_type":"article","og_title":"Tegeltija: Dodik je pod velikim pritiskom, sankcije su politi\u010dki alat za postizanje politi\u010dkih ciljeva - RADIO LJUBU\u0160KI","og_description":"Milan Tegeltija, savjetnik Milorada Dodika, \u010dlana Predsjedni\u0161tva Bosne i Hercegovine, za N1 je govorio o sankcijama koje je nedavno Velika Britanija uvela Dodiku i predsjednici Republike Srpske \u017deljki Cvijanovi\u0107, a SAD Gordani Tadi\u0107. Tegeltija se svakako nalazi na listi ameri\u010dkih sankcija, a za N1 je rekao da je rije\u010d o isklju\u010divo politi\u010dkom alatu. Tegeltija sankcije [&hellip;]","og_url":"https:\/\/radioljubuski.ba\/index.php\/2022\/04\/18\/tegeltija-dodik-je-pod-velikim-pritiskom-sankcije-su-politicki-alat-za-postizanje-politickih-ciljeva\/","og_site_name":"RADIO LJUBU\u0160KI","article_publisher":"https:\/\/www.facebook.com\/Radiio-Ljubuski-1490835324566332","article_published_time":"2022-04-18T21:13:06+00:00","article_modified_time":"2022-04-18T21:13:08+00:00","og_image":[{"width":658,"height":494,"url":"https:\/\/radioljubuski.ba\/wp-content\/uploads\/2021\/08\/milan-tegeltija-1.jpg","type":"image\/jpeg"}],"author":"Radio Ljubu\u0161ki","twitter_card":"summary_large_image","twitter_creator":"@radioljubuski","twitter_site":"@radioljubuski","twitter_misc":{"Napisao\/la":"Radio Ljubu\u0161ki","Procijenjeno vrijeme \u010ditanja":"4 minute"},"schema":{"@context":"https:\/\/schema.org","@graph":[{"@type":"Article","@id":"https:\/\/radioljubuski.ba\/index.php\/2022\/04\/18\/tegeltija-dodik-je-pod-velikim-pritiskom-sankcije-su-politicki-alat-za-postizanje-politickih-ciljeva\/#article","isPartOf":{"@id":"https:\/\/radioljubuski.ba\/index.php\/2022\/04\/18\/tegeltija-dodik-je-pod-velikim-pritiskom-sankcije-su-politicki-alat-za-postizanje-politickih-ciljeva\/"},"author":{"name":"Radio Ljubu\u0161ki","@id":"https:\/\/radioljubuski.ba\/#\/schema\/person\/19fc700381a780f69665d7956c469e3b"},"headline":"Tegeltija: Dodik je pod velikim pritiskom, sankcije su politi\u010dki alat za postizanje politi\u010dkih ciljeva","datePublished":"2022-04-18T21:13:06+00:00","dateModified":"2022-04-18T21:13:08+00:00","mainEntityOfPage":{"@id":"https:\/\/radioljubuski.ba\/index.php\/2022\/04\/18\/tegeltija-dodik-je-pod-velikim-pritiskom-sankcije-su-politicki-alat-za-postizanje-politickih-ciljeva\/"},"wordCount":816,"publisher":{"@id":"https:\/\/radioljubuski.ba\/#organization"},"image":{"@id":"https:\/\/radioljubuski.ba\/index.php\/2022\/04\/18\/tegeltija-dodik-je-pod-velikim-pritiskom-sankcije-su-politicki-alat-za-postizanje-politickih-ciljeva\/#primaryimage"},"thumbnailUrl":"https:\/\/radioljubuski.ba\/wp-content\/uploads\/2021\/08\/milan-tegeltija-1.jpg","articleSection":["BIH i regija"],"inLanguage":"hr"},{"@type":"WebPage","@id":"https:\/\/radioljubuski.ba\/index.php\/2022\/04\/18\/tegeltija-dodik-je-pod-velikim-pritiskom-sankcije-su-politicki-alat-za-postizanje-politickih-ciljeva\/","url":"https:\/\/radioljubuski.ba\/index.php\/2022\/04\/18\/tegeltija-dodik-je-pod-velikim-pritiskom-sankcije-su-politicki-alat-za-postizanje-politickih-ciljeva\/","name":"Tegeltija: Dodik je pod velikim pritiskom, sankcije su politi\u010dki alat za postizanje politi\u010dkih ciljeva - RADIO LJUBU\u0160KI","isPartOf":{"@id":"https:\/\/radioljubuski.ba\/#website"},"primaryImageOfPage":{"@id":"https:\/\/radioljubuski.ba\/index.php\/2022\/04\/18\/tegeltija-dodik-je-pod-velikim-pritiskom-sankcije-su-politicki-alat-za-postizanje-politickih-ciljeva\/#primaryimage"},"image":{"@id":"https:\/\/radioljubuski.ba\/index.php\/2022\/04\/18\/tegeltija-dodik-je-pod-velikim-pritiskom-sankcije-su-politicki-alat-za-postizanje-politickih-ciljeva\/#primaryimage"},"thumbnailUrl":"https:\/\/radioljubuski.ba\/wp-content\/uploads\/2021\/08\/milan-tegeltija-1.jpg","datePublished":"2022-04-18T21:13:06+00:00","dateModified":"2022-04-18T21:13:08+00:00","breadcrumb":{"@id":"https:\/\/radioljubuski.ba\/index.php\/2022\/04\/18\/tegeltija-dodik-je-pod-velikim-pritiskom-sankcije-su-politicki-alat-za-postizanje-politickih-ciljeva\/#breadcrumb"},"inLanguage":"hr","potentialAction":[{"@type":"ReadAction","target":["https:\/\/radioljubuski.ba\/index.php\/2022\/04\/18\/tegeltija-dodik-je-pod-velikim-pritiskom-sankcije-su-politicki-alat-za-postizanje-politickih-ciljeva\/"]}]},{"@type":"ImageObject","inLanguage":"hr","@id":"https:\/\/radioljubuski.ba\/index.php\/2022\/04\/18\/tegeltija-dodik-je-pod-velikim-pritiskom-sankcije-su-politicki-alat-za-postizanje-politickih-ciljeva\/#primaryimage","url":"https:\/\/radioljubuski.ba\/wp-content\/uploads\/2021\/08\/milan-tegeltija-1.jpg","contentUrl":"https:\/\/radioljubuski.ba\/wp-content\/uploads\/2021\/08\/milan-tegeltija-1.jpg","width":658,"height":494},{"@type":"BreadcrumbList","@id":"https:\/\/radioljubuski.ba\/index.php\/2022\/04\/18\/tegeltija-dodik-je-pod-velikim-pritiskom-sankcije-su-politicki-alat-za-postizanje-politickih-ciljeva\/#breadcrumb","itemListElement":[{"@type":"ListItem","position":1,"name":"Po\u010detna stranica","item":"https:\/\/radioljubuski.ba\/"},{"@type":"ListItem","position":2,"name":"Tegeltija: Dodik je pod velikim pritiskom, sankcije su politi\u010dki alat za postizanje politi\u010dkih ciljeva"}]},{"@type":"WebSite","@id":"https:\/\/radioljubuski.ba\/#website","url":"https:\/\/radioljubuski.ba\/","name":"Radio Ljubu\u0161ki","description":"Sun\u010dana frekvencija Hercegovine","publisher":{"@id":"https:\/\/radioljubuski.ba\/#organization"},"potentialAction":[{"@type":"SearchAction","target":{"@type":"EntryPoint","urlTemplate":"https:\/\/radioljubuski.ba\/?s={search_term_string}"},"query-input":{"@type":"PropertyValueSpecification","valueRequired":true,"valueName":"search_term_string"}}],"inLanguage":"hr"},{"@type":"Organization","@id":"https:\/\/radioljubuski.ba\/#organization","name":"Radio Ljubu\u0161ki","url":"https:\/\/radioljubuski.ba\/","logo":{"@type":"ImageObject","inLanguage":"hr","@id":"https:\/\/radioljubuski.ba\/#\/schema\/logo\/image\/","url":"https:\/\/radioljubuski.ba\/wp-content\/uploads\/2021\/02\/cropped-Radio_Ljubuski_logo1.jpg","contentUrl":"https:\/\/radioljubuski.ba\/wp-content\/uploads\/2021\/02\/cropped-Radio_Ljubuski_logo1.jpg","width":512,"height":512,"caption":"Radio Ljubu\u0161ki"},"image":{"@id":"https:\/\/radioljubuski.ba\/#\/schema\/logo\/image\/"},"sameAs":["https:\/\/www.facebook.com\/Radiio-Ljubuski-1490835324566332","https:\/\/x.com\/radioljubuski","https:\/\/hr.linkedin.com\/company\/radio-ljubuski","https:\/\/www.youtube.com\/channel\/UCHYaeO_n0Db3tjNGudGpXyw"]},{"@type":"Person","@id":"https:\/\/radioljubuski.ba\/#\/schema\/person\/19fc700381a780f69665d7956c469e3b","name":"Radio Ljubu\u0161ki"}]}},"_links":{"self":[{"href":"https:\/\/radioljubuski.ba\/index.php\/wp-json\/wp\/v2\/posts\/133749","targetHints":{"allow":["GET"]}}],"collection":[{"href":"https:\/\/radioljubuski.ba\/index.php\/wp-json\/wp\/v2\/posts"}],"about":[{"href":"https:\/\/radioljubuski.ba\/index.php\/wp-json\/wp\/v2\/types\/post"}],"author":[{"embeddable":true,"href":"https:\/\/radioljubuski.ba\/index.php\/wp-json\/wp\/v2\/users\/2"}],"replies":[{"embeddable":true,"href":"https:\/\/radioljubuski.ba\/index.php\/wp-json\/wp\/v2\/comments?post=133749"}],"version-history":[{"count":1,"href":"https:\/\/radioljubuski.ba\/index.php\/wp-json\/wp\/v2\/posts\/133749\/revisions"}],"predecessor-version":[{"id":133750,"href":"https:\/\/radioljubuski.ba\/index.php\/wp-json\/wp\/v2\/posts\/133749\/revisions\/133750"}],"wp:featuredmedia":[{"embeddable":true,"href":"https:\/\/radioljubuski.ba\/index.php\/wp-json\/wp\/v2\/media\/59228"}],"wp:attachment":[{"href":"https:\/\/radioljubuski.ba\/index.php\/wp-json\/wp\/v2\/media?parent=133749"}],"wp:term":[{"taxonomy":"category","embeddable":true,"href":"https:\/\/radioljubuski.ba\/index.php\/wp-json\/wp\/v2\/categories?post=133749"},{"taxonomy":"post_tag","embeddable":true,"href":"https:\/\/radioljubuski.ba\/index.php\/wp-json\/wp\/v2\/tags?post=133749"}],"curies":[{"name":"wp","href":"https:\/\/api.w.org\/{rel}","templated":true}]}}