{"id":133760,"date":"2022-04-18T22:20:52","date_gmt":"2022-04-18T21:20:52","guid":{"rendered":"https:\/\/radioljubuski.ba\/?p=133760"},"modified":"2022-04-18T22:20:53","modified_gmt":"2022-04-18T21:20:53","slug":"proslo-je-29-godina-od-pogibije-hrvata-u-visnjica-gaju-i-pocetka-otvorene-agresije-armije-r-bih","status":"publish","type":"post","link":"https:\/\/radioljubuski.ba\/index.php\/2022\/04\/18\/proslo-je-29-godina-od-pogibije-hrvata-u-visnjica-gaju-i-pocetka-otvorene-agresije-armije-r-bih\/","title":{"rendered":"Pro\u0161lo je 29 godina od pogibije Hrvata u Vi\u0161njica Gaju i po\u010detka otvorene agresije Armije R BiH"},"content":{"rendered":"\n<p><strong>Posljednjih dana u medijima slu\u0161amo o slavnoj i \u010dasnoj Armiji R BiH, o jedinoj vojsci \u010diji pripadnici nisu po\u010dinili nikakve zlo\u010dine, planirali ni provodili etni\u010dko \u010di\u0161\u0107enje. Me\u0111u mnogobrojnim primjerima koji pobijaju svaku od navedenih teza su i doga\u0111aji u selu Vi\u0161njica Gaj u Kiseljaku, u kojemu je prije 29 godina Armija R BiH ubila 14- godi\u0161njeg Gorana Drma\u010da.<\/strong><\/p>\n\n\n\n<p>Ubijen je snajperom dok se igrao ispred djedove ku\u0107e. Goranov brat Dra\u017een rodio se godinu dana poslije njegove smrti. Iako brata nije imao priliku ni upoznati, godi\u0161njica njegove smrti za njega je te\u017eak dan. \u201eTe\u0161ko jer sam cijeli svoj \u017eivot gledao roditelje koji su izgubili dijete, mojeg brata kojeg nisam imao priliku ni upoznati\u201c, ka\u017ee Dra\u017een za portal\u00a0<a href=\"https:\/\/artinfo.ba\/index.php\/vijesti\/44789-29-godina-od-stradanja-hrvata-u-visnjica-gaju-i-pocetka-otvorene-agresije-armije-r-bih-na-kiseljak\">Artinfo.ba<\/a>.<\/p>\n\n\n\n<figure class=\"wp-block-image\"><img decoding=\"async\" src=\"https:\/\/hms.ba\/wp-content\/uploads\/2022\/04\/278549944_4823575601103451_9072371130364207996_n.jpg\" alt=\"\"\/><\/figure>\n\n\n\n<p>Pored njegova brata Gorana u Vi\u0161njica Gaju istog dana stradavaju jo\u0161 \u010detiri hrvatske \u017ertve. \u201eNema tih rije\u010di kojima mo\u017eemo na\u0161im poginulim braniteljima zahvaliti za njihovu \u017ertvu, jer dali su ono najvrijednije za na\u0161 ostanak na ovim prostorima. Na\u0161a borba, nas Hrvata, jo\u0161 traje, za jednakopravnost ali i istinu. Jo\u0161 uvijek nas boli nepravda jer jo\u0161 se ne zna ni tko je ubio dijete od 14 godina\u201c, ka\u017ee Nevenka Pravdi\u0107, predsjednica Udruge obitelji poginulih i nestalih hrvatskih branitelja, podru\u017enice Kiseljak.<\/p>\n\n\n\n<figure class=\"wp-block-image\"><img decoding=\"async\" src=\"https:\/\/hms.ba\/wp-content\/uploads\/2022\/04\/278445908_401818028123927_440958747671584000_n.jpg\" alt=\"\"\/><\/figure>\n\n\n\n<p>Zbog doga\u0111aja koje opisuju sudionici Domovinskog rata u Kiseljaku, 18. travnja 1993. godine pamti se kao dan po\u010detka otvorene agresije Armije R BiH na Kiseljak i borbe za goli opstanak, ne samo hrvatskog puka Kiseljaka ve\u0107 i Hrvata iz brojnih drugih srednjobosanskih op\u0107ina koji su nakon progona sa svojih ognji\u0161ta uto\u010di\u0161te prona\u0161li u Kiseljaku. Bo\u0161nja\u010dka Armija R BiH tog je dana krenula s opse\u017enom akcijom presijecanja teritorija op\u0107ine radi lak\u0161eg zauzimanja Kiseljaka. Zapovjed o akciji koja je trebala biti po\u010detak progona hrvatskog naroda iz ovog dijela sredi\u0161nje Bosne, 17. travnja 1993. godine potpisao je general Enver Had\u017eihasanovi\u0107.<\/p>\n\n\n\n<p>U zapovjedi koju je biv\u0161i zapovjednik Tre\u0107eg korpusa Armije BiH potpisao u Zenici, zatra\u017eena je procjena stanja na terenu te iznesen prijedlog kako zauzeti polo\u017eaje na terenu.\u201dProvjerite i odmah procjenite stanje u Kiseljaku, a na osnovu toga sa va\u0161im snagama iz Kiseljaka razoru\u017eajte i zaposjednite sve prostore koje zaposjeda HVO. Ako je mogu\u0107e ocjenite snage i sredstva za blokadu prilaza iz Fojnice\u201d, pisao je svojim podre\u0111enim general Armije R BiH. Za akciju je bio zadu\u017een poseban odred Armije R BiH \u201cJasikovica\u201d, a \u010dinili su ga pripadnici iz naselja koja gravitiraju masivu istoimene planine, od Crni\u0107a u op\u0107ini Kre\u0161evo, preko nekoliko sela u Kiseljaku me\u0111u kojima su i Vi\u0161njica Gaj, Doci, nacionalno mje\u0161ovitih naselja u \u017eupi Gromiljak, do Ostru\u017enice u op\u0107ini Fojnica. \u201eTog vremena se sje\u0107am po zajedni\u0161tvu na\u0161eg naroda, znali smo \u0161ta nam se sprema i nismo dopustili da se to dogodi, ostali smo ovdje uz velike \u017ertve\u201c, ka\u017ee Mirko Ra\u0161o, predsjednik Udruge dragovoljaca i veterana Domovinskog rata Kiseljaka.<\/p>\n\n\n\n<figure class=\"wp-block-image\"><img decoding=\"async\" src=\"https:\/\/hms.ba\/wp-content\/uploads\/2022\/04\/278509132_697749154610035_2077128329017506563_n.jpg\" alt=\"\"\/><\/figure>\n\n\n\n<p>Predvode\u0107i molitvu za du\u0161e poginulih civila i branitelja ispred Spomen obilje\u017eja u Vi\u0161njica Gaju, gromilja\u010dki \u017eupnik don Ilija Karlovi\u0107 istaknuo je kako je puno simbolike u njihovu stradavanju u uskrsno vrijeme, vrijeme u kojemu je Isus podnio \u017ertvu za spas \u010dovje\u010danstva. \u201eI na\u0161i su branitelji svojom \u017ertvom pokazali da nema ve\u0107e ljubavi od one kada \u017eivot date za svoj narod.<\/p>\n\n\n\n<p>Oni su svoje \u017eivote dali da bi mi ovdje ostali i mogli slobodno \u017eivjeti\u201c, kazao je ovom prilikom Mladen Mi\u0161uri\u0107 Ramljak, na\u010delnik op\u0107ine Kiseljak.<\/p>\n\n\n\n<p>\u017drtvama stradalim na Mali Uskrs 1993. godine danas su se poklonili \u010dlanovi njihovih obitelji, udruga proiza\u0161lih iz Domovinskog rata, hrvatski politi\u010dki predstavnici kao i pripadnici Oru\u017eanih snaga BiH.<\/p>\n\n\n\n<p>\/HMS\/<\/p>\n","protected":false},"excerpt":{"rendered":"<p>Posljednjih dana u medijima slu\u0161amo o slavnoj i \u010dasnoj Armiji R BiH, o jedinoj vojsci \u010diji pripadnici nisu po\u010dinili nikakve zlo\u010dine, planirali ni provodili etni\u010dko \u010di\u0161\u0107enje. Me\u0111u mnogobrojnim primjerima koji pobijaju svaku od navedenih teza su i doga\u0111aji u selu Vi\u0161njica Gaj u Kiseljaku, u kojemu je prije 29 godina Armija R BiH ubila 14- [&hellip;]<\/p>\n","protected":false},"author":2,"featured_media":133761,"comment_status":"closed","ping_status":"closed","sticky":false,"template":"","format":"standard","meta":{"h5ap_radio_sources":[],"footnotes":""},"categories":[1],"tags":[],"class_list":["post-133760","post","type-post","status-publish","format-standard","has-post-thumbnail","hentry","category-bihiregija"],"yoast_head":"<!-- This site is optimized with the Yoast SEO plugin v27.4 - https:\/\/yoast.com\/product\/yoast-seo-wordpress\/ -->\n<title>Pro\u0161lo je 29 godina od pogibije Hrvata u Vi\u0161njica Gaju i po\u010detka otvorene agresije Armije R BiH - RADIO LJUBU\u0160KI<\/title>\n<meta name=\"robots\" content=\"index, follow, max-snippet:-1, max-image-preview:large, max-video-preview:-1\" \/>\n<link rel=\"canonical\" href=\"https:\/\/radioljubuski.ba\/index.php\/2022\/04\/18\/proslo-je-29-godina-od-pogibije-hrvata-u-visnjica-gaju-i-pocetka-otvorene-agresije-armije-r-bih\/\" \/>\n<meta property=\"og:locale\" content=\"hr_HR\" \/>\n<meta property=\"og:type\" content=\"article\" \/>\n<meta property=\"og:title\" content=\"Pro\u0161lo je 29 godina od pogibije Hrvata u Vi\u0161njica Gaju i po\u010detka otvorene agresije Armije R BiH - RADIO LJUBU\u0160KI\" \/>\n<meta property=\"og:description\" content=\"Posljednjih dana u medijima slu\u0161amo o slavnoj i \u010dasnoj Armiji R BiH, o jedinoj vojsci \u010diji pripadnici nisu po\u010dinili nikakve zlo\u010dine, planirali ni provodili etni\u010dko \u010di\u0161\u0107enje. Me\u0111u mnogobrojnim primjerima koji pobijaju svaku od navedenih teza su i doga\u0111aji u selu Vi\u0161njica Gaj u Kiseljaku, u kojemu je prije 29 godina Armija R BiH ubila 14- [&hellip;]\" \/>\n<meta property=\"og:url\" content=\"https:\/\/radioljubuski.ba\/index.php\/2022\/04\/18\/proslo-je-29-godina-od-pogibije-hrvata-u-visnjica-gaju-i-pocetka-otvorene-agresije-armije-r-bih\/\" \/>\n<meta property=\"og:site_name\" content=\"RADIO LJUBU\u0160KI\" \/>\n<meta property=\"article:publisher\" content=\"https:\/\/www.facebook.com\/Radiio-Ljubuski-1490835324566332\" \/>\n<meta property=\"article:published_time\" content=\"2022-04-18T21:20:52+00:00\" \/>\n<meta property=\"article:modified_time\" content=\"2022-04-18T21:20:53+00:00\" \/>\n<meta property=\"og:image\" content=\"https:\/\/radioljubuski.ba\/wp-content\/uploads\/2022\/04\/visnjica-misa_1.jpg\" \/>\n\t<meta property=\"og:image:width\" content=\"820\" \/>\n\t<meta property=\"og:image:height\" content=\"615\" \/>\n\t<meta property=\"og:image:type\" content=\"image\/jpeg\" \/>\n<meta name=\"author\" content=\"Radio Ljubu\u0161ki\" \/>\n<meta name=\"twitter:card\" content=\"summary_large_image\" \/>\n<meta name=\"twitter:creator\" content=\"@radioljubuski\" \/>\n<meta name=\"twitter:site\" content=\"@radioljubuski\" \/>\n<meta name=\"twitter:label1\" content=\"Napisao\/la\" \/>\n\t<meta name=\"twitter:data1\" content=\"Radio Ljubu\u0161ki\" \/>\n\t<meta name=\"twitter:label2\" content=\"Procijenjeno vrijeme \u010ditanja\" \/>\n\t<meta name=\"twitter:data2\" content=\"4 minute\" \/>\n<script type=\"application\/ld+json\" class=\"yoast-schema-graph\">{\"@context\":\"https:\\\/\\\/schema.org\",\"@graph\":[{\"@type\":\"Article\",\"@id\":\"https:\\\/\\\/radioljubuski.ba\\\/index.php\\\/2022\\\/04\\\/18\\\/proslo-je-29-godina-od-pogibije-hrvata-u-visnjica-gaju-i-pocetka-otvorene-agresije-armije-r-bih\\\/#article\",\"isPartOf\":{\"@id\":\"https:\\\/\\\/radioljubuski.ba\\\/index.php\\\/2022\\\/04\\\/18\\\/proslo-je-29-godina-od-pogibije-hrvata-u-visnjica-gaju-i-pocetka-otvorene-agresije-armije-r-bih\\\/\"},\"author\":{\"name\":\"Radio Ljubu\u0161ki\",\"@id\":\"https:\\\/\\\/radioljubuski.ba\\\/#\\\/schema\\\/person\\\/19fc700381a780f69665d7956c469e3b\"},\"headline\":\"Pro\u0161lo je 29 godina od pogibije Hrvata u Vi\u0161njica Gaju i po\u010detka otvorene agresije Armije R BiH\",\"datePublished\":\"2022-04-18T21:20:52+00:00\",\"dateModified\":\"2022-04-18T21:20:53+00:00\",\"mainEntityOfPage\":{\"@id\":\"https:\\\/\\\/radioljubuski.ba\\\/index.php\\\/2022\\\/04\\\/18\\\/proslo-je-29-godina-od-pogibije-hrvata-u-visnjica-gaju-i-pocetka-otvorene-agresije-armije-r-bih\\\/\"},\"wordCount\":654,\"publisher\":{\"@id\":\"https:\\\/\\\/radioljubuski.ba\\\/#organization\"},\"image\":{\"@id\":\"https:\\\/\\\/radioljubuski.ba\\\/index.php\\\/2022\\\/04\\\/18\\\/proslo-je-29-godina-od-pogibije-hrvata-u-visnjica-gaju-i-pocetka-otvorene-agresije-armije-r-bih\\\/#primaryimage\"},\"thumbnailUrl\":\"https:\\\/\\\/radioljubuski.ba\\\/wp-content\\\/uploads\\\/2022\\\/04\\\/visnjica-misa_1.jpg\",\"articleSection\":[\"BIH i regija\"],\"inLanguage\":\"hr\"},{\"@type\":\"WebPage\",\"@id\":\"https:\\\/\\\/radioljubuski.ba\\\/index.php\\\/2022\\\/04\\\/18\\\/proslo-je-29-godina-od-pogibije-hrvata-u-visnjica-gaju-i-pocetka-otvorene-agresije-armije-r-bih\\\/\",\"url\":\"https:\\\/\\\/radioljubuski.ba\\\/index.php\\\/2022\\\/04\\\/18\\\/proslo-je-29-godina-od-pogibije-hrvata-u-visnjica-gaju-i-pocetka-otvorene-agresije-armije-r-bih\\\/\",\"name\":\"Pro\u0161lo je 29 godina od pogibije Hrvata u Vi\u0161njica Gaju i po\u010detka otvorene agresije Armije R BiH - RADIO LJUBU\u0160KI\",\"isPartOf\":{\"@id\":\"https:\\\/\\\/radioljubuski.ba\\\/#website\"},\"primaryImageOfPage\":{\"@id\":\"https:\\\/\\\/radioljubuski.ba\\\/index.php\\\/2022\\\/04\\\/18\\\/proslo-je-29-godina-od-pogibije-hrvata-u-visnjica-gaju-i-pocetka-otvorene-agresije-armije-r-bih\\\/#primaryimage\"},\"image\":{\"@id\":\"https:\\\/\\\/radioljubuski.ba\\\/index.php\\\/2022\\\/04\\\/18\\\/proslo-je-29-godina-od-pogibije-hrvata-u-visnjica-gaju-i-pocetka-otvorene-agresije-armije-r-bih\\\/#primaryimage\"},\"thumbnailUrl\":\"https:\\\/\\\/radioljubuski.ba\\\/wp-content\\\/uploads\\\/2022\\\/04\\\/visnjica-misa_1.jpg\",\"datePublished\":\"2022-04-18T21:20:52+00:00\",\"dateModified\":\"2022-04-18T21:20:53+00:00\",\"breadcrumb\":{\"@id\":\"https:\\\/\\\/radioljubuski.ba\\\/index.php\\\/2022\\\/04\\\/18\\\/proslo-je-29-godina-od-pogibije-hrvata-u-visnjica-gaju-i-pocetka-otvorene-agresije-armije-r-bih\\\/#breadcrumb\"},\"inLanguage\":\"hr\",\"potentialAction\":[{\"@type\":\"ReadAction\",\"target\":[\"https:\\\/\\\/radioljubuski.ba\\\/index.php\\\/2022\\\/04\\\/18\\\/proslo-je-29-godina-od-pogibije-hrvata-u-visnjica-gaju-i-pocetka-otvorene-agresije-armije-r-bih\\\/\"]}]},{\"@type\":\"ImageObject\",\"inLanguage\":\"hr\",\"@id\":\"https:\\\/\\\/radioljubuski.ba\\\/index.php\\\/2022\\\/04\\\/18\\\/proslo-je-29-godina-od-pogibije-hrvata-u-visnjica-gaju-i-pocetka-otvorene-agresije-armije-r-bih\\\/#primaryimage\",\"url\":\"https:\\\/\\\/radioljubuski.ba\\\/wp-content\\\/uploads\\\/2022\\\/04\\\/visnjica-misa_1.jpg\",\"contentUrl\":\"https:\\\/\\\/radioljubuski.ba\\\/wp-content\\\/uploads\\\/2022\\\/04\\\/visnjica-misa_1.jpg\",\"width\":820,\"height\":615},{\"@type\":\"BreadcrumbList\",\"@id\":\"https:\\\/\\\/radioljubuski.ba\\\/index.php\\\/2022\\\/04\\\/18\\\/proslo-je-29-godina-od-pogibije-hrvata-u-visnjica-gaju-i-pocetka-otvorene-agresije-armije-r-bih\\\/#breadcrumb\",\"itemListElement\":[{\"@type\":\"ListItem\",\"position\":1,\"name\":\"Po\u010detna stranica\",\"item\":\"https:\\\/\\\/radioljubuski.ba\\\/\"},{\"@type\":\"ListItem\",\"position\":2,\"name\":\"Pro\u0161lo je 29 godina od pogibije Hrvata u Vi\u0161njica Gaju i po\u010detka otvorene agresije Armije R BiH\"}]},{\"@type\":\"WebSite\",\"@id\":\"https:\\\/\\\/radioljubuski.ba\\\/#website\",\"url\":\"https:\\\/\\\/radioljubuski.ba\\\/\",\"name\":\"Radio Ljubu\u0161ki\",\"description\":\"Sun\u010dana frekvencija Hercegovine\",\"publisher\":{\"@id\":\"https:\\\/\\\/radioljubuski.ba\\\/#organization\"},\"potentialAction\":[{\"@type\":\"SearchAction\",\"target\":{\"@type\":\"EntryPoint\",\"urlTemplate\":\"https:\\\/\\\/radioljubuski.ba\\\/?s={search_term_string}\"},\"query-input\":{\"@type\":\"PropertyValueSpecification\",\"valueRequired\":true,\"valueName\":\"search_term_string\"}}],\"inLanguage\":\"hr\"},{\"@type\":\"Organization\",\"@id\":\"https:\\\/\\\/radioljubuski.ba\\\/#organization\",\"name\":\"Radio Ljubu\u0161ki\",\"url\":\"https:\\\/\\\/radioljubuski.ba\\\/\",\"logo\":{\"@type\":\"ImageObject\",\"inLanguage\":\"hr\",\"@id\":\"https:\\\/\\\/radioljubuski.ba\\\/#\\\/schema\\\/logo\\\/image\\\/\",\"url\":\"https:\\\/\\\/radioljubuski.ba\\\/wp-content\\\/uploads\\\/2021\\\/02\\\/cropped-Radio_Ljubuski_logo1.jpg\",\"contentUrl\":\"https:\\\/\\\/radioljubuski.ba\\\/wp-content\\\/uploads\\\/2021\\\/02\\\/cropped-Radio_Ljubuski_logo1.jpg\",\"width\":512,\"height\":512,\"caption\":\"Radio Ljubu\u0161ki\"},\"image\":{\"@id\":\"https:\\\/\\\/radioljubuski.ba\\\/#\\\/schema\\\/logo\\\/image\\\/\"},\"sameAs\":[\"https:\\\/\\\/www.facebook.com\\\/Radiio-Ljubuski-1490835324566332\",\"https:\\\/\\\/x.com\\\/radioljubuski\",\"https:\\\/\\\/hr.linkedin.com\\\/company\\\/radio-ljubuski\",\"https:\\\/\\\/www.youtube.com\\\/channel\\\/UCHYaeO_n0Db3tjNGudGpXyw\"]},{\"@type\":\"Person\",\"@id\":\"https:\\\/\\\/radioljubuski.ba\\\/#\\\/schema\\\/person\\\/19fc700381a780f69665d7956c469e3b\",\"name\":\"Radio Ljubu\u0161ki\"}]}<\/script>\n<!-- \/ Yoast SEO plugin. -->","yoast_head_json":{"title":"Pro\u0161lo je 29 godina od pogibije Hrvata u Vi\u0161njica Gaju i po\u010detka otvorene agresije Armije R BiH - RADIO LJUBU\u0160KI","robots":{"index":"index","follow":"follow","max-snippet":"max-snippet:-1","max-image-preview":"max-image-preview:large","max-video-preview":"max-video-preview:-1"},"canonical":"https:\/\/radioljubuski.ba\/index.php\/2022\/04\/18\/proslo-je-29-godina-od-pogibije-hrvata-u-visnjica-gaju-i-pocetka-otvorene-agresije-armije-r-bih\/","og_locale":"hr_HR","og_type":"article","og_title":"Pro\u0161lo je 29 godina od pogibije Hrvata u Vi\u0161njica Gaju i po\u010detka otvorene agresije Armije R BiH - RADIO LJUBU\u0160KI","og_description":"Posljednjih dana u medijima slu\u0161amo o slavnoj i \u010dasnoj Armiji R BiH, o jedinoj vojsci \u010diji pripadnici nisu po\u010dinili nikakve zlo\u010dine, planirali ni provodili etni\u010dko \u010di\u0161\u0107enje. Me\u0111u mnogobrojnim primjerima koji pobijaju svaku od navedenih teza su i doga\u0111aji u selu Vi\u0161njica Gaj u Kiseljaku, u kojemu je prije 29 godina Armija R BiH ubila 14- [&hellip;]","og_url":"https:\/\/radioljubuski.ba\/index.php\/2022\/04\/18\/proslo-je-29-godina-od-pogibije-hrvata-u-visnjica-gaju-i-pocetka-otvorene-agresije-armije-r-bih\/","og_site_name":"RADIO LJUBU\u0160KI","article_publisher":"https:\/\/www.facebook.com\/Radiio-Ljubuski-1490835324566332","article_published_time":"2022-04-18T21:20:52+00:00","article_modified_time":"2022-04-18T21:20:53+00:00","og_image":[{"width":820,"height":615,"url":"https:\/\/radioljubuski.ba\/wp-content\/uploads\/2022\/04\/visnjica-misa_1.jpg","type":"image\/jpeg"}],"author":"Radio Ljubu\u0161ki","twitter_card":"summary_large_image","twitter_creator":"@radioljubuski","twitter_site":"@radioljubuski","twitter_misc":{"Napisao\/la":"Radio Ljubu\u0161ki","Procijenjeno vrijeme \u010ditanja":"4 minute"},"schema":{"@context":"https:\/\/schema.org","@graph":[{"@type":"Article","@id":"https:\/\/radioljubuski.ba\/index.php\/2022\/04\/18\/proslo-je-29-godina-od-pogibije-hrvata-u-visnjica-gaju-i-pocetka-otvorene-agresije-armije-r-bih\/#article","isPartOf":{"@id":"https:\/\/radioljubuski.ba\/index.php\/2022\/04\/18\/proslo-je-29-godina-od-pogibije-hrvata-u-visnjica-gaju-i-pocetka-otvorene-agresije-armije-r-bih\/"},"author":{"name":"Radio Ljubu\u0161ki","@id":"https:\/\/radioljubuski.ba\/#\/schema\/person\/19fc700381a780f69665d7956c469e3b"},"headline":"Pro\u0161lo je 29 godina od pogibije Hrvata u Vi\u0161njica Gaju i po\u010detka otvorene agresije Armije R BiH","datePublished":"2022-04-18T21:20:52+00:00","dateModified":"2022-04-18T21:20:53+00:00","mainEntityOfPage":{"@id":"https:\/\/radioljubuski.ba\/index.php\/2022\/04\/18\/proslo-je-29-godina-od-pogibije-hrvata-u-visnjica-gaju-i-pocetka-otvorene-agresije-armije-r-bih\/"},"wordCount":654,"publisher":{"@id":"https:\/\/radioljubuski.ba\/#organization"},"image":{"@id":"https:\/\/radioljubuski.ba\/index.php\/2022\/04\/18\/proslo-je-29-godina-od-pogibije-hrvata-u-visnjica-gaju-i-pocetka-otvorene-agresije-armije-r-bih\/#primaryimage"},"thumbnailUrl":"https:\/\/radioljubuski.ba\/wp-content\/uploads\/2022\/04\/visnjica-misa_1.jpg","articleSection":["BIH i regija"],"inLanguage":"hr"},{"@type":"WebPage","@id":"https:\/\/radioljubuski.ba\/index.php\/2022\/04\/18\/proslo-je-29-godina-od-pogibije-hrvata-u-visnjica-gaju-i-pocetka-otvorene-agresije-armije-r-bih\/","url":"https:\/\/radioljubuski.ba\/index.php\/2022\/04\/18\/proslo-je-29-godina-od-pogibije-hrvata-u-visnjica-gaju-i-pocetka-otvorene-agresije-armije-r-bih\/","name":"Pro\u0161lo je 29 godina od pogibije Hrvata u Vi\u0161njica Gaju i po\u010detka otvorene agresije Armije R BiH - RADIO LJUBU\u0160KI","isPartOf":{"@id":"https:\/\/radioljubuski.ba\/#website"},"primaryImageOfPage":{"@id":"https:\/\/radioljubuski.ba\/index.php\/2022\/04\/18\/proslo-je-29-godina-od-pogibije-hrvata-u-visnjica-gaju-i-pocetka-otvorene-agresije-armije-r-bih\/#primaryimage"},"image":{"@id":"https:\/\/radioljubuski.ba\/index.php\/2022\/04\/18\/proslo-je-29-godina-od-pogibije-hrvata-u-visnjica-gaju-i-pocetka-otvorene-agresije-armije-r-bih\/#primaryimage"},"thumbnailUrl":"https:\/\/radioljubuski.ba\/wp-content\/uploads\/2022\/04\/visnjica-misa_1.jpg","datePublished":"2022-04-18T21:20:52+00:00","dateModified":"2022-04-18T21:20:53+00:00","breadcrumb":{"@id":"https:\/\/radioljubuski.ba\/index.php\/2022\/04\/18\/proslo-je-29-godina-od-pogibije-hrvata-u-visnjica-gaju-i-pocetka-otvorene-agresije-armije-r-bih\/#breadcrumb"},"inLanguage":"hr","potentialAction":[{"@type":"ReadAction","target":["https:\/\/radioljubuski.ba\/index.php\/2022\/04\/18\/proslo-je-29-godina-od-pogibije-hrvata-u-visnjica-gaju-i-pocetka-otvorene-agresije-armije-r-bih\/"]}]},{"@type":"ImageObject","inLanguage":"hr","@id":"https:\/\/radioljubuski.ba\/index.php\/2022\/04\/18\/proslo-je-29-godina-od-pogibije-hrvata-u-visnjica-gaju-i-pocetka-otvorene-agresije-armije-r-bih\/#primaryimage","url":"https:\/\/radioljubuski.ba\/wp-content\/uploads\/2022\/04\/visnjica-misa_1.jpg","contentUrl":"https:\/\/radioljubuski.ba\/wp-content\/uploads\/2022\/04\/visnjica-misa_1.jpg","width":820,"height":615},{"@type":"BreadcrumbList","@id":"https:\/\/radioljubuski.ba\/index.php\/2022\/04\/18\/proslo-je-29-godina-od-pogibije-hrvata-u-visnjica-gaju-i-pocetka-otvorene-agresije-armije-r-bih\/#breadcrumb","itemListElement":[{"@type":"ListItem","position":1,"name":"Po\u010detna stranica","item":"https:\/\/radioljubuski.ba\/"},{"@type":"ListItem","position":2,"name":"Pro\u0161lo je 29 godina od pogibije Hrvata u Vi\u0161njica Gaju i po\u010detka otvorene agresije Armije R BiH"}]},{"@type":"WebSite","@id":"https:\/\/radioljubuski.ba\/#website","url":"https:\/\/radioljubuski.ba\/","name":"Radio Ljubu\u0161ki","description":"Sun\u010dana frekvencija Hercegovine","publisher":{"@id":"https:\/\/radioljubuski.ba\/#organization"},"potentialAction":[{"@type":"SearchAction","target":{"@type":"EntryPoint","urlTemplate":"https:\/\/radioljubuski.ba\/?s={search_term_string}"},"query-input":{"@type":"PropertyValueSpecification","valueRequired":true,"valueName":"search_term_string"}}],"inLanguage":"hr"},{"@type":"Organization","@id":"https:\/\/radioljubuski.ba\/#organization","name":"Radio Ljubu\u0161ki","url":"https:\/\/radioljubuski.ba\/","logo":{"@type":"ImageObject","inLanguage":"hr","@id":"https:\/\/radioljubuski.ba\/#\/schema\/logo\/image\/","url":"https:\/\/radioljubuski.ba\/wp-content\/uploads\/2021\/02\/cropped-Radio_Ljubuski_logo1.jpg","contentUrl":"https:\/\/radioljubuski.ba\/wp-content\/uploads\/2021\/02\/cropped-Radio_Ljubuski_logo1.jpg","width":512,"height":512,"caption":"Radio Ljubu\u0161ki"},"image":{"@id":"https:\/\/radioljubuski.ba\/#\/schema\/logo\/image\/"},"sameAs":["https:\/\/www.facebook.com\/Radiio-Ljubuski-1490835324566332","https:\/\/x.com\/radioljubuski","https:\/\/hr.linkedin.com\/company\/radio-ljubuski","https:\/\/www.youtube.com\/channel\/UCHYaeO_n0Db3tjNGudGpXyw"]},{"@type":"Person","@id":"https:\/\/radioljubuski.ba\/#\/schema\/person\/19fc700381a780f69665d7956c469e3b","name":"Radio Ljubu\u0161ki"}]}},"_links":{"self":[{"href":"https:\/\/radioljubuski.ba\/index.php\/wp-json\/wp\/v2\/posts\/133760","targetHints":{"allow":["GET"]}}],"collection":[{"href":"https:\/\/radioljubuski.ba\/index.php\/wp-json\/wp\/v2\/posts"}],"about":[{"href":"https:\/\/radioljubuski.ba\/index.php\/wp-json\/wp\/v2\/types\/post"}],"author":[{"embeddable":true,"href":"https:\/\/radioljubuski.ba\/index.php\/wp-json\/wp\/v2\/users\/2"}],"replies":[{"embeddable":true,"href":"https:\/\/radioljubuski.ba\/index.php\/wp-json\/wp\/v2\/comments?post=133760"}],"version-history":[{"count":1,"href":"https:\/\/radioljubuski.ba\/index.php\/wp-json\/wp\/v2\/posts\/133760\/revisions"}],"predecessor-version":[{"id":133762,"href":"https:\/\/radioljubuski.ba\/index.php\/wp-json\/wp\/v2\/posts\/133760\/revisions\/133762"}],"wp:featuredmedia":[{"embeddable":true,"href":"https:\/\/radioljubuski.ba\/index.php\/wp-json\/wp\/v2\/media\/133761"}],"wp:attachment":[{"href":"https:\/\/radioljubuski.ba\/index.php\/wp-json\/wp\/v2\/media?parent=133760"}],"wp:term":[{"taxonomy":"category","embeddable":true,"href":"https:\/\/radioljubuski.ba\/index.php\/wp-json\/wp\/v2\/categories?post=133760"},{"taxonomy":"post_tag","embeddable":true,"href":"https:\/\/radioljubuski.ba\/index.php\/wp-json\/wp\/v2\/tags?post=133760"}],"curies":[{"name":"wp","href":"https:\/\/api.w.org\/{rel}","templated":true}]}}