{"id":133763,"date":"2022-04-18T22:22:43","date_gmt":"2022-04-18T21:22:43","guid":{"rendered":"https:\/\/radioljubuski.ba\/?p=133763"},"modified":"2022-04-18T22:22:44","modified_gmt":"2022-04-18T21:22:44","slug":"miljevac-tudman-je-rekao-bez-perkovica-ne-bi-bilo-ni-hdz-a-ni-drzave","status":"publish","type":"post","link":"https:\/\/radioljubuski.ba\/index.php\/2022\/04\/18\/miljevac-tudman-je-rekao-bez-perkovica-ne-bi-bilo-ni-hdz-a-ni-drzave\/","title":{"rendered":"Miljevac: Tu\u0111man je rekao bez Perkovi\u0107a ne bi bilo ni HDZ-a ni dr\u017eave"},"content":{"rendered":"\n<p><strong>Ne sti\u0161avaju se reakcije na pismo umirovljenih hrvatskih generala koji tra\u017ee pomilovanje biv\u0161ih \u0161efova UDBA-e Josipa Perkovi\u0107a i Zdravka Musta\u010da. Jedan od sedmorice potpisnika ve\u0107 je odustao, no s Pantov\u010daka Dnevniku Nove TV poru\u010duju da predsjednik planira razgovarati s generalima.<\/strong><\/p>\n\n\n\n<p>Istodobno, ministar pravosu\u0111a RH Malenica poru\u010dio je da bi pomilovanje bio ozbiljan presedan.<\/p>\n\n\n\n<p>Umjesto sedmorice \u2013 sada su \u0161estorica. Umirovljeni general Kre\u0161imir \u0106osi\u0107 svoj potpis potpore za pomilovanje biv\u0161ih \u0161efova UDBA-e Josipa Perkovi\u0107a i Zdravka Musta\u010da je povukao. \u201cNjegovo pravo, za\u0161to je to uradio. Mnogi se prepla\u0161e odmah\u201d, smatra Pavao Miljevac, umirovljeni general.<\/p>\n\n\n\n<p><strong>\u201cTu\u0111man veli: da nije bilo Perkovi\u0107a ne bi bilo ni mene ni HDZ-a ni dr\u017eave\u201d<\/strong><\/p>\n\n\n\n<p>Za\u0161to je to u\u010dinio, \u0106osi\u0107 danas nije htio poja\u0161njavati. Ostali generali, \u010cermak, Domazet Lo\u0161o i Kre\u0161i\u0107, poru\u010duju da su sve rekli svojim potpisom.<\/p>\n\n\n\n<p>\u201cGospodina Perkovi\u0107a znam od 90-ih godina. Znam \u0161to je radio za uvoz oru\u017eja, znam da je konvoje pratio prema Hercegovini, mnogima je dao putovnice. Tu\u0111man veli \u2018da nije bilo Perkovi\u0107a ne bi bilo ni mene ni HDZ-a ni dr\u017eave\u2019. Ono \u0161to je bilo prije, ja u to ne ulazim\u201d, rekao je Miljevac za Dnevnik Nove TV.<\/p>\n\n\n\n<p>Predaja zahtjeva Ministarstvu pravosu\u0111a najavljena je za utorak. Ono \u0107e sastaviti izvje\u0161\u0107e o molbi s nizom podataka te ga dostaviti predsjedniku Republike.<\/p>\n\n\n\n<p>\/HMS\/<\/p>\n","protected":false},"excerpt":{"rendered":"<p>Ne sti\u0161avaju se reakcije na pismo umirovljenih hrvatskih generala koji tra\u017ee pomilovanje biv\u0161ih \u0161efova UDBA-e Josipa Perkovi\u0107a i Zdravka Musta\u010da. Jedan od sedmorice potpisnika ve\u0107 je odustao, no s Pantov\u010daka Dnevniku Nove TV poru\u010duju da predsjednik planira razgovarati s generalima. Istodobno, ministar pravosu\u0111a RH Malenica poru\u010dio je da bi pomilovanje bio ozbiljan presedan. Umjesto sedmorice [&hellip;]<\/p>\n","protected":false},"author":2,"featured_media":133764,"comment_status":"closed","ping_status":"closed","sticky":false,"template":"","format":"standard","meta":{"h5ap_radio_sources":[],"footnotes":""},"categories":[1],"tags":[],"class_list":["post-133763","post","type-post","status-publish","format-standard","has-post-thumbnail","hentry","category-bihiregija"],"yoast_head":"<!-- This site is optimized with the Yoast SEO plugin v27.4 - https:\/\/yoast.com\/product\/yoast-seo-wordpress\/ -->\n<title>Miljevac: Tu\u0111man je rekao bez Perkovi\u0107a ne bi bilo ni HDZ-a ni dr\u017eave - RADIO LJUBU\u0160KI<\/title>\n<meta name=\"robots\" content=\"index, follow, max-snippet:-1, max-image-preview:large, max-video-preview:-1\" \/>\n<link rel=\"canonical\" href=\"https:\/\/radioljubuski.ba\/index.php\/2022\/04\/18\/miljevac-tudman-je-rekao-bez-perkovica-ne-bi-bilo-ni-hdz-a-ni-drzave\/\" \/>\n<meta property=\"og:locale\" content=\"hr_HR\" \/>\n<meta property=\"og:type\" content=\"article\" \/>\n<meta property=\"og:title\" content=\"Miljevac: Tu\u0111man je rekao bez Perkovi\u0107a ne bi bilo ni HDZ-a ni dr\u017eave - RADIO LJUBU\u0160KI\" \/>\n<meta property=\"og:description\" content=\"Ne sti\u0161avaju se reakcije na pismo umirovljenih hrvatskih generala koji tra\u017ee pomilovanje biv\u0161ih \u0161efova UDBA-e Josipa Perkovi\u0107a i Zdravka Musta\u010da. Jedan od sedmorice potpisnika ve\u0107 je odustao, no s Pantov\u010daka Dnevniku Nove TV poru\u010duju da predsjednik planira razgovarati s generalima. Istodobno, ministar pravosu\u0111a RH Malenica poru\u010dio je da bi pomilovanje bio ozbiljan presedan. Umjesto sedmorice [&hellip;]\" \/>\n<meta property=\"og:url\" content=\"https:\/\/radioljubuski.ba\/index.php\/2022\/04\/18\/miljevac-tudman-je-rekao-bez-perkovica-ne-bi-bilo-ni-hdz-a-ni-drzave\/\" \/>\n<meta property=\"og:site_name\" content=\"RADIO LJUBU\u0160KI\" \/>\n<meta property=\"article:publisher\" content=\"https:\/\/www.facebook.com\/Radiio-Ljubuski-1490835324566332\" \/>\n<meta property=\"article:published_time\" content=\"2022-04-18T21:22:43+00:00\" \/>\n<meta property=\"article:modified_time\" content=\"2022-04-18T21:22:44+00:00\" \/>\n<meta property=\"og:image\" content=\"https:\/\/radioljubuski.ba\/wp-content\/uploads\/2022\/04\/pavao-miljavac-183997-1068x683-1.jpeg\" \/>\n\t<meta property=\"og:image:width\" content=\"1068\" \/>\n\t<meta property=\"og:image:height\" content=\"683\" \/>\n\t<meta property=\"og:image:type\" content=\"image\/jpeg\" \/>\n<meta name=\"author\" content=\"Radio Ljubu\u0161ki\" \/>\n<meta name=\"twitter:card\" content=\"summary_large_image\" \/>\n<meta name=\"twitter:creator\" content=\"@radioljubuski\" \/>\n<meta name=\"twitter:site\" content=\"@radioljubuski\" \/>\n<meta name=\"twitter:label1\" content=\"Napisao\/la\" \/>\n\t<meta name=\"twitter:data1\" content=\"Radio Ljubu\u0161ki\" \/>\n\t<meta name=\"twitter:label2\" content=\"Procijenjeno vrijeme \u010ditanja\" \/>\n\t<meta name=\"twitter:data2\" content=\"1 minuta\" \/>\n<script type=\"application\/ld+json\" class=\"yoast-schema-graph\">{\"@context\":\"https:\\\/\\\/schema.org\",\"@graph\":[{\"@type\":\"Article\",\"@id\":\"https:\\\/\\\/radioljubuski.ba\\\/index.php\\\/2022\\\/04\\\/18\\\/miljevac-tudman-je-rekao-bez-perkovica-ne-bi-bilo-ni-hdz-a-ni-drzave\\\/#article\",\"isPartOf\":{\"@id\":\"https:\\\/\\\/radioljubuski.ba\\\/index.php\\\/2022\\\/04\\\/18\\\/miljevac-tudman-je-rekao-bez-perkovica-ne-bi-bilo-ni-hdz-a-ni-drzave\\\/\"},\"author\":{\"name\":\"Radio Ljubu\u0161ki\",\"@id\":\"https:\\\/\\\/radioljubuski.ba\\\/#\\\/schema\\\/person\\\/19fc700381a780f69665d7956c469e3b\"},\"headline\":\"Miljevac: Tu\u0111man je rekao bez Perkovi\u0107a ne bi bilo ni HDZ-a ni dr\u017eave\",\"datePublished\":\"2022-04-18T21:22:43+00:00\",\"dateModified\":\"2022-04-18T21:22:44+00:00\",\"mainEntityOfPage\":{\"@id\":\"https:\\\/\\\/radioljubuski.ba\\\/index.php\\\/2022\\\/04\\\/18\\\/miljevac-tudman-je-rekao-bez-perkovica-ne-bi-bilo-ni-hdz-a-ni-drzave\\\/\"},\"wordCount\":256,\"publisher\":{\"@id\":\"https:\\\/\\\/radioljubuski.ba\\\/#organization\"},\"image\":{\"@id\":\"https:\\\/\\\/radioljubuski.ba\\\/index.php\\\/2022\\\/04\\\/18\\\/miljevac-tudman-je-rekao-bez-perkovica-ne-bi-bilo-ni-hdz-a-ni-drzave\\\/#primaryimage\"},\"thumbnailUrl\":\"https:\\\/\\\/radioljubuski.ba\\\/wp-content\\\/uploads\\\/2022\\\/04\\\/pavao-miljavac-183997-1068x683-1.jpeg\",\"articleSection\":[\"BIH i regija\"],\"inLanguage\":\"hr\"},{\"@type\":\"WebPage\",\"@id\":\"https:\\\/\\\/radioljubuski.ba\\\/index.php\\\/2022\\\/04\\\/18\\\/miljevac-tudman-je-rekao-bez-perkovica-ne-bi-bilo-ni-hdz-a-ni-drzave\\\/\",\"url\":\"https:\\\/\\\/radioljubuski.ba\\\/index.php\\\/2022\\\/04\\\/18\\\/miljevac-tudman-je-rekao-bez-perkovica-ne-bi-bilo-ni-hdz-a-ni-drzave\\\/\",\"name\":\"Miljevac: Tu\u0111man je rekao bez Perkovi\u0107a ne bi bilo ni HDZ-a ni dr\u017eave - RADIO LJUBU\u0160KI\",\"isPartOf\":{\"@id\":\"https:\\\/\\\/radioljubuski.ba\\\/#website\"},\"primaryImageOfPage\":{\"@id\":\"https:\\\/\\\/radioljubuski.ba\\\/index.php\\\/2022\\\/04\\\/18\\\/miljevac-tudman-je-rekao-bez-perkovica-ne-bi-bilo-ni-hdz-a-ni-drzave\\\/#primaryimage\"},\"image\":{\"@id\":\"https:\\\/\\\/radioljubuski.ba\\\/index.php\\\/2022\\\/04\\\/18\\\/miljevac-tudman-je-rekao-bez-perkovica-ne-bi-bilo-ni-hdz-a-ni-drzave\\\/#primaryimage\"},\"thumbnailUrl\":\"https:\\\/\\\/radioljubuski.ba\\\/wp-content\\\/uploads\\\/2022\\\/04\\\/pavao-miljavac-183997-1068x683-1.jpeg\",\"datePublished\":\"2022-04-18T21:22:43+00:00\",\"dateModified\":\"2022-04-18T21:22:44+00:00\",\"breadcrumb\":{\"@id\":\"https:\\\/\\\/radioljubuski.ba\\\/index.php\\\/2022\\\/04\\\/18\\\/miljevac-tudman-je-rekao-bez-perkovica-ne-bi-bilo-ni-hdz-a-ni-drzave\\\/#breadcrumb\"},\"inLanguage\":\"hr\",\"potentialAction\":[{\"@type\":\"ReadAction\",\"target\":[\"https:\\\/\\\/radioljubuski.ba\\\/index.php\\\/2022\\\/04\\\/18\\\/miljevac-tudman-je-rekao-bez-perkovica-ne-bi-bilo-ni-hdz-a-ni-drzave\\\/\"]}]},{\"@type\":\"ImageObject\",\"inLanguage\":\"hr\",\"@id\":\"https:\\\/\\\/radioljubuski.ba\\\/index.php\\\/2022\\\/04\\\/18\\\/miljevac-tudman-je-rekao-bez-perkovica-ne-bi-bilo-ni-hdz-a-ni-drzave\\\/#primaryimage\",\"url\":\"https:\\\/\\\/radioljubuski.ba\\\/wp-content\\\/uploads\\\/2022\\\/04\\\/pavao-miljavac-183997-1068x683-1.jpeg\",\"contentUrl\":\"https:\\\/\\\/radioljubuski.ba\\\/wp-content\\\/uploads\\\/2022\\\/04\\\/pavao-miljavac-183997-1068x683-1.jpeg\",\"width\":1068,\"height\":683},{\"@type\":\"BreadcrumbList\",\"@id\":\"https:\\\/\\\/radioljubuski.ba\\\/index.php\\\/2022\\\/04\\\/18\\\/miljevac-tudman-je-rekao-bez-perkovica-ne-bi-bilo-ni-hdz-a-ni-drzave\\\/#breadcrumb\",\"itemListElement\":[{\"@type\":\"ListItem\",\"position\":1,\"name\":\"Po\u010detna stranica\",\"item\":\"https:\\\/\\\/radioljubuski.ba\\\/\"},{\"@type\":\"ListItem\",\"position\":2,\"name\":\"Miljevac: Tu\u0111man je rekao bez Perkovi\u0107a ne bi bilo ni HDZ-a ni dr\u017eave\"}]},{\"@type\":\"WebSite\",\"@id\":\"https:\\\/\\\/radioljubuski.ba\\\/#website\",\"url\":\"https:\\\/\\\/radioljubuski.ba\\\/\",\"name\":\"Radio Ljubu\u0161ki\",\"description\":\"Sun\u010dana frekvencija Hercegovine\",\"publisher\":{\"@id\":\"https:\\\/\\\/radioljubuski.ba\\\/#organization\"},\"potentialAction\":[{\"@type\":\"SearchAction\",\"target\":{\"@type\":\"EntryPoint\",\"urlTemplate\":\"https:\\\/\\\/radioljubuski.ba\\\/?s={search_term_string}\"},\"query-input\":{\"@type\":\"PropertyValueSpecification\",\"valueRequired\":true,\"valueName\":\"search_term_string\"}}],\"inLanguage\":\"hr\"},{\"@type\":\"Organization\",\"@id\":\"https:\\\/\\\/radioljubuski.ba\\\/#organization\",\"name\":\"Radio Ljubu\u0161ki\",\"url\":\"https:\\\/\\\/radioljubuski.ba\\\/\",\"logo\":{\"@type\":\"ImageObject\",\"inLanguage\":\"hr\",\"@id\":\"https:\\\/\\\/radioljubuski.ba\\\/#\\\/schema\\\/logo\\\/image\\\/\",\"url\":\"https:\\\/\\\/radioljubuski.ba\\\/wp-content\\\/uploads\\\/2021\\\/02\\\/cropped-Radio_Ljubuski_logo1.jpg\",\"contentUrl\":\"https:\\\/\\\/radioljubuski.ba\\\/wp-content\\\/uploads\\\/2021\\\/02\\\/cropped-Radio_Ljubuski_logo1.jpg\",\"width\":512,\"height\":512,\"caption\":\"Radio Ljubu\u0161ki\"},\"image\":{\"@id\":\"https:\\\/\\\/radioljubuski.ba\\\/#\\\/schema\\\/logo\\\/image\\\/\"},\"sameAs\":[\"https:\\\/\\\/www.facebook.com\\\/Radiio-Ljubuski-1490835324566332\",\"https:\\\/\\\/x.com\\\/radioljubuski\",\"https:\\\/\\\/hr.linkedin.com\\\/company\\\/radio-ljubuski\",\"https:\\\/\\\/www.youtube.com\\\/channel\\\/UCHYaeO_n0Db3tjNGudGpXyw\"]},{\"@type\":\"Person\",\"@id\":\"https:\\\/\\\/radioljubuski.ba\\\/#\\\/schema\\\/person\\\/19fc700381a780f69665d7956c469e3b\",\"name\":\"Radio Ljubu\u0161ki\"}]}<\/script>\n<!-- \/ Yoast SEO plugin. -->","yoast_head_json":{"title":"Miljevac: Tu\u0111man je rekao bez Perkovi\u0107a ne bi bilo ni HDZ-a ni dr\u017eave - RADIO LJUBU\u0160KI","robots":{"index":"index","follow":"follow","max-snippet":"max-snippet:-1","max-image-preview":"max-image-preview:large","max-video-preview":"max-video-preview:-1"},"canonical":"https:\/\/radioljubuski.ba\/index.php\/2022\/04\/18\/miljevac-tudman-je-rekao-bez-perkovica-ne-bi-bilo-ni-hdz-a-ni-drzave\/","og_locale":"hr_HR","og_type":"article","og_title":"Miljevac: Tu\u0111man je rekao bez Perkovi\u0107a ne bi bilo ni HDZ-a ni dr\u017eave - RADIO LJUBU\u0160KI","og_description":"Ne sti\u0161avaju se reakcije na pismo umirovljenih hrvatskih generala koji tra\u017ee pomilovanje biv\u0161ih \u0161efova UDBA-e Josipa Perkovi\u0107a i Zdravka Musta\u010da. Jedan od sedmorice potpisnika ve\u0107 je odustao, no s Pantov\u010daka Dnevniku Nove TV poru\u010duju da predsjednik planira razgovarati s generalima. Istodobno, ministar pravosu\u0111a RH Malenica poru\u010dio je da bi pomilovanje bio ozbiljan presedan. Umjesto sedmorice [&hellip;]","og_url":"https:\/\/radioljubuski.ba\/index.php\/2022\/04\/18\/miljevac-tudman-je-rekao-bez-perkovica-ne-bi-bilo-ni-hdz-a-ni-drzave\/","og_site_name":"RADIO LJUBU\u0160KI","article_publisher":"https:\/\/www.facebook.com\/Radiio-Ljubuski-1490835324566332","article_published_time":"2022-04-18T21:22:43+00:00","article_modified_time":"2022-04-18T21:22:44+00:00","og_image":[{"width":1068,"height":683,"url":"https:\/\/radioljubuski.ba\/wp-content\/uploads\/2022\/04\/pavao-miljavac-183997-1068x683-1.jpeg","type":"image\/jpeg"}],"author":"Radio Ljubu\u0161ki","twitter_card":"summary_large_image","twitter_creator":"@radioljubuski","twitter_site":"@radioljubuski","twitter_misc":{"Napisao\/la":"Radio Ljubu\u0161ki","Procijenjeno vrijeme \u010ditanja":"1 minuta"},"schema":{"@context":"https:\/\/schema.org","@graph":[{"@type":"Article","@id":"https:\/\/radioljubuski.ba\/index.php\/2022\/04\/18\/miljevac-tudman-je-rekao-bez-perkovica-ne-bi-bilo-ni-hdz-a-ni-drzave\/#article","isPartOf":{"@id":"https:\/\/radioljubuski.ba\/index.php\/2022\/04\/18\/miljevac-tudman-je-rekao-bez-perkovica-ne-bi-bilo-ni-hdz-a-ni-drzave\/"},"author":{"name":"Radio Ljubu\u0161ki","@id":"https:\/\/radioljubuski.ba\/#\/schema\/person\/19fc700381a780f69665d7956c469e3b"},"headline":"Miljevac: Tu\u0111man je rekao bez Perkovi\u0107a ne bi bilo ni HDZ-a ni dr\u017eave","datePublished":"2022-04-18T21:22:43+00:00","dateModified":"2022-04-18T21:22:44+00:00","mainEntityOfPage":{"@id":"https:\/\/radioljubuski.ba\/index.php\/2022\/04\/18\/miljevac-tudman-je-rekao-bez-perkovica-ne-bi-bilo-ni-hdz-a-ni-drzave\/"},"wordCount":256,"publisher":{"@id":"https:\/\/radioljubuski.ba\/#organization"},"image":{"@id":"https:\/\/radioljubuski.ba\/index.php\/2022\/04\/18\/miljevac-tudman-je-rekao-bez-perkovica-ne-bi-bilo-ni-hdz-a-ni-drzave\/#primaryimage"},"thumbnailUrl":"https:\/\/radioljubuski.ba\/wp-content\/uploads\/2022\/04\/pavao-miljavac-183997-1068x683-1.jpeg","articleSection":["BIH i regija"],"inLanguage":"hr"},{"@type":"WebPage","@id":"https:\/\/radioljubuski.ba\/index.php\/2022\/04\/18\/miljevac-tudman-je-rekao-bez-perkovica-ne-bi-bilo-ni-hdz-a-ni-drzave\/","url":"https:\/\/radioljubuski.ba\/index.php\/2022\/04\/18\/miljevac-tudman-je-rekao-bez-perkovica-ne-bi-bilo-ni-hdz-a-ni-drzave\/","name":"Miljevac: Tu\u0111man je rekao bez Perkovi\u0107a ne bi bilo ni HDZ-a ni dr\u017eave - RADIO LJUBU\u0160KI","isPartOf":{"@id":"https:\/\/radioljubuski.ba\/#website"},"primaryImageOfPage":{"@id":"https:\/\/radioljubuski.ba\/index.php\/2022\/04\/18\/miljevac-tudman-je-rekao-bez-perkovica-ne-bi-bilo-ni-hdz-a-ni-drzave\/#primaryimage"},"image":{"@id":"https:\/\/radioljubuski.ba\/index.php\/2022\/04\/18\/miljevac-tudman-je-rekao-bez-perkovica-ne-bi-bilo-ni-hdz-a-ni-drzave\/#primaryimage"},"thumbnailUrl":"https:\/\/radioljubuski.ba\/wp-content\/uploads\/2022\/04\/pavao-miljavac-183997-1068x683-1.jpeg","datePublished":"2022-04-18T21:22:43+00:00","dateModified":"2022-04-18T21:22:44+00:00","breadcrumb":{"@id":"https:\/\/radioljubuski.ba\/index.php\/2022\/04\/18\/miljevac-tudman-je-rekao-bez-perkovica-ne-bi-bilo-ni-hdz-a-ni-drzave\/#breadcrumb"},"inLanguage":"hr","potentialAction":[{"@type":"ReadAction","target":["https:\/\/radioljubuski.ba\/index.php\/2022\/04\/18\/miljevac-tudman-je-rekao-bez-perkovica-ne-bi-bilo-ni-hdz-a-ni-drzave\/"]}]},{"@type":"ImageObject","inLanguage":"hr","@id":"https:\/\/radioljubuski.ba\/index.php\/2022\/04\/18\/miljevac-tudman-je-rekao-bez-perkovica-ne-bi-bilo-ni-hdz-a-ni-drzave\/#primaryimage","url":"https:\/\/radioljubuski.ba\/wp-content\/uploads\/2022\/04\/pavao-miljavac-183997-1068x683-1.jpeg","contentUrl":"https:\/\/radioljubuski.ba\/wp-content\/uploads\/2022\/04\/pavao-miljavac-183997-1068x683-1.jpeg","width":1068,"height":683},{"@type":"BreadcrumbList","@id":"https:\/\/radioljubuski.ba\/index.php\/2022\/04\/18\/miljevac-tudman-je-rekao-bez-perkovica-ne-bi-bilo-ni-hdz-a-ni-drzave\/#breadcrumb","itemListElement":[{"@type":"ListItem","position":1,"name":"Po\u010detna stranica","item":"https:\/\/radioljubuski.ba\/"},{"@type":"ListItem","position":2,"name":"Miljevac: Tu\u0111man je rekao bez Perkovi\u0107a ne bi bilo ni HDZ-a ni dr\u017eave"}]},{"@type":"WebSite","@id":"https:\/\/radioljubuski.ba\/#website","url":"https:\/\/radioljubuski.ba\/","name":"Radio Ljubu\u0161ki","description":"Sun\u010dana frekvencija Hercegovine","publisher":{"@id":"https:\/\/radioljubuski.ba\/#organization"},"potentialAction":[{"@type":"SearchAction","target":{"@type":"EntryPoint","urlTemplate":"https:\/\/radioljubuski.ba\/?s={search_term_string}"},"query-input":{"@type":"PropertyValueSpecification","valueRequired":true,"valueName":"search_term_string"}}],"inLanguage":"hr"},{"@type":"Organization","@id":"https:\/\/radioljubuski.ba\/#organization","name":"Radio Ljubu\u0161ki","url":"https:\/\/radioljubuski.ba\/","logo":{"@type":"ImageObject","inLanguage":"hr","@id":"https:\/\/radioljubuski.ba\/#\/schema\/logo\/image\/","url":"https:\/\/radioljubuski.ba\/wp-content\/uploads\/2021\/02\/cropped-Radio_Ljubuski_logo1.jpg","contentUrl":"https:\/\/radioljubuski.ba\/wp-content\/uploads\/2021\/02\/cropped-Radio_Ljubuski_logo1.jpg","width":512,"height":512,"caption":"Radio Ljubu\u0161ki"},"image":{"@id":"https:\/\/radioljubuski.ba\/#\/schema\/logo\/image\/"},"sameAs":["https:\/\/www.facebook.com\/Radiio-Ljubuski-1490835324566332","https:\/\/x.com\/radioljubuski","https:\/\/hr.linkedin.com\/company\/radio-ljubuski","https:\/\/www.youtube.com\/channel\/UCHYaeO_n0Db3tjNGudGpXyw"]},{"@type":"Person","@id":"https:\/\/radioljubuski.ba\/#\/schema\/person\/19fc700381a780f69665d7956c469e3b","name":"Radio Ljubu\u0161ki"}]}},"_links":{"self":[{"href":"https:\/\/radioljubuski.ba\/index.php\/wp-json\/wp\/v2\/posts\/133763","targetHints":{"allow":["GET"]}}],"collection":[{"href":"https:\/\/radioljubuski.ba\/index.php\/wp-json\/wp\/v2\/posts"}],"about":[{"href":"https:\/\/radioljubuski.ba\/index.php\/wp-json\/wp\/v2\/types\/post"}],"author":[{"embeddable":true,"href":"https:\/\/radioljubuski.ba\/index.php\/wp-json\/wp\/v2\/users\/2"}],"replies":[{"embeddable":true,"href":"https:\/\/radioljubuski.ba\/index.php\/wp-json\/wp\/v2\/comments?post=133763"}],"version-history":[{"count":1,"href":"https:\/\/radioljubuski.ba\/index.php\/wp-json\/wp\/v2\/posts\/133763\/revisions"}],"predecessor-version":[{"id":133765,"href":"https:\/\/radioljubuski.ba\/index.php\/wp-json\/wp\/v2\/posts\/133763\/revisions\/133765"}],"wp:featuredmedia":[{"embeddable":true,"href":"https:\/\/radioljubuski.ba\/index.php\/wp-json\/wp\/v2\/media\/133764"}],"wp:attachment":[{"href":"https:\/\/radioljubuski.ba\/index.php\/wp-json\/wp\/v2\/media?parent=133763"}],"wp:term":[{"taxonomy":"category","embeddable":true,"href":"https:\/\/radioljubuski.ba\/index.php\/wp-json\/wp\/v2\/categories?post=133763"},{"taxonomy":"post_tag","embeddable":true,"href":"https:\/\/radioljubuski.ba\/index.php\/wp-json\/wp\/v2\/tags?post=133763"}],"curies":[{"name":"wp","href":"https:\/\/api.w.org\/{rel}","templated":true}]}}