{"id":133766,"date":"2022-04-18T22:23:52","date_gmt":"2022-04-18T21:23:52","guid":{"rendered":"https:\/\/radioljubuski.ba\/?p=133766"},"modified":"2022-04-18T22:23:53","modified_gmt":"2022-04-18T21:23:53","slug":"glasnovic-tko-bi-vjerovao-da-ce-hrvatski-casnici-braniti-komunisticki-kalifat","status":"publish","type":"post","link":"https:\/\/radioljubuski.ba\/index.php\/2022\/04\/18\/glasnovic-tko-bi-vjerovao-da-ce-hrvatski-casnici-braniti-komunisticki-kalifat\/","title":{"rendered":"Glasnovi\u0107: Tko bi vjerovao da \u0107e \u201chrvatski \u010dasnici\u201d braniti komunisti\u010dki kalifat"},"content":{"rendered":"\n<p><strong>Biv\u0161i saborski zastupnik \u017deljko Glasnovi\u0107 na Facebooku je komentirao zahtjev vi\u0161e hrvatskih generala iz Domovinskog rata za pomilovanjem Josipa Perkovi\u0107a i Zdravka Musta\u010da.<\/strong><\/p>\n\n\n\n<p>Odvjetnik Anto Nobilo, kao pravni zastupnika Perkovi\u0107a i Musta\u010da najavio je prije nekoliko dana kako \u0107e uputiti molbu predsjedniku Milanovi\u0107u da ih pomiluje, a to su pismo potpisali i umirovljeni generali Ante Gotovina, Ivan \u010cermak, Ljubo \u0106esi\u0107 Rojs, Pavao Miljavac, Davor Domazet Lo\u0161o te Marinko Kre\u0161i\u0107. Marinko Kre\u0161i\u0107 naknadno je povukao svoj potpis. Jo\u0161 ranije oko potpisa se predomislio i general Kre\u0161imir \u010cosi\u0107.<\/p>\n\n\n\n<p>\u017deljko Glasnovi\u0107 u objavi na Facebooku \u017eestoko je prozvao potpisnike.<\/p>\n\n\n\n<p>\u201cTko bi vjerovao da \u0107e nakon 30 godina od svr\u0161etka Domovinskog rata neki \u201chrvatski \u010dasnici\u201d braniti udba\u0161ko komunisti\u010dki kalifat koji danas dr\u017ei Hrvatsku u povijesnoj tami i u ropstvu.<\/p>\n\n\n\n<p>Koga predstavljaju ti ljudi? Oni koji su nekada branili Domovinu od tog propalog sustava, sada svojim sramotnim zahtjevom brane taj isti propali sustav tra\u017ee\u0107i pomilovanje udba\u0161a koji su svjesno za vrijeme Jugoslavije zatvarali i ubijali Hrvate samo zato jer su voljeli Hrvatsku i kritizirali komunizam, dok u isto vrijeme ni\u0161ta nisu poduzeli za heroje Domovinskog rata koji su nevini umirali i jo\u0161 uvijek umiru po zatvorima\u201d, po\u010dinje Glasnovi\u0107 svoju objavu.<\/p>\n\n\n\n<p><strong>\u201c\u0160to mo\u017eemo o\u010dekivati sljede\u0107e?\u201d<\/strong><\/p>\n\n\n\n<p>\u201c\u0160to mo\u017eemo o\u010dekivati sljede\u0107e? Ho\u0107e li mo\u017eda ti takozvani generali u budu\u0107nosti s \u0111avoljim odvjetnikom Antom Nobilom formirati stranku Militantnih ateista pa onda skupa s Toma\u0161evi\u0107em lobirati da se vrati natrag Trg mar\u0161ala Tita?<\/p>\n\n\n\n<p>Prisjetimo se jo\u0161 jednom \u0161to je Bavarski sud zaklju\u010dio i izjavio nakon slu\u010daja Lex Perkovi\u0107: \u201cHrvatska ne razlikuje dobro od zla. Politi\u010dka pitanja jo\u0161 rje\u0161avaju biv\u0161i komunisti\u010dki funkcioneri, u medijima su tuma\u010denja prepu\u0161tena biv\u0161im komunisti\u010dkim propagandistima, a u dr\u017eavnim institucijama odluke donose kadrovi \u010dije su percepcije lojalnosti formirane u zagrljaju Partije i UDBE\u201d\u201d, pi\u0161e biv\u0161i saborski zastupnik.<\/p>\n\n\n\n<p>\u201cZar nas netko drugi treba u\u010diti na\u0161oj povijesti? Oni koji ne pamte i ne u\u010de iz svoje pro\u0161losti ne samo da \u0107e ih ta pro\u0161lost ponovno susti\u0107i nego \u0107e raditi iste pogre\u0161ke i u bliskoj budu\u0107nosti.<\/p>\n\n\n\n<p>Priklju\u010duju\u0107i se jugoslavenskom trojanskom konju o\u010dito je da su oni ili povijesno nepismeni ili su totalno duhovno ispra\u017enjeni. Njihov mentalni sklop je izgleda ostao s druge strane Berlinskog zida. Zna li itko od tih \u201chrvatskih \u010dasnika\u201d tko je mala Rosemarie \u0160evo? Kad je itko od njih osudio ubojstva koja je provodio Manoli\u0107, ili prozvao masovne ubojice Hrvata kao sto su Belini\u0107, Boljkovac i drugi?<\/p>\n\n\n\n<p>\u010cekaju li oni da umru svi masovni ubojice Hrvata da bi tad digli svoj glas ili \u0107e ih i tada \u0161tititi i nadalje onako kako ih danas \u0161tite?\u201d, pita se Glasnovi\u0107.<\/p>\n\n\n\n<p><strong>Ka\u017ee kako se \u010dini da je njihov motiv u ratu bio vlastiti interes<\/strong><\/p>\n\n\n\n<p>\u201cOvim \u010dinom su takozvani \u010dasnici valorizirali i amnestirali sustav koji je predao hrvatsku dr\u017eavnost Beogradu \u201945 god. i izru\u010dio hrvatski narod najkrvavijoj tiraniji na ovom podru\u010dju.<\/p>\n\n\n\n<p>Na kraju ostaje samo jedno pitanje, za \u0161to i protiv koga su se oni borili u Domovinskom ratu? Izgleda da je na\u017ealost njihov jedini motiv bio isklju\u010divo osobni interes\u201d, pi\u0161e.<\/p>\n\n\n\n<p>\/HMS\/<\/p>\n","protected":false},"excerpt":{"rendered":"<p>Biv\u0161i saborski zastupnik \u017deljko Glasnovi\u0107 na Facebooku je komentirao zahtjev vi\u0161e hrvatskih generala iz Domovinskog rata za pomilovanjem Josipa Perkovi\u0107a i Zdravka Musta\u010da. Odvjetnik Anto Nobilo, kao pravni zastupnika Perkovi\u0107a i Musta\u010da najavio je prije nekoliko dana kako \u0107e uputiti molbu predsjedniku Milanovi\u0107u da ih pomiluje, a to su pismo potpisali i umirovljeni generali Ante [&hellip;]<\/p>\n","protected":false},"author":2,"featured_media":133767,"comment_status":"closed","ping_status":"closed","sticky":false,"template":"","format":"standard","meta":{"h5ap_radio_sources":[],"footnotes":""},"categories":[1],"tags":[],"class_list":["post-133766","post","type-post","status-publish","format-standard","has-post-thumbnail","hentry","category-bihiregija"],"yoast_head":"<!-- This site is optimized with the Yoast SEO plugin v27.4 - https:\/\/yoast.com\/product\/yoast-seo-wordpress\/ -->\n<title>Glasnovi\u0107: Tko bi vjerovao da \u0107e \u201chrvatski \u010dasnici\u201d braniti komunisti\u010dki kalifat - RADIO LJUBU\u0160KI<\/title>\n<meta name=\"robots\" content=\"index, follow, max-snippet:-1, max-image-preview:large, max-video-preview:-1\" \/>\n<link rel=\"canonical\" href=\"https:\/\/radioljubuski.ba\/index.php\/2022\/04\/18\/glasnovic-tko-bi-vjerovao-da-ce-hrvatski-casnici-braniti-komunisticki-kalifat\/\" \/>\n<meta property=\"og:locale\" content=\"hr_HR\" \/>\n<meta property=\"og:type\" content=\"article\" \/>\n<meta property=\"og:title\" content=\"Glasnovi\u0107: Tko bi vjerovao da \u0107e \u201chrvatski \u010dasnici\u201d braniti komunisti\u010dki kalifat - RADIO LJUBU\u0160KI\" \/>\n<meta property=\"og:description\" content=\"Biv\u0161i saborski zastupnik \u017deljko Glasnovi\u0107 na Facebooku je komentirao zahtjev vi\u0161e hrvatskih generala iz Domovinskog rata za pomilovanjem Josipa Perkovi\u0107a i Zdravka Musta\u010da. Odvjetnik Anto Nobilo, kao pravni zastupnika Perkovi\u0107a i Musta\u010da najavio je prije nekoliko dana kako \u0107e uputiti molbu predsjedniku Milanovi\u0107u da ih pomiluje, a to su pismo potpisali i umirovljeni generali Ante [&hellip;]\" \/>\n<meta property=\"og:url\" content=\"https:\/\/radioljubuski.ba\/index.php\/2022\/04\/18\/glasnovic-tko-bi-vjerovao-da-ce-hrvatski-casnici-braniti-komunisticki-kalifat\/\" \/>\n<meta property=\"og:site_name\" content=\"RADIO LJUBU\u0160KI\" \/>\n<meta property=\"article:publisher\" content=\"https:\/\/www.facebook.com\/Radiio-Ljubuski-1490835324566332\" \/>\n<meta property=\"article:published_time\" content=\"2022-04-18T21:23:52+00:00\" \/>\n<meta property=\"article:modified_time\" content=\"2022-04-18T21:23:53+00:00\" \/>\n<meta property=\"og:image\" content=\"https:\/\/radioljubuski.ba\/wp-content\/uploads\/2022\/04\/glasnovic_0.png\" \/>\n\t<meta property=\"og:image:width\" content=\"840\" \/>\n\t<meta property=\"og:image:height\" content=\"470\" \/>\n\t<meta property=\"og:image:type\" content=\"image\/png\" \/>\n<meta name=\"author\" content=\"Radio Ljubu\u0161ki\" \/>\n<meta name=\"twitter:card\" content=\"summary_large_image\" \/>\n<meta name=\"twitter:creator\" content=\"@radioljubuski\" \/>\n<meta name=\"twitter:site\" content=\"@radioljubuski\" \/>\n<meta name=\"twitter:label1\" content=\"Napisao\/la\" \/>\n\t<meta name=\"twitter:data1\" content=\"Radio Ljubu\u0161ki\" \/>\n\t<meta name=\"twitter:label2\" content=\"Procijenjeno vrijeme \u010ditanja\" \/>\n\t<meta name=\"twitter:data2\" content=\"3 minute\" \/>\n<script type=\"application\/ld+json\" class=\"yoast-schema-graph\">{\"@context\":\"https:\\\/\\\/schema.org\",\"@graph\":[{\"@type\":\"Article\",\"@id\":\"https:\\\/\\\/radioljubuski.ba\\\/index.php\\\/2022\\\/04\\\/18\\\/glasnovic-tko-bi-vjerovao-da-ce-hrvatski-casnici-braniti-komunisticki-kalifat\\\/#article\",\"isPartOf\":{\"@id\":\"https:\\\/\\\/radioljubuski.ba\\\/index.php\\\/2022\\\/04\\\/18\\\/glasnovic-tko-bi-vjerovao-da-ce-hrvatski-casnici-braniti-komunisticki-kalifat\\\/\"},\"author\":{\"name\":\"Radio Ljubu\u0161ki\",\"@id\":\"https:\\\/\\\/radioljubuski.ba\\\/#\\\/schema\\\/person\\\/19fc700381a780f69665d7956c469e3b\"},\"headline\":\"Glasnovi\u0107: Tko bi vjerovao da \u0107e \u201chrvatski \u010dasnici\u201d braniti komunisti\u010dki kalifat\",\"datePublished\":\"2022-04-18T21:23:52+00:00\",\"dateModified\":\"2022-04-18T21:23:53+00:00\",\"mainEntityOfPage\":{\"@id\":\"https:\\\/\\\/radioljubuski.ba\\\/index.php\\\/2022\\\/04\\\/18\\\/glasnovic-tko-bi-vjerovao-da-ce-hrvatski-casnici-braniti-komunisticki-kalifat\\\/\"},\"wordCount\":565,\"publisher\":{\"@id\":\"https:\\\/\\\/radioljubuski.ba\\\/#organization\"},\"image\":{\"@id\":\"https:\\\/\\\/radioljubuski.ba\\\/index.php\\\/2022\\\/04\\\/18\\\/glasnovic-tko-bi-vjerovao-da-ce-hrvatski-casnici-braniti-komunisticki-kalifat\\\/#primaryimage\"},\"thumbnailUrl\":\"https:\\\/\\\/radioljubuski.ba\\\/wp-content\\\/uploads\\\/2022\\\/04\\\/glasnovic_0.png\",\"articleSection\":[\"BIH i regija\"],\"inLanguage\":\"hr\"},{\"@type\":\"WebPage\",\"@id\":\"https:\\\/\\\/radioljubuski.ba\\\/index.php\\\/2022\\\/04\\\/18\\\/glasnovic-tko-bi-vjerovao-da-ce-hrvatski-casnici-braniti-komunisticki-kalifat\\\/\",\"url\":\"https:\\\/\\\/radioljubuski.ba\\\/index.php\\\/2022\\\/04\\\/18\\\/glasnovic-tko-bi-vjerovao-da-ce-hrvatski-casnici-braniti-komunisticki-kalifat\\\/\",\"name\":\"Glasnovi\u0107: Tko bi vjerovao da \u0107e \u201chrvatski \u010dasnici\u201d braniti komunisti\u010dki kalifat - RADIO LJUBU\u0160KI\",\"isPartOf\":{\"@id\":\"https:\\\/\\\/radioljubuski.ba\\\/#website\"},\"primaryImageOfPage\":{\"@id\":\"https:\\\/\\\/radioljubuski.ba\\\/index.php\\\/2022\\\/04\\\/18\\\/glasnovic-tko-bi-vjerovao-da-ce-hrvatski-casnici-braniti-komunisticki-kalifat\\\/#primaryimage\"},\"image\":{\"@id\":\"https:\\\/\\\/radioljubuski.ba\\\/index.php\\\/2022\\\/04\\\/18\\\/glasnovic-tko-bi-vjerovao-da-ce-hrvatski-casnici-braniti-komunisticki-kalifat\\\/#primaryimage\"},\"thumbnailUrl\":\"https:\\\/\\\/radioljubuski.ba\\\/wp-content\\\/uploads\\\/2022\\\/04\\\/glasnovic_0.png\",\"datePublished\":\"2022-04-18T21:23:52+00:00\",\"dateModified\":\"2022-04-18T21:23:53+00:00\",\"breadcrumb\":{\"@id\":\"https:\\\/\\\/radioljubuski.ba\\\/index.php\\\/2022\\\/04\\\/18\\\/glasnovic-tko-bi-vjerovao-da-ce-hrvatski-casnici-braniti-komunisticki-kalifat\\\/#breadcrumb\"},\"inLanguage\":\"hr\",\"potentialAction\":[{\"@type\":\"ReadAction\",\"target\":[\"https:\\\/\\\/radioljubuski.ba\\\/index.php\\\/2022\\\/04\\\/18\\\/glasnovic-tko-bi-vjerovao-da-ce-hrvatski-casnici-braniti-komunisticki-kalifat\\\/\"]}]},{\"@type\":\"ImageObject\",\"inLanguage\":\"hr\",\"@id\":\"https:\\\/\\\/radioljubuski.ba\\\/index.php\\\/2022\\\/04\\\/18\\\/glasnovic-tko-bi-vjerovao-da-ce-hrvatski-casnici-braniti-komunisticki-kalifat\\\/#primaryimage\",\"url\":\"https:\\\/\\\/radioljubuski.ba\\\/wp-content\\\/uploads\\\/2022\\\/04\\\/glasnovic_0.png\",\"contentUrl\":\"https:\\\/\\\/radioljubuski.ba\\\/wp-content\\\/uploads\\\/2022\\\/04\\\/glasnovic_0.png\",\"width\":840,\"height\":470},{\"@type\":\"BreadcrumbList\",\"@id\":\"https:\\\/\\\/radioljubuski.ba\\\/index.php\\\/2022\\\/04\\\/18\\\/glasnovic-tko-bi-vjerovao-da-ce-hrvatski-casnici-braniti-komunisticki-kalifat\\\/#breadcrumb\",\"itemListElement\":[{\"@type\":\"ListItem\",\"position\":1,\"name\":\"Po\u010detna stranica\",\"item\":\"https:\\\/\\\/radioljubuski.ba\\\/\"},{\"@type\":\"ListItem\",\"position\":2,\"name\":\"Glasnovi\u0107: Tko bi vjerovao da \u0107e \u201chrvatski \u010dasnici\u201d braniti komunisti\u010dki kalifat\"}]},{\"@type\":\"WebSite\",\"@id\":\"https:\\\/\\\/radioljubuski.ba\\\/#website\",\"url\":\"https:\\\/\\\/radioljubuski.ba\\\/\",\"name\":\"Radio Ljubu\u0161ki\",\"description\":\"Sun\u010dana frekvencija Hercegovine\",\"publisher\":{\"@id\":\"https:\\\/\\\/radioljubuski.ba\\\/#organization\"},\"potentialAction\":[{\"@type\":\"SearchAction\",\"target\":{\"@type\":\"EntryPoint\",\"urlTemplate\":\"https:\\\/\\\/radioljubuski.ba\\\/?s={search_term_string}\"},\"query-input\":{\"@type\":\"PropertyValueSpecification\",\"valueRequired\":true,\"valueName\":\"search_term_string\"}}],\"inLanguage\":\"hr\"},{\"@type\":\"Organization\",\"@id\":\"https:\\\/\\\/radioljubuski.ba\\\/#organization\",\"name\":\"Radio Ljubu\u0161ki\",\"url\":\"https:\\\/\\\/radioljubuski.ba\\\/\",\"logo\":{\"@type\":\"ImageObject\",\"inLanguage\":\"hr\",\"@id\":\"https:\\\/\\\/radioljubuski.ba\\\/#\\\/schema\\\/logo\\\/image\\\/\",\"url\":\"https:\\\/\\\/radioljubuski.ba\\\/wp-content\\\/uploads\\\/2021\\\/02\\\/cropped-Radio_Ljubuski_logo1.jpg\",\"contentUrl\":\"https:\\\/\\\/radioljubuski.ba\\\/wp-content\\\/uploads\\\/2021\\\/02\\\/cropped-Radio_Ljubuski_logo1.jpg\",\"width\":512,\"height\":512,\"caption\":\"Radio Ljubu\u0161ki\"},\"image\":{\"@id\":\"https:\\\/\\\/radioljubuski.ba\\\/#\\\/schema\\\/logo\\\/image\\\/\"},\"sameAs\":[\"https:\\\/\\\/www.facebook.com\\\/Radiio-Ljubuski-1490835324566332\",\"https:\\\/\\\/x.com\\\/radioljubuski\",\"https:\\\/\\\/hr.linkedin.com\\\/company\\\/radio-ljubuski\",\"https:\\\/\\\/www.youtube.com\\\/channel\\\/UCHYaeO_n0Db3tjNGudGpXyw\"]},{\"@type\":\"Person\",\"@id\":\"https:\\\/\\\/radioljubuski.ba\\\/#\\\/schema\\\/person\\\/19fc700381a780f69665d7956c469e3b\",\"name\":\"Radio Ljubu\u0161ki\"}]}<\/script>\n<!-- \/ Yoast SEO plugin. -->","yoast_head_json":{"title":"Glasnovi\u0107: Tko bi vjerovao da \u0107e \u201chrvatski \u010dasnici\u201d braniti komunisti\u010dki kalifat - RADIO LJUBU\u0160KI","robots":{"index":"index","follow":"follow","max-snippet":"max-snippet:-1","max-image-preview":"max-image-preview:large","max-video-preview":"max-video-preview:-1"},"canonical":"https:\/\/radioljubuski.ba\/index.php\/2022\/04\/18\/glasnovic-tko-bi-vjerovao-da-ce-hrvatski-casnici-braniti-komunisticki-kalifat\/","og_locale":"hr_HR","og_type":"article","og_title":"Glasnovi\u0107: Tko bi vjerovao da \u0107e \u201chrvatski \u010dasnici\u201d braniti komunisti\u010dki kalifat - RADIO LJUBU\u0160KI","og_description":"Biv\u0161i saborski zastupnik \u017deljko Glasnovi\u0107 na Facebooku je komentirao zahtjev vi\u0161e hrvatskih generala iz Domovinskog rata za pomilovanjem Josipa Perkovi\u0107a i Zdravka Musta\u010da. Odvjetnik Anto Nobilo, kao pravni zastupnika Perkovi\u0107a i Musta\u010da najavio je prije nekoliko dana kako \u0107e uputiti molbu predsjedniku Milanovi\u0107u da ih pomiluje, a to su pismo potpisali i umirovljeni generali Ante [&hellip;]","og_url":"https:\/\/radioljubuski.ba\/index.php\/2022\/04\/18\/glasnovic-tko-bi-vjerovao-da-ce-hrvatski-casnici-braniti-komunisticki-kalifat\/","og_site_name":"RADIO LJUBU\u0160KI","article_publisher":"https:\/\/www.facebook.com\/Radiio-Ljubuski-1490835324566332","article_published_time":"2022-04-18T21:23:52+00:00","article_modified_time":"2022-04-18T21:23:53+00:00","og_image":[{"width":840,"height":470,"url":"https:\/\/radioljubuski.ba\/wp-content\/uploads\/2022\/04\/glasnovic_0.png","type":"image\/png"}],"author":"Radio Ljubu\u0161ki","twitter_card":"summary_large_image","twitter_creator":"@radioljubuski","twitter_site":"@radioljubuski","twitter_misc":{"Napisao\/la":"Radio Ljubu\u0161ki","Procijenjeno vrijeme \u010ditanja":"3 minute"},"schema":{"@context":"https:\/\/schema.org","@graph":[{"@type":"Article","@id":"https:\/\/radioljubuski.ba\/index.php\/2022\/04\/18\/glasnovic-tko-bi-vjerovao-da-ce-hrvatski-casnici-braniti-komunisticki-kalifat\/#article","isPartOf":{"@id":"https:\/\/radioljubuski.ba\/index.php\/2022\/04\/18\/glasnovic-tko-bi-vjerovao-da-ce-hrvatski-casnici-braniti-komunisticki-kalifat\/"},"author":{"name":"Radio Ljubu\u0161ki","@id":"https:\/\/radioljubuski.ba\/#\/schema\/person\/19fc700381a780f69665d7956c469e3b"},"headline":"Glasnovi\u0107: Tko bi vjerovao da \u0107e \u201chrvatski \u010dasnici\u201d braniti komunisti\u010dki kalifat","datePublished":"2022-04-18T21:23:52+00:00","dateModified":"2022-04-18T21:23:53+00:00","mainEntityOfPage":{"@id":"https:\/\/radioljubuski.ba\/index.php\/2022\/04\/18\/glasnovic-tko-bi-vjerovao-da-ce-hrvatski-casnici-braniti-komunisticki-kalifat\/"},"wordCount":565,"publisher":{"@id":"https:\/\/radioljubuski.ba\/#organization"},"image":{"@id":"https:\/\/radioljubuski.ba\/index.php\/2022\/04\/18\/glasnovic-tko-bi-vjerovao-da-ce-hrvatski-casnici-braniti-komunisticki-kalifat\/#primaryimage"},"thumbnailUrl":"https:\/\/radioljubuski.ba\/wp-content\/uploads\/2022\/04\/glasnovic_0.png","articleSection":["BIH i regija"],"inLanguage":"hr"},{"@type":"WebPage","@id":"https:\/\/radioljubuski.ba\/index.php\/2022\/04\/18\/glasnovic-tko-bi-vjerovao-da-ce-hrvatski-casnici-braniti-komunisticki-kalifat\/","url":"https:\/\/radioljubuski.ba\/index.php\/2022\/04\/18\/glasnovic-tko-bi-vjerovao-da-ce-hrvatski-casnici-braniti-komunisticki-kalifat\/","name":"Glasnovi\u0107: Tko bi vjerovao da \u0107e \u201chrvatski \u010dasnici\u201d braniti komunisti\u010dki kalifat - RADIO LJUBU\u0160KI","isPartOf":{"@id":"https:\/\/radioljubuski.ba\/#website"},"primaryImageOfPage":{"@id":"https:\/\/radioljubuski.ba\/index.php\/2022\/04\/18\/glasnovic-tko-bi-vjerovao-da-ce-hrvatski-casnici-braniti-komunisticki-kalifat\/#primaryimage"},"image":{"@id":"https:\/\/radioljubuski.ba\/index.php\/2022\/04\/18\/glasnovic-tko-bi-vjerovao-da-ce-hrvatski-casnici-braniti-komunisticki-kalifat\/#primaryimage"},"thumbnailUrl":"https:\/\/radioljubuski.ba\/wp-content\/uploads\/2022\/04\/glasnovic_0.png","datePublished":"2022-04-18T21:23:52+00:00","dateModified":"2022-04-18T21:23:53+00:00","breadcrumb":{"@id":"https:\/\/radioljubuski.ba\/index.php\/2022\/04\/18\/glasnovic-tko-bi-vjerovao-da-ce-hrvatski-casnici-braniti-komunisticki-kalifat\/#breadcrumb"},"inLanguage":"hr","potentialAction":[{"@type":"ReadAction","target":["https:\/\/radioljubuski.ba\/index.php\/2022\/04\/18\/glasnovic-tko-bi-vjerovao-da-ce-hrvatski-casnici-braniti-komunisticki-kalifat\/"]}]},{"@type":"ImageObject","inLanguage":"hr","@id":"https:\/\/radioljubuski.ba\/index.php\/2022\/04\/18\/glasnovic-tko-bi-vjerovao-da-ce-hrvatski-casnici-braniti-komunisticki-kalifat\/#primaryimage","url":"https:\/\/radioljubuski.ba\/wp-content\/uploads\/2022\/04\/glasnovic_0.png","contentUrl":"https:\/\/radioljubuski.ba\/wp-content\/uploads\/2022\/04\/glasnovic_0.png","width":840,"height":470},{"@type":"BreadcrumbList","@id":"https:\/\/radioljubuski.ba\/index.php\/2022\/04\/18\/glasnovic-tko-bi-vjerovao-da-ce-hrvatski-casnici-braniti-komunisticki-kalifat\/#breadcrumb","itemListElement":[{"@type":"ListItem","position":1,"name":"Po\u010detna stranica","item":"https:\/\/radioljubuski.ba\/"},{"@type":"ListItem","position":2,"name":"Glasnovi\u0107: Tko bi vjerovao da \u0107e \u201chrvatski \u010dasnici\u201d braniti komunisti\u010dki kalifat"}]},{"@type":"WebSite","@id":"https:\/\/radioljubuski.ba\/#website","url":"https:\/\/radioljubuski.ba\/","name":"Radio Ljubu\u0161ki","description":"Sun\u010dana frekvencija Hercegovine","publisher":{"@id":"https:\/\/radioljubuski.ba\/#organization"},"potentialAction":[{"@type":"SearchAction","target":{"@type":"EntryPoint","urlTemplate":"https:\/\/radioljubuski.ba\/?s={search_term_string}"},"query-input":{"@type":"PropertyValueSpecification","valueRequired":true,"valueName":"search_term_string"}}],"inLanguage":"hr"},{"@type":"Organization","@id":"https:\/\/radioljubuski.ba\/#organization","name":"Radio Ljubu\u0161ki","url":"https:\/\/radioljubuski.ba\/","logo":{"@type":"ImageObject","inLanguage":"hr","@id":"https:\/\/radioljubuski.ba\/#\/schema\/logo\/image\/","url":"https:\/\/radioljubuski.ba\/wp-content\/uploads\/2021\/02\/cropped-Radio_Ljubuski_logo1.jpg","contentUrl":"https:\/\/radioljubuski.ba\/wp-content\/uploads\/2021\/02\/cropped-Radio_Ljubuski_logo1.jpg","width":512,"height":512,"caption":"Radio Ljubu\u0161ki"},"image":{"@id":"https:\/\/radioljubuski.ba\/#\/schema\/logo\/image\/"},"sameAs":["https:\/\/www.facebook.com\/Radiio-Ljubuski-1490835324566332","https:\/\/x.com\/radioljubuski","https:\/\/hr.linkedin.com\/company\/radio-ljubuski","https:\/\/www.youtube.com\/channel\/UCHYaeO_n0Db3tjNGudGpXyw"]},{"@type":"Person","@id":"https:\/\/radioljubuski.ba\/#\/schema\/person\/19fc700381a780f69665d7956c469e3b","name":"Radio Ljubu\u0161ki"}]}},"_links":{"self":[{"href":"https:\/\/radioljubuski.ba\/index.php\/wp-json\/wp\/v2\/posts\/133766","targetHints":{"allow":["GET"]}}],"collection":[{"href":"https:\/\/radioljubuski.ba\/index.php\/wp-json\/wp\/v2\/posts"}],"about":[{"href":"https:\/\/radioljubuski.ba\/index.php\/wp-json\/wp\/v2\/types\/post"}],"author":[{"embeddable":true,"href":"https:\/\/radioljubuski.ba\/index.php\/wp-json\/wp\/v2\/users\/2"}],"replies":[{"embeddable":true,"href":"https:\/\/radioljubuski.ba\/index.php\/wp-json\/wp\/v2\/comments?post=133766"}],"version-history":[{"count":1,"href":"https:\/\/radioljubuski.ba\/index.php\/wp-json\/wp\/v2\/posts\/133766\/revisions"}],"predecessor-version":[{"id":133768,"href":"https:\/\/radioljubuski.ba\/index.php\/wp-json\/wp\/v2\/posts\/133766\/revisions\/133768"}],"wp:featuredmedia":[{"embeddable":true,"href":"https:\/\/radioljubuski.ba\/index.php\/wp-json\/wp\/v2\/media\/133767"}],"wp:attachment":[{"href":"https:\/\/radioljubuski.ba\/index.php\/wp-json\/wp\/v2\/media?parent=133766"}],"wp:term":[{"taxonomy":"category","embeddable":true,"href":"https:\/\/radioljubuski.ba\/index.php\/wp-json\/wp\/v2\/categories?post=133766"},{"taxonomy":"post_tag","embeddable":true,"href":"https:\/\/radioljubuski.ba\/index.php\/wp-json\/wp\/v2\/tags?post=133766"}],"curies":[{"name":"wp","href":"https:\/\/api.w.org\/{rel}","templated":true}]}}