{"id":133771,"date":"2022-04-18T22:26:53","date_gmt":"2022-04-18T21:26:53","guid":{"rendered":"https:\/\/radioljubuski.ba\/?p=133771"},"modified":"2022-04-18T22:26:54","modified_gmt":"2022-04-18T21:26:54","slug":"brigada-azov-krecemo-u-protunapad","status":"publish","type":"post","link":"https:\/\/radioljubuski.ba\/index.php\/2022\/04\/18\/brigada-azov-krecemo-u-protunapad\/","title":{"rendered":"Brigada Azov: Kre\u0107emo u protunapad"},"content":{"rendered":"\n<p><strong>Ruska vojska danas je u\u0161la u isto\u010dni grad Kreminu, a pod ruskom paljbom je obli\u017enji grad Rubi\u017ene, prenosi agencija France Presse. Ukrajinsko ministarstvo obrane je objavilo da je situacija u Mariupolju, luci na Azovskom moru koja je pod opsadom ruskih snaga, ekstremno te\u0161ka, no da se grad jo\u0161 brani.<\/strong><\/p>\n\n\n\n<p>\u201cTijekom no\u0107i se dogodio velik napad\u201d, objavio je guverner Luhanska Sergej Gajdaj na svojoj Facebook stranici, dodav\u0161i kako je ruska vojska u\u0161la u Kreminu s velikom koli\u010dinom te\u0161kog naoru\u017eanja, a da su se Ukrajinci povukli na nove polo\u017eaje.<\/p>\n\n\n\n<p>Kremina je grad s oko 18 tisu\u0107a ljudi smje\u0161ten na pola puta izme\u0111u Luhanska i Kramatorska, ukrajinske prijestolnice Donbasa i jedne od glavnih ruskih meta u regiji.<\/p>\n\n\n\n<p><strong>Mariupolj se bori<\/strong><\/p>\n\n\n\n<p>Borci Azova objavili su danas da kre\u0107u u protunapad.<\/p>\n\n\n\n<p>\u201cObrana Mariupolja se nastavlja. Unato\u010d nadmo\u0107nim snagama neprijatelja borci pukovnije Azov kre\u0107u u protunapad\u201d, napisali su.<\/p>\n\n\n\n<p>Moskva je ranije objavila da je preuzela kontrolu nad tim ju\u017enim lu\u010dkim gradom nakon gotovo dva mjeseca krvavih borbi.<\/p>\n\n\n\n<p>Nakon \u0161to nije uspjela svladati ukrajinski otpor na sjeveru, ruska vojska je preusmjerila kopnenu ofenzivu na Donbas, istodobno pokrenuv\u0161i napade s velike udaljenosti na druge ciljeve, uklju\u010duju\u0107i glavni grad Kijev.<\/p>\n\n\n\n<p>Rusija je u subotu priop\u0107ila da ima kontrolu u urbanim podru\u010djima, a neki ukrajinski borci ostali su u \u010deli\u010dani Azovstal.<\/p>\n\n\n\n<p>Zauzimanje Mariupolja, glavne luke u regiji Donbas, bilo bi strate\u0161ka nagrada za Rusiju, povezuju\u0107i teritorij koji dr\u017ee proruski separatisti na istoku s regijom Krim koja je anektirana Moskvi 2014. godine.<\/p>\n\n\n\n<p>\/Hina\/HMS\/<\/p>\n","protected":false},"excerpt":{"rendered":"<p>Ruska vojska danas je u\u0161la u isto\u010dni grad Kreminu, a pod ruskom paljbom je obli\u017enji grad Rubi\u017ene, prenosi agencija France Presse. Ukrajinsko ministarstvo obrane je objavilo da je situacija u Mariupolju, luci na Azovskom moru koja je pod opsadom ruskih snaga, ekstremno te\u0161ka, no da se grad jo\u0161 brani. \u201cTijekom no\u0107i se dogodio velik napad\u201d, [&hellip;]<\/p>\n","protected":false},"author":2,"featured_media":133772,"comment_status":"closed","ping_status":"closed","sticky":false,"template":"","format":"standard","meta":{"h5ap_radio_sources":[],"footnotes":""},"categories":[1],"tags":[],"class_list":["post-133771","post","type-post","status-publish","format-standard","has-post-thumbnail","hentry","category-bihiregija"],"yoast_head":"<!-- This site is optimized with the Yoast SEO plugin v27.4 - https:\/\/yoast.com\/product\/yoast-seo-wordpress\/ -->\n<title>Brigada Azov: Kre\u0107emo u protunapad - RADIO LJUBU\u0160KI<\/title>\n<meta name=\"robots\" content=\"index, follow, max-snippet:-1, max-image-preview:large, max-video-preview:-1\" \/>\n<link rel=\"canonical\" href=\"https:\/\/radioljubuski.ba\/index.php\/2022\/04\/18\/brigada-azov-krecemo-u-protunapad\/\" \/>\n<meta property=\"og:locale\" content=\"hr_HR\" \/>\n<meta property=\"og:type\" content=\"article\" \/>\n<meta property=\"og:title\" content=\"Brigada Azov: Kre\u0107emo u protunapad - RADIO LJUBU\u0160KI\" \/>\n<meta property=\"og:description\" content=\"Ruska vojska danas je u\u0161la u isto\u010dni grad Kreminu, a pod ruskom paljbom je obli\u017enji grad Rubi\u017ene, prenosi agencija France Presse. Ukrajinsko ministarstvo obrane je objavilo da je situacija u Mariupolju, luci na Azovskom moru koja je pod opsadom ruskih snaga, ekstremno te\u0161ka, no da se grad jo\u0161 brani. \u201cTijekom no\u0107i se dogodio velik napad\u201d, [&hellip;]\" \/>\n<meta property=\"og:url\" content=\"https:\/\/radioljubuski.ba\/index.php\/2022\/04\/18\/brigada-azov-krecemo-u-protunapad\/\" \/>\n<meta property=\"og:site_name\" content=\"RADIO LJUBU\u0160KI\" \/>\n<meta property=\"article:publisher\" content=\"https:\/\/www.facebook.com\/Radiio-Ljubuski-1490835324566332\" \/>\n<meta property=\"article:published_time\" content=\"2022-04-18T21:26:53+00:00\" \/>\n<meta property=\"article:modified_time\" content=\"2022-04-18T21:26:54+00:00\" \/>\n<meta property=\"og:image\" content=\"https:\/\/radioljubuski.ba\/wp-content\/uploads\/2022\/04\/AZOV-pukovnija.png\" \/>\n\t<meta property=\"og:image:width\" content=\"952\" \/>\n\t<meta property=\"og:image:height\" content=\"499\" \/>\n\t<meta property=\"og:image:type\" content=\"image\/png\" \/>\n<meta name=\"author\" content=\"Radio Ljubu\u0161ki\" \/>\n<meta name=\"twitter:card\" content=\"summary_large_image\" \/>\n<meta name=\"twitter:creator\" content=\"@radioljubuski\" \/>\n<meta name=\"twitter:site\" content=\"@radioljubuski\" \/>\n<meta name=\"twitter:label1\" content=\"Napisao\/la\" \/>\n\t<meta name=\"twitter:data1\" content=\"Radio Ljubu\u0161ki\" \/>\n\t<meta name=\"twitter:label2\" content=\"Procijenjeno vrijeme \u010ditanja\" \/>\n\t<meta name=\"twitter:data2\" content=\"2 minute\" \/>\n<script type=\"application\/ld+json\" class=\"yoast-schema-graph\">{\"@context\":\"https:\\\/\\\/schema.org\",\"@graph\":[{\"@type\":\"Article\",\"@id\":\"https:\\\/\\\/radioljubuski.ba\\\/index.php\\\/2022\\\/04\\\/18\\\/brigada-azov-krecemo-u-protunapad\\\/#article\",\"isPartOf\":{\"@id\":\"https:\\\/\\\/radioljubuski.ba\\\/index.php\\\/2022\\\/04\\\/18\\\/brigada-azov-krecemo-u-protunapad\\\/\"},\"author\":{\"name\":\"Radio Ljubu\u0161ki\",\"@id\":\"https:\\\/\\\/radioljubuski.ba\\\/#\\\/schema\\\/person\\\/19fc700381a780f69665d7956c469e3b\"},\"headline\":\"Brigada Azov: Kre\u0107emo u protunapad\",\"datePublished\":\"2022-04-18T21:26:53+00:00\",\"dateModified\":\"2022-04-18T21:26:54+00:00\",\"mainEntityOfPage\":{\"@id\":\"https:\\\/\\\/radioljubuski.ba\\\/index.php\\\/2022\\\/04\\\/18\\\/brigada-azov-krecemo-u-protunapad\\\/\"},\"wordCount\":276,\"publisher\":{\"@id\":\"https:\\\/\\\/radioljubuski.ba\\\/#organization\"},\"image\":{\"@id\":\"https:\\\/\\\/radioljubuski.ba\\\/index.php\\\/2022\\\/04\\\/18\\\/brigada-azov-krecemo-u-protunapad\\\/#primaryimage\"},\"thumbnailUrl\":\"https:\\\/\\\/radioljubuski.ba\\\/wp-content\\\/uploads\\\/2022\\\/04\\\/AZOV-pukovnija.png\",\"articleSection\":[\"BIH i regija\"],\"inLanguage\":\"hr\"},{\"@type\":\"WebPage\",\"@id\":\"https:\\\/\\\/radioljubuski.ba\\\/index.php\\\/2022\\\/04\\\/18\\\/brigada-azov-krecemo-u-protunapad\\\/\",\"url\":\"https:\\\/\\\/radioljubuski.ba\\\/index.php\\\/2022\\\/04\\\/18\\\/brigada-azov-krecemo-u-protunapad\\\/\",\"name\":\"Brigada Azov: Kre\u0107emo u protunapad - RADIO LJUBU\u0160KI\",\"isPartOf\":{\"@id\":\"https:\\\/\\\/radioljubuski.ba\\\/#website\"},\"primaryImageOfPage\":{\"@id\":\"https:\\\/\\\/radioljubuski.ba\\\/index.php\\\/2022\\\/04\\\/18\\\/brigada-azov-krecemo-u-protunapad\\\/#primaryimage\"},\"image\":{\"@id\":\"https:\\\/\\\/radioljubuski.ba\\\/index.php\\\/2022\\\/04\\\/18\\\/brigada-azov-krecemo-u-protunapad\\\/#primaryimage\"},\"thumbnailUrl\":\"https:\\\/\\\/radioljubuski.ba\\\/wp-content\\\/uploads\\\/2022\\\/04\\\/AZOV-pukovnija.png\",\"datePublished\":\"2022-04-18T21:26:53+00:00\",\"dateModified\":\"2022-04-18T21:26:54+00:00\",\"breadcrumb\":{\"@id\":\"https:\\\/\\\/radioljubuski.ba\\\/index.php\\\/2022\\\/04\\\/18\\\/brigada-azov-krecemo-u-protunapad\\\/#breadcrumb\"},\"inLanguage\":\"hr\",\"potentialAction\":[{\"@type\":\"ReadAction\",\"target\":[\"https:\\\/\\\/radioljubuski.ba\\\/index.php\\\/2022\\\/04\\\/18\\\/brigada-azov-krecemo-u-protunapad\\\/\"]}]},{\"@type\":\"ImageObject\",\"inLanguage\":\"hr\",\"@id\":\"https:\\\/\\\/radioljubuski.ba\\\/index.php\\\/2022\\\/04\\\/18\\\/brigada-azov-krecemo-u-protunapad\\\/#primaryimage\",\"url\":\"https:\\\/\\\/radioljubuski.ba\\\/wp-content\\\/uploads\\\/2022\\\/04\\\/AZOV-pukovnija.png\",\"contentUrl\":\"https:\\\/\\\/radioljubuski.ba\\\/wp-content\\\/uploads\\\/2022\\\/04\\\/AZOV-pukovnija.png\",\"width\":952,\"height\":499},{\"@type\":\"BreadcrumbList\",\"@id\":\"https:\\\/\\\/radioljubuski.ba\\\/index.php\\\/2022\\\/04\\\/18\\\/brigada-azov-krecemo-u-protunapad\\\/#breadcrumb\",\"itemListElement\":[{\"@type\":\"ListItem\",\"position\":1,\"name\":\"Po\u010detna stranica\",\"item\":\"https:\\\/\\\/radioljubuski.ba\\\/\"},{\"@type\":\"ListItem\",\"position\":2,\"name\":\"Brigada Azov: Kre\u0107emo u protunapad\"}]},{\"@type\":\"WebSite\",\"@id\":\"https:\\\/\\\/radioljubuski.ba\\\/#website\",\"url\":\"https:\\\/\\\/radioljubuski.ba\\\/\",\"name\":\"Radio Ljubu\u0161ki\",\"description\":\"Sun\u010dana frekvencija Hercegovine\",\"publisher\":{\"@id\":\"https:\\\/\\\/radioljubuski.ba\\\/#organization\"},\"potentialAction\":[{\"@type\":\"SearchAction\",\"target\":{\"@type\":\"EntryPoint\",\"urlTemplate\":\"https:\\\/\\\/radioljubuski.ba\\\/?s={search_term_string}\"},\"query-input\":{\"@type\":\"PropertyValueSpecification\",\"valueRequired\":true,\"valueName\":\"search_term_string\"}}],\"inLanguage\":\"hr\"},{\"@type\":\"Organization\",\"@id\":\"https:\\\/\\\/radioljubuski.ba\\\/#organization\",\"name\":\"Radio Ljubu\u0161ki\",\"url\":\"https:\\\/\\\/radioljubuski.ba\\\/\",\"logo\":{\"@type\":\"ImageObject\",\"inLanguage\":\"hr\",\"@id\":\"https:\\\/\\\/radioljubuski.ba\\\/#\\\/schema\\\/logo\\\/image\\\/\",\"url\":\"https:\\\/\\\/radioljubuski.ba\\\/wp-content\\\/uploads\\\/2021\\\/02\\\/cropped-Radio_Ljubuski_logo1.jpg\",\"contentUrl\":\"https:\\\/\\\/radioljubuski.ba\\\/wp-content\\\/uploads\\\/2021\\\/02\\\/cropped-Radio_Ljubuski_logo1.jpg\",\"width\":512,\"height\":512,\"caption\":\"Radio Ljubu\u0161ki\"},\"image\":{\"@id\":\"https:\\\/\\\/radioljubuski.ba\\\/#\\\/schema\\\/logo\\\/image\\\/\"},\"sameAs\":[\"https:\\\/\\\/www.facebook.com\\\/Radiio-Ljubuski-1490835324566332\",\"https:\\\/\\\/x.com\\\/radioljubuski\",\"https:\\\/\\\/hr.linkedin.com\\\/company\\\/radio-ljubuski\",\"https:\\\/\\\/www.youtube.com\\\/channel\\\/UCHYaeO_n0Db3tjNGudGpXyw\"]},{\"@type\":\"Person\",\"@id\":\"https:\\\/\\\/radioljubuski.ba\\\/#\\\/schema\\\/person\\\/19fc700381a780f69665d7956c469e3b\",\"name\":\"Radio Ljubu\u0161ki\"}]}<\/script>\n<!-- \/ Yoast SEO plugin. -->","yoast_head_json":{"title":"Brigada Azov: Kre\u0107emo u protunapad - RADIO LJUBU\u0160KI","robots":{"index":"index","follow":"follow","max-snippet":"max-snippet:-1","max-image-preview":"max-image-preview:large","max-video-preview":"max-video-preview:-1"},"canonical":"https:\/\/radioljubuski.ba\/index.php\/2022\/04\/18\/brigada-azov-krecemo-u-protunapad\/","og_locale":"hr_HR","og_type":"article","og_title":"Brigada Azov: Kre\u0107emo u protunapad - RADIO LJUBU\u0160KI","og_description":"Ruska vojska danas je u\u0161la u isto\u010dni grad Kreminu, a pod ruskom paljbom je obli\u017enji grad Rubi\u017ene, prenosi agencija France Presse. Ukrajinsko ministarstvo obrane je objavilo da je situacija u Mariupolju, luci na Azovskom moru koja je pod opsadom ruskih snaga, ekstremno te\u0161ka, no da se grad jo\u0161 brani. \u201cTijekom no\u0107i se dogodio velik napad\u201d, [&hellip;]","og_url":"https:\/\/radioljubuski.ba\/index.php\/2022\/04\/18\/brigada-azov-krecemo-u-protunapad\/","og_site_name":"RADIO LJUBU\u0160KI","article_publisher":"https:\/\/www.facebook.com\/Radiio-Ljubuski-1490835324566332","article_published_time":"2022-04-18T21:26:53+00:00","article_modified_time":"2022-04-18T21:26:54+00:00","og_image":[{"width":952,"height":499,"url":"https:\/\/radioljubuski.ba\/wp-content\/uploads\/2022\/04\/AZOV-pukovnija.png","type":"image\/png"}],"author":"Radio Ljubu\u0161ki","twitter_card":"summary_large_image","twitter_creator":"@radioljubuski","twitter_site":"@radioljubuski","twitter_misc":{"Napisao\/la":"Radio Ljubu\u0161ki","Procijenjeno vrijeme \u010ditanja":"2 minute"},"schema":{"@context":"https:\/\/schema.org","@graph":[{"@type":"Article","@id":"https:\/\/radioljubuski.ba\/index.php\/2022\/04\/18\/brigada-azov-krecemo-u-protunapad\/#article","isPartOf":{"@id":"https:\/\/radioljubuski.ba\/index.php\/2022\/04\/18\/brigada-azov-krecemo-u-protunapad\/"},"author":{"name":"Radio Ljubu\u0161ki","@id":"https:\/\/radioljubuski.ba\/#\/schema\/person\/19fc700381a780f69665d7956c469e3b"},"headline":"Brigada Azov: Kre\u0107emo u protunapad","datePublished":"2022-04-18T21:26:53+00:00","dateModified":"2022-04-18T21:26:54+00:00","mainEntityOfPage":{"@id":"https:\/\/radioljubuski.ba\/index.php\/2022\/04\/18\/brigada-azov-krecemo-u-protunapad\/"},"wordCount":276,"publisher":{"@id":"https:\/\/radioljubuski.ba\/#organization"},"image":{"@id":"https:\/\/radioljubuski.ba\/index.php\/2022\/04\/18\/brigada-azov-krecemo-u-protunapad\/#primaryimage"},"thumbnailUrl":"https:\/\/radioljubuski.ba\/wp-content\/uploads\/2022\/04\/AZOV-pukovnija.png","articleSection":["BIH i regija"],"inLanguage":"hr"},{"@type":"WebPage","@id":"https:\/\/radioljubuski.ba\/index.php\/2022\/04\/18\/brigada-azov-krecemo-u-protunapad\/","url":"https:\/\/radioljubuski.ba\/index.php\/2022\/04\/18\/brigada-azov-krecemo-u-protunapad\/","name":"Brigada Azov: Kre\u0107emo u protunapad - RADIO LJUBU\u0160KI","isPartOf":{"@id":"https:\/\/radioljubuski.ba\/#website"},"primaryImageOfPage":{"@id":"https:\/\/radioljubuski.ba\/index.php\/2022\/04\/18\/brigada-azov-krecemo-u-protunapad\/#primaryimage"},"image":{"@id":"https:\/\/radioljubuski.ba\/index.php\/2022\/04\/18\/brigada-azov-krecemo-u-protunapad\/#primaryimage"},"thumbnailUrl":"https:\/\/radioljubuski.ba\/wp-content\/uploads\/2022\/04\/AZOV-pukovnija.png","datePublished":"2022-04-18T21:26:53+00:00","dateModified":"2022-04-18T21:26:54+00:00","breadcrumb":{"@id":"https:\/\/radioljubuski.ba\/index.php\/2022\/04\/18\/brigada-azov-krecemo-u-protunapad\/#breadcrumb"},"inLanguage":"hr","potentialAction":[{"@type":"ReadAction","target":["https:\/\/radioljubuski.ba\/index.php\/2022\/04\/18\/brigada-azov-krecemo-u-protunapad\/"]}]},{"@type":"ImageObject","inLanguage":"hr","@id":"https:\/\/radioljubuski.ba\/index.php\/2022\/04\/18\/brigada-azov-krecemo-u-protunapad\/#primaryimage","url":"https:\/\/radioljubuski.ba\/wp-content\/uploads\/2022\/04\/AZOV-pukovnija.png","contentUrl":"https:\/\/radioljubuski.ba\/wp-content\/uploads\/2022\/04\/AZOV-pukovnija.png","width":952,"height":499},{"@type":"BreadcrumbList","@id":"https:\/\/radioljubuski.ba\/index.php\/2022\/04\/18\/brigada-azov-krecemo-u-protunapad\/#breadcrumb","itemListElement":[{"@type":"ListItem","position":1,"name":"Po\u010detna stranica","item":"https:\/\/radioljubuski.ba\/"},{"@type":"ListItem","position":2,"name":"Brigada Azov: Kre\u0107emo u protunapad"}]},{"@type":"WebSite","@id":"https:\/\/radioljubuski.ba\/#website","url":"https:\/\/radioljubuski.ba\/","name":"Radio Ljubu\u0161ki","description":"Sun\u010dana frekvencija Hercegovine","publisher":{"@id":"https:\/\/radioljubuski.ba\/#organization"},"potentialAction":[{"@type":"SearchAction","target":{"@type":"EntryPoint","urlTemplate":"https:\/\/radioljubuski.ba\/?s={search_term_string}"},"query-input":{"@type":"PropertyValueSpecification","valueRequired":true,"valueName":"search_term_string"}}],"inLanguage":"hr"},{"@type":"Organization","@id":"https:\/\/radioljubuski.ba\/#organization","name":"Radio Ljubu\u0161ki","url":"https:\/\/radioljubuski.ba\/","logo":{"@type":"ImageObject","inLanguage":"hr","@id":"https:\/\/radioljubuski.ba\/#\/schema\/logo\/image\/","url":"https:\/\/radioljubuski.ba\/wp-content\/uploads\/2021\/02\/cropped-Radio_Ljubuski_logo1.jpg","contentUrl":"https:\/\/radioljubuski.ba\/wp-content\/uploads\/2021\/02\/cropped-Radio_Ljubuski_logo1.jpg","width":512,"height":512,"caption":"Radio Ljubu\u0161ki"},"image":{"@id":"https:\/\/radioljubuski.ba\/#\/schema\/logo\/image\/"},"sameAs":["https:\/\/www.facebook.com\/Radiio-Ljubuski-1490835324566332","https:\/\/x.com\/radioljubuski","https:\/\/hr.linkedin.com\/company\/radio-ljubuski","https:\/\/www.youtube.com\/channel\/UCHYaeO_n0Db3tjNGudGpXyw"]},{"@type":"Person","@id":"https:\/\/radioljubuski.ba\/#\/schema\/person\/19fc700381a780f69665d7956c469e3b","name":"Radio Ljubu\u0161ki"}]}},"_links":{"self":[{"href":"https:\/\/radioljubuski.ba\/index.php\/wp-json\/wp\/v2\/posts\/133771","targetHints":{"allow":["GET"]}}],"collection":[{"href":"https:\/\/radioljubuski.ba\/index.php\/wp-json\/wp\/v2\/posts"}],"about":[{"href":"https:\/\/radioljubuski.ba\/index.php\/wp-json\/wp\/v2\/types\/post"}],"author":[{"embeddable":true,"href":"https:\/\/radioljubuski.ba\/index.php\/wp-json\/wp\/v2\/users\/2"}],"replies":[{"embeddable":true,"href":"https:\/\/radioljubuski.ba\/index.php\/wp-json\/wp\/v2\/comments?post=133771"}],"version-history":[{"count":1,"href":"https:\/\/radioljubuski.ba\/index.php\/wp-json\/wp\/v2\/posts\/133771\/revisions"}],"predecessor-version":[{"id":133773,"href":"https:\/\/radioljubuski.ba\/index.php\/wp-json\/wp\/v2\/posts\/133771\/revisions\/133773"}],"wp:featuredmedia":[{"embeddable":true,"href":"https:\/\/radioljubuski.ba\/index.php\/wp-json\/wp\/v2\/media\/133772"}],"wp:attachment":[{"href":"https:\/\/radioljubuski.ba\/index.php\/wp-json\/wp\/v2\/media?parent=133771"}],"wp:term":[{"taxonomy":"category","embeddable":true,"href":"https:\/\/radioljubuski.ba\/index.php\/wp-json\/wp\/v2\/categories?post=133771"},{"taxonomy":"post_tag","embeddable":true,"href":"https:\/\/radioljubuski.ba\/index.php\/wp-json\/wp\/v2\/tags?post=133771"}],"curies":[{"name":"wp","href":"https:\/\/api.w.org\/{rel}","templated":true}]}}