{"id":133800,"date":"2022-04-18T22:40:33","date_gmt":"2022-04-18T21:40:33","guid":{"rendered":"https:\/\/radioljubuski.ba\/?p=133800"},"modified":"2022-04-18T22:40:34","modified_gmt":"2022-04-18T21:40:34","slug":"migranti-u-bih-afganistanci-najcesci-izvrsitelji-teskih-krivicnih-djela","status":"publish","type":"post","link":"https:\/\/radioljubuski.ba\/index.php\/2022\/04\/18\/migranti-u-bih-afganistanci-najcesci-izvrsitelji-teskih-krivicnih-djela\/","title":{"rendered":"Migranti u BiH: Afganistanci naj\u010de\u0161\u0107i izvr\u0161itelji te\u0161kih krivi\u010dnih djela"},"content":{"rendered":"\n<p>Tri migranta podrijetlom iz Afganistana, koji se sumnji\u010de da su u petak, 15. travnja, ubili dr\u017eavljanina Pakistana, tako\u0111er migranta, u gradskoj aleji u Biha\u0107u, uhi\u0107eni su u Sarajevu.<\/p>\n\n\n\n<p>Doga\u0111aj je ponovo aktualizirao pitanje sigurnosne situacije u Sarajevu i Biha\u0107u gdje je najve\u0107i broj migranata smje\u0161ten.<\/p>\n\n\n\n<p>U tijeku istraga<br>Nermin Kljaji\u0107, ministar unutra\u0161njih poslova Unsko-sanske \u017eupanije u izjavi za N1 isti\u010de da su sada stvari dosta druga\u010dije, a za nemili doga\u0111aj krivi Slu\u017ebu za poslove sa strancima.<\/p>\n\n\n\n<p>\u201cSigurno da nije dobro \u0161to se ovakve stvari de\u0161avaju, posebno u gradskom podru\u010dju Biha\u0107a, iako ove godine imamo najmanji broj migranta imamo ovako te\u0161ka krivi\u010dna djela. Slu\u017eba za poslove za strancima ne radi svoj posao jer su ovi ljudi ve\u0107 prije godinu dana trebali biti protjerani\u201c, ka\u017ee Kljaji\u0107.<\/p>\n\n\n\n<p>Isti\u010de da je u tijeku istraga o tome kako su ove osobe do\u0161la do oru\u017eja, te da svakako postoji interes za otkrivanje i tih grupa koje se bave krijum\u010darenjem oru\u017eja.<\/p>\n\n\n\n<p>Kulturno-vjersko-tradicionalni razlozi su naj\u010de\u0161\u0107i razlozi sukoba, a to se posebno, ka\u017ee Kljaji\u0107, vidi izme\u0111u grupa Pakistanaca i Afganistanaca.<\/p>\n\n\n\n<p>Kljaji\u0107 je istakao da trenutno na prostoru US\u017d boravi oko 800 migranta te da u ovoj 2022. godini nije do\u0161lo do pove\u0107anja njihovog broja.<\/p>\n\n\n\n<p>\u201cSituacija pod kontrolom\u201d<br>Trenutna situacija je pod punom kontrolom dr\u017eave, isti\u010de za N1 Slobodan Uji\u0107, direktor Slu\u017ebe za poslove sa strancima.<\/p>\n\n\n\n<p>\u201cU prva \u010detiri mjeseca smo imali 191 ilegalna migranta koja smo vratili u njihove mati\u010dne dr\u017eave. Radi se najvi\u0161e o dr\u017eavljanima Turske njih je oko 70 posto, potom Kine, Indije, Pakistana i Kube\u201d, rekao je Uji\u0107.<\/p>\n\n\n\n<p>Pro\u0161le godine je 660 osoba vra\u0107eno readmisijom, ve\u0107i dio njih vra\u0107en je u zemlje porijekla, dok ima i onih koji se vra\u0107aju u zemlje iz kojih su u\u0161li u BiH.<\/p>\n\n\n\n<p>\u201cOni koji po\u010dine krivi\u010dna djela oni \u0107e i odgovarati. S njima \u0107e se baviti sami inspektorati i Tu\u017eiteljstvo. Najvi\u0161e problema imamo s dr\u017eavljanima Afganistana. Oni su po dosada\u0161njim pokazateljima naj\u010de\u0161\u0107i izvr\u0161ioci te\u0161kih krivi\u010dnih djela i krivi\u010dnih djela\u201d, zaklju\u010dio je Uji\u0107.<\/p>\n\n\n\n<p>Izvor:N1<\/p>\n","protected":false},"excerpt":{"rendered":"<p>Tri migranta podrijetlom iz Afganistana, koji se sumnji\u010de da su u petak, 15. travnja, ubili dr\u017eavljanina Pakistana, tako\u0111er migranta, u gradskoj aleji u Biha\u0107u, uhi\u0107eni su u Sarajevu. Doga\u0111aj je ponovo aktualizirao pitanje sigurnosne situacije u Sarajevu i Biha\u0107u gdje je najve\u0107i broj migranata smje\u0161ten. U tijeku istragaNermin Kljaji\u0107, ministar unutra\u0161njih poslova Unsko-sanske \u017eupanije u [&hellip;]<\/p>\n","protected":false},"author":2,"featured_media":133801,"comment_status":"closed","ping_status":"closed","sticky":false,"template":"","format":"standard","meta":{"h5ap_radio_sources":[],"footnotes":""},"categories":[1],"tags":[],"class_list":["post-133800","post","type-post","status-publish","format-standard","has-post-thumbnail","hentry","category-bihiregija"],"yoast_head":"<!-- This site is optimized with the Yoast SEO plugin v27.4 - https:\/\/yoast.com\/product\/yoast-seo-wordpress\/ -->\n<title>Migranti u BiH: Afganistanci naj\u010de\u0161\u0107i izvr\u0161itelji te\u0161kih krivi\u010dnih djela - RADIO LJUBU\u0160KI<\/title>\n<meta name=\"robots\" content=\"index, follow, max-snippet:-1, max-image-preview:large, max-video-preview:-1\" \/>\n<link rel=\"canonical\" href=\"https:\/\/radioljubuski.ba\/index.php\/2022\/04\/18\/migranti-u-bih-afganistanci-najcesci-izvrsitelji-teskih-krivicnih-djela\/\" \/>\n<meta property=\"og:locale\" content=\"hr_HR\" \/>\n<meta property=\"og:type\" content=\"article\" \/>\n<meta property=\"og:title\" content=\"Migranti u BiH: Afganistanci naj\u010de\u0161\u0107i izvr\u0161itelji te\u0161kih krivi\u010dnih djela - RADIO LJUBU\u0160KI\" \/>\n<meta property=\"og:description\" content=\"Tri migranta podrijetlom iz Afganistana, koji se sumnji\u010de da su u petak, 15. travnja, ubili dr\u017eavljanina Pakistana, tako\u0111er migranta, u gradskoj aleji u Biha\u0107u, uhi\u0107eni su u Sarajevu. Doga\u0111aj je ponovo aktualizirao pitanje sigurnosne situacije u Sarajevu i Biha\u0107u gdje je najve\u0107i broj migranata smje\u0161ten. U tijeku istragaNermin Kljaji\u0107, ministar unutra\u0161njih poslova Unsko-sanske \u017eupanije u [&hellip;]\" \/>\n<meta property=\"og:url\" content=\"https:\/\/radioljubuski.ba\/index.php\/2022\/04\/18\/migranti-u-bih-afganistanci-najcesci-izvrsitelji-teskih-krivicnih-djela\/\" \/>\n<meta property=\"og:site_name\" content=\"RADIO LJUBU\u0160KI\" \/>\n<meta property=\"article:publisher\" content=\"https:\/\/www.facebook.com\/Radiio-Ljubuski-1490835324566332\" \/>\n<meta property=\"article:published_time\" content=\"2022-04-18T21:40:33+00:00\" \/>\n<meta property=\"article:modified_time\" content=\"2022-04-18T21:40:34+00:00\" \/>\n<meta property=\"og:image\" content=\"https:\/\/radioljubuski.ba\/wp-content\/uploads\/2022\/04\/o_89698_1024.jpg\" \/>\n\t<meta property=\"og:image:width\" content=\"1024\" \/>\n\t<meta property=\"og:image:height\" content=\"637\" \/>\n\t<meta property=\"og:image:type\" content=\"image\/jpeg\" \/>\n<meta name=\"author\" content=\"Radio Ljubu\u0161ki\" \/>\n<meta name=\"twitter:card\" content=\"summary_large_image\" \/>\n<meta name=\"twitter:creator\" content=\"@radioljubuski\" \/>\n<meta name=\"twitter:site\" content=\"@radioljubuski\" \/>\n<meta name=\"twitter:label1\" content=\"Napisao\/la\" \/>\n\t<meta name=\"twitter:data1\" content=\"Radio Ljubu\u0161ki\" \/>\n\t<meta name=\"twitter:label2\" content=\"Procijenjeno vrijeme \u010ditanja\" \/>\n\t<meta name=\"twitter:data2\" content=\"2 minute\" \/>\n<script type=\"application\/ld+json\" class=\"yoast-schema-graph\">{\"@context\":\"https:\\\/\\\/schema.org\",\"@graph\":[{\"@type\":\"Article\",\"@id\":\"https:\\\/\\\/radioljubuski.ba\\\/index.php\\\/2022\\\/04\\\/18\\\/migranti-u-bih-afganistanci-najcesci-izvrsitelji-teskih-krivicnih-djela\\\/#article\",\"isPartOf\":{\"@id\":\"https:\\\/\\\/radioljubuski.ba\\\/index.php\\\/2022\\\/04\\\/18\\\/migranti-u-bih-afganistanci-najcesci-izvrsitelji-teskih-krivicnih-djela\\\/\"},\"author\":{\"name\":\"Radio Ljubu\u0161ki\",\"@id\":\"https:\\\/\\\/radioljubuski.ba\\\/#\\\/schema\\\/person\\\/19fc700381a780f69665d7956c469e3b\"},\"headline\":\"Migranti u BiH: Afganistanci naj\u010de\u0161\u0107i izvr\u0161itelji te\u0161kih krivi\u010dnih djela\",\"datePublished\":\"2022-04-18T21:40:33+00:00\",\"dateModified\":\"2022-04-18T21:40:34+00:00\",\"mainEntityOfPage\":{\"@id\":\"https:\\\/\\\/radioljubuski.ba\\\/index.php\\\/2022\\\/04\\\/18\\\/migranti-u-bih-afganistanci-najcesci-izvrsitelji-teskih-krivicnih-djela\\\/\"},\"wordCount\":390,\"publisher\":{\"@id\":\"https:\\\/\\\/radioljubuski.ba\\\/#organization\"},\"image\":{\"@id\":\"https:\\\/\\\/radioljubuski.ba\\\/index.php\\\/2022\\\/04\\\/18\\\/migranti-u-bih-afganistanci-najcesci-izvrsitelji-teskih-krivicnih-djela\\\/#primaryimage\"},\"thumbnailUrl\":\"https:\\\/\\\/radioljubuski.ba\\\/wp-content\\\/uploads\\\/2022\\\/04\\\/o_89698_1024.jpg\",\"articleSection\":[\"BIH i regija\"],\"inLanguage\":\"hr\"},{\"@type\":\"WebPage\",\"@id\":\"https:\\\/\\\/radioljubuski.ba\\\/index.php\\\/2022\\\/04\\\/18\\\/migranti-u-bih-afganistanci-najcesci-izvrsitelji-teskih-krivicnih-djela\\\/\",\"url\":\"https:\\\/\\\/radioljubuski.ba\\\/index.php\\\/2022\\\/04\\\/18\\\/migranti-u-bih-afganistanci-najcesci-izvrsitelji-teskih-krivicnih-djela\\\/\",\"name\":\"Migranti u BiH: Afganistanci naj\u010de\u0161\u0107i izvr\u0161itelji te\u0161kih krivi\u010dnih djela - RADIO LJUBU\u0160KI\",\"isPartOf\":{\"@id\":\"https:\\\/\\\/radioljubuski.ba\\\/#website\"},\"primaryImageOfPage\":{\"@id\":\"https:\\\/\\\/radioljubuski.ba\\\/index.php\\\/2022\\\/04\\\/18\\\/migranti-u-bih-afganistanci-najcesci-izvrsitelji-teskih-krivicnih-djela\\\/#primaryimage\"},\"image\":{\"@id\":\"https:\\\/\\\/radioljubuski.ba\\\/index.php\\\/2022\\\/04\\\/18\\\/migranti-u-bih-afganistanci-najcesci-izvrsitelji-teskih-krivicnih-djela\\\/#primaryimage\"},\"thumbnailUrl\":\"https:\\\/\\\/radioljubuski.ba\\\/wp-content\\\/uploads\\\/2022\\\/04\\\/o_89698_1024.jpg\",\"datePublished\":\"2022-04-18T21:40:33+00:00\",\"dateModified\":\"2022-04-18T21:40:34+00:00\",\"breadcrumb\":{\"@id\":\"https:\\\/\\\/radioljubuski.ba\\\/index.php\\\/2022\\\/04\\\/18\\\/migranti-u-bih-afganistanci-najcesci-izvrsitelji-teskih-krivicnih-djela\\\/#breadcrumb\"},\"inLanguage\":\"hr\",\"potentialAction\":[{\"@type\":\"ReadAction\",\"target\":[\"https:\\\/\\\/radioljubuski.ba\\\/index.php\\\/2022\\\/04\\\/18\\\/migranti-u-bih-afganistanci-najcesci-izvrsitelji-teskih-krivicnih-djela\\\/\"]}]},{\"@type\":\"ImageObject\",\"inLanguage\":\"hr\",\"@id\":\"https:\\\/\\\/radioljubuski.ba\\\/index.php\\\/2022\\\/04\\\/18\\\/migranti-u-bih-afganistanci-najcesci-izvrsitelji-teskih-krivicnih-djela\\\/#primaryimage\",\"url\":\"https:\\\/\\\/radioljubuski.ba\\\/wp-content\\\/uploads\\\/2022\\\/04\\\/o_89698_1024.jpg\",\"contentUrl\":\"https:\\\/\\\/radioljubuski.ba\\\/wp-content\\\/uploads\\\/2022\\\/04\\\/o_89698_1024.jpg\",\"width\":1024,\"height\":637},{\"@type\":\"BreadcrumbList\",\"@id\":\"https:\\\/\\\/radioljubuski.ba\\\/index.php\\\/2022\\\/04\\\/18\\\/migranti-u-bih-afganistanci-najcesci-izvrsitelji-teskih-krivicnih-djela\\\/#breadcrumb\",\"itemListElement\":[{\"@type\":\"ListItem\",\"position\":1,\"name\":\"Po\u010detna stranica\",\"item\":\"https:\\\/\\\/radioljubuski.ba\\\/\"},{\"@type\":\"ListItem\",\"position\":2,\"name\":\"Migranti u BiH: Afganistanci naj\u010de\u0161\u0107i izvr\u0161itelji te\u0161kih krivi\u010dnih djela\"}]},{\"@type\":\"WebSite\",\"@id\":\"https:\\\/\\\/radioljubuski.ba\\\/#website\",\"url\":\"https:\\\/\\\/radioljubuski.ba\\\/\",\"name\":\"Radio Ljubu\u0161ki\",\"description\":\"Sun\u010dana frekvencija Hercegovine\",\"publisher\":{\"@id\":\"https:\\\/\\\/radioljubuski.ba\\\/#organization\"},\"potentialAction\":[{\"@type\":\"SearchAction\",\"target\":{\"@type\":\"EntryPoint\",\"urlTemplate\":\"https:\\\/\\\/radioljubuski.ba\\\/?s={search_term_string}\"},\"query-input\":{\"@type\":\"PropertyValueSpecification\",\"valueRequired\":true,\"valueName\":\"search_term_string\"}}],\"inLanguage\":\"hr\"},{\"@type\":\"Organization\",\"@id\":\"https:\\\/\\\/radioljubuski.ba\\\/#organization\",\"name\":\"Radio Ljubu\u0161ki\",\"url\":\"https:\\\/\\\/radioljubuski.ba\\\/\",\"logo\":{\"@type\":\"ImageObject\",\"inLanguage\":\"hr\",\"@id\":\"https:\\\/\\\/radioljubuski.ba\\\/#\\\/schema\\\/logo\\\/image\\\/\",\"url\":\"https:\\\/\\\/radioljubuski.ba\\\/wp-content\\\/uploads\\\/2021\\\/02\\\/cropped-Radio_Ljubuski_logo1.jpg\",\"contentUrl\":\"https:\\\/\\\/radioljubuski.ba\\\/wp-content\\\/uploads\\\/2021\\\/02\\\/cropped-Radio_Ljubuski_logo1.jpg\",\"width\":512,\"height\":512,\"caption\":\"Radio Ljubu\u0161ki\"},\"image\":{\"@id\":\"https:\\\/\\\/radioljubuski.ba\\\/#\\\/schema\\\/logo\\\/image\\\/\"},\"sameAs\":[\"https:\\\/\\\/www.facebook.com\\\/Radiio-Ljubuski-1490835324566332\",\"https:\\\/\\\/x.com\\\/radioljubuski\",\"https:\\\/\\\/hr.linkedin.com\\\/company\\\/radio-ljubuski\",\"https:\\\/\\\/www.youtube.com\\\/channel\\\/UCHYaeO_n0Db3tjNGudGpXyw\"]},{\"@type\":\"Person\",\"@id\":\"https:\\\/\\\/radioljubuski.ba\\\/#\\\/schema\\\/person\\\/19fc700381a780f69665d7956c469e3b\",\"name\":\"Radio Ljubu\u0161ki\"}]}<\/script>\n<!-- \/ Yoast SEO plugin. -->","yoast_head_json":{"title":"Migranti u BiH: Afganistanci naj\u010de\u0161\u0107i izvr\u0161itelji te\u0161kih krivi\u010dnih djela - RADIO LJUBU\u0160KI","robots":{"index":"index","follow":"follow","max-snippet":"max-snippet:-1","max-image-preview":"max-image-preview:large","max-video-preview":"max-video-preview:-1"},"canonical":"https:\/\/radioljubuski.ba\/index.php\/2022\/04\/18\/migranti-u-bih-afganistanci-najcesci-izvrsitelji-teskih-krivicnih-djela\/","og_locale":"hr_HR","og_type":"article","og_title":"Migranti u BiH: Afganistanci naj\u010de\u0161\u0107i izvr\u0161itelji te\u0161kih krivi\u010dnih djela - RADIO LJUBU\u0160KI","og_description":"Tri migranta podrijetlom iz Afganistana, koji se sumnji\u010de da su u petak, 15. travnja, ubili dr\u017eavljanina Pakistana, tako\u0111er migranta, u gradskoj aleji u Biha\u0107u, uhi\u0107eni su u Sarajevu. Doga\u0111aj je ponovo aktualizirao pitanje sigurnosne situacije u Sarajevu i Biha\u0107u gdje je najve\u0107i broj migranata smje\u0161ten. U tijeku istragaNermin Kljaji\u0107, ministar unutra\u0161njih poslova Unsko-sanske \u017eupanije u [&hellip;]","og_url":"https:\/\/radioljubuski.ba\/index.php\/2022\/04\/18\/migranti-u-bih-afganistanci-najcesci-izvrsitelji-teskih-krivicnih-djela\/","og_site_name":"RADIO LJUBU\u0160KI","article_publisher":"https:\/\/www.facebook.com\/Radiio-Ljubuski-1490835324566332","article_published_time":"2022-04-18T21:40:33+00:00","article_modified_time":"2022-04-18T21:40:34+00:00","og_image":[{"width":1024,"height":637,"url":"https:\/\/radioljubuski.ba\/wp-content\/uploads\/2022\/04\/o_89698_1024.jpg","type":"image\/jpeg"}],"author":"Radio Ljubu\u0161ki","twitter_card":"summary_large_image","twitter_creator":"@radioljubuski","twitter_site":"@radioljubuski","twitter_misc":{"Napisao\/la":"Radio Ljubu\u0161ki","Procijenjeno vrijeme \u010ditanja":"2 minute"},"schema":{"@context":"https:\/\/schema.org","@graph":[{"@type":"Article","@id":"https:\/\/radioljubuski.ba\/index.php\/2022\/04\/18\/migranti-u-bih-afganistanci-najcesci-izvrsitelji-teskih-krivicnih-djela\/#article","isPartOf":{"@id":"https:\/\/radioljubuski.ba\/index.php\/2022\/04\/18\/migranti-u-bih-afganistanci-najcesci-izvrsitelji-teskih-krivicnih-djela\/"},"author":{"name":"Radio Ljubu\u0161ki","@id":"https:\/\/radioljubuski.ba\/#\/schema\/person\/19fc700381a780f69665d7956c469e3b"},"headline":"Migranti u BiH: Afganistanci naj\u010de\u0161\u0107i izvr\u0161itelji te\u0161kih krivi\u010dnih djela","datePublished":"2022-04-18T21:40:33+00:00","dateModified":"2022-04-18T21:40:34+00:00","mainEntityOfPage":{"@id":"https:\/\/radioljubuski.ba\/index.php\/2022\/04\/18\/migranti-u-bih-afganistanci-najcesci-izvrsitelji-teskih-krivicnih-djela\/"},"wordCount":390,"publisher":{"@id":"https:\/\/radioljubuski.ba\/#organization"},"image":{"@id":"https:\/\/radioljubuski.ba\/index.php\/2022\/04\/18\/migranti-u-bih-afganistanci-najcesci-izvrsitelji-teskih-krivicnih-djela\/#primaryimage"},"thumbnailUrl":"https:\/\/radioljubuski.ba\/wp-content\/uploads\/2022\/04\/o_89698_1024.jpg","articleSection":["BIH i regija"],"inLanguage":"hr"},{"@type":"WebPage","@id":"https:\/\/radioljubuski.ba\/index.php\/2022\/04\/18\/migranti-u-bih-afganistanci-najcesci-izvrsitelji-teskih-krivicnih-djela\/","url":"https:\/\/radioljubuski.ba\/index.php\/2022\/04\/18\/migranti-u-bih-afganistanci-najcesci-izvrsitelji-teskih-krivicnih-djela\/","name":"Migranti u BiH: Afganistanci naj\u010de\u0161\u0107i izvr\u0161itelji te\u0161kih krivi\u010dnih djela - RADIO LJUBU\u0160KI","isPartOf":{"@id":"https:\/\/radioljubuski.ba\/#website"},"primaryImageOfPage":{"@id":"https:\/\/radioljubuski.ba\/index.php\/2022\/04\/18\/migranti-u-bih-afganistanci-najcesci-izvrsitelji-teskih-krivicnih-djela\/#primaryimage"},"image":{"@id":"https:\/\/radioljubuski.ba\/index.php\/2022\/04\/18\/migranti-u-bih-afganistanci-najcesci-izvrsitelji-teskih-krivicnih-djela\/#primaryimage"},"thumbnailUrl":"https:\/\/radioljubuski.ba\/wp-content\/uploads\/2022\/04\/o_89698_1024.jpg","datePublished":"2022-04-18T21:40:33+00:00","dateModified":"2022-04-18T21:40:34+00:00","breadcrumb":{"@id":"https:\/\/radioljubuski.ba\/index.php\/2022\/04\/18\/migranti-u-bih-afganistanci-najcesci-izvrsitelji-teskih-krivicnih-djela\/#breadcrumb"},"inLanguage":"hr","potentialAction":[{"@type":"ReadAction","target":["https:\/\/radioljubuski.ba\/index.php\/2022\/04\/18\/migranti-u-bih-afganistanci-najcesci-izvrsitelji-teskih-krivicnih-djela\/"]}]},{"@type":"ImageObject","inLanguage":"hr","@id":"https:\/\/radioljubuski.ba\/index.php\/2022\/04\/18\/migranti-u-bih-afganistanci-najcesci-izvrsitelji-teskih-krivicnih-djela\/#primaryimage","url":"https:\/\/radioljubuski.ba\/wp-content\/uploads\/2022\/04\/o_89698_1024.jpg","contentUrl":"https:\/\/radioljubuski.ba\/wp-content\/uploads\/2022\/04\/o_89698_1024.jpg","width":1024,"height":637},{"@type":"BreadcrumbList","@id":"https:\/\/radioljubuski.ba\/index.php\/2022\/04\/18\/migranti-u-bih-afganistanci-najcesci-izvrsitelji-teskih-krivicnih-djela\/#breadcrumb","itemListElement":[{"@type":"ListItem","position":1,"name":"Po\u010detna stranica","item":"https:\/\/radioljubuski.ba\/"},{"@type":"ListItem","position":2,"name":"Migranti u BiH: Afganistanci naj\u010de\u0161\u0107i izvr\u0161itelji te\u0161kih krivi\u010dnih djela"}]},{"@type":"WebSite","@id":"https:\/\/radioljubuski.ba\/#website","url":"https:\/\/radioljubuski.ba\/","name":"Radio Ljubu\u0161ki","description":"Sun\u010dana frekvencija Hercegovine","publisher":{"@id":"https:\/\/radioljubuski.ba\/#organization"},"potentialAction":[{"@type":"SearchAction","target":{"@type":"EntryPoint","urlTemplate":"https:\/\/radioljubuski.ba\/?s={search_term_string}"},"query-input":{"@type":"PropertyValueSpecification","valueRequired":true,"valueName":"search_term_string"}}],"inLanguage":"hr"},{"@type":"Organization","@id":"https:\/\/radioljubuski.ba\/#organization","name":"Radio Ljubu\u0161ki","url":"https:\/\/radioljubuski.ba\/","logo":{"@type":"ImageObject","inLanguage":"hr","@id":"https:\/\/radioljubuski.ba\/#\/schema\/logo\/image\/","url":"https:\/\/radioljubuski.ba\/wp-content\/uploads\/2021\/02\/cropped-Radio_Ljubuski_logo1.jpg","contentUrl":"https:\/\/radioljubuski.ba\/wp-content\/uploads\/2021\/02\/cropped-Radio_Ljubuski_logo1.jpg","width":512,"height":512,"caption":"Radio Ljubu\u0161ki"},"image":{"@id":"https:\/\/radioljubuski.ba\/#\/schema\/logo\/image\/"},"sameAs":["https:\/\/www.facebook.com\/Radiio-Ljubuski-1490835324566332","https:\/\/x.com\/radioljubuski","https:\/\/hr.linkedin.com\/company\/radio-ljubuski","https:\/\/www.youtube.com\/channel\/UCHYaeO_n0Db3tjNGudGpXyw"]},{"@type":"Person","@id":"https:\/\/radioljubuski.ba\/#\/schema\/person\/19fc700381a780f69665d7956c469e3b","name":"Radio Ljubu\u0161ki"}]}},"_links":{"self":[{"href":"https:\/\/radioljubuski.ba\/index.php\/wp-json\/wp\/v2\/posts\/133800","targetHints":{"allow":["GET"]}}],"collection":[{"href":"https:\/\/radioljubuski.ba\/index.php\/wp-json\/wp\/v2\/posts"}],"about":[{"href":"https:\/\/radioljubuski.ba\/index.php\/wp-json\/wp\/v2\/types\/post"}],"author":[{"embeddable":true,"href":"https:\/\/radioljubuski.ba\/index.php\/wp-json\/wp\/v2\/users\/2"}],"replies":[{"embeddable":true,"href":"https:\/\/radioljubuski.ba\/index.php\/wp-json\/wp\/v2\/comments?post=133800"}],"version-history":[{"count":1,"href":"https:\/\/radioljubuski.ba\/index.php\/wp-json\/wp\/v2\/posts\/133800\/revisions"}],"predecessor-version":[{"id":133802,"href":"https:\/\/radioljubuski.ba\/index.php\/wp-json\/wp\/v2\/posts\/133800\/revisions\/133802"}],"wp:featuredmedia":[{"embeddable":true,"href":"https:\/\/radioljubuski.ba\/index.php\/wp-json\/wp\/v2\/media\/133801"}],"wp:attachment":[{"href":"https:\/\/radioljubuski.ba\/index.php\/wp-json\/wp\/v2\/media?parent=133800"}],"wp:term":[{"taxonomy":"category","embeddable":true,"href":"https:\/\/radioljubuski.ba\/index.php\/wp-json\/wp\/v2\/categories?post=133800"},{"taxonomy":"post_tag","embeddable":true,"href":"https:\/\/radioljubuski.ba\/index.php\/wp-json\/wp\/v2\/tags?post=133800"}],"curies":[{"name":"wp","href":"https:\/\/api.w.org\/{rel}","templated":true}]}}