{"id":133816,"date":"2022-04-18T22:51:33","date_gmt":"2022-04-18T21:51:33","guid":{"rendered":"https:\/\/radioljubuski.ba\/?p=133816"},"modified":"2022-04-18T22:51:34","modified_gmt":"2022-04-18T21:51:34","slug":"gradani-kreseva-blokirali-tvornicu-vapna","status":"publish","type":"post","link":"https:\/\/radioljubuski.ba\/index.php\/2022\/04\/18\/gradani-kreseva-blokirali-tvornicu-vapna\/","title":{"rendered":"Gra\u0111ani Kre\u0161eva blokirali tvornicu vapna"},"content":{"rendered":"\n<p>50 zabrinutih gra\u0111ana Kre\u0161eva su danas, u skladu sa obe\u0107anjem, iza\u0161li na ulice i blokirali tvornicu vapna Kre\u0161evo koja kako navode &#8221;radi bez va\u017ee\u0107ih dozvola i ugro\u017eava \u017eivot i zdravlje gra\u0111ana.&#8221;<\/p>\n\n\n\n<p>Naime, 20. velja\u010de istekla je okolinska dozvola za tvornicu vapna, a da je bez obzira na to, tvornica vapna nastavila sa svakodnevnim radom, priop\u0107io je Kre\u0161evski gra\u0111anski pokret.&nbsp;<\/p>\n\n\n\n<p>Tijekom blokade dobili su kopiju sudskog naloga da \u0107e 26. 05. tvornici vapna biti zaplijenjena imovina zbog \u010dega su gra\u0111ani zaustavili blokadu pristupnog puta.&nbsp;<\/p>\n\n\n\n<p>&#8221;S obzirom na to da smo tijekom blokade dobili obavijest da \u0107e do kraja mjeseca svibnja biti izvr\u0161ena pljenidba imovine u kamenolomu i tvornici vapna, odlu\u010dili smo da sa\u010dekamo 26.05. kako bismo vidjeli da li \u0107e time slu\u017ebeno biti zaustavljen nelegalan rad tvornice vapna. Nakon toga, ni\u0161ta nas vi\u0161e ne\u0107e zaustaviti, izlazimo na ulicu i ne\u0107emo se pomjeriti dok se u potpunosti ne zaustavi nelegalan rad tvornice vapna, kao \u0161to se ne bismo pomjerili ni danas da nismo dobili informaciju o zaplijeni imovine. Svakim danom je sve te\u017ee disati i \u017eivjeti u takvom okru\u017eenju, mi se svakodnevno obra\u0107amo nadle\u017enoj inspekciji te ih pozivamo na reakciju. Bez obzira na poslane dokaze o nelegalnom radu tvornice vapna, od inspektora smo dobili odgovor da oni znaju za taj slu\u010daj i da i sami imaju problem sa tom kompanijom, ali nismo dobili odgovor kada \u0107e iza\u0107i i po hitnom postupku zaustaviti nelegalan rad ove tvornice vapna koja ugro\u017eava na\u0161e \u017eivote&#8221;, isti\u010de Davor Nuji\u0107, predstavnik Kre\u0161evskog gra\u0111anskog pokreta.<\/p>\n\n\n\n<p>Gra\u0111ani Kre\u0161eva su istaknuli sve nepravilnosti koje su uo\u010dili u ovom slu\u010daju po\u010dev od toga da firma BFS d.o.o. nije ispo\u0161tovala zakonski okvir od 90 dana za podno\u0161enje zahtjeva za izdavanje okolinske dozvole za rad tvornice vapne kao i da Federalno ministarstvo okoli\u0161a i turizma jo\u0161 uvijek nije gra\u0111anima dostavilo obavijest koju je Ministarstvo trebalo uputiti nadle\u017enom inspektoratu s obzirom na to da investitor nije podnio Zahtjev za obnovu okolinske dozvolu u zakonski propisanom roku.&nbsp;<\/p>\n\n\n\n<p>Jo\u0161 jedna od uo\u010denih nepravilnosti jeste da na javnom uvidu nije bila prilo\u017eena sva zakonom propisana dokumentacija. Osim toga ova tvornica vapna proizvodi kre\u010dnjak dopremljen iz kamenoloma u vlasni\u0161tvu iste tvrtke koju je inspekcija zatvorila i donijela Rje\u0161enje 31.1.2019. o zabrani obavljanja rudarskih radova. Podsjetili su da se unato\u010d ovoj zabrani, i zabrani vodnog inspektora, radovi i dalje odvijaju neometano i to, naj\u010de\u0161\u0107e u no\u0107nim satima.&nbsp;<\/p>\n\n\n\n<p>Nagla\u0161eno je da je ova tvornica vapna kr\u0161ila ne samo mjere iz prethodne okolinske dozvole koje bi trebale za\u0161titi okoli\u0161, ve\u0107 se ugro\u017eava i lokalno stanovni\u0161tvo i genski fond tog podru\u010dja te da je i Federalni vodni inspektor u rujnu 2021 godine izrekao rje\u0161enje kojim se zabranjuje upotreba objekta i pogona koji se koriste u svrhu prerade mineralnih sirovina kre\u010dnjaka i dolomita, a iz tih objekata se vr\u0161i ispu\u0161tanje tehnolo\u0161ko otpadne vode i koriste se bez vodne dozvole sa lokacije &#8221;Rastovice i Kr\u010devine&#8221;.<\/p>\n\n\n\n<p>Podsje\u0107amo da se \u010deka odluka Federalnog ministarstva okoli\u0161a i turizma o izdavanju nove okolinske dozvole za tvornicu vapna u Kre\u0161evu. Federalno ministarstvo okoli\u0161a i turizma je krajem velja\u010de organiziralo javnu raspravu na kojoj su gra\u0111ani iznijeli svoj stav da se nova (obnovljena) okolinska dozvola ne treba izdati jer se mjere iz iste ne po\u0161tuju i ugro\u017eeno je zdravlje lokalnog stanovni\u0161tva kao i okoli\u0161. Smatraju da je potrebno uraditi Studiju procjene utjecaja na okoli\u0161 zbog zaga\u0111enja i \u0161tetnog djelovanja po \u017eivotnu sredinu i lokalno stanovni\u0161tvo.<\/p>\n\n\n\n<p>Izvor:pogled.ba<\/p>\n","protected":false},"excerpt":{"rendered":"<p>50 zabrinutih gra\u0111ana Kre\u0161eva su danas, u skladu sa obe\u0107anjem, iza\u0161li na ulice i blokirali tvornicu vapna Kre\u0161evo koja kako navode &#8221;radi bez va\u017ee\u0107ih dozvola i ugro\u017eava \u017eivot i zdravlje gra\u0111ana.&#8221; Naime, 20. velja\u010de istekla je okolinska dozvola za tvornicu vapna, a da je bez obzira na to, tvornica vapna nastavila sa svakodnevnim radom, priop\u0107io [&hellip;]<\/p>\n","protected":false},"author":2,"featured_media":133817,"comment_status":"closed","ping_status":"closed","sticky":false,"template":"","format":"standard","meta":{"h5ap_radio_sources":[],"footnotes":""},"categories":[1],"tags":[],"class_list":["post-133816","post","type-post","status-publish","format-standard","has-post-thumbnail","hentry","category-bihiregija"],"yoast_head":"<!-- This site is optimized with the Yoast SEO plugin v27.4 - https:\/\/yoast.com\/product\/yoast-seo-wordpress\/ -->\n<title>Gra\u0111ani Kre\u0161eva blokirali tvornicu vapna - RADIO LJUBU\u0160KI<\/title>\n<meta name=\"robots\" content=\"index, follow, max-snippet:-1, max-image-preview:large, max-video-preview:-1\" \/>\n<link rel=\"canonical\" href=\"https:\/\/radioljubuski.ba\/index.php\/2022\/04\/18\/gradani-kreseva-blokirali-tvornicu-vapna\/\" \/>\n<meta property=\"og:locale\" content=\"hr_HR\" \/>\n<meta property=\"og:type\" content=\"article\" \/>\n<meta property=\"og:title\" content=\"Gra\u0111ani Kre\u0161eva blokirali tvornicu vapna - RADIO LJUBU\u0160KI\" \/>\n<meta property=\"og:description\" content=\"50 zabrinutih gra\u0111ana Kre\u0161eva su danas, u skladu sa obe\u0107anjem, iza\u0161li na ulice i blokirali tvornicu vapna Kre\u0161evo koja kako navode &#8221;radi bez va\u017ee\u0107ih dozvola i ugro\u017eava \u017eivot i zdravlje gra\u0111ana.&#8221; Naime, 20. velja\u010de istekla je okolinska dozvola za tvornicu vapna, a da je bez obzira na to, tvornica vapna nastavila sa svakodnevnim radom, priop\u0107io [&hellip;]\" \/>\n<meta property=\"og:url\" content=\"https:\/\/radioljubuski.ba\/index.php\/2022\/04\/18\/gradani-kreseva-blokirali-tvornicu-vapna\/\" \/>\n<meta property=\"og:site_name\" content=\"RADIO LJUBU\u0160KI\" \/>\n<meta property=\"article:publisher\" content=\"https:\/\/www.facebook.com\/Radiio-Ljubuski-1490835324566332\" \/>\n<meta property=\"article:published_time\" content=\"2022-04-18T21:51:33+00:00\" \/>\n<meta property=\"article:modified_time\" content=\"2022-04-18T21:51:34+00:00\" \/>\n<meta property=\"og:image\" content=\"https:\/\/radioljubuski.ba\/wp-content\/uploads\/2022\/04\/10-2022-04-18-18-48-15-2022-IV-18-Kresevo-Krecnjara-KGP-150x80-ss.jpg\" \/>\n\t<meta property=\"og:image:width\" content=\"1000\" \/>\n\t<meta property=\"og:image:height\" content=\"625\" \/>\n\t<meta property=\"og:image:type\" content=\"image\/jpeg\" \/>\n<meta name=\"author\" content=\"Radio Ljubu\u0161ki\" \/>\n<meta name=\"twitter:card\" content=\"summary_large_image\" \/>\n<meta name=\"twitter:creator\" content=\"@radioljubuski\" \/>\n<meta name=\"twitter:site\" content=\"@radioljubuski\" \/>\n<meta name=\"twitter:label1\" content=\"Napisao\/la\" \/>\n\t<meta name=\"twitter:data1\" content=\"Radio Ljubu\u0161ki\" \/>\n\t<meta name=\"twitter:label2\" content=\"Procijenjeno vrijeme \u010ditanja\" \/>\n\t<meta name=\"twitter:data2\" content=\"3 minute\" \/>\n<script type=\"application\/ld+json\" class=\"yoast-schema-graph\">{\"@context\":\"https:\\\/\\\/schema.org\",\"@graph\":[{\"@type\":\"Article\",\"@id\":\"https:\\\/\\\/radioljubuski.ba\\\/index.php\\\/2022\\\/04\\\/18\\\/gradani-kreseva-blokirali-tvornicu-vapna\\\/#article\",\"isPartOf\":{\"@id\":\"https:\\\/\\\/radioljubuski.ba\\\/index.php\\\/2022\\\/04\\\/18\\\/gradani-kreseva-blokirali-tvornicu-vapna\\\/\"},\"author\":{\"name\":\"Radio Ljubu\u0161ki\",\"@id\":\"https:\\\/\\\/radioljubuski.ba\\\/#\\\/schema\\\/person\\\/19fc700381a780f69665d7956c469e3b\"},\"headline\":\"Gra\u0111ani Kre\u0161eva blokirali tvornicu vapna\",\"datePublished\":\"2022-04-18T21:51:33+00:00\",\"dateModified\":\"2022-04-18T21:51:34+00:00\",\"mainEntityOfPage\":{\"@id\":\"https:\\\/\\\/radioljubuski.ba\\\/index.php\\\/2022\\\/04\\\/18\\\/gradani-kreseva-blokirali-tvornicu-vapna\\\/\"},\"wordCount\":636,\"publisher\":{\"@id\":\"https:\\\/\\\/radioljubuski.ba\\\/#organization\"},\"image\":{\"@id\":\"https:\\\/\\\/radioljubuski.ba\\\/index.php\\\/2022\\\/04\\\/18\\\/gradani-kreseva-blokirali-tvornicu-vapna\\\/#primaryimage\"},\"thumbnailUrl\":\"https:\\\/\\\/radioljubuski.ba\\\/wp-content\\\/uploads\\\/2022\\\/04\\\/10-2022-04-18-18-48-15-2022-IV-18-Kresevo-Krecnjara-KGP-150x80-ss.jpg\",\"articleSection\":[\"BIH i regija\"],\"inLanguage\":\"hr\"},{\"@type\":\"WebPage\",\"@id\":\"https:\\\/\\\/radioljubuski.ba\\\/index.php\\\/2022\\\/04\\\/18\\\/gradani-kreseva-blokirali-tvornicu-vapna\\\/\",\"url\":\"https:\\\/\\\/radioljubuski.ba\\\/index.php\\\/2022\\\/04\\\/18\\\/gradani-kreseva-blokirali-tvornicu-vapna\\\/\",\"name\":\"Gra\u0111ani Kre\u0161eva blokirali tvornicu vapna - RADIO LJUBU\u0160KI\",\"isPartOf\":{\"@id\":\"https:\\\/\\\/radioljubuski.ba\\\/#website\"},\"primaryImageOfPage\":{\"@id\":\"https:\\\/\\\/radioljubuski.ba\\\/index.php\\\/2022\\\/04\\\/18\\\/gradani-kreseva-blokirali-tvornicu-vapna\\\/#primaryimage\"},\"image\":{\"@id\":\"https:\\\/\\\/radioljubuski.ba\\\/index.php\\\/2022\\\/04\\\/18\\\/gradani-kreseva-blokirali-tvornicu-vapna\\\/#primaryimage\"},\"thumbnailUrl\":\"https:\\\/\\\/radioljubuski.ba\\\/wp-content\\\/uploads\\\/2022\\\/04\\\/10-2022-04-18-18-48-15-2022-IV-18-Kresevo-Krecnjara-KGP-150x80-ss.jpg\",\"datePublished\":\"2022-04-18T21:51:33+00:00\",\"dateModified\":\"2022-04-18T21:51:34+00:00\",\"breadcrumb\":{\"@id\":\"https:\\\/\\\/radioljubuski.ba\\\/index.php\\\/2022\\\/04\\\/18\\\/gradani-kreseva-blokirali-tvornicu-vapna\\\/#breadcrumb\"},\"inLanguage\":\"hr\",\"potentialAction\":[{\"@type\":\"ReadAction\",\"target\":[\"https:\\\/\\\/radioljubuski.ba\\\/index.php\\\/2022\\\/04\\\/18\\\/gradani-kreseva-blokirali-tvornicu-vapna\\\/\"]}]},{\"@type\":\"ImageObject\",\"inLanguage\":\"hr\",\"@id\":\"https:\\\/\\\/radioljubuski.ba\\\/index.php\\\/2022\\\/04\\\/18\\\/gradani-kreseva-blokirali-tvornicu-vapna\\\/#primaryimage\",\"url\":\"https:\\\/\\\/radioljubuski.ba\\\/wp-content\\\/uploads\\\/2022\\\/04\\\/10-2022-04-18-18-48-15-2022-IV-18-Kresevo-Krecnjara-KGP-150x80-ss.jpg\",\"contentUrl\":\"https:\\\/\\\/radioljubuski.ba\\\/wp-content\\\/uploads\\\/2022\\\/04\\\/10-2022-04-18-18-48-15-2022-IV-18-Kresevo-Krecnjara-KGP-150x80-ss.jpg\",\"width\":1000,\"height\":625},{\"@type\":\"BreadcrumbList\",\"@id\":\"https:\\\/\\\/radioljubuski.ba\\\/index.php\\\/2022\\\/04\\\/18\\\/gradani-kreseva-blokirali-tvornicu-vapna\\\/#breadcrumb\",\"itemListElement\":[{\"@type\":\"ListItem\",\"position\":1,\"name\":\"Po\u010detna stranica\",\"item\":\"https:\\\/\\\/radioljubuski.ba\\\/\"},{\"@type\":\"ListItem\",\"position\":2,\"name\":\"Gra\u0111ani Kre\u0161eva blokirali tvornicu vapna\"}]},{\"@type\":\"WebSite\",\"@id\":\"https:\\\/\\\/radioljubuski.ba\\\/#website\",\"url\":\"https:\\\/\\\/radioljubuski.ba\\\/\",\"name\":\"Radio Ljubu\u0161ki\",\"description\":\"Sun\u010dana frekvencija Hercegovine\",\"publisher\":{\"@id\":\"https:\\\/\\\/radioljubuski.ba\\\/#organization\"},\"potentialAction\":[{\"@type\":\"SearchAction\",\"target\":{\"@type\":\"EntryPoint\",\"urlTemplate\":\"https:\\\/\\\/radioljubuski.ba\\\/?s={search_term_string}\"},\"query-input\":{\"@type\":\"PropertyValueSpecification\",\"valueRequired\":true,\"valueName\":\"search_term_string\"}}],\"inLanguage\":\"hr\"},{\"@type\":\"Organization\",\"@id\":\"https:\\\/\\\/radioljubuski.ba\\\/#organization\",\"name\":\"Radio Ljubu\u0161ki\",\"url\":\"https:\\\/\\\/radioljubuski.ba\\\/\",\"logo\":{\"@type\":\"ImageObject\",\"inLanguage\":\"hr\",\"@id\":\"https:\\\/\\\/radioljubuski.ba\\\/#\\\/schema\\\/logo\\\/image\\\/\",\"url\":\"https:\\\/\\\/radioljubuski.ba\\\/wp-content\\\/uploads\\\/2021\\\/02\\\/cropped-Radio_Ljubuski_logo1.jpg\",\"contentUrl\":\"https:\\\/\\\/radioljubuski.ba\\\/wp-content\\\/uploads\\\/2021\\\/02\\\/cropped-Radio_Ljubuski_logo1.jpg\",\"width\":512,\"height\":512,\"caption\":\"Radio Ljubu\u0161ki\"},\"image\":{\"@id\":\"https:\\\/\\\/radioljubuski.ba\\\/#\\\/schema\\\/logo\\\/image\\\/\"},\"sameAs\":[\"https:\\\/\\\/www.facebook.com\\\/Radiio-Ljubuski-1490835324566332\",\"https:\\\/\\\/x.com\\\/radioljubuski\",\"https:\\\/\\\/hr.linkedin.com\\\/company\\\/radio-ljubuski\",\"https:\\\/\\\/www.youtube.com\\\/channel\\\/UCHYaeO_n0Db3tjNGudGpXyw\"]},{\"@type\":\"Person\",\"@id\":\"https:\\\/\\\/radioljubuski.ba\\\/#\\\/schema\\\/person\\\/19fc700381a780f69665d7956c469e3b\",\"name\":\"Radio Ljubu\u0161ki\"}]}<\/script>\n<!-- \/ Yoast SEO plugin. -->","yoast_head_json":{"title":"Gra\u0111ani Kre\u0161eva blokirali tvornicu vapna - RADIO LJUBU\u0160KI","robots":{"index":"index","follow":"follow","max-snippet":"max-snippet:-1","max-image-preview":"max-image-preview:large","max-video-preview":"max-video-preview:-1"},"canonical":"https:\/\/radioljubuski.ba\/index.php\/2022\/04\/18\/gradani-kreseva-blokirali-tvornicu-vapna\/","og_locale":"hr_HR","og_type":"article","og_title":"Gra\u0111ani Kre\u0161eva blokirali tvornicu vapna - RADIO LJUBU\u0160KI","og_description":"50 zabrinutih gra\u0111ana Kre\u0161eva su danas, u skladu sa obe\u0107anjem, iza\u0161li na ulice i blokirali tvornicu vapna Kre\u0161evo koja kako navode &#8221;radi bez va\u017ee\u0107ih dozvola i ugro\u017eava \u017eivot i zdravlje gra\u0111ana.&#8221; Naime, 20. velja\u010de istekla je okolinska dozvola za tvornicu vapna, a da je bez obzira na to, tvornica vapna nastavila sa svakodnevnim radom, priop\u0107io [&hellip;]","og_url":"https:\/\/radioljubuski.ba\/index.php\/2022\/04\/18\/gradani-kreseva-blokirali-tvornicu-vapna\/","og_site_name":"RADIO LJUBU\u0160KI","article_publisher":"https:\/\/www.facebook.com\/Radiio-Ljubuski-1490835324566332","article_published_time":"2022-04-18T21:51:33+00:00","article_modified_time":"2022-04-18T21:51:34+00:00","og_image":[{"width":1000,"height":625,"url":"https:\/\/radioljubuski.ba\/wp-content\/uploads\/2022\/04\/10-2022-04-18-18-48-15-2022-IV-18-Kresevo-Krecnjara-KGP-150x80-ss.jpg","type":"image\/jpeg"}],"author":"Radio Ljubu\u0161ki","twitter_card":"summary_large_image","twitter_creator":"@radioljubuski","twitter_site":"@radioljubuski","twitter_misc":{"Napisao\/la":"Radio Ljubu\u0161ki","Procijenjeno vrijeme \u010ditanja":"3 minute"},"schema":{"@context":"https:\/\/schema.org","@graph":[{"@type":"Article","@id":"https:\/\/radioljubuski.ba\/index.php\/2022\/04\/18\/gradani-kreseva-blokirali-tvornicu-vapna\/#article","isPartOf":{"@id":"https:\/\/radioljubuski.ba\/index.php\/2022\/04\/18\/gradani-kreseva-blokirali-tvornicu-vapna\/"},"author":{"name":"Radio Ljubu\u0161ki","@id":"https:\/\/radioljubuski.ba\/#\/schema\/person\/19fc700381a780f69665d7956c469e3b"},"headline":"Gra\u0111ani Kre\u0161eva blokirali tvornicu vapna","datePublished":"2022-04-18T21:51:33+00:00","dateModified":"2022-04-18T21:51:34+00:00","mainEntityOfPage":{"@id":"https:\/\/radioljubuski.ba\/index.php\/2022\/04\/18\/gradani-kreseva-blokirali-tvornicu-vapna\/"},"wordCount":636,"publisher":{"@id":"https:\/\/radioljubuski.ba\/#organization"},"image":{"@id":"https:\/\/radioljubuski.ba\/index.php\/2022\/04\/18\/gradani-kreseva-blokirali-tvornicu-vapna\/#primaryimage"},"thumbnailUrl":"https:\/\/radioljubuski.ba\/wp-content\/uploads\/2022\/04\/10-2022-04-18-18-48-15-2022-IV-18-Kresevo-Krecnjara-KGP-150x80-ss.jpg","articleSection":["BIH i regija"],"inLanguage":"hr"},{"@type":"WebPage","@id":"https:\/\/radioljubuski.ba\/index.php\/2022\/04\/18\/gradani-kreseva-blokirali-tvornicu-vapna\/","url":"https:\/\/radioljubuski.ba\/index.php\/2022\/04\/18\/gradani-kreseva-blokirali-tvornicu-vapna\/","name":"Gra\u0111ani Kre\u0161eva blokirali tvornicu vapna - RADIO LJUBU\u0160KI","isPartOf":{"@id":"https:\/\/radioljubuski.ba\/#website"},"primaryImageOfPage":{"@id":"https:\/\/radioljubuski.ba\/index.php\/2022\/04\/18\/gradani-kreseva-blokirali-tvornicu-vapna\/#primaryimage"},"image":{"@id":"https:\/\/radioljubuski.ba\/index.php\/2022\/04\/18\/gradani-kreseva-blokirali-tvornicu-vapna\/#primaryimage"},"thumbnailUrl":"https:\/\/radioljubuski.ba\/wp-content\/uploads\/2022\/04\/10-2022-04-18-18-48-15-2022-IV-18-Kresevo-Krecnjara-KGP-150x80-ss.jpg","datePublished":"2022-04-18T21:51:33+00:00","dateModified":"2022-04-18T21:51:34+00:00","breadcrumb":{"@id":"https:\/\/radioljubuski.ba\/index.php\/2022\/04\/18\/gradani-kreseva-blokirali-tvornicu-vapna\/#breadcrumb"},"inLanguage":"hr","potentialAction":[{"@type":"ReadAction","target":["https:\/\/radioljubuski.ba\/index.php\/2022\/04\/18\/gradani-kreseva-blokirali-tvornicu-vapna\/"]}]},{"@type":"ImageObject","inLanguage":"hr","@id":"https:\/\/radioljubuski.ba\/index.php\/2022\/04\/18\/gradani-kreseva-blokirali-tvornicu-vapna\/#primaryimage","url":"https:\/\/radioljubuski.ba\/wp-content\/uploads\/2022\/04\/10-2022-04-18-18-48-15-2022-IV-18-Kresevo-Krecnjara-KGP-150x80-ss.jpg","contentUrl":"https:\/\/radioljubuski.ba\/wp-content\/uploads\/2022\/04\/10-2022-04-18-18-48-15-2022-IV-18-Kresevo-Krecnjara-KGP-150x80-ss.jpg","width":1000,"height":625},{"@type":"BreadcrumbList","@id":"https:\/\/radioljubuski.ba\/index.php\/2022\/04\/18\/gradani-kreseva-blokirali-tvornicu-vapna\/#breadcrumb","itemListElement":[{"@type":"ListItem","position":1,"name":"Po\u010detna stranica","item":"https:\/\/radioljubuski.ba\/"},{"@type":"ListItem","position":2,"name":"Gra\u0111ani Kre\u0161eva blokirali tvornicu vapna"}]},{"@type":"WebSite","@id":"https:\/\/radioljubuski.ba\/#website","url":"https:\/\/radioljubuski.ba\/","name":"Radio Ljubu\u0161ki","description":"Sun\u010dana frekvencija Hercegovine","publisher":{"@id":"https:\/\/radioljubuski.ba\/#organization"},"potentialAction":[{"@type":"SearchAction","target":{"@type":"EntryPoint","urlTemplate":"https:\/\/radioljubuski.ba\/?s={search_term_string}"},"query-input":{"@type":"PropertyValueSpecification","valueRequired":true,"valueName":"search_term_string"}}],"inLanguage":"hr"},{"@type":"Organization","@id":"https:\/\/radioljubuski.ba\/#organization","name":"Radio Ljubu\u0161ki","url":"https:\/\/radioljubuski.ba\/","logo":{"@type":"ImageObject","inLanguage":"hr","@id":"https:\/\/radioljubuski.ba\/#\/schema\/logo\/image\/","url":"https:\/\/radioljubuski.ba\/wp-content\/uploads\/2021\/02\/cropped-Radio_Ljubuski_logo1.jpg","contentUrl":"https:\/\/radioljubuski.ba\/wp-content\/uploads\/2021\/02\/cropped-Radio_Ljubuski_logo1.jpg","width":512,"height":512,"caption":"Radio Ljubu\u0161ki"},"image":{"@id":"https:\/\/radioljubuski.ba\/#\/schema\/logo\/image\/"},"sameAs":["https:\/\/www.facebook.com\/Radiio-Ljubuski-1490835324566332","https:\/\/x.com\/radioljubuski","https:\/\/hr.linkedin.com\/company\/radio-ljubuski","https:\/\/www.youtube.com\/channel\/UCHYaeO_n0Db3tjNGudGpXyw"]},{"@type":"Person","@id":"https:\/\/radioljubuski.ba\/#\/schema\/person\/19fc700381a780f69665d7956c469e3b","name":"Radio Ljubu\u0161ki"}]}},"_links":{"self":[{"href":"https:\/\/radioljubuski.ba\/index.php\/wp-json\/wp\/v2\/posts\/133816","targetHints":{"allow":["GET"]}}],"collection":[{"href":"https:\/\/radioljubuski.ba\/index.php\/wp-json\/wp\/v2\/posts"}],"about":[{"href":"https:\/\/radioljubuski.ba\/index.php\/wp-json\/wp\/v2\/types\/post"}],"author":[{"embeddable":true,"href":"https:\/\/radioljubuski.ba\/index.php\/wp-json\/wp\/v2\/users\/2"}],"replies":[{"embeddable":true,"href":"https:\/\/radioljubuski.ba\/index.php\/wp-json\/wp\/v2\/comments?post=133816"}],"version-history":[{"count":1,"href":"https:\/\/radioljubuski.ba\/index.php\/wp-json\/wp\/v2\/posts\/133816\/revisions"}],"predecessor-version":[{"id":133818,"href":"https:\/\/radioljubuski.ba\/index.php\/wp-json\/wp\/v2\/posts\/133816\/revisions\/133818"}],"wp:featuredmedia":[{"embeddable":true,"href":"https:\/\/radioljubuski.ba\/index.php\/wp-json\/wp\/v2\/media\/133817"}],"wp:attachment":[{"href":"https:\/\/radioljubuski.ba\/index.php\/wp-json\/wp\/v2\/media?parent=133816"}],"wp:term":[{"taxonomy":"category","embeddable":true,"href":"https:\/\/radioljubuski.ba\/index.php\/wp-json\/wp\/v2\/categories?post=133816"},{"taxonomy":"post_tag","embeddable":true,"href":"https:\/\/radioljubuski.ba\/index.php\/wp-json\/wp\/v2\/tags?post=133816"}],"curies":[{"name":"wp","href":"https:\/\/api.w.org\/{rel}","templated":true}]}}