{"id":133822,"date":"2022-04-18T22:54:20","date_gmt":"2022-04-18T21:54:20","guid":{"rendered":"https:\/\/radioljubuski.ba\/?p=133822"},"modified":"2022-04-18T22:54:21","modified_gmt":"2022-04-18T21:54:21","slug":"branitelj-mariupolja-pisao-papi-ovako-izgleda-pakao-spasite-nas-iz-sotonskih-ruku","status":"publish","type":"post","link":"https:\/\/radioljubuski.ba\/index.php\/2022\/04\/18\/branitelj-mariupolja-pisao-papi-ovako-izgleda-pakao-spasite-nas-iz-sotonskih-ruku\/","title":{"rendered":"Branitelj Mariupolja pisao Papi: Ovako izgleda pakao. Spasite nas iz sotonskih ruku"},"content":{"rendered":"\n<p>Lu\u010dki grad Mariupolj u isto\u010dnoj Ukrajini i dalje odolijeva, dok Rusi, kako se \u010dini, posljednjih dana \u0161alju poja\u010danja u Ukrajinu, rekao je ameri\u010dki vojni du\u017enosnik. &#8220;Na\u0161a procjena je da se za Mariupolj i dalje vode borbe. Grad je i dalje pod prijetnjom zra\u010dnih napada, na udaru raketnih projektila i bombi te topni\u0161tva&#8221;, kazao je du\u017enosnik koji je \u017eelio ostati neimenovani.<\/p>\n\n\n\n<p>Prema njegovim rije\u010dima, trenutno se u jugoisto\u010dnoj i isto\u010dnoj Ukrajini nalazi 76 ruskih takti\u010dkih skupina, 11 vi\u0161e nego prije.&nbsp; Moskva je ranije objavila da je preuzela kontrolu nad tim ju\u017enim lu\u010dkim gradom&nbsp;nakon gotovo dva mjeseca krvavih borbi.<\/p>\n\n\n\n<p>Bojnik pisao Papi<\/p>\n\n\n\n<p>Bojnik Serhij&nbsp;Volina, zapovjednik 36. marinske brigade koja se jo\u0161 uvijek bori u Mariupolju, pisao je i papi Franji mole\u0107i za pomo\u0107, navode\u0107i da su \u017eene i djeca zato\u010dena zajedno s borcima u gradskoj \u010deli\u010dani.<\/p>\n\n\n\n<p>&#8220;Ovako izgleda pakao na zemlji&#8230; Vrijeme je za&nbsp;pomo\u0107 ne samo molitvama. Spasite na\u0161e \u017eivote iz&nbsp;sotonskih ruku&#8221;, navodi se u dijelovima&nbsp;pisma&nbsp;koje je tvitao ukrajinski veleposlanik u Vatikanu. Ukrajinske&nbsp;vlasti&nbsp;su&nbsp;zatra\u017eile&nbsp;od Rusije da omogu\u0107i&nbsp;humanitarne koridore iz Mariupolja i tamo\u0161nje tvornice Azovstal.<\/p>\n\n\n\n<p>&#8220;Tra\u017eimo da se hitno otvori humanitarni koridor od tvornice Azovstal, za \u017eene, djecu i ostale civile&#8221;, rekla je zamjenica premijera Irina Vere\u0161\u010duk. Azovstal je jedna od najve\u0107ih europskih metalur\u0161kih tvornica.&nbsp; Prote\u017ee se na 11 \u010detvornih kilometara i gleda na Azovsko more.<\/p>\n\n\n\n<p>Zauzimanje Mariupolja, glavne luke u regiji Donbas, bila bi strate\u0161ka nagrada za Rusiju, povezuju\u0107i teritorij koji dr\u017ee proruski separatisti na istoku s regijom Krim koja je anektirana Moskvi 2014. godine.<\/p>\n\n\n\n<p>Izvor:pogled.ba<\/p>\n","protected":false},"excerpt":{"rendered":"<p>Lu\u010dki grad Mariupolj u isto\u010dnoj Ukrajini i dalje odolijeva, dok Rusi, kako se \u010dini, posljednjih dana \u0161alju poja\u010danja u Ukrajinu, rekao je ameri\u010dki vojni du\u017enosnik. &#8220;Na\u0161a procjena je da se za Mariupolj i dalje vode borbe. Grad je i dalje pod prijetnjom zra\u010dnih napada, na udaru raketnih projektila i bombi te topni\u0161tva&#8221;, kazao je du\u017enosnik [&hellip;]<\/p>\n","protected":false},"author":2,"featured_media":133823,"comment_status":"closed","ping_status":"closed","sticky":false,"template":"","format":"standard","meta":{"h5ap_radio_sources":[],"footnotes":""},"categories":[1],"tags":[],"class_list":["post-133822","post","type-post","status-publish","format-standard","has-post-thumbnail","hentry","category-bihiregija"],"yoast_head":"<!-- This site is optimized with the Yoast SEO plugin v27.4 - https:\/\/yoast.com\/product\/yoast-seo-wordpress\/ -->\n<title>Branitelj Mariupolja pisao Papi: Ovako izgleda pakao. Spasite nas iz sotonskih ruku - RADIO LJUBU\u0160KI<\/title>\n<meta name=\"robots\" content=\"index, follow, max-snippet:-1, max-image-preview:large, max-video-preview:-1\" \/>\n<link rel=\"canonical\" href=\"https:\/\/radioljubuski.ba\/index.php\/2022\/04\/18\/branitelj-mariupolja-pisao-papi-ovako-izgleda-pakao-spasite-nas-iz-sotonskih-ruku\/\" \/>\n<meta property=\"og:locale\" content=\"hr_HR\" \/>\n<meta property=\"og:type\" content=\"article\" \/>\n<meta property=\"og:title\" content=\"Branitelj Mariupolja pisao Papi: Ovako izgleda pakao. Spasite nas iz sotonskih ruku - RADIO LJUBU\u0160KI\" \/>\n<meta property=\"og:description\" content=\"Lu\u010dki grad Mariupolj u isto\u010dnoj Ukrajini i dalje odolijeva, dok Rusi, kako se \u010dini, posljednjih dana \u0161alju poja\u010danja u Ukrajinu, rekao je ameri\u010dki vojni du\u017enosnik. &#8220;Na\u0161a procjena je da se za Mariupolj i dalje vode borbe. Grad je i dalje pod prijetnjom zra\u010dnih napada, na udaru raketnih projektila i bombi te topni\u0161tva&#8221;, kazao je du\u017enosnik [&hellip;]\" \/>\n<meta property=\"og:url\" content=\"https:\/\/radioljubuski.ba\/index.php\/2022\/04\/18\/branitelj-mariupolja-pisao-papi-ovako-izgleda-pakao-spasite-nas-iz-sotonskih-ruku\/\" \/>\n<meta property=\"og:site_name\" content=\"RADIO LJUBU\u0160KI\" \/>\n<meta property=\"article:publisher\" content=\"https:\/\/www.facebook.com\/Radiio-Ljubuski-1490835324566332\" \/>\n<meta property=\"article:published_time\" content=\"2022-04-18T21:54:20+00:00\" \/>\n<meta property=\"article:modified_time\" content=\"2022-04-18T21:54:21+00:00\" \/>\n<meta property=\"og:image\" content=\"https:\/\/radioljubuski.ba\/wp-content\/uploads\/2022\/04\/10-2022-04-18-19-33-48-575aa179-f603-4568-9bce-cbbe74418b44.jpg\" \/>\n\t<meta property=\"og:image:width\" content=\"1000\" \/>\n\t<meta property=\"og:image:height\" content=\"625\" \/>\n\t<meta property=\"og:image:type\" content=\"image\/jpeg\" \/>\n<meta name=\"author\" content=\"Radio Ljubu\u0161ki\" \/>\n<meta name=\"twitter:card\" content=\"summary_large_image\" \/>\n<meta name=\"twitter:creator\" content=\"@radioljubuski\" \/>\n<meta name=\"twitter:site\" content=\"@radioljubuski\" \/>\n<meta name=\"twitter:label1\" content=\"Napisao\/la\" \/>\n\t<meta name=\"twitter:data1\" content=\"Radio Ljubu\u0161ki\" \/>\n\t<meta name=\"twitter:label2\" content=\"Procijenjeno vrijeme \u010ditanja\" \/>\n\t<meta name=\"twitter:data2\" content=\"2 minute\" \/>\n<script type=\"application\/ld+json\" class=\"yoast-schema-graph\">{\"@context\":\"https:\\\/\\\/schema.org\",\"@graph\":[{\"@type\":\"Article\",\"@id\":\"https:\\\/\\\/radioljubuski.ba\\\/index.php\\\/2022\\\/04\\\/18\\\/branitelj-mariupolja-pisao-papi-ovako-izgleda-pakao-spasite-nas-iz-sotonskih-ruku\\\/#article\",\"isPartOf\":{\"@id\":\"https:\\\/\\\/radioljubuski.ba\\\/index.php\\\/2022\\\/04\\\/18\\\/branitelj-mariupolja-pisao-papi-ovako-izgleda-pakao-spasite-nas-iz-sotonskih-ruku\\\/\"},\"author\":{\"name\":\"Radio Ljubu\u0161ki\",\"@id\":\"https:\\\/\\\/radioljubuski.ba\\\/#\\\/schema\\\/person\\\/19fc700381a780f69665d7956c469e3b\"},\"headline\":\"Branitelj Mariupolja pisao Papi: Ovako izgleda pakao. Spasite nas iz sotonskih ruku\",\"datePublished\":\"2022-04-18T21:54:20+00:00\",\"dateModified\":\"2022-04-18T21:54:21+00:00\",\"mainEntityOfPage\":{\"@id\":\"https:\\\/\\\/radioljubuski.ba\\\/index.php\\\/2022\\\/04\\\/18\\\/branitelj-mariupolja-pisao-papi-ovako-izgleda-pakao-spasite-nas-iz-sotonskih-ruku\\\/\"},\"wordCount\":308,\"publisher\":{\"@id\":\"https:\\\/\\\/radioljubuski.ba\\\/#organization\"},\"image\":{\"@id\":\"https:\\\/\\\/radioljubuski.ba\\\/index.php\\\/2022\\\/04\\\/18\\\/branitelj-mariupolja-pisao-papi-ovako-izgleda-pakao-spasite-nas-iz-sotonskih-ruku\\\/#primaryimage\"},\"thumbnailUrl\":\"https:\\\/\\\/radioljubuski.ba\\\/wp-content\\\/uploads\\\/2022\\\/04\\\/10-2022-04-18-19-33-48-575aa179-f603-4568-9bce-cbbe74418b44.jpg\",\"articleSection\":[\"BIH i regija\"],\"inLanguage\":\"hr\"},{\"@type\":\"WebPage\",\"@id\":\"https:\\\/\\\/radioljubuski.ba\\\/index.php\\\/2022\\\/04\\\/18\\\/branitelj-mariupolja-pisao-papi-ovako-izgleda-pakao-spasite-nas-iz-sotonskih-ruku\\\/\",\"url\":\"https:\\\/\\\/radioljubuski.ba\\\/index.php\\\/2022\\\/04\\\/18\\\/branitelj-mariupolja-pisao-papi-ovako-izgleda-pakao-spasite-nas-iz-sotonskih-ruku\\\/\",\"name\":\"Branitelj Mariupolja pisao Papi: Ovako izgleda pakao. Spasite nas iz sotonskih ruku - RADIO LJUBU\u0160KI\",\"isPartOf\":{\"@id\":\"https:\\\/\\\/radioljubuski.ba\\\/#website\"},\"primaryImageOfPage\":{\"@id\":\"https:\\\/\\\/radioljubuski.ba\\\/index.php\\\/2022\\\/04\\\/18\\\/branitelj-mariupolja-pisao-papi-ovako-izgleda-pakao-spasite-nas-iz-sotonskih-ruku\\\/#primaryimage\"},\"image\":{\"@id\":\"https:\\\/\\\/radioljubuski.ba\\\/index.php\\\/2022\\\/04\\\/18\\\/branitelj-mariupolja-pisao-papi-ovako-izgleda-pakao-spasite-nas-iz-sotonskih-ruku\\\/#primaryimage\"},\"thumbnailUrl\":\"https:\\\/\\\/radioljubuski.ba\\\/wp-content\\\/uploads\\\/2022\\\/04\\\/10-2022-04-18-19-33-48-575aa179-f603-4568-9bce-cbbe74418b44.jpg\",\"datePublished\":\"2022-04-18T21:54:20+00:00\",\"dateModified\":\"2022-04-18T21:54:21+00:00\",\"breadcrumb\":{\"@id\":\"https:\\\/\\\/radioljubuski.ba\\\/index.php\\\/2022\\\/04\\\/18\\\/branitelj-mariupolja-pisao-papi-ovako-izgleda-pakao-spasite-nas-iz-sotonskih-ruku\\\/#breadcrumb\"},\"inLanguage\":\"hr\",\"potentialAction\":[{\"@type\":\"ReadAction\",\"target\":[\"https:\\\/\\\/radioljubuski.ba\\\/index.php\\\/2022\\\/04\\\/18\\\/branitelj-mariupolja-pisao-papi-ovako-izgleda-pakao-spasite-nas-iz-sotonskih-ruku\\\/\"]}]},{\"@type\":\"ImageObject\",\"inLanguage\":\"hr\",\"@id\":\"https:\\\/\\\/radioljubuski.ba\\\/index.php\\\/2022\\\/04\\\/18\\\/branitelj-mariupolja-pisao-papi-ovako-izgleda-pakao-spasite-nas-iz-sotonskih-ruku\\\/#primaryimage\",\"url\":\"https:\\\/\\\/radioljubuski.ba\\\/wp-content\\\/uploads\\\/2022\\\/04\\\/10-2022-04-18-19-33-48-575aa179-f603-4568-9bce-cbbe74418b44.jpg\",\"contentUrl\":\"https:\\\/\\\/radioljubuski.ba\\\/wp-content\\\/uploads\\\/2022\\\/04\\\/10-2022-04-18-19-33-48-575aa179-f603-4568-9bce-cbbe74418b44.jpg\",\"width\":1000,\"height\":625},{\"@type\":\"BreadcrumbList\",\"@id\":\"https:\\\/\\\/radioljubuski.ba\\\/index.php\\\/2022\\\/04\\\/18\\\/branitelj-mariupolja-pisao-papi-ovako-izgleda-pakao-spasite-nas-iz-sotonskih-ruku\\\/#breadcrumb\",\"itemListElement\":[{\"@type\":\"ListItem\",\"position\":1,\"name\":\"Po\u010detna stranica\",\"item\":\"https:\\\/\\\/radioljubuski.ba\\\/\"},{\"@type\":\"ListItem\",\"position\":2,\"name\":\"Branitelj Mariupolja pisao Papi: Ovako izgleda pakao. Spasite nas iz sotonskih ruku\"}]},{\"@type\":\"WebSite\",\"@id\":\"https:\\\/\\\/radioljubuski.ba\\\/#website\",\"url\":\"https:\\\/\\\/radioljubuski.ba\\\/\",\"name\":\"Radio Ljubu\u0161ki\",\"description\":\"Sun\u010dana frekvencija Hercegovine\",\"publisher\":{\"@id\":\"https:\\\/\\\/radioljubuski.ba\\\/#organization\"},\"potentialAction\":[{\"@type\":\"SearchAction\",\"target\":{\"@type\":\"EntryPoint\",\"urlTemplate\":\"https:\\\/\\\/radioljubuski.ba\\\/?s={search_term_string}\"},\"query-input\":{\"@type\":\"PropertyValueSpecification\",\"valueRequired\":true,\"valueName\":\"search_term_string\"}}],\"inLanguage\":\"hr\"},{\"@type\":\"Organization\",\"@id\":\"https:\\\/\\\/radioljubuski.ba\\\/#organization\",\"name\":\"Radio Ljubu\u0161ki\",\"url\":\"https:\\\/\\\/radioljubuski.ba\\\/\",\"logo\":{\"@type\":\"ImageObject\",\"inLanguage\":\"hr\",\"@id\":\"https:\\\/\\\/radioljubuski.ba\\\/#\\\/schema\\\/logo\\\/image\\\/\",\"url\":\"https:\\\/\\\/radioljubuski.ba\\\/wp-content\\\/uploads\\\/2021\\\/02\\\/cropped-Radio_Ljubuski_logo1.jpg\",\"contentUrl\":\"https:\\\/\\\/radioljubuski.ba\\\/wp-content\\\/uploads\\\/2021\\\/02\\\/cropped-Radio_Ljubuski_logo1.jpg\",\"width\":512,\"height\":512,\"caption\":\"Radio Ljubu\u0161ki\"},\"image\":{\"@id\":\"https:\\\/\\\/radioljubuski.ba\\\/#\\\/schema\\\/logo\\\/image\\\/\"},\"sameAs\":[\"https:\\\/\\\/www.facebook.com\\\/Radiio-Ljubuski-1490835324566332\",\"https:\\\/\\\/x.com\\\/radioljubuski\",\"https:\\\/\\\/hr.linkedin.com\\\/company\\\/radio-ljubuski\",\"https:\\\/\\\/www.youtube.com\\\/channel\\\/UCHYaeO_n0Db3tjNGudGpXyw\"]},{\"@type\":\"Person\",\"@id\":\"https:\\\/\\\/radioljubuski.ba\\\/#\\\/schema\\\/person\\\/19fc700381a780f69665d7956c469e3b\",\"name\":\"Radio Ljubu\u0161ki\"}]}<\/script>\n<!-- \/ Yoast SEO plugin. -->","yoast_head_json":{"title":"Branitelj Mariupolja pisao Papi: Ovako izgleda pakao. Spasite nas iz sotonskih ruku - RADIO LJUBU\u0160KI","robots":{"index":"index","follow":"follow","max-snippet":"max-snippet:-1","max-image-preview":"max-image-preview:large","max-video-preview":"max-video-preview:-1"},"canonical":"https:\/\/radioljubuski.ba\/index.php\/2022\/04\/18\/branitelj-mariupolja-pisao-papi-ovako-izgleda-pakao-spasite-nas-iz-sotonskih-ruku\/","og_locale":"hr_HR","og_type":"article","og_title":"Branitelj Mariupolja pisao Papi: Ovako izgleda pakao. Spasite nas iz sotonskih ruku - RADIO LJUBU\u0160KI","og_description":"Lu\u010dki grad Mariupolj u isto\u010dnoj Ukrajini i dalje odolijeva, dok Rusi, kako se \u010dini, posljednjih dana \u0161alju poja\u010danja u Ukrajinu, rekao je ameri\u010dki vojni du\u017enosnik. &#8220;Na\u0161a procjena je da se za Mariupolj i dalje vode borbe. Grad je i dalje pod prijetnjom zra\u010dnih napada, na udaru raketnih projektila i bombi te topni\u0161tva&#8221;, kazao je du\u017enosnik [&hellip;]","og_url":"https:\/\/radioljubuski.ba\/index.php\/2022\/04\/18\/branitelj-mariupolja-pisao-papi-ovako-izgleda-pakao-spasite-nas-iz-sotonskih-ruku\/","og_site_name":"RADIO LJUBU\u0160KI","article_publisher":"https:\/\/www.facebook.com\/Radiio-Ljubuski-1490835324566332","article_published_time":"2022-04-18T21:54:20+00:00","article_modified_time":"2022-04-18T21:54:21+00:00","og_image":[{"width":1000,"height":625,"url":"https:\/\/radioljubuski.ba\/wp-content\/uploads\/2022\/04\/10-2022-04-18-19-33-48-575aa179-f603-4568-9bce-cbbe74418b44.jpg","type":"image\/jpeg"}],"author":"Radio Ljubu\u0161ki","twitter_card":"summary_large_image","twitter_creator":"@radioljubuski","twitter_site":"@radioljubuski","twitter_misc":{"Napisao\/la":"Radio Ljubu\u0161ki","Procijenjeno vrijeme \u010ditanja":"2 minute"},"schema":{"@context":"https:\/\/schema.org","@graph":[{"@type":"Article","@id":"https:\/\/radioljubuski.ba\/index.php\/2022\/04\/18\/branitelj-mariupolja-pisao-papi-ovako-izgleda-pakao-spasite-nas-iz-sotonskih-ruku\/#article","isPartOf":{"@id":"https:\/\/radioljubuski.ba\/index.php\/2022\/04\/18\/branitelj-mariupolja-pisao-papi-ovako-izgleda-pakao-spasite-nas-iz-sotonskih-ruku\/"},"author":{"name":"Radio Ljubu\u0161ki","@id":"https:\/\/radioljubuski.ba\/#\/schema\/person\/19fc700381a780f69665d7956c469e3b"},"headline":"Branitelj Mariupolja pisao Papi: Ovako izgleda pakao. Spasite nas iz sotonskih ruku","datePublished":"2022-04-18T21:54:20+00:00","dateModified":"2022-04-18T21:54:21+00:00","mainEntityOfPage":{"@id":"https:\/\/radioljubuski.ba\/index.php\/2022\/04\/18\/branitelj-mariupolja-pisao-papi-ovako-izgleda-pakao-spasite-nas-iz-sotonskih-ruku\/"},"wordCount":308,"publisher":{"@id":"https:\/\/radioljubuski.ba\/#organization"},"image":{"@id":"https:\/\/radioljubuski.ba\/index.php\/2022\/04\/18\/branitelj-mariupolja-pisao-papi-ovako-izgleda-pakao-spasite-nas-iz-sotonskih-ruku\/#primaryimage"},"thumbnailUrl":"https:\/\/radioljubuski.ba\/wp-content\/uploads\/2022\/04\/10-2022-04-18-19-33-48-575aa179-f603-4568-9bce-cbbe74418b44.jpg","articleSection":["BIH i regija"],"inLanguage":"hr"},{"@type":"WebPage","@id":"https:\/\/radioljubuski.ba\/index.php\/2022\/04\/18\/branitelj-mariupolja-pisao-papi-ovako-izgleda-pakao-spasite-nas-iz-sotonskih-ruku\/","url":"https:\/\/radioljubuski.ba\/index.php\/2022\/04\/18\/branitelj-mariupolja-pisao-papi-ovako-izgleda-pakao-spasite-nas-iz-sotonskih-ruku\/","name":"Branitelj Mariupolja pisao Papi: Ovako izgleda pakao. Spasite nas iz sotonskih ruku - RADIO LJUBU\u0160KI","isPartOf":{"@id":"https:\/\/radioljubuski.ba\/#website"},"primaryImageOfPage":{"@id":"https:\/\/radioljubuski.ba\/index.php\/2022\/04\/18\/branitelj-mariupolja-pisao-papi-ovako-izgleda-pakao-spasite-nas-iz-sotonskih-ruku\/#primaryimage"},"image":{"@id":"https:\/\/radioljubuski.ba\/index.php\/2022\/04\/18\/branitelj-mariupolja-pisao-papi-ovako-izgleda-pakao-spasite-nas-iz-sotonskih-ruku\/#primaryimage"},"thumbnailUrl":"https:\/\/radioljubuski.ba\/wp-content\/uploads\/2022\/04\/10-2022-04-18-19-33-48-575aa179-f603-4568-9bce-cbbe74418b44.jpg","datePublished":"2022-04-18T21:54:20+00:00","dateModified":"2022-04-18T21:54:21+00:00","breadcrumb":{"@id":"https:\/\/radioljubuski.ba\/index.php\/2022\/04\/18\/branitelj-mariupolja-pisao-papi-ovako-izgleda-pakao-spasite-nas-iz-sotonskih-ruku\/#breadcrumb"},"inLanguage":"hr","potentialAction":[{"@type":"ReadAction","target":["https:\/\/radioljubuski.ba\/index.php\/2022\/04\/18\/branitelj-mariupolja-pisao-papi-ovako-izgleda-pakao-spasite-nas-iz-sotonskih-ruku\/"]}]},{"@type":"ImageObject","inLanguage":"hr","@id":"https:\/\/radioljubuski.ba\/index.php\/2022\/04\/18\/branitelj-mariupolja-pisao-papi-ovako-izgleda-pakao-spasite-nas-iz-sotonskih-ruku\/#primaryimage","url":"https:\/\/radioljubuski.ba\/wp-content\/uploads\/2022\/04\/10-2022-04-18-19-33-48-575aa179-f603-4568-9bce-cbbe74418b44.jpg","contentUrl":"https:\/\/radioljubuski.ba\/wp-content\/uploads\/2022\/04\/10-2022-04-18-19-33-48-575aa179-f603-4568-9bce-cbbe74418b44.jpg","width":1000,"height":625},{"@type":"BreadcrumbList","@id":"https:\/\/radioljubuski.ba\/index.php\/2022\/04\/18\/branitelj-mariupolja-pisao-papi-ovako-izgleda-pakao-spasite-nas-iz-sotonskih-ruku\/#breadcrumb","itemListElement":[{"@type":"ListItem","position":1,"name":"Po\u010detna stranica","item":"https:\/\/radioljubuski.ba\/"},{"@type":"ListItem","position":2,"name":"Branitelj Mariupolja pisao Papi: Ovako izgleda pakao. Spasite nas iz sotonskih ruku"}]},{"@type":"WebSite","@id":"https:\/\/radioljubuski.ba\/#website","url":"https:\/\/radioljubuski.ba\/","name":"Radio Ljubu\u0161ki","description":"Sun\u010dana frekvencija Hercegovine","publisher":{"@id":"https:\/\/radioljubuski.ba\/#organization"},"potentialAction":[{"@type":"SearchAction","target":{"@type":"EntryPoint","urlTemplate":"https:\/\/radioljubuski.ba\/?s={search_term_string}"},"query-input":{"@type":"PropertyValueSpecification","valueRequired":true,"valueName":"search_term_string"}}],"inLanguage":"hr"},{"@type":"Organization","@id":"https:\/\/radioljubuski.ba\/#organization","name":"Radio Ljubu\u0161ki","url":"https:\/\/radioljubuski.ba\/","logo":{"@type":"ImageObject","inLanguage":"hr","@id":"https:\/\/radioljubuski.ba\/#\/schema\/logo\/image\/","url":"https:\/\/radioljubuski.ba\/wp-content\/uploads\/2021\/02\/cropped-Radio_Ljubuski_logo1.jpg","contentUrl":"https:\/\/radioljubuski.ba\/wp-content\/uploads\/2021\/02\/cropped-Radio_Ljubuski_logo1.jpg","width":512,"height":512,"caption":"Radio Ljubu\u0161ki"},"image":{"@id":"https:\/\/radioljubuski.ba\/#\/schema\/logo\/image\/"},"sameAs":["https:\/\/www.facebook.com\/Radiio-Ljubuski-1490835324566332","https:\/\/x.com\/radioljubuski","https:\/\/hr.linkedin.com\/company\/radio-ljubuski","https:\/\/www.youtube.com\/channel\/UCHYaeO_n0Db3tjNGudGpXyw"]},{"@type":"Person","@id":"https:\/\/radioljubuski.ba\/#\/schema\/person\/19fc700381a780f69665d7956c469e3b","name":"Radio Ljubu\u0161ki"}]}},"_links":{"self":[{"href":"https:\/\/radioljubuski.ba\/index.php\/wp-json\/wp\/v2\/posts\/133822","targetHints":{"allow":["GET"]}}],"collection":[{"href":"https:\/\/radioljubuski.ba\/index.php\/wp-json\/wp\/v2\/posts"}],"about":[{"href":"https:\/\/radioljubuski.ba\/index.php\/wp-json\/wp\/v2\/types\/post"}],"author":[{"embeddable":true,"href":"https:\/\/radioljubuski.ba\/index.php\/wp-json\/wp\/v2\/users\/2"}],"replies":[{"embeddable":true,"href":"https:\/\/radioljubuski.ba\/index.php\/wp-json\/wp\/v2\/comments?post=133822"}],"version-history":[{"count":1,"href":"https:\/\/radioljubuski.ba\/index.php\/wp-json\/wp\/v2\/posts\/133822\/revisions"}],"predecessor-version":[{"id":133824,"href":"https:\/\/radioljubuski.ba\/index.php\/wp-json\/wp\/v2\/posts\/133822\/revisions\/133824"}],"wp:featuredmedia":[{"embeddable":true,"href":"https:\/\/radioljubuski.ba\/index.php\/wp-json\/wp\/v2\/media\/133823"}],"wp:attachment":[{"href":"https:\/\/radioljubuski.ba\/index.php\/wp-json\/wp\/v2\/media?parent=133822"}],"wp:term":[{"taxonomy":"category","embeddable":true,"href":"https:\/\/radioljubuski.ba\/index.php\/wp-json\/wp\/v2\/categories?post=133822"},{"taxonomy":"post_tag","embeddable":true,"href":"https:\/\/radioljubuski.ba\/index.php\/wp-json\/wp\/v2\/tags?post=133822"}],"curies":[{"name":"wp","href":"https:\/\/api.w.org\/{rel}","templated":true}]}}