{"id":133913,"date":"2022-04-19T07:45:50","date_gmt":"2022-04-19T06:45:50","guid":{"rendered":"https:\/\/radioljubuski.ba\/?p=133913"},"modified":"2022-04-19T07:45:51","modified_gmt":"2022-04-19T06:45:51","slug":"cadiz-srusio-barcelonu-na-camp-nou","status":"publish","type":"post","link":"https:\/\/radioljubuski.ba\/index.php\/2022\/04\/19\/cadiz-srusio-barcelonu-na-camp-nou\/","title":{"rendered":"Cadiz sru\u0161io Barcelonu na Camp Nou"},"content":{"rendered":"\n<p>Senzacionalnom 1-0 (0-0) gostuju\u0107om pobjedom protiv Barcelone na Camp Nou u posljednjem dvoboju 32. kola \u0161panjolskog nogometnog prvenstva Cadiz je pobjegao iz zone ispadanja.<\/p>\n\n\n\n<p>Strijelac gola vrijednog tri boda bio je\u00a0<strong>Lucas Perez<\/strong>\u00a0u 48. minuti. Ovom pobjedom Cadiz je sa 31 bodom sko\u010dio na 16. mjesto, dva boda manje imaju 17. Granada i 18. Mallorca, koja je sada kliznula u zonu ispadanja.Druga Barcelona je, pak, ostala na 60 bodova, koliko imaju i tre\u0107i Atletico te \u010detvrta Sevilla, ali Barcelona je odigrala susret manje. Vode\u0107i Real Madrid ima 75 bodova te je prakti\u010dki osigurao naslov prvaka.<\/p>\n\n\n\n<p>izvor: hrt.hr<\/p>\n","protected":false},"excerpt":{"rendered":"<p>Senzacionalnom 1-0 (0-0) gostuju\u0107om pobjedom protiv Barcelone na Camp Nou u posljednjem dvoboju 32. kola \u0161panjolskog nogometnog prvenstva Cadiz je pobjegao iz zone ispadanja. Strijelac gola vrijednog tri boda bio je\u00a0Lucas Perez\u00a0u 48. minuti. Ovom pobjedom Cadiz je sa 31 bodom sko\u010dio na 16. mjesto, dva boda manje imaju 17. Granada i 18. Mallorca, koja [&hellip;]<\/p>\n","protected":false},"author":2,"featured_media":133914,"comment_status":"closed","ping_status":"closed","sticky":false,"template":"","format":"standard","meta":{"h5ap_radio_sources":[],"footnotes":""},"categories":[7],"tags":[],"class_list":["post-133913","post","type-post","status-publish","format-standard","has-post-thumbnail","hentry","category-sport"],"yoast_head":"<!-- This site is optimized with the Yoast SEO plugin v27.4 - https:\/\/yoast.com\/product\/yoast-seo-wordpress\/ -->\n<title>Cadiz sru\u0161io Barcelonu na Camp Nou - RADIO LJUBU\u0160KI<\/title>\n<meta name=\"robots\" content=\"index, follow, max-snippet:-1, max-image-preview:large, max-video-preview:-1\" \/>\n<link rel=\"canonical\" href=\"https:\/\/radioljubuski.ba\/index.php\/2022\/04\/19\/cadiz-srusio-barcelonu-na-camp-nou\/\" \/>\n<meta property=\"og:locale\" content=\"hr_HR\" \/>\n<meta property=\"og:type\" content=\"article\" \/>\n<meta property=\"og:title\" content=\"Cadiz sru\u0161io Barcelonu na Camp Nou - RADIO LJUBU\u0160KI\" \/>\n<meta property=\"og:description\" content=\"Senzacionalnom 1-0 (0-0) gostuju\u0107om pobjedom protiv Barcelone na Camp Nou u posljednjem dvoboju 32. kola \u0161panjolskog nogometnog prvenstva Cadiz je pobjegao iz zone ispadanja. Strijelac gola vrijednog tri boda bio je\u00a0Lucas Perez\u00a0u 48. minuti. Ovom pobjedom Cadiz je sa 31 bodom sko\u010dio na 16. mjesto, dva boda manje imaju 17. Granada i 18. Mallorca, koja [&hellip;]\" \/>\n<meta property=\"og:url\" content=\"https:\/\/radioljubuski.ba\/index.php\/2022\/04\/19\/cadiz-srusio-barcelonu-na-camp-nou\/\" \/>\n<meta property=\"og:site_name\" content=\"RADIO LJUBU\u0160KI\" \/>\n<meta property=\"article:publisher\" content=\"https:\/\/www.facebook.com\/Radiio-Ljubuski-1490835324566332\" \/>\n<meta property=\"article:published_time\" content=\"2022-04-19T06:45:50+00:00\" \/>\n<meta property=\"article:modified_time\" content=\"2022-04-19T06:45:51+00:00\" \/>\n<meta property=\"og:image\" content=\"https:\/\/radioljubuski.ba\/wp-content\/uploads\/2022\/04\/cadiz.jpg\" \/>\n\t<meta property=\"og:image:width\" content=\"300\" \/>\n\t<meta property=\"og:image:height\" content=\"168\" \/>\n\t<meta property=\"og:image:type\" content=\"image\/jpeg\" \/>\n<meta name=\"author\" content=\"Radio Ljubu\u0161ki\" \/>\n<meta name=\"twitter:card\" content=\"summary_large_image\" \/>\n<meta name=\"twitter:creator\" content=\"@radioljubuski\" \/>\n<meta name=\"twitter:site\" content=\"@radioljubuski\" \/>\n<meta name=\"twitter:label1\" content=\"Napisao\/la\" \/>\n\t<meta name=\"twitter:data1\" content=\"Radio Ljubu\u0161ki\" \/>\n\t<meta name=\"twitter:label2\" content=\"Procijenjeno vrijeme \u010ditanja\" \/>\n\t<meta name=\"twitter:data2\" content=\"1 minuta\" \/>\n<script type=\"application\/ld+json\" class=\"yoast-schema-graph\">{\"@context\":\"https:\\\/\\\/schema.org\",\"@graph\":[{\"@type\":\"Article\",\"@id\":\"https:\\\/\\\/radioljubuski.ba\\\/index.php\\\/2022\\\/04\\\/19\\\/cadiz-srusio-barcelonu-na-camp-nou\\\/#article\",\"isPartOf\":{\"@id\":\"https:\\\/\\\/radioljubuski.ba\\\/index.php\\\/2022\\\/04\\\/19\\\/cadiz-srusio-barcelonu-na-camp-nou\\\/\"},\"author\":{\"name\":\"Radio Ljubu\u0161ki\",\"@id\":\"https:\\\/\\\/radioljubuski.ba\\\/#\\\/schema\\\/person\\\/19fc700381a780f69665d7956c469e3b\"},\"headline\":\"Cadiz sru\u0161io Barcelonu na Camp Nou\",\"datePublished\":\"2022-04-19T06:45:50+00:00\",\"dateModified\":\"2022-04-19T06:45:51+00:00\",\"mainEntityOfPage\":{\"@id\":\"https:\\\/\\\/radioljubuski.ba\\\/index.php\\\/2022\\\/04\\\/19\\\/cadiz-srusio-barcelonu-na-camp-nou\\\/\"},\"wordCount\":104,\"publisher\":{\"@id\":\"https:\\\/\\\/radioljubuski.ba\\\/#organization\"},\"image\":{\"@id\":\"https:\\\/\\\/radioljubuski.ba\\\/index.php\\\/2022\\\/04\\\/19\\\/cadiz-srusio-barcelonu-na-camp-nou\\\/#primaryimage\"},\"thumbnailUrl\":\"https:\\\/\\\/radioljubuski.ba\\\/wp-content\\\/uploads\\\/2022\\\/04\\\/cadiz.jpg\",\"articleSection\":[\"\u0160port\"],\"inLanguage\":\"hr\"},{\"@type\":\"WebPage\",\"@id\":\"https:\\\/\\\/radioljubuski.ba\\\/index.php\\\/2022\\\/04\\\/19\\\/cadiz-srusio-barcelonu-na-camp-nou\\\/\",\"url\":\"https:\\\/\\\/radioljubuski.ba\\\/index.php\\\/2022\\\/04\\\/19\\\/cadiz-srusio-barcelonu-na-camp-nou\\\/\",\"name\":\"Cadiz sru\u0161io Barcelonu na Camp Nou - RADIO LJUBU\u0160KI\",\"isPartOf\":{\"@id\":\"https:\\\/\\\/radioljubuski.ba\\\/#website\"},\"primaryImageOfPage\":{\"@id\":\"https:\\\/\\\/radioljubuski.ba\\\/index.php\\\/2022\\\/04\\\/19\\\/cadiz-srusio-barcelonu-na-camp-nou\\\/#primaryimage\"},\"image\":{\"@id\":\"https:\\\/\\\/radioljubuski.ba\\\/index.php\\\/2022\\\/04\\\/19\\\/cadiz-srusio-barcelonu-na-camp-nou\\\/#primaryimage\"},\"thumbnailUrl\":\"https:\\\/\\\/radioljubuski.ba\\\/wp-content\\\/uploads\\\/2022\\\/04\\\/cadiz.jpg\",\"datePublished\":\"2022-04-19T06:45:50+00:00\",\"dateModified\":\"2022-04-19T06:45:51+00:00\",\"breadcrumb\":{\"@id\":\"https:\\\/\\\/radioljubuski.ba\\\/index.php\\\/2022\\\/04\\\/19\\\/cadiz-srusio-barcelonu-na-camp-nou\\\/#breadcrumb\"},\"inLanguage\":\"hr\",\"potentialAction\":[{\"@type\":\"ReadAction\",\"target\":[\"https:\\\/\\\/radioljubuski.ba\\\/index.php\\\/2022\\\/04\\\/19\\\/cadiz-srusio-barcelonu-na-camp-nou\\\/\"]}]},{\"@type\":\"ImageObject\",\"inLanguage\":\"hr\",\"@id\":\"https:\\\/\\\/radioljubuski.ba\\\/index.php\\\/2022\\\/04\\\/19\\\/cadiz-srusio-barcelonu-na-camp-nou\\\/#primaryimage\",\"url\":\"https:\\\/\\\/radioljubuski.ba\\\/wp-content\\\/uploads\\\/2022\\\/04\\\/cadiz.jpg\",\"contentUrl\":\"https:\\\/\\\/radioljubuski.ba\\\/wp-content\\\/uploads\\\/2022\\\/04\\\/cadiz.jpg\",\"width\":300,\"height\":168},{\"@type\":\"BreadcrumbList\",\"@id\":\"https:\\\/\\\/radioljubuski.ba\\\/index.php\\\/2022\\\/04\\\/19\\\/cadiz-srusio-barcelonu-na-camp-nou\\\/#breadcrumb\",\"itemListElement\":[{\"@type\":\"ListItem\",\"position\":1,\"name\":\"Po\u010detna stranica\",\"item\":\"https:\\\/\\\/radioljubuski.ba\\\/\"},{\"@type\":\"ListItem\",\"position\":2,\"name\":\"Cadiz sru\u0161io Barcelonu na Camp Nou\"}]},{\"@type\":\"WebSite\",\"@id\":\"https:\\\/\\\/radioljubuski.ba\\\/#website\",\"url\":\"https:\\\/\\\/radioljubuski.ba\\\/\",\"name\":\"Radio Ljubu\u0161ki\",\"description\":\"Sun\u010dana frekvencija Hercegovine\",\"publisher\":{\"@id\":\"https:\\\/\\\/radioljubuski.ba\\\/#organization\"},\"potentialAction\":[{\"@type\":\"SearchAction\",\"target\":{\"@type\":\"EntryPoint\",\"urlTemplate\":\"https:\\\/\\\/radioljubuski.ba\\\/?s={search_term_string}\"},\"query-input\":{\"@type\":\"PropertyValueSpecification\",\"valueRequired\":true,\"valueName\":\"search_term_string\"}}],\"inLanguage\":\"hr\"},{\"@type\":\"Organization\",\"@id\":\"https:\\\/\\\/radioljubuski.ba\\\/#organization\",\"name\":\"Radio Ljubu\u0161ki\",\"url\":\"https:\\\/\\\/radioljubuski.ba\\\/\",\"logo\":{\"@type\":\"ImageObject\",\"inLanguage\":\"hr\",\"@id\":\"https:\\\/\\\/radioljubuski.ba\\\/#\\\/schema\\\/logo\\\/image\\\/\",\"url\":\"https:\\\/\\\/radioljubuski.ba\\\/wp-content\\\/uploads\\\/2021\\\/02\\\/cropped-Radio_Ljubuski_logo1.jpg\",\"contentUrl\":\"https:\\\/\\\/radioljubuski.ba\\\/wp-content\\\/uploads\\\/2021\\\/02\\\/cropped-Radio_Ljubuski_logo1.jpg\",\"width\":512,\"height\":512,\"caption\":\"Radio Ljubu\u0161ki\"},\"image\":{\"@id\":\"https:\\\/\\\/radioljubuski.ba\\\/#\\\/schema\\\/logo\\\/image\\\/\"},\"sameAs\":[\"https:\\\/\\\/www.facebook.com\\\/Radiio-Ljubuski-1490835324566332\",\"https:\\\/\\\/x.com\\\/radioljubuski\",\"https:\\\/\\\/hr.linkedin.com\\\/company\\\/radio-ljubuski\",\"https:\\\/\\\/www.youtube.com\\\/channel\\\/UCHYaeO_n0Db3tjNGudGpXyw\"]},{\"@type\":\"Person\",\"@id\":\"https:\\\/\\\/radioljubuski.ba\\\/#\\\/schema\\\/person\\\/19fc700381a780f69665d7956c469e3b\",\"name\":\"Radio Ljubu\u0161ki\"}]}<\/script>\n<!-- \/ Yoast SEO plugin. -->","yoast_head_json":{"title":"Cadiz sru\u0161io Barcelonu na Camp Nou - RADIO LJUBU\u0160KI","robots":{"index":"index","follow":"follow","max-snippet":"max-snippet:-1","max-image-preview":"max-image-preview:large","max-video-preview":"max-video-preview:-1"},"canonical":"https:\/\/radioljubuski.ba\/index.php\/2022\/04\/19\/cadiz-srusio-barcelonu-na-camp-nou\/","og_locale":"hr_HR","og_type":"article","og_title":"Cadiz sru\u0161io Barcelonu na Camp Nou - RADIO LJUBU\u0160KI","og_description":"Senzacionalnom 1-0 (0-0) gostuju\u0107om pobjedom protiv Barcelone na Camp Nou u posljednjem dvoboju 32. kola \u0161panjolskog nogometnog prvenstva Cadiz je pobjegao iz zone ispadanja. Strijelac gola vrijednog tri boda bio je\u00a0Lucas Perez\u00a0u 48. minuti. Ovom pobjedom Cadiz je sa 31 bodom sko\u010dio na 16. mjesto, dva boda manje imaju 17. Granada i 18. Mallorca, koja [&hellip;]","og_url":"https:\/\/radioljubuski.ba\/index.php\/2022\/04\/19\/cadiz-srusio-barcelonu-na-camp-nou\/","og_site_name":"RADIO LJUBU\u0160KI","article_publisher":"https:\/\/www.facebook.com\/Radiio-Ljubuski-1490835324566332","article_published_time":"2022-04-19T06:45:50+00:00","article_modified_time":"2022-04-19T06:45:51+00:00","og_image":[{"width":300,"height":168,"url":"https:\/\/radioljubuski.ba\/wp-content\/uploads\/2022\/04\/cadiz.jpg","type":"image\/jpeg"}],"author":"Radio Ljubu\u0161ki","twitter_card":"summary_large_image","twitter_creator":"@radioljubuski","twitter_site":"@radioljubuski","twitter_misc":{"Napisao\/la":"Radio Ljubu\u0161ki","Procijenjeno vrijeme \u010ditanja":"1 minuta"},"schema":{"@context":"https:\/\/schema.org","@graph":[{"@type":"Article","@id":"https:\/\/radioljubuski.ba\/index.php\/2022\/04\/19\/cadiz-srusio-barcelonu-na-camp-nou\/#article","isPartOf":{"@id":"https:\/\/radioljubuski.ba\/index.php\/2022\/04\/19\/cadiz-srusio-barcelonu-na-camp-nou\/"},"author":{"name":"Radio Ljubu\u0161ki","@id":"https:\/\/radioljubuski.ba\/#\/schema\/person\/19fc700381a780f69665d7956c469e3b"},"headline":"Cadiz sru\u0161io Barcelonu na Camp Nou","datePublished":"2022-04-19T06:45:50+00:00","dateModified":"2022-04-19T06:45:51+00:00","mainEntityOfPage":{"@id":"https:\/\/radioljubuski.ba\/index.php\/2022\/04\/19\/cadiz-srusio-barcelonu-na-camp-nou\/"},"wordCount":104,"publisher":{"@id":"https:\/\/radioljubuski.ba\/#organization"},"image":{"@id":"https:\/\/radioljubuski.ba\/index.php\/2022\/04\/19\/cadiz-srusio-barcelonu-na-camp-nou\/#primaryimage"},"thumbnailUrl":"https:\/\/radioljubuski.ba\/wp-content\/uploads\/2022\/04\/cadiz.jpg","articleSection":["\u0160port"],"inLanguage":"hr"},{"@type":"WebPage","@id":"https:\/\/radioljubuski.ba\/index.php\/2022\/04\/19\/cadiz-srusio-barcelonu-na-camp-nou\/","url":"https:\/\/radioljubuski.ba\/index.php\/2022\/04\/19\/cadiz-srusio-barcelonu-na-camp-nou\/","name":"Cadiz sru\u0161io Barcelonu na Camp Nou - RADIO LJUBU\u0160KI","isPartOf":{"@id":"https:\/\/radioljubuski.ba\/#website"},"primaryImageOfPage":{"@id":"https:\/\/radioljubuski.ba\/index.php\/2022\/04\/19\/cadiz-srusio-barcelonu-na-camp-nou\/#primaryimage"},"image":{"@id":"https:\/\/radioljubuski.ba\/index.php\/2022\/04\/19\/cadiz-srusio-barcelonu-na-camp-nou\/#primaryimage"},"thumbnailUrl":"https:\/\/radioljubuski.ba\/wp-content\/uploads\/2022\/04\/cadiz.jpg","datePublished":"2022-04-19T06:45:50+00:00","dateModified":"2022-04-19T06:45:51+00:00","breadcrumb":{"@id":"https:\/\/radioljubuski.ba\/index.php\/2022\/04\/19\/cadiz-srusio-barcelonu-na-camp-nou\/#breadcrumb"},"inLanguage":"hr","potentialAction":[{"@type":"ReadAction","target":["https:\/\/radioljubuski.ba\/index.php\/2022\/04\/19\/cadiz-srusio-barcelonu-na-camp-nou\/"]}]},{"@type":"ImageObject","inLanguage":"hr","@id":"https:\/\/radioljubuski.ba\/index.php\/2022\/04\/19\/cadiz-srusio-barcelonu-na-camp-nou\/#primaryimage","url":"https:\/\/radioljubuski.ba\/wp-content\/uploads\/2022\/04\/cadiz.jpg","contentUrl":"https:\/\/radioljubuski.ba\/wp-content\/uploads\/2022\/04\/cadiz.jpg","width":300,"height":168},{"@type":"BreadcrumbList","@id":"https:\/\/radioljubuski.ba\/index.php\/2022\/04\/19\/cadiz-srusio-barcelonu-na-camp-nou\/#breadcrumb","itemListElement":[{"@type":"ListItem","position":1,"name":"Po\u010detna stranica","item":"https:\/\/radioljubuski.ba\/"},{"@type":"ListItem","position":2,"name":"Cadiz sru\u0161io Barcelonu na Camp Nou"}]},{"@type":"WebSite","@id":"https:\/\/radioljubuski.ba\/#website","url":"https:\/\/radioljubuski.ba\/","name":"Radio Ljubu\u0161ki","description":"Sun\u010dana frekvencija Hercegovine","publisher":{"@id":"https:\/\/radioljubuski.ba\/#organization"},"potentialAction":[{"@type":"SearchAction","target":{"@type":"EntryPoint","urlTemplate":"https:\/\/radioljubuski.ba\/?s={search_term_string}"},"query-input":{"@type":"PropertyValueSpecification","valueRequired":true,"valueName":"search_term_string"}}],"inLanguage":"hr"},{"@type":"Organization","@id":"https:\/\/radioljubuski.ba\/#organization","name":"Radio Ljubu\u0161ki","url":"https:\/\/radioljubuski.ba\/","logo":{"@type":"ImageObject","inLanguage":"hr","@id":"https:\/\/radioljubuski.ba\/#\/schema\/logo\/image\/","url":"https:\/\/radioljubuski.ba\/wp-content\/uploads\/2021\/02\/cropped-Radio_Ljubuski_logo1.jpg","contentUrl":"https:\/\/radioljubuski.ba\/wp-content\/uploads\/2021\/02\/cropped-Radio_Ljubuski_logo1.jpg","width":512,"height":512,"caption":"Radio Ljubu\u0161ki"},"image":{"@id":"https:\/\/radioljubuski.ba\/#\/schema\/logo\/image\/"},"sameAs":["https:\/\/www.facebook.com\/Radiio-Ljubuski-1490835324566332","https:\/\/x.com\/radioljubuski","https:\/\/hr.linkedin.com\/company\/radio-ljubuski","https:\/\/www.youtube.com\/channel\/UCHYaeO_n0Db3tjNGudGpXyw"]},{"@type":"Person","@id":"https:\/\/radioljubuski.ba\/#\/schema\/person\/19fc700381a780f69665d7956c469e3b","name":"Radio Ljubu\u0161ki"}]}},"_links":{"self":[{"href":"https:\/\/radioljubuski.ba\/index.php\/wp-json\/wp\/v2\/posts\/133913","targetHints":{"allow":["GET"]}}],"collection":[{"href":"https:\/\/radioljubuski.ba\/index.php\/wp-json\/wp\/v2\/posts"}],"about":[{"href":"https:\/\/radioljubuski.ba\/index.php\/wp-json\/wp\/v2\/types\/post"}],"author":[{"embeddable":true,"href":"https:\/\/radioljubuski.ba\/index.php\/wp-json\/wp\/v2\/users\/2"}],"replies":[{"embeddable":true,"href":"https:\/\/radioljubuski.ba\/index.php\/wp-json\/wp\/v2\/comments?post=133913"}],"version-history":[{"count":1,"href":"https:\/\/radioljubuski.ba\/index.php\/wp-json\/wp\/v2\/posts\/133913\/revisions"}],"predecessor-version":[{"id":133915,"href":"https:\/\/radioljubuski.ba\/index.php\/wp-json\/wp\/v2\/posts\/133913\/revisions\/133915"}],"wp:featuredmedia":[{"embeddable":true,"href":"https:\/\/radioljubuski.ba\/index.php\/wp-json\/wp\/v2\/media\/133914"}],"wp:attachment":[{"href":"https:\/\/radioljubuski.ba\/index.php\/wp-json\/wp\/v2\/media?parent=133913"}],"wp:term":[{"taxonomy":"category","embeddable":true,"href":"https:\/\/radioljubuski.ba\/index.php\/wp-json\/wp\/v2\/categories?post=133913"},{"taxonomy":"post_tag","embeddable":true,"href":"https:\/\/radioljubuski.ba\/index.php\/wp-json\/wp\/v2\/tags?post=133913"}],"curies":[{"name":"wp","href":"https:\/\/api.w.org\/{rel}","templated":true}]}}