{"id":133934,"date":"2022-04-19T09:13:42","date_gmt":"2022-04-19T08:13:42","guid":{"rendered":"https:\/\/radioljubuski.ba\/?p=133934"},"modified":"2022-04-19T09:13:43","modified_gmt":"2022-04-19T08:13:43","slug":"najava-proslava-sv-jure-na-mostarskim-vratima","status":"publish","type":"post","link":"https:\/\/radioljubuski.ba\/index.php\/2022\/04\/19\/najava-proslava-sv-jure-na-mostarskim-vratima\/","title":{"rendered":"Najava: Proslava sv. Jure na Mostarskim Vratima"},"content":{"rendered":"\n<p>Sv. Jure jedan je naj\u0161tovanijih svetaca u kr\u0161\u0107anstvu, a njegov lik iznimno je ra\u0161iren u hrvatskoj kulturnoj ba\u0161tini. <\/p>\n\n\n\n<p>Posebno ga se slavi na Mostarskim Vratima gdje \u0107e u subotu, 23. travnja, biti uprili\u010dena proslava ovog sveca.  Sve\u010dana sveta misa s blagoslovom polja po\u010deti \u0107e u subotu u 11. sati. <\/p>\n\n\n\n<p>Mje\u0161tani se za  blagdan sv. Jure pripremaju trodnevnicom. <\/p>\n\n\n\n<p>Crkva na Mostarskim Vratima po ovome svecu nosi ime.<br><br>Kamen temeljac za podru\u010dnu crkvu na Mostarskim Vratima, posve\u0107enu sv. Juri, blagoslovio je papa Ivan Pavao II. za svoga pohoda Sarajevu 13. travnja 1997. <\/p>\n\n\n\n<p>Radove na crkvi potaknuo je tada\u0161nji huma\u010dki \u017eupnik fra Velimir Mandi\u0107, a vodio ih je Danilo Lu\u010di\u0107. Uz crkvu je gra\u0111en i dom, kao i malonogometno igrali\u0161te, pro\u0161ireno je i ure\u0111eno groblje, te pro\u0161ireni i asfaltirani pristupni putovi. <\/p>\n\n\n\n<p>Svi su ti radovi trajali dvije godine, a izgradnja crkve dovr\u0161ena je za godinu dana. Crkvu je blagoslovio biskup mons. Ratko Peri\u0107 23. travnja 1998. istoga dana provincijal fra Tomislav Pervan blagoslovio je Dom sv. Jure. <\/p>\n\n\n\n<p>Crkvu je oslikao umjetni\u010dkim slikama akad. kipar Stjepan Skoko iz Graba. Te su godine mostarska vrata imala 106 obitelji s oko 430 \u017eitelja. Sljede\u0107e godine postavljen je Kri\u017eni put, rad akad. slikara \u0110ure Sedera, kao i tri mozaika slikarice Bla\u017eenke Salavarde.<\/p>\n\n\n\n<p><strong>O svetom Juri<\/strong><\/p>\n\n\n\n<p>Sv. Juru se ubraja u \u010cetrnaest svetih pomo\u0107nika. Zagovara ga se kod ratne opasnosti, groznice, kuge, za lijepo vrijeme i za\u0161titnik je doma\u0107ih \u017eivotinja, zemlje, usjeva, ratara, pastira, svih obrta u svezi s ratovanjem i dr.<\/p>\n\n\n\n<p>Izbor imena imena Jure u starim je vremenima imao svoj simboli\u010dko zna\u010denje, jer se smatralo da je \u010dovjek pod imenom svetog Jure za\u0161ti\u0107eniji od svih napada i hrabriji, da im se othrva. Simbolika pobjede sv. Jure nad zmajem predstavlja pobjedu nad nemani zastra\u0161uju\u0107ih i opasnih svojstava. Sv. Jure se zaziva u pomo\u0107 u raznim opasnostima. Postoji poslovica: \u201cO Jurjevu se ovce broje\u201d \u2013 u zna\u010denju koliko ih je prezimilo. Zbog toga je u Hrvata je omiljeno ime Jure, jer su se uvijek morali braniti i \u0161tititi od raznih neprijatelja opasnih svojstava.<\/p>\n\n\n\n<p>Uz ovoga su mu\u010denika u narodnoj predaji vezane brojne legende i obi\u010daji, a jedna od njih govori kako se vjerovalo se da \u0107e biti lijen onaj koji se kasno ustane u jurjevsko jutro i da \u0107e kasniti cijelu godinu ako ne ustane na Jurjevo jutro prije izlaska sunca. Po Jurjevu se poznaje kakav \u0107e tko biti kroz godinu, ho\u0107e li biti lijen ili vrijedan, ho\u0107e li biti spavalica ili \u0107e se ranije ustajati. Postoji izreka: \u201cNemoj da te Jure pregazi svojim kolima!\u201c. Vjerovalo se da sv. Jure prolazi kolima prije nego svane i koga zate\u010de u krevetu, pregazi ga, i taj \u0107e cijelu godinu biti lijen\u010dina i spavalica, i nikakve koristi od njega ne\u0107e biti. A tko se ustane prije nego sunce iza\u0111e, nalo\u017ei vatru na ognji\u0161tu i o ku\u0107na vrata objesi prvi proljetni pupoljak, bit \u0107e vrijedan i koristan te godine, kao i ubudu\u0107e. Onome tko se ne ustane na vrijeme, stave mu dra\u010du oko ku\u0107nih vrata da ostane obilje\u017een me\u0111u svijetom i neka se zna koga je Jure pregazio. Ovo je imalo pedago\u0161ki zna\u010daj i va\u017enost za djecu i mlade da se trude odr\u017eavati red u svome \u017eivotu i svakome danu, a narodna poslovica ka\u017ee: \u201cTko rano rani, dvije sre\u0107e grabi.\u201c<\/p>\n","protected":false},"excerpt":{"rendered":"<p>Sv. Jure jedan je naj\u0161tovanijih svetaca u kr\u0161\u0107anstvu, a njegov lik iznimno je ra\u0161iren u hrvatskoj kulturnoj ba\u0161tini. Posebno ga se slavi na Mostarskim Vratima gdje \u0107e u subotu, 23. travnja, biti uprili\u010dena proslava ovog sveca. Sve\u010dana sveta misa s blagoslovom polja po\u010deti \u0107e u subotu u 11. sati. Mje\u0161tani se za blagdan sv. Jure [&hellip;]<\/p>\n","protected":false},"author":2,"featured_media":133935,"comment_status":"closed","ping_status":"closed","sticky":false,"template":"","format":"standard","meta":{"h5ap_radio_sources":[],"footnotes":""},"categories":[3],"tags":[],"class_list":["post-133934","post","type-post","status-publish","format-standard","has-post-thumbnail","hentry","category-ljubuski"],"yoast_head":"<!-- This site is optimized with the Yoast SEO plugin v27.4 - https:\/\/yoast.com\/product\/yoast-seo-wordpress\/ -->\n<title>Najava: Proslava sv. Jure na Mostarskim Vratima - RADIO LJUBU\u0160KI<\/title>\n<meta name=\"robots\" content=\"index, follow, max-snippet:-1, max-image-preview:large, max-video-preview:-1\" \/>\n<link rel=\"canonical\" href=\"https:\/\/radioljubuski.ba\/index.php\/2022\/04\/19\/najava-proslava-sv-jure-na-mostarskim-vratima\/\" \/>\n<meta property=\"og:locale\" content=\"hr_HR\" \/>\n<meta property=\"og:type\" content=\"article\" \/>\n<meta property=\"og:title\" content=\"Najava: Proslava sv. Jure na Mostarskim Vratima - RADIO LJUBU\u0160KI\" \/>\n<meta property=\"og:description\" content=\"Sv. Jure jedan je naj\u0161tovanijih svetaca u kr\u0161\u0107anstvu, a njegov lik iznimno je ra\u0161iren u hrvatskoj kulturnoj ba\u0161tini. Posebno ga se slavi na Mostarskim Vratima gdje \u0107e u subotu, 23. travnja, biti uprili\u010dena proslava ovog sveca. Sve\u010dana sveta misa s blagoslovom polja po\u010deti \u0107e u subotu u 11. sati. Mje\u0161tani se za blagdan sv. Jure [&hellip;]\" \/>\n<meta property=\"og:url\" content=\"https:\/\/radioljubuski.ba\/index.php\/2022\/04\/19\/najava-proslava-sv-jure-na-mostarskim-vratima\/\" \/>\n<meta property=\"og:site_name\" content=\"RADIO LJUBU\u0160KI\" \/>\n<meta property=\"article:publisher\" content=\"https:\/\/www.facebook.com\/Radiio-Ljubuski-1490835324566332\" \/>\n<meta property=\"article:published_time\" content=\"2022-04-19T08:13:42+00:00\" \/>\n<meta property=\"article:modified_time\" content=\"2022-04-19T08:13:43+00:00\" \/>\n<meta property=\"og:image\" content=\"https:\/\/radioljubuski.ba\/wp-content\/uploads\/2022\/04\/mostarska-vrata.jpg\" \/>\n\t<meta property=\"og:image:width\" content=\"600\" \/>\n\t<meta property=\"og:image:height\" content=\"400\" \/>\n\t<meta property=\"og:image:type\" content=\"image\/jpeg\" \/>\n<meta name=\"author\" content=\"Radio Ljubu\u0161ki\" \/>\n<meta name=\"twitter:card\" content=\"summary_large_image\" \/>\n<meta name=\"twitter:creator\" content=\"@radioljubuski\" \/>\n<meta name=\"twitter:site\" content=\"@radioljubuski\" \/>\n<meta name=\"twitter:label1\" content=\"Napisao\/la\" \/>\n\t<meta name=\"twitter:data1\" content=\"Radio Ljubu\u0161ki\" \/>\n\t<meta name=\"twitter:label2\" content=\"Procijenjeno vrijeme \u010ditanja\" \/>\n\t<meta name=\"twitter:data2\" content=\"3 minute\" \/>\n<script type=\"application\/ld+json\" class=\"yoast-schema-graph\">{\"@context\":\"https:\\\/\\\/schema.org\",\"@graph\":[{\"@type\":\"Article\",\"@id\":\"https:\\\/\\\/radioljubuski.ba\\\/index.php\\\/2022\\\/04\\\/19\\\/najava-proslava-sv-jure-na-mostarskim-vratima\\\/#article\",\"isPartOf\":{\"@id\":\"https:\\\/\\\/radioljubuski.ba\\\/index.php\\\/2022\\\/04\\\/19\\\/najava-proslava-sv-jure-na-mostarskim-vratima\\\/\"},\"author\":{\"name\":\"Radio Ljubu\u0161ki\",\"@id\":\"https:\\\/\\\/radioljubuski.ba\\\/#\\\/schema\\\/person\\\/19fc700381a780f69665d7956c469e3b\"},\"headline\":\"Najava: Proslava sv. Jure na Mostarskim Vratima\",\"datePublished\":\"2022-04-19T08:13:42+00:00\",\"dateModified\":\"2022-04-19T08:13:43+00:00\",\"mainEntityOfPage\":{\"@id\":\"https:\\\/\\\/radioljubuski.ba\\\/index.php\\\/2022\\\/04\\\/19\\\/najava-proslava-sv-jure-na-mostarskim-vratima\\\/\"},\"wordCount\":591,\"publisher\":{\"@id\":\"https:\\\/\\\/radioljubuski.ba\\\/#organization\"},\"image\":{\"@id\":\"https:\\\/\\\/radioljubuski.ba\\\/index.php\\\/2022\\\/04\\\/19\\\/najava-proslava-sv-jure-na-mostarskim-vratima\\\/#primaryimage\"},\"thumbnailUrl\":\"https:\\\/\\\/radioljubuski.ba\\\/wp-content\\\/uploads\\\/2022\\\/04\\\/mostarska-vrata.jpg\",\"articleSection\":[\"Ljubu\u0161ki\"],\"inLanguage\":\"hr\"},{\"@type\":\"WebPage\",\"@id\":\"https:\\\/\\\/radioljubuski.ba\\\/index.php\\\/2022\\\/04\\\/19\\\/najava-proslava-sv-jure-na-mostarskim-vratima\\\/\",\"url\":\"https:\\\/\\\/radioljubuski.ba\\\/index.php\\\/2022\\\/04\\\/19\\\/najava-proslava-sv-jure-na-mostarskim-vratima\\\/\",\"name\":\"Najava: Proslava sv. Jure na Mostarskim Vratima - RADIO LJUBU\u0160KI\",\"isPartOf\":{\"@id\":\"https:\\\/\\\/radioljubuski.ba\\\/#website\"},\"primaryImageOfPage\":{\"@id\":\"https:\\\/\\\/radioljubuski.ba\\\/index.php\\\/2022\\\/04\\\/19\\\/najava-proslava-sv-jure-na-mostarskim-vratima\\\/#primaryimage\"},\"image\":{\"@id\":\"https:\\\/\\\/radioljubuski.ba\\\/index.php\\\/2022\\\/04\\\/19\\\/najava-proslava-sv-jure-na-mostarskim-vratima\\\/#primaryimage\"},\"thumbnailUrl\":\"https:\\\/\\\/radioljubuski.ba\\\/wp-content\\\/uploads\\\/2022\\\/04\\\/mostarska-vrata.jpg\",\"datePublished\":\"2022-04-19T08:13:42+00:00\",\"dateModified\":\"2022-04-19T08:13:43+00:00\",\"breadcrumb\":{\"@id\":\"https:\\\/\\\/radioljubuski.ba\\\/index.php\\\/2022\\\/04\\\/19\\\/najava-proslava-sv-jure-na-mostarskim-vratima\\\/#breadcrumb\"},\"inLanguage\":\"hr\",\"potentialAction\":[{\"@type\":\"ReadAction\",\"target\":[\"https:\\\/\\\/radioljubuski.ba\\\/index.php\\\/2022\\\/04\\\/19\\\/najava-proslava-sv-jure-na-mostarskim-vratima\\\/\"]}]},{\"@type\":\"ImageObject\",\"inLanguage\":\"hr\",\"@id\":\"https:\\\/\\\/radioljubuski.ba\\\/index.php\\\/2022\\\/04\\\/19\\\/najava-proslava-sv-jure-na-mostarskim-vratima\\\/#primaryimage\",\"url\":\"https:\\\/\\\/radioljubuski.ba\\\/wp-content\\\/uploads\\\/2022\\\/04\\\/mostarska-vrata.jpg\",\"contentUrl\":\"https:\\\/\\\/radioljubuski.ba\\\/wp-content\\\/uploads\\\/2022\\\/04\\\/mostarska-vrata.jpg\",\"width\":600,\"height\":400},{\"@type\":\"BreadcrumbList\",\"@id\":\"https:\\\/\\\/radioljubuski.ba\\\/index.php\\\/2022\\\/04\\\/19\\\/najava-proslava-sv-jure-na-mostarskim-vratima\\\/#breadcrumb\",\"itemListElement\":[{\"@type\":\"ListItem\",\"position\":1,\"name\":\"Po\u010detna stranica\",\"item\":\"https:\\\/\\\/radioljubuski.ba\\\/\"},{\"@type\":\"ListItem\",\"position\":2,\"name\":\"Najava: Proslava sv. Jure na Mostarskim Vratima\"}]},{\"@type\":\"WebSite\",\"@id\":\"https:\\\/\\\/radioljubuski.ba\\\/#website\",\"url\":\"https:\\\/\\\/radioljubuski.ba\\\/\",\"name\":\"Radio Ljubu\u0161ki\",\"description\":\"Sun\u010dana frekvencija Hercegovine\",\"publisher\":{\"@id\":\"https:\\\/\\\/radioljubuski.ba\\\/#organization\"},\"potentialAction\":[{\"@type\":\"SearchAction\",\"target\":{\"@type\":\"EntryPoint\",\"urlTemplate\":\"https:\\\/\\\/radioljubuski.ba\\\/?s={search_term_string}\"},\"query-input\":{\"@type\":\"PropertyValueSpecification\",\"valueRequired\":true,\"valueName\":\"search_term_string\"}}],\"inLanguage\":\"hr\"},{\"@type\":\"Organization\",\"@id\":\"https:\\\/\\\/radioljubuski.ba\\\/#organization\",\"name\":\"Radio Ljubu\u0161ki\",\"url\":\"https:\\\/\\\/radioljubuski.ba\\\/\",\"logo\":{\"@type\":\"ImageObject\",\"inLanguage\":\"hr\",\"@id\":\"https:\\\/\\\/radioljubuski.ba\\\/#\\\/schema\\\/logo\\\/image\\\/\",\"url\":\"https:\\\/\\\/radioljubuski.ba\\\/wp-content\\\/uploads\\\/2021\\\/02\\\/cropped-Radio_Ljubuski_logo1.jpg\",\"contentUrl\":\"https:\\\/\\\/radioljubuski.ba\\\/wp-content\\\/uploads\\\/2021\\\/02\\\/cropped-Radio_Ljubuski_logo1.jpg\",\"width\":512,\"height\":512,\"caption\":\"Radio Ljubu\u0161ki\"},\"image\":{\"@id\":\"https:\\\/\\\/radioljubuski.ba\\\/#\\\/schema\\\/logo\\\/image\\\/\"},\"sameAs\":[\"https:\\\/\\\/www.facebook.com\\\/Radiio-Ljubuski-1490835324566332\",\"https:\\\/\\\/x.com\\\/radioljubuski\",\"https:\\\/\\\/hr.linkedin.com\\\/company\\\/radio-ljubuski\",\"https:\\\/\\\/www.youtube.com\\\/channel\\\/UCHYaeO_n0Db3tjNGudGpXyw\"]},{\"@type\":\"Person\",\"@id\":\"https:\\\/\\\/radioljubuski.ba\\\/#\\\/schema\\\/person\\\/19fc700381a780f69665d7956c469e3b\",\"name\":\"Radio Ljubu\u0161ki\"}]}<\/script>\n<!-- \/ Yoast SEO plugin. -->","yoast_head_json":{"title":"Najava: Proslava sv. Jure na Mostarskim Vratima - RADIO LJUBU\u0160KI","robots":{"index":"index","follow":"follow","max-snippet":"max-snippet:-1","max-image-preview":"max-image-preview:large","max-video-preview":"max-video-preview:-1"},"canonical":"https:\/\/radioljubuski.ba\/index.php\/2022\/04\/19\/najava-proslava-sv-jure-na-mostarskim-vratima\/","og_locale":"hr_HR","og_type":"article","og_title":"Najava: Proslava sv. Jure na Mostarskim Vratima - RADIO LJUBU\u0160KI","og_description":"Sv. Jure jedan je naj\u0161tovanijih svetaca u kr\u0161\u0107anstvu, a njegov lik iznimno je ra\u0161iren u hrvatskoj kulturnoj ba\u0161tini. Posebno ga se slavi na Mostarskim Vratima gdje \u0107e u subotu, 23. travnja, biti uprili\u010dena proslava ovog sveca. Sve\u010dana sveta misa s blagoslovom polja po\u010deti \u0107e u subotu u 11. sati. Mje\u0161tani se za blagdan sv. Jure [&hellip;]","og_url":"https:\/\/radioljubuski.ba\/index.php\/2022\/04\/19\/najava-proslava-sv-jure-na-mostarskim-vratima\/","og_site_name":"RADIO LJUBU\u0160KI","article_publisher":"https:\/\/www.facebook.com\/Radiio-Ljubuski-1490835324566332","article_published_time":"2022-04-19T08:13:42+00:00","article_modified_time":"2022-04-19T08:13:43+00:00","og_image":[{"width":600,"height":400,"url":"https:\/\/radioljubuski.ba\/wp-content\/uploads\/2022\/04\/mostarska-vrata.jpg","type":"image\/jpeg"}],"author":"Radio Ljubu\u0161ki","twitter_card":"summary_large_image","twitter_creator":"@radioljubuski","twitter_site":"@radioljubuski","twitter_misc":{"Napisao\/la":"Radio Ljubu\u0161ki","Procijenjeno vrijeme \u010ditanja":"3 minute"},"schema":{"@context":"https:\/\/schema.org","@graph":[{"@type":"Article","@id":"https:\/\/radioljubuski.ba\/index.php\/2022\/04\/19\/najava-proslava-sv-jure-na-mostarskim-vratima\/#article","isPartOf":{"@id":"https:\/\/radioljubuski.ba\/index.php\/2022\/04\/19\/najava-proslava-sv-jure-na-mostarskim-vratima\/"},"author":{"name":"Radio Ljubu\u0161ki","@id":"https:\/\/radioljubuski.ba\/#\/schema\/person\/19fc700381a780f69665d7956c469e3b"},"headline":"Najava: Proslava sv. Jure na Mostarskim Vratima","datePublished":"2022-04-19T08:13:42+00:00","dateModified":"2022-04-19T08:13:43+00:00","mainEntityOfPage":{"@id":"https:\/\/radioljubuski.ba\/index.php\/2022\/04\/19\/najava-proslava-sv-jure-na-mostarskim-vratima\/"},"wordCount":591,"publisher":{"@id":"https:\/\/radioljubuski.ba\/#organization"},"image":{"@id":"https:\/\/radioljubuski.ba\/index.php\/2022\/04\/19\/najava-proslava-sv-jure-na-mostarskim-vratima\/#primaryimage"},"thumbnailUrl":"https:\/\/radioljubuski.ba\/wp-content\/uploads\/2022\/04\/mostarska-vrata.jpg","articleSection":["Ljubu\u0161ki"],"inLanguage":"hr"},{"@type":"WebPage","@id":"https:\/\/radioljubuski.ba\/index.php\/2022\/04\/19\/najava-proslava-sv-jure-na-mostarskim-vratima\/","url":"https:\/\/radioljubuski.ba\/index.php\/2022\/04\/19\/najava-proslava-sv-jure-na-mostarskim-vratima\/","name":"Najava: Proslava sv. Jure na Mostarskim Vratima - RADIO LJUBU\u0160KI","isPartOf":{"@id":"https:\/\/radioljubuski.ba\/#website"},"primaryImageOfPage":{"@id":"https:\/\/radioljubuski.ba\/index.php\/2022\/04\/19\/najava-proslava-sv-jure-na-mostarskim-vratima\/#primaryimage"},"image":{"@id":"https:\/\/radioljubuski.ba\/index.php\/2022\/04\/19\/najava-proslava-sv-jure-na-mostarskim-vratima\/#primaryimage"},"thumbnailUrl":"https:\/\/radioljubuski.ba\/wp-content\/uploads\/2022\/04\/mostarska-vrata.jpg","datePublished":"2022-04-19T08:13:42+00:00","dateModified":"2022-04-19T08:13:43+00:00","breadcrumb":{"@id":"https:\/\/radioljubuski.ba\/index.php\/2022\/04\/19\/najava-proslava-sv-jure-na-mostarskim-vratima\/#breadcrumb"},"inLanguage":"hr","potentialAction":[{"@type":"ReadAction","target":["https:\/\/radioljubuski.ba\/index.php\/2022\/04\/19\/najava-proslava-sv-jure-na-mostarskim-vratima\/"]}]},{"@type":"ImageObject","inLanguage":"hr","@id":"https:\/\/radioljubuski.ba\/index.php\/2022\/04\/19\/najava-proslava-sv-jure-na-mostarskim-vratima\/#primaryimage","url":"https:\/\/radioljubuski.ba\/wp-content\/uploads\/2022\/04\/mostarska-vrata.jpg","contentUrl":"https:\/\/radioljubuski.ba\/wp-content\/uploads\/2022\/04\/mostarska-vrata.jpg","width":600,"height":400},{"@type":"BreadcrumbList","@id":"https:\/\/radioljubuski.ba\/index.php\/2022\/04\/19\/najava-proslava-sv-jure-na-mostarskim-vratima\/#breadcrumb","itemListElement":[{"@type":"ListItem","position":1,"name":"Po\u010detna stranica","item":"https:\/\/radioljubuski.ba\/"},{"@type":"ListItem","position":2,"name":"Najava: Proslava sv. Jure na Mostarskim Vratima"}]},{"@type":"WebSite","@id":"https:\/\/radioljubuski.ba\/#website","url":"https:\/\/radioljubuski.ba\/","name":"Radio Ljubu\u0161ki","description":"Sun\u010dana frekvencija Hercegovine","publisher":{"@id":"https:\/\/radioljubuski.ba\/#organization"},"potentialAction":[{"@type":"SearchAction","target":{"@type":"EntryPoint","urlTemplate":"https:\/\/radioljubuski.ba\/?s={search_term_string}"},"query-input":{"@type":"PropertyValueSpecification","valueRequired":true,"valueName":"search_term_string"}}],"inLanguage":"hr"},{"@type":"Organization","@id":"https:\/\/radioljubuski.ba\/#organization","name":"Radio Ljubu\u0161ki","url":"https:\/\/radioljubuski.ba\/","logo":{"@type":"ImageObject","inLanguage":"hr","@id":"https:\/\/radioljubuski.ba\/#\/schema\/logo\/image\/","url":"https:\/\/radioljubuski.ba\/wp-content\/uploads\/2021\/02\/cropped-Radio_Ljubuski_logo1.jpg","contentUrl":"https:\/\/radioljubuski.ba\/wp-content\/uploads\/2021\/02\/cropped-Radio_Ljubuski_logo1.jpg","width":512,"height":512,"caption":"Radio Ljubu\u0161ki"},"image":{"@id":"https:\/\/radioljubuski.ba\/#\/schema\/logo\/image\/"},"sameAs":["https:\/\/www.facebook.com\/Radiio-Ljubuski-1490835324566332","https:\/\/x.com\/radioljubuski","https:\/\/hr.linkedin.com\/company\/radio-ljubuski","https:\/\/www.youtube.com\/channel\/UCHYaeO_n0Db3tjNGudGpXyw"]},{"@type":"Person","@id":"https:\/\/radioljubuski.ba\/#\/schema\/person\/19fc700381a780f69665d7956c469e3b","name":"Radio Ljubu\u0161ki"}]}},"_links":{"self":[{"href":"https:\/\/radioljubuski.ba\/index.php\/wp-json\/wp\/v2\/posts\/133934","targetHints":{"allow":["GET"]}}],"collection":[{"href":"https:\/\/radioljubuski.ba\/index.php\/wp-json\/wp\/v2\/posts"}],"about":[{"href":"https:\/\/radioljubuski.ba\/index.php\/wp-json\/wp\/v2\/types\/post"}],"author":[{"embeddable":true,"href":"https:\/\/radioljubuski.ba\/index.php\/wp-json\/wp\/v2\/users\/2"}],"replies":[{"embeddable":true,"href":"https:\/\/radioljubuski.ba\/index.php\/wp-json\/wp\/v2\/comments?post=133934"}],"version-history":[{"count":1,"href":"https:\/\/radioljubuski.ba\/index.php\/wp-json\/wp\/v2\/posts\/133934\/revisions"}],"predecessor-version":[{"id":133936,"href":"https:\/\/radioljubuski.ba\/index.php\/wp-json\/wp\/v2\/posts\/133934\/revisions\/133936"}],"wp:featuredmedia":[{"embeddable":true,"href":"https:\/\/radioljubuski.ba\/index.php\/wp-json\/wp\/v2\/media\/133935"}],"wp:attachment":[{"href":"https:\/\/radioljubuski.ba\/index.php\/wp-json\/wp\/v2\/media?parent=133934"}],"wp:term":[{"taxonomy":"category","embeddable":true,"href":"https:\/\/radioljubuski.ba\/index.php\/wp-json\/wp\/v2\/categories?post=133934"},{"taxonomy":"post_tag","embeddable":true,"href":"https:\/\/radioljubuski.ba\/index.php\/wp-json\/wp\/v2\/tags?post=133934"}],"curies":[{"name":"wp","href":"https:\/\/api.w.org\/{rel}","templated":true}]}}