{"id":134018,"date":"2022-04-19T11:03:44","date_gmt":"2022-04-19T10:03:44","guid":{"rendered":"https:\/\/radioljubuski.ba\/?p=134018"},"modified":"2022-04-19T11:03:45","modified_gmt":"2022-04-19T10:03:45","slug":"izvidac-docekuje-iskru-za-nastavak-pobjednickog-niza","status":"publish","type":"post","link":"https:\/\/radioljubuski.ba\/index.php\/2022\/04\/19\/izvidac-docekuje-iskru-za-nastavak-pobjednickog-niza\/","title":{"rendered":"Izvi\u0111a\u010d do\u010dekuje Iskru za nastavak pobjedni\u010dkog niza"},"content":{"rendered":"\n<p>Rukometa\u0161i Izvi\u0111a\u010d Central osiguranja su pobjedom u posljednjem kolu u Sarajevu protiv mom\u010dadi Bosne, nakon du\u017ee stanke, do\u0161li do svoje gostuju\u0107e pobjede. Za Uskrs nije igrano u Premier ligi rukometa\u0161a, a 23.kolo na rasporedu je ove srijede.<\/p>\n\n\n\n<p>U Ljubu\u0161ki sti\u017ee Iskra iz Bugojna, mom\u010dad koje se ne bi trebalo bojati, ali koju treba respektirati, ako ni\u0161ta iz razloga \u0161to je jesenas pobijedila skaute u Bugojnu i \u0161to se gr\u010devito bori za opstanak u Ligi.<\/p>\n\n\n\n<p>\u201eDobili su nas jesenas. Bilo je tu \u201esva\u0161ta\u201c ali mi smo okrenuti ovoj utakmici. Oni imaju solidnu ekipu, oti\u0161ao im je \u010ci\u010dku\u0161i\u0107, ali su se igra\u010di koji su do\u0161li prije po\u010detka prvenstva dobro uigrali. Gori im pod nogama, nisu osigurali ostanak u Ligi, ali mi imamo svoje planove. Nakon pobjede u Sarajevu \u017eelimo nastaviti niz i uz ozbiljan pristup na\u0161a pobjeda ne bi smjela do\u0107i u pitanje\u201c, rekao je kapetan mom\u010dadi Domagoj Alilovi\u0107.<\/p>\n\n\n\n<p>Utakmica izme\u0111u Izvi\u0111a\u010da i Iskre igra se u srijedu, 20.travnja, u Gradskoj \u0161portskoj dvorani u Ljubu\u0161kom s po\u010detkom u 18,30 sati.<\/p>\n\n\n\n<p>M.Kraljevi\u0107\/Radio Ljubu\u0161ki<\/p>\n","protected":false},"excerpt":{"rendered":"<p>Rukometa\u0161i Izvi\u0111a\u010d Central osiguranja su pobjedom u posljednjem kolu u Sarajevu protiv mom\u010dadi Bosne, nakon du\u017ee stanke, do\u0161li do svoje gostuju\u0107e pobjede. Za Uskrs nije igrano u Premier ligi rukometa\u0161a, a 23.kolo na rasporedu je ove srijede. U Ljubu\u0161ki sti\u017ee Iskra iz Bugojna, mom\u010dad koje se ne bi trebalo bojati, ali koju treba respektirati, ako [&hellip;]<\/p>\n","protected":false},"author":2,"featured_media":134026,"comment_status":"closed","ping_status":"closed","sticky":false,"template":"","format":"standard","meta":{"h5ap_radio_sources":[],"footnotes":""},"categories":[3],"tags":[],"class_list":["post-134018","post","type-post","status-publish","format-standard","has-post-thumbnail","hentry","category-ljubuski"],"yoast_head":"<!-- This site is optimized with the Yoast SEO plugin v27.4 - https:\/\/yoast.com\/product\/yoast-seo-wordpress\/ -->\n<title>Izvi\u0111a\u010d do\u010dekuje Iskru za nastavak pobjedni\u010dkog niza - RADIO LJUBU\u0160KI<\/title>\n<meta name=\"robots\" content=\"index, follow, max-snippet:-1, max-image-preview:large, max-video-preview:-1\" \/>\n<link rel=\"canonical\" href=\"https:\/\/radioljubuski.ba\/index.php\/2022\/04\/19\/izvidac-docekuje-iskru-za-nastavak-pobjednickog-niza\/\" \/>\n<meta property=\"og:locale\" content=\"hr_HR\" \/>\n<meta property=\"og:type\" content=\"article\" \/>\n<meta property=\"og:title\" content=\"Izvi\u0111a\u010d do\u010dekuje Iskru za nastavak pobjedni\u010dkog niza - RADIO LJUBU\u0160KI\" \/>\n<meta property=\"og:description\" content=\"Rukometa\u0161i Izvi\u0111a\u010d Central osiguranja su pobjedom u posljednjem kolu u Sarajevu protiv mom\u010dadi Bosne, nakon du\u017ee stanke, do\u0161li do svoje gostuju\u0107e pobjede. Za Uskrs nije igrano u Premier ligi rukometa\u0161a, a 23.kolo na rasporedu je ove srijede. U Ljubu\u0161ki sti\u017ee Iskra iz Bugojna, mom\u010dad koje se ne bi trebalo bojati, ali koju treba respektirati, ako [&hellip;]\" \/>\n<meta property=\"og:url\" content=\"https:\/\/radioljubuski.ba\/index.php\/2022\/04\/19\/izvidac-docekuje-iskru-za-nastavak-pobjednickog-niza\/\" \/>\n<meta property=\"og:site_name\" content=\"RADIO LJUBU\u0160KI\" \/>\n<meta property=\"article:publisher\" content=\"https:\/\/www.facebook.com\/Radiio-Ljubuski-1490835324566332\" \/>\n<meta property=\"article:published_time\" content=\"2022-04-19T10:03:44+00:00\" \/>\n<meta property=\"article:modified_time\" content=\"2022-04-19T10:03:45+00:00\" \/>\n<meta property=\"og:image\" content=\"https:\/\/radioljubuski.ba\/wp-content\/uploads\/2022\/04\/Domagoj-Alilovic-480x600-1.jpg\" \/>\n\t<meta property=\"og:image:width\" content=\"480\" \/>\n\t<meta property=\"og:image:height\" content=\"600\" \/>\n\t<meta property=\"og:image:type\" content=\"image\/jpeg\" \/>\n<meta name=\"author\" content=\"Radio Ljubu\u0161ki\" \/>\n<meta name=\"twitter:card\" content=\"summary_large_image\" \/>\n<meta name=\"twitter:creator\" content=\"@radioljubuski\" \/>\n<meta name=\"twitter:site\" content=\"@radioljubuski\" \/>\n<meta name=\"twitter:label1\" content=\"Napisao\/la\" \/>\n\t<meta name=\"twitter:data1\" content=\"Radio Ljubu\u0161ki\" \/>\n\t<meta name=\"twitter:label2\" content=\"Procijenjeno vrijeme \u010ditanja\" \/>\n\t<meta name=\"twitter:data2\" content=\"1 minuta\" \/>\n<script type=\"application\/ld+json\" class=\"yoast-schema-graph\">{\"@context\":\"https:\\\/\\\/schema.org\",\"@graph\":[{\"@type\":\"Article\",\"@id\":\"https:\\\/\\\/radioljubuski.ba\\\/index.php\\\/2022\\\/04\\\/19\\\/izvidac-docekuje-iskru-za-nastavak-pobjednickog-niza\\\/#article\",\"isPartOf\":{\"@id\":\"https:\\\/\\\/radioljubuski.ba\\\/index.php\\\/2022\\\/04\\\/19\\\/izvidac-docekuje-iskru-za-nastavak-pobjednickog-niza\\\/\"},\"author\":{\"name\":\"Radio Ljubu\u0161ki\",\"@id\":\"https:\\\/\\\/radioljubuski.ba\\\/#\\\/schema\\\/person\\\/19fc700381a780f69665d7956c469e3b\"},\"headline\":\"Izvi\u0111a\u010d do\u010dekuje Iskru za nastavak pobjedni\u010dkog niza\",\"datePublished\":\"2022-04-19T10:03:44+00:00\",\"dateModified\":\"2022-04-19T10:03:45+00:00\",\"mainEntityOfPage\":{\"@id\":\"https:\\\/\\\/radioljubuski.ba\\\/index.php\\\/2022\\\/04\\\/19\\\/izvidac-docekuje-iskru-za-nastavak-pobjednickog-niza\\\/\"},\"wordCount\":209,\"publisher\":{\"@id\":\"https:\\\/\\\/radioljubuski.ba\\\/#organization\"},\"image\":{\"@id\":\"https:\\\/\\\/radioljubuski.ba\\\/index.php\\\/2022\\\/04\\\/19\\\/izvidac-docekuje-iskru-za-nastavak-pobjednickog-niza\\\/#primaryimage\"},\"thumbnailUrl\":\"https:\\\/\\\/radioljubuski.ba\\\/wp-content\\\/uploads\\\/2022\\\/04\\\/Domagoj-Alilovic-480x600-1.jpg\",\"articleSection\":[\"Ljubu\u0161ki\"],\"inLanguage\":\"hr\"},{\"@type\":\"WebPage\",\"@id\":\"https:\\\/\\\/radioljubuski.ba\\\/index.php\\\/2022\\\/04\\\/19\\\/izvidac-docekuje-iskru-za-nastavak-pobjednickog-niza\\\/\",\"url\":\"https:\\\/\\\/radioljubuski.ba\\\/index.php\\\/2022\\\/04\\\/19\\\/izvidac-docekuje-iskru-za-nastavak-pobjednickog-niza\\\/\",\"name\":\"Izvi\u0111a\u010d do\u010dekuje Iskru za nastavak pobjedni\u010dkog niza - RADIO LJUBU\u0160KI\",\"isPartOf\":{\"@id\":\"https:\\\/\\\/radioljubuski.ba\\\/#website\"},\"primaryImageOfPage\":{\"@id\":\"https:\\\/\\\/radioljubuski.ba\\\/index.php\\\/2022\\\/04\\\/19\\\/izvidac-docekuje-iskru-za-nastavak-pobjednickog-niza\\\/#primaryimage\"},\"image\":{\"@id\":\"https:\\\/\\\/radioljubuski.ba\\\/index.php\\\/2022\\\/04\\\/19\\\/izvidac-docekuje-iskru-za-nastavak-pobjednickog-niza\\\/#primaryimage\"},\"thumbnailUrl\":\"https:\\\/\\\/radioljubuski.ba\\\/wp-content\\\/uploads\\\/2022\\\/04\\\/Domagoj-Alilovic-480x600-1.jpg\",\"datePublished\":\"2022-04-19T10:03:44+00:00\",\"dateModified\":\"2022-04-19T10:03:45+00:00\",\"breadcrumb\":{\"@id\":\"https:\\\/\\\/radioljubuski.ba\\\/index.php\\\/2022\\\/04\\\/19\\\/izvidac-docekuje-iskru-za-nastavak-pobjednickog-niza\\\/#breadcrumb\"},\"inLanguage\":\"hr\",\"potentialAction\":[{\"@type\":\"ReadAction\",\"target\":[\"https:\\\/\\\/radioljubuski.ba\\\/index.php\\\/2022\\\/04\\\/19\\\/izvidac-docekuje-iskru-za-nastavak-pobjednickog-niza\\\/\"]}]},{\"@type\":\"ImageObject\",\"inLanguage\":\"hr\",\"@id\":\"https:\\\/\\\/radioljubuski.ba\\\/index.php\\\/2022\\\/04\\\/19\\\/izvidac-docekuje-iskru-za-nastavak-pobjednickog-niza\\\/#primaryimage\",\"url\":\"https:\\\/\\\/radioljubuski.ba\\\/wp-content\\\/uploads\\\/2022\\\/04\\\/Domagoj-Alilovic-480x600-1.jpg\",\"contentUrl\":\"https:\\\/\\\/radioljubuski.ba\\\/wp-content\\\/uploads\\\/2022\\\/04\\\/Domagoj-Alilovic-480x600-1.jpg\",\"width\":480,\"height\":600},{\"@type\":\"BreadcrumbList\",\"@id\":\"https:\\\/\\\/radioljubuski.ba\\\/index.php\\\/2022\\\/04\\\/19\\\/izvidac-docekuje-iskru-za-nastavak-pobjednickog-niza\\\/#breadcrumb\",\"itemListElement\":[{\"@type\":\"ListItem\",\"position\":1,\"name\":\"Po\u010detna stranica\",\"item\":\"https:\\\/\\\/radioljubuski.ba\\\/\"},{\"@type\":\"ListItem\",\"position\":2,\"name\":\"Izvi\u0111a\u010d do\u010dekuje Iskru za nastavak pobjedni\u010dkog niza\"}]},{\"@type\":\"WebSite\",\"@id\":\"https:\\\/\\\/radioljubuski.ba\\\/#website\",\"url\":\"https:\\\/\\\/radioljubuski.ba\\\/\",\"name\":\"Radio Ljubu\u0161ki\",\"description\":\"Sun\u010dana frekvencija Hercegovine\",\"publisher\":{\"@id\":\"https:\\\/\\\/radioljubuski.ba\\\/#organization\"},\"potentialAction\":[{\"@type\":\"SearchAction\",\"target\":{\"@type\":\"EntryPoint\",\"urlTemplate\":\"https:\\\/\\\/radioljubuski.ba\\\/?s={search_term_string}\"},\"query-input\":{\"@type\":\"PropertyValueSpecification\",\"valueRequired\":true,\"valueName\":\"search_term_string\"}}],\"inLanguage\":\"hr\"},{\"@type\":\"Organization\",\"@id\":\"https:\\\/\\\/radioljubuski.ba\\\/#organization\",\"name\":\"Radio Ljubu\u0161ki\",\"url\":\"https:\\\/\\\/radioljubuski.ba\\\/\",\"logo\":{\"@type\":\"ImageObject\",\"inLanguage\":\"hr\",\"@id\":\"https:\\\/\\\/radioljubuski.ba\\\/#\\\/schema\\\/logo\\\/image\\\/\",\"url\":\"https:\\\/\\\/radioljubuski.ba\\\/wp-content\\\/uploads\\\/2021\\\/02\\\/cropped-Radio_Ljubuski_logo1.jpg\",\"contentUrl\":\"https:\\\/\\\/radioljubuski.ba\\\/wp-content\\\/uploads\\\/2021\\\/02\\\/cropped-Radio_Ljubuski_logo1.jpg\",\"width\":512,\"height\":512,\"caption\":\"Radio Ljubu\u0161ki\"},\"image\":{\"@id\":\"https:\\\/\\\/radioljubuski.ba\\\/#\\\/schema\\\/logo\\\/image\\\/\"},\"sameAs\":[\"https:\\\/\\\/www.facebook.com\\\/Radiio-Ljubuski-1490835324566332\",\"https:\\\/\\\/x.com\\\/radioljubuski\",\"https:\\\/\\\/hr.linkedin.com\\\/company\\\/radio-ljubuski\",\"https:\\\/\\\/www.youtube.com\\\/channel\\\/UCHYaeO_n0Db3tjNGudGpXyw\"]},{\"@type\":\"Person\",\"@id\":\"https:\\\/\\\/radioljubuski.ba\\\/#\\\/schema\\\/person\\\/19fc700381a780f69665d7956c469e3b\",\"name\":\"Radio Ljubu\u0161ki\"}]}<\/script>\n<!-- \/ Yoast SEO plugin. -->","yoast_head_json":{"title":"Izvi\u0111a\u010d do\u010dekuje Iskru za nastavak pobjedni\u010dkog niza - RADIO LJUBU\u0160KI","robots":{"index":"index","follow":"follow","max-snippet":"max-snippet:-1","max-image-preview":"max-image-preview:large","max-video-preview":"max-video-preview:-1"},"canonical":"https:\/\/radioljubuski.ba\/index.php\/2022\/04\/19\/izvidac-docekuje-iskru-za-nastavak-pobjednickog-niza\/","og_locale":"hr_HR","og_type":"article","og_title":"Izvi\u0111a\u010d do\u010dekuje Iskru za nastavak pobjedni\u010dkog niza - RADIO LJUBU\u0160KI","og_description":"Rukometa\u0161i Izvi\u0111a\u010d Central osiguranja su pobjedom u posljednjem kolu u Sarajevu protiv mom\u010dadi Bosne, nakon du\u017ee stanke, do\u0161li do svoje gostuju\u0107e pobjede. Za Uskrs nije igrano u Premier ligi rukometa\u0161a, a 23.kolo na rasporedu je ove srijede. U Ljubu\u0161ki sti\u017ee Iskra iz Bugojna, mom\u010dad koje se ne bi trebalo bojati, ali koju treba respektirati, ako [&hellip;]","og_url":"https:\/\/radioljubuski.ba\/index.php\/2022\/04\/19\/izvidac-docekuje-iskru-za-nastavak-pobjednickog-niza\/","og_site_name":"RADIO LJUBU\u0160KI","article_publisher":"https:\/\/www.facebook.com\/Radiio-Ljubuski-1490835324566332","article_published_time":"2022-04-19T10:03:44+00:00","article_modified_time":"2022-04-19T10:03:45+00:00","og_image":[{"width":480,"height":600,"url":"https:\/\/radioljubuski.ba\/wp-content\/uploads\/2022\/04\/Domagoj-Alilovic-480x600-1.jpg","type":"image\/jpeg"}],"author":"Radio Ljubu\u0161ki","twitter_card":"summary_large_image","twitter_creator":"@radioljubuski","twitter_site":"@radioljubuski","twitter_misc":{"Napisao\/la":"Radio Ljubu\u0161ki","Procijenjeno vrijeme \u010ditanja":"1 minuta"},"schema":{"@context":"https:\/\/schema.org","@graph":[{"@type":"Article","@id":"https:\/\/radioljubuski.ba\/index.php\/2022\/04\/19\/izvidac-docekuje-iskru-za-nastavak-pobjednickog-niza\/#article","isPartOf":{"@id":"https:\/\/radioljubuski.ba\/index.php\/2022\/04\/19\/izvidac-docekuje-iskru-za-nastavak-pobjednickog-niza\/"},"author":{"name":"Radio Ljubu\u0161ki","@id":"https:\/\/radioljubuski.ba\/#\/schema\/person\/19fc700381a780f69665d7956c469e3b"},"headline":"Izvi\u0111a\u010d do\u010dekuje Iskru za nastavak pobjedni\u010dkog niza","datePublished":"2022-04-19T10:03:44+00:00","dateModified":"2022-04-19T10:03:45+00:00","mainEntityOfPage":{"@id":"https:\/\/radioljubuski.ba\/index.php\/2022\/04\/19\/izvidac-docekuje-iskru-za-nastavak-pobjednickog-niza\/"},"wordCount":209,"publisher":{"@id":"https:\/\/radioljubuski.ba\/#organization"},"image":{"@id":"https:\/\/radioljubuski.ba\/index.php\/2022\/04\/19\/izvidac-docekuje-iskru-za-nastavak-pobjednickog-niza\/#primaryimage"},"thumbnailUrl":"https:\/\/radioljubuski.ba\/wp-content\/uploads\/2022\/04\/Domagoj-Alilovic-480x600-1.jpg","articleSection":["Ljubu\u0161ki"],"inLanguage":"hr"},{"@type":"WebPage","@id":"https:\/\/radioljubuski.ba\/index.php\/2022\/04\/19\/izvidac-docekuje-iskru-za-nastavak-pobjednickog-niza\/","url":"https:\/\/radioljubuski.ba\/index.php\/2022\/04\/19\/izvidac-docekuje-iskru-za-nastavak-pobjednickog-niza\/","name":"Izvi\u0111a\u010d do\u010dekuje Iskru za nastavak pobjedni\u010dkog niza - RADIO LJUBU\u0160KI","isPartOf":{"@id":"https:\/\/radioljubuski.ba\/#website"},"primaryImageOfPage":{"@id":"https:\/\/radioljubuski.ba\/index.php\/2022\/04\/19\/izvidac-docekuje-iskru-za-nastavak-pobjednickog-niza\/#primaryimage"},"image":{"@id":"https:\/\/radioljubuski.ba\/index.php\/2022\/04\/19\/izvidac-docekuje-iskru-za-nastavak-pobjednickog-niza\/#primaryimage"},"thumbnailUrl":"https:\/\/radioljubuski.ba\/wp-content\/uploads\/2022\/04\/Domagoj-Alilovic-480x600-1.jpg","datePublished":"2022-04-19T10:03:44+00:00","dateModified":"2022-04-19T10:03:45+00:00","breadcrumb":{"@id":"https:\/\/radioljubuski.ba\/index.php\/2022\/04\/19\/izvidac-docekuje-iskru-za-nastavak-pobjednickog-niza\/#breadcrumb"},"inLanguage":"hr","potentialAction":[{"@type":"ReadAction","target":["https:\/\/radioljubuski.ba\/index.php\/2022\/04\/19\/izvidac-docekuje-iskru-za-nastavak-pobjednickog-niza\/"]}]},{"@type":"ImageObject","inLanguage":"hr","@id":"https:\/\/radioljubuski.ba\/index.php\/2022\/04\/19\/izvidac-docekuje-iskru-za-nastavak-pobjednickog-niza\/#primaryimage","url":"https:\/\/radioljubuski.ba\/wp-content\/uploads\/2022\/04\/Domagoj-Alilovic-480x600-1.jpg","contentUrl":"https:\/\/radioljubuski.ba\/wp-content\/uploads\/2022\/04\/Domagoj-Alilovic-480x600-1.jpg","width":480,"height":600},{"@type":"BreadcrumbList","@id":"https:\/\/radioljubuski.ba\/index.php\/2022\/04\/19\/izvidac-docekuje-iskru-za-nastavak-pobjednickog-niza\/#breadcrumb","itemListElement":[{"@type":"ListItem","position":1,"name":"Po\u010detna stranica","item":"https:\/\/radioljubuski.ba\/"},{"@type":"ListItem","position":2,"name":"Izvi\u0111a\u010d do\u010dekuje Iskru za nastavak pobjedni\u010dkog niza"}]},{"@type":"WebSite","@id":"https:\/\/radioljubuski.ba\/#website","url":"https:\/\/radioljubuski.ba\/","name":"Radio Ljubu\u0161ki","description":"Sun\u010dana frekvencija Hercegovine","publisher":{"@id":"https:\/\/radioljubuski.ba\/#organization"},"potentialAction":[{"@type":"SearchAction","target":{"@type":"EntryPoint","urlTemplate":"https:\/\/radioljubuski.ba\/?s={search_term_string}"},"query-input":{"@type":"PropertyValueSpecification","valueRequired":true,"valueName":"search_term_string"}}],"inLanguage":"hr"},{"@type":"Organization","@id":"https:\/\/radioljubuski.ba\/#organization","name":"Radio Ljubu\u0161ki","url":"https:\/\/radioljubuski.ba\/","logo":{"@type":"ImageObject","inLanguage":"hr","@id":"https:\/\/radioljubuski.ba\/#\/schema\/logo\/image\/","url":"https:\/\/radioljubuski.ba\/wp-content\/uploads\/2021\/02\/cropped-Radio_Ljubuski_logo1.jpg","contentUrl":"https:\/\/radioljubuski.ba\/wp-content\/uploads\/2021\/02\/cropped-Radio_Ljubuski_logo1.jpg","width":512,"height":512,"caption":"Radio Ljubu\u0161ki"},"image":{"@id":"https:\/\/radioljubuski.ba\/#\/schema\/logo\/image\/"},"sameAs":["https:\/\/www.facebook.com\/Radiio-Ljubuski-1490835324566332","https:\/\/x.com\/radioljubuski","https:\/\/hr.linkedin.com\/company\/radio-ljubuski","https:\/\/www.youtube.com\/channel\/UCHYaeO_n0Db3tjNGudGpXyw"]},{"@type":"Person","@id":"https:\/\/radioljubuski.ba\/#\/schema\/person\/19fc700381a780f69665d7956c469e3b","name":"Radio Ljubu\u0161ki"}]}},"_links":{"self":[{"href":"https:\/\/radioljubuski.ba\/index.php\/wp-json\/wp\/v2\/posts\/134018","targetHints":{"allow":["GET"]}}],"collection":[{"href":"https:\/\/radioljubuski.ba\/index.php\/wp-json\/wp\/v2\/posts"}],"about":[{"href":"https:\/\/radioljubuski.ba\/index.php\/wp-json\/wp\/v2\/types\/post"}],"author":[{"embeddable":true,"href":"https:\/\/radioljubuski.ba\/index.php\/wp-json\/wp\/v2\/users\/2"}],"replies":[{"embeddable":true,"href":"https:\/\/radioljubuski.ba\/index.php\/wp-json\/wp\/v2\/comments?post=134018"}],"version-history":[{"count":1,"href":"https:\/\/radioljubuski.ba\/index.php\/wp-json\/wp\/v2\/posts\/134018\/revisions"}],"predecessor-version":[{"id":134027,"href":"https:\/\/radioljubuski.ba\/index.php\/wp-json\/wp\/v2\/posts\/134018\/revisions\/134027"}],"wp:featuredmedia":[{"embeddable":true,"href":"https:\/\/radioljubuski.ba\/index.php\/wp-json\/wp\/v2\/media\/134026"}],"wp:attachment":[{"href":"https:\/\/radioljubuski.ba\/index.php\/wp-json\/wp\/v2\/media?parent=134018"}],"wp:term":[{"taxonomy":"category","embeddable":true,"href":"https:\/\/radioljubuski.ba\/index.php\/wp-json\/wp\/v2\/categories?post=134018"},{"taxonomy":"post_tag","embeddable":true,"href":"https:\/\/radioljubuski.ba\/index.php\/wp-json\/wp\/v2\/tags?post=134018"}],"curies":[{"name":"wp","href":"https:\/\/api.w.org\/{rel}","templated":true}]}}