{"id":134096,"date":"2022-04-19T13:25:35","date_gmt":"2022-04-19T12:25:35","guid":{"rendered":"https:\/\/radioljubuski.ba\/?p=134096"},"modified":"2022-04-19T13:25:36","modified_gmt":"2022-04-19T12:25:36","slug":"marcus-smart-najbolji-defenzivac-nba-lige","status":"publish","type":"post","link":"https:\/\/radioljubuski.ba\/index.php\/2022\/04\/19\/marcus-smart-najbolji-defenzivac-nba-lige\/","title":{"rendered":"Marcus Smart najbolji defenzivac NBA lige"},"content":{"rendered":"\n<p>Ko\u0161arka\u0161 Boston Celticsa Marcus Smart progla\u0161en je najboljim obrambenim igra\u010dem NBA lige.<\/p>\n\n\n\n<p>Smart je u glasovanju novinara diljem svijeta dobio ukupno 257 bodova i pobijedio ispred <strong>Michala Bridgesa<\/strong> (Phoenix), koji je osvojio 202 boda, te pro\u0161logodi\u0161njeg laureata Francuza <strong>Rudija Goberta <\/strong>(Utah), koji je osvojio 136 bodova.<\/p>\n\n\n\n<p>Smart je prvi brani\u010d koji je dobio ovu nagradu nakon 1996., kada je<strong> Gary Peyton<\/strong> progla\u0161en najboljim brani\u010dem lige, a tek drugi igra\u010d Bostona koji je dobio ovo priznanje nakon <strong>Kevina Garnetta<\/strong> 2008.<\/p>\n\n\n\n<p>Izvor:hrt.hr<\/p>\n","protected":false},"excerpt":{"rendered":"<p>Ko\u0161arka\u0161 Boston Celticsa Marcus Smart progla\u0161en je najboljim obrambenim igra\u010dem NBA lige. Smart je u glasovanju novinara diljem svijeta dobio ukupno 257 bodova i pobijedio ispred Michala Bridgesa (Phoenix), koji je osvojio 202 boda, te pro\u0161logodi\u0161njeg laureata Francuza Rudija Goberta (Utah), koji je osvojio 136 bodova. Smart je prvi brani\u010d koji je dobio ovu nagradu [&hellip;]<\/p>\n","protected":false},"author":2,"featured_media":134097,"comment_status":"closed","ping_status":"closed","sticky":false,"template":"","format":"standard","meta":{"h5ap_radio_sources":[],"footnotes":""},"categories":[7],"tags":[],"class_list":["post-134096","post","type-post","status-publish","format-standard","has-post-thumbnail","hentry","category-sport"],"yoast_head":"<!-- This site is optimized with the Yoast SEO plugin v27.4 - https:\/\/yoast.com\/product\/yoast-seo-wordpress\/ -->\n<title>Marcus Smart najbolji defenzivac NBA lige - RADIO LJUBU\u0160KI<\/title>\n<meta name=\"robots\" content=\"index, follow, max-snippet:-1, max-image-preview:large, max-video-preview:-1\" \/>\n<link rel=\"canonical\" href=\"https:\/\/radioljubuski.ba\/index.php\/2022\/04\/19\/marcus-smart-najbolji-defenzivac-nba-lige\/\" \/>\n<meta property=\"og:locale\" content=\"hr_HR\" \/>\n<meta property=\"og:type\" content=\"article\" \/>\n<meta property=\"og:title\" content=\"Marcus Smart najbolji defenzivac NBA lige - RADIO LJUBU\u0160KI\" \/>\n<meta property=\"og:description\" content=\"Ko\u0161arka\u0161 Boston Celticsa Marcus Smart progla\u0161en je najboljim obrambenim igra\u010dem NBA lige. Smart je u glasovanju novinara diljem svijeta dobio ukupno 257 bodova i pobijedio ispred Michala Bridgesa (Phoenix), koji je osvojio 202 boda, te pro\u0161logodi\u0161njeg laureata Francuza Rudija Goberta (Utah), koji je osvojio 136 bodova. Smart je prvi brani\u010d koji je dobio ovu nagradu [&hellip;]\" \/>\n<meta property=\"og:url\" content=\"https:\/\/radioljubuski.ba\/index.php\/2022\/04\/19\/marcus-smart-najbolji-defenzivac-nba-lige\/\" \/>\n<meta property=\"og:site_name\" content=\"RADIO LJUBU\u0160KI\" \/>\n<meta property=\"article:publisher\" content=\"https:\/\/www.facebook.com\/Radiio-Ljubuski-1490835324566332\" \/>\n<meta property=\"article:published_time\" content=\"2022-04-19T12:25:35+00:00\" \/>\n<meta property=\"article:modified_time\" content=\"2022-04-19T12:25:36+00:00\" \/>\n<meta property=\"og:image\" content=\"https:\/\/radioljubuski.ba\/wp-content\/uploads\/2022\/04\/marcus-smart-2022-04-02t002330z-1687797733-mt1usatoday18004364-rtrmadp-3-nba-indiana-pacers-at-boston-celtics-20220419121159.jpg\" \/>\n\t<meta property=\"og:image:width\" content=\"1600\" \/>\n\t<meta property=\"og:image:height\" content=\"1109\" \/>\n\t<meta property=\"og:image:type\" content=\"image\/jpeg\" \/>\n<meta name=\"author\" content=\"Radio Ljubu\u0161ki\" \/>\n<meta name=\"twitter:card\" content=\"summary_large_image\" \/>\n<meta name=\"twitter:creator\" content=\"@radioljubuski\" \/>\n<meta name=\"twitter:site\" content=\"@radioljubuski\" \/>\n<meta name=\"twitter:label1\" content=\"Napisao\/la\" \/>\n\t<meta name=\"twitter:data1\" content=\"Radio Ljubu\u0161ki\" \/>\n\t<meta name=\"twitter:label2\" content=\"Procijenjeno vrijeme \u010ditanja\" \/>\n\t<meta name=\"twitter:data2\" content=\"1 minuta\" \/>\n<script type=\"application\/ld+json\" class=\"yoast-schema-graph\">{\"@context\":\"https:\\\/\\\/schema.org\",\"@graph\":[{\"@type\":\"Article\",\"@id\":\"https:\\\/\\\/radioljubuski.ba\\\/index.php\\\/2022\\\/04\\\/19\\\/marcus-smart-najbolji-defenzivac-nba-lige\\\/#article\",\"isPartOf\":{\"@id\":\"https:\\\/\\\/radioljubuski.ba\\\/index.php\\\/2022\\\/04\\\/19\\\/marcus-smart-najbolji-defenzivac-nba-lige\\\/\"},\"author\":{\"name\":\"Radio Ljubu\u0161ki\",\"@id\":\"https:\\\/\\\/radioljubuski.ba\\\/#\\\/schema\\\/person\\\/19fc700381a780f69665d7956c469e3b\"},\"headline\":\"Marcus Smart najbolji defenzivac NBA lige\",\"datePublished\":\"2022-04-19T12:25:35+00:00\",\"dateModified\":\"2022-04-19T12:25:36+00:00\",\"mainEntityOfPage\":{\"@id\":\"https:\\\/\\\/radioljubuski.ba\\\/index.php\\\/2022\\\/04\\\/19\\\/marcus-smart-najbolji-defenzivac-nba-lige\\\/\"},\"wordCount\":90,\"publisher\":{\"@id\":\"https:\\\/\\\/radioljubuski.ba\\\/#organization\"},\"image\":{\"@id\":\"https:\\\/\\\/radioljubuski.ba\\\/index.php\\\/2022\\\/04\\\/19\\\/marcus-smart-najbolji-defenzivac-nba-lige\\\/#primaryimage\"},\"thumbnailUrl\":\"https:\\\/\\\/radioljubuski.ba\\\/wp-content\\\/uploads\\\/2022\\\/04\\\/marcus-smart-2022-04-02t002330z-1687797733-mt1usatoday18004364-rtrmadp-3-nba-indiana-pacers-at-boston-celtics-20220419121159.jpg\",\"articleSection\":[\"\u0160port\"],\"inLanguage\":\"hr\"},{\"@type\":\"WebPage\",\"@id\":\"https:\\\/\\\/radioljubuski.ba\\\/index.php\\\/2022\\\/04\\\/19\\\/marcus-smart-najbolji-defenzivac-nba-lige\\\/\",\"url\":\"https:\\\/\\\/radioljubuski.ba\\\/index.php\\\/2022\\\/04\\\/19\\\/marcus-smart-najbolji-defenzivac-nba-lige\\\/\",\"name\":\"Marcus Smart najbolji defenzivac NBA lige - RADIO LJUBU\u0160KI\",\"isPartOf\":{\"@id\":\"https:\\\/\\\/radioljubuski.ba\\\/#website\"},\"primaryImageOfPage\":{\"@id\":\"https:\\\/\\\/radioljubuski.ba\\\/index.php\\\/2022\\\/04\\\/19\\\/marcus-smart-najbolji-defenzivac-nba-lige\\\/#primaryimage\"},\"image\":{\"@id\":\"https:\\\/\\\/radioljubuski.ba\\\/index.php\\\/2022\\\/04\\\/19\\\/marcus-smart-najbolji-defenzivac-nba-lige\\\/#primaryimage\"},\"thumbnailUrl\":\"https:\\\/\\\/radioljubuski.ba\\\/wp-content\\\/uploads\\\/2022\\\/04\\\/marcus-smart-2022-04-02t002330z-1687797733-mt1usatoday18004364-rtrmadp-3-nba-indiana-pacers-at-boston-celtics-20220419121159.jpg\",\"datePublished\":\"2022-04-19T12:25:35+00:00\",\"dateModified\":\"2022-04-19T12:25:36+00:00\",\"breadcrumb\":{\"@id\":\"https:\\\/\\\/radioljubuski.ba\\\/index.php\\\/2022\\\/04\\\/19\\\/marcus-smart-najbolji-defenzivac-nba-lige\\\/#breadcrumb\"},\"inLanguage\":\"hr\",\"potentialAction\":[{\"@type\":\"ReadAction\",\"target\":[\"https:\\\/\\\/radioljubuski.ba\\\/index.php\\\/2022\\\/04\\\/19\\\/marcus-smart-najbolji-defenzivac-nba-lige\\\/\"]}]},{\"@type\":\"ImageObject\",\"inLanguage\":\"hr\",\"@id\":\"https:\\\/\\\/radioljubuski.ba\\\/index.php\\\/2022\\\/04\\\/19\\\/marcus-smart-najbolji-defenzivac-nba-lige\\\/#primaryimage\",\"url\":\"https:\\\/\\\/radioljubuski.ba\\\/wp-content\\\/uploads\\\/2022\\\/04\\\/marcus-smart-2022-04-02t002330z-1687797733-mt1usatoday18004364-rtrmadp-3-nba-indiana-pacers-at-boston-celtics-20220419121159.jpg\",\"contentUrl\":\"https:\\\/\\\/radioljubuski.ba\\\/wp-content\\\/uploads\\\/2022\\\/04\\\/marcus-smart-2022-04-02t002330z-1687797733-mt1usatoday18004364-rtrmadp-3-nba-indiana-pacers-at-boston-celtics-20220419121159.jpg\",\"width\":1600,\"height\":1109},{\"@type\":\"BreadcrumbList\",\"@id\":\"https:\\\/\\\/radioljubuski.ba\\\/index.php\\\/2022\\\/04\\\/19\\\/marcus-smart-najbolji-defenzivac-nba-lige\\\/#breadcrumb\",\"itemListElement\":[{\"@type\":\"ListItem\",\"position\":1,\"name\":\"Po\u010detna stranica\",\"item\":\"https:\\\/\\\/radioljubuski.ba\\\/\"},{\"@type\":\"ListItem\",\"position\":2,\"name\":\"Marcus Smart najbolji defenzivac NBA lige\"}]},{\"@type\":\"WebSite\",\"@id\":\"https:\\\/\\\/radioljubuski.ba\\\/#website\",\"url\":\"https:\\\/\\\/radioljubuski.ba\\\/\",\"name\":\"Radio Ljubu\u0161ki\",\"description\":\"Sun\u010dana frekvencija Hercegovine\",\"publisher\":{\"@id\":\"https:\\\/\\\/radioljubuski.ba\\\/#organization\"},\"potentialAction\":[{\"@type\":\"SearchAction\",\"target\":{\"@type\":\"EntryPoint\",\"urlTemplate\":\"https:\\\/\\\/radioljubuski.ba\\\/?s={search_term_string}\"},\"query-input\":{\"@type\":\"PropertyValueSpecification\",\"valueRequired\":true,\"valueName\":\"search_term_string\"}}],\"inLanguage\":\"hr\"},{\"@type\":\"Organization\",\"@id\":\"https:\\\/\\\/radioljubuski.ba\\\/#organization\",\"name\":\"Radio Ljubu\u0161ki\",\"url\":\"https:\\\/\\\/radioljubuski.ba\\\/\",\"logo\":{\"@type\":\"ImageObject\",\"inLanguage\":\"hr\",\"@id\":\"https:\\\/\\\/radioljubuski.ba\\\/#\\\/schema\\\/logo\\\/image\\\/\",\"url\":\"https:\\\/\\\/radioljubuski.ba\\\/wp-content\\\/uploads\\\/2021\\\/02\\\/cropped-Radio_Ljubuski_logo1.jpg\",\"contentUrl\":\"https:\\\/\\\/radioljubuski.ba\\\/wp-content\\\/uploads\\\/2021\\\/02\\\/cropped-Radio_Ljubuski_logo1.jpg\",\"width\":512,\"height\":512,\"caption\":\"Radio Ljubu\u0161ki\"},\"image\":{\"@id\":\"https:\\\/\\\/radioljubuski.ba\\\/#\\\/schema\\\/logo\\\/image\\\/\"},\"sameAs\":[\"https:\\\/\\\/www.facebook.com\\\/Radiio-Ljubuski-1490835324566332\",\"https:\\\/\\\/x.com\\\/radioljubuski\",\"https:\\\/\\\/hr.linkedin.com\\\/company\\\/radio-ljubuski\",\"https:\\\/\\\/www.youtube.com\\\/channel\\\/UCHYaeO_n0Db3tjNGudGpXyw\"]},{\"@type\":\"Person\",\"@id\":\"https:\\\/\\\/radioljubuski.ba\\\/#\\\/schema\\\/person\\\/19fc700381a780f69665d7956c469e3b\",\"name\":\"Radio Ljubu\u0161ki\"}]}<\/script>\n<!-- \/ Yoast SEO plugin. -->","yoast_head_json":{"title":"Marcus Smart najbolji defenzivac NBA lige - RADIO LJUBU\u0160KI","robots":{"index":"index","follow":"follow","max-snippet":"max-snippet:-1","max-image-preview":"max-image-preview:large","max-video-preview":"max-video-preview:-1"},"canonical":"https:\/\/radioljubuski.ba\/index.php\/2022\/04\/19\/marcus-smart-najbolji-defenzivac-nba-lige\/","og_locale":"hr_HR","og_type":"article","og_title":"Marcus Smart najbolji defenzivac NBA lige - RADIO LJUBU\u0160KI","og_description":"Ko\u0161arka\u0161 Boston Celticsa Marcus Smart progla\u0161en je najboljim obrambenim igra\u010dem NBA lige. Smart je u glasovanju novinara diljem svijeta dobio ukupno 257 bodova i pobijedio ispred Michala Bridgesa (Phoenix), koji je osvojio 202 boda, te pro\u0161logodi\u0161njeg laureata Francuza Rudija Goberta (Utah), koji je osvojio 136 bodova. Smart je prvi brani\u010d koji je dobio ovu nagradu [&hellip;]","og_url":"https:\/\/radioljubuski.ba\/index.php\/2022\/04\/19\/marcus-smart-najbolji-defenzivac-nba-lige\/","og_site_name":"RADIO LJUBU\u0160KI","article_publisher":"https:\/\/www.facebook.com\/Radiio-Ljubuski-1490835324566332","article_published_time":"2022-04-19T12:25:35+00:00","article_modified_time":"2022-04-19T12:25:36+00:00","og_image":[{"width":1600,"height":1109,"url":"https:\/\/radioljubuski.ba\/wp-content\/uploads\/2022\/04\/marcus-smart-2022-04-02t002330z-1687797733-mt1usatoday18004364-rtrmadp-3-nba-indiana-pacers-at-boston-celtics-20220419121159.jpg","type":"image\/jpeg"}],"author":"Radio Ljubu\u0161ki","twitter_card":"summary_large_image","twitter_creator":"@radioljubuski","twitter_site":"@radioljubuski","twitter_misc":{"Napisao\/la":"Radio Ljubu\u0161ki","Procijenjeno vrijeme \u010ditanja":"1 minuta"},"schema":{"@context":"https:\/\/schema.org","@graph":[{"@type":"Article","@id":"https:\/\/radioljubuski.ba\/index.php\/2022\/04\/19\/marcus-smart-najbolji-defenzivac-nba-lige\/#article","isPartOf":{"@id":"https:\/\/radioljubuski.ba\/index.php\/2022\/04\/19\/marcus-smart-najbolji-defenzivac-nba-lige\/"},"author":{"name":"Radio Ljubu\u0161ki","@id":"https:\/\/radioljubuski.ba\/#\/schema\/person\/19fc700381a780f69665d7956c469e3b"},"headline":"Marcus Smart najbolji defenzivac NBA lige","datePublished":"2022-04-19T12:25:35+00:00","dateModified":"2022-04-19T12:25:36+00:00","mainEntityOfPage":{"@id":"https:\/\/radioljubuski.ba\/index.php\/2022\/04\/19\/marcus-smart-najbolji-defenzivac-nba-lige\/"},"wordCount":90,"publisher":{"@id":"https:\/\/radioljubuski.ba\/#organization"},"image":{"@id":"https:\/\/radioljubuski.ba\/index.php\/2022\/04\/19\/marcus-smart-najbolji-defenzivac-nba-lige\/#primaryimage"},"thumbnailUrl":"https:\/\/radioljubuski.ba\/wp-content\/uploads\/2022\/04\/marcus-smart-2022-04-02t002330z-1687797733-mt1usatoday18004364-rtrmadp-3-nba-indiana-pacers-at-boston-celtics-20220419121159.jpg","articleSection":["\u0160port"],"inLanguage":"hr"},{"@type":"WebPage","@id":"https:\/\/radioljubuski.ba\/index.php\/2022\/04\/19\/marcus-smart-najbolji-defenzivac-nba-lige\/","url":"https:\/\/radioljubuski.ba\/index.php\/2022\/04\/19\/marcus-smart-najbolji-defenzivac-nba-lige\/","name":"Marcus Smart najbolji defenzivac NBA lige - RADIO LJUBU\u0160KI","isPartOf":{"@id":"https:\/\/radioljubuski.ba\/#website"},"primaryImageOfPage":{"@id":"https:\/\/radioljubuski.ba\/index.php\/2022\/04\/19\/marcus-smart-najbolji-defenzivac-nba-lige\/#primaryimage"},"image":{"@id":"https:\/\/radioljubuski.ba\/index.php\/2022\/04\/19\/marcus-smart-najbolji-defenzivac-nba-lige\/#primaryimage"},"thumbnailUrl":"https:\/\/radioljubuski.ba\/wp-content\/uploads\/2022\/04\/marcus-smart-2022-04-02t002330z-1687797733-mt1usatoday18004364-rtrmadp-3-nba-indiana-pacers-at-boston-celtics-20220419121159.jpg","datePublished":"2022-04-19T12:25:35+00:00","dateModified":"2022-04-19T12:25:36+00:00","breadcrumb":{"@id":"https:\/\/radioljubuski.ba\/index.php\/2022\/04\/19\/marcus-smart-najbolji-defenzivac-nba-lige\/#breadcrumb"},"inLanguage":"hr","potentialAction":[{"@type":"ReadAction","target":["https:\/\/radioljubuski.ba\/index.php\/2022\/04\/19\/marcus-smart-najbolji-defenzivac-nba-lige\/"]}]},{"@type":"ImageObject","inLanguage":"hr","@id":"https:\/\/radioljubuski.ba\/index.php\/2022\/04\/19\/marcus-smart-najbolji-defenzivac-nba-lige\/#primaryimage","url":"https:\/\/radioljubuski.ba\/wp-content\/uploads\/2022\/04\/marcus-smart-2022-04-02t002330z-1687797733-mt1usatoday18004364-rtrmadp-3-nba-indiana-pacers-at-boston-celtics-20220419121159.jpg","contentUrl":"https:\/\/radioljubuski.ba\/wp-content\/uploads\/2022\/04\/marcus-smart-2022-04-02t002330z-1687797733-mt1usatoday18004364-rtrmadp-3-nba-indiana-pacers-at-boston-celtics-20220419121159.jpg","width":1600,"height":1109},{"@type":"BreadcrumbList","@id":"https:\/\/radioljubuski.ba\/index.php\/2022\/04\/19\/marcus-smart-najbolji-defenzivac-nba-lige\/#breadcrumb","itemListElement":[{"@type":"ListItem","position":1,"name":"Po\u010detna stranica","item":"https:\/\/radioljubuski.ba\/"},{"@type":"ListItem","position":2,"name":"Marcus Smart najbolji defenzivac NBA lige"}]},{"@type":"WebSite","@id":"https:\/\/radioljubuski.ba\/#website","url":"https:\/\/radioljubuski.ba\/","name":"Radio Ljubu\u0161ki","description":"Sun\u010dana frekvencija Hercegovine","publisher":{"@id":"https:\/\/radioljubuski.ba\/#organization"},"potentialAction":[{"@type":"SearchAction","target":{"@type":"EntryPoint","urlTemplate":"https:\/\/radioljubuski.ba\/?s={search_term_string}"},"query-input":{"@type":"PropertyValueSpecification","valueRequired":true,"valueName":"search_term_string"}}],"inLanguage":"hr"},{"@type":"Organization","@id":"https:\/\/radioljubuski.ba\/#organization","name":"Radio Ljubu\u0161ki","url":"https:\/\/radioljubuski.ba\/","logo":{"@type":"ImageObject","inLanguage":"hr","@id":"https:\/\/radioljubuski.ba\/#\/schema\/logo\/image\/","url":"https:\/\/radioljubuski.ba\/wp-content\/uploads\/2021\/02\/cropped-Radio_Ljubuski_logo1.jpg","contentUrl":"https:\/\/radioljubuski.ba\/wp-content\/uploads\/2021\/02\/cropped-Radio_Ljubuski_logo1.jpg","width":512,"height":512,"caption":"Radio Ljubu\u0161ki"},"image":{"@id":"https:\/\/radioljubuski.ba\/#\/schema\/logo\/image\/"},"sameAs":["https:\/\/www.facebook.com\/Radiio-Ljubuski-1490835324566332","https:\/\/x.com\/radioljubuski","https:\/\/hr.linkedin.com\/company\/radio-ljubuski","https:\/\/www.youtube.com\/channel\/UCHYaeO_n0Db3tjNGudGpXyw"]},{"@type":"Person","@id":"https:\/\/radioljubuski.ba\/#\/schema\/person\/19fc700381a780f69665d7956c469e3b","name":"Radio Ljubu\u0161ki"}]}},"_links":{"self":[{"href":"https:\/\/radioljubuski.ba\/index.php\/wp-json\/wp\/v2\/posts\/134096","targetHints":{"allow":["GET"]}}],"collection":[{"href":"https:\/\/radioljubuski.ba\/index.php\/wp-json\/wp\/v2\/posts"}],"about":[{"href":"https:\/\/radioljubuski.ba\/index.php\/wp-json\/wp\/v2\/types\/post"}],"author":[{"embeddable":true,"href":"https:\/\/radioljubuski.ba\/index.php\/wp-json\/wp\/v2\/users\/2"}],"replies":[{"embeddable":true,"href":"https:\/\/radioljubuski.ba\/index.php\/wp-json\/wp\/v2\/comments?post=134096"}],"version-history":[{"count":1,"href":"https:\/\/radioljubuski.ba\/index.php\/wp-json\/wp\/v2\/posts\/134096\/revisions"}],"predecessor-version":[{"id":134098,"href":"https:\/\/radioljubuski.ba\/index.php\/wp-json\/wp\/v2\/posts\/134096\/revisions\/134098"}],"wp:featuredmedia":[{"embeddable":true,"href":"https:\/\/radioljubuski.ba\/index.php\/wp-json\/wp\/v2\/media\/134097"}],"wp:attachment":[{"href":"https:\/\/radioljubuski.ba\/index.php\/wp-json\/wp\/v2\/media?parent=134096"}],"wp:term":[{"taxonomy":"category","embeddable":true,"href":"https:\/\/radioljubuski.ba\/index.php\/wp-json\/wp\/v2\/categories?post=134096"},{"taxonomy":"post_tag","embeddable":true,"href":"https:\/\/radioljubuski.ba\/index.php\/wp-json\/wp\/v2\/tags?post=134096"}],"curies":[{"name":"wp","href":"https:\/\/api.w.org\/{rel}","templated":true}]}}