{"id":13410,"date":"2021-04-16T09:50:07","date_gmt":"2021-04-16T08:50:07","guid":{"rendered":"https:\/\/radioljubuski.ba\/?p=13410"},"modified":"2021-04-16T09:50:08","modified_gmt":"2021-04-16T08:50:08","slug":"odrzana-sjednica-vlade-zhz-a-donosena-odluka-o-pomoci-edukacijsko-rehabilitacijskom-centru-na-bucinama","status":"publish","type":"post","link":"https:\/\/radioljubuski.ba\/index.php\/2021\/04\/16\/odrzana-sjednica-vlade-zhz-a-donosena-odluka-o-pomoci-edukacijsko-rehabilitacijskom-centru-na-bucinama\/","title":{"rendered":"Odr\u017eana sjednica Vlade ZH\u017d-a: Donosena odluka o pomo\u0107i Edukacijsko-rehabilitacijskom  centru na Bu\u010dinama"},"content":{"rendered":"\n<p>U \u010detvrtak 15. travnja 2021. godine, pod predsjedavanjem predsjednika Vlade Zdenka \u0106osi\u0107a, u dvorani za sastanke Skup\u0161tine \u017dupanije Zapadnohercegova\u010dke u \u0160irokom Brijegu, odr\u017eana je 87. sjednica Vlade \u017dupanije Zapadnohercegova\u010dke.<\/p>\n\n\n\n<p>Na ju\u010dera\u0161njoj sjednici Vlada je donijela vi\u0161e odluka.<\/p>\n\n\n\n<p>Vlada je donijela Odluku o davanju suglasnosti na Odluku Upravnog vije\u0107a Zavoda za zdravstveno osiguranje \u017dupanije Zapadnohercegova\u010dke o sklapanju Ugovora s Domom za djecu ometenu u tjelesnom ili psihi\u010dkom razvoju \u201eMarija-Na\u0161a Nada\u201c za 2021. godinu.<\/p>\n\n\n\n<p>Tako\u0111er, donesena je Odluka o odobravanju isplate sredstava Edukacijsko-rehabilitacijskom centru za djecu, mlade i odrasle osobe Bu\u010dine Ljubu\u0161ki utvr\u0111enih Prora\u010dunom \u017dupanije Zapadnohercegova\u010dke za 2021. godinu te Odluka o davanju suglasnosti na Odluku Upravnog vije\u0107a Zavoda za zdravstveno osiguranje \u017dupanije Zapadnohercegova\u010dke o sklapanju ugovora s Javnom ustanovom Edukacijsko-rehabilitacijski centar za djecu, mlade i odrasle osobe s pote\u0161ko\u0107ama u razvoju Ljubu\u0161ki za 2021. godinu.<\/p>\n\n\n\n<p>Usto, Vlada je donijela Odluku o utvr\u0111ivanju koeficijenta za obra\u010dun i isplatu mjese\u010dne nov\u010dane egzistencijalne naknade razvoja\u010denim braniteljima za period travanj-lipanj 2021. godine (II. kvartal 2021. godine).<\/p>\n\n\n\n<p>Vlada je donijela i Odluku o kori\u0161tenju sredstava \u201eKapitalni izdaci &#8211; nabava ud\u017ebenika\u201c utvr\u0111enih Prora\u010dunom \u017dupanije Zapadnohercegova\u010dke za 2021. godinu, Odluku o davanju suglasnosti na Naputak za ostvarivanje prava na potpore u poljoprivredi za 2021. godinu, Odluku o izdvajanju \u0161umskog zemlji\u0161ta iz \u0160umsko-gospodarskog podru\u010dja Posu\u0161ko u katastarskoj op\u0107ini Osoje na podru\u010dju op\u0107ine Posu\u0161je, Odluku o izdvajanju \u0161umskog zemlji\u0161ta iz \u0160umsko-gospodarskog podru\u010dja Posu\u0161ko u katastarskim op\u0107inama Vinjani i Sutina Virska na podru\u010dju op\u0107ine Posu\u0161je, Odluku o izdvajanju \u0161umskog zemlji\u0161ta iz \u0160umsko-gospodarskog podru\u010dja Posu\u0161ko u katastarskim op\u0107inama Ba\u0161i\u0107i, Osoje, Posu\u0161je i Be\u0161li\u0107i na podru\u010dju op\u0107ine Posu\u0161je.<\/p>\n\n\n\n<p>Nadalje, Vlada je donijela Odluku o davanju suglasnosti za sporazumni raskid Ugovora o zakupu \u0161umskog zemlji\u0161ta u dr\u017eavnom vlasni\u0161tvu za podizanje vi\u0161egodi\u0161njih nasada na dijelu k.\u010d. 6149\/1 k.o. Ljuti Dolac, \u0160iroki Brijeg, Odluku o odobravanju prodaje slu\u017ebenog motornog vozila Uprave za inspekcijske poslove \u017dupanije Zapadnohercegova\u010dke putem javnog nadmetanja uz obveznu objavu javnog oglasa u jednim dnevnim novinama, Odluku o davanju suglasnosti na Izvje\u0161\u0107e o izvr\u0161enju Financijskog plana Javne ustanove Ceste \u017dupanije Zapadnohercegova\u010dke za 2020. godinu, Odluku o davanju suglasnosti na Plan i program odr\u017eavanja i za\u0161tite, rekonstrukcije, izgradnje i obnove regionalnih cesta u 2021. godini te Odluku o davanju suglasnosti na Financijski plan Agencije za privatizaciju u \u017dupaniji Zapadnohercegova\u010dkoj za 2021. godinu.<\/p>\n\n\n\n<p>Nakon odluka, na dnevnom redu su se na\u0161la i tri izvje\u0161\u0107a.<br>Vlada je usvojila Izvje\u0161\u0107e o radu Agencije za privatizaciju u \u017dupaniji Zapadnohercegova\u010dkoj za 2020. godinu, Izvje\u0161\u0107e o poslovanju Javne ustanove Ceste \u017dupanije Zapadnohercegova\u010dke za 2020. godinu i Izvje\u0161\u0107e o radu Povjerenstva za sprje\u010davanje korupcije u \u017dupaniji Zapadnohercegova\u010dkoj za 2020. godinu.<\/p>\n\n\n\n<p>Na koncu sjednice Vlada je usvojila Program rada Agencije za privatizaciju u \u017dupaniji Zapadnohercegova\u010dkoj za 2021. godinu.<\/p>\n\n\n\n<p>Izvor: <a href=\"https:\/\/pogled.ba\/novosti\/odrzana-sjednica-vlade-zhz-a-doneseno-vise-odluka\/214556\">pogled.ba<\/a><\/p>\n","protected":false},"excerpt":{"rendered":"<p>U \u010detvrtak 15. travnja 2021. godine, pod predsjedavanjem predsjednika Vlade Zdenka \u0106osi\u0107a, u dvorani za sastanke Skup\u0161tine \u017dupanije Zapadnohercegova\u010dke u \u0160irokom Brijegu, odr\u017eana je 87. sjednica Vlade \u017dupanije Zapadnohercegova\u010dke. Na ju\u010dera\u0161njoj sjednici Vlada je donijela vi\u0161e odluka. Vlada je donijela Odluku o davanju suglasnosti na Odluku Upravnog vije\u0107a Zavoda za zdravstveno osiguranje \u017dupanije Zapadnohercegova\u010dke o [&hellip;]<\/p>\n","protected":false},"author":2,"featured_media":1400,"comment_status":"closed","ping_status":"closed","sticky":false,"template":"","format":"standard","meta":{"h5ap_radio_sources":[],"footnotes":""},"categories":[1],"tags":[],"class_list":["post-13410","post","type-post","status-publish","format-standard","has-post-thumbnail","hentry","category-bihiregija"],"yoast_head":"<!-- This site is optimized with the Yoast SEO plugin v27.4 - https:\/\/yoast.com\/product\/yoast-seo-wordpress\/ -->\n<title>Odr\u017eana sjednica Vlade ZH\u017d-a: Donosena odluka o pomo\u0107i Edukacijsko-rehabilitacijskom centru na Bu\u010dinama - RADIO LJUBU\u0160KI<\/title>\n<meta name=\"robots\" content=\"index, follow, max-snippet:-1, max-image-preview:large, max-video-preview:-1\" \/>\n<link rel=\"canonical\" href=\"https:\/\/radioljubuski.ba\/index.php\/2021\/04\/16\/odrzana-sjednica-vlade-zhz-a-donosena-odluka-o-pomoci-edukacijsko-rehabilitacijskom-centru-na-bucinama\/\" \/>\n<meta property=\"og:locale\" content=\"hr_HR\" \/>\n<meta property=\"og:type\" content=\"article\" \/>\n<meta property=\"og:title\" content=\"Odr\u017eana sjednica Vlade ZH\u017d-a: Donosena odluka o pomo\u0107i Edukacijsko-rehabilitacijskom centru na Bu\u010dinama - RADIO LJUBU\u0160KI\" \/>\n<meta property=\"og:description\" content=\"U \u010detvrtak 15. travnja 2021. godine, pod predsjedavanjem predsjednika Vlade Zdenka \u0106osi\u0107a, u dvorani za sastanke Skup\u0161tine \u017dupanije Zapadnohercegova\u010dke u \u0160irokom Brijegu, odr\u017eana je 87. sjednica Vlade \u017dupanije Zapadnohercegova\u010dke. Na ju\u010dera\u0161njoj sjednici Vlada je donijela vi\u0161e odluka. Vlada je donijela Odluku o davanju suglasnosti na Odluku Upravnog vije\u0107a Zavoda za zdravstveno osiguranje \u017dupanije Zapadnohercegova\u010dke o [&hellip;]\" \/>\n<meta property=\"og:url\" content=\"https:\/\/radioljubuski.ba\/index.php\/2021\/04\/16\/odrzana-sjednica-vlade-zhz-a-donosena-odluka-o-pomoci-edukacijsko-rehabilitacijskom-centru-na-bucinama\/\" \/>\n<meta property=\"og:site_name\" content=\"RADIO LJUBU\u0160KI\" \/>\n<meta property=\"article:publisher\" content=\"https:\/\/www.facebook.com\/Radiio-Ljubuski-1490835324566332\" \/>\n<meta property=\"article:published_time\" content=\"2021-04-16T08:50:07+00:00\" \/>\n<meta property=\"article:modified_time\" content=\"2021-04-16T08:50:08+00:00\" \/>\n<meta property=\"og:image\" content=\"https:\/\/radioljubuski.ba\/wp-content\/uploads\/2021\/03\/vlada-zhz-kraljevic-cosic.jpg\" \/>\n\t<meta property=\"og:image:width\" content=\"1001\" \/>\n\t<meta property=\"og:image:height\" content=\"611\" \/>\n\t<meta property=\"og:image:type\" content=\"image\/jpeg\" \/>\n<meta name=\"author\" content=\"Radio Ljubu\u0161ki\" \/>\n<meta name=\"twitter:card\" content=\"summary_large_image\" \/>\n<meta name=\"twitter:creator\" content=\"@radioljubuski\" \/>\n<meta name=\"twitter:site\" content=\"@radioljubuski\" \/>\n<meta name=\"twitter:label1\" content=\"Napisao\/la\" \/>\n\t<meta name=\"twitter:data1\" content=\"Radio Ljubu\u0161ki\" \/>\n\t<meta name=\"twitter:label2\" content=\"Procijenjeno vrijeme \u010ditanja\" \/>\n\t<meta name=\"twitter:data2\" content=\"2 minute\" \/>\n<script type=\"application\/ld+json\" class=\"yoast-schema-graph\">{\"@context\":\"https:\\\/\\\/schema.org\",\"@graph\":[{\"@type\":\"Article\",\"@id\":\"https:\\\/\\\/radioljubuski.ba\\\/index.php\\\/2021\\\/04\\\/16\\\/odrzana-sjednica-vlade-zhz-a-donosena-odluka-o-pomoci-edukacijsko-rehabilitacijskom-centru-na-bucinama\\\/#article\",\"isPartOf\":{\"@id\":\"https:\\\/\\\/radioljubuski.ba\\\/index.php\\\/2021\\\/04\\\/16\\\/odrzana-sjednica-vlade-zhz-a-donosena-odluka-o-pomoci-edukacijsko-rehabilitacijskom-centru-na-bucinama\\\/\"},\"author\":{\"name\":\"Radio Ljubu\u0161ki\",\"@id\":\"https:\\\/\\\/radioljubuski.ba\\\/#\\\/schema\\\/person\\\/19fc700381a780f69665d7956c469e3b\"},\"headline\":\"Odr\u017eana sjednica Vlade ZH\u017d-a: Donosena odluka o pomo\u0107i Edukacijsko-rehabilitacijskom centru na Bu\u010dinama\",\"datePublished\":\"2021-04-16T08:50:07+00:00\",\"dateModified\":\"2021-04-16T08:50:08+00:00\",\"mainEntityOfPage\":{\"@id\":\"https:\\\/\\\/radioljubuski.ba\\\/index.php\\\/2021\\\/04\\\/16\\\/odrzana-sjednica-vlade-zhz-a-donosena-odluka-o-pomoci-edukacijsko-rehabilitacijskom-centru-na-bucinama\\\/\"},\"wordCount\":519,\"publisher\":{\"@id\":\"https:\\\/\\\/radioljubuski.ba\\\/#organization\"},\"image\":{\"@id\":\"https:\\\/\\\/radioljubuski.ba\\\/index.php\\\/2021\\\/04\\\/16\\\/odrzana-sjednica-vlade-zhz-a-donosena-odluka-o-pomoci-edukacijsko-rehabilitacijskom-centru-na-bucinama\\\/#primaryimage\"},\"thumbnailUrl\":\"https:\\\/\\\/radioljubuski.ba\\\/wp-content\\\/uploads\\\/2021\\\/03\\\/vlada-zhz-kraljevic-cosic.jpg\",\"articleSection\":[\"BIH i regija\"],\"inLanguage\":\"hr\"},{\"@type\":\"WebPage\",\"@id\":\"https:\\\/\\\/radioljubuski.ba\\\/index.php\\\/2021\\\/04\\\/16\\\/odrzana-sjednica-vlade-zhz-a-donosena-odluka-o-pomoci-edukacijsko-rehabilitacijskom-centru-na-bucinama\\\/\",\"url\":\"https:\\\/\\\/radioljubuski.ba\\\/index.php\\\/2021\\\/04\\\/16\\\/odrzana-sjednica-vlade-zhz-a-donosena-odluka-o-pomoci-edukacijsko-rehabilitacijskom-centru-na-bucinama\\\/\",\"name\":\"Odr\u017eana sjednica Vlade ZH\u017d-a: Donosena odluka o pomo\u0107i Edukacijsko-rehabilitacijskom centru na Bu\u010dinama - RADIO LJUBU\u0160KI\",\"isPartOf\":{\"@id\":\"https:\\\/\\\/radioljubuski.ba\\\/#website\"},\"primaryImageOfPage\":{\"@id\":\"https:\\\/\\\/radioljubuski.ba\\\/index.php\\\/2021\\\/04\\\/16\\\/odrzana-sjednica-vlade-zhz-a-donosena-odluka-o-pomoci-edukacijsko-rehabilitacijskom-centru-na-bucinama\\\/#primaryimage\"},\"image\":{\"@id\":\"https:\\\/\\\/radioljubuski.ba\\\/index.php\\\/2021\\\/04\\\/16\\\/odrzana-sjednica-vlade-zhz-a-donosena-odluka-o-pomoci-edukacijsko-rehabilitacijskom-centru-na-bucinama\\\/#primaryimage\"},\"thumbnailUrl\":\"https:\\\/\\\/radioljubuski.ba\\\/wp-content\\\/uploads\\\/2021\\\/03\\\/vlada-zhz-kraljevic-cosic.jpg\",\"datePublished\":\"2021-04-16T08:50:07+00:00\",\"dateModified\":\"2021-04-16T08:50:08+00:00\",\"breadcrumb\":{\"@id\":\"https:\\\/\\\/radioljubuski.ba\\\/index.php\\\/2021\\\/04\\\/16\\\/odrzana-sjednica-vlade-zhz-a-donosena-odluka-o-pomoci-edukacijsko-rehabilitacijskom-centru-na-bucinama\\\/#breadcrumb\"},\"inLanguage\":\"hr\",\"potentialAction\":[{\"@type\":\"ReadAction\",\"target\":[\"https:\\\/\\\/radioljubuski.ba\\\/index.php\\\/2021\\\/04\\\/16\\\/odrzana-sjednica-vlade-zhz-a-donosena-odluka-o-pomoci-edukacijsko-rehabilitacijskom-centru-na-bucinama\\\/\"]}]},{\"@type\":\"ImageObject\",\"inLanguage\":\"hr\",\"@id\":\"https:\\\/\\\/radioljubuski.ba\\\/index.php\\\/2021\\\/04\\\/16\\\/odrzana-sjednica-vlade-zhz-a-donosena-odluka-o-pomoci-edukacijsko-rehabilitacijskom-centru-na-bucinama\\\/#primaryimage\",\"url\":\"https:\\\/\\\/radioljubuski.ba\\\/wp-content\\\/uploads\\\/2021\\\/03\\\/vlada-zhz-kraljevic-cosic.jpg\",\"contentUrl\":\"https:\\\/\\\/radioljubuski.ba\\\/wp-content\\\/uploads\\\/2021\\\/03\\\/vlada-zhz-kraljevic-cosic.jpg\",\"width\":1001,\"height\":611},{\"@type\":\"BreadcrumbList\",\"@id\":\"https:\\\/\\\/radioljubuski.ba\\\/index.php\\\/2021\\\/04\\\/16\\\/odrzana-sjednica-vlade-zhz-a-donosena-odluka-o-pomoci-edukacijsko-rehabilitacijskom-centru-na-bucinama\\\/#breadcrumb\",\"itemListElement\":[{\"@type\":\"ListItem\",\"position\":1,\"name\":\"Po\u010detna stranica\",\"item\":\"https:\\\/\\\/radioljubuski.ba\\\/\"},{\"@type\":\"ListItem\",\"position\":2,\"name\":\"Odr\u017eana sjednica Vlade ZH\u017d-a: Donosena odluka o pomo\u0107i Edukacijsko-rehabilitacijskom centru na Bu\u010dinama\"}]},{\"@type\":\"WebSite\",\"@id\":\"https:\\\/\\\/radioljubuski.ba\\\/#website\",\"url\":\"https:\\\/\\\/radioljubuski.ba\\\/\",\"name\":\"Radio Ljubu\u0161ki\",\"description\":\"Sun\u010dana frekvencija Hercegovine\",\"publisher\":{\"@id\":\"https:\\\/\\\/radioljubuski.ba\\\/#organization\"},\"potentialAction\":[{\"@type\":\"SearchAction\",\"target\":{\"@type\":\"EntryPoint\",\"urlTemplate\":\"https:\\\/\\\/radioljubuski.ba\\\/?s={search_term_string}\"},\"query-input\":{\"@type\":\"PropertyValueSpecification\",\"valueRequired\":true,\"valueName\":\"search_term_string\"}}],\"inLanguage\":\"hr\"},{\"@type\":\"Organization\",\"@id\":\"https:\\\/\\\/radioljubuski.ba\\\/#organization\",\"name\":\"Radio Ljubu\u0161ki\",\"url\":\"https:\\\/\\\/radioljubuski.ba\\\/\",\"logo\":{\"@type\":\"ImageObject\",\"inLanguage\":\"hr\",\"@id\":\"https:\\\/\\\/radioljubuski.ba\\\/#\\\/schema\\\/logo\\\/image\\\/\",\"url\":\"https:\\\/\\\/radioljubuski.ba\\\/wp-content\\\/uploads\\\/2021\\\/02\\\/cropped-Radio_Ljubuski_logo1.jpg\",\"contentUrl\":\"https:\\\/\\\/radioljubuski.ba\\\/wp-content\\\/uploads\\\/2021\\\/02\\\/cropped-Radio_Ljubuski_logo1.jpg\",\"width\":512,\"height\":512,\"caption\":\"Radio Ljubu\u0161ki\"},\"image\":{\"@id\":\"https:\\\/\\\/radioljubuski.ba\\\/#\\\/schema\\\/logo\\\/image\\\/\"},\"sameAs\":[\"https:\\\/\\\/www.facebook.com\\\/Radiio-Ljubuski-1490835324566332\",\"https:\\\/\\\/x.com\\\/radioljubuski\",\"https:\\\/\\\/hr.linkedin.com\\\/company\\\/radio-ljubuski\",\"https:\\\/\\\/www.youtube.com\\\/channel\\\/UCHYaeO_n0Db3tjNGudGpXyw\"]},{\"@type\":\"Person\",\"@id\":\"https:\\\/\\\/radioljubuski.ba\\\/#\\\/schema\\\/person\\\/19fc700381a780f69665d7956c469e3b\",\"name\":\"Radio Ljubu\u0161ki\"}]}<\/script>\n<!-- \/ Yoast SEO plugin. -->","yoast_head_json":{"title":"Odr\u017eana sjednica Vlade ZH\u017d-a: Donosena odluka o pomo\u0107i Edukacijsko-rehabilitacijskom centru na Bu\u010dinama - RADIO LJUBU\u0160KI","robots":{"index":"index","follow":"follow","max-snippet":"max-snippet:-1","max-image-preview":"max-image-preview:large","max-video-preview":"max-video-preview:-1"},"canonical":"https:\/\/radioljubuski.ba\/index.php\/2021\/04\/16\/odrzana-sjednica-vlade-zhz-a-donosena-odluka-o-pomoci-edukacijsko-rehabilitacijskom-centru-na-bucinama\/","og_locale":"hr_HR","og_type":"article","og_title":"Odr\u017eana sjednica Vlade ZH\u017d-a: Donosena odluka o pomo\u0107i Edukacijsko-rehabilitacijskom centru na Bu\u010dinama - RADIO LJUBU\u0160KI","og_description":"U \u010detvrtak 15. travnja 2021. godine, pod predsjedavanjem predsjednika Vlade Zdenka \u0106osi\u0107a, u dvorani za sastanke Skup\u0161tine \u017dupanije Zapadnohercegova\u010dke u \u0160irokom Brijegu, odr\u017eana je 87. sjednica Vlade \u017dupanije Zapadnohercegova\u010dke. Na ju\u010dera\u0161njoj sjednici Vlada je donijela vi\u0161e odluka. Vlada je donijela Odluku o davanju suglasnosti na Odluku Upravnog vije\u0107a Zavoda za zdravstveno osiguranje \u017dupanije Zapadnohercegova\u010dke o [&hellip;]","og_url":"https:\/\/radioljubuski.ba\/index.php\/2021\/04\/16\/odrzana-sjednica-vlade-zhz-a-donosena-odluka-o-pomoci-edukacijsko-rehabilitacijskom-centru-na-bucinama\/","og_site_name":"RADIO LJUBU\u0160KI","article_publisher":"https:\/\/www.facebook.com\/Radiio-Ljubuski-1490835324566332","article_published_time":"2021-04-16T08:50:07+00:00","article_modified_time":"2021-04-16T08:50:08+00:00","og_image":[{"width":1001,"height":611,"url":"https:\/\/radioljubuski.ba\/wp-content\/uploads\/2021\/03\/vlada-zhz-kraljevic-cosic.jpg","type":"image\/jpeg"}],"author":"Radio Ljubu\u0161ki","twitter_card":"summary_large_image","twitter_creator":"@radioljubuski","twitter_site":"@radioljubuski","twitter_misc":{"Napisao\/la":"Radio Ljubu\u0161ki","Procijenjeno vrijeme \u010ditanja":"2 minute"},"schema":{"@context":"https:\/\/schema.org","@graph":[{"@type":"Article","@id":"https:\/\/radioljubuski.ba\/index.php\/2021\/04\/16\/odrzana-sjednica-vlade-zhz-a-donosena-odluka-o-pomoci-edukacijsko-rehabilitacijskom-centru-na-bucinama\/#article","isPartOf":{"@id":"https:\/\/radioljubuski.ba\/index.php\/2021\/04\/16\/odrzana-sjednica-vlade-zhz-a-donosena-odluka-o-pomoci-edukacijsko-rehabilitacijskom-centru-na-bucinama\/"},"author":{"name":"Radio Ljubu\u0161ki","@id":"https:\/\/radioljubuski.ba\/#\/schema\/person\/19fc700381a780f69665d7956c469e3b"},"headline":"Odr\u017eana sjednica Vlade ZH\u017d-a: Donosena odluka o pomo\u0107i Edukacijsko-rehabilitacijskom centru na Bu\u010dinama","datePublished":"2021-04-16T08:50:07+00:00","dateModified":"2021-04-16T08:50:08+00:00","mainEntityOfPage":{"@id":"https:\/\/radioljubuski.ba\/index.php\/2021\/04\/16\/odrzana-sjednica-vlade-zhz-a-donosena-odluka-o-pomoci-edukacijsko-rehabilitacijskom-centru-na-bucinama\/"},"wordCount":519,"publisher":{"@id":"https:\/\/radioljubuski.ba\/#organization"},"image":{"@id":"https:\/\/radioljubuski.ba\/index.php\/2021\/04\/16\/odrzana-sjednica-vlade-zhz-a-donosena-odluka-o-pomoci-edukacijsko-rehabilitacijskom-centru-na-bucinama\/#primaryimage"},"thumbnailUrl":"https:\/\/radioljubuski.ba\/wp-content\/uploads\/2021\/03\/vlada-zhz-kraljevic-cosic.jpg","articleSection":["BIH i regija"],"inLanguage":"hr"},{"@type":"WebPage","@id":"https:\/\/radioljubuski.ba\/index.php\/2021\/04\/16\/odrzana-sjednica-vlade-zhz-a-donosena-odluka-o-pomoci-edukacijsko-rehabilitacijskom-centru-na-bucinama\/","url":"https:\/\/radioljubuski.ba\/index.php\/2021\/04\/16\/odrzana-sjednica-vlade-zhz-a-donosena-odluka-o-pomoci-edukacijsko-rehabilitacijskom-centru-na-bucinama\/","name":"Odr\u017eana sjednica Vlade ZH\u017d-a: Donosena odluka o pomo\u0107i Edukacijsko-rehabilitacijskom centru na Bu\u010dinama - RADIO LJUBU\u0160KI","isPartOf":{"@id":"https:\/\/radioljubuski.ba\/#website"},"primaryImageOfPage":{"@id":"https:\/\/radioljubuski.ba\/index.php\/2021\/04\/16\/odrzana-sjednica-vlade-zhz-a-donosena-odluka-o-pomoci-edukacijsko-rehabilitacijskom-centru-na-bucinama\/#primaryimage"},"image":{"@id":"https:\/\/radioljubuski.ba\/index.php\/2021\/04\/16\/odrzana-sjednica-vlade-zhz-a-donosena-odluka-o-pomoci-edukacijsko-rehabilitacijskom-centru-na-bucinama\/#primaryimage"},"thumbnailUrl":"https:\/\/radioljubuski.ba\/wp-content\/uploads\/2021\/03\/vlada-zhz-kraljevic-cosic.jpg","datePublished":"2021-04-16T08:50:07+00:00","dateModified":"2021-04-16T08:50:08+00:00","breadcrumb":{"@id":"https:\/\/radioljubuski.ba\/index.php\/2021\/04\/16\/odrzana-sjednica-vlade-zhz-a-donosena-odluka-o-pomoci-edukacijsko-rehabilitacijskom-centru-na-bucinama\/#breadcrumb"},"inLanguage":"hr","potentialAction":[{"@type":"ReadAction","target":["https:\/\/radioljubuski.ba\/index.php\/2021\/04\/16\/odrzana-sjednica-vlade-zhz-a-donosena-odluka-o-pomoci-edukacijsko-rehabilitacijskom-centru-na-bucinama\/"]}]},{"@type":"ImageObject","inLanguage":"hr","@id":"https:\/\/radioljubuski.ba\/index.php\/2021\/04\/16\/odrzana-sjednica-vlade-zhz-a-donosena-odluka-o-pomoci-edukacijsko-rehabilitacijskom-centru-na-bucinama\/#primaryimage","url":"https:\/\/radioljubuski.ba\/wp-content\/uploads\/2021\/03\/vlada-zhz-kraljevic-cosic.jpg","contentUrl":"https:\/\/radioljubuski.ba\/wp-content\/uploads\/2021\/03\/vlada-zhz-kraljevic-cosic.jpg","width":1001,"height":611},{"@type":"BreadcrumbList","@id":"https:\/\/radioljubuski.ba\/index.php\/2021\/04\/16\/odrzana-sjednica-vlade-zhz-a-donosena-odluka-o-pomoci-edukacijsko-rehabilitacijskom-centru-na-bucinama\/#breadcrumb","itemListElement":[{"@type":"ListItem","position":1,"name":"Po\u010detna stranica","item":"https:\/\/radioljubuski.ba\/"},{"@type":"ListItem","position":2,"name":"Odr\u017eana sjednica Vlade ZH\u017d-a: Donosena odluka o pomo\u0107i Edukacijsko-rehabilitacijskom centru na Bu\u010dinama"}]},{"@type":"WebSite","@id":"https:\/\/radioljubuski.ba\/#website","url":"https:\/\/radioljubuski.ba\/","name":"Radio Ljubu\u0161ki","description":"Sun\u010dana frekvencija Hercegovine","publisher":{"@id":"https:\/\/radioljubuski.ba\/#organization"},"potentialAction":[{"@type":"SearchAction","target":{"@type":"EntryPoint","urlTemplate":"https:\/\/radioljubuski.ba\/?s={search_term_string}"},"query-input":{"@type":"PropertyValueSpecification","valueRequired":true,"valueName":"search_term_string"}}],"inLanguage":"hr"},{"@type":"Organization","@id":"https:\/\/radioljubuski.ba\/#organization","name":"Radio Ljubu\u0161ki","url":"https:\/\/radioljubuski.ba\/","logo":{"@type":"ImageObject","inLanguage":"hr","@id":"https:\/\/radioljubuski.ba\/#\/schema\/logo\/image\/","url":"https:\/\/radioljubuski.ba\/wp-content\/uploads\/2021\/02\/cropped-Radio_Ljubuski_logo1.jpg","contentUrl":"https:\/\/radioljubuski.ba\/wp-content\/uploads\/2021\/02\/cropped-Radio_Ljubuski_logo1.jpg","width":512,"height":512,"caption":"Radio Ljubu\u0161ki"},"image":{"@id":"https:\/\/radioljubuski.ba\/#\/schema\/logo\/image\/"},"sameAs":["https:\/\/www.facebook.com\/Radiio-Ljubuski-1490835324566332","https:\/\/x.com\/radioljubuski","https:\/\/hr.linkedin.com\/company\/radio-ljubuski","https:\/\/www.youtube.com\/channel\/UCHYaeO_n0Db3tjNGudGpXyw"]},{"@type":"Person","@id":"https:\/\/radioljubuski.ba\/#\/schema\/person\/19fc700381a780f69665d7956c469e3b","name":"Radio Ljubu\u0161ki"}]}},"_links":{"self":[{"href":"https:\/\/radioljubuski.ba\/index.php\/wp-json\/wp\/v2\/posts\/13410","targetHints":{"allow":["GET"]}}],"collection":[{"href":"https:\/\/radioljubuski.ba\/index.php\/wp-json\/wp\/v2\/posts"}],"about":[{"href":"https:\/\/radioljubuski.ba\/index.php\/wp-json\/wp\/v2\/types\/post"}],"author":[{"embeddable":true,"href":"https:\/\/radioljubuski.ba\/index.php\/wp-json\/wp\/v2\/users\/2"}],"replies":[{"embeddable":true,"href":"https:\/\/radioljubuski.ba\/index.php\/wp-json\/wp\/v2\/comments?post=13410"}],"version-history":[{"count":1,"href":"https:\/\/radioljubuski.ba\/index.php\/wp-json\/wp\/v2\/posts\/13410\/revisions"}],"predecessor-version":[{"id":13411,"href":"https:\/\/radioljubuski.ba\/index.php\/wp-json\/wp\/v2\/posts\/13410\/revisions\/13411"}],"wp:featuredmedia":[{"embeddable":true,"href":"https:\/\/radioljubuski.ba\/index.php\/wp-json\/wp\/v2\/media\/1400"}],"wp:attachment":[{"href":"https:\/\/radioljubuski.ba\/index.php\/wp-json\/wp\/v2\/media?parent=13410"}],"wp:term":[{"taxonomy":"category","embeddable":true,"href":"https:\/\/radioljubuski.ba\/index.php\/wp-json\/wp\/v2\/categories?post=13410"},{"taxonomy":"post_tag","embeddable":true,"href":"https:\/\/radioljubuski.ba\/index.php\/wp-json\/wp\/v2\/tags?post=13410"}],"curies":[{"name":"wp","href":"https:\/\/api.w.org\/{rel}","templated":true}]}}