{"id":134108,"date":"2022-04-19T13:46:04","date_gmt":"2022-04-19T12:46:04","guid":{"rendered":"https:\/\/radioljubuski.ba\/?p=134108"},"modified":"2022-04-19T13:46:06","modified_gmt":"2022-04-19T12:46:06","slug":"tudorova-verona-slavila-u-bergamu-remi-napolija-i-rome","status":"publish","type":"post","link":"https:\/\/radioljubuski.ba\/index.php\/2022\/04\/19\/tudorova-verona-slavila-u-bergamu-remi-napolija-i-rome\/","title":{"rendered":"Tudorova Verona slavila u Bergamu, remi Napolija i Rome"},"content":{"rendered":"\n<p>Nogometa\u0161i Verone, koje vodi hrvatski stru\u010dnjak <strong>Igor Tudor<\/strong>, u posljednjem su dvoboju 33. kola talijanskog prvenstva kao gosti svladali Atalantu u Bergamu sa 2-1 (1-0).<\/p>\n\n\n\n<p>Svoju bolju igru u prvom poluvremenu gosti iz Verone okrunili su pogotkom <strong>Ceccherinija <\/strong>(45+2) u drugoj minuti nadoknade vremena, da bi po\u010detkom nastavka udvostru\u010dili prednost uz prili\u010dnu dozu sre\u0107e jer se lopta nakon obrane <strong>Mussa <\/strong>odbila u <strong>Koopmeinersa <\/strong>(55-ag), a od njega u mre\u017eu.<br><br>Do kraja susreta je <strong>Scalvini (<\/strong>82) svojim prvim pogotkom u karijeri uspio tek ubla\u017eiti poraz Atalante.<strong> Bo\u0161ko \u0160utalo<\/strong> igrao je za Veronu od 31. minute, dok je <strong>Mario Pa\u0161ali\u0107<\/strong> u\u0161ao u igru za Atalantu tek u 86. minuti.<br><br>Verona je sada deveta sa 48 bodova, tri manje od osme Atalante.<\/p>\n\n\n\n<blockquote class=\"twitter-tweet\"><p lang=\"it\" dir=\"ltr\">\ud835\udde7\ud835\udde5\ud835\uddd8 \ud835\udde3\ud835\udde8\ud835\udde1\ud835\udde7\ud835\udddc \ud835\uddd4 \ud835\uddd5\ud835\uddd8\ud835\udde5\ud835\uddda\ud835\uddd4\ud835\udde0\ud835\udde2 <a href=\"https:\/\/t.co\/79wPriJpMK\">pic.twitter.com\/79wPriJpMK<\/a><\/p>&mdash; Hellas Verona FC (@HellasVeronaFC) <a href=\"https:\/\/twitter.com\/HellasVeronaFC\/status\/1516159338867752961?ref_src=twsrc%5Etfw\">April 18, 2022<\/a><\/blockquote> <script async src=\"https:\/\/platform.twitter.com\/widgets.js\" charset=\"utf-8\"><\/script> \n\n\n\n<p>U prvoj utakmici igranoj u ponedjeljak Napoli i Roma su igrali 1-1 (1-0). Napoli je poveo rano u utakmici kada je <strong>Insigne <\/strong>(11-11m) iskoristio kazneni udarac koji je skrivio <strong>Ibanez <\/strong>prekr\u0161ajem na <strong>Lozanu<\/strong>, no u drugom poluvremenu doma\u0107i su se odlu\u010dili na branjenje minimalne prednosti umjesto na igru te za takav pristup bili ka\u017enjeni u prvoj minuti suda\u010dke nadoknade kada je <strong>El Shaarawy<\/strong> (90+1) preciznim udarcem sa 14-15 metara okon\u010dao lijepu akciju svog sastava i atraktivno dodavanje <strong>Abrahama<\/strong>.<br><br>Tre\u0107i Napoli sada ima 67 bodova, \u010detiri manje od vode\u0107eg Milana, a dva manje od drugog Intera koji je odigrao susret manje, dok je Roma peta sa 58 bodova, pet manje od \u010detvrtog Juventusa, a dva vi\u0161e od \u0161estog Lazija i sedme Fiorentine koja je odigrala susret manje.<\/p>\n\n\n\n<blockquote class=\"twitter-tweet\"><p lang=\"en\" dir=\"ltr\">The match between <a href=\"https:\/\/twitter.com\/en_sscnapoli?ref_src=twsrc%5Etfw\">@en_sscnapoli<\/a> and <a href=\"https:\/\/twitter.com\/ASRomaEN?ref_src=twsrc%5Etfw\">@ASRomaEN<\/a> ends in a draw! \ud83d\udd25<a href=\"https:\/\/twitter.com\/hashtag\/NapoliRoma?src=hash&amp;ref_src=twsrc%5Etfw\">#NapoliRoma<\/a> <a href=\"https:\/\/twitter.com\/hashtag\/SerieA?src=hash&amp;ref_src=twsrc%5Etfw\">#SerieA<\/a>\ud83d\udc8e <a href=\"https:\/\/twitter.com\/hashtag\/WeAreCalcio?src=hash&amp;ref_src=twsrc%5Etfw\">#WeAreCalcio<\/a> <a href=\"https:\/\/t.co\/ljRURETXD2\">pic.twitter.com\/ljRURETXD2<\/a><\/p>&mdash; Lega Serie A (@SerieA_EN) <a href=\"https:\/\/twitter.com\/SerieA_EN\/status\/1516130011937492999?ref_src=twsrc%5Etfw\">April 18, 2022<\/a><\/blockquote> <script async src=\"https:\/\/platform.twitter.com\/widgets.js\" charset=\"utf-8\"><\/script> \n\n\n\n<p><strong>REZULTATI 33. KOLA:<br><\/strong><br>Petak:<\/p>\n\n\n\n<p>Spezia &#8211; Inter 1-3 (Maggiore 88 \/ BROZOVI\u0106 31, Lautaro 73, Alexis 90+3)<\/p>\n\n\n\n<p>Milan &#8211; Genoa 2-0 (Leao 11, Messias 87)<\/p>\n\n\n\n<p>Subota:<\/p>\n\n\n\n<p>Cagliari &#8211; Sassuolo 1-0 (Deiola 42)<\/p>\n\n\n\n<p>Sampdoria &#8211; Salernitana 1-2 (Caputo 32 \/ Fazio 4, Ederson 6)<\/p>\n\n\n\n<p>Udinese &#8211; Empoli 4-1 (Ismajli 6-ag, Deulofeu 52, Pussetto 79, Samard\u017ei\u0107 88 \/ Pinamonti 70-11m)<\/p>\n\n\n\n<p>Fiorentina &#8211; Venezia 1-0 (Torreira 30)<\/p>\n\n\n\n<p>Juventus &#8211; Bologna 1-1 (Vlahovi\u0107 90+5 \/ Arnautovi\u0107 52)<\/p>\n\n\n\n<p>Lazio &#8211; Torino 1-1 (Immobile 90+2 \/ Pellegri 56)<\/p>\n\n\n\n<p>Ponedjeljak:<\/p>\n\n\n\n<p>Napoli &#8211; Roma 1-1 (Insigne 11-11m \/ El Shaarawy 90+1)<\/p>\n\n\n\n<p>Atalanta &#8211; Verona 1-2 (Scalvini 82 \/ Ceccherini 45+2, Koopmeiners 55-ag)<br><br><strong>TABLICA:<\/strong><br><br>&nbsp;1. Milan 33 21 8 4 58-29 71<\/p>\n\n\n\n<p>&nbsp;2. Inter 32 20 9 3 68-25 69<\/p>\n\n\n\n<p>&nbsp;3. Napoli 33 20 7 6 59-27 67<\/p>\n\n\n\n<p>&nbsp;4. Juventus 33 18 9 6 50-29 63<\/p>\n\n\n\n<p>&nbsp;5. Roma 33 17 7 9 54-37 58<\/p>\n\n\n\n<p>&nbsp;6. Lazio 33 16 8 9 65-48 56<\/p>\n\n\n\n<p>&nbsp;7. Fiorentina 32 17 5 10 53-40 56<\/p>\n\n\n\n<p>&nbsp;8. Atalanta 32 14 9 9 54-38 51<\/p>\n\n\n\n<p>&nbsp;9. Verona 33 13 9 11 58-50 48<\/p>\n\n\n\n<p>10. Sassuolo 33 12 10 11 58-53 46<\/p>\n\n\n\n<p>11. Torino 32 10 10 12 36-31 40<\/p>\n\n\n\n<p>12. Udinese 31 9 12 10 47-49 39<\/p>\n\n\n\n<p>13. Bologna 32 10 8 14 35-45 38<\/p>\n\n\n\n<p>14. Empoli 33 8 10 15 42-60 34<\/p>\n\n\n\n<p>15. Spezia 33 9 6 18 33-57 33<\/p>\n\n\n\n<p>16. Sampdoria 33 8 5 20 40-56 29<\/p>\n\n\n\n<p>17. Cagliari 33 6 10 17 31-61 28<\/p>\n\n\n\n<p>18. Genoa 33 2 16 15 24-54 22<\/p>\n\n\n\n<p>19. Venezia 32 5 7 20 26-58 22<\/p>\n\n\n\n<p>20. Salernitana 31 4 7 20 25-69 19<\/p>\n\n\n\n<p>Izvor:hrt.hr<\/p>\n","protected":false},"excerpt":{"rendered":"<p>Nogometa\u0161i Verone, koje vodi hrvatski stru\u010dnjak Igor Tudor, u posljednjem su dvoboju 33. kola talijanskog prvenstva kao gosti svladali Atalantu u Bergamu sa 2-1 (1-0). Svoju bolju igru u prvom poluvremenu gosti iz Verone okrunili su pogotkom Ceccherinija (45+2) u drugoj minuti nadoknade vremena, da bi po\u010detkom nastavka udvostru\u010dili prednost uz prili\u010dnu dozu sre\u0107e jer [&hellip;]<\/p>\n","protected":false},"author":2,"featured_media":134109,"comment_status":"closed","ping_status":"closed","sticky":false,"template":"","format":"standard","meta":{"h5ap_radio_sources":[],"footnotes":""},"categories":[7],"tags":[],"class_list":["post-134108","post","type-post","status-publish","format-standard","has-post-thumbnail","hentry","category-sport"],"yoast_head":"<!-- This site is optimized with the Yoast SEO plugin v27.4 - https:\/\/yoast.com\/product\/yoast-seo-wordpress\/ -->\n<title>Tudorova Verona slavila u Bergamu, remi Napolija i Rome - RADIO LJUBU\u0160KI<\/title>\n<meta name=\"robots\" content=\"index, follow, max-snippet:-1, max-image-preview:large, max-video-preview:-1\" \/>\n<link rel=\"canonical\" href=\"https:\/\/radioljubuski.ba\/index.php\/2022\/04\/19\/tudorova-verona-slavila-u-bergamu-remi-napolija-i-rome\/\" \/>\n<meta property=\"og:locale\" content=\"hr_HR\" \/>\n<meta property=\"og:type\" content=\"article\" \/>\n<meta property=\"og:title\" content=\"Tudorova Verona slavila u Bergamu, remi Napolija i Rome - RADIO LJUBU\u0160KI\" \/>\n<meta property=\"og:description\" content=\"Nogometa\u0161i Verone, koje vodi hrvatski stru\u010dnjak Igor Tudor, u posljednjem su dvoboju 33. kola talijanskog prvenstva kao gosti svladali Atalantu u Bergamu sa 2-1 (1-0). Svoju bolju igru u prvom poluvremenu gosti iz Verone okrunili su pogotkom Ceccherinija (45+2) u drugoj minuti nadoknade vremena, da bi po\u010detkom nastavka udvostru\u010dili prednost uz prili\u010dnu dozu sre\u0107e jer [&hellip;]\" \/>\n<meta property=\"og:url\" content=\"https:\/\/radioljubuski.ba\/index.php\/2022\/04\/19\/tudorova-verona-slavila-u-bergamu-remi-napolija-i-rome\/\" \/>\n<meta property=\"og:site_name\" content=\"RADIO LJUBU\u0160KI\" \/>\n<meta property=\"article:publisher\" content=\"https:\/\/www.facebook.com\/Radiio-Ljubuski-1490835324566332\" \/>\n<meta property=\"article:published_time\" content=\"2022-04-19T12:46:04+00:00\" \/>\n<meta property=\"article:modified_time\" content=\"2022-04-19T12:46:06+00:00\" \/>\n<meta property=\"og:image\" content=\"https:\/\/radioljubuski.ba\/wp-content\/uploads\/2022\/04\/11-8.jpg\" \/>\n\t<meta property=\"og:image:width\" content=\"279\" \/>\n\t<meta property=\"og:image:height\" content=\"180\" \/>\n\t<meta property=\"og:image:type\" content=\"image\/jpeg\" \/>\n<meta name=\"author\" content=\"Radio Ljubu\u0161ki\" \/>\n<meta name=\"twitter:card\" content=\"summary_large_image\" \/>\n<meta name=\"twitter:creator\" content=\"@radioljubuski\" \/>\n<meta name=\"twitter:site\" content=\"@radioljubuski\" \/>\n<meta name=\"twitter:label1\" content=\"Napisao\/la\" \/>\n\t<meta name=\"twitter:data1\" content=\"Radio Ljubu\u0161ki\" \/>\n\t<meta name=\"twitter:label2\" content=\"Procijenjeno vrijeme \u010ditanja\" \/>\n\t<meta name=\"twitter:data2\" content=\"3 minute\" \/>\n<script type=\"application\/ld+json\" class=\"yoast-schema-graph\">{\"@context\":\"https:\\\/\\\/schema.org\",\"@graph\":[{\"@type\":\"Article\",\"@id\":\"https:\\\/\\\/radioljubuski.ba\\\/index.php\\\/2022\\\/04\\\/19\\\/tudorova-verona-slavila-u-bergamu-remi-napolija-i-rome\\\/#article\",\"isPartOf\":{\"@id\":\"https:\\\/\\\/radioljubuski.ba\\\/index.php\\\/2022\\\/04\\\/19\\\/tudorova-verona-slavila-u-bergamu-remi-napolija-i-rome\\\/\"},\"author\":{\"name\":\"Radio Ljubu\u0161ki\",\"@id\":\"https:\\\/\\\/radioljubuski.ba\\\/#\\\/schema\\\/person\\\/19fc700381a780f69665d7956c469e3b\"},\"headline\":\"Tudorova Verona slavila u Bergamu, remi Napolija i Rome\",\"datePublished\":\"2022-04-19T12:46:04+00:00\",\"dateModified\":\"2022-04-19T12:46:06+00:00\",\"mainEntityOfPage\":{\"@id\":\"https:\\\/\\\/radioljubuski.ba\\\/index.php\\\/2022\\\/04\\\/19\\\/tudorova-verona-slavila-u-bergamu-remi-napolija-i-rome\\\/\"},\"wordCount\":432,\"publisher\":{\"@id\":\"https:\\\/\\\/radioljubuski.ba\\\/#organization\"},\"image\":{\"@id\":\"https:\\\/\\\/radioljubuski.ba\\\/index.php\\\/2022\\\/04\\\/19\\\/tudorova-verona-slavila-u-bergamu-remi-napolija-i-rome\\\/#primaryimage\"},\"thumbnailUrl\":\"https:\\\/\\\/radioljubuski.ba\\\/wp-content\\\/uploads\\\/2022\\\/04\\\/11-8.jpg\",\"articleSection\":[\"\u0160port\"],\"inLanguage\":\"hr\"},{\"@type\":\"WebPage\",\"@id\":\"https:\\\/\\\/radioljubuski.ba\\\/index.php\\\/2022\\\/04\\\/19\\\/tudorova-verona-slavila-u-bergamu-remi-napolija-i-rome\\\/\",\"url\":\"https:\\\/\\\/radioljubuski.ba\\\/index.php\\\/2022\\\/04\\\/19\\\/tudorova-verona-slavila-u-bergamu-remi-napolija-i-rome\\\/\",\"name\":\"Tudorova Verona slavila u Bergamu, remi Napolija i Rome - RADIO LJUBU\u0160KI\",\"isPartOf\":{\"@id\":\"https:\\\/\\\/radioljubuski.ba\\\/#website\"},\"primaryImageOfPage\":{\"@id\":\"https:\\\/\\\/radioljubuski.ba\\\/index.php\\\/2022\\\/04\\\/19\\\/tudorova-verona-slavila-u-bergamu-remi-napolija-i-rome\\\/#primaryimage\"},\"image\":{\"@id\":\"https:\\\/\\\/radioljubuski.ba\\\/index.php\\\/2022\\\/04\\\/19\\\/tudorova-verona-slavila-u-bergamu-remi-napolija-i-rome\\\/#primaryimage\"},\"thumbnailUrl\":\"https:\\\/\\\/radioljubuski.ba\\\/wp-content\\\/uploads\\\/2022\\\/04\\\/11-8.jpg\",\"datePublished\":\"2022-04-19T12:46:04+00:00\",\"dateModified\":\"2022-04-19T12:46:06+00:00\",\"breadcrumb\":{\"@id\":\"https:\\\/\\\/radioljubuski.ba\\\/index.php\\\/2022\\\/04\\\/19\\\/tudorova-verona-slavila-u-bergamu-remi-napolija-i-rome\\\/#breadcrumb\"},\"inLanguage\":\"hr\",\"potentialAction\":[{\"@type\":\"ReadAction\",\"target\":[\"https:\\\/\\\/radioljubuski.ba\\\/index.php\\\/2022\\\/04\\\/19\\\/tudorova-verona-slavila-u-bergamu-remi-napolija-i-rome\\\/\"]}]},{\"@type\":\"ImageObject\",\"inLanguage\":\"hr\",\"@id\":\"https:\\\/\\\/radioljubuski.ba\\\/index.php\\\/2022\\\/04\\\/19\\\/tudorova-verona-slavila-u-bergamu-remi-napolija-i-rome\\\/#primaryimage\",\"url\":\"https:\\\/\\\/radioljubuski.ba\\\/wp-content\\\/uploads\\\/2022\\\/04\\\/11-8.jpg\",\"contentUrl\":\"https:\\\/\\\/radioljubuski.ba\\\/wp-content\\\/uploads\\\/2022\\\/04\\\/11-8.jpg\",\"width\":279,\"height\":180},{\"@type\":\"BreadcrumbList\",\"@id\":\"https:\\\/\\\/radioljubuski.ba\\\/index.php\\\/2022\\\/04\\\/19\\\/tudorova-verona-slavila-u-bergamu-remi-napolija-i-rome\\\/#breadcrumb\",\"itemListElement\":[{\"@type\":\"ListItem\",\"position\":1,\"name\":\"Po\u010detna stranica\",\"item\":\"https:\\\/\\\/radioljubuski.ba\\\/\"},{\"@type\":\"ListItem\",\"position\":2,\"name\":\"Tudorova Verona slavila u Bergamu, remi Napolija i Rome\"}]},{\"@type\":\"WebSite\",\"@id\":\"https:\\\/\\\/radioljubuski.ba\\\/#website\",\"url\":\"https:\\\/\\\/radioljubuski.ba\\\/\",\"name\":\"Radio Ljubu\u0161ki\",\"description\":\"Sun\u010dana frekvencija Hercegovine\",\"publisher\":{\"@id\":\"https:\\\/\\\/radioljubuski.ba\\\/#organization\"},\"potentialAction\":[{\"@type\":\"SearchAction\",\"target\":{\"@type\":\"EntryPoint\",\"urlTemplate\":\"https:\\\/\\\/radioljubuski.ba\\\/?s={search_term_string}\"},\"query-input\":{\"@type\":\"PropertyValueSpecification\",\"valueRequired\":true,\"valueName\":\"search_term_string\"}}],\"inLanguage\":\"hr\"},{\"@type\":\"Organization\",\"@id\":\"https:\\\/\\\/radioljubuski.ba\\\/#organization\",\"name\":\"Radio Ljubu\u0161ki\",\"url\":\"https:\\\/\\\/radioljubuski.ba\\\/\",\"logo\":{\"@type\":\"ImageObject\",\"inLanguage\":\"hr\",\"@id\":\"https:\\\/\\\/radioljubuski.ba\\\/#\\\/schema\\\/logo\\\/image\\\/\",\"url\":\"https:\\\/\\\/radioljubuski.ba\\\/wp-content\\\/uploads\\\/2021\\\/02\\\/cropped-Radio_Ljubuski_logo1.jpg\",\"contentUrl\":\"https:\\\/\\\/radioljubuski.ba\\\/wp-content\\\/uploads\\\/2021\\\/02\\\/cropped-Radio_Ljubuski_logo1.jpg\",\"width\":512,\"height\":512,\"caption\":\"Radio Ljubu\u0161ki\"},\"image\":{\"@id\":\"https:\\\/\\\/radioljubuski.ba\\\/#\\\/schema\\\/logo\\\/image\\\/\"},\"sameAs\":[\"https:\\\/\\\/www.facebook.com\\\/Radiio-Ljubuski-1490835324566332\",\"https:\\\/\\\/x.com\\\/radioljubuski\",\"https:\\\/\\\/hr.linkedin.com\\\/company\\\/radio-ljubuski\",\"https:\\\/\\\/www.youtube.com\\\/channel\\\/UCHYaeO_n0Db3tjNGudGpXyw\"]},{\"@type\":\"Person\",\"@id\":\"https:\\\/\\\/radioljubuski.ba\\\/#\\\/schema\\\/person\\\/19fc700381a780f69665d7956c469e3b\",\"name\":\"Radio Ljubu\u0161ki\"}]}<\/script>\n<!-- \/ Yoast SEO plugin. -->","yoast_head_json":{"title":"Tudorova Verona slavila u Bergamu, remi Napolija i Rome - RADIO LJUBU\u0160KI","robots":{"index":"index","follow":"follow","max-snippet":"max-snippet:-1","max-image-preview":"max-image-preview:large","max-video-preview":"max-video-preview:-1"},"canonical":"https:\/\/radioljubuski.ba\/index.php\/2022\/04\/19\/tudorova-verona-slavila-u-bergamu-remi-napolija-i-rome\/","og_locale":"hr_HR","og_type":"article","og_title":"Tudorova Verona slavila u Bergamu, remi Napolija i Rome - RADIO LJUBU\u0160KI","og_description":"Nogometa\u0161i Verone, koje vodi hrvatski stru\u010dnjak Igor Tudor, u posljednjem su dvoboju 33. kola talijanskog prvenstva kao gosti svladali Atalantu u Bergamu sa 2-1 (1-0). Svoju bolju igru u prvom poluvremenu gosti iz Verone okrunili su pogotkom Ceccherinija (45+2) u drugoj minuti nadoknade vremena, da bi po\u010detkom nastavka udvostru\u010dili prednost uz prili\u010dnu dozu sre\u0107e jer [&hellip;]","og_url":"https:\/\/radioljubuski.ba\/index.php\/2022\/04\/19\/tudorova-verona-slavila-u-bergamu-remi-napolija-i-rome\/","og_site_name":"RADIO LJUBU\u0160KI","article_publisher":"https:\/\/www.facebook.com\/Radiio-Ljubuski-1490835324566332","article_published_time":"2022-04-19T12:46:04+00:00","article_modified_time":"2022-04-19T12:46:06+00:00","og_image":[{"width":279,"height":180,"url":"https:\/\/radioljubuski.ba\/wp-content\/uploads\/2022\/04\/11-8.jpg","type":"image\/jpeg"}],"author":"Radio Ljubu\u0161ki","twitter_card":"summary_large_image","twitter_creator":"@radioljubuski","twitter_site":"@radioljubuski","twitter_misc":{"Napisao\/la":"Radio Ljubu\u0161ki","Procijenjeno vrijeme \u010ditanja":"3 minute"},"schema":{"@context":"https:\/\/schema.org","@graph":[{"@type":"Article","@id":"https:\/\/radioljubuski.ba\/index.php\/2022\/04\/19\/tudorova-verona-slavila-u-bergamu-remi-napolija-i-rome\/#article","isPartOf":{"@id":"https:\/\/radioljubuski.ba\/index.php\/2022\/04\/19\/tudorova-verona-slavila-u-bergamu-remi-napolija-i-rome\/"},"author":{"name":"Radio Ljubu\u0161ki","@id":"https:\/\/radioljubuski.ba\/#\/schema\/person\/19fc700381a780f69665d7956c469e3b"},"headline":"Tudorova Verona slavila u Bergamu, remi Napolija i Rome","datePublished":"2022-04-19T12:46:04+00:00","dateModified":"2022-04-19T12:46:06+00:00","mainEntityOfPage":{"@id":"https:\/\/radioljubuski.ba\/index.php\/2022\/04\/19\/tudorova-verona-slavila-u-bergamu-remi-napolija-i-rome\/"},"wordCount":432,"publisher":{"@id":"https:\/\/radioljubuski.ba\/#organization"},"image":{"@id":"https:\/\/radioljubuski.ba\/index.php\/2022\/04\/19\/tudorova-verona-slavila-u-bergamu-remi-napolija-i-rome\/#primaryimage"},"thumbnailUrl":"https:\/\/radioljubuski.ba\/wp-content\/uploads\/2022\/04\/11-8.jpg","articleSection":["\u0160port"],"inLanguage":"hr"},{"@type":"WebPage","@id":"https:\/\/radioljubuski.ba\/index.php\/2022\/04\/19\/tudorova-verona-slavila-u-bergamu-remi-napolija-i-rome\/","url":"https:\/\/radioljubuski.ba\/index.php\/2022\/04\/19\/tudorova-verona-slavila-u-bergamu-remi-napolija-i-rome\/","name":"Tudorova Verona slavila u Bergamu, remi Napolija i Rome - RADIO LJUBU\u0160KI","isPartOf":{"@id":"https:\/\/radioljubuski.ba\/#website"},"primaryImageOfPage":{"@id":"https:\/\/radioljubuski.ba\/index.php\/2022\/04\/19\/tudorova-verona-slavila-u-bergamu-remi-napolija-i-rome\/#primaryimage"},"image":{"@id":"https:\/\/radioljubuski.ba\/index.php\/2022\/04\/19\/tudorova-verona-slavila-u-bergamu-remi-napolija-i-rome\/#primaryimage"},"thumbnailUrl":"https:\/\/radioljubuski.ba\/wp-content\/uploads\/2022\/04\/11-8.jpg","datePublished":"2022-04-19T12:46:04+00:00","dateModified":"2022-04-19T12:46:06+00:00","breadcrumb":{"@id":"https:\/\/radioljubuski.ba\/index.php\/2022\/04\/19\/tudorova-verona-slavila-u-bergamu-remi-napolija-i-rome\/#breadcrumb"},"inLanguage":"hr","potentialAction":[{"@type":"ReadAction","target":["https:\/\/radioljubuski.ba\/index.php\/2022\/04\/19\/tudorova-verona-slavila-u-bergamu-remi-napolija-i-rome\/"]}]},{"@type":"ImageObject","inLanguage":"hr","@id":"https:\/\/radioljubuski.ba\/index.php\/2022\/04\/19\/tudorova-verona-slavila-u-bergamu-remi-napolija-i-rome\/#primaryimage","url":"https:\/\/radioljubuski.ba\/wp-content\/uploads\/2022\/04\/11-8.jpg","contentUrl":"https:\/\/radioljubuski.ba\/wp-content\/uploads\/2022\/04\/11-8.jpg","width":279,"height":180},{"@type":"BreadcrumbList","@id":"https:\/\/radioljubuski.ba\/index.php\/2022\/04\/19\/tudorova-verona-slavila-u-bergamu-remi-napolija-i-rome\/#breadcrumb","itemListElement":[{"@type":"ListItem","position":1,"name":"Po\u010detna stranica","item":"https:\/\/radioljubuski.ba\/"},{"@type":"ListItem","position":2,"name":"Tudorova Verona slavila u Bergamu, remi Napolija i Rome"}]},{"@type":"WebSite","@id":"https:\/\/radioljubuski.ba\/#website","url":"https:\/\/radioljubuski.ba\/","name":"Radio Ljubu\u0161ki","description":"Sun\u010dana frekvencija Hercegovine","publisher":{"@id":"https:\/\/radioljubuski.ba\/#organization"},"potentialAction":[{"@type":"SearchAction","target":{"@type":"EntryPoint","urlTemplate":"https:\/\/radioljubuski.ba\/?s={search_term_string}"},"query-input":{"@type":"PropertyValueSpecification","valueRequired":true,"valueName":"search_term_string"}}],"inLanguage":"hr"},{"@type":"Organization","@id":"https:\/\/radioljubuski.ba\/#organization","name":"Radio Ljubu\u0161ki","url":"https:\/\/radioljubuski.ba\/","logo":{"@type":"ImageObject","inLanguage":"hr","@id":"https:\/\/radioljubuski.ba\/#\/schema\/logo\/image\/","url":"https:\/\/radioljubuski.ba\/wp-content\/uploads\/2021\/02\/cropped-Radio_Ljubuski_logo1.jpg","contentUrl":"https:\/\/radioljubuski.ba\/wp-content\/uploads\/2021\/02\/cropped-Radio_Ljubuski_logo1.jpg","width":512,"height":512,"caption":"Radio Ljubu\u0161ki"},"image":{"@id":"https:\/\/radioljubuski.ba\/#\/schema\/logo\/image\/"},"sameAs":["https:\/\/www.facebook.com\/Radiio-Ljubuski-1490835324566332","https:\/\/x.com\/radioljubuski","https:\/\/hr.linkedin.com\/company\/radio-ljubuski","https:\/\/www.youtube.com\/channel\/UCHYaeO_n0Db3tjNGudGpXyw"]},{"@type":"Person","@id":"https:\/\/radioljubuski.ba\/#\/schema\/person\/19fc700381a780f69665d7956c469e3b","name":"Radio Ljubu\u0161ki"}]}},"_links":{"self":[{"href":"https:\/\/radioljubuski.ba\/index.php\/wp-json\/wp\/v2\/posts\/134108","targetHints":{"allow":["GET"]}}],"collection":[{"href":"https:\/\/radioljubuski.ba\/index.php\/wp-json\/wp\/v2\/posts"}],"about":[{"href":"https:\/\/radioljubuski.ba\/index.php\/wp-json\/wp\/v2\/types\/post"}],"author":[{"embeddable":true,"href":"https:\/\/radioljubuski.ba\/index.php\/wp-json\/wp\/v2\/users\/2"}],"replies":[{"embeddable":true,"href":"https:\/\/radioljubuski.ba\/index.php\/wp-json\/wp\/v2\/comments?post=134108"}],"version-history":[{"count":1,"href":"https:\/\/radioljubuski.ba\/index.php\/wp-json\/wp\/v2\/posts\/134108\/revisions"}],"predecessor-version":[{"id":134113,"href":"https:\/\/radioljubuski.ba\/index.php\/wp-json\/wp\/v2\/posts\/134108\/revisions\/134113"}],"wp:featuredmedia":[{"embeddable":true,"href":"https:\/\/radioljubuski.ba\/index.php\/wp-json\/wp\/v2\/media\/134109"}],"wp:attachment":[{"href":"https:\/\/radioljubuski.ba\/index.php\/wp-json\/wp\/v2\/media?parent=134108"}],"wp:term":[{"taxonomy":"category","embeddable":true,"href":"https:\/\/radioljubuski.ba\/index.php\/wp-json\/wp\/v2\/categories?post=134108"},{"taxonomy":"post_tag","embeddable":true,"href":"https:\/\/radioljubuski.ba\/index.php\/wp-json\/wp\/v2\/tags?post=134108"}],"curies":[{"name":"wp","href":"https:\/\/api.w.org\/{rel}","templated":true}]}}