{"id":134123,"date":"2022-04-19T13:52:08","date_gmt":"2022-04-19T12:52:08","guid":{"rendered":"https:\/\/radioljubuski.ba\/?p=134123"},"modified":"2022-04-19T13:52:10","modified_gmt":"2022-04-19T12:52:10","slug":"zuljevic-vlada-fbih-umirovljenicima-daje-laznu-statistiku-i-dijeli-mrvice","status":"publish","type":"post","link":"https:\/\/radioljubuski.ba\/index.php\/2022\/04\/19\/zuljevic-vlada-fbih-umirovljenicima-daje-laznu-statistiku-i-dijeli-mrvice\/","title":{"rendered":"\u017duljevi\u0107: Vlada FBiH umirovljenicima daje la\u017enu statistiku i dijeli mrvice"},"content":{"rendered":"\n<p><strong>Delegat SDP BiH Aner \u017duljevi\u0107 reagirao je na odluku Vlade Federacije BiH o uskla\u0111ivanju mirovina.<\/strong><\/p>\n\n\n\n<p>\u201c<strong>Sramotna je Vladina odluka da u ovakvim poskupljenjima uz primjenu la\u017ene statistike umirovljenicima dijeli mrvice.<\/strong>&nbsp;Umirovljenici nakon dana\u0161njeg Vladinog uskla\u0111ivanja od 7,2% imaju realno manje mirovine za 41 KM nego 2021. godine,&nbsp;<a href=\"https:\/\/radiosarajevo.ba\/vijesti\/bosna-i-hercegovina\/aner-zuljevic-vlada-fbih-penzionerima-daje-laznu-statistiku-i-dijeli-mrvice\/454224\">objavio je Radio Sarajevo.<\/a><\/p>\n\n\n\n<p>Vlast na mjese\u010dnom nivou umirovljenicima uzima na poskupljenjima 68 KM, a vratila im je kroz uskla\u0111ivanje samo 27 KM.<\/p>\n\n\n\n<p>\u201cIndeks rasta cijena hrane po izvje\u0161taju dr\u017eavne statistike BiH je cca 18%, tako da svaki penzioner u 2022. godini ima objektivno smanjenu kupovnu vrijednost minimalne penzije sa 382 KM na 314 KM.&nbsp;<strong>Vlast tvrdi da uskla\u0111uje mirovine za 7,2%, te da na taj na\u010din iste rastu za 27 KM, \u0161to je neistina<\/strong>\u201c, kazao je \u017duljevi\u0107.<\/p>\n\n\n\n<p>Realno stanje je da \u0107e umirovljenik danas nakon Vladinih 7,2% uskla\u0111enja imati realnu vrijednost mirovine od 341 KM, \u0161to je i dalje 41 KM manja mirovina nego pro\u0161le godine kada su imali 382 KM, poja\u0161njava \u017duljevi\u0107.<\/p>\n\n\n\n<p>\u201cNa\u017ealost, danas je jasno da&nbsp;<strong>umirovljenici sa vladinim pristupom nisu dobili ni minimalni kompenzacijski efekat<\/strong>&nbsp;da im mirovine u kupovnoj vrijednosti budu iste kao i 2021. godine.<\/p>\n\n\n\n<p><strong>Pri\u010dati o rastu minimalnih mirovina na 410 KM mogu samo sebi\u010dni politi\u010dari<\/strong>&nbsp;koji ne \u017eele vidjeti realnost \u017eivota na\u0161ih umirovljenika kroz divljanje cijena prehrambenih artikala i lijekova.<\/p>\n\n\n\n<p>Umjesto 200 milijuna KM koje se iz bud\u017eeta FBiH daje po politi\u010dkom kriteriju kantonima, Vlada FBiH je uz ovo uskla\u0111ivanje predmetni novac trebala preusmjeriti na 13-tu penziju penzionerima, \u0161to je i bio prijedlog SDP-a.<\/p>\n\n\n\n<p>Novca ima, ali o\u010digledno nema volje\u201c, navodi se u reakciji \u017duljevi\u0107a.<\/p>\n\n\n\n<p><strong>Izvor: Dnevni.ba<\/strong><\/p>\n","protected":false},"excerpt":{"rendered":"<p>Delegat SDP BiH Aner \u017duljevi\u0107 reagirao je na odluku Vlade Federacije BiH o uskla\u0111ivanju mirovina. \u201cSramotna je Vladina odluka da u ovakvim poskupljenjima uz primjenu la\u017ene statistike umirovljenicima dijeli mrvice.&nbsp;Umirovljenici nakon dana\u0161njeg Vladinog uskla\u0111ivanja od 7,2% imaju realno manje mirovine za 41 KM nego 2021. godine,&nbsp;objavio je Radio Sarajevo. Vlast na mjese\u010dnom nivou umirovljenicima uzima [&hellip;]<\/p>\n","protected":false},"author":2,"featured_media":134124,"comment_status":"closed","ping_status":"closed","sticky":false,"template":"","format":"standard","meta":{"h5ap_radio_sources":[],"footnotes":""},"categories":[1],"tags":[],"class_list":["post-134123","post","type-post","status-publish","format-standard","has-post-thumbnail","hentry","category-bihiregija"],"yoast_head":"<!-- This site is optimized with the Yoast SEO plugin v27.4 - https:\/\/yoast.com\/product\/yoast-seo-wordpress\/ -->\n<title>\u017duljevi\u0107: Vlada FBiH umirovljenicima daje la\u017enu statistiku i dijeli mrvice - RADIO LJUBU\u0160KI<\/title>\n<meta name=\"robots\" content=\"index, follow, max-snippet:-1, max-image-preview:large, max-video-preview:-1\" \/>\n<link rel=\"canonical\" href=\"https:\/\/radioljubuski.ba\/index.php\/2022\/04\/19\/zuljevic-vlada-fbih-umirovljenicima-daje-laznu-statistiku-i-dijeli-mrvice\/\" \/>\n<meta property=\"og:locale\" content=\"hr_HR\" \/>\n<meta property=\"og:type\" content=\"article\" \/>\n<meta property=\"og:title\" content=\"\u017duljevi\u0107: Vlada FBiH umirovljenicima daje la\u017enu statistiku i dijeli mrvice - RADIO LJUBU\u0160KI\" \/>\n<meta property=\"og:description\" content=\"Delegat SDP BiH Aner \u017duljevi\u0107 reagirao je na odluku Vlade Federacije BiH o uskla\u0111ivanju mirovina. \u201cSramotna je Vladina odluka da u ovakvim poskupljenjima uz primjenu la\u017ene statistike umirovljenicima dijeli mrvice.&nbsp;Umirovljenici nakon dana\u0161njeg Vladinog uskla\u0111ivanja od 7,2% imaju realno manje mirovine za 41 KM nego 2021. godine,&nbsp;objavio je Radio Sarajevo. Vlast na mjese\u010dnom nivou umirovljenicima uzima [&hellip;]\" \/>\n<meta property=\"og:url\" content=\"https:\/\/radioljubuski.ba\/index.php\/2022\/04\/19\/zuljevic-vlada-fbih-umirovljenicima-daje-laznu-statistiku-i-dijeli-mrvice\/\" \/>\n<meta property=\"og:site_name\" content=\"RADIO LJUBU\u0160KI\" \/>\n<meta property=\"article:publisher\" content=\"https:\/\/www.facebook.com\/Radiio-Ljubuski-1490835324566332\" \/>\n<meta property=\"article:published_time\" content=\"2022-04-19T12:52:08+00:00\" \/>\n<meta property=\"article:modified_time\" content=\"2022-04-19T12:52:10+00:00\" \/>\n<meta property=\"og:image\" content=\"https:\/\/radioljubuski.ba\/wp-content\/uploads\/2022\/04\/zuljevic.jpg\" \/>\n\t<meta property=\"og:image:width\" content=\"1005\" \/>\n\t<meta property=\"og:image:height\" content=\"635\" \/>\n\t<meta property=\"og:image:type\" content=\"image\/jpeg\" \/>\n<meta name=\"author\" content=\"Radio Ljubu\u0161ki\" \/>\n<meta name=\"twitter:card\" content=\"summary_large_image\" \/>\n<meta name=\"twitter:creator\" content=\"@radioljubuski\" \/>\n<meta name=\"twitter:site\" content=\"@radioljubuski\" \/>\n<meta name=\"twitter:label1\" content=\"Napisao\/la\" \/>\n\t<meta name=\"twitter:data1\" content=\"Radio Ljubu\u0161ki\" \/>\n\t<meta name=\"twitter:label2\" content=\"Procijenjeno vrijeme \u010ditanja\" \/>\n\t<meta name=\"twitter:data2\" content=\"2 minute\" \/>\n<script type=\"application\/ld+json\" class=\"yoast-schema-graph\">{\"@context\":\"https:\\\/\\\/schema.org\",\"@graph\":[{\"@type\":\"Article\",\"@id\":\"https:\\\/\\\/radioljubuski.ba\\\/index.php\\\/2022\\\/04\\\/19\\\/zuljevic-vlada-fbih-umirovljenicima-daje-laznu-statistiku-i-dijeli-mrvice\\\/#article\",\"isPartOf\":{\"@id\":\"https:\\\/\\\/radioljubuski.ba\\\/index.php\\\/2022\\\/04\\\/19\\\/zuljevic-vlada-fbih-umirovljenicima-daje-laznu-statistiku-i-dijeli-mrvice\\\/\"},\"author\":{\"name\":\"Radio Ljubu\u0161ki\",\"@id\":\"https:\\\/\\\/radioljubuski.ba\\\/#\\\/schema\\\/person\\\/19fc700381a780f69665d7956c469e3b\"},\"headline\":\"\u017duljevi\u0107: Vlada FBiH umirovljenicima daje la\u017enu statistiku i dijeli mrvice\",\"datePublished\":\"2022-04-19T12:52:08+00:00\",\"dateModified\":\"2022-04-19T12:52:10+00:00\",\"mainEntityOfPage\":{\"@id\":\"https:\\\/\\\/radioljubuski.ba\\\/index.php\\\/2022\\\/04\\\/19\\\/zuljevic-vlada-fbih-umirovljenicima-daje-laznu-statistiku-i-dijeli-mrvice\\\/\"},\"wordCount\":285,\"publisher\":{\"@id\":\"https:\\\/\\\/radioljubuski.ba\\\/#organization\"},\"image\":{\"@id\":\"https:\\\/\\\/radioljubuski.ba\\\/index.php\\\/2022\\\/04\\\/19\\\/zuljevic-vlada-fbih-umirovljenicima-daje-laznu-statistiku-i-dijeli-mrvice\\\/#primaryimage\"},\"thumbnailUrl\":\"https:\\\/\\\/radioljubuski.ba\\\/wp-content\\\/uploads\\\/2022\\\/04\\\/zuljevic.jpg\",\"articleSection\":[\"BIH i regija\"],\"inLanguage\":\"hr\"},{\"@type\":\"WebPage\",\"@id\":\"https:\\\/\\\/radioljubuski.ba\\\/index.php\\\/2022\\\/04\\\/19\\\/zuljevic-vlada-fbih-umirovljenicima-daje-laznu-statistiku-i-dijeli-mrvice\\\/\",\"url\":\"https:\\\/\\\/radioljubuski.ba\\\/index.php\\\/2022\\\/04\\\/19\\\/zuljevic-vlada-fbih-umirovljenicima-daje-laznu-statistiku-i-dijeli-mrvice\\\/\",\"name\":\"\u017duljevi\u0107: Vlada FBiH umirovljenicima daje la\u017enu statistiku i dijeli mrvice - RADIO LJUBU\u0160KI\",\"isPartOf\":{\"@id\":\"https:\\\/\\\/radioljubuski.ba\\\/#website\"},\"primaryImageOfPage\":{\"@id\":\"https:\\\/\\\/radioljubuski.ba\\\/index.php\\\/2022\\\/04\\\/19\\\/zuljevic-vlada-fbih-umirovljenicima-daje-laznu-statistiku-i-dijeli-mrvice\\\/#primaryimage\"},\"image\":{\"@id\":\"https:\\\/\\\/radioljubuski.ba\\\/index.php\\\/2022\\\/04\\\/19\\\/zuljevic-vlada-fbih-umirovljenicima-daje-laznu-statistiku-i-dijeli-mrvice\\\/#primaryimage\"},\"thumbnailUrl\":\"https:\\\/\\\/radioljubuski.ba\\\/wp-content\\\/uploads\\\/2022\\\/04\\\/zuljevic.jpg\",\"datePublished\":\"2022-04-19T12:52:08+00:00\",\"dateModified\":\"2022-04-19T12:52:10+00:00\",\"breadcrumb\":{\"@id\":\"https:\\\/\\\/radioljubuski.ba\\\/index.php\\\/2022\\\/04\\\/19\\\/zuljevic-vlada-fbih-umirovljenicima-daje-laznu-statistiku-i-dijeli-mrvice\\\/#breadcrumb\"},\"inLanguage\":\"hr\",\"potentialAction\":[{\"@type\":\"ReadAction\",\"target\":[\"https:\\\/\\\/radioljubuski.ba\\\/index.php\\\/2022\\\/04\\\/19\\\/zuljevic-vlada-fbih-umirovljenicima-daje-laznu-statistiku-i-dijeli-mrvice\\\/\"]}]},{\"@type\":\"ImageObject\",\"inLanguage\":\"hr\",\"@id\":\"https:\\\/\\\/radioljubuski.ba\\\/index.php\\\/2022\\\/04\\\/19\\\/zuljevic-vlada-fbih-umirovljenicima-daje-laznu-statistiku-i-dijeli-mrvice\\\/#primaryimage\",\"url\":\"https:\\\/\\\/radioljubuski.ba\\\/wp-content\\\/uploads\\\/2022\\\/04\\\/zuljevic.jpg\",\"contentUrl\":\"https:\\\/\\\/radioljubuski.ba\\\/wp-content\\\/uploads\\\/2022\\\/04\\\/zuljevic.jpg\",\"width\":1005,\"height\":635},{\"@type\":\"BreadcrumbList\",\"@id\":\"https:\\\/\\\/radioljubuski.ba\\\/index.php\\\/2022\\\/04\\\/19\\\/zuljevic-vlada-fbih-umirovljenicima-daje-laznu-statistiku-i-dijeli-mrvice\\\/#breadcrumb\",\"itemListElement\":[{\"@type\":\"ListItem\",\"position\":1,\"name\":\"Po\u010detna stranica\",\"item\":\"https:\\\/\\\/radioljubuski.ba\\\/\"},{\"@type\":\"ListItem\",\"position\":2,\"name\":\"\u017duljevi\u0107: Vlada FBiH umirovljenicima daje la\u017enu statistiku i dijeli mrvice\"}]},{\"@type\":\"WebSite\",\"@id\":\"https:\\\/\\\/radioljubuski.ba\\\/#website\",\"url\":\"https:\\\/\\\/radioljubuski.ba\\\/\",\"name\":\"Radio Ljubu\u0161ki\",\"description\":\"Sun\u010dana frekvencija Hercegovine\",\"publisher\":{\"@id\":\"https:\\\/\\\/radioljubuski.ba\\\/#organization\"},\"potentialAction\":[{\"@type\":\"SearchAction\",\"target\":{\"@type\":\"EntryPoint\",\"urlTemplate\":\"https:\\\/\\\/radioljubuski.ba\\\/?s={search_term_string}\"},\"query-input\":{\"@type\":\"PropertyValueSpecification\",\"valueRequired\":true,\"valueName\":\"search_term_string\"}}],\"inLanguage\":\"hr\"},{\"@type\":\"Organization\",\"@id\":\"https:\\\/\\\/radioljubuski.ba\\\/#organization\",\"name\":\"Radio Ljubu\u0161ki\",\"url\":\"https:\\\/\\\/radioljubuski.ba\\\/\",\"logo\":{\"@type\":\"ImageObject\",\"inLanguage\":\"hr\",\"@id\":\"https:\\\/\\\/radioljubuski.ba\\\/#\\\/schema\\\/logo\\\/image\\\/\",\"url\":\"https:\\\/\\\/radioljubuski.ba\\\/wp-content\\\/uploads\\\/2021\\\/02\\\/cropped-Radio_Ljubuski_logo1.jpg\",\"contentUrl\":\"https:\\\/\\\/radioljubuski.ba\\\/wp-content\\\/uploads\\\/2021\\\/02\\\/cropped-Radio_Ljubuski_logo1.jpg\",\"width\":512,\"height\":512,\"caption\":\"Radio Ljubu\u0161ki\"},\"image\":{\"@id\":\"https:\\\/\\\/radioljubuski.ba\\\/#\\\/schema\\\/logo\\\/image\\\/\"},\"sameAs\":[\"https:\\\/\\\/www.facebook.com\\\/Radiio-Ljubuski-1490835324566332\",\"https:\\\/\\\/x.com\\\/radioljubuski\",\"https:\\\/\\\/hr.linkedin.com\\\/company\\\/radio-ljubuski\",\"https:\\\/\\\/www.youtube.com\\\/channel\\\/UCHYaeO_n0Db3tjNGudGpXyw\"]},{\"@type\":\"Person\",\"@id\":\"https:\\\/\\\/radioljubuski.ba\\\/#\\\/schema\\\/person\\\/19fc700381a780f69665d7956c469e3b\",\"name\":\"Radio Ljubu\u0161ki\"}]}<\/script>\n<!-- \/ Yoast SEO plugin. -->","yoast_head_json":{"title":"\u017duljevi\u0107: Vlada FBiH umirovljenicima daje la\u017enu statistiku i dijeli mrvice - RADIO LJUBU\u0160KI","robots":{"index":"index","follow":"follow","max-snippet":"max-snippet:-1","max-image-preview":"max-image-preview:large","max-video-preview":"max-video-preview:-1"},"canonical":"https:\/\/radioljubuski.ba\/index.php\/2022\/04\/19\/zuljevic-vlada-fbih-umirovljenicima-daje-laznu-statistiku-i-dijeli-mrvice\/","og_locale":"hr_HR","og_type":"article","og_title":"\u017duljevi\u0107: Vlada FBiH umirovljenicima daje la\u017enu statistiku i dijeli mrvice - RADIO LJUBU\u0160KI","og_description":"Delegat SDP BiH Aner \u017duljevi\u0107 reagirao je na odluku Vlade Federacije BiH o uskla\u0111ivanju mirovina. \u201cSramotna je Vladina odluka da u ovakvim poskupljenjima uz primjenu la\u017ene statistike umirovljenicima dijeli mrvice.&nbsp;Umirovljenici nakon dana\u0161njeg Vladinog uskla\u0111ivanja od 7,2% imaju realno manje mirovine za 41 KM nego 2021. godine,&nbsp;objavio je Radio Sarajevo. Vlast na mjese\u010dnom nivou umirovljenicima uzima [&hellip;]","og_url":"https:\/\/radioljubuski.ba\/index.php\/2022\/04\/19\/zuljevic-vlada-fbih-umirovljenicima-daje-laznu-statistiku-i-dijeli-mrvice\/","og_site_name":"RADIO LJUBU\u0160KI","article_publisher":"https:\/\/www.facebook.com\/Radiio-Ljubuski-1490835324566332","article_published_time":"2022-04-19T12:52:08+00:00","article_modified_time":"2022-04-19T12:52:10+00:00","og_image":[{"width":1005,"height":635,"url":"https:\/\/radioljubuski.ba\/wp-content\/uploads\/2022\/04\/zuljevic.jpg","type":"image\/jpeg"}],"author":"Radio Ljubu\u0161ki","twitter_card":"summary_large_image","twitter_creator":"@radioljubuski","twitter_site":"@radioljubuski","twitter_misc":{"Napisao\/la":"Radio Ljubu\u0161ki","Procijenjeno vrijeme \u010ditanja":"2 minute"},"schema":{"@context":"https:\/\/schema.org","@graph":[{"@type":"Article","@id":"https:\/\/radioljubuski.ba\/index.php\/2022\/04\/19\/zuljevic-vlada-fbih-umirovljenicima-daje-laznu-statistiku-i-dijeli-mrvice\/#article","isPartOf":{"@id":"https:\/\/radioljubuski.ba\/index.php\/2022\/04\/19\/zuljevic-vlada-fbih-umirovljenicima-daje-laznu-statistiku-i-dijeli-mrvice\/"},"author":{"name":"Radio Ljubu\u0161ki","@id":"https:\/\/radioljubuski.ba\/#\/schema\/person\/19fc700381a780f69665d7956c469e3b"},"headline":"\u017duljevi\u0107: Vlada FBiH umirovljenicima daje la\u017enu statistiku i dijeli mrvice","datePublished":"2022-04-19T12:52:08+00:00","dateModified":"2022-04-19T12:52:10+00:00","mainEntityOfPage":{"@id":"https:\/\/radioljubuski.ba\/index.php\/2022\/04\/19\/zuljevic-vlada-fbih-umirovljenicima-daje-laznu-statistiku-i-dijeli-mrvice\/"},"wordCount":285,"publisher":{"@id":"https:\/\/radioljubuski.ba\/#organization"},"image":{"@id":"https:\/\/radioljubuski.ba\/index.php\/2022\/04\/19\/zuljevic-vlada-fbih-umirovljenicima-daje-laznu-statistiku-i-dijeli-mrvice\/#primaryimage"},"thumbnailUrl":"https:\/\/radioljubuski.ba\/wp-content\/uploads\/2022\/04\/zuljevic.jpg","articleSection":["BIH i regija"],"inLanguage":"hr"},{"@type":"WebPage","@id":"https:\/\/radioljubuski.ba\/index.php\/2022\/04\/19\/zuljevic-vlada-fbih-umirovljenicima-daje-laznu-statistiku-i-dijeli-mrvice\/","url":"https:\/\/radioljubuski.ba\/index.php\/2022\/04\/19\/zuljevic-vlada-fbih-umirovljenicima-daje-laznu-statistiku-i-dijeli-mrvice\/","name":"\u017duljevi\u0107: Vlada FBiH umirovljenicima daje la\u017enu statistiku i dijeli mrvice - RADIO LJUBU\u0160KI","isPartOf":{"@id":"https:\/\/radioljubuski.ba\/#website"},"primaryImageOfPage":{"@id":"https:\/\/radioljubuski.ba\/index.php\/2022\/04\/19\/zuljevic-vlada-fbih-umirovljenicima-daje-laznu-statistiku-i-dijeli-mrvice\/#primaryimage"},"image":{"@id":"https:\/\/radioljubuski.ba\/index.php\/2022\/04\/19\/zuljevic-vlada-fbih-umirovljenicima-daje-laznu-statistiku-i-dijeli-mrvice\/#primaryimage"},"thumbnailUrl":"https:\/\/radioljubuski.ba\/wp-content\/uploads\/2022\/04\/zuljevic.jpg","datePublished":"2022-04-19T12:52:08+00:00","dateModified":"2022-04-19T12:52:10+00:00","breadcrumb":{"@id":"https:\/\/radioljubuski.ba\/index.php\/2022\/04\/19\/zuljevic-vlada-fbih-umirovljenicima-daje-laznu-statistiku-i-dijeli-mrvice\/#breadcrumb"},"inLanguage":"hr","potentialAction":[{"@type":"ReadAction","target":["https:\/\/radioljubuski.ba\/index.php\/2022\/04\/19\/zuljevic-vlada-fbih-umirovljenicima-daje-laznu-statistiku-i-dijeli-mrvice\/"]}]},{"@type":"ImageObject","inLanguage":"hr","@id":"https:\/\/radioljubuski.ba\/index.php\/2022\/04\/19\/zuljevic-vlada-fbih-umirovljenicima-daje-laznu-statistiku-i-dijeli-mrvice\/#primaryimage","url":"https:\/\/radioljubuski.ba\/wp-content\/uploads\/2022\/04\/zuljevic.jpg","contentUrl":"https:\/\/radioljubuski.ba\/wp-content\/uploads\/2022\/04\/zuljevic.jpg","width":1005,"height":635},{"@type":"BreadcrumbList","@id":"https:\/\/radioljubuski.ba\/index.php\/2022\/04\/19\/zuljevic-vlada-fbih-umirovljenicima-daje-laznu-statistiku-i-dijeli-mrvice\/#breadcrumb","itemListElement":[{"@type":"ListItem","position":1,"name":"Po\u010detna stranica","item":"https:\/\/radioljubuski.ba\/"},{"@type":"ListItem","position":2,"name":"\u017duljevi\u0107: Vlada FBiH umirovljenicima daje la\u017enu statistiku i dijeli mrvice"}]},{"@type":"WebSite","@id":"https:\/\/radioljubuski.ba\/#website","url":"https:\/\/radioljubuski.ba\/","name":"Radio Ljubu\u0161ki","description":"Sun\u010dana frekvencija Hercegovine","publisher":{"@id":"https:\/\/radioljubuski.ba\/#organization"},"potentialAction":[{"@type":"SearchAction","target":{"@type":"EntryPoint","urlTemplate":"https:\/\/radioljubuski.ba\/?s={search_term_string}"},"query-input":{"@type":"PropertyValueSpecification","valueRequired":true,"valueName":"search_term_string"}}],"inLanguage":"hr"},{"@type":"Organization","@id":"https:\/\/radioljubuski.ba\/#organization","name":"Radio Ljubu\u0161ki","url":"https:\/\/radioljubuski.ba\/","logo":{"@type":"ImageObject","inLanguage":"hr","@id":"https:\/\/radioljubuski.ba\/#\/schema\/logo\/image\/","url":"https:\/\/radioljubuski.ba\/wp-content\/uploads\/2021\/02\/cropped-Radio_Ljubuski_logo1.jpg","contentUrl":"https:\/\/radioljubuski.ba\/wp-content\/uploads\/2021\/02\/cropped-Radio_Ljubuski_logo1.jpg","width":512,"height":512,"caption":"Radio Ljubu\u0161ki"},"image":{"@id":"https:\/\/radioljubuski.ba\/#\/schema\/logo\/image\/"},"sameAs":["https:\/\/www.facebook.com\/Radiio-Ljubuski-1490835324566332","https:\/\/x.com\/radioljubuski","https:\/\/hr.linkedin.com\/company\/radio-ljubuski","https:\/\/www.youtube.com\/channel\/UCHYaeO_n0Db3tjNGudGpXyw"]},{"@type":"Person","@id":"https:\/\/radioljubuski.ba\/#\/schema\/person\/19fc700381a780f69665d7956c469e3b","name":"Radio Ljubu\u0161ki"}]}},"_links":{"self":[{"href":"https:\/\/radioljubuski.ba\/index.php\/wp-json\/wp\/v2\/posts\/134123","targetHints":{"allow":["GET"]}}],"collection":[{"href":"https:\/\/radioljubuski.ba\/index.php\/wp-json\/wp\/v2\/posts"}],"about":[{"href":"https:\/\/radioljubuski.ba\/index.php\/wp-json\/wp\/v2\/types\/post"}],"author":[{"embeddable":true,"href":"https:\/\/radioljubuski.ba\/index.php\/wp-json\/wp\/v2\/users\/2"}],"replies":[{"embeddable":true,"href":"https:\/\/radioljubuski.ba\/index.php\/wp-json\/wp\/v2\/comments?post=134123"}],"version-history":[{"count":1,"href":"https:\/\/radioljubuski.ba\/index.php\/wp-json\/wp\/v2\/posts\/134123\/revisions"}],"predecessor-version":[{"id":134125,"href":"https:\/\/radioljubuski.ba\/index.php\/wp-json\/wp\/v2\/posts\/134123\/revisions\/134125"}],"wp:featuredmedia":[{"embeddable":true,"href":"https:\/\/radioljubuski.ba\/index.php\/wp-json\/wp\/v2\/media\/134124"}],"wp:attachment":[{"href":"https:\/\/radioljubuski.ba\/index.php\/wp-json\/wp\/v2\/media?parent=134123"}],"wp:term":[{"taxonomy":"category","embeddable":true,"href":"https:\/\/radioljubuski.ba\/index.php\/wp-json\/wp\/v2\/categories?post=134123"},{"taxonomy":"post_tag","embeddable":true,"href":"https:\/\/radioljubuski.ba\/index.php\/wp-json\/wp\/v2\/tags?post=134123"}],"curies":[{"name":"wp","href":"https:\/\/api.w.org\/{rel}","templated":true}]}}