{"id":134126,"date":"2022-04-19T13:53:28","date_gmt":"2022-04-19T12:53:28","guid":{"rendered":"https:\/\/radioljubuski.ba\/?p=134126"},"modified":"2022-04-19T13:53:29","modified_gmt":"2022-04-19T12:53:29","slug":"capljina-do-pobjede-nad-ljubuskim-preko-mace-i-jurica","status":"publish","type":"post","link":"https:\/\/radioljubuski.ba\/index.php\/2022\/04\/19\/capljina-do-pobjede-nad-ljubuskim-preko-mace-i-jurica\/","title":{"rendered":"\u010capljina do pobjede nad Ljubu\u0161kim preko Mace i Juri\u0107a"},"content":{"rendered":"\n<p>Nogometa\u0161i HNK \u010capljina u 19. su kolu 2. Lige FBIH &#8211; Jug ugostili nogometa\u0161e NK Ljubu\u0161ki na Bjelavama. Obje mom\u010dadi u proljetni dio sezone nisu u\u0161le najbolje. Dok se \u010capljina mu\u010dila s postizanjem pogodaka te propusnom obranom, NK Ljubu\u0161ki nije uspio nametnuti svoju igru u nastavku prvenstva. Utakmicu je zbog kartona moralo propustiti nekoliko iskusnijih doma\u0107ih nogometa\u0161a no unato\u010d tome \u010capljinci su pru\u017eili odli\u010dnu predstavu, nadigrali kvalitetnog protivnika i pobijedili 3-0 golovima Marsela Mace (2) i Damjana Juri\u0107a (1).<\/p>\n\n\n\n<p>Odluka trenera \u010capljine Damira Borovca da u utakmicu u\u0111e s \u010dak 7 igra\u010da do 20 godina, 3 u obrani kao i vratar, pokazala se odli\u010dnim potezom. Tako su od mladih snaga za \u010capljinu nastupili: D\u017eidi\u0107 na golu, Kordi\u0107, Bo\u0161kovi\u0107 i Doli\u0107 u obrani, Roki\u0107 i Zovko u vezi dok je na krilu bio Juri\u0107.<\/p>\n\n\n\n<p>Ljubu\u0161aci su u utakmicu u\u0161li kvalitetno te zaprijetili nekoliko puta s distance dok su doma\u0107i prijetili uglavnom preko krila ali golova u prvom poluvremenu nije bilo. Valja istaknuti nekoliko atraktivnih poteza igra\u010da \u010capljine. U drugi dio \u010capljinci su u\u0161li s ve\u0107om \u017eeljom te nanizali nekoliko \u0161ansi a okvir gola je spasio gosta 2 puta. Eurogolom Marsela Mace iz slobodnog udarca \u010capljina je do\u0161la do vodstva. Nemalo nakon toga gosti iz Ljubu\u0161kog su opasno zaprijetili preko kontre ali poku\u0161aj Ljubu\u0161aka uspje\u0161no je zaustavio vratar doma\u0107ih D\u017eidi\u0107. Nakon toga jo\u0161 jedan slobodan udarac za doma\u0107e, jo\u0161 jednom je pucao Mace, i jo\u0161 jednom je zabio te povisio vodstvo doma\u0107ina. Pred kraj susreta preko polukontre Damjan Juri\u0107 loptu smireno smje\u0161ta u mre\u017eu protivnika \u010dime je potvrdio pobjedu doma\u0107ina od 3-0.<\/p>\n\n\n\n<p>Ovom pobjedom HNK \u010capljina je pokazao snagu i kvalitetu svoga kadra, a trener Borovac je promjenama u postavi dobio okomitost, brzinu i htijenje te uspio vratiti mom\u010dad na pobjedni\u010dki kolosijek. Tako sada HNK \u010capljina na prvenstvenoj ljestvici stoji na drugom mjestu sa 6 bodova zaostatka, uz utakmicu manje, za prvoplasiranim Klisom.<\/p>\n\n\n\n<p><strong>Izvor: Hercegovina.info<\/strong><\/p>\n","protected":false},"excerpt":{"rendered":"<p>Nogometa\u0161i HNK \u010capljina u 19. su kolu 2. Lige FBIH &#8211; Jug ugostili nogometa\u0161e NK Ljubu\u0161ki na Bjelavama. Obje mom\u010dadi u proljetni dio sezone nisu u\u0161le najbolje. Dok se \u010capljina mu\u010dila s postizanjem pogodaka te propusnom obranom, NK Ljubu\u0161ki nije uspio nametnuti svoju igru u nastavku prvenstva. Utakmicu je zbog kartona moralo propustiti nekoliko iskusnijih [&hellip;]<\/p>\n","protected":false},"author":2,"featured_media":134127,"comment_status":"closed","ping_status":"closed","sticky":false,"template":"","format":"standard","meta":{"h5ap_radio_sources":[],"footnotes":""},"categories":[7],"tags":[],"class_list":["post-134126","post","type-post","status-publish","format-standard","has-post-thumbnail","hentry","category-sport"],"yoast_head":"<!-- This site is optimized with the Yoast SEO plugin v27.4 - https:\/\/yoast.com\/product\/yoast-seo-wordpress\/ -->\n<title>\u010capljina do pobjede nad Ljubu\u0161kim preko Mace i Juri\u0107a - RADIO LJUBU\u0160KI<\/title>\n<meta name=\"robots\" content=\"index, follow, max-snippet:-1, max-image-preview:large, max-video-preview:-1\" \/>\n<link rel=\"canonical\" href=\"https:\/\/radioljubuski.ba\/index.php\/2022\/04\/19\/capljina-do-pobjede-nad-ljubuskim-preko-mace-i-jurica\/\" \/>\n<meta property=\"og:locale\" content=\"hr_HR\" \/>\n<meta property=\"og:type\" content=\"article\" \/>\n<meta property=\"og:title\" content=\"\u010capljina do pobjede nad Ljubu\u0161kim preko Mace i Juri\u0107a - RADIO LJUBU\u0160KI\" \/>\n<meta property=\"og:description\" content=\"Nogometa\u0161i HNK \u010capljina u 19. su kolu 2. Lige FBIH &#8211; Jug ugostili nogometa\u0161e NK Ljubu\u0161ki na Bjelavama. Obje mom\u010dadi u proljetni dio sezone nisu u\u0161le najbolje. Dok se \u010capljina mu\u010dila s postizanjem pogodaka te propusnom obranom, NK Ljubu\u0161ki nije uspio nametnuti svoju igru u nastavku prvenstva. Utakmicu je zbog kartona moralo propustiti nekoliko iskusnijih [&hellip;]\" \/>\n<meta property=\"og:url\" content=\"https:\/\/radioljubuski.ba\/index.php\/2022\/04\/19\/capljina-do-pobjede-nad-ljubuskim-preko-mace-i-jurica\/\" \/>\n<meta property=\"og:site_name\" content=\"RADIO LJUBU\u0160KI\" \/>\n<meta property=\"article:publisher\" content=\"https:\/\/www.facebook.com\/Radiio-Ljubuski-1490835324566332\" \/>\n<meta property=\"article:published_time\" content=\"2022-04-19T12:53:28+00:00\" \/>\n<meta property=\"article:modified_time\" content=\"2022-04-19T12:53:29+00:00\" \/>\n<meta property=\"og:image\" content=\"https:\/\/radioljubuski.ba\/wp-content\/uploads\/2022\/04\/cp-ljubuski.jpg\" \/>\n\t<meta property=\"og:image:width\" content=\"1024\" \/>\n\t<meta property=\"og:image:height\" content=\"597\" \/>\n\t<meta property=\"og:image:type\" content=\"image\/jpeg\" \/>\n<meta name=\"author\" content=\"Radio Ljubu\u0161ki\" \/>\n<meta name=\"twitter:card\" content=\"summary_large_image\" \/>\n<meta name=\"twitter:creator\" content=\"@radioljubuski\" \/>\n<meta name=\"twitter:site\" content=\"@radioljubuski\" \/>\n<meta name=\"twitter:label1\" content=\"Napisao\/la\" \/>\n\t<meta name=\"twitter:data1\" content=\"Radio Ljubu\u0161ki\" \/>\n\t<meta name=\"twitter:label2\" content=\"Procijenjeno vrijeme \u010ditanja\" \/>\n\t<meta name=\"twitter:data2\" content=\"2 minute\" \/>\n<script type=\"application\/ld+json\" class=\"yoast-schema-graph\">{\"@context\":\"https:\\\/\\\/schema.org\",\"@graph\":[{\"@type\":\"Article\",\"@id\":\"https:\\\/\\\/radioljubuski.ba\\\/index.php\\\/2022\\\/04\\\/19\\\/capljina-do-pobjede-nad-ljubuskim-preko-mace-i-jurica\\\/#article\",\"isPartOf\":{\"@id\":\"https:\\\/\\\/radioljubuski.ba\\\/index.php\\\/2022\\\/04\\\/19\\\/capljina-do-pobjede-nad-ljubuskim-preko-mace-i-jurica\\\/\"},\"author\":{\"name\":\"Radio Ljubu\u0161ki\",\"@id\":\"https:\\\/\\\/radioljubuski.ba\\\/#\\\/schema\\\/person\\\/19fc700381a780f69665d7956c469e3b\"},\"headline\":\"\u010capljina do pobjede nad Ljubu\u0161kim preko Mace i Juri\u0107a\",\"datePublished\":\"2022-04-19T12:53:28+00:00\",\"dateModified\":\"2022-04-19T12:53:29+00:00\",\"mainEntityOfPage\":{\"@id\":\"https:\\\/\\\/radioljubuski.ba\\\/index.php\\\/2022\\\/04\\\/19\\\/capljina-do-pobjede-nad-ljubuskim-preko-mace-i-jurica\\\/\"},\"wordCount\":353,\"publisher\":{\"@id\":\"https:\\\/\\\/radioljubuski.ba\\\/#organization\"},\"image\":{\"@id\":\"https:\\\/\\\/radioljubuski.ba\\\/index.php\\\/2022\\\/04\\\/19\\\/capljina-do-pobjede-nad-ljubuskim-preko-mace-i-jurica\\\/#primaryimage\"},\"thumbnailUrl\":\"https:\\\/\\\/radioljubuski.ba\\\/wp-content\\\/uploads\\\/2022\\\/04\\\/cp-ljubuski.jpg\",\"articleSection\":[\"\u0160port\"],\"inLanguage\":\"hr\"},{\"@type\":\"WebPage\",\"@id\":\"https:\\\/\\\/radioljubuski.ba\\\/index.php\\\/2022\\\/04\\\/19\\\/capljina-do-pobjede-nad-ljubuskim-preko-mace-i-jurica\\\/\",\"url\":\"https:\\\/\\\/radioljubuski.ba\\\/index.php\\\/2022\\\/04\\\/19\\\/capljina-do-pobjede-nad-ljubuskim-preko-mace-i-jurica\\\/\",\"name\":\"\u010capljina do pobjede nad Ljubu\u0161kim preko Mace i Juri\u0107a - RADIO LJUBU\u0160KI\",\"isPartOf\":{\"@id\":\"https:\\\/\\\/radioljubuski.ba\\\/#website\"},\"primaryImageOfPage\":{\"@id\":\"https:\\\/\\\/radioljubuski.ba\\\/index.php\\\/2022\\\/04\\\/19\\\/capljina-do-pobjede-nad-ljubuskim-preko-mace-i-jurica\\\/#primaryimage\"},\"image\":{\"@id\":\"https:\\\/\\\/radioljubuski.ba\\\/index.php\\\/2022\\\/04\\\/19\\\/capljina-do-pobjede-nad-ljubuskim-preko-mace-i-jurica\\\/#primaryimage\"},\"thumbnailUrl\":\"https:\\\/\\\/radioljubuski.ba\\\/wp-content\\\/uploads\\\/2022\\\/04\\\/cp-ljubuski.jpg\",\"datePublished\":\"2022-04-19T12:53:28+00:00\",\"dateModified\":\"2022-04-19T12:53:29+00:00\",\"breadcrumb\":{\"@id\":\"https:\\\/\\\/radioljubuski.ba\\\/index.php\\\/2022\\\/04\\\/19\\\/capljina-do-pobjede-nad-ljubuskim-preko-mace-i-jurica\\\/#breadcrumb\"},\"inLanguage\":\"hr\",\"potentialAction\":[{\"@type\":\"ReadAction\",\"target\":[\"https:\\\/\\\/radioljubuski.ba\\\/index.php\\\/2022\\\/04\\\/19\\\/capljina-do-pobjede-nad-ljubuskim-preko-mace-i-jurica\\\/\"]}]},{\"@type\":\"ImageObject\",\"inLanguage\":\"hr\",\"@id\":\"https:\\\/\\\/radioljubuski.ba\\\/index.php\\\/2022\\\/04\\\/19\\\/capljina-do-pobjede-nad-ljubuskim-preko-mace-i-jurica\\\/#primaryimage\",\"url\":\"https:\\\/\\\/radioljubuski.ba\\\/wp-content\\\/uploads\\\/2022\\\/04\\\/cp-ljubuski.jpg\",\"contentUrl\":\"https:\\\/\\\/radioljubuski.ba\\\/wp-content\\\/uploads\\\/2022\\\/04\\\/cp-ljubuski.jpg\",\"width\":1024,\"height\":597},{\"@type\":\"BreadcrumbList\",\"@id\":\"https:\\\/\\\/radioljubuski.ba\\\/index.php\\\/2022\\\/04\\\/19\\\/capljina-do-pobjede-nad-ljubuskim-preko-mace-i-jurica\\\/#breadcrumb\",\"itemListElement\":[{\"@type\":\"ListItem\",\"position\":1,\"name\":\"Po\u010detna stranica\",\"item\":\"https:\\\/\\\/radioljubuski.ba\\\/\"},{\"@type\":\"ListItem\",\"position\":2,\"name\":\"\u010capljina do pobjede nad Ljubu\u0161kim preko Mace i Juri\u0107a\"}]},{\"@type\":\"WebSite\",\"@id\":\"https:\\\/\\\/radioljubuski.ba\\\/#website\",\"url\":\"https:\\\/\\\/radioljubuski.ba\\\/\",\"name\":\"Radio Ljubu\u0161ki\",\"description\":\"Sun\u010dana frekvencija Hercegovine\",\"publisher\":{\"@id\":\"https:\\\/\\\/radioljubuski.ba\\\/#organization\"},\"potentialAction\":[{\"@type\":\"SearchAction\",\"target\":{\"@type\":\"EntryPoint\",\"urlTemplate\":\"https:\\\/\\\/radioljubuski.ba\\\/?s={search_term_string}\"},\"query-input\":{\"@type\":\"PropertyValueSpecification\",\"valueRequired\":true,\"valueName\":\"search_term_string\"}}],\"inLanguage\":\"hr\"},{\"@type\":\"Organization\",\"@id\":\"https:\\\/\\\/radioljubuski.ba\\\/#organization\",\"name\":\"Radio Ljubu\u0161ki\",\"url\":\"https:\\\/\\\/radioljubuski.ba\\\/\",\"logo\":{\"@type\":\"ImageObject\",\"inLanguage\":\"hr\",\"@id\":\"https:\\\/\\\/radioljubuski.ba\\\/#\\\/schema\\\/logo\\\/image\\\/\",\"url\":\"https:\\\/\\\/radioljubuski.ba\\\/wp-content\\\/uploads\\\/2021\\\/02\\\/cropped-Radio_Ljubuski_logo1.jpg\",\"contentUrl\":\"https:\\\/\\\/radioljubuski.ba\\\/wp-content\\\/uploads\\\/2021\\\/02\\\/cropped-Radio_Ljubuski_logo1.jpg\",\"width\":512,\"height\":512,\"caption\":\"Radio Ljubu\u0161ki\"},\"image\":{\"@id\":\"https:\\\/\\\/radioljubuski.ba\\\/#\\\/schema\\\/logo\\\/image\\\/\"},\"sameAs\":[\"https:\\\/\\\/www.facebook.com\\\/Radiio-Ljubuski-1490835324566332\",\"https:\\\/\\\/x.com\\\/radioljubuski\",\"https:\\\/\\\/hr.linkedin.com\\\/company\\\/radio-ljubuski\",\"https:\\\/\\\/www.youtube.com\\\/channel\\\/UCHYaeO_n0Db3tjNGudGpXyw\"]},{\"@type\":\"Person\",\"@id\":\"https:\\\/\\\/radioljubuski.ba\\\/#\\\/schema\\\/person\\\/19fc700381a780f69665d7956c469e3b\",\"name\":\"Radio Ljubu\u0161ki\"}]}<\/script>\n<!-- \/ Yoast SEO plugin. -->","yoast_head_json":{"title":"\u010capljina do pobjede nad Ljubu\u0161kim preko Mace i Juri\u0107a - RADIO LJUBU\u0160KI","robots":{"index":"index","follow":"follow","max-snippet":"max-snippet:-1","max-image-preview":"max-image-preview:large","max-video-preview":"max-video-preview:-1"},"canonical":"https:\/\/radioljubuski.ba\/index.php\/2022\/04\/19\/capljina-do-pobjede-nad-ljubuskim-preko-mace-i-jurica\/","og_locale":"hr_HR","og_type":"article","og_title":"\u010capljina do pobjede nad Ljubu\u0161kim preko Mace i Juri\u0107a - RADIO LJUBU\u0160KI","og_description":"Nogometa\u0161i HNK \u010capljina u 19. su kolu 2. Lige FBIH &#8211; Jug ugostili nogometa\u0161e NK Ljubu\u0161ki na Bjelavama. Obje mom\u010dadi u proljetni dio sezone nisu u\u0161le najbolje. Dok se \u010capljina mu\u010dila s postizanjem pogodaka te propusnom obranom, NK Ljubu\u0161ki nije uspio nametnuti svoju igru u nastavku prvenstva. Utakmicu je zbog kartona moralo propustiti nekoliko iskusnijih [&hellip;]","og_url":"https:\/\/radioljubuski.ba\/index.php\/2022\/04\/19\/capljina-do-pobjede-nad-ljubuskim-preko-mace-i-jurica\/","og_site_name":"RADIO LJUBU\u0160KI","article_publisher":"https:\/\/www.facebook.com\/Radiio-Ljubuski-1490835324566332","article_published_time":"2022-04-19T12:53:28+00:00","article_modified_time":"2022-04-19T12:53:29+00:00","og_image":[{"width":1024,"height":597,"url":"https:\/\/radioljubuski.ba\/wp-content\/uploads\/2022\/04\/cp-ljubuski.jpg","type":"image\/jpeg"}],"author":"Radio Ljubu\u0161ki","twitter_card":"summary_large_image","twitter_creator":"@radioljubuski","twitter_site":"@radioljubuski","twitter_misc":{"Napisao\/la":"Radio Ljubu\u0161ki","Procijenjeno vrijeme \u010ditanja":"2 minute"},"schema":{"@context":"https:\/\/schema.org","@graph":[{"@type":"Article","@id":"https:\/\/radioljubuski.ba\/index.php\/2022\/04\/19\/capljina-do-pobjede-nad-ljubuskim-preko-mace-i-jurica\/#article","isPartOf":{"@id":"https:\/\/radioljubuski.ba\/index.php\/2022\/04\/19\/capljina-do-pobjede-nad-ljubuskim-preko-mace-i-jurica\/"},"author":{"name":"Radio Ljubu\u0161ki","@id":"https:\/\/radioljubuski.ba\/#\/schema\/person\/19fc700381a780f69665d7956c469e3b"},"headline":"\u010capljina do pobjede nad Ljubu\u0161kim preko Mace i Juri\u0107a","datePublished":"2022-04-19T12:53:28+00:00","dateModified":"2022-04-19T12:53:29+00:00","mainEntityOfPage":{"@id":"https:\/\/radioljubuski.ba\/index.php\/2022\/04\/19\/capljina-do-pobjede-nad-ljubuskim-preko-mace-i-jurica\/"},"wordCount":353,"publisher":{"@id":"https:\/\/radioljubuski.ba\/#organization"},"image":{"@id":"https:\/\/radioljubuski.ba\/index.php\/2022\/04\/19\/capljina-do-pobjede-nad-ljubuskim-preko-mace-i-jurica\/#primaryimage"},"thumbnailUrl":"https:\/\/radioljubuski.ba\/wp-content\/uploads\/2022\/04\/cp-ljubuski.jpg","articleSection":["\u0160port"],"inLanguage":"hr"},{"@type":"WebPage","@id":"https:\/\/radioljubuski.ba\/index.php\/2022\/04\/19\/capljina-do-pobjede-nad-ljubuskim-preko-mace-i-jurica\/","url":"https:\/\/radioljubuski.ba\/index.php\/2022\/04\/19\/capljina-do-pobjede-nad-ljubuskim-preko-mace-i-jurica\/","name":"\u010capljina do pobjede nad Ljubu\u0161kim preko Mace i Juri\u0107a - RADIO LJUBU\u0160KI","isPartOf":{"@id":"https:\/\/radioljubuski.ba\/#website"},"primaryImageOfPage":{"@id":"https:\/\/radioljubuski.ba\/index.php\/2022\/04\/19\/capljina-do-pobjede-nad-ljubuskim-preko-mace-i-jurica\/#primaryimage"},"image":{"@id":"https:\/\/radioljubuski.ba\/index.php\/2022\/04\/19\/capljina-do-pobjede-nad-ljubuskim-preko-mace-i-jurica\/#primaryimage"},"thumbnailUrl":"https:\/\/radioljubuski.ba\/wp-content\/uploads\/2022\/04\/cp-ljubuski.jpg","datePublished":"2022-04-19T12:53:28+00:00","dateModified":"2022-04-19T12:53:29+00:00","breadcrumb":{"@id":"https:\/\/radioljubuski.ba\/index.php\/2022\/04\/19\/capljina-do-pobjede-nad-ljubuskim-preko-mace-i-jurica\/#breadcrumb"},"inLanguage":"hr","potentialAction":[{"@type":"ReadAction","target":["https:\/\/radioljubuski.ba\/index.php\/2022\/04\/19\/capljina-do-pobjede-nad-ljubuskim-preko-mace-i-jurica\/"]}]},{"@type":"ImageObject","inLanguage":"hr","@id":"https:\/\/radioljubuski.ba\/index.php\/2022\/04\/19\/capljina-do-pobjede-nad-ljubuskim-preko-mace-i-jurica\/#primaryimage","url":"https:\/\/radioljubuski.ba\/wp-content\/uploads\/2022\/04\/cp-ljubuski.jpg","contentUrl":"https:\/\/radioljubuski.ba\/wp-content\/uploads\/2022\/04\/cp-ljubuski.jpg","width":1024,"height":597},{"@type":"BreadcrumbList","@id":"https:\/\/radioljubuski.ba\/index.php\/2022\/04\/19\/capljina-do-pobjede-nad-ljubuskim-preko-mace-i-jurica\/#breadcrumb","itemListElement":[{"@type":"ListItem","position":1,"name":"Po\u010detna stranica","item":"https:\/\/radioljubuski.ba\/"},{"@type":"ListItem","position":2,"name":"\u010capljina do pobjede nad Ljubu\u0161kim preko Mace i Juri\u0107a"}]},{"@type":"WebSite","@id":"https:\/\/radioljubuski.ba\/#website","url":"https:\/\/radioljubuski.ba\/","name":"Radio Ljubu\u0161ki","description":"Sun\u010dana frekvencija Hercegovine","publisher":{"@id":"https:\/\/radioljubuski.ba\/#organization"},"potentialAction":[{"@type":"SearchAction","target":{"@type":"EntryPoint","urlTemplate":"https:\/\/radioljubuski.ba\/?s={search_term_string}"},"query-input":{"@type":"PropertyValueSpecification","valueRequired":true,"valueName":"search_term_string"}}],"inLanguage":"hr"},{"@type":"Organization","@id":"https:\/\/radioljubuski.ba\/#organization","name":"Radio Ljubu\u0161ki","url":"https:\/\/radioljubuski.ba\/","logo":{"@type":"ImageObject","inLanguage":"hr","@id":"https:\/\/radioljubuski.ba\/#\/schema\/logo\/image\/","url":"https:\/\/radioljubuski.ba\/wp-content\/uploads\/2021\/02\/cropped-Radio_Ljubuski_logo1.jpg","contentUrl":"https:\/\/radioljubuski.ba\/wp-content\/uploads\/2021\/02\/cropped-Radio_Ljubuski_logo1.jpg","width":512,"height":512,"caption":"Radio Ljubu\u0161ki"},"image":{"@id":"https:\/\/radioljubuski.ba\/#\/schema\/logo\/image\/"},"sameAs":["https:\/\/www.facebook.com\/Radiio-Ljubuski-1490835324566332","https:\/\/x.com\/radioljubuski","https:\/\/hr.linkedin.com\/company\/radio-ljubuski","https:\/\/www.youtube.com\/channel\/UCHYaeO_n0Db3tjNGudGpXyw"]},{"@type":"Person","@id":"https:\/\/radioljubuski.ba\/#\/schema\/person\/19fc700381a780f69665d7956c469e3b","name":"Radio Ljubu\u0161ki"}]}},"_links":{"self":[{"href":"https:\/\/radioljubuski.ba\/index.php\/wp-json\/wp\/v2\/posts\/134126","targetHints":{"allow":["GET"]}}],"collection":[{"href":"https:\/\/radioljubuski.ba\/index.php\/wp-json\/wp\/v2\/posts"}],"about":[{"href":"https:\/\/radioljubuski.ba\/index.php\/wp-json\/wp\/v2\/types\/post"}],"author":[{"embeddable":true,"href":"https:\/\/radioljubuski.ba\/index.php\/wp-json\/wp\/v2\/users\/2"}],"replies":[{"embeddable":true,"href":"https:\/\/radioljubuski.ba\/index.php\/wp-json\/wp\/v2\/comments?post=134126"}],"version-history":[{"count":1,"href":"https:\/\/radioljubuski.ba\/index.php\/wp-json\/wp\/v2\/posts\/134126\/revisions"}],"predecessor-version":[{"id":134128,"href":"https:\/\/radioljubuski.ba\/index.php\/wp-json\/wp\/v2\/posts\/134126\/revisions\/134128"}],"wp:featuredmedia":[{"embeddable":true,"href":"https:\/\/radioljubuski.ba\/index.php\/wp-json\/wp\/v2\/media\/134127"}],"wp:attachment":[{"href":"https:\/\/radioljubuski.ba\/index.php\/wp-json\/wp\/v2\/media?parent=134126"}],"wp:term":[{"taxonomy":"category","embeddable":true,"href":"https:\/\/radioljubuski.ba\/index.php\/wp-json\/wp\/v2\/categories?post=134126"},{"taxonomy":"post_tag","embeddable":true,"href":"https:\/\/radioljubuski.ba\/index.php\/wp-json\/wp\/v2\/tags?post=134126"}],"curies":[{"name":"wp","href":"https:\/\/api.w.org\/{rel}","templated":true}]}}