{"id":134132,"date":"2022-04-19T14:06:16","date_gmt":"2022-04-19T13:06:16","guid":{"rendered":"https:\/\/radioljubuski.ba\/?p=134132"},"modified":"2022-04-19T14:06:18","modified_gmt":"2022-04-19T13:06:18","slug":"kardinal-puljic-egzodus-katolika-pokrece-i-to-sto-muslimani-bosnjaci-biraju-predstavnike-hrvata","status":"publish","type":"post","link":"https:\/\/radioljubuski.ba\/index.php\/2022\/04\/19\/kardinal-puljic-egzodus-katolika-pokrece-i-to-sto-muslimani-bosnjaci-biraju-predstavnike-hrvata\/","title":{"rendered":"Kardinal Pulji\u0107: Egzodus katolika pokre\u0107e i to \u0161to muslimani Bo\u0161njaci biraju predstavnike Hrvata"},"content":{"rendered":"\n<p><strong>Kako prenosi njema\u010dko izdanje Katoli\u010dke novinske agencije, biv\u0161i vrhbosanski nadbiskup Vinko Pulji\u0107 izjavio je da je bila \u201cvelika gre\u0161ka\u201d \u0161to je BiH podjeljena na dva dijela te da Dejtonski sporazum \u201cnije donio pravedan mir\u201d, ali i da je jedan od razloga za \u201cskriveni egzodus\u201d Hrvata u BiH to \u0161to \u201cBo\u0161njaci biraju predstavnike hrvatskog naroda\u201d.<\/strong><\/p>\n\n\n\n<p>\u201cSporazum je okon\u010dao rat, ali na\u017ealost nije donio pravedan mir. Bila je velika gre\u0161ka svjetske zajednice \u0161to je na\u0161u dr\u017eavu Bosnu i Hercegovinu podijelila na dva dijela. Ovim su mo\u0107nici legalizirali etni\u010dko \u010di\u0161\u0107enje. Stvorili su dr\u017eavnu strukturu koja ne mo\u017ee funkcionirati\u201d, prokomentarisao je Pulji\u0107 razvoj situacije u BiH nakon potpisivanja ovog mirovnog sporazuma 1995. godine.<\/p>\n\n\n\n<p>\u201cSkriveni egzodus\u201d kr\u0161\u0107ana iz BiH<\/p>\n\n\n\n<p>On je tako\u0111er pojasnio zbog \u010dega on smatra da je na sceni \u201cskriveni egzodus\u201d kr\u0161\u0107ana iz Bosne i Hercegovine.<\/p>\n\n\n\n<p>Rekao je da su prije svega ekonomski razlozi oni zbog kojih ljudi napu\u0161taju BiH, ali da misli da \u201cnepravda igra jo\u0161 ve\u0107u ulogu\u201d \u0161to se ti\u010de Hrvata.<\/p>\n\n\n\n<p>\u201cOvdje se ne primjenjuju jednaka prava za sve. Politi\u010dka igra s izbornim pravom, na primjer, umorila je ljude: Hrvati, koji su gotovo svi katolici u Bosni i Hercegovini, \u010dine najmanju etni\u010dku grupu od ukupnog stanovni\u0161tva u zemlji, oko 17 posto. Na izborima, me\u0111utim, muslimanski Bo\u0161njaci biraju predstavnike hrvatskog stanovni\u0161tva u vladi. Ova \u010dinjenica \u0107e i dalje pokretati egzodus me\u0111u katolicima\u201d, kazao je Pulji\u0107.<\/p>\n\n\n\n<p>Naveo je da diskriminacija postoji \u201ci pred zakonom i u javnosti\u201d.<\/p>\n\n\n\n<p>\u201cAko se neko \u017eali na to, odmah biva napadnut u medijima, ali i u politici\u201d, dodao je.<\/p>\n\n\n\n<p>Uloga Crkve tijekom rata<\/p>\n\n\n\n<p>Pulji\u0107 je tako\u0111er govorio o aktivnostima Crkve tijekom rata u BiH, te ispri\u010dao da nije o\u010dekivao \u0161to slijedi u zemlji kada je imenovan na poziciju.<\/p>\n\n\n\n<p>\u201cTada nisam imao pojma, iako sam znao da prelazak iz komunizma u demokratski sustav ne\u0107e biti lak. Kada me je papa Ivan Pavao II obvezao da prihvatim ovu slu\u017ebu, rekao je da \u0107e do\u0107i te\u0161ka vremena. Dobro se sje\u0107am njegovih rije\u010di na svom episkopskom re\u0111enju: \u201cBudi hrabar, Crkva te \u0161alje, ne ide\u0161 u svoje ime!\u201d ispri\u010dao je Pulji\u0107.<\/p>\n\n\n\n<p>\u201cKada je izbio rat i kada sam dobio vijesti o uni\u0161tenju i raseljavanju, osje\u0107ao sam se kao Job. Vidio sam previ\u0161e krvi, toliko mrtvih i ozlije\u0111enih, pretrpio toliko bola. I sam sam bio toliko puta u opasnosti. Tada su me pitali da li se bojim. Moj odgovor: I ja sam samo \u010dovjek, ali ljubav koja me nosi i vodi da ohrabrim i tje\u0161im ljude je mnogo ja\u010da\u201d, dodao je on.<\/p>\n\n\n\n<p>Kardinal Pulji\u0107 je naveo da je tijekom rata crkva poku\u0161avala pomo\u0107i ljudima da pre\u017eive.<\/p>\n\n\n\n<p>\u201cPomo\u0107 se uvijek dijelila bez obzira na nacionalnu ili vjersku pripadnost. I tijekom rata smo poku\u0161avali krenuti putem me\u0111ureligijskog dijaloga; nakon rata osnovali smo \u201cMe\u0111ureligijsko vije\u0107e\u201d u kojem gajimo duh dijaloga i mira\u201d, objasnio je.<\/p>\n\n\n\n<p>\u201cKatoli\u010dka crkva u Bosni i Hercegovini je pre\u017eivjela veoma te\u0161ka vremena u svojoj povijesti, posebno komunisti\u010dki re\u017eim. Vjerujem da jo\u0161 uvijek ima snage da prebrodi trenutna te\u0161ka vremena. Na\u0161i korijeni ovdje su toliko duboki da se ne mogu lako iskorijeniti\u201d, rekao je Pulji\u0107.<\/p>\n\n\n\n<p>\/Fena\/HMS\/<\/p>\n","protected":false},"excerpt":{"rendered":"<p>Kako prenosi njema\u010dko izdanje Katoli\u010dke novinske agencije, biv\u0161i vrhbosanski nadbiskup Vinko Pulji\u0107 izjavio je da je bila \u201cvelika gre\u0161ka\u201d \u0161to je BiH podjeljena na dva dijela te da Dejtonski sporazum \u201cnije donio pravedan mir\u201d, ali i da je jedan od razloga za \u201cskriveni egzodus\u201d Hrvata u BiH to \u0161to \u201cBo\u0161njaci biraju predstavnike hrvatskog naroda\u201d. \u201cSporazum [&hellip;]<\/p>\n","protected":false},"author":2,"featured_media":107958,"comment_status":"closed","ping_status":"closed","sticky":false,"template":"","format":"standard","meta":{"h5ap_radio_sources":[],"footnotes":""},"categories":[1],"tags":[],"class_list":["post-134132","post","type-post","status-publish","format-standard","has-post-thumbnail","hentry","category-bihiregija"],"yoast_head":"<!-- This site is optimized with the Yoast SEO plugin v27.4 - https:\/\/yoast.com\/product\/yoast-seo-wordpress\/ -->\n<title>Kardinal Pulji\u0107: Egzodus katolika pokre\u0107e i to \u0161to muslimani Bo\u0161njaci biraju predstavnike Hrvata - RADIO LJUBU\u0160KI<\/title>\n<meta name=\"robots\" content=\"index, follow, max-snippet:-1, max-image-preview:large, max-video-preview:-1\" \/>\n<link rel=\"canonical\" href=\"https:\/\/radioljubuski.ba\/index.php\/2022\/04\/19\/kardinal-puljic-egzodus-katolika-pokrece-i-to-sto-muslimani-bosnjaci-biraju-predstavnike-hrvata\/\" \/>\n<meta property=\"og:locale\" content=\"hr_HR\" \/>\n<meta property=\"og:type\" content=\"article\" \/>\n<meta property=\"og:title\" content=\"Kardinal Pulji\u0107: Egzodus katolika pokre\u0107e i to \u0161to muslimani Bo\u0161njaci biraju predstavnike Hrvata - RADIO LJUBU\u0160KI\" \/>\n<meta property=\"og:description\" content=\"Kako prenosi njema\u010dko izdanje Katoli\u010dke novinske agencije, biv\u0161i vrhbosanski nadbiskup Vinko Pulji\u0107 izjavio je da je bila \u201cvelika gre\u0161ka\u201d \u0161to je BiH podjeljena na dva dijela te da Dejtonski sporazum \u201cnije donio pravedan mir\u201d, ali i da je jedan od razloga za \u201cskriveni egzodus\u201d Hrvata u BiH to \u0161to \u201cBo\u0161njaci biraju predstavnike hrvatskog naroda\u201d. \u201cSporazum [&hellip;]\" \/>\n<meta property=\"og:url\" content=\"https:\/\/radioljubuski.ba\/index.php\/2022\/04\/19\/kardinal-puljic-egzodus-katolika-pokrece-i-to-sto-muslimani-bosnjaci-biraju-predstavnike-hrvata\/\" \/>\n<meta property=\"og:site_name\" content=\"RADIO LJUBU\u0160KI\" \/>\n<meta property=\"article:publisher\" content=\"https:\/\/www.facebook.com\/Radiio-Ljubuski-1490835324566332\" \/>\n<meta property=\"article:published_time\" content=\"2022-04-19T13:06:16+00:00\" \/>\n<meta property=\"article:modified_time\" content=\"2022-04-19T13:06:18+00:00\" \/>\n<meta property=\"og:image\" content=\"https:\/\/radioljubuski.ba\/wp-content\/uploads\/2022\/01\/2-2022-01-05-10-47-18-puljic.jpg\" \/>\n\t<meta property=\"og:image:width\" content=\"1000\" \/>\n\t<meta property=\"og:image:height\" content=\"625\" \/>\n\t<meta property=\"og:image:type\" content=\"image\/jpeg\" \/>\n<meta name=\"author\" content=\"Radio Ljubu\u0161ki\" \/>\n<meta name=\"twitter:card\" content=\"summary_large_image\" \/>\n<meta name=\"twitter:creator\" content=\"@radioljubuski\" \/>\n<meta name=\"twitter:site\" content=\"@radioljubuski\" \/>\n<meta name=\"twitter:label1\" content=\"Napisao\/la\" \/>\n\t<meta name=\"twitter:data1\" content=\"Radio Ljubu\u0161ki\" \/>\n\t<meta name=\"twitter:label2\" content=\"Procijenjeno vrijeme \u010ditanja\" \/>\n\t<meta name=\"twitter:data2\" content=\"3 minute\" \/>\n<script type=\"application\/ld+json\" class=\"yoast-schema-graph\">{\"@context\":\"https:\\\/\\\/schema.org\",\"@graph\":[{\"@type\":\"Article\",\"@id\":\"https:\\\/\\\/radioljubuski.ba\\\/index.php\\\/2022\\\/04\\\/19\\\/kardinal-puljic-egzodus-katolika-pokrece-i-to-sto-muslimani-bosnjaci-biraju-predstavnike-hrvata\\\/#article\",\"isPartOf\":{\"@id\":\"https:\\\/\\\/radioljubuski.ba\\\/index.php\\\/2022\\\/04\\\/19\\\/kardinal-puljic-egzodus-katolika-pokrece-i-to-sto-muslimani-bosnjaci-biraju-predstavnike-hrvata\\\/\"},\"author\":{\"name\":\"Radio Ljubu\u0161ki\",\"@id\":\"https:\\\/\\\/radioljubuski.ba\\\/#\\\/schema\\\/person\\\/19fc700381a780f69665d7956c469e3b\"},\"headline\":\"Kardinal Pulji\u0107: Egzodus katolika pokre\u0107e i to \u0161to muslimani Bo\u0161njaci biraju predstavnike Hrvata\",\"datePublished\":\"2022-04-19T13:06:16+00:00\",\"dateModified\":\"2022-04-19T13:06:18+00:00\",\"mainEntityOfPage\":{\"@id\":\"https:\\\/\\\/radioljubuski.ba\\\/index.php\\\/2022\\\/04\\\/19\\\/kardinal-puljic-egzodus-katolika-pokrece-i-to-sto-muslimani-bosnjaci-biraju-predstavnike-hrvata\\\/\"},\"wordCount\":574,\"publisher\":{\"@id\":\"https:\\\/\\\/radioljubuski.ba\\\/#organization\"},\"image\":{\"@id\":\"https:\\\/\\\/radioljubuski.ba\\\/index.php\\\/2022\\\/04\\\/19\\\/kardinal-puljic-egzodus-katolika-pokrece-i-to-sto-muslimani-bosnjaci-biraju-predstavnike-hrvata\\\/#primaryimage\"},\"thumbnailUrl\":\"https:\\\/\\\/radioljubuski.ba\\\/wp-content\\\/uploads\\\/2022\\\/01\\\/2-2022-01-05-10-47-18-puljic.jpg\",\"articleSection\":[\"BIH i regija\"],\"inLanguage\":\"hr\"},{\"@type\":\"WebPage\",\"@id\":\"https:\\\/\\\/radioljubuski.ba\\\/index.php\\\/2022\\\/04\\\/19\\\/kardinal-puljic-egzodus-katolika-pokrece-i-to-sto-muslimani-bosnjaci-biraju-predstavnike-hrvata\\\/\",\"url\":\"https:\\\/\\\/radioljubuski.ba\\\/index.php\\\/2022\\\/04\\\/19\\\/kardinal-puljic-egzodus-katolika-pokrece-i-to-sto-muslimani-bosnjaci-biraju-predstavnike-hrvata\\\/\",\"name\":\"Kardinal Pulji\u0107: Egzodus katolika pokre\u0107e i to \u0161to muslimani Bo\u0161njaci biraju predstavnike Hrvata - RADIO LJUBU\u0160KI\",\"isPartOf\":{\"@id\":\"https:\\\/\\\/radioljubuski.ba\\\/#website\"},\"primaryImageOfPage\":{\"@id\":\"https:\\\/\\\/radioljubuski.ba\\\/index.php\\\/2022\\\/04\\\/19\\\/kardinal-puljic-egzodus-katolika-pokrece-i-to-sto-muslimani-bosnjaci-biraju-predstavnike-hrvata\\\/#primaryimage\"},\"image\":{\"@id\":\"https:\\\/\\\/radioljubuski.ba\\\/index.php\\\/2022\\\/04\\\/19\\\/kardinal-puljic-egzodus-katolika-pokrece-i-to-sto-muslimani-bosnjaci-biraju-predstavnike-hrvata\\\/#primaryimage\"},\"thumbnailUrl\":\"https:\\\/\\\/radioljubuski.ba\\\/wp-content\\\/uploads\\\/2022\\\/01\\\/2-2022-01-05-10-47-18-puljic.jpg\",\"datePublished\":\"2022-04-19T13:06:16+00:00\",\"dateModified\":\"2022-04-19T13:06:18+00:00\",\"breadcrumb\":{\"@id\":\"https:\\\/\\\/radioljubuski.ba\\\/index.php\\\/2022\\\/04\\\/19\\\/kardinal-puljic-egzodus-katolika-pokrece-i-to-sto-muslimani-bosnjaci-biraju-predstavnike-hrvata\\\/#breadcrumb\"},\"inLanguage\":\"hr\",\"potentialAction\":[{\"@type\":\"ReadAction\",\"target\":[\"https:\\\/\\\/radioljubuski.ba\\\/index.php\\\/2022\\\/04\\\/19\\\/kardinal-puljic-egzodus-katolika-pokrece-i-to-sto-muslimani-bosnjaci-biraju-predstavnike-hrvata\\\/\"]}]},{\"@type\":\"ImageObject\",\"inLanguage\":\"hr\",\"@id\":\"https:\\\/\\\/radioljubuski.ba\\\/index.php\\\/2022\\\/04\\\/19\\\/kardinal-puljic-egzodus-katolika-pokrece-i-to-sto-muslimani-bosnjaci-biraju-predstavnike-hrvata\\\/#primaryimage\",\"url\":\"https:\\\/\\\/radioljubuski.ba\\\/wp-content\\\/uploads\\\/2022\\\/01\\\/2-2022-01-05-10-47-18-puljic.jpg\",\"contentUrl\":\"https:\\\/\\\/radioljubuski.ba\\\/wp-content\\\/uploads\\\/2022\\\/01\\\/2-2022-01-05-10-47-18-puljic.jpg\",\"width\":1000,\"height\":625},{\"@type\":\"BreadcrumbList\",\"@id\":\"https:\\\/\\\/radioljubuski.ba\\\/index.php\\\/2022\\\/04\\\/19\\\/kardinal-puljic-egzodus-katolika-pokrece-i-to-sto-muslimani-bosnjaci-biraju-predstavnike-hrvata\\\/#breadcrumb\",\"itemListElement\":[{\"@type\":\"ListItem\",\"position\":1,\"name\":\"Po\u010detna stranica\",\"item\":\"https:\\\/\\\/radioljubuski.ba\\\/\"},{\"@type\":\"ListItem\",\"position\":2,\"name\":\"Kardinal Pulji\u0107: Egzodus katolika pokre\u0107e i to \u0161to muslimani Bo\u0161njaci biraju predstavnike Hrvata\"}]},{\"@type\":\"WebSite\",\"@id\":\"https:\\\/\\\/radioljubuski.ba\\\/#website\",\"url\":\"https:\\\/\\\/radioljubuski.ba\\\/\",\"name\":\"Radio Ljubu\u0161ki\",\"description\":\"Sun\u010dana frekvencija Hercegovine\",\"publisher\":{\"@id\":\"https:\\\/\\\/radioljubuski.ba\\\/#organization\"},\"potentialAction\":[{\"@type\":\"SearchAction\",\"target\":{\"@type\":\"EntryPoint\",\"urlTemplate\":\"https:\\\/\\\/radioljubuski.ba\\\/?s={search_term_string}\"},\"query-input\":{\"@type\":\"PropertyValueSpecification\",\"valueRequired\":true,\"valueName\":\"search_term_string\"}}],\"inLanguage\":\"hr\"},{\"@type\":\"Organization\",\"@id\":\"https:\\\/\\\/radioljubuski.ba\\\/#organization\",\"name\":\"Radio Ljubu\u0161ki\",\"url\":\"https:\\\/\\\/radioljubuski.ba\\\/\",\"logo\":{\"@type\":\"ImageObject\",\"inLanguage\":\"hr\",\"@id\":\"https:\\\/\\\/radioljubuski.ba\\\/#\\\/schema\\\/logo\\\/image\\\/\",\"url\":\"https:\\\/\\\/radioljubuski.ba\\\/wp-content\\\/uploads\\\/2021\\\/02\\\/cropped-Radio_Ljubuski_logo1.jpg\",\"contentUrl\":\"https:\\\/\\\/radioljubuski.ba\\\/wp-content\\\/uploads\\\/2021\\\/02\\\/cropped-Radio_Ljubuski_logo1.jpg\",\"width\":512,\"height\":512,\"caption\":\"Radio Ljubu\u0161ki\"},\"image\":{\"@id\":\"https:\\\/\\\/radioljubuski.ba\\\/#\\\/schema\\\/logo\\\/image\\\/\"},\"sameAs\":[\"https:\\\/\\\/www.facebook.com\\\/Radiio-Ljubuski-1490835324566332\",\"https:\\\/\\\/x.com\\\/radioljubuski\",\"https:\\\/\\\/hr.linkedin.com\\\/company\\\/radio-ljubuski\",\"https:\\\/\\\/www.youtube.com\\\/channel\\\/UCHYaeO_n0Db3tjNGudGpXyw\"]},{\"@type\":\"Person\",\"@id\":\"https:\\\/\\\/radioljubuski.ba\\\/#\\\/schema\\\/person\\\/19fc700381a780f69665d7956c469e3b\",\"name\":\"Radio Ljubu\u0161ki\"}]}<\/script>\n<!-- \/ Yoast SEO plugin. -->","yoast_head_json":{"title":"Kardinal Pulji\u0107: Egzodus katolika pokre\u0107e i to \u0161to muslimani Bo\u0161njaci biraju predstavnike Hrvata - RADIO LJUBU\u0160KI","robots":{"index":"index","follow":"follow","max-snippet":"max-snippet:-1","max-image-preview":"max-image-preview:large","max-video-preview":"max-video-preview:-1"},"canonical":"https:\/\/radioljubuski.ba\/index.php\/2022\/04\/19\/kardinal-puljic-egzodus-katolika-pokrece-i-to-sto-muslimani-bosnjaci-biraju-predstavnike-hrvata\/","og_locale":"hr_HR","og_type":"article","og_title":"Kardinal Pulji\u0107: Egzodus katolika pokre\u0107e i to \u0161to muslimani Bo\u0161njaci biraju predstavnike Hrvata - RADIO LJUBU\u0160KI","og_description":"Kako prenosi njema\u010dko izdanje Katoli\u010dke novinske agencije, biv\u0161i vrhbosanski nadbiskup Vinko Pulji\u0107 izjavio je da je bila \u201cvelika gre\u0161ka\u201d \u0161to je BiH podjeljena na dva dijela te da Dejtonski sporazum \u201cnije donio pravedan mir\u201d, ali i da je jedan od razloga za \u201cskriveni egzodus\u201d Hrvata u BiH to \u0161to \u201cBo\u0161njaci biraju predstavnike hrvatskog naroda\u201d. \u201cSporazum [&hellip;]","og_url":"https:\/\/radioljubuski.ba\/index.php\/2022\/04\/19\/kardinal-puljic-egzodus-katolika-pokrece-i-to-sto-muslimani-bosnjaci-biraju-predstavnike-hrvata\/","og_site_name":"RADIO LJUBU\u0160KI","article_publisher":"https:\/\/www.facebook.com\/Radiio-Ljubuski-1490835324566332","article_published_time":"2022-04-19T13:06:16+00:00","article_modified_time":"2022-04-19T13:06:18+00:00","og_image":[{"width":1000,"height":625,"url":"https:\/\/radioljubuski.ba\/wp-content\/uploads\/2022\/01\/2-2022-01-05-10-47-18-puljic.jpg","type":"image\/jpeg"}],"author":"Radio Ljubu\u0161ki","twitter_card":"summary_large_image","twitter_creator":"@radioljubuski","twitter_site":"@radioljubuski","twitter_misc":{"Napisao\/la":"Radio Ljubu\u0161ki","Procijenjeno vrijeme \u010ditanja":"3 minute"},"schema":{"@context":"https:\/\/schema.org","@graph":[{"@type":"Article","@id":"https:\/\/radioljubuski.ba\/index.php\/2022\/04\/19\/kardinal-puljic-egzodus-katolika-pokrece-i-to-sto-muslimani-bosnjaci-biraju-predstavnike-hrvata\/#article","isPartOf":{"@id":"https:\/\/radioljubuski.ba\/index.php\/2022\/04\/19\/kardinal-puljic-egzodus-katolika-pokrece-i-to-sto-muslimani-bosnjaci-biraju-predstavnike-hrvata\/"},"author":{"name":"Radio Ljubu\u0161ki","@id":"https:\/\/radioljubuski.ba\/#\/schema\/person\/19fc700381a780f69665d7956c469e3b"},"headline":"Kardinal Pulji\u0107: Egzodus katolika pokre\u0107e i to \u0161to muslimani Bo\u0161njaci biraju predstavnike Hrvata","datePublished":"2022-04-19T13:06:16+00:00","dateModified":"2022-04-19T13:06:18+00:00","mainEntityOfPage":{"@id":"https:\/\/radioljubuski.ba\/index.php\/2022\/04\/19\/kardinal-puljic-egzodus-katolika-pokrece-i-to-sto-muslimani-bosnjaci-biraju-predstavnike-hrvata\/"},"wordCount":574,"publisher":{"@id":"https:\/\/radioljubuski.ba\/#organization"},"image":{"@id":"https:\/\/radioljubuski.ba\/index.php\/2022\/04\/19\/kardinal-puljic-egzodus-katolika-pokrece-i-to-sto-muslimani-bosnjaci-biraju-predstavnike-hrvata\/#primaryimage"},"thumbnailUrl":"https:\/\/radioljubuski.ba\/wp-content\/uploads\/2022\/01\/2-2022-01-05-10-47-18-puljic.jpg","articleSection":["BIH i regija"],"inLanguage":"hr"},{"@type":"WebPage","@id":"https:\/\/radioljubuski.ba\/index.php\/2022\/04\/19\/kardinal-puljic-egzodus-katolika-pokrece-i-to-sto-muslimani-bosnjaci-biraju-predstavnike-hrvata\/","url":"https:\/\/radioljubuski.ba\/index.php\/2022\/04\/19\/kardinal-puljic-egzodus-katolika-pokrece-i-to-sto-muslimani-bosnjaci-biraju-predstavnike-hrvata\/","name":"Kardinal Pulji\u0107: Egzodus katolika pokre\u0107e i to \u0161to muslimani Bo\u0161njaci biraju predstavnike Hrvata - RADIO LJUBU\u0160KI","isPartOf":{"@id":"https:\/\/radioljubuski.ba\/#website"},"primaryImageOfPage":{"@id":"https:\/\/radioljubuski.ba\/index.php\/2022\/04\/19\/kardinal-puljic-egzodus-katolika-pokrece-i-to-sto-muslimani-bosnjaci-biraju-predstavnike-hrvata\/#primaryimage"},"image":{"@id":"https:\/\/radioljubuski.ba\/index.php\/2022\/04\/19\/kardinal-puljic-egzodus-katolika-pokrece-i-to-sto-muslimani-bosnjaci-biraju-predstavnike-hrvata\/#primaryimage"},"thumbnailUrl":"https:\/\/radioljubuski.ba\/wp-content\/uploads\/2022\/01\/2-2022-01-05-10-47-18-puljic.jpg","datePublished":"2022-04-19T13:06:16+00:00","dateModified":"2022-04-19T13:06:18+00:00","breadcrumb":{"@id":"https:\/\/radioljubuski.ba\/index.php\/2022\/04\/19\/kardinal-puljic-egzodus-katolika-pokrece-i-to-sto-muslimani-bosnjaci-biraju-predstavnike-hrvata\/#breadcrumb"},"inLanguage":"hr","potentialAction":[{"@type":"ReadAction","target":["https:\/\/radioljubuski.ba\/index.php\/2022\/04\/19\/kardinal-puljic-egzodus-katolika-pokrece-i-to-sto-muslimani-bosnjaci-biraju-predstavnike-hrvata\/"]}]},{"@type":"ImageObject","inLanguage":"hr","@id":"https:\/\/radioljubuski.ba\/index.php\/2022\/04\/19\/kardinal-puljic-egzodus-katolika-pokrece-i-to-sto-muslimani-bosnjaci-biraju-predstavnike-hrvata\/#primaryimage","url":"https:\/\/radioljubuski.ba\/wp-content\/uploads\/2022\/01\/2-2022-01-05-10-47-18-puljic.jpg","contentUrl":"https:\/\/radioljubuski.ba\/wp-content\/uploads\/2022\/01\/2-2022-01-05-10-47-18-puljic.jpg","width":1000,"height":625},{"@type":"BreadcrumbList","@id":"https:\/\/radioljubuski.ba\/index.php\/2022\/04\/19\/kardinal-puljic-egzodus-katolika-pokrece-i-to-sto-muslimani-bosnjaci-biraju-predstavnike-hrvata\/#breadcrumb","itemListElement":[{"@type":"ListItem","position":1,"name":"Po\u010detna stranica","item":"https:\/\/radioljubuski.ba\/"},{"@type":"ListItem","position":2,"name":"Kardinal Pulji\u0107: Egzodus katolika pokre\u0107e i to \u0161to muslimani Bo\u0161njaci biraju predstavnike Hrvata"}]},{"@type":"WebSite","@id":"https:\/\/radioljubuski.ba\/#website","url":"https:\/\/radioljubuski.ba\/","name":"Radio Ljubu\u0161ki","description":"Sun\u010dana frekvencija Hercegovine","publisher":{"@id":"https:\/\/radioljubuski.ba\/#organization"},"potentialAction":[{"@type":"SearchAction","target":{"@type":"EntryPoint","urlTemplate":"https:\/\/radioljubuski.ba\/?s={search_term_string}"},"query-input":{"@type":"PropertyValueSpecification","valueRequired":true,"valueName":"search_term_string"}}],"inLanguage":"hr"},{"@type":"Organization","@id":"https:\/\/radioljubuski.ba\/#organization","name":"Radio Ljubu\u0161ki","url":"https:\/\/radioljubuski.ba\/","logo":{"@type":"ImageObject","inLanguage":"hr","@id":"https:\/\/radioljubuski.ba\/#\/schema\/logo\/image\/","url":"https:\/\/radioljubuski.ba\/wp-content\/uploads\/2021\/02\/cropped-Radio_Ljubuski_logo1.jpg","contentUrl":"https:\/\/radioljubuski.ba\/wp-content\/uploads\/2021\/02\/cropped-Radio_Ljubuski_logo1.jpg","width":512,"height":512,"caption":"Radio Ljubu\u0161ki"},"image":{"@id":"https:\/\/radioljubuski.ba\/#\/schema\/logo\/image\/"},"sameAs":["https:\/\/www.facebook.com\/Radiio-Ljubuski-1490835324566332","https:\/\/x.com\/radioljubuski","https:\/\/hr.linkedin.com\/company\/radio-ljubuski","https:\/\/www.youtube.com\/channel\/UCHYaeO_n0Db3tjNGudGpXyw"]},{"@type":"Person","@id":"https:\/\/radioljubuski.ba\/#\/schema\/person\/19fc700381a780f69665d7956c469e3b","name":"Radio Ljubu\u0161ki"}]}},"_links":{"self":[{"href":"https:\/\/radioljubuski.ba\/index.php\/wp-json\/wp\/v2\/posts\/134132","targetHints":{"allow":["GET"]}}],"collection":[{"href":"https:\/\/radioljubuski.ba\/index.php\/wp-json\/wp\/v2\/posts"}],"about":[{"href":"https:\/\/radioljubuski.ba\/index.php\/wp-json\/wp\/v2\/types\/post"}],"author":[{"embeddable":true,"href":"https:\/\/radioljubuski.ba\/index.php\/wp-json\/wp\/v2\/users\/2"}],"replies":[{"embeddable":true,"href":"https:\/\/radioljubuski.ba\/index.php\/wp-json\/wp\/v2\/comments?post=134132"}],"version-history":[{"count":1,"href":"https:\/\/radioljubuski.ba\/index.php\/wp-json\/wp\/v2\/posts\/134132\/revisions"}],"predecessor-version":[{"id":134133,"href":"https:\/\/radioljubuski.ba\/index.php\/wp-json\/wp\/v2\/posts\/134132\/revisions\/134133"}],"wp:featuredmedia":[{"embeddable":true,"href":"https:\/\/radioljubuski.ba\/index.php\/wp-json\/wp\/v2\/media\/107958"}],"wp:attachment":[{"href":"https:\/\/radioljubuski.ba\/index.php\/wp-json\/wp\/v2\/media?parent=134132"}],"wp:term":[{"taxonomy":"category","embeddable":true,"href":"https:\/\/radioljubuski.ba\/index.php\/wp-json\/wp\/v2\/categories?post=134132"},{"taxonomy":"post_tag","embeddable":true,"href":"https:\/\/radioljubuski.ba\/index.php\/wp-json\/wp\/v2\/tags?post=134132"}],"curies":[{"name":"wp","href":"https:\/\/api.w.org\/{rel}","templated":true}]}}