{"id":134134,"date":"2022-04-19T14:08:23","date_gmt":"2022-04-19T13:08:23","guid":{"rendered":"https:\/\/radioljubuski.ba\/?p=134134"},"modified":"2022-04-19T14:08:24","modified_gmt":"2022-04-19T13:08:24","slug":"cijene-u-njemackoj-rastu-radnicima-treba-hitno-podici-place","status":"publish","type":"post","link":"https:\/\/radioljubuski.ba\/index.php\/2022\/04\/19\/cijene-u-njemackoj-rastu-radnicima-treba-hitno-podici-place\/","title":{"rendered":"Cijene u Njema\u010dkoj rastu: &#8220;Radnicima treba hitno podi\u0107i pla\u0107e&#8221;"},"content":{"rendered":"\n<p>Pla\u0107e u Njema\u010dkoj moraju biti uskla\u0111ene s inflacijom, poru\u010dio je u utorak predsjednik ekonomskog instituta DIW, upozoriv\u0161i da je \u201capsolutno nu\u017eno\u201d nadoknaditi nagli rast cijena kako bi se sa\u010duvala potro\u0161nja.<\/p>\n\n\n\n<p>Vi\u0161e pla\u0107e va\u017ene su i kako bi se \u201csa\u010duvala sna\u017ena potro\u0161nja\u201d, rekao je Marcel Fratzcher za radio postaju Deutschlandfunk.<\/p>\n\n\n\n<p>\u201cAko se to ne dogodi, kompanije \u0107e zapasti u te\u0161ko\u0107e, nezaposlenost \u0107e porasti i na\u0107i \u0107emo se u spirali sve slabijeg rasta i ja\u010de inflacije\u201d, rekao je \u010delnik DIW-a.<\/p>\n\n\n\n<p>Inflacija je u o\u017eujku dosegnula 7,3 posto, novu najvi\u0161u razinu od ponovnog ujedinjenja Njema\u010dke krajem 80-ih godina pro\u0161log stolje\u0107a, potaknuta u prvom redu skokom cijena energije.<\/p>\n\n\n\n<p>Politika mora ciljano pomagati gra\u0111anima, smatra \u010delnik DIW-a, pohvaliv\u0161i 300 eura energetskog doplatka svakom zaposlenom.<\/p>\n\n\n\n<p>\u201cTo je ve\u0107 dobar korak\u201d, rekao je Fratzcher.<\/p>\n\n\n\n<p>Pogre\u0161an potez bile bi, po njegovom mi\u0161ljenju, \u201cpopulisti\u010dke mjere\u201d, poput ograni\u010denja cijene goriva.<\/p>\n\n\n\n<p>Subvencije za benzin bile bi kontraproduktivne, ustvrdio je \u010delnik njema\u010dkog ekonomskog instituta: \u201cTime ne\u0107emo smanjiti potro\u0161nju energije, a dobar dio novca zavr\u0161it \u0107e u d\u017eepovima naftnih kompanija\u201d, objasnio je.<\/p>\n\n\n\n<p>Izvor:DW\/pogled.ba<\/p>\n","protected":false},"excerpt":{"rendered":"<p>Pla\u0107e u Njema\u010dkoj moraju biti uskla\u0111ene s inflacijom, poru\u010dio je u utorak predsjednik ekonomskog instituta DIW, upozoriv\u0161i da je \u201capsolutno nu\u017eno\u201d nadoknaditi nagli rast cijena kako bi se sa\u010duvala potro\u0161nja. Vi\u0161e pla\u0107e va\u017ene su i kako bi se \u201csa\u010duvala sna\u017ena potro\u0161nja\u201d, rekao je Marcel Fratzcher za radio postaju Deutschlandfunk. \u201cAko se to ne dogodi, kompanije [&hellip;]<\/p>\n","protected":false},"author":2,"featured_media":93026,"comment_status":"closed","ping_status":"closed","sticky":false,"template":"","format":"standard","meta":{"h5ap_radio_sources":[],"footnotes":""},"categories":[1],"tags":[],"class_list":["post-134134","post","type-post","status-publish","format-standard","has-post-thumbnail","hentry","category-bihiregija"],"yoast_head":"<!-- This site is optimized with the Yoast SEO plugin v27.4 - https:\/\/yoast.com\/product\/yoast-seo-wordpress\/ -->\n<title>Cijene u Njema\u010dkoj rastu: &quot;Radnicima treba hitno podi\u0107i pla\u0107e&quot; - RADIO LJUBU\u0160KI<\/title>\n<meta name=\"robots\" content=\"index, follow, max-snippet:-1, max-image-preview:large, max-video-preview:-1\" \/>\n<link rel=\"canonical\" href=\"https:\/\/radioljubuski.ba\/index.php\/2022\/04\/19\/cijene-u-njemackoj-rastu-radnicima-treba-hitno-podici-place\/\" \/>\n<meta property=\"og:locale\" content=\"hr_HR\" \/>\n<meta property=\"og:type\" content=\"article\" \/>\n<meta property=\"og:title\" content=\"Cijene u Njema\u010dkoj rastu: &quot;Radnicima treba hitno podi\u0107i pla\u0107e&quot; - RADIO LJUBU\u0160KI\" \/>\n<meta property=\"og:description\" content=\"Pla\u0107e u Njema\u010dkoj moraju biti uskla\u0111ene s inflacijom, poru\u010dio je u utorak predsjednik ekonomskog instituta DIW, upozoriv\u0161i da je \u201capsolutno nu\u017eno\u201d nadoknaditi nagli rast cijena kako bi se sa\u010duvala potro\u0161nja. Vi\u0161e pla\u0107e va\u017ene su i kako bi se \u201csa\u010duvala sna\u017ena potro\u0161nja\u201d, rekao je Marcel Fratzcher za radio postaju Deutschlandfunk. \u201cAko se to ne dogodi, kompanije [&hellip;]\" \/>\n<meta property=\"og:url\" content=\"https:\/\/radioljubuski.ba\/index.php\/2022\/04\/19\/cijene-u-njemackoj-rastu-radnicima-treba-hitno-podici-place\/\" \/>\n<meta property=\"og:site_name\" content=\"RADIO LJUBU\u0160KI\" \/>\n<meta property=\"article:publisher\" content=\"https:\/\/www.facebook.com\/Radiio-Ljubuski-1490835324566332\" \/>\n<meta property=\"article:published_time\" content=\"2022-04-19T13:08:23+00:00\" \/>\n<meta property=\"article:modified_time\" content=\"2022-04-19T13:08:24+00:00\" \/>\n<meta property=\"og:image\" content=\"https:\/\/radioljubuski.ba\/wp-content\/uploads\/2021\/11\/radnici-1.jpg\" \/>\n\t<meta property=\"og:image:width\" content=\"1024\" \/>\n\t<meta property=\"og:image:height\" content=\"682\" \/>\n\t<meta property=\"og:image:type\" content=\"image\/jpeg\" \/>\n<meta name=\"author\" content=\"Radio Ljubu\u0161ki\" \/>\n<meta name=\"twitter:card\" content=\"summary_large_image\" \/>\n<meta name=\"twitter:creator\" content=\"@radioljubuski\" \/>\n<meta name=\"twitter:site\" content=\"@radioljubuski\" \/>\n<meta name=\"twitter:label1\" content=\"Napisao\/la\" \/>\n\t<meta name=\"twitter:data1\" content=\"Radio Ljubu\u0161ki\" \/>\n\t<meta name=\"twitter:label2\" content=\"Procijenjeno vrijeme \u010ditanja\" \/>\n\t<meta name=\"twitter:data2\" content=\"1 minuta\" \/>\n<script type=\"application\/ld+json\" class=\"yoast-schema-graph\">{\"@context\":\"https:\\\/\\\/schema.org\",\"@graph\":[{\"@type\":\"Article\",\"@id\":\"https:\\\/\\\/radioljubuski.ba\\\/index.php\\\/2022\\\/04\\\/19\\\/cijene-u-njemackoj-rastu-radnicima-treba-hitno-podici-place\\\/#article\",\"isPartOf\":{\"@id\":\"https:\\\/\\\/radioljubuski.ba\\\/index.php\\\/2022\\\/04\\\/19\\\/cijene-u-njemackoj-rastu-radnicima-treba-hitno-podici-place\\\/\"},\"author\":{\"name\":\"Radio Ljubu\u0161ki\",\"@id\":\"https:\\\/\\\/radioljubuski.ba\\\/#\\\/schema\\\/person\\\/19fc700381a780f69665d7956c469e3b\"},\"headline\":\"Cijene u Njema\u010dkoj rastu: &#8220;Radnicima treba hitno podi\u0107i pla\u0107e&#8221;\",\"datePublished\":\"2022-04-19T13:08:23+00:00\",\"dateModified\":\"2022-04-19T13:08:24+00:00\",\"mainEntityOfPage\":{\"@id\":\"https:\\\/\\\/radioljubuski.ba\\\/index.php\\\/2022\\\/04\\\/19\\\/cijene-u-njemackoj-rastu-radnicima-treba-hitno-podici-place\\\/\"},\"wordCount\":217,\"publisher\":{\"@id\":\"https:\\\/\\\/radioljubuski.ba\\\/#organization\"},\"image\":{\"@id\":\"https:\\\/\\\/radioljubuski.ba\\\/index.php\\\/2022\\\/04\\\/19\\\/cijene-u-njemackoj-rastu-radnicima-treba-hitno-podici-place\\\/#primaryimage\"},\"thumbnailUrl\":\"https:\\\/\\\/radioljubuski.ba\\\/wp-content\\\/uploads\\\/2021\\\/11\\\/radnici-1.jpg\",\"articleSection\":[\"BIH i regija\"],\"inLanguage\":\"hr\"},{\"@type\":\"WebPage\",\"@id\":\"https:\\\/\\\/radioljubuski.ba\\\/index.php\\\/2022\\\/04\\\/19\\\/cijene-u-njemackoj-rastu-radnicima-treba-hitno-podici-place\\\/\",\"url\":\"https:\\\/\\\/radioljubuski.ba\\\/index.php\\\/2022\\\/04\\\/19\\\/cijene-u-njemackoj-rastu-radnicima-treba-hitno-podici-place\\\/\",\"name\":\"Cijene u Njema\u010dkoj rastu: \\\"Radnicima treba hitno podi\u0107i pla\u0107e\\\" - RADIO LJUBU\u0160KI\",\"isPartOf\":{\"@id\":\"https:\\\/\\\/radioljubuski.ba\\\/#website\"},\"primaryImageOfPage\":{\"@id\":\"https:\\\/\\\/radioljubuski.ba\\\/index.php\\\/2022\\\/04\\\/19\\\/cijene-u-njemackoj-rastu-radnicima-treba-hitno-podici-place\\\/#primaryimage\"},\"image\":{\"@id\":\"https:\\\/\\\/radioljubuski.ba\\\/index.php\\\/2022\\\/04\\\/19\\\/cijene-u-njemackoj-rastu-radnicima-treba-hitno-podici-place\\\/#primaryimage\"},\"thumbnailUrl\":\"https:\\\/\\\/radioljubuski.ba\\\/wp-content\\\/uploads\\\/2021\\\/11\\\/radnici-1.jpg\",\"datePublished\":\"2022-04-19T13:08:23+00:00\",\"dateModified\":\"2022-04-19T13:08:24+00:00\",\"breadcrumb\":{\"@id\":\"https:\\\/\\\/radioljubuski.ba\\\/index.php\\\/2022\\\/04\\\/19\\\/cijene-u-njemackoj-rastu-radnicima-treba-hitno-podici-place\\\/#breadcrumb\"},\"inLanguage\":\"hr\",\"potentialAction\":[{\"@type\":\"ReadAction\",\"target\":[\"https:\\\/\\\/radioljubuski.ba\\\/index.php\\\/2022\\\/04\\\/19\\\/cijene-u-njemackoj-rastu-radnicima-treba-hitno-podici-place\\\/\"]}]},{\"@type\":\"ImageObject\",\"inLanguage\":\"hr\",\"@id\":\"https:\\\/\\\/radioljubuski.ba\\\/index.php\\\/2022\\\/04\\\/19\\\/cijene-u-njemackoj-rastu-radnicima-treba-hitno-podici-place\\\/#primaryimage\",\"url\":\"https:\\\/\\\/radioljubuski.ba\\\/wp-content\\\/uploads\\\/2021\\\/11\\\/radnici-1.jpg\",\"contentUrl\":\"https:\\\/\\\/radioljubuski.ba\\\/wp-content\\\/uploads\\\/2021\\\/11\\\/radnici-1.jpg\",\"width\":1024,\"height\":682},{\"@type\":\"BreadcrumbList\",\"@id\":\"https:\\\/\\\/radioljubuski.ba\\\/index.php\\\/2022\\\/04\\\/19\\\/cijene-u-njemackoj-rastu-radnicima-treba-hitno-podici-place\\\/#breadcrumb\",\"itemListElement\":[{\"@type\":\"ListItem\",\"position\":1,\"name\":\"Po\u010detna stranica\",\"item\":\"https:\\\/\\\/radioljubuski.ba\\\/\"},{\"@type\":\"ListItem\",\"position\":2,\"name\":\"Cijene u Njema\u010dkoj rastu: &#8220;Radnicima treba hitno podi\u0107i pla\u0107e&#8221;\"}]},{\"@type\":\"WebSite\",\"@id\":\"https:\\\/\\\/radioljubuski.ba\\\/#website\",\"url\":\"https:\\\/\\\/radioljubuski.ba\\\/\",\"name\":\"Radio Ljubu\u0161ki\",\"description\":\"Sun\u010dana frekvencija Hercegovine\",\"publisher\":{\"@id\":\"https:\\\/\\\/radioljubuski.ba\\\/#organization\"},\"potentialAction\":[{\"@type\":\"SearchAction\",\"target\":{\"@type\":\"EntryPoint\",\"urlTemplate\":\"https:\\\/\\\/radioljubuski.ba\\\/?s={search_term_string}\"},\"query-input\":{\"@type\":\"PropertyValueSpecification\",\"valueRequired\":true,\"valueName\":\"search_term_string\"}}],\"inLanguage\":\"hr\"},{\"@type\":\"Organization\",\"@id\":\"https:\\\/\\\/radioljubuski.ba\\\/#organization\",\"name\":\"Radio Ljubu\u0161ki\",\"url\":\"https:\\\/\\\/radioljubuski.ba\\\/\",\"logo\":{\"@type\":\"ImageObject\",\"inLanguage\":\"hr\",\"@id\":\"https:\\\/\\\/radioljubuski.ba\\\/#\\\/schema\\\/logo\\\/image\\\/\",\"url\":\"https:\\\/\\\/radioljubuski.ba\\\/wp-content\\\/uploads\\\/2021\\\/02\\\/cropped-Radio_Ljubuski_logo1.jpg\",\"contentUrl\":\"https:\\\/\\\/radioljubuski.ba\\\/wp-content\\\/uploads\\\/2021\\\/02\\\/cropped-Radio_Ljubuski_logo1.jpg\",\"width\":512,\"height\":512,\"caption\":\"Radio Ljubu\u0161ki\"},\"image\":{\"@id\":\"https:\\\/\\\/radioljubuski.ba\\\/#\\\/schema\\\/logo\\\/image\\\/\"},\"sameAs\":[\"https:\\\/\\\/www.facebook.com\\\/Radiio-Ljubuski-1490835324566332\",\"https:\\\/\\\/x.com\\\/radioljubuski\",\"https:\\\/\\\/hr.linkedin.com\\\/company\\\/radio-ljubuski\",\"https:\\\/\\\/www.youtube.com\\\/channel\\\/UCHYaeO_n0Db3tjNGudGpXyw\"]},{\"@type\":\"Person\",\"@id\":\"https:\\\/\\\/radioljubuski.ba\\\/#\\\/schema\\\/person\\\/19fc700381a780f69665d7956c469e3b\",\"name\":\"Radio Ljubu\u0161ki\"}]}<\/script>\n<!-- \/ Yoast SEO plugin. -->","yoast_head_json":{"title":"Cijene u Njema\u010dkoj rastu: \"Radnicima treba hitno podi\u0107i pla\u0107e\" - RADIO LJUBU\u0160KI","robots":{"index":"index","follow":"follow","max-snippet":"max-snippet:-1","max-image-preview":"max-image-preview:large","max-video-preview":"max-video-preview:-1"},"canonical":"https:\/\/radioljubuski.ba\/index.php\/2022\/04\/19\/cijene-u-njemackoj-rastu-radnicima-treba-hitno-podici-place\/","og_locale":"hr_HR","og_type":"article","og_title":"Cijene u Njema\u010dkoj rastu: \"Radnicima treba hitno podi\u0107i pla\u0107e\" - RADIO LJUBU\u0160KI","og_description":"Pla\u0107e u Njema\u010dkoj moraju biti uskla\u0111ene s inflacijom, poru\u010dio je u utorak predsjednik ekonomskog instituta DIW, upozoriv\u0161i da je \u201capsolutno nu\u017eno\u201d nadoknaditi nagli rast cijena kako bi se sa\u010duvala potro\u0161nja. Vi\u0161e pla\u0107e va\u017ene su i kako bi se \u201csa\u010duvala sna\u017ena potro\u0161nja\u201d, rekao je Marcel Fratzcher za radio postaju Deutschlandfunk. \u201cAko se to ne dogodi, kompanije [&hellip;]","og_url":"https:\/\/radioljubuski.ba\/index.php\/2022\/04\/19\/cijene-u-njemackoj-rastu-radnicima-treba-hitno-podici-place\/","og_site_name":"RADIO LJUBU\u0160KI","article_publisher":"https:\/\/www.facebook.com\/Radiio-Ljubuski-1490835324566332","article_published_time":"2022-04-19T13:08:23+00:00","article_modified_time":"2022-04-19T13:08:24+00:00","og_image":[{"width":1024,"height":682,"url":"https:\/\/radioljubuski.ba\/wp-content\/uploads\/2021\/11\/radnici-1.jpg","type":"image\/jpeg"}],"author":"Radio Ljubu\u0161ki","twitter_card":"summary_large_image","twitter_creator":"@radioljubuski","twitter_site":"@radioljubuski","twitter_misc":{"Napisao\/la":"Radio Ljubu\u0161ki","Procijenjeno vrijeme \u010ditanja":"1 minuta"},"schema":{"@context":"https:\/\/schema.org","@graph":[{"@type":"Article","@id":"https:\/\/radioljubuski.ba\/index.php\/2022\/04\/19\/cijene-u-njemackoj-rastu-radnicima-treba-hitno-podici-place\/#article","isPartOf":{"@id":"https:\/\/radioljubuski.ba\/index.php\/2022\/04\/19\/cijene-u-njemackoj-rastu-radnicima-treba-hitno-podici-place\/"},"author":{"name":"Radio Ljubu\u0161ki","@id":"https:\/\/radioljubuski.ba\/#\/schema\/person\/19fc700381a780f69665d7956c469e3b"},"headline":"Cijene u Njema\u010dkoj rastu: &#8220;Radnicima treba hitno podi\u0107i pla\u0107e&#8221;","datePublished":"2022-04-19T13:08:23+00:00","dateModified":"2022-04-19T13:08:24+00:00","mainEntityOfPage":{"@id":"https:\/\/radioljubuski.ba\/index.php\/2022\/04\/19\/cijene-u-njemackoj-rastu-radnicima-treba-hitno-podici-place\/"},"wordCount":217,"publisher":{"@id":"https:\/\/radioljubuski.ba\/#organization"},"image":{"@id":"https:\/\/radioljubuski.ba\/index.php\/2022\/04\/19\/cijene-u-njemackoj-rastu-radnicima-treba-hitno-podici-place\/#primaryimage"},"thumbnailUrl":"https:\/\/radioljubuski.ba\/wp-content\/uploads\/2021\/11\/radnici-1.jpg","articleSection":["BIH i regija"],"inLanguage":"hr"},{"@type":"WebPage","@id":"https:\/\/radioljubuski.ba\/index.php\/2022\/04\/19\/cijene-u-njemackoj-rastu-radnicima-treba-hitno-podici-place\/","url":"https:\/\/radioljubuski.ba\/index.php\/2022\/04\/19\/cijene-u-njemackoj-rastu-radnicima-treba-hitno-podici-place\/","name":"Cijene u Njema\u010dkoj rastu: \"Radnicima treba hitno podi\u0107i pla\u0107e\" - RADIO LJUBU\u0160KI","isPartOf":{"@id":"https:\/\/radioljubuski.ba\/#website"},"primaryImageOfPage":{"@id":"https:\/\/radioljubuski.ba\/index.php\/2022\/04\/19\/cijene-u-njemackoj-rastu-radnicima-treba-hitno-podici-place\/#primaryimage"},"image":{"@id":"https:\/\/radioljubuski.ba\/index.php\/2022\/04\/19\/cijene-u-njemackoj-rastu-radnicima-treba-hitno-podici-place\/#primaryimage"},"thumbnailUrl":"https:\/\/radioljubuski.ba\/wp-content\/uploads\/2021\/11\/radnici-1.jpg","datePublished":"2022-04-19T13:08:23+00:00","dateModified":"2022-04-19T13:08:24+00:00","breadcrumb":{"@id":"https:\/\/radioljubuski.ba\/index.php\/2022\/04\/19\/cijene-u-njemackoj-rastu-radnicima-treba-hitno-podici-place\/#breadcrumb"},"inLanguage":"hr","potentialAction":[{"@type":"ReadAction","target":["https:\/\/radioljubuski.ba\/index.php\/2022\/04\/19\/cijene-u-njemackoj-rastu-radnicima-treba-hitno-podici-place\/"]}]},{"@type":"ImageObject","inLanguage":"hr","@id":"https:\/\/radioljubuski.ba\/index.php\/2022\/04\/19\/cijene-u-njemackoj-rastu-radnicima-treba-hitno-podici-place\/#primaryimage","url":"https:\/\/radioljubuski.ba\/wp-content\/uploads\/2021\/11\/radnici-1.jpg","contentUrl":"https:\/\/radioljubuski.ba\/wp-content\/uploads\/2021\/11\/radnici-1.jpg","width":1024,"height":682},{"@type":"BreadcrumbList","@id":"https:\/\/radioljubuski.ba\/index.php\/2022\/04\/19\/cijene-u-njemackoj-rastu-radnicima-treba-hitno-podici-place\/#breadcrumb","itemListElement":[{"@type":"ListItem","position":1,"name":"Po\u010detna stranica","item":"https:\/\/radioljubuski.ba\/"},{"@type":"ListItem","position":2,"name":"Cijene u Njema\u010dkoj rastu: &#8220;Radnicima treba hitno podi\u0107i pla\u0107e&#8221;"}]},{"@type":"WebSite","@id":"https:\/\/radioljubuski.ba\/#website","url":"https:\/\/radioljubuski.ba\/","name":"Radio Ljubu\u0161ki","description":"Sun\u010dana frekvencija Hercegovine","publisher":{"@id":"https:\/\/radioljubuski.ba\/#organization"},"potentialAction":[{"@type":"SearchAction","target":{"@type":"EntryPoint","urlTemplate":"https:\/\/radioljubuski.ba\/?s={search_term_string}"},"query-input":{"@type":"PropertyValueSpecification","valueRequired":true,"valueName":"search_term_string"}}],"inLanguage":"hr"},{"@type":"Organization","@id":"https:\/\/radioljubuski.ba\/#organization","name":"Radio Ljubu\u0161ki","url":"https:\/\/radioljubuski.ba\/","logo":{"@type":"ImageObject","inLanguage":"hr","@id":"https:\/\/radioljubuski.ba\/#\/schema\/logo\/image\/","url":"https:\/\/radioljubuski.ba\/wp-content\/uploads\/2021\/02\/cropped-Radio_Ljubuski_logo1.jpg","contentUrl":"https:\/\/radioljubuski.ba\/wp-content\/uploads\/2021\/02\/cropped-Radio_Ljubuski_logo1.jpg","width":512,"height":512,"caption":"Radio Ljubu\u0161ki"},"image":{"@id":"https:\/\/radioljubuski.ba\/#\/schema\/logo\/image\/"},"sameAs":["https:\/\/www.facebook.com\/Radiio-Ljubuski-1490835324566332","https:\/\/x.com\/radioljubuski","https:\/\/hr.linkedin.com\/company\/radio-ljubuski","https:\/\/www.youtube.com\/channel\/UCHYaeO_n0Db3tjNGudGpXyw"]},{"@type":"Person","@id":"https:\/\/radioljubuski.ba\/#\/schema\/person\/19fc700381a780f69665d7956c469e3b","name":"Radio Ljubu\u0161ki"}]}},"_links":{"self":[{"href":"https:\/\/radioljubuski.ba\/index.php\/wp-json\/wp\/v2\/posts\/134134","targetHints":{"allow":["GET"]}}],"collection":[{"href":"https:\/\/radioljubuski.ba\/index.php\/wp-json\/wp\/v2\/posts"}],"about":[{"href":"https:\/\/radioljubuski.ba\/index.php\/wp-json\/wp\/v2\/types\/post"}],"author":[{"embeddable":true,"href":"https:\/\/radioljubuski.ba\/index.php\/wp-json\/wp\/v2\/users\/2"}],"replies":[{"embeddable":true,"href":"https:\/\/radioljubuski.ba\/index.php\/wp-json\/wp\/v2\/comments?post=134134"}],"version-history":[{"count":1,"href":"https:\/\/radioljubuski.ba\/index.php\/wp-json\/wp\/v2\/posts\/134134\/revisions"}],"predecessor-version":[{"id":134135,"href":"https:\/\/radioljubuski.ba\/index.php\/wp-json\/wp\/v2\/posts\/134134\/revisions\/134135"}],"wp:featuredmedia":[{"embeddable":true,"href":"https:\/\/radioljubuski.ba\/index.php\/wp-json\/wp\/v2\/media\/93026"}],"wp:attachment":[{"href":"https:\/\/radioljubuski.ba\/index.php\/wp-json\/wp\/v2\/media?parent=134134"}],"wp:term":[{"taxonomy":"category","embeddable":true,"href":"https:\/\/radioljubuski.ba\/index.php\/wp-json\/wp\/v2\/categories?post=134134"},{"taxonomy":"post_tag","embeddable":true,"href":"https:\/\/radioljubuski.ba\/index.php\/wp-json\/wp\/v2\/tags?post=134134"}],"curies":[{"name":"wp","href":"https:\/\/api.w.org\/{rel}","templated":true}]}}