{"id":134144,"date":"2022-04-19T14:13:39","date_gmt":"2022-04-19T13:13:39","guid":{"rendered":"https:\/\/radioljubuski.ba\/?p=134144"},"modified":"2022-04-19T14:13:41","modified_gmt":"2022-04-19T13:13:41","slug":"njemacki-restoran-podigao-buruna-internetu-zbog-obavijesti","status":"publish","type":"post","link":"https:\/\/radioljubuski.ba\/index.php\/2022\/04\/19\/njemacki-restoran-podigao-buruna-internetu-zbog-obavijesti\/","title":{"rendered":"Njema\u010dki restoran podigao \u201cburu\u201dna internetu zbog obavijesti"},"content":{"rendered":"\n<p>Ricardi Biebl je dosta! Vlasnica je restorana \u201cSchipperhus\u201d u balti\u010dkom ljetovali\u0161tu Dierhagen na Dar\u00dfu ve\u0107 skoro \u010detiri godine, a restoran je poznat po ukusnoj hrani i lijepom ambijentu. Ali sada je vlasnica izazvala pomutnju s odlukom kojom djeci mla\u0111oj od 12 godina zabranjuje ulazak u njezin restoran, pi\u0161e <a href=\"https:\/\/fenix-magazin.de\/dosta-im-je-vise-njemacki-restoran-podigao-buruna-internetu-zbog-obavijesti\/\" target=\"_blank\" rel=\"noreferrer noopener\">Fenix<\/a>.<\/p>\n\n\n\n<p>\u201cDragi gosti, zbog brojnih neugodnih iskustava u pro\u0161losti, odlu\u010dili smo da vi\u0161e ne ugo\u0161\u0107ujemo obitelji s djecom mla\u0111om od 12 godina.\u201d Ta obavijest u restoranu \u201cSchipperhus\u201d izazvala je lavinu komentara na internetu.<\/p>\n\n\n\n<p>Razlog takve odluke vlasnice je: \u201cBuka. Rasprave izme\u0111u roditelja i mog uslu\u017enog osoblja kada skre\u0107u pa\u017enju roditeljima da djeca uznemiravaju ostale goste\u201d, ka\u017ee Biebl u razgovoru s reporterom RTL-a. \u010cak i stalni gosti sve vi\u0161e okre\u0107u le\u0111a njoj i \u201cSchipperhusu.\u201d<\/p>\n\n\n\n<p>Zidovi restorana su i\u0161arani, iako restoran nudi bojanke za mali\u0161ane. Ke\u010dap i majoneza zalijepili su se za tapecirani namje\u0161taj, hrana je namjerno ga\u017eena po podu, mala djeca su bosa tr\u010dala izme\u0111u stolova.<\/p>\n\n\n\n<p>\u201cIncidenti se jednostavno doga\u0111aju pre\u010desto\u201d, ka\u017ee Biebl, \u201cponekad svaki dan.\u201d<\/p>\n\n\n\n<p>Me\u0111utim, Biebl jasno daje do znanja da joj djeca nisu kriva. \u201cRoditelji su vi\u0161e zabrinuti za sebe nego za djecu\u201d, ka\u017ee ona. No, uslu\u017eno osoblje iz \u201cSchipperhusa\u201d nije odgovorno za zaokupljanje mali\u0161ana.<\/p>\n\n\n\n<p>Tema je izazivala raspravu na internetu. Restorani su u pro\u0161losti poku\u0161avali \u201cisklju\u010diti \u201c djecu \u2013 poput restorana \u201cOma\u2019s K\u00fcche und Quartier\u201d na R\u00fcgenu 2018. \u2013 ali ovaj put ima kritika i pohvala. Dok jedni \u201cSchipperhusa\u201d na Facebooku opisuju kao \u201cneprijateljski nastrojeni prema djeci\u201d, drugi ka\u017eu: prava odluka!<\/p>\n\n\n\n<p>\u201cVrlo dobra i hrabra odluka vlasnice!\u201d, pi\u0161e jedan otac. Druga korisnica, i sama majka djeteta, tako\u0111er nema problema s dobnom granicom.<\/p>\n\n\n\n<p>\u201cSamo tako nastavite i ne dopustite da vas sru\u0161i!\u201d, komentirala je na Facebooku. \u201cAko ikad budem na sjeveru, rado \u0107emo do\u0107i. \u010cak i bez djeteta!\u201d<\/p>\n\n\n\n<p>Izvor:fenix-magazin.de<\/p>\n","protected":false},"excerpt":{"rendered":"<p>Ricardi Biebl je dosta! Vlasnica je restorana \u201cSchipperhus\u201d u balti\u010dkom ljetovali\u0161tu Dierhagen na Dar\u00dfu ve\u0107 skoro \u010detiri godine, a restoran je poznat po ukusnoj hrani i lijepom ambijentu. Ali sada je vlasnica izazvala pomutnju s odlukom kojom djeci mla\u0111oj od 12 godina zabranjuje ulazak u njezin restoran, pi\u0161e Fenix. \u201cDragi gosti, zbog brojnih neugodnih iskustava [&hellip;]<\/p>\n","protected":false},"author":2,"featured_media":84230,"comment_status":"closed","ping_status":"closed","sticky":false,"template":"","format":"standard","meta":{"h5ap_radio_sources":[],"footnotes":""},"categories":[1],"tags":[],"class_list":["post-134144","post","type-post","status-publish","format-standard","has-post-thumbnail","hentry","category-bihiregija"],"yoast_head":"<!-- This site is optimized with the Yoast SEO plugin v27.4 - https:\/\/yoast.com\/product\/yoast-seo-wordpress\/ -->\n<title>Njema\u010dki restoran podigao \u201cburu\u201dna internetu zbog obavijesti - RADIO LJUBU\u0160KI<\/title>\n<meta name=\"robots\" content=\"index, follow, max-snippet:-1, max-image-preview:large, max-video-preview:-1\" \/>\n<link rel=\"canonical\" href=\"https:\/\/radioljubuski.ba\/index.php\/2022\/04\/19\/njemacki-restoran-podigao-buruna-internetu-zbog-obavijesti\/\" \/>\n<meta property=\"og:locale\" content=\"hr_HR\" \/>\n<meta property=\"og:type\" content=\"article\" \/>\n<meta property=\"og:title\" content=\"Njema\u010dki restoran podigao \u201cburu\u201dna internetu zbog obavijesti - RADIO LJUBU\u0160KI\" \/>\n<meta property=\"og:description\" content=\"Ricardi Biebl je dosta! Vlasnica je restorana \u201cSchipperhus\u201d u balti\u010dkom ljetovali\u0161tu Dierhagen na Dar\u00dfu ve\u0107 skoro \u010detiri godine, a restoran je poznat po ukusnoj hrani i lijepom ambijentu. Ali sada je vlasnica izazvala pomutnju s odlukom kojom djeci mla\u0111oj od 12 godina zabranjuje ulazak u njezin restoran, pi\u0161e Fenix. \u201cDragi gosti, zbog brojnih neugodnih iskustava [&hellip;]\" \/>\n<meta property=\"og:url\" content=\"https:\/\/radioljubuski.ba\/index.php\/2022\/04\/19\/njemacki-restoran-podigao-buruna-internetu-zbog-obavijesti\/\" \/>\n<meta property=\"og:site_name\" content=\"RADIO LJUBU\u0160KI\" \/>\n<meta property=\"article:publisher\" content=\"https:\/\/www.facebook.com\/Radiio-Ljubuski-1490835324566332\" \/>\n<meta property=\"article:published_time\" content=\"2022-04-19T13:13:39+00:00\" \/>\n<meta property=\"article:modified_time\" content=\"2022-04-19T13:13:41+00:00\" \/>\n<meta property=\"og:image\" content=\"https:\/\/radioljubuski.ba\/wp-content\/uploads\/2021\/11\/8-2021-11-02-20-27-48-RESTORAN.jpg\" \/>\n\t<meta property=\"og:image:width\" content=\"1000\" \/>\n\t<meta property=\"og:image:height\" content=\"625\" \/>\n\t<meta property=\"og:image:type\" content=\"image\/jpeg\" \/>\n<meta name=\"author\" content=\"Radio Ljubu\u0161ki\" \/>\n<meta name=\"twitter:card\" content=\"summary_large_image\" \/>\n<meta name=\"twitter:creator\" content=\"@radioljubuski\" \/>\n<meta name=\"twitter:site\" content=\"@radioljubuski\" \/>\n<meta name=\"twitter:label1\" content=\"Napisao\/la\" \/>\n\t<meta name=\"twitter:data1\" content=\"Radio Ljubu\u0161ki\" \/>\n\t<meta name=\"twitter:label2\" content=\"Procijenjeno vrijeme \u010ditanja\" \/>\n\t<meta name=\"twitter:data2\" content=\"2 minute\" \/>\n<script type=\"application\/ld+json\" class=\"yoast-schema-graph\">{\"@context\":\"https:\\\/\\\/schema.org\",\"@graph\":[{\"@type\":\"Article\",\"@id\":\"https:\\\/\\\/radioljubuski.ba\\\/index.php\\\/2022\\\/04\\\/19\\\/njemacki-restoran-podigao-buruna-internetu-zbog-obavijesti\\\/#article\",\"isPartOf\":{\"@id\":\"https:\\\/\\\/radioljubuski.ba\\\/index.php\\\/2022\\\/04\\\/19\\\/njemacki-restoran-podigao-buruna-internetu-zbog-obavijesti\\\/\"},\"author\":{\"name\":\"Radio Ljubu\u0161ki\",\"@id\":\"https:\\\/\\\/radioljubuski.ba\\\/#\\\/schema\\\/person\\\/19fc700381a780f69665d7956c469e3b\"},\"headline\":\"Njema\u010dki restoran podigao \u201cburu\u201dna internetu zbog obavijesti\",\"datePublished\":\"2022-04-19T13:13:39+00:00\",\"dateModified\":\"2022-04-19T13:13:41+00:00\",\"mainEntityOfPage\":{\"@id\":\"https:\\\/\\\/radioljubuski.ba\\\/index.php\\\/2022\\\/04\\\/19\\\/njemacki-restoran-podigao-buruna-internetu-zbog-obavijesti\\\/\"},\"wordCount\":338,\"publisher\":{\"@id\":\"https:\\\/\\\/radioljubuski.ba\\\/#organization\"},\"image\":{\"@id\":\"https:\\\/\\\/radioljubuski.ba\\\/index.php\\\/2022\\\/04\\\/19\\\/njemacki-restoran-podigao-buruna-internetu-zbog-obavijesti\\\/#primaryimage\"},\"thumbnailUrl\":\"https:\\\/\\\/radioljubuski.ba\\\/wp-content\\\/uploads\\\/2021\\\/11\\\/8-2021-11-02-20-27-48-RESTORAN.jpg\",\"articleSection\":[\"BIH i regija\"],\"inLanguage\":\"hr\"},{\"@type\":\"WebPage\",\"@id\":\"https:\\\/\\\/radioljubuski.ba\\\/index.php\\\/2022\\\/04\\\/19\\\/njemacki-restoran-podigao-buruna-internetu-zbog-obavijesti\\\/\",\"url\":\"https:\\\/\\\/radioljubuski.ba\\\/index.php\\\/2022\\\/04\\\/19\\\/njemacki-restoran-podigao-buruna-internetu-zbog-obavijesti\\\/\",\"name\":\"Njema\u010dki restoran podigao \u201cburu\u201dna internetu zbog obavijesti - RADIO LJUBU\u0160KI\",\"isPartOf\":{\"@id\":\"https:\\\/\\\/radioljubuski.ba\\\/#website\"},\"primaryImageOfPage\":{\"@id\":\"https:\\\/\\\/radioljubuski.ba\\\/index.php\\\/2022\\\/04\\\/19\\\/njemacki-restoran-podigao-buruna-internetu-zbog-obavijesti\\\/#primaryimage\"},\"image\":{\"@id\":\"https:\\\/\\\/radioljubuski.ba\\\/index.php\\\/2022\\\/04\\\/19\\\/njemacki-restoran-podigao-buruna-internetu-zbog-obavijesti\\\/#primaryimage\"},\"thumbnailUrl\":\"https:\\\/\\\/radioljubuski.ba\\\/wp-content\\\/uploads\\\/2021\\\/11\\\/8-2021-11-02-20-27-48-RESTORAN.jpg\",\"datePublished\":\"2022-04-19T13:13:39+00:00\",\"dateModified\":\"2022-04-19T13:13:41+00:00\",\"breadcrumb\":{\"@id\":\"https:\\\/\\\/radioljubuski.ba\\\/index.php\\\/2022\\\/04\\\/19\\\/njemacki-restoran-podigao-buruna-internetu-zbog-obavijesti\\\/#breadcrumb\"},\"inLanguage\":\"hr\",\"potentialAction\":[{\"@type\":\"ReadAction\",\"target\":[\"https:\\\/\\\/radioljubuski.ba\\\/index.php\\\/2022\\\/04\\\/19\\\/njemacki-restoran-podigao-buruna-internetu-zbog-obavijesti\\\/\"]}]},{\"@type\":\"ImageObject\",\"inLanguage\":\"hr\",\"@id\":\"https:\\\/\\\/radioljubuski.ba\\\/index.php\\\/2022\\\/04\\\/19\\\/njemacki-restoran-podigao-buruna-internetu-zbog-obavijesti\\\/#primaryimage\",\"url\":\"https:\\\/\\\/radioljubuski.ba\\\/wp-content\\\/uploads\\\/2021\\\/11\\\/8-2021-11-02-20-27-48-RESTORAN.jpg\",\"contentUrl\":\"https:\\\/\\\/radioljubuski.ba\\\/wp-content\\\/uploads\\\/2021\\\/11\\\/8-2021-11-02-20-27-48-RESTORAN.jpg\",\"width\":1000,\"height\":625},{\"@type\":\"BreadcrumbList\",\"@id\":\"https:\\\/\\\/radioljubuski.ba\\\/index.php\\\/2022\\\/04\\\/19\\\/njemacki-restoran-podigao-buruna-internetu-zbog-obavijesti\\\/#breadcrumb\",\"itemListElement\":[{\"@type\":\"ListItem\",\"position\":1,\"name\":\"Po\u010detna stranica\",\"item\":\"https:\\\/\\\/radioljubuski.ba\\\/\"},{\"@type\":\"ListItem\",\"position\":2,\"name\":\"Njema\u010dki restoran podigao \u201cburu\u201dna internetu zbog obavijesti\"}]},{\"@type\":\"WebSite\",\"@id\":\"https:\\\/\\\/radioljubuski.ba\\\/#website\",\"url\":\"https:\\\/\\\/radioljubuski.ba\\\/\",\"name\":\"Radio Ljubu\u0161ki\",\"description\":\"Sun\u010dana frekvencija Hercegovine\",\"publisher\":{\"@id\":\"https:\\\/\\\/radioljubuski.ba\\\/#organization\"},\"potentialAction\":[{\"@type\":\"SearchAction\",\"target\":{\"@type\":\"EntryPoint\",\"urlTemplate\":\"https:\\\/\\\/radioljubuski.ba\\\/?s={search_term_string}\"},\"query-input\":{\"@type\":\"PropertyValueSpecification\",\"valueRequired\":true,\"valueName\":\"search_term_string\"}}],\"inLanguage\":\"hr\"},{\"@type\":\"Organization\",\"@id\":\"https:\\\/\\\/radioljubuski.ba\\\/#organization\",\"name\":\"Radio Ljubu\u0161ki\",\"url\":\"https:\\\/\\\/radioljubuski.ba\\\/\",\"logo\":{\"@type\":\"ImageObject\",\"inLanguage\":\"hr\",\"@id\":\"https:\\\/\\\/radioljubuski.ba\\\/#\\\/schema\\\/logo\\\/image\\\/\",\"url\":\"https:\\\/\\\/radioljubuski.ba\\\/wp-content\\\/uploads\\\/2021\\\/02\\\/cropped-Radio_Ljubuski_logo1.jpg\",\"contentUrl\":\"https:\\\/\\\/radioljubuski.ba\\\/wp-content\\\/uploads\\\/2021\\\/02\\\/cropped-Radio_Ljubuski_logo1.jpg\",\"width\":512,\"height\":512,\"caption\":\"Radio Ljubu\u0161ki\"},\"image\":{\"@id\":\"https:\\\/\\\/radioljubuski.ba\\\/#\\\/schema\\\/logo\\\/image\\\/\"},\"sameAs\":[\"https:\\\/\\\/www.facebook.com\\\/Radiio-Ljubuski-1490835324566332\",\"https:\\\/\\\/x.com\\\/radioljubuski\",\"https:\\\/\\\/hr.linkedin.com\\\/company\\\/radio-ljubuski\",\"https:\\\/\\\/www.youtube.com\\\/channel\\\/UCHYaeO_n0Db3tjNGudGpXyw\"]},{\"@type\":\"Person\",\"@id\":\"https:\\\/\\\/radioljubuski.ba\\\/#\\\/schema\\\/person\\\/19fc700381a780f69665d7956c469e3b\",\"name\":\"Radio Ljubu\u0161ki\"}]}<\/script>\n<!-- \/ Yoast SEO plugin. -->","yoast_head_json":{"title":"Njema\u010dki restoran podigao \u201cburu\u201dna internetu zbog obavijesti - RADIO LJUBU\u0160KI","robots":{"index":"index","follow":"follow","max-snippet":"max-snippet:-1","max-image-preview":"max-image-preview:large","max-video-preview":"max-video-preview:-1"},"canonical":"https:\/\/radioljubuski.ba\/index.php\/2022\/04\/19\/njemacki-restoran-podigao-buruna-internetu-zbog-obavijesti\/","og_locale":"hr_HR","og_type":"article","og_title":"Njema\u010dki restoran podigao \u201cburu\u201dna internetu zbog obavijesti - RADIO LJUBU\u0160KI","og_description":"Ricardi Biebl je dosta! Vlasnica je restorana \u201cSchipperhus\u201d u balti\u010dkom ljetovali\u0161tu Dierhagen na Dar\u00dfu ve\u0107 skoro \u010detiri godine, a restoran je poznat po ukusnoj hrani i lijepom ambijentu. Ali sada je vlasnica izazvala pomutnju s odlukom kojom djeci mla\u0111oj od 12 godina zabranjuje ulazak u njezin restoran, pi\u0161e Fenix. \u201cDragi gosti, zbog brojnih neugodnih iskustava [&hellip;]","og_url":"https:\/\/radioljubuski.ba\/index.php\/2022\/04\/19\/njemacki-restoran-podigao-buruna-internetu-zbog-obavijesti\/","og_site_name":"RADIO LJUBU\u0160KI","article_publisher":"https:\/\/www.facebook.com\/Radiio-Ljubuski-1490835324566332","article_published_time":"2022-04-19T13:13:39+00:00","article_modified_time":"2022-04-19T13:13:41+00:00","og_image":[{"width":1000,"height":625,"url":"https:\/\/radioljubuski.ba\/wp-content\/uploads\/2021\/11\/8-2021-11-02-20-27-48-RESTORAN.jpg","type":"image\/jpeg"}],"author":"Radio Ljubu\u0161ki","twitter_card":"summary_large_image","twitter_creator":"@radioljubuski","twitter_site":"@radioljubuski","twitter_misc":{"Napisao\/la":"Radio Ljubu\u0161ki","Procijenjeno vrijeme \u010ditanja":"2 minute"},"schema":{"@context":"https:\/\/schema.org","@graph":[{"@type":"Article","@id":"https:\/\/radioljubuski.ba\/index.php\/2022\/04\/19\/njemacki-restoran-podigao-buruna-internetu-zbog-obavijesti\/#article","isPartOf":{"@id":"https:\/\/radioljubuski.ba\/index.php\/2022\/04\/19\/njemacki-restoran-podigao-buruna-internetu-zbog-obavijesti\/"},"author":{"name":"Radio Ljubu\u0161ki","@id":"https:\/\/radioljubuski.ba\/#\/schema\/person\/19fc700381a780f69665d7956c469e3b"},"headline":"Njema\u010dki restoran podigao \u201cburu\u201dna internetu zbog obavijesti","datePublished":"2022-04-19T13:13:39+00:00","dateModified":"2022-04-19T13:13:41+00:00","mainEntityOfPage":{"@id":"https:\/\/radioljubuski.ba\/index.php\/2022\/04\/19\/njemacki-restoran-podigao-buruna-internetu-zbog-obavijesti\/"},"wordCount":338,"publisher":{"@id":"https:\/\/radioljubuski.ba\/#organization"},"image":{"@id":"https:\/\/radioljubuski.ba\/index.php\/2022\/04\/19\/njemacki-restoran-podigao-buruna-internetu-zbog-obavijesti\/#primaryimage"},"thumbnailUrl":"https:\/\/radioljubuski.ba\/wp-content\/uploads\/2021\/11\/8-2021-11-02-20-27-48-RESTORAN.jpg","articleSection":["BIH i regija"],"inLanguage":"hr"},{"@type":"WebPage","@id":"https:\/\/radioljubuski.ba\/index.php\/2022\/04\/19\/njemacki-restoran-podigao-buruna-internetu-zbog-obavijesti\/","url":"https:\/\/radioljubuski.ba\/index.php\/2022\/04\/19\/njemacki-restoran-podigao-buruna-internetu-zbog-obavijesti\/","name":"Njema\u010dki restoran podigao \u201cburu\u201dna internetu zbog obavijesti - RADIO LJUBU\u0160KI","isPartOf":{"@id":"https:\/\/radioljubuski.ba\/#website"},"primaryImageOfPage":{"@id":"https:\/\/radioljubuski.ba\/index.php\/2022\/04\/19\/njemacki-restoran-podigao-buruna-internetu-zbog-obavijesti\/#primaryimage"},"image":{"@id":"https:\/\/radioljubuski.ba\/index.php\/2022\/04\/19\/njemacki-restoran-podigao-buruna-internetu-zbog-obavijesti\/#primaryimage"},"thumbnailUrl":"https:\/\/radioljubuski.ba\/wp-content\/uploads\/2021\/11\/8-2021-11-02-20-27-48-RESTORAN.jpg","datePublished":"2022-04-19T13:13:39+00:00","dateModified":"2022-04-19T13:13:41+00:00","breadcrumb":{"@id":"https:\/\/radioljubuski.ba\/index.php\/2022\/04\/19\/njemacki-restoran-podigao-buruna-internetu-zbog-obavijesti\/#breadcrumb"},"inLanguage":"hr","potentialAction":[{"@type":"ReadAction","target":["https:\/\/radioljubuski.ba\/index.php\/2022\/04\/19\/njemacki-restoran-podigao-buruna-internetu-zbog-obavijesti\/"]}]},{"@type":"ImageObject","inLanguage":"hr","@id":"https:\/\/radioljubuski.ba\/index.php\/2022\/04\/19\/njemacki-restoran-podigao-buruna-internetu-zbog-obavijesti\/#primaryimage","url":"https:\/\/radioljubuski.ba\/wp-content\/uploads\/2021\/11\/8-2021-11-02-20-27-48-RESTORAN.jpg","contentUrl":"https:\/\/radioljubuski.ba\/wp-content\/uploads\/2021\/11\/8-2021-11-02-20-27-48-RESTORAN.jpg","width":1000,"height":625},{"@type":"BreadcrumbList","@id":"https:\/\/radioljubuski.ba\/index.php\/2022\/04\/19\/njemacki-restoran-podigao-buruna-internetu-zbog-obavijesti\/#breadcrumb","itemListElement":[{"@type":"ListItem","position":1,"name":"Po\u010detna stranica","item":"https:\/\/radioljubuski.ba\/"},{"@type":"ListItem","position":2,"name":"Njema\u010dki restoran podigao \u201cburu\u201dna internetu zbog obavijesti"}]},{"@type":"WebSite","@id":"https:\/\/radioljubuski.ba\/#website","url":"https:\/\/radioljubuski.ba\/","name":"Radio Ljubu\u0161ki","description":"Sun\u010dana frekvencija Hercegovine","publisher":{"@id":"https:\/\/radioljubuski.ba\/#organization"},"potentialAction":[{"@type":"SearchAction","target":{"@type":"EntryPoint","urlTemplate":"https:\/\/radioljubuski.ba\/?s={search_term_string}"},"query-input":{"@type":"PropertyValueSpecification","valueRequired":true,"valueName":"search_term_string"}}],"inLanguage":"hr"},{"@type":"Organization","@id":"https:\/\/radioljubuski.ba\/#organization","name":"Radio Ljubu\u0161ki","url":"https:\/\/radioljubuski.ba\/","logo":{"@type":"ImageObject","inLanguage":"hr","@id":"https:\/\/radioljubuski.ba\/#\/schema\/logo\/image\/","url":"https:\/\/radioljubuski.ba\/wp-content\/uploads\/2021\/02\/cropped-Radio_Ljubuski_logo1.jpg","contentUrl":"https:\/\/radioljubuski.ba\/wp-content\/uploads\/2021\/02\/cropped-Radio_Ljubuski_logo1.jpg","width":512,"height":512,"caption":"Radio Ljubu\u0161ki"},"image":{"@id":"https:\/\/radioljubuski.ba\/#\/schema\/logo\/image\/"},"sameAs":["https:\/\/www.facebook.com\/Radiio-Ljubuski-1490835324566332","https:\/\/x.com\/radioljubuski","https:\/\/hr.linkedin.com\/company\/radio-ljubuski","https:\/\/www.youtube.com\/channel\/UCHYaeO_n0Db3tjNGudGpXyw"]},{"@type":"Person","@id":"https:\/\/radioljubuski.ba\/#\/schema\/person\/19fc700381a780f69665d7956c469e3b","name":"Radio Ljubu\u0161ki"}]}},"_links":{"self":[{"href":"https:\/\/radioljubuski.ba\/index.php\/wp-json\/wp\/v2\/posts\/134144","targetHints":{"allow":["GET"]}}],"collection":[{"href":"https:\/\/radioljubuski.ba\/index.php\/wp-json\/wp\/v2\/posts"}],"about":[{"href":"https:\/\/radioljubuski.ba\/index.php\/wp-json\/wp\/v2\/types\/post"}],"author":[{"embeddable":true,"href":"https:\/\/radioljubuski.ba\/index.php\/wp-json\/wp\/v2\/users\/2"}],"replies":[{"embeddable":true,"href":"https:\/\/radioljubuski.ba\/index.php\/wp-json\/wp\/v2\/comments?post=134144"}],"version-history":[{"count":1,"href":"https:\/\/radioljubuski.ba\/index.php\/wp-json\/wp\/v2\/posts\/134144\/revisions"}],"predecessor-version":[{"id":134145,"href":"https:\/\/radioljubuski.ba\/index.php\/wp-json\/wp\/v2\/posts\/134144\/revisions\/134145"}],"wp:featuredmedia":[{"embeddable":true,"href":"https:\/\/radioljubuski.ba\/index.php\/wp-json\/wp\/v2\/media\/84230"}],"wp:attachment":[{"href":"https:\/\/radioljubuski.ba\/index.php\/wp-json\/wp\/v2\/media?parent=134144"}],"wp:term":[{"taxonomy":"category","embeddable":true,"href":"https:\/\/radioljubuski.ba\/index.php\/wp-json\/wp\/v2\/categories?post=134144"},{"taxonomy":"post_tag","embeddable":true,"href":"https:\/\/radioljubuski.ba\/index.php\/wp-json\/wp\/v2\/tags?post=134144"}],"curies":[{"name":"wp","href":"https:\/\/api.w.org\/{rel}","templated":true}]}}