{"id":134146,"date":"2022-04-19T14:14:37","date_gmt":"2022-04-19T13:14:37","guid":{"rendered":"https:\/\/radioljubuski.ba\/?p=134146"},"modified":"2022-04-19T14:14:38","modified_gmt":"2022-04-19T13:14:38","slug":"brze-do-zaposlenja-uz-job-lab-radionice-telemach-fondacije","status":"publish","type":"post","link":"https:\/\/radioljubuski.ba\/index.php\/2022\/04\/19\/brze-do-zaposlenja-uz-job-lab-radionice-telemach-fondacije\/","title":{"rendered":"Br\u017ee do zaposlenja uz &#8216;Job Lab&#8217; radionice Telemach fondacije"},"content":{"rendered":"\n<p>Radionicom u Travniku, zapo\u010deo je novi ciklus tradicionalnog edukacijskog programa \u201eJob Lab &#8211; Vje\u0161tine za budu\u0107nost\u201c namijenjenog srednjo\u0161kolcima u Bosni i Hercegovini.<\/p>\n\n\n\n<p>Program organizuju Telemach BH i Telemach fondacija, u suradnji sa Inkubatorom dru\u0161tvenih inovacija \u201eMunja\u201c. Pove\u0107anje svijesti o vlastitim potencijalima, ali i stjecanje znanja i vje\u0161tina koje im omogu\u0107avaju ve\u0107e \u0161anse za zapo\u0161ljavanje ciljevi su ovogodi\u0161njih \u201eJob Lab\u201c radionica koje \u0107e se &nbsp;od travnja do listopada odr\u017eati u 10 gradova u Bosni i Hercegovini. Na ukupno 14 radionica i dvije studijske posjete vi\u0161e od 500 srednjo\u0161kolaca \u0107e u\u010diti kako biti konkurentniji na tr\u017ei\u0161tu rada budu\u0107nosti, a njihovi profesori kako im pomo\u0107i u savladavanju ovih vje\u0161tina.&nbsp;<\/p>\n\n\n\n<p>\u201eKada je u pitanju edukacija, na\u0161 fokus je na obrazovnim programima i inicijativama koji omogu\u0107avaju mladima da iskoriste maksimum svojih potencijala. \u017delimo ovim projektom pokazati mladima da ne moraju i\u0107i u inozemstvo da na\u0111u adekvatan posao, ve\u0107 da ga usavr\u0161avanjem svojih vje\u0161tina mogu prona\u0107i u Bosni i Hercegovini\u201c, istakla je Hajdi Mosti\u0107, predsjednica Upravnog odbora Telemach fondacije, te dodala da su pro\u0161logodi\u0161nji rezultati bili motiv da i ove godine nastave u istom smjeru.<\/p>\n\n\n\n<p>\u201eKvalitetno usmjerenje razvoja karijere ima dugoro\u010dne efekte kako za pojedince, tako i za dru\u0161tvo u cjelini. Vjerujemo da su \u201eJob Lab\u201c radionice zna\u010dajan podsticaj karijernog razvoja jer kroz njih srednjo\u0161kolcima pokazujemo da mogu raditi zanimljive i dobro pla\u0107ene poslove i u Bosni i Hercegovini\u201c, izjavila je Melisa Selak, projektna koordinatorica Inkubatora dru\u0161tvenih inovacija Munja.<\/p>\n\n\n\n<p>Program je pro\u0161le godine obuhvatio 428 u\u010denika iz 58 gradova, te 115 \u0161kola. Ukupno 20 najaktivnijih srednjo\u0161kolaca nagra\u0111eno je studijskom posjetom kompaniji Telemach BH, gdje su se prakti\u010dno upoznali sa radnim okru\u017eenjem i na\u010dinom funkcioniranja kompanije, ali i dobili vrlo korisne prakti\u010dne savjete iskusnih menad\u017eera iz ove kompanije.<\/p>\n\n\n\n<p>Na linku TELEMACH Job Lab &#8211; YouTube mo\u017eete pogledati video prilog sa pro\u0161logodi\u0161nje radionice \u201eJob Lab\u201c.<\/p>\n\n\n\n<p>Izvor:pogled.ba<\/p>\n","protected":false},"excerpt":{"rendered":"<p>Radionicom u Travniku, zapo\u010deo je novi ciklus tradicionalnog edukacijskog programa \u201eJob Lab &#8211; Vje\u0161tine za budu\u0107nost\u201c namijenjenog srednjo\u0161kolcima u Bosni i Hercegovini. Program organizuju Telemach BH i Telemach fondacija, u suradnji sa Inkubatorom dru\u0161tvenih inovacija \u201eMunja\u201c. Pove\u0107anje svijesti o vlastitim potencijalima, ali i stjecanje znanja i vje\u0161tina koje im omogu\u0107avaju ve\u0107e \u0161anse za zapo\u0161ljavanje ciljevi [&hellip;]<\/p>\n","protected":false},"author":2,"featured_media":134147,"comment_status":"closed","ping_status":"closed","sticky":false,"template":"","format":"standard","meta":{"h5ap_radio_sources":[],"footnotes":""},"categories":[1],"tags":[],"class_list":["post-134146","post","type-post","status-publish","format-standard","has-post-thumbnail","hentry","category-bihiregija"],"yoast_head":"<!-- This site is optimized with the Yoast SEO plugin v27.4 - https:\/\/yoast.com\/product\/yoast-seo-wordpress\/ -->\n<title>Br\u017ee do zaposlenja uz &#039;Job Lab&#039; radionice Telemach fondacije - RADIO LJUBU\u0160KI<\/title>\n<meta name=\"robots\" content=\"index, follow, max-snippet:-1, max-image-preview:large, max-video-preview:-1\" \/>\n<link rel=\"canonical\" href=\"https:\/\/radioljubuski.ba\/index.php\/2022\/04\/19\/brze-do-zaposlenja-uz-job-lab-radionice-telemach-fondacije\/\" \/>\n<meta property=\"og:locale\" content=\"hr_HR\" \/>\n<meta property=\"og:type\" content=\"article\" \/>\n<meta property=\"og:title\" content=\"Br\u017ee do zaposlenja uz &#039;Job Lab&#039; radionice Telemach fondacije - RADIO LJUBU\u0160KI\" \/>\n<meta property=\"og:description\" content=\"Radionicom u Travniku, zapo\u010deo je novi ciklus tradicionalnog edukacijskog programa \u201eJob Lab &#8211; Vje\u0161tine za budu\u0107nost\u201c namijenjenog srednjo\u0161kolcima u Bosni i Hercegovini. Program organizuju Telemach BH i Telemach fondacija, u suradnji sa Inkubatorom dru\u0161tvenih inovacija \u201eMunja\u201c. Pove\u0107anje svijesti o vlastitim potencijalima, ali i stjecanje znanja i vje\u0161tina koje im omogu\u0107avaju ve\u0107e \u0161anse za zapo\u0161ljavanje ciljevi [&hellip;]\" \/>\n<meta property=\"og:url\" content=\"https:\/\/radioljubuski.ba\/index.php\/2022\/04\/19\/brze-do-zaposlenja-uz-job-lab-radionice-telemach-fondacije\/\" \/>\n<meta property=\"og:site_name\" content=\"RADIO LJUBU\u0160KI\" \/>\n<meta property=\"article:publisher\" content=\"https:\/\/www.facebook.com\/Radiio-Ljubuski-1490835324566332\" \/>\n<meta property=\"article:published_time\" content=\"2022-04-19T13:14:37+00:00\" \/>\n<meta property=\"article:modified_time\" content=\"2022-04-19T13:14:38+00:00\" \/>\n<meta property=\"og:image\" content=\"https:\/\/radioljubuski.ba\/wp-content\/uploads\/2022\/04\/8-2022-04-19-12-46-45-telemach-RADIONICE.jpg\" \/>\n\t<meta property=\"og:image:width\" content=\"1000\" \/>\n\t<meta property=\"og:image:height\" content=\"625\" \/>\n\t<meta property=\"og:image:type\" content=\"image\/jpeg\" \/>\n<meta name=\"author\" content=\"Radio Ljubu\u0161ki\" \/>\n<meta name=\"twitter:card\" content=\"summary_large_image\" \/>\n<meta name=\"twitter:creator\" content=\"@radioljubuski\" \/>\n<meta name=\"twitter:site\" content=\"@radioljubuski\" \/>\n<meta name=\"twitter:label1\" content=\"Napisao\/la\" \/>\n\t<meta name=\"twitter:data1\" content=\"Radio Ljubu\u0161ki\" \/>\n\t<meta name=\"twitter:label2\" content=\"Procijenjeno vrijeme \u010ditanja\" \/>\n\t<meta name=\"twitter:data2\" content=\"2 minute\" \/>\n<script type=\"application\/ld+json\" class=\"yoast-schema-graph\">{\"@context\":\"https:\\\/\\\/schema.org\",\"@graph\":[{\"@type\":\"Article\",\"@id\":\"https:\\\/\\\/radioljubuski.ba\\\/index.php\\\/2022\\\/04\\\/19\\\/brze-do-zaposlenja-uz-job-lab-radionice-telemach-fondacije\\\/#article\",\"isPartOf\":{\"@id\":\"https:\\\/\\\/radioljubuski.ba\\\/index.php\\\/2022\\\/04\\\/19\\\/brze-do-zaposlenja-uz-job-lab-radionice-telemach-fondacije\\\/\"},\"author\":{\"name\":\"Radio Ljubu\u0161ki\",\"@id\":\"https:\\\/\\\/radioljubuski.ba\\\/#\\\/schema\\\/person\\\/19fc700381a780f69665d7956c469e3b\"},\"headline\":\"Br\u017ee do zaposlenja uz &#8216;Job Lab&#8217; radionice Telemach fondacije\",\"datePublished\":\"2022-04-19T13:14:37+00:00\",\"dateModified\":\"2022-04-19T13:14:38+00:00\",\"mainEntityOfPage\":{\"@id\":\"https:\\\/\\\/radioljubuski.ba\\\/index.php\\\/2022\\\/04\\\/19\\\/brze-do-zaposlenja-uz-job-lab-radionice-telemach-fondacije\\\/\"},\"wordCount\":351,\"publisher\":{\"@id\":\"https:\\\/\\\/radioljubuski.ba\\\/#organization\"},\"image\":{\"@id\":\"https:\\\/\\\/radioljubuski.ba\\\/index.php\\\/2022\\\/04\\\/19\\\/brze-do-zaposlenja-uz-job-lab-radionice-telemach-fondacije\\\/#primaryimage\"},\"thumbnailUrl\":\"https:\\\/\\\/radioljubuski.ba\\\/wp-content\\\/uploads\\\/2022\\\/04\\\/8-2022-04-19-12-46-45-telemach-RADIONICE.jpg\",\"articleSection\":[\"BIH i regija\"],\"inLanguage\":\"hr\"},{\"@type\":\"WebPage\",\"@id\":\"https:\\\/\\\/radioljubuski.ba\\\/index.php\\\/2022\\\/04\\\/19\\\/brze-do-zaposlenja-uz-job-lab-radionice-telemach-fondacije\\\/\",\"url\":\"https:\\\/\\\/radioljubuski.ba\\\/index.php\\\/2022\\\/04\\\/19\\\/brze-do-zaposlenja-uz-job-lab-radionice-telemach-fondacije\\\/\",\"name\":\"Br\u017ee do zaposlenja uz 'Job Lab' radionice Telemach fondacije - RADIO LJUBU\u0160KI\",\"isPartOf\":{\"@id\":\"https:\\\/\\\/radioljubuski.ba\\\/#website\"},\"primaryImageOfPage\":{\"@id\":\"https:\\\/\\\/radioljubuski.ba\\\/index.php\\\/2022\\\/04\\\/19\\\/brze-do-zaposlenja-uz-job-lab-radionice-telemach-fondacije\\\/#primaryimage\"},\"image\":{\"@id\":\"https:\\\/\\\/radioljubuski.ba\\\/index.php\\\/2022\\\/04\\\/19\\\/brze-do-zaposlenja-uz-job-lab-radionice-telemach-fondacije\\\/#primaryimage\"},\"thumbnailUrl\":\"https:\\\/\\\/radioljubuski.ba\\\/wp-content\\\/uploads\\\/2022\\\/04\\\/8-2022-04-19-12-46-45-telemach-RADIONICE.jpg\",\"datePublished\":\"2022-04-19T13:14:37+00:00\",\"dateModified\":\"2022-04-19T13:14:38+00:00\",\"breadcrumb\":{\"@id\":\"https:\\\/\\\/radioljubuski.ba\\\/index.php\\\/2022\\\/04\\\/19\\\/brze-do-zaposlenja-uz-job-lab-radionice-telemach-fondacije\\\/#breadcrumb\"},\"inLanguage\":\"hr\",\"potentialAction\":[{\"@type\":\"ReadAction\",\"target\":[\"https:\\\/\\\/radioljubuski.ba\\\/index.php\\\/2022\\\/04\\\/19\\\/brze-do-zaposlenja-uz-job-lab-radionice-telemach-fondacije\\\/\"]}]},{\"@type\":\"ImageObject\",\"inLanguage\":\"hr\",\"@id\":\"https:\\\/\\\/radioljubuski.ba\\\/index.php\\\/2022\\\/04\\\/19\\\/brze-do-zaposlenja-uz-job-lab-radionice-telemach-fondacije\\\/#primaryimage\",\"url\":\"https:\\\/\\\/radioljubuski.ba\\\/wp-content\\\/uploads\\\/2022\\\/04\\\/8-2022-04-19-12-46-45-telemach-RADIONICE.jpg\",\"contentUrl\":\"https:\\\/\\\/radioljubuski.ba\\\/wp-content\\\/uploads\\\/2022\\\/04\\\/8-2022-04-19-12-46-45-telemach-RADIONICE.jpg\",\"width\":1000,\"height\":625},{\"@type\":\"BreadcrumbList\",\"@id\":\"https:\\\/\\\/radioljubuski.ba\\\/index.php\\\/2022\\\/04\\\/19\\\/brze-do-zaposlenja-uz-job-lab-radionice-telemach-fondacije\\\/#breadcrumb\",\"itemListElement\":[{\"@type\":\"ListItem\",\"position\":1,\"name\":\"Po\u010detna stranica\",\"item\":\"https:\\\/\\\/radioljubuski.ba\\\/\"},{\"@type\":\"ListItem\",\"position\":2,\"name\":\"Br\u017ee do zaposlenja uz &#8216;Job Lab&#8217; radionice Telemach fondacije\"}]},{\"@type\":\"WebSite\",\"@id\":\"https:\\\/\\\/radioljubuski.ba\\\/#website\",\"url\":\"https:\\\/\\\/radioljubuski.ba\\\/\",\"name\":\"Radio Ljubu\u0161ki\",\"description\":\"Sun\u010dana frekvencija Hercegovine\",\"publisher\":{\"@id\":\"https:\\\/\\\/radioljubuski.ba\\\/#organization\"},\"potentialAction\":[{\"@type\":\"SearchAction\",\"target\":{\"@type\":\"EntryPoint\",\"urlTemplate\":\"https:\\\/\\\/radioljubuski.ba\\\/?s={search_term_string}\"},\"query-input\":{\"@type\":\"PropertyValueSpecification\",\"valueRequired\":true,\"valueName\":\"search_term_string\"}}],\"inLanguage\":\"hr\"},{\"@type\":\"Organization\",\"@id\":\"https:\\\/\\\/radioljubuski.ba\\\/#organization\",\"name\":\"Radio Ljubu\u0161ki\",\"url\":\"https:\\\/\\\/radioljubuski.ba\\\/\",\"logo\":{\"@type\":\"ImageObject\",\"inLanguage\":\"hr\",\"@id\":\"https:\\\/\\\/radioljubuski.ba\\\/#\\\/schema\\\/logo\\\/image\\\/\",\"url\":\"https:\\\/\\\/radioljubuski.ba\\\/wp-content\\\/uploads\\\/2021\\\/02\\\/cropped-Radio_Ljubuski_logo1.jpg\",\"contentUrl\":\"https:\\\/\\\/radioljubuski.ba\\\/wp-content\\\/uploads\\\/2021\\\/02\\\/cropped-Radio_Ljubuski_logo1.jpg\",\"width\":512,\"height\":512,\"caption\":\"Radio Ljubu\u0161ki\"},\"image\":{\"@id\":\"https:\\\/\\\/radioljubuski.ba\\\/#\\\/schema\\\/logo\\\/image\\\/\"},\"sameAs\":[\"https:\\\/\\\/www.facebook.com\\\/Radiio-Ljubuski-1490835324566332\",\"https:\\\/\\\/x.com\\\/radioljubuski\",\"https:\\\/\\\/hr.linkedin.com\\\/company\\\/radio-ljubuski\",\"https:\\\/\\\/www.youtube.com\\\/channel\\\/UCHYaeO_n0Db3tjNGudGpXyw\"]},{\"@type\":\"Person\",\"@id\":\"https:\\\/\\\/radioljubuski.ba\\\/#\\\/schema\\\/person\\\/19fc700381a780f69665d7956c469e3b\",\"name\":\"Radio Ljubu\u0161ki\"}]}<\/script>\n<!-- \/ Yoast SEO plugin. -->","yoast_head_json":{"title":"Br\u017ee do zaposlenja uz 'Job Lab' radionice Telemach fondacije - RADIO LJUBU\u0160KI","robots":{"index":"index","follow":"follow","max-snippet":"max-snippet:-1","max-image-preview":"max-image-preview:large","max-video-preview":"max-video-preview:-1"},"canonical":"https:\/\/radioljubuski.ba\/index.php\/2022\/04\/19\/brze-do-zaposlenja-uz-job-lab-radionice-telemach-fondacije\/","og_locale":"hr_HR","og_type":"article","og_title":"Br\u017ee do zaposlenja uz 'Job Lab' radionice Telemach fondacije - RADIO LJUBU\u0160KI","og_description":"Radionicom u Travniku, zapo\u010deo je novi ciklus tradicionalnog edukacijskog programa \u201eJob Lab &#8211; Vje\u0161tine za budu\u0107nost\u201c namijenjenog srednjo\u0161kolcima u Bosni i Hercegovini. Program organizuju Telemach BH i Telemach fondacija, u suradnji sa Inkubatorom dru\u0161tvenih inovacija \u201eMunja\u201c. Pove\u0107anje svijesti o vlastitim potencijalima, ali i stjecanje znanja i vje\u0161tina koje im omogu\u0107avaju ve\u0107e \u0161anse za zapo\u0161ljavanje ciljevi [&hellip;]","og_url":"https:\/\/radioljubuski.ba\/index.php\/2022\/04\/19\/brze-do-zaposlenja-uz-job-lab-radionice-telemach-fondacije\/","og_site_name":"RADIO LJUBU\u0160KI","article_publisher":"https:\/\/www.facebook.com\/Radiio-Ljubuski-1490835324566332","article_published_time":"2022-04-19T13:14:37+00:00","article_modified_time":"2022-04-19T13:14:38+00:00","og_image":[{"width":1000,"height":625,"url":"https:\/\/radioljubuski.ba\/wp-content\/uploads\/2022\/04\/8-2022-04-19-12-46-45-telemach-RADIONICE.jpg","type":"image\/jpeg"}],"author":"Radio Ljubu\u0161ki","twitter_card":"summary_large_image","twitter_creator":"@radioljubuski","twitter_site":"@radioljubuski","twitter_misc":{"Napisao\/la":"Radio Ljubu\u0161ki","Procijenjeno vrijeme \u010ditanja":"2 minute"},"schema":{"@context":"https:\/\/schema.org","@graph":[{"@type":"Article","@id":"https:\/\/radioljubuski.ba\/index.php\/2022\/04\/19\/brze-do-zaposlenja-uz-job-lab-radionice-telemach-fondacije\/#article","isPartOf":{"@id":"https:\/\/radioljubuski.ba\/index.php\/2022\/04\/19\/brze-do-zaposlenja-uz-job-lab-radionice-telemach-fondacije\/"},"author":{"name":"Radio Ljubu\u0161ki","@id":"https:\/\/radioljubuski.ba\/#\/schema\/person\/19fc700381a780f69665d7956c469e3b"},"headline":"Br\u017ee do zaposlenja uz &#8216;Job Lab&#8217; radionice Telemach fondacije","datePublished":"2022-04-19T13:14:37+00:00","dateModified":"2022-04-19T13:14:38+00:00","mainEntityOfPage":{"@id":"https:\/\/radioljubuski.ba\/index.php\/2022\/04\/19\/brze-do-zaposlenja-uz-job-lab-radionice-telemach-fondacije\/"},"wordCount":351,"publisher":{"@id":"https:\/\/radioljubuski.ba\/#organization"},"image":{"@id":"https:\/\/radioljubuski.ba\/index.php\/2022\/04\/19\/brze-do-zaposlenja-uz-job-lab-radionice-telemach-fondacije\/#primaryimage"},"thumbnailUrl":"https:\/\/radioljubuski.ba\/wp-content\/uploads\/2022\/04\/8-2022-04-19-12-46-45-telemach-RADIONICE.jpg","articleSection":["BIH i regija"],"inLanguage":"hr"},{"@type":"WebPage","@id":"https:\/\/radioljubuski.ba\/index.php\/2022\/04\/19\/brze-do-zaposlenja-uz-job-lab-radionice-telemach-fondacije\/","url":"https:\/\/radioljubuski.ba\/index.php\/2022\/04\/19\/brze-do-zaposlenja-uz-job-lab-radionice-telemach-fondacije\/","name":"Br\u017ee do zaposlenja uz 'Job Lab' radionice Telemach fondacije - RADIO LJUBU\u0160KI","isPartOf":{"@id":"https:\/\/radioljubuski.ba\/#website"},"primaryImageOfPage":{"@id":"https:\/\/radioljubuski.ba\/index.php\/2022\/04\/19\/brze-do-zaposlenja-uz-job-lab-radionice-telemach-fondacije\/#primaryimage"},"image":{"@id":"https:\/\/radioljubuski.ba\/index.php\/2022\/04\/19\/brze-do-zaposlenja-uz-job-lab-radionice-telemach-fondacije\/#primaryimage"},"thumbnailUrl":"https:\/\/radioljubuski.ba\/wp-content\/uploads\/2022\/04\/8-2022-04-19-12-46-45-telemach-RADIONICE.jpg","datePublished":"2022-04-19T13:14:37+00:00","dateModified":"2022-04-19T13:14:38+00:00","breadcrumb":{"@id":"https:\/\/radioljubuski.ba\/index.php\/2022\/04\/19\/brze-do-zaposlenja-uz-job-lab-radionice-telemach-fondacije\/#breadcrumb"},"inLanguage":"hr","potentialAction":[{"@type":"ReadAction","target":["https:\/\/radioljubuski.ba\/index.php\/2022\/04\/19\/brze-do-zaposlenja-uz-job-lab-radionice-telemach-fondacije\/"]}]},{"@type":"ImageObject","inLanguage":"hr","@id":"https:\/\/radioljubuski.ba\/index.php\/2022\/04\/19\/brze-do-zaposlenja-uz-job-lab-radionice-telemach-fondacije\/#primaryimage","url":"https:\/\/radioljubuski.ba\/wp-content\/uploads\/2022\/04\/8-2022-04-19-12-46-45-telemach-RADIONICE.jpg","contentUrl":"https:\/\/radioljubuski.ba\/wp-content\/uploads\/2022\/04\/8-2022-04-19-12-46-45-telemach-RADIONICE.jpg","width":1000,"height":625},{"@type":"BreadcrumbList","@id":"https:\/\/radioljubuski.ba\/index.php\/2022\/04\/19\/brze-do-zaposlenja-uz-job-lab-radionice-telemach-fondacije\/#breadcrumb","itemListElement":[{"@type":"ListItem","position":1,"name":"Po\u010detna stranica","item":"https:\/\/radioljubuski.ba\/"},{"@type":"ListItem","position":2,"name":"Br\u017ee do zaposlenja uz &#8216;Job Lab&#8217; radionice Telemach fondacije"}]},{"@type":"WebSite","@id":"https:\/\/radioljubuski.ba\/#website","url":"https:\/\/radioljubuski.ba\/","name":"Radio Ljubu\u0161ki","description":"Sun\u010dana frekvencija Hercegovine","publisher":{"@id":"https:\/\/radioljubuski.ba\/#organization"},"potentialAction":[{"@type":"SearchAction","target":{"@type":"EntryPoint","urlTemplate":"https:\/\/radioljubuski.ba\/?s={search_term_string}"},"query-input":{"@type":"PropertyValueSpecification","valueRequired":true,"valueName":"search_term_string"}}],"inLanguage":"hr"},{"@type":"Organization","@id":"https:\/\/radioljubuski.ba\/#organization","name":"Radio Ljubu\u0161ki","url":"https:\/\/radioljubuski.ba\/","logo":{"@type":"ImageObject","inLanguage":"hr","@id":"https:\/\/radioljubuski.ba\/#\/schema\/logo\/image\/","url":"https:\/\/radioljubuski.ba\/wp-content\/uploads\/2021\/02\/cropped-Radio_Ljubuski_logo1.jpg","contentUrl":"https:\/\/radioljubuski.ba\/wp-content\/uploads\/2021\/02\/cropped-Radio_Ljubuski_logo1.jpg","width":512,"height":512,"caption":"Radio Ljubu\u0161ki"},"image":{"@id":"https:\/\/radioljubuski.ba\/#\/schema\/logo\/image\/"},"sameAs":["https:\/\/www.facebook.com\/Radiio-Ljubuski-1490835324566332","https:\/\/x.com\/radioljubuski","https:\/\/hr.linkedin.com\/company\/radio-ljubuski","https:\/\/www.youtube.com\/channel\/UCHYaeO_n0Db3tjNGudGpXyw"]},{"@type":"Person","@id":"https:\/\/radioljubuski.ba\/#\/schema\/person\/19fc700381a780f69665d7956c469e3b","name":"Radio Ljubu\u0161ki"}]}},"_links":{"self":[{"href":"https:\/\/radioljubuski.ba\/index.php\/wp-json\/wp\/v2\/posts\/134146","targetHints":{"allow":["GET"]}}],"collection":[{"href":"https:\/\/radioljubuski.ba\/index.php\/wp-json\/wp\/v2\/posts"}],"about":[{"href":"https:\/\/radioljubuski.ba\/index.php\/wp-json\/wp\/v2\/types\/post"}],"author":[{"embeddable":true,"href":"https:\/\/radioljubuski.ba\/index.php\/wp-json\/wp\/v2\/users\/2"}],"replies":[{"embeddable":true,"href":"https:\/\/radioljubuski.ba\/index.php\/wp-json\/wp\/v2\/comments?post=134146"}],"version-history":[{"count":1,"href":"https:\/\/radioljubuski.ba\/index.php\/wp-json\/wp\/v2\/posts\/134146\/revisions"}],"predecessor-version":[{"id":134148,"href":"https:\/\/radioljubuski.ba\/index.php\/wp-json\/wp\/v2\/posts\/134146\/revisions\/134148"}],"wp:featuredmedia":[{"embeddable":true,"href":"https:\/\/radioljubuski.ba\/index.php\/wp-json\/wp\/v2\/media\/134147"}],"wp:attachment":[{"href":"https:\/\/radioljubuski.ba\/index.php\/wp-json\/wp\/v2\/media?parent=134146"}],"wp:term":[{"taxonomy":"category","embeddable":true,"href":"https:\/\/radioljubuski.ba\/index.php\/wp-json\/wp\/v2\/categories?post=134146"},{"taxonomy":"post_tag","embeddable":true,"href":"https:\/\/radioljubuski.ba\/index.php\/wp-json\/wp\/v2\/tags?post=134146"}],"curies":[{"name":"wp","href":"https:\/\/api.w.org\/{rel}","templated":true}]}}