{"id":134151,"date":"2022-04-19T14:16:32","date_gmt":"2022-04-19T13:16:32","guid":{"rendered":"https:\/\/radioljubuski.ba\/?p=134151"},"modified":"2022-04-19T14:16:33","modified_gmt":"2022-04-19T13:16:33","slug":"hnk-mostar-raspisuje-natjecaj-za-najbolji-neobjavljeni-dramski-tekst-mladih-autora","status":"publish","type":"post","link":"https:\/\/radioljubuski.ba\/index.php\/2022\/04\/19\/hnk-mostar-raspisuje-natjecaj-za-najbolji-neobjavljeni-dramski-tekst-mladih-autora\/","title":{"rendered":"HNK Mostar raspisuje Natje\u010daj za najbolji neobjavljeni dramski tekst mladih autora"},"content":{"rendered":"\n<p>Hrvatsko narodno kazali\u0161te u Mostaru, u suradnji sa Sredi\u0161njim dr\u017eavnim uredom za Hrvate izvan Republike Hrvatske, po drugi put raspisuje Natje\u010daj za najbolji neobjavljeni dramski tekst na hrvatskom jeziku za mlade autore do 35 godina.<\/p>\n\n\n\n<p>Cilj je Natje\u010daja unaprje\u0111enje hrvatske suvremene drame, pove\u0107anje mogu\u0107nosti profesionalnoga anga\u017emana mladih autora, ja\u010danje hrvatskoga zajedni\u0161tva te o\u010duvanje hrvatskog jezika, kulture i identiteta.<\/p>\n\n\n\n<p>Najbolji dramski tekst odabrat \u0107e \u017eiri, koji \u0107e imenovati HNK Mostar, a treba biti napisan na hrvatskom jeziku, mo\u017ee pripadati bilo kojoj dramskoj vrsti ili \u017eanru, ne mo\u017ee biti iz podru\u010dja lutkarstva ili knji\u017eevnosti za djecu, ne mo\u017ee prethodno biti objavljen ili scenski postavljen, odnosno insceniran. HNK Mostar ne obvezuje se na inscenaciju prvonagra\u0111enih i ostalih tekstova.<\/p>\n\n\n\n<p>Autoru\/ici najboljeg dramskog teksta bit \u0107e dodijeljena plaketa i nov\u010dana nagrada u iznosu od 1.500,00 EUR. Bit \u0107e dodijeljene plakete i nov\u010dane nagrade autorima\/icama drugoplasiranog i tre\u0107eplasiranoga dramskog teksta u iznosu od 500 EUR.<\/p>\n\n\n\n<p>Na prvom Natje\u010daju HNK Mostar, objavljenom pro\u0161le kazali\u0161ne sezone, prvonagra\u0111en je dramski tekst \u201eZid\u201c autorice Ru\u017eice A\u0161\u010di\u0107, koji je \u017eiri izabrao izme\u0111u trideset pristiglih dramskih tekstova. Druga nagrada pripala je Mateji Posedi za dramski tekst \u201eVisoke frekvencije\u201c, a tre\u0107a Moniki Herceg za \u201eZakopana \u010duda\u201c. Iste je sezone HNK Mostar raspisao i Natje\u010daj za izbor redatelja do 35 godina starosti koji \u0107e re\u017eirati prvonagra\u0111eni dramski tekst \u201eZid\u201c, a \u017eiri je kao najbolju redateljsku eksplikaciju izabrao onu Christiana Jean-Michela Jal\u017ee\u010di\u0107a. Rad na predstavi po\u010dinje po\u010detkom svibnja.<\/p>\n\n\n\n<p>Rok je za prijavu 1. listopada 2022. godine.<\/p>\n\n\n\n<p>Cijeli tekst natje\u010daja dostupan je na internetskim stranicama HNK Mostar (www.hnkmostar.ba\/natjecaj\/) i Sredi\u0161njeg dr\u017eavnog ureda za Hrvate izvan RH (www.hrvatiizvanrh.gov.hr).<\/p>\n\n\n\n<p>Izvor:pogled.ba<\/p>\n","protected":false},"excerpt":{"rendered":"<p>Hrvatsko narodno kazali\u0161te u Mostaru, u suradnji sa Sredi\u0161njim dr\u017eavnim uredom za Hrvate izvan Republike Hrvatske, po drugi put raspisuje Natje\u010daj za najbolji neobjavljeni dramski tekst na hrvatskom jeziku za mlade autore do 35 godina. Cilj je Natje\u010daja unaprje\u0111enje hrvatske suvremene drame, pove\u0107anje mogu\u0107nosti profesionalnoga anga\u017emana mladih autora, ja\u010danje hrvatskoga zajedni\u0161tva te o\u010duvanje hrvatskog jezika, [&hellip;]<\/p>\n","protected":false},"author":2,"featured_media":134152,"comment_status":"closed","ping_status":"closed","sticky":false,"template":"","format":"standard","meta":{"h5ap_radio_sources":[],"footnotes":""},"categories":[1],"tags":[],"class_list":["post-134151","post","type-post","status-publish","format-standard","has-post-thumbnail","hentry","category-bihiregija"],"yoast_head":"<!-- This site is optimized with the Yoast SEO plugin v27.4 - https:\/\/yoast.com\/product\/yoast-seo-wordpress\/ -->\n<title>HNK Mostar raspisuje Natje\u010daj za najbolji neobjavljeni dramski tekst mladih autora - RADIO LJUBU\u0160KI<\/title>\n<meta name=\"robots\" content=\"index, follow, max-snippet:-1, max-image-preview:large, max-video-preview:-1\" \/>\n<link rel=\"canonical\" href=\"https:\/\/radioljubuski.ba\/index.php\/2022\/04\/19\/hnk-mostar-raspisuje-natjecaj-za-najbolji-neobjavljeni-dramski-tekst-mladih-autora\/\" \/>\n<meta property=\"og:locale\" content=\"hr_HR\" \/>\n<meta property=\"og:type\" content=\"article\" \/>\n<meta property=\"og:title\" content=\"HNK Mostar raspisuje Natje\u010daj za najbolji neobjavljeni dramski tekst mladih autora - RADIO LJUBU\u0160KI\" \/>\n<meta property=\"og:description\" content=\"Hrvatsko narodno kazali\u0161te u Mostaru, u suradnji sa Sredi\u0161njim dr\u017eavnim uredom za Hrvate izvan Republike Hrvatske, po drugi put raspisuje Natje\u010daj za najbolji neobjavljeni dramski tekst na hrvatskom jeziku za mlade autore do 35 godina. Cilj je Natje\u010daja unaprje\u0111enje hrvatske suvremene drame, pove\u0107anje mogu\u0107nosti profesionalnoga anga\u017emana mladih autora, ja\u010danje hrvatskoga zajedni\u0161tva te o\u010duvanje hrvatskog jezika, [&hellip;]\" \/>\n<meta property=\"og:url\" content=\"https:\/\/radioljubuski.ba\/index.php\/2022\/04\/19\/hnk-mostar-raspisuje-natjecaj-za-najbolji-neobjavljeni-dramski-tekst-mladih-autora\/\" \/>\n<meta property=\"og:site_name\" content=\"RADIO LJUBU\u0160KI\" \/>\n<meta property=\"article:publisher\" content=\"https:\/\/www.facebook.com\/Radiio-Ljubuski-1490835324566332\" \/>\n<meta property=\"article:published_time\" content=\"2022-04-19T13:16:32+00:00\" \/>\n<meta property=\"article:modified_time\" content=\"2022-04-19T13:16:33+00:00\" \/>\n<meta property=\"og:image\" content=\"https:\/\/radioljubuski.ba\/wp-content\/uploads\/2022\/04\/8-2022-04-19-12-49-22-hnk-mostar-procelje-um-2.jpg\" \/>\n\t<meta property=\"og:image:width\" content=\"1000\" \/>\n\t<meta property=\"og:image:height\" content=\"625\" \/>\n\t<meta property=\"og:image:type\" content=\"image\/jpeg\" \/>\n<meta name=\"author\" content=\"Radio Ljubu\u0161ki\" \/>\n<meta name=\"twitter:card\" content=\"summary_large_image\" \/>\n<meta name=\"twitter:creator\" content=\"@radioljubuski\" \/>\n<meta name=\"twitter:site\" content=\"@radioljubuski\" \/>\n<meta name=\"twitter:label1\" content=\"Napisao\/la\" \/>\n\t<meta name=\"twitter:data1\" content=\"Radio Ljubu\u0161ki\" \/>\n\t<meta name=\"twitter:label2\" content=\"Procijenjeno vrijeme \u010ditanja\" \/>\n\t<meta name=\"twitter:data2\" content=\"2 minute\" \/>\n<script type=\"application\/ld+json\" class=\"yoast-schema-graph\">{\"@context\":\"https:\\\/\\\/schema.org\",\"@graph\":[{\"@type\":\"Article\",\"@id\":\"https:\\\/\\\/radioljubuski.ba\\\/index.php\\\/2022\\\/04\\\/19\\\/hnk-mostar-raspisuje-natjecaj-za-najbolji-neobjavljeni-dramski-tekst-mladih-autora\\\/#article\",\"isPartOf\":{\"@id\":\"https:\\\/\\\/radioljubuski.ba\\\/index.php\\\/2022\\\/04\\\/19\\\/hnk-mostar-raspisuje-natjecaj-za-najbolji-neobjavljeni-dramski-tekst-mladih-autora\\\/\"},\"author\":{\"name\":\"Radio Ljubu\u0161ki\",\"@id\":\"https:\\\/\\\/radioljubuski.ba\\\/#\\\/schema\\\/person\\\/19fc700381a780f69665d7956c469e3b\"},\"headline\":\"HNK Mostar raspisuje Natje\u010daj za najbolji neobjavljeni dramski tekst mladih autora\",\"datePublished\":\"2022-04-19T13:16:32+00:00\",\"dateModified\":\"2022-04-19T13:16:33+00:00\",\"mainEntityOfPage\":{\"@id\":\"https:\\\/\\\/radioljubuski.ba\\\/index.php\\\/2022\\\/04\\\/19\\\/hnk-mostar-raspisuje-natjecaj-za-najbolji-neobjavljeni-dramski-tekst-mladih-autora\\\/\"},\"wordCount\":318,\"publisher\":{\"@id\":\"https:\\\/\\\/radioljubuski.ba\\\/#organization\"},\"image\":{\"@id\":\"https:\\\/\\\/radioljubuski.ba\\\/index.php\\\/2022\\\/04\\\/19\\\/hnk-mostar-raspisuje-natjecaj-za-najbolji-neobjavljeni-dramski-tekst-mladih-autora\\\/#primaryimage\"},\"thumbnailUrl\":\"https:\\\/\\\/radioljubuski.ba\\\/wp-content\\\/uploads\\\/2022\\\/04\\\/8-2022-04-19-12-49-22-hnk-mostar-procelje-um-2.jpg\",\"articleSection\":[\"BIH i regija\"],\"inLanguage\":\"hr\"},{\"@type\":\"WebPage\",\"@id\":\"https:\\\/\\\/radioljubuski.ba\\\/index.php\\\/2022\\\/04\\\/19\\\/hnk-mostar-raspisuje-natjecaj-za-najbolji-neobjavljeni-dramski-tekst-mladih-autora\\\/\",\"url\":\"https:\\\/\\\/radioljubuski.ba\\\/index.php\\\/2022\\\/04\\\/19\\\/hnk-mostar-raspisuje-natjecaj-za-najbolji-neobjavljeni-dramski-tekst-mladih-autora\\\/\",\"name\":\"HNK Mostar raspisuje Natje\u010daj za najbolji neobjavljeni dramski tekst mladih autora - RADIO LJUBU\u0160KI\",\"isPartOf\":{\"@id\":\"https:\\\/\\\/radioljubuski.ba\\\/#website\"},\"primaryImageOfPage\":{\"@id\":\"https:\\\/\\\/radioljubuski.ba\\\/index.php\\\/2022\\\/04\\\/19\\\/hnk-mostar-raspisuje-natjecaj-za-najbolji-neobjavljeni-dramski-tekst-mladih-autora\\\/#primaryimage\"},\"image\":{\"@id\":\"https:\\\/\\\/radioljubuski.ba\\\/index.php\\\/2022\\\/04\\\/19\\\/hnk-mostar-raspisuje-natjecaj-za-najbolji-neobjavljeni-dramski-tekst-mladih-autora\\\/#primaryimage\"},\"thumbnailUrl\":\"https:\\\/\\\/radioljubuski.ba\\\/wp-content\\\/uploads\\\/2022\\\/04\\\/8-2022-04-19-12-49-22-hnk-mostar-procelje-um-2.jpg\",\"datePublished\":\"2022-04-19T13:16:32+00:00\",\"dateModified\":\"2022-04-19T13:16:33+00:00\",\"breadcrumb\":{\"@id\":\"https:\\\/\\\/radioljubuski.ba\\\/index.php\\\/2022\\\/04\\\/19\\\/hnk-mostar-raspisuje-natjecaj-za-najbolji-neobjavljeni-dramski-tekst-mladih-autora\\\/#breadcrumb\"},\"inLanguage\":\"hr\",\"potentialAction\":[{\"@type\":\"ReadAction\",\"target\":[\"https:\\\/\\\/radioljubuski.ba\\\/index.php\\\/2022\\\/04\\\/19\\\/hnk-mostar-raspisuje-natjecaj-za-najbolji-neobjavljeni-dramski-tekst-mladih-autora\\\/\"]}]},{\"@type\":\"ImageObject\",\"inLanguage\":\"hr\",\"@id\":\"https:\\\/\\\/radioljubuski.ba\\\/index.php\\\/2022\\\/04\\\/19\\\/hnk-mostar-raspisuje-natjecaj-za-najbolji-neobjavljeni-dramski-tekst-mladih-autora\\\/#primaryimage\",\"url\":\"https:\\\/\\\/radioljubuski.ba\\\/wp-content\\\/uploads\\\/2022\\\/04\\\/8-2022-04-19-12-49-22-hnk-mostar-procelje-um-2.jpg\",\"contentUrl\":\"https:\\\/\\\/radioljubuski.ba\\\/wp-content\\\/uploads\\\/2022\\\/04\\\/8-2022-04-19-12-49-22-hnk-mostar-procelje-um-2.jpg\",\"width\":1000,\"height\":625},{\"@type\":\"BreadcrumbList\",\"@id\":\"https:\\\/\\\/radioljubuski.ba\\\/index.php\\\/2022\\\/04\\\/19\\\/hnk-mostar-raspisuje-natjecaj-za-najbolji-neobjavljeni-dramski-tekst-mladih-autora\\\/#breadcrumb\",\"itemListElement\":[{\"@type\":\"ListItem\",\"position\":1,\"name\":\"Po\u010detna stranica\",\"item\":\"https:\\\/\\\/radioljubuski.ba\\\/\"},{\"@type\":\"ListItem\",\"position\":2,\"name\":\"HNK Mostar raspisuje Natje\u010daj za najbolji neobjavljeni dramski tekst mladih autora\"}]},{\"@type\":\"WebSite\",\"@id\":\"https:\\\/\\\/radioljubuski.ba\\\/#website\",\"url\":\"https:\\\/\\\/radioljubuski.ba\\\/\",\"name\":\"Radio Ljubu\u0161ki\",\"description\":\"Sun\u010dana frekvencija Hercegovine\",\"publisher\":{\"@id\":\"https:\\\/\\\/radioljubuski.ba\\\/#organization\"},\"potentialAction\":[{\"@type\":\"SearchAction\",\"target\":{\"@type\":\"EntryPoint\",\"urlTemplate\":\"https:\\\/\\\/radioljubuski.ba\\\/?s={search_term_string}\"},\"query-input\":{\"@type\":\"PropertyValueSpecification\",\"valueRequired\":true,\"valueName\":\"search_term_string\"}}],\"inLanguage\":\"hr\"},{\"@type\":\"Organization\",\"@id\":\"https:\\\/\\\/radioljubuski.ba\\\/#organization\",\"name\":\"Radio Ljubu\u0161ki\",\"url\":\"https:\\\/\\\/radioljubuski.ba\\\/\",\"logo\":{\"@type\":\"ImageObject\",\"inLanguage\":\"hr\",\"@id\":\"https:\\\/\\\/radioljubuski.ba\\\/#\\\/schema\\\/logo\\\/image\\\/\",\"url\":\"https:\\\/\\\/radioljubuski.ba\\\/wp-content\\\/uploads\\\/2021\\\/02\\\/cropped-Radio_Ljubuski_logo1.jpg\",\"contentUrl\":\"https:\\\/\\\/radioljubuski.ba\\\/wp-content\\\/uploads\\\/2021\\\/02\\\/cropped-Radio_Ljubuski_logo1.jpg\",\"width\":512,\"height\":512,\"caption\":\"Radio Ljubu\u0161ki\"},\"image\":{\"@id\":\"https:\\\/\\\/radioljubuski.ba\\\/#\\\/schema\\\/logo\\\/image\\\/\"},\"sameAs\":[\"https:\\\/\\\/www.facebook.com\\\/Radiio-Ljubuski-1490835324566332\",\"https:\\\/\\\/x.com\\\/radioljubuski\",\"https:\\\/\\\/hr.linkedin.com\\\/company\\\/radio-ljubuski\",\"https:\\\/\\\/www.youtube.com\\\/channel\\\/UCHYaeO_n0Db3tjNGudGpXyw\"]},{\"@type\":\"Person\",\"@id\":\"https:\\\/\\\/radioljubuski.ba\\\/#\\\/schema\\\/person\\\/19fc700381a780f69665d7956c469e3b\",\"name\":\"Radio Ljubu\u0161ki\"}]}<\/script>\n<!-- \/ Yoast SEO plugin. -->","yoast_head_json":{"title":"HNK Mostar raspisuje Natje\u010daj za najbolji neobjavljeni dramski tekst mladih autora - RADIO LJUBU\u0160KI","robots":{"index":"index","follow":"follow","max-snippet":"max-snippet:-1","max-image-preview":"max-image-preview:large","max-video-preview":"max-video-preview:-1"},"canonical":"https:\/\/radioljubuski.ba\/index.php\/2022\/04\/19\/hnk-mostar-raspisuje-natjecaj-za-najbolji-neobjavljeni-dramski-tekst-mladih-autora\/","og_locale":"hr_HR","og_type":"article","og_title":"HNK Mostar raspisuje Natje\u010daj za najbolji neobjavljeni dramski tekst mladih autora - RADIO LJUBU\u0160KI","og_description":"Hrvatsko narodno kazali\u0161te u Mostaru, u suradnji sa Sredi\u0161njim dr\u017eavnim uredom za Hrvate izvan Republike Hrvatske, po drugi put raspisuje Natje\u010daj za najbolji neobjavljeni dramski tekst na hrvatskom jeziku za mlade autore do 35 godina. Cilj je Natje\u010daja unaprje\u0111enje hrvatske suvremene drame, pove\u0107anje mogu\u0107nosti profesionalnoga anga\u017emana mladih autora, ja\u010danje hrvatskoga zajedni\u0161tva te o\u010duvanje hrvatskog jezika, [&hellip;]","og_url":"https:\/\/radioljubuski.ba\/index.php\/2022\/04\/19\/hnk-mostar-raspisuje-natjecaj-za-najbolji-neobjavljeni-dramski-tekst-mladih-autora\/","og_site_name":"RADIO LJUBU\u0160KI","article_publisher":"https:\/\/www.facebook.com\/Radiio-Ljubuski-1490835324566332","article_published_time":"2022-04-19T13:16:32+00:00","article_modified_time":"2022-04-19T13:16:33+00:00","og_image":[{"width":1000,"height":625,"url":"https:\/\/radioljubuski.ba\/wp-content\/uploads\/2022\/04\/8-2022-04-19-12-49-22-hnk-mostar-procelje-um-2.jpg","type":"image\/jpeg"}],"author":"Radio Ljubu\u0161ki","twitter_card":"summary_large_image","twitter_creator":"@radioljubuski","twitter_site":"@radioljubuski","twitter_misc":{"Napisao\/la":"Radio Ljubu\u0161ki","Procijenjeno vrijeme \u010ditanja":"2 minute"},"schema":{"@context":"https:\/\/schema.org","@graph":[{"@type":"Article","@id":"https:\/\/radioljubuski.ba\/index.php\/2022\/04\/19\/hnk-mostar-raspisuje-natjecaj-za-najbolji-neobjavljeni-dramski-tekst-mladih-autora\/#article","isPartOf":{"@id":"https:\/\/radioljubuski.ba\/index.php\/2022\/04\/19\/hnk-mostar-raspisuje-natjecaj-za-najbolji-neobjavljeni-dramski-tekst-mladih-autora\/"},"author":{"name":"Radio Ljubu\u0161ki","@id":"https:\/\/radioljubuski.ba\/#\/schema\/person\/19fc700381a780f69665d7956c469e3b"},"headline":"HNK Mostar raspisuje Natje\u010daj za najbolji neobjavljeni dramski tekst mladih autora","datePublished":"2022-04-19T13:16:32+00:00","dateModified":"2022-04-19T13:16:33+00:00","mainEntityOfPage":{"@id":"https:\/\/radioljubuski.ba\/index.php\/2022\/04\/19\/hnk-mostar-raspisuje-natjecaj-za-najbolji-neobjavljeni-dramski-tekst-mladih-autora\/"},"wordCount":318,"publisher":{"@id":"https:\/\/radioljubuski.ba\/#organization"},"image":{"@id":"https:\/\/radioljubuski.ba\/index.php\/2022\/04\/19\/hnk-mostar-raspisuje-natjecaj-za-najbolji-neobjavljeni-dramski-tekst-mladih-autora\/#primaryimage"},"thumbnailUrl":"https:\/\/radioljubuski.ba\/wp-content\/uploads\/2022\/04\/8-2022-04-19-12-49-22-hnk-mostar-procelje-um-2.jpg","articleSection":["BIH i regija"],"inLanguage":"hr"},{"@type":"WebPage","@id":"https:\/\/radioljubuski.ba\/index.php\/2022\/04\/19\/hnk-mostar-raspisuje-natjecaj-za-najbolji-neobjavljeni-dramski-tekst-mladih-autora\/","url":"https:\/\/radioljubuski.ba\/index.php\/2022\/04\/19\/hnk-mostar-raspisuje-natjecaj-za-najbolji-neobjavljeni-dramski-tekst-mladih-autora\/","name":"HNK Mostar raspisuje Natje\u010daj za najbolji neobjavljeni dramski tekst mladih autora - RADIO LJUBU\u0160KI","isPartOf":{"@id":"https:\/\/radioljubuski.ba\/#website"},"primaryImageOfPage":{"@id":"https:\/\/radioljubuski.ba\/index.php\/2022\/04\/19\/hnk-mostar-raspisuje-natjecaj-za-najbolji-neobjavljeni-dramski-tekst-mladih-autora\/#primaryimage"},"image":{"@id":"https:\/\/radioljubuski.ba\/index.php\/2022\/04\/19\/hnk-mostar-raspisuje-natjecaj-za-najbolji-neobjavljeni-dramski-tekst-mladih-autora\/#primaryimage"},"thumbnailUrl":"https:\/\/radioljubuski.ba\/wp-content\/uploads\/2022\/04\/8-2022-04-19-12-49-22-hnk-mostar-procelje-um-2.jpg","datePublished":"2022-04-19T13:16:32+00:00","dateModified":"2022-04-19T13:16:33+00:00","breadcrumb":{"@id":"https:\/\/radioljubuski.ba\/index.php\/2022\/04\/19\/hnk-mostar-raspisuje-natjecaj-za-najbolji-neobjavljeni-dramski-tekst-mladih-autora\/#breadcrumb"},"inLanguage":"hr","potentialAction":[{"@type":"ReadAction","target":["https:\/\/radioljubuski.ba\/index.php\/2022\/04\/19\/hnk-mostar-raspisuje-natjecaj-za-najbolji-neobjavljeni-dramski-tekst-mladih-autora\/"]}]},{"@type":"ImageObject","inLanguage":"hr","@id":"https:\/\/radioljubuski.ba\/index.php\/2022\/04\/19\/hnk-mostar-raspisuje-natjecaj-za-najbolji-neobjavljeni-dramski-tekst-mladih-autora\/#primaryimage","url":"https:\/\/radioljubuski.ba\/wp-content\/uploads\/2022\/04\/8-2022-04-19-12-49-22-hnk-mostar-procelje-um-2.jpg","contentUrl":"https:\/\/radioljubuski.ba\/wp-content\/uploads\/2022\/04\/8-2022-04-19-12-49-22-hnk-mostar-procelje-um-2.jpg","width":1000,"height":625},{"@type":"BreadcrumbList","@id":"https:\/\/radioljubuski.ba\/index.php\/2022\/04\/19\/hnk-mostar-raspisuje-natjecaj-za-najbolji-neobjavljeni-dramski-tekst-mladih-autora\/#breadcrumb","itemListElement":[{"@type":"ListItem","position":1,"name":"Po\u010detna stranica","item":"https:\/\/radioljubuski.ba\/"},{"@type":"ListItem","position":2,"name":"HNK Mostar raspisuje Natje\u010daj za najbolji neobjavljeni dramski tekst mladih autora"}]},{"@type":"WebSite","@id":"https:\/\/radioljubuski.ba\/#website","url":"https:\/\/radioljubuski.ba\/","name":"Radio Ljubu\u0161ki","description":"Sun\u010dana frekvencija Hercegovine","publisher":{"@id":"https:\/\/radioljubuski.ba\/#organization"},"potentialAction":[{"@type":"SearchAction","target":{"@type":"EntryPoint","urlTemplate":"https:\/\/radioljubuski.ba\/?s={search_term_string}"},"query-input":{"@type":"PropertyValueSpecification","valueRequired":true,"valueName":"search_term_string"}}],"inLanguage":"hr"},{"@type":"Organization","@id":"https:\/\/radioljubuski.ba\/#organization","name":"Radio Ljubu\u0161ki","url":"https:\/\/radioljubuski.ba\/","logo":{"@type":"ImageObject","inLanguage":"hr","@id":"https:\/\/radioljubuski.ba\/#\/schema\/logo\/image\/","url":"https:\/\/radioljubuski.ba\/wp-content\/uploads\/2021\/02\/cropped-Radio_Ljubuski_logo1.jpg","contentUrl":"https:\/\/radioljubuski.ba\/wp-content\/uploads\/2021\/02\/cropped-Radio_Ljubuski_logo1.jpg","width":512,"height":512,"caption":"Radio Ljubu\u0161ki"},"image":{"@id":"https:\/\/radioljubuski.ba\/#\/schema\/logo\/image\/"},"sameAs":["https:\/\/www.facebook.com\/Radiio-Ljubuski-1490835324566332","https:\/\/x.com\/radioljubuski","https:\/\/hr.linkedin.com\/company\/radio-ljubuski","https:\/\/www.youtube.com\/channel\/UCHYaeO_n0Db3tjNGudGpXyw"]},{"@type":"Person","@id":"https:\/\/radioljubuski.ba\/#\/schema\/person\/19fc700381a780f69665d7956c469e3b","name":"Radio Ljubu\u0161ki"}]}},"_links":{"self":[{"href":"https:\/\/radioljubuski.ba\/index.php\/wp-json\/wp\/v2\/posts\/134151","targetHints":{"allow":["GET"]}}],"collection":[{"href":"https:\/\/radioljubuski.ba\/index.php\/wp-json\/wp\/v2\/posts"}],"about":[{"href":"https:\/\/radioljubuski.ba\/index.php\/wp-json\/wp\/v2\/types\/post"}],"author":[{"embeddable":true,"href":"https:\/\/radioljubuski.ba\/index.php\/wp-json\/wp\/v2\/users\/2"}],"replies":[{"embeddable":true,"href":"https:\/\/radioljubuski.ba\/index.php\/wp-json\/wp\/v2\/comments?post=134151"}],"version-history":[{"count":1,"href":"https:\/\/radioljubuski.ba\/index.php\/wp-json\/wp\/v2\/posts\/134151\/revisions"}],"predecessor-version":[{"id":134153,"href":"https:\/\/radioljubuski.ba\/index.php\/wp-json\/wp\/v2\/posts\/134151\/revisions\/134153"}],"wp:featuredmedia":[{"embeddable":true,"href":"https:\/\/radioljubuski.ba\/index.php\/wp-json\/wp\/v2\/media\/134152"}],"wp:attachment":[{"href":"https:\/\/radioljubuski.ba\/index.php\/wp-json\/wp\/v2\/media?parent=134151"}],"wp:term":[{"taxonomy":"category","embeddable":true,"href":"https:\/\/radioljubuski.ba\/index.php\/wp-json\/wp\/v2\/categories?post=134151"},{"taxonomy":"post_tag","embeddable":true,"href":"https:\/\/radioljubuski.ba\/index.php\/wp-json\/wp\/v2\/tags?post=134151"}],"curies":[{"name":"wp","href":"https:\/\/api.w.org\/{rel}","templated":true}]}}